{"id":30875,"date":"2018-04-20T13:55:40","date_gmt":"2018-04-20T13:55:40","guid":{"rendered":"https:\/\/dev.explora.cl\/2018\/04\/20\/la-ciencia-en-sus-primeros-pasos\/"},"modified":"2019-05-09T20:44:50","modified_gmt":"2019-05-09T20:44:50","slug":"la-ciencia-en-sus-primeros-pasos","status":"publish","type":"post","link":"https:\/\/dev.explora.cl\/aricayparinacota\/la-ciencia-en-sus-primeros-pasos\/","title":{"rendered":"La ciencia en sus primeros pasos"},"content":{"rendered":"<p><i><span style=\"font-size: 12pt;line-height: 18.4px;font-family: Arial, sans-serif, serif, EmojiFont\">Los interesados pueden presentar sus postulaciones hasta el 04 de mayo.<\/span><\/i><\/p>\n<p class=\"m_3015663081488081991x_x_gmail-m_-3734797763877388242x_MsoNormal\" style=\"margin-top: 0px;margin-bottom: 0px;color: #212121;font-family: wf_segoe-ui_normal, 'Segoe UI', 'Segoe WP', Tahoma, Arial, sans-serif, serif, EmojiFont;font-size: 15px;font-style: normal;font-weight: 400;letter-spacing: normal;text-indent: 0px;background-color: #ffffff;text-align: justify\"><i><span style=\"font-size: 12pt;line-height: 18.4px;font-family: Arial, sans-serif, serif, EmojiFont\"><\/span><\/i><\/p>\n<p class=\"m_3015663081488081991x_x_gmail-m_-3734797763877388242x_MsoNormal\" style=\"margin-top: 0px;margin-bottom: 0px;color: #212121;font-family: wf_segoe-ui_normal, 'Segoe UI', 'Segoe WP', Tahoma, Arial, sans-serif, serif, EmojiFont;font-size: 15px;font-style: normal;font-weight: 400;letter-spacing: normal;text-indent: 0px;background-color: #ffffff;text-align: justify\"><span style=\"font-size: 12pt;line-height: 18.4px;font-family: Arial, sans-serif, serif, EmojiFont\">Un completo kit de materiales con 30 actividades, una carpeta metodol\u00f3gica, m\u00e1s 21 horas de capacitaci\u00f3n en el modelo de competencias cient\u00edficas, es parte de lo que recibir\u00e1n los<\/span>&nbsp;<span style=\"font-size: 12pt;line-height: 18.4px;font-family: Arial, sans-serif, serif, EmojiFont\">educadores y\/o t\u00e9cnicos de p\u00e1rvulos, pertenecientes a las cuatro comunas de la regi\u00f3n de Arica y Parinacota, que sean seleccionados en \u201cTus competencias en Ciencias 2018\u201d, iniciativa del Proyecto Explora de Conicyt, ejecutado por la Universidad de Tarapac\u00e1.<\/span><\/p>\n<p class=\"m_3015663081488081991x_x_gmail-m_-3734797763877388242x_MsoNormal\" style=\"margin-top: 0px;margin-bottom: 0px;color: #212121;font-family: wf_segoe-ui_normal, 'Segoe UI', 'Segoe WP', Tahoma, Arial, sans-serif, serif, EmojiFont;font-size: 15px;font-style: normal;font-weight: 400;letter-spacing: normal;text-indent: 0px;background-color: #ffffff;text-align: justify\"><span style=\"font-size: 12pt;line-height: 18.4px;font-family: Arial, sans-serif, serif, EmojiFont\"><\/span><\/p>\n<p class=\"m_3015663081488081991x_x_gmail-m_-3734797763877388242x_MsoNormal\" style=\"margin-top: 0px;margin-bottom: 0px;color: #212121;font-family: wf_segoe-ui_normal, 'Segoe UI', 'Segoe WP', Tahoma, Arial, sans-serif, serif, EmojiFont;font-size: 15px;font-style: normal;font-weight: 400;letter-spacing: normal;text-indent: 0px;background-color: #ffffff;text-align: justify\"><span style=\"font-size: 12pt;line-height: 18.4px;font-family: Arial, sans-serif, serif, EmojiFont\">Esta propuesta, que contempla un seguimiento durante toda su implementaci\u00f3n,&nbsp;<\/span><span style=\"font-size: 12pt;line-height: 18.4px;font-family: Arial, sans-serif, serif, EmojiFont\">busca promover la valoraci\u00f3n de la ciencia y la tecnolog\u00eda en ni\u00f1os en edad pre escolar, para desarrollar competencias de cara a enfrentar los desaf\u00edos del siglo XXI. Los seleccionados recibir\u00e1n capacitaci\u00f3n en experiencias cient\u00edficas para ser replicadas en aulas, basadas en un modelo de competencias que tiene como prop\u00f3sito ofrecer un espacio para que los ni\u00f1os desarrollen desde el comienzo de su vida escolar, habilidades, conocimientos y actitudes cient\u00edficas.&nbsp;<\/span><\/p>\n<p class=\"m_3015663081488081991x_x_gmail-m_-3734797763877388242x_MsoNormal\" style=\"margin-top: 0px;margin-bottom: 0px;color: #212121;font-family: wf_segoe-ui_normal, 'Segoe UI', 'Segoe WP', Tahoma, Arial, sans-serif, serif, EmojiFont;font-size: 15px;font-style: normal;font-weight: 400;letter-spacing: normal;text-indent: 0px;background-color: #ffffff;text-align: justify\"><span style=\"font-size: 12pt;line-height: 18.4px;font-family: Arial, sans-serif, serif, EmojiFont\"><\/span><\/p>\n<p class=\"m_3015663081488081991x_x_gmail-m_-3734797763877388242x_MsoNormal\" style=\"margin-top: 0px;margin-bottom: 0px;color: #212121;font-family: wf_segoe-ui_normal, 'Segoe UI', 'Segoe WP', Tahoma, Arial, sans-serif, serif, EmojiFont;font-size: 15px;font-style: normal;font-weight: 400;letter-spacing: normal;text-indent: 0px;background-color: #ffffff;text-align: justify\"><span style=\"font-size: 12pt;line-height: 18.4px;font-family: Arial, sans-serif, serif, EmojiFont\">Para inscribirse, hay que entrar en la p\u00e1gina:&nbsp;<a href=\"agenda\/5331-taller-de-tus-competencias-en-ciencias\" target=\"_blank\" rel=\"noopener noreferrer\" id=\"m_3015663081488081991LPlnk863575\" style=\"color: #1155cc\">https:\/\/dev.explora.cl\/agenda\/5331-taller-de-tus-competencias-en-ciencias<\/a>, enviar el formulario de postulaci\u00f3n, carta de compromiso y copia legalizada de t\u00edtulo profesional a la siguiente direcci\u00f3n de correo:&nbsp;<a href=\"mailto:tccexploraricaparinacota@gmail.com\" target=\"_blank\" rel=\"noopener noreferrer\" id=\"m_3015663081488081991LPlnk483137\" style=\"color: #1155cc\">tccexploraricaparinacota@gmail.com<\/a>, o bien en un sobre cerrado debidamente rotulado, se\u00f1alando en su exterior la siguiente direcci\u00f3n: Concurso \u201cTus Competencias en Ciencias 2018, Educaci\u00f3n Parvularia\u201d, Proyecto Asociativo Regional (PAR) Explora de CONICYT Arica y Parinacota, Universidad de Tarapac\u00e1, Avenida 18 de Septiembre N\u00ba 2222, Arica.&nbsp;&nbsp;&nbsp;<\/span><\/p>\n<div class=\"yj6qo\" style=\"color: #212121;font-family: wf_segoe-ui_normal, 'Segoe UI', 'Segoe WP', Tahoma, Arial, sans-serif, serif, EmojiFont;font-size: 15px;font-style: normal;font-weight: 400;letter-spacing: normal;text-align: start;text-indent: 0px;background-color: #ffffff\">&nbsp;<\/div>\n<div><img loading=\"lazy\" decoding=\"async\" class=\" size-full wp-image-30874\" src=\"https:\/\/dev.explora.cl\/aricayparinacota\/wp-content\/uploads\/sites\/2\/2018\/04\/Collage_Nota_Creciendo_Ciencia.jpg\" alt=\"Collage Nota Creciendo Ciencia\" width=\"900\" height=\"400\" srcset=\"https:\/\/dev.explora.cl\/aricayparinacota\/wp-content\/uploads\/sites\/2\/2018\/04\/Collage_Nota_Creciendo_Ciencia.jpg 900w, https:\/\/dev.explora.cl\/aricayparinacota\/wp-content\/uploads\/sites\/2\/2018\/04\/Collage_Nota_Creciendo_Ciencia-300x133.jpg 300w, https:\/\/dev.explora.cl\/aricayparinacota\/wp-content\/uploads\/sites\/2\/2018\/04\/Collage_Nota_Creciendo_Ciencia-768x341.jpg 768w\" sizes=\"auto, (max-width: 900px) 100vw, 900px\" \/><\/div>\n","protected":false},"excerpt":{"rendered":"<p>Los interesados pueden presentar sus postulaciones hasta el 04 de mayo. Un completo kit de materiales con 30 actividades, una carpeta metodol\u00f3gica, m\u00e1s 21 horas de capacitaci\u00f3n en el modelo de competencias cient\u00edficas, es parte de lo que recibir\u00e1n los&nbsp;educadores y\/o t\u00e9cnicos de p\u00e1rvulos, pertenecientes a las cuatro comunas de la regi\u00f3n de Arica y [&hellip;]<\/p>\n","protected":false},"author":2,"featured_media":30873,"comment_status":"closed","ping_status":"open","sticky":false,"template":"","format":"standard","meta":{"_acf_changed":false,"_exactmetrics_skip_tracking":false,"_exactmetrics_sitenote_active":false,"_exactmetrics_sitenote_note":"","_exactmetrics_sitenote_category":0,"footnotes":"","_links_to":"","_links_to_target":""},"categories":[4],"tags":[],"class_list":["post-30875","post","type-post","status-publish","format-standard","has-post-thumbnail","hentry","category-noticias"],"acf":[],"yoast_head":"<!-- This site is optimized with the Yoast SEO plugin v26.7 - https:\/\/yoast.com\/wordpress\/plugins\/seo\/ -->\n<title>La ciencia en sus primeros pasos - Arica y Parinacota<\/title>\n<meta name=\"robots\" content=\"index, follow, max-snippet:-1, max-image-preview:large, max-video-preview:-1\" \/>\n<link rel=\"canonical\" href=\"https:\/\/dev.explora.cl\/aricayparinacota\/la-ciencia-en-sus-primeros-pasos\/\" class=\"yoast-seo-meta-tag\" \/>\n<meta property=\"og:locale\" content=\"es_ES\" class=\"yoast-seo-meta-tag\" \/>\n<meta property=\"og:type\" content=\"article\" class=\"yoast-seo-meta-tag\" \/>\n<meta property=\"og:title\" content=\"La ciencia en sus primeros pasos - Arica y Parinacota\" class=\"yoast-seo-meta-tag\" \/>\n<meta property=\"og:description\" content=\"Los interesados pueden presentar sus postulaciones hasta el 04 de mayo. Un completo kit de materiales con 30 actividades, una carpeta metodol\u00f3gica, m\u00e1s 21 horas de capacitaci\u00f3n en el modelo de competencias cient\u00edficas, es parte de lo que recibir\u00e1n los&nbsp;educadores y\/o t\u00e9cnicos de p\u00e1rvulos, pertenecientes a las cuatro comunas de la regi\u00f3n de Arica y [&hellip;]\" class=\"yoast-seo-meta-tag\" \/>\n<meta property=\"og:url\" content=\"https:\/\/dev.explora.cl\/aricayparinacota\/la-ciencia-en-sus-primeros-pasos\/\" class=\"yoast-seo-meta-tag\" \/>\n<meta property=\"og:site_name\" content=\"Arica y Parinacota\" class=\"yoast-seo-meta-tag\" \/>\n<meta property=\"article:published_time\" content=\"2018-04-20T13:55:40+00:00\" class=\"yoast-seo-meta-tag\" \/>\n<meta property=\"article:modified_time\" content=\"2019-05-09T20:44:50+00:00\" class=\"yoast-seo-meta-tag\" \/>\n<meta property=\"og:image\" content=\"https:\/\/dev.explora.cl\/aricayparinacota\/wp-content\/uploads\/sites\/2\/2018\/04\/Miniatura_Nota_Creciendo_Ciencia.jpg\" class=\"yoast-seo-meta-tag\" \/>\n\t<meta property=\"og:image:width\" content=\"223\" class=\"yoast-seo-meta-tag\" \/>\n\t<meta property=\"og:image:height\" content=\"147\" class=\"yoast-seo-meta-tag\" \/>\n\t<meta property=\"og:image:type\" content=\"image\/jpeg\" class=\"yoast-seo-meta-tag\" \/>\n<meta name=\"author\" content=\"webman\" class=\"yoast-seo-meta-tag\" \/>\n<meta name=\"twitter:card\" content=\"summary_large_image\" class=\"yoast-seo-meta-tag\" \/>\n<meta name=\"twitter:label1\" content=\"Escrito por\" class=\"yoast-seo-meta-tag\" \/>\n\t<meta name=\"twitter:data1\" content=\"webman\" class=\"yoast-seo-meta-tag\" \/>\n\t<meta name=\"twitter:label2\" content=\"Tiempo estimado de lectura\" class=\"yoast-seo-meta-tag\" \/>\n\t<meta name=\"twitter:data2\" content=\"1 minuto\" class=\"yoast-seo-meta-tag\" \/>\n<script type=\"application\/ld+json\" class=\"yoast-schema-graph\">{\"@context\":\"https:\/\/schema.org\",\"@graph\":[{\"@type\":\"Article\",\"@id\":\"https:\/\/dev.explora.cl\/aricayparinacota\/la-ciencia-en-sus-primeros-pasos\/#article\",\"isPartOf\":{\"@id\":\"https:\/\/dev.explora.cl\/aricayparinacota\/la-ciencia-en-sus-primeros-pasos\/\"},\"author\":{\"name\":\"webman\",\"@id\":\"https:\/\/dev.explora.cl\/aricayparinacota\/#\/schema\/person\/cb8349c13ea2d324080adf8480d7ba5d\"},\"headline\":\"La ciencia en sus primeros pasos\",\"datePublished\":\"2018-04-20T13:55:40+00:00\",\"dateModified\":\"2019-05-09T20:44:50+00:00\",\"mainEntityOfPage\":{\"@id\":\"https:\/\/dev.explora.cl\/aricayparinacota\/la-ciencia-en-sus-primeros-pasos\/\"},\"wordCount\":273,\"publisher\":{\"@id\":\"https:\/\/dev.explora.cl\/aricayparinacota\/#organization\"},\"image\":{\"@id\":\"https:\/\/dev.explora.cl\/aricayparinacota\/la-ciencia-en-sus-primeros-pasos\/#primaryimage\"},\"thumbnailUrl\":\"https:\/\/dev.explora.cl\/aricayparinacota\/wp-content\/uploads\/sites\/2\/2018\/04\/Miniatura_Nota_Creciendo_Ciencia.jpg\",\"articleSection\":[\"Noticias\"],\"inLanguage\":\"es-CL\"},{\"@type\":\"WebPage\",\"@id\":\"https:\/\/dev.explora.cl\/aricayparinacota\/la-ciencia-en-sus-primeros-pasos\/\",\"url\":\"https:\/\/dev.explora.cl\/aricayparinacota\/la-ciencia-en-sus-primeros-pasos\/\",\"name\":\"La ciencia en sus primeros pasos - Arica y Parinacota\",\"isPartOf\":{\"@id\":\"https:\/\/dev.explora.cl\/aricayparinacota\/#website\"},\"primaryImageOfPage\":{\"@id\":\"https:\/\/dev.explora.cl\/aricayparinacota\/la-ciencia-en-sus-primeros-pasos\/#primaryimage\"},\"image\":{\"@id\":\"https:\/\/dev.explora.cl\/aricayparinacota\/la-ciencia-en-sus-primeros-pasos\/#primaryimage\"},\"thumbnailUrl\":\"https:\/\/dev.explora.cl\/aricayparinacota\/wp-content\/uploads\/sites\/2\/2018\/04\/Miniatura_Nota_Creciendo_Ciencia.jpg\",\"datePublished\":\"2018-04-20T13:55:40+00:00\",\"dateModified\":\"2019-05-09T20:44:50+00:00\",\"breadcrumb\":{\"@id\":\"https:\/\/dev.explora.cl\/aricayparinacota\/la-ciencia-en-sus-primeros-pasos\/#breadcrumb\"},\"inLanguage\":\"es-CL\",\"potentialAction\":[{\"@type\":\"ReadAction\",\"target\":[\"https:\/\/dev.explora.cl\/aricayparinacota\/la-ciencia-en-sus-primeros-pasos\/\"]}]},{\"@type\":\"ImageObject\",\"inLanguage\":\"es-CL\",\"@id\":\"https:\/\/dev.explora.cl\/aricayparinacota\/la-ciencia-en-sus-primeros-pasos\/#primaryimage\",\"url\":\"https:\/\/dev.explora.cl\/aricayparinacota\/wp-content\/uploads\/sites\/2\/2018\/04\/Miniatura_Nota_Creciendo_Ciencia.jpg\",\"contentUrl\":\"https:\/\/dev.explora.cl\/aricayparinacota\/wp-content\/uploads\/sites\/2\/2018\/04\/Miniatura_Nota_Creciendo_Ciencia.jpg\",\"width\":223,\"height\":147},{\"@type\":\"BreadcrumbList\",\"@id\":\"https:\/\/dev.explora.cl\/aricayparinacota\/la-ciencia-en-sus-primeros-pasos\/#breadcrumb\",\"itemListElement\":[{\"@type\":\"ListItem\",\"position\":1,\"name\":\"Portada\",\"item\":\"https:\/\/dev.explora.cl\/aricayparinacota\/\"},{\"@type\":\"ListItem\",\"position\":2,\"name\":\"La ciencia en sus primeros pasos\"}]},{\"@type\":\"WebSite\",\"@id\":\"https:\/\/dev.explora.cl\/aricayparinacota\/#website\",\"url\":\"https:\/\/dev.explora.cl\/aricayparinacota\/\",\"name\":\"Arica y Parinacota\",\"description\":\"Otro sitio m\u00e1s de dev.explora.cl\",\"publisher\":{\"@id\":\"https:\/\/dev.explora.cl\/aricayparinacota\/#organization\"},\"potentialAction\":[{\"@type\":\"SearchAction\",\"target\":{\"@type\":\"EntryPoint\",\"urlTemplate\":\"https:\/\/dev.explora.cl\/aricayparinacota\/?s={search_term_string}\"},\"query-input\":{\"@type\":\"PropertyValueSpecification\",\"valueRequired\":true,\"valueName\":\"search_term_string\"}}],\"inLanguage\":\"es-CL\"},{\"@type\":\"Organization\",\"@id\":\"https:\/\/dev.explora.cl\/aricayparinacota\/#organization\",\"name\":\"Arica y Parinacota\",\"url\":\"https:\/\/dev.explora.cl\/aricayparinacota\/\",\"logo\":{\"@type\":\"ImageObject\",\"inLanguage\":\"es-CL\",\"@id\":\"https:\/\/dev.explora.cl\/aricayparinacota\/#\/schema\/logo\/image\/\",\"url\":\"https:\/\/dev.explora.cl\/aricayparinacota\/wp-content\/uploads\/sites\/2\/2020\/08\/cropped-nuevosa-logos-11.png\",\"contentUrl\":\"https:\/\/dev.explora.cl\/aricayparinacota\/wp-content\/uploads\/sites\/2\/2020\/08\/cropped-nuevosa-logos-11.png\",\"width\":812,\"height\":937,\"caption\":\"Arica y Parinacota\"},\"image\":{\"@id\":\"https:\/\/dev.explora.cl\/aricayparinacota\/#\/schema\/logo\/image\/\"}},{\"@type\":\"Person\",\"@id\":\"https:\/\/dev.explora.cl\/aricayparinacota\/#\/schema\/person\/cb8349c13ea2d324080adf8480d7ba5d\",\"name\":\"webman\",\"image\":{\"@type\":\"ImageObject\",\"inLanguage\":\"es-CL\",\"@id\":\"https:\/\/dev.explora.cl\/aricayparinacota\/#\/schema\/person\/image\/\",\"url\":\"https:\/\/secure.gravatar.com\/avatar\/eeff3c82f2c02f7177d13663b7e6f890e9a6a0647ce9bb29cae02dcb094c7312?s=96&d=mm&r=g\",\"contentUrl\":\"https:\/\/secure.gravatar.com\/avatar\/eeff3c82f2c02f7177d13663b7e6f890e9a6a0647ce9bb29cae02dcb094c7312?s=96&d=mm&r=g\",\"caption\":\"webman\"},\"url\":\"https:\/\/dev.explora.cl\/aricayparinacota\/author\/webman\/\"}]}<\/script>\n<!-- \/ Yoast SEO plugin. -->","yoast_head_json":{"title":"La ciencia en sus primeros pasos - Arica y Parinacota","robots":{"index":"index","follow":"follow","max-snippet":"max-snippet:-1","max-image-preview":"max-image-preview:large","max-video-preview":"max-video-preview:-1"},"canonical":"https:\/\/dev.explora.cl\/aricayparinacota\/la-ciencia-en-sus-primeros-pasos\/","og_locale":"es_ES","og_type":"article","og_title":"La ciencia en sus primeros pasos - Arica y Parinacota","og_description":"Los interesados pueden presentar sus postulaciones hasta el 04 de mayo. Un completo kit de materiales con 30 actividades, una carpeta metodol\u00f3gica, m\u00e1s 21 horas de capacitaci\u00f3n en el modelo de competencias cient\u00edficas, es parte de lo que recibir\u00e1n los&nbsp;educadores y\/o t\u00e9cnicos de p\u00e1rvulos, pertenecientes a las cuatro comunas de la regi\u00f3n de Arica y [&hellip;]","og_url":"https:\/\/dev.explora.cl\/aricayparinacota\/la-ciencia-en-sus-primeros-pasos\/","og_site_name":"Arica y Parinacota","article_published_time":"2018-04-20T13:55:40+00:00","article_modified_time":"2019-05-09T20:44:50+00:00","og_image":[{"width":223,"height":147,"url":"https:\/\/dev.explora.cl\/aricayparinacota\/wp-content\/uploads\/sites\/2\/2018\/04\/Miniatura_Nota_Creciendo_Ciencia.jpg","type":"image\/jpeg"}],"author":"webman","twitter_card":"summary_large_image","twitter_misc":{"Escrito por":"webman","Tiempo estimado de lectura":"1 minuto"},"schema":{"@context":"https:\/\/schema.org","@graph":[{"@type":"Article","@id":"https:\/\/dev.explora.cl\/aricayparinacota\/la-ciencia-en-sus-primeros-pasos\/#article","isPartOf":{"@id":"https:\/\/dev.explora.cl\/aricayparinacota\/la-ciencia-en-sus-primeros-pasos\/"},"author":{"name":"webman","@id":"https:\/\/dev.explora.cl\/aricayparinacota\/#\/schema\/person\/cb8349c13ea2d324080adf8480d7ba5d"},"headline":"La ciencia en sus primeros pasos","datePublished":"2018-04-20T13:55:40+00:00","dateModified":"2019-05-09T20:44:50+00:00","mainEntityOfPage":{"@id":"https:\/\/dev.explora.cl\/aricayparinacota\/la-ciencia-en-sus-primeros-pasos\/"},"wordCount":273,"publisher":{"@id":"https:\/\/dev.explora.cl\/aricayparinacota\/#organization"},"image":{"@id":"https:\/\/dev.explora.cl\/aricayparinacota\/la-ciencia-en-sus-primeros-pasos\/#primaryimage"},"thumbnailUrl":"https:\/\/dev.explora.cl\/aricayparinacota\/wp-content\/uploads\/sites\/2\/2018\/04\/Miniatura_Nota_Creciendo_Ciencia.jpg","articleSection":["Noticias"],"inLanguage":"es-CL"},{"@type":"WebPage","@id":"https:\/\/dev.explora.cl\/aricayparinacota\/la-ciencia-en-sus-primeros-pasos\/","url":"https:\/\/dev.explora.cl\/aricayparinacota\/la-ciencia-en-sus-primeros-pasos\/","name":"La ciencia en sus primeros pasos - Arica y Parinacota","isPartOf":{"@id":"https:\/\/dev.explora.cl\/aricayparinacota\/#website"},"primaryImageOfPage":{"@id":"https:\/\/dev.explora.cl\/aricayparinacota\/la-ciencia-en-sus-primeros-pasos\/#primaryimage"},"image":{"@id":"https:\/\/dev.explora.cl\/aricayparinacota\/la-ciencia-en-sus-primeros-pasos\/#primaryimage"},"thumbnailUrl":"https:\/\/dev.explora.cl\/aricayparinacota\/wp-content\/uploads\/sites\/2\/2018\/04\/Miniatura_Nota_Creciendo_Ciencia.jpg","datePublished":"2018-04-20T13:55:40+00:00","dateModified":"2019-05-09T20:44:50+00:00","breadcrumb":{"@id":"https:\/\/dev.explora.cl\/aricayparinacota\/la-ciencia-en-sus-primeros-pasos\/#breadcrumb"},"inLanguage":"es-CL","potentialAction":[{"@type":"ReadAction","target":["https:\/\/dev.explora.cl\/aricayparinacota\/la-ciencia-en-sus-primeros-pasos\/"]}]},{"@type":"ImageObject","inLanguage":"es-CL","@id":"https:\/\/dev.explora.cl\/aricayparinacota\/la-ciencia-en-sus-primeros-pasos\/#primaryimage","url":"https:\/\/dev.explora.cl\/aricayparinacota\/wp-content\/uploads\/sites\/2\/2018\/04\/Miniatura_Nota_Creciendo_Ciencia.jpg","contentUrl":"https:\/\/dev.explora.cl\/aricayparinacota\/wp-content\/uploads\/sites\/2\/2018\/04\/Miniatura_Nota_Creciendo_Ciencia.jpg","width":223,"height":147},{"@type":"BreadcrumbList","@id":"https:\/\/dev.explora.cl\/aricayparinacota\/la-ciencia-en-sus-primeros-pasos\/#breadcrumb","itemListElement":[{"@type":"ListItem","position":1,"name":"Portada","item":"https:\/\/dev.explora.cl\/aricayparinacota\/"},{"@type":"ListItem","position":2,"name":"La ciencia en sus primeros pasos"}]},{"@type":"WebSite","@id":"https:\/\/dev.explora.cl\/aricayparinacota\/#website","url":"https:\/\/dev.explora.cl\/aricayparinacota\/","name":"Arica y Parinacota","description":"Otro sitio m\u00e1s de dev.explora.cl","publisher":{"@id":"https:\/\/dev.explora.cl\/aricayparinacota\/#organization"},"potentialAction":[{"@type":"SearchAction","target":{"@type":"EntryPoint","urlTemplate":"https:\/\/dev.explora.cl\/aricayparinacota\/?s={search_term_string}"},"query-input":{"@type":"PropertyValueSpecification","valueRequired":true,"valueName":"search_term_string"}}],"inLanguage":"es-CL"},{"@type":"Organization","@id":"https:\/\/dev.explora.cl\/aricayparinacota\/#organization","name":"Arica y Parinacota","url":"https:\/\/dev.explora.cl\/aricayparinacota\/","logo":{"@type":"ImageObject","inLanguage":"es-CL","@id":"https:\/\/dev.explora.cl\/aricayparinacota\/#\/schema\/logo\/image\/","url":"https:\/\/dev.explora.cl\/aricayparinacota\/wp-content\/uploads\/sites\/2\/2020\/08\/cropped-nuevosa-logos-11.png","contentUrl":"https:\/\/dev.explora.cl\/aricayparinacota\/wp-content\/uploads\/sites\/2\/2020\/08\/cropped-nuevosa-logos-11.png","width":812,"height":937,"caption":"Arica y Parinacota"},"image":{"@id":"https:\/\/dev.explora.cl\/aricayparinacota\/#\/schema\/logo\/image\/"}},{"@type":"Person","@id":"https:\/\/dev.explora.cl\/aricayparinacota\/#\/schema\/person\/cb8349c13ea2d324080adf8480d7ba5d","name":"webman","image":{"@type":"ImageObject","inLanguage":"es-CL","@id":"https:\/\/dev.explora.cl\/aricayparinacota\/#\/schema\/person\/image\/","url":"https:\/\/secure.gravatar.com\/avatar\/eeff3c82f2c02f7177d13663b7e6f890e9a6a0647ce9bb29cae02dcb094c7312?s=96&d=mm&r=g","contentUrl":"https:\/\/secure.gravatar.com\/avatar\/eeff3c82f2c02f7177d13663b7e6f890e9a6a0647ce9bb29cae02dcb094c7312?s=96&d=mm&r=g","caption":"webman"},"url":"https:\/\/dev.explora.cl\/aricayparinacota\/author\/webman\/"}]}},"_links":{"self":[{"href":"https:\/\/dev.explora.cl\/aricayparinacota\/wp-json\/wp\/v2\/posts\/30875","targetHints":{"allow":["GET"]}}],"collection":[{"href":"https:\/\/dev.explora.cl\/aricayparinacota\/wp-json\/wp\/v2\/posts"}],"about":[{"href":"https:\/\/dev.explora.cl\/aricayparinacota\/wp-json\/wp\/v2\/types\/post"}],"author":[{"embeddable":true,"href":"https:\/\/dev.explora.cl\/aricayparinacota\/wp-json\/wp\/v2\/users\/2"}],"replies":[{"embeddable":true,"href":"https:\/\/dev.explora.cl\/aricayparinacota\/wp-json\/wp\/v2\/comments?post=30875"}],"version-history":[{"count":1,"href":"https:\/\/dev.explora.cl\/aricayparinacota\/wp-json\/wp\/v2\/posts\/30875\/revisions"}],"predecessor-version":[{"id":32833,"href":"https:\/\/dev.explora.cl\/aricayparinacota\/wp-json\/wp\/v2\/posts\/30875\/revisions\/32833"}],"wp:featuredmedia":[{"embeddable":true,"href":"https:\/\/dev.explora.cl\/aricayparinacota\/wp-json\/wp\/v2\/media\/30873"}],"wp:attachment":[{"href":"https:\/\/dev.explora.cl\/aricayparinacota\/wp-json\/wp\/v2\/media?parent=30875"}],"wp:term":[{"taxonomy":"category","embeddable":true,"href":"https:\/\/dev.explora.cl\/aricayparinacota\/wp-json\/wp\/v2\/categories?post=30875"},{"taxonomy":"post_tag","embeddable":true,"href":"https:\/\/dev.explora.cl\/aricayparinacota\/wp-json\/wp\/v2\/tags?post=30875"}],"curies":[{"name":"wp","href":"https:\/\/api.w.org\/{rel}","templated":true}]}}