{"id":30561,"date":"2018-04-04T14:00:57","date_gmt":"2018-04-04T14:00:57","guid":{"rendered":"https:\/\/dev.explora.cl\/2018\/04\/04\/los-ninos-preguntaron-el-astronomo-respondio\/"},"modified":"2019-05-09T20:45:07","modified_gmt":"2019-05-09T20:45:07","slug":"los-ninos-preguntaron-el-astronomo-respondio","status":"publish","type":"post","link":"https:\/\/dev.explora.cl\/aricayparinacota\/los-ninos-preguntaron-el-astronomo-respondio\/","title":{"rendered":"Los ni\u00f1os preguntaron, el astr\u00f3nomo respondi\u00f3"},"content":{"rendered":"<p>Una intensa jornada vivi\u00f3 en Arica el Dr. Guido Garay, Premio Nacional de Ciencias Exactas 2017, qui\u00e9n present\u00f3 la charla \u201cNuestro sistema solar\u201d, para celebrar el D\u00eda de la Astronom\u00eda, en el Km 28 del valle de Azapa a los estudiantes de la Escuela Espa\u00f1a. Los alumnos de procedencia aymara en un 90 por ciento, de padres chilenos, bolivianos y peruanos residentes, se sacaron un siete preguntando sobre la luna, las estrellas y la vida en otros planetas, recibiendo de regalo el libro &#8220;Cazadores de Eclipse&#8221;.<\/p>\n<p>En la ocasi\u00f3n, la directora Mar\u00eda Ang\u00e9lica Salinas Camberes en forma solemne le entreg\u00f3 la Medalla de la escuela al cient\u00edfico, quien se mostr\u00f3 agradecido por este gesto y por la cantidad de preguntas hechas por los j\u00f3venes estudiantes.<\/p>\n<p>\u00bfCu\u00e1l es el origen de los planetas?, \u00bfQu\u00e9 pasa si chocan?, \u00bfC\u00f3mo los planetas permanecen en \u00f3rbita?, \u00bfC\u00f3mo se siente trabajar con la v\u00eda l\u00e1ctea?, fueron algunas de las inquietudes de los estudiantes de sexto a\u00f1o b\u00e1sico.<\/p>\n<p>Fanny Pacari: \u201cA m\u00ed me gust\u00f3 y me interes\u00f3 mucho el tema de los planetas y sobre los asteroides, pude aprender m\u00e1s, como los planetas pueden seguir en \u00f3rbita\u201d.<\/p>\n<p>Edwin Yampara: \u201cSi hubiera chocado uno de esos asteroides, fue lo que pregunt\u00e9 y me gust\u00f3 saber m\u00e1s del tema\u201d.<\/p>\n<p>Stefani Lovera: \u201cPregunt\u00e9 c\u00f3mo se formaron los cometas, la duda me surgi\u00f3 en el momento, me gust\u00f3 la exposici\u00f3n, cuando hablaron de los cometas eso me interes\u00f3 mucho\u201d.<\/p>\n<p>Francisca Ramos: \u201cYo quer\u00eda saber si existen los extraterrestres\u201d.<\/p>\n<p>Benjam\u00edn Valle: \u201c\u00bfQu\u00e9 es el hurac\u00e1n estelar? \u00bfAd\u00f3nde conducen los hoyos negros? Estas preguntas las ten\u00eda hace mucho tiempo, cuando era chico ve\u00eda videos que mi pap\u00e1 me compraba y de ah\u00ed vengo con preguntas\u201d.<\/p>\n<p>Para la directora, Mar\u00eda Ang\u00e9lica Salinas, fue un privilegio tener un doctor en astronom\u00eda en su escuela, que motivara a los estudiantes, \u201cporque el d\u00eda de ma\u00f1ana pueden ser grandes astr\u00f3nomos. Los ni\u00f1os est\u00e1n m\u00e1s abiertos a preguntar porque hemos ido trabajando en eso para que puedan aclarar sus dudas y se sienten felices de hacerlo. Tenemos 540 alumnos, que viven desde el kil\u00f3metro tres al 45 del valle de Azapa, el 90 por ciento aymara en nuestro establecimiento\u201d, se\u00f1al\u00f3.<\/p>\n<p>El profesor Eduardo Castro, se\u00f1al\u00f3 que \u201clos ni\u00f1os tienen una preparaci\u00f3n por familia y cultura en cuanto a la cosmovisi\u00f3n y que bueno que se llega con algo m\u00e1s sistem\u00e1tico y se hace un enlace, hicieron preguntas con las que llegar\u00e1n a sus casas y eso se va a enriquecer\u201d.<\/p>\n<p>Para el profesor Gonzalo \u00c1lvarez, \u201ces importante contar con un experto, Premio Nacional y astr\u00f3nomo para despertar el inter\u00e9s de los muchachos, para que as\u00ed se puedan proyectar en el futuro\u201d.<\/p>\n<p>Otra charla fue desarrollada por el Dr. Garay en la Escuela Manuel Baquedano, ubicada en el kil\u00f3metro 27 y medio del valle de Lluta, al tercero y cuarto b\u00e1sico, a cargo de la profesora Ada Mel\u00e9ndez.<\/p>\n<p>UNIVERSITARIOS<\/p>\n<p>\u00bfD\u00f3nde y c\u00f3mo se forman las estrellas? Fue el tema tratado en su charla por el astr\u00f3nomo a estudiantes, profesores universitarios y profesores de establecimientos educacionales de F\u00edsica, Matem\u00e1tica y Qu\u00edmica. La actividad se realiz\u00f3 en el Auditorio de Inform\u00e1tica, campus Saucache de la Universidad de Tarapac\u00e1.<\/p>\n<p>Esta misma charla convoc\u00f3 a los estudiantes arique\u00f1os al Aula Magna, campus Vel\u00e1squez, de la Universidad de Tarapac\u00e1. En la oportunidad, el rector de la UTA, Dr. Arturo Flores, le entreg\u00f3 un presente de parte de esta Casa de Estudios Superiores, destacando el honor de contar con un investigador de este nivel para celebrar el D\u00eda de la Astronom\u00eda en la ciudad de Arica.<\/p>\n<p>TALLERES<\/p>\n<p>Se realiz\u00f3 una serie de talleres a cargo de Roberto Cisternas, profesional de la &#8220;Red de Astronom\u00eda de Profesores de Chile&#8221;, con la tem\u00e1tica: &#8220;La tierra, la luna y el sol como un sistema&#8221;, dirigidos a estudiantes de educaci\u00f3n b\u00e1sica de las escuelas: Rep\u00fablica de Israel, General Jos\u00e9 Miguel Carrera, Manuel Rodr\u00edguez Erdoyza, y de educaci\u00f3n media: Liceo Pablo Neruda.<\/p>\n<p>&nbsp;<\/p>\n<p><img loading=\"lazy\" decoding=\"async\" class=\" size-full wp-image-30560\" src=\"https:\/\/dev.explora.cl\/aricayparinacota\/wp-content\/uploads\/sites\/2\/2018\/04\/Collage_Nota_Charla_Astronomo.jpg\" alt=\"Collage Nota Charla Astronomo\" width=\"902\" height=\"226\" srcset=\"https:\/\/dev.explora.cl\/aricayparinacota\/wp-content\/uploads\/sites\/2\/2018\/04\/Collage_Nota_Charla_Astronomo.jpg 902w, https:\/\/dev.explora.cl\/aricayparinacota\/wp-content\/uploads\/sites\/2\/2018\/04\/Collage_Nota_Charla_Astronomo-300x75.jpg 300w, https:\/\/dev.explora.cl\/aricayparinacota\/wp-content\/uploads\/sites\/2\/2018\/04\/Collage_Nota_Charla_Astronomo-768x192.jpg 768w\" sizes=\"auto, (max-width: 902px) 100vw, 902px\" \/><\/p>\n","protected":false},"excerpt":{"rendered":"<p>Una intensa jornada vivi\u00f3 en Arica el Dr. Guido Garay, Premio Nacional de Ciencias Exactas 2017, qui\u00e9n present\u00f3 la charla \u201cNuestro sistema solar\u201d, para celebrar el D\u00eda de la Astronom\u00eda, en el Km 28 del valle de Azapa a los estudiantes de la Escuela Espa\u00f1a. Los alumnos de procedencia aymara en un 90 por ciento, [&hellip;]<\/p>\n","protected":false},"author":2,"featured_media":30559,"comment_status":"closed","ping_status":"open","sticky":false,"template":"","format":"standard","meta":{"_acf_changed":false,"_exactmetrics_skip_tracking":false,"_exactmetrics_sitenote_active":false,"_exactmetrics_sitenote_note":"","_exactmetrics_sitenote_category":0,"footnotes":"","_links_to":"","_links_to_target":""},"categories":[4],"tags":[],"class_list":["post-30561","post","type-post","status-publish","format-standard","has-post-thumbnail","hentry","category-noticias"],"acf":[],"yoast_head":"<!-- This site is optimized with the Yoast SEO plugin v26.7 - https:\/\/yoast.com\/wordpress\/plugins\/seo\/ -->\n<title>Los ni\u00f1os preguntaron, el astr\u00f3nomo respondi\u00f3 - Arica y Parinacota<\/title>\n<meta name=\"robots\" content=\"index, follow, max-snippet:-1, max-image-preview:large, max-video-preview:-1\" \/>\n<link rel=\"canonical\" href=\"https:\/\/dev.explora.cl\/aricayparinacota\/los-ninos-preguntaron-el-astronomo-respondio\/\" class=\"yoast-seo-meta-tag\" \/>\n<meta property=\"og:locale\" content=\"es_ES\" class=\"yoast-seo-meta-tag\" \/>\n<meta property=\"og:type\" content=\"article\" class=\"yoast-seo-meta-tag\" \/>\n<meta property=\"og:title\" content=\"Los ni\u00f1os preguntaron, el astr\u00f3nomo respondi\u00f3 - Arica y Parinacota\" class=\"yoast-seo-meta-tag\" \/>\n<meta property=\"og:description\" content=\"Una intensa jornada vivi\u00f3 en Arica el Dr. Guido Garay, Premio Nacional de Ciencias Exactas 2017, qui\u00e9n present\u00f3 la charla \u201cNuestro sistema solar\u201d, para celebrar el D\u00eda de la Astronom\u00eda, en el Km 28 del valle de Azapa a los estudiantes de la Escuela Espa\u00f1a. Los alumnos de procedencia aymara en un 90 por ciento, [&hellip;]\" class=\"yoast-seo-meta-tag\" \/>\n<meta property=\"og:url\" content=\"https:\/\/dev.explora.cl\/aricayparinacota\/los-ninos-preguntaron-el-astronomo-respondio\/\" class=\"yoast-seo-meta-tag\" \/>\n<meta property=\"og:site_name\" content=\"Arica y Parinacota\" class=\"yoast-seo-meta-tag\" \/>\n<meta property=\"article:published_time\" content=\"2018-04-04T14:00:57+00:00\" class=\"yoast-seo-meta-tag\" \/>\n<meta property=\"article:modified_time\" content=\"2019-05-09T20:45:07+00:00\" class=\"yoast-seo-meta-tag\" \/>\n<meta property=\"og:image\" content=\"https:\/\/dev.explora.cl\/aricayparinacota\/wp-content\/uploads\/sites\/2\/2018\/04\/Miniatura_Nota_Charla_Astronomo.jpg\" class=\"yoast-seo-meta-tag\" \/>\n\t<meta property=\"og:image:width\" content=\"223\" class=\"yoast-seo-meta-tag\" \/>\n\t<meta property=\"og:image:height\" content=\"147\" class=\"yoast-seo-meta-tag\" \/>\n\t<meta property=\"og:image:type\" content=\"image\/jpeg\" class=\"yoast-seo-meta-tag\" \/>\n<meta name=\"author\" content=\"webman\" class=\"yoast-seo-meta-tag\" \/>\n<meta name=\"twitter:card\" content=\"summary_large_image\" class=\"yoast-seo-meta-tag\" \/>\n<meta name=\"twitter:label1\" content=\"Escrito por\" class=\"yoast-seo-meta-tag\" \/>\n\t<meta name=\"twitter:data1\" content=\"webman\" class=\"yoast-seo-meta-tag\" \/>\n\t<meta name=\"twitter:label2\" content=\"Tiempo estimado de lectura\" class=\"yoast-seo-meta-tag\" \/>\n\t<meta name=\"twitter:data2\" content=\"4 minutos\" class=\"yoast-seo-meta-tag\" \/>\n<script type=\"application\/ld+json\" class=\"yoast-schema-graph\">{\"@context\":\"https:\/\/schema.org\",\"@graph\":[{\"@type\":\"Article\",\"@id\":\"https:\/\/dev.explora.cl\/aricayparinacota\/los-ninos-preguntaron-el-astronomo-respondio\/#article\",\"isPartOf\":{\"@id\":\"https:\/\/dev.explora.cl\/aricayparinacota\/los-ninos-preguntaron-el-astronomo-respondio\/\"},\"author\":{\"name\":\"webman\",\"@id\":\"https:\/\/dev.explora.cl\/aricayparinacota\/#\/schema\/person\/cb8349c13ea2d324080adf8480d7ba5d\"},\"headline\":\"Los ni\u00f1os preguntaron, el astr\u00f3nomo respondi\u00f3\",\"datePublished\":\"2018-04-04T14:00:57+00:00\",\"dateModified\":\"2019-05-09T20:45:07+00:00\",\"mainEntityOfPage\":{\"@id\":\"https:\/\/dev.explora.cl\/aricayparinacota\/los-ninos-preguntaron-el-astronomo-respondio\/\"},\"wordCount\":722,\"publisher\":{\"@id\":\"https:\/\/dev.explora.cl\/aricayparinacota\/#organization\"},\"image\":{\"@id\":\"https:\/\/dev.explora.cl\/aricayparinacota\/los-ninos-preguntaron-el-astronomo-respondio\/#primaryimage\"},\"thumbnailUrl\":\"https:\/\/dev.explora.cl\/aricayparinacota\/wp-content\/uploads\/sites\/2\/2018\/04\/Miniatura_Nota_Charla_Astronomo.jpg\",\"articleSection\":[\"Noticias\"],\"inLanguage\":\"es-CL\"},{\"@type\":\"WebPage\",\"@id\":\"https:\/\/dev.explora.cl\/aricayparinacota\/los-ninos-preguntaron-el-astronomo-respondio\/\",\"url\":\"https:\/\/dev.explora.cl\/aricayparinacota\/los-ninos-preguntaron-el-astronomo-respondio\/\",\"name\":\"Los ni\u00f1os preguntaron, el astr\u00f3nomo respondi\u00f3 - Arica y Parinacota\",\"isPartOf\":{\"@id\":\"https:\/\/dev.explora.cl\/aricayparinacota\/#website\"},\"primaryImageOfPage\":{\"@id\":\"https:\/\/dev.explora.cl\/aricayparinacota\/los-ninos-preguntaron-el-astronomo-respondio\/#primaryimage\"},\"image\":{\"@id\":\"https:\/\/dev.explora.cl\/aricayparinacota\/los-ninos-preguntaron-el-astronomo-respondio\/#primaryimage\"},\"thumbnailUrl\":\"https:\/\/dev.explora.cl\/aricayparinacota\/wp-content\/uploads\/sites\/2\/2018\/04\/Miniatura_Nota_Charla_Astronomo.jpg\",\"datePublished\":\"2018-04-04T14:00:57+00:00\",\"dateModified\":\"2019-05-09T20:45:07+00:00\",\"breadcrumb\":{\"@id\":\"https:\/\/dev.explora.cl\/aricayparinacota\/los-ninos-preguntaron-el-astronomo-respondio\/#breadcrumb\"},\"inLanguage\":\"es-CL\",\"potentialAction\":[{\"@type\":\"ReadAction\",\"target\":[\"https:\/\/dev.explora.cl\/aricayparinacota\/los-ninos-preguntaron-el-astronomo-respondio\/\"]}]},{\"@type\":\"ImageObject\",\"inLanguage\":\"es-CL\",\"@id\":\"https:\/\/dev.explora.cl\/aricayparinacota\/los-ninos-preguntaron-el-astronomo-respondio\/#primaryimage\",\"url\":\"https:\/\/dev.explora.cl\/aricayparinacota\/wp-content\/uploads\/sites\/2\/2018\/04\/Miniatura_Nota_Charla_Astronomo.jpg\",\"contentUrl\":\"https:\/\/dev.explora.cl\/aricayparinacota\/wp-content\/uploads\/sites\/2\/2018\/04\/Miniatura_Nota_Charla_Astronomo.jpg\",\"width\":223,\"height\":147},{\"@type\":\"BreadcrumbList\",\"@id\":\"https:\/\/dev.explora.cl\/aricayparinacota\/los-ninos-preguntaron-el-astronomo-respondio\/#breadcrumb\",\"itemListElement\":[{\"@type\":\"ListItem\",\"position\":1,\"name\":\"Portada\",\"item\":\"https:\/\/dev.explora.cl\/aricayparinacota\/\"},{\"@type\":\"ListItem\",\"position\":2,\"name\":\"Los ni\u00f1os preguntaron, el astr\u00f3nomo respondi\u00f3\"}]},{\"@type\":\"WebSite\",\"@id\":\"https:\/\/dev.explora.cl\/aricayparinacota\/#website\",\"url\":\"https:\/\/dev.explora.cl\/aricayparinacota\/\",\"name\":\"Arica y Parinacota\",\"description\":\"Otro sitio m\u00e1s de dev.explora.cl\",\"publisher\":{\"@id\":\"https:\/\/dev.explora.cl\/aricayparinacota\/#organization\"},\"potentialAction\":[{\"@type\":\"SearchAction\",\"target\":{\"@type\":\"EntryPoint\",\"urlTemplate\":\"https:\/\/dev.explora.cl\/aricayparinacota\/?s={search_term_string}\"},\"query-input\":{\"@type\":\"PropertyValueSpecification\",\"valueRequired\":true,\"valueName\":\"search_term_string\"}}],\"inLanguage\":\"es-CL\"},{\"@type\":\"Organization\",\"@id\":\"https:\/\/dev.explora.cl\/aricayparinacota\/#organization\",\"name\":\"Arica y Parinacota\",\"url\":\"https:\/\/dev.explora.cl\/aricayparinacota\/\",\"logo\":{\"@type\":\"ImageObject\",\"inLanguage\":\"es-CL\",\"@id\":\"https:\/\/dev.explora.cl\/aricayparinacota\/#\/schema\/logo\/image\/\",\"url\":\"https:\/\/dev.explora.cl\/aricayparinacota\/wp-content\/uploads\/sites\/2\/2020\/08\/cropped-nuevosa-logos-11.png\",\"contentUrl\":\"https:\/\/dev.explora.cl\/aricayparinacota\/wp-content\/uploads\/sites\/2\/2020\/08\/cropped-nuevosa-logos-11.png\",\"width\":812,\"height\":937,\"caption\":\"Arica y Parinacota\"},\"image\":{\"@id\":\"https:\/\/dev.explora.cl\/aricayparinacota\/#\/schema\/logo\/image\/\"}},{\"@type\":\"Person\",\"@id\":\"https:\/\/dev.explora.cl\/aricayparinacota\/#\/schema\/person\/cb8349c13ea2d324080adf8480d7ba5d\",\"name\":\"webman\",\"image\":{\"@type\":\"ImageObject\",\"inLanguage\":\"es-CL\",\"@id\":\"https:\/\/dev.explora.cl\/aricayparinacota\/#\/schema\/person\/image\/\",\"url\":\"https:\/\/secure.gravatar.com\/avatar\/eeff3c82f2c02f7177d13663b7e6f890e9a6a0647ce9bb29cae02dcb094c7312?s=96&d=mm&r=g\",\"contentUrl\":\"https:\/\/secure.gravatar.com\/avatar\/eeff3c82f2c02f7177d13663b7e6f890e9a6a0647ce9bb29cae02dcb094c7312?s=96&d=mm&r=g\",\"caption\":\"webman\"},\"url\":\"https:\/\/dev.explora.cl\/aricayparinacota\/author\/webman\/\"}]}<\/script>\n<!-- \/ Yoast SEO plugin. -->","yoast_head_json":{"title":"Los ni\u00f1os preguntaron, el astr\u00f3nomo respondi\u00f3 - Arica y Parinacota","robots":{"index":"index","follow":"follow","max-snippet":"max-snippet:-1","max-image-preview":"max-image-preview:large","max-video-preview":"max-video-preview:-1"},"canonical":"https:\/\/dev.explora.cl\/aricayparinacota\/los-ninos-preguntaron-el-astronomo-respondio\/","og_locale":"es_ES","og_type":"article","og_title":"Los ni\u00f1os preguntaron, el astr\u00f3nomo respondi\u00f3 - Arica y Parinacota","og_description":"Una intensa jornada vivi\u00f3 en Arica el Dr. Guido Garay, Premio Nacional de Ciencias Exactas 2017, qui\u00e9n present\u00f3 la charla \u201cNuestro sistema solar\u201d, para celebrar el D\u00eda de la Astronom\u00eda, en el Km 28 del valle de Azapa a los estudiantes de la Escuela Espa\u00f1a. Los alumnos de procedencia aymara en un 90 por ciento, [&hellip;]","og_url":"https:\/\/dev.explora.cl\/aricayparinacota\/los-ninos-preguntaron-el-astronomo-respondio\/","og_site_name":"Arica y Parinacota","article_published_time":"2018-04-04T14:00:57+00:00","article_modified_time":"2019-05-09T20:45:07+00:00","og_image":[{"width":223,"height":147,"url":"https:\/\/dev.explora.cl\/aricayparinacota\/wp-content\/uploads\/sites\/2\/2018\/04\/Miniatura_Nota_Charla_Astronomo.jpg","type":"image\/jpeg"}],"author":"webman","twitter_card":"summary_large_image","twitter_misc":{"Escrito por":"webman","Tiempo estimado de lectura":"4 minutos"},"schema":{"@context":"https:\/\/schema.org","@graph":[{"@type":"Article","@id":"https:\/\/dev.explora.cl\/aricayparinacota\/los-ninos-preguntaron-el-astronomo-respondio\/#article","isPartOf":{"@id":"https:\/\/dev.explora.cl\/aricayparinacota\/los-ninos-preguntaron-el-astronomo-respondio\/"},"author":{"name":"webman","@id":"https:\/\/dev.explora.cl\/aricayparinacota\/#\/schema\/person\/cb8349c13ea2d324080adf8480d7ba5d"},"headline":"Los ni\u00f1os preguntaron, el astr\u00f3nomo respondi\u00f3","datePublished":"2018-04-04T14:00:57+00:00","dateModified":"2019-05-09T20:45:07+00:00","mainEntityOfPage":{"@id":"https:\/\/dev.explora.cl\/aricayparinacota\/los-ninos-preguntaron-el-astronomo-respondio\/"},"wordCount":722,"publisher":{"@id":"https:\/\/dev.explora.cl\/aricayparinacota\/#organization"},"image":{"@id":"https:\/\/dev.explora.cl\/aricayparinacota\/los-ninos-preguntaron-el-astronomo-respondio\/#primaryimage"},"thumbnailUrl":"https:\/\/dev.explora.cl\/aricayparinacota\/wp-content\/uploads\/sites\/2\/2018\/04\/Miniatura_Nota_Charla_Astronomo.jpg","articleSection":["Noticias"],"inLanguage":"es-CL"},{"@type":"WebPage","@id":"https:\/\/dev.explora.cl\/aricayparinacota\/los-ninos-preguntaron-el-astronomo-respondio\/","url":"https:\/\/dev.explora.cl\/aricayparinacota\/los-ninos-preguntaron-el-astronomo-respondio\/","name":"Los ni\u00f1os preguntaron, el astr\u00f3nomo respondi\u00f3 - Arica y Parinacota","isPartOf":{"@id":"https:\/\/dev.explora.cl\/aricayparinacota\/#website"},"primaryImageOfPage":{"@id":"https:\/\/dev.explora.cl\/aricayparinacota\/los-ninos-preguntaron-el-astronomo-respondio\/#primaryimage"},"image":{"@id":"https:\/\/dev.explora.cl\/aricayparinacota\/los-ninos-preguntaron-el-astronomo-respondio\/#primaryimage"},"thumbnailUrl":"https:\/\/dev.explora.cl\/aricayparinacota\/wp-content\/uploads\/sites\/2\/2018\/04\/Miniatura_Nota_Charla_Astronomo.jpg","datePublished":"2018-04-04T14:00:57+00:00","dateModified":"2019-05-09T20:45:07+00:00","breadcrumb":{"@id":"https:\/\/dev.explora.cl\/aricayparinacota\/los-ninos-preguntaron-el-astronomo-respondio\/#breadcrumb"},"inLanguage":"es-CL","potentialAction":[{"@type":"ReadAction","target":["https:\/\/dev.explora.cl\/aricayparinacota\/los-ninos-preguntaron-el-astronomo-respondio\/"]}]},{"@type":"ImageObject","inLanguage":"es-CL","@id":"https:\/\/dev.explora.cl\/aricayparinacota\/los-ninos-preguntaron-el-astronomo-respondio\/#primaryimage","url":"https:\/\/dev.explora.cl\/aricayparinacota\/wp-content\/uploads\/sites\/2\/2018\/04\/Miniatura_Nota_Charla_Astronomo.jpg","contentUrl":"https:\/\/dev.explora.cl\/aricayparinacota\/wp-content\/uploads\/sites\/2\/2018\/04\/Miniatura_Nota_Charla_Astronomo.jpg","width":223,"height":147},{"@type":"BreadcrumbList","@id":"https:\/\/dev.explora.cl\/aricayparinacota\/los-ninos-preguntaron-el-astronomo-respondio\/#breadcrumb","itemListElement":[{"@type":"ListItem","position":1,"name":"Portada","item":"https:\/\/dev.explora.cl\/aricayparinacota\/"},{"@type":"ListItem","position":2,"name":"Los ni\u00f1os preguntaron, el astr\u00f3nomo respondi\u00f3"}]},{"@type":"WebSite","@id":"https:\/\/dev.explora.cl\/aricayparinacota\/#website","url":"https:\/\/dev.explora.cl\/aricayparinacota\/","name":"Arica y Parinacota","description":"Otro sitio m\u00e1s de dev.explora.cl","publisher":{"@id":"https:\/\/dev.explora.cl\/aricayparinacota\/#organization"},"potentialAction":[{"@type":"SearchAction","target":{"@type":"EntryPoint","urlTemplate":"https:\/\/dev.explora.cl\/aricayparinacota\/?s={search_term_string}"},"query-input":{"@type":"PropertyValueSpecification","valueRequired":true,"valueName":"search_term_string"}}],"inLanguage":"es-CL"},{"@type":"Organization","@id":"https:\/\/dev.explora.cl\/aricayparinacota\/#organization","name":"Arica y Parinacota","url":"https:\/\/dev.explora.cl\/aricayparinacota\/","logo":{"@type":"ImageObject","inLanguage":"es-CL","@id":"https:\/\/dev.explora.cl\/aricayparinacota\/#\/schema\/logo\/image\/","url":"https:\/\/dev.explora.cl\/aricayparinacota\/wp-content\/uploads\/sites\/2\/2020\/08\/cropped-nuevosa-logos-11.png","contentUrl":"https:\/\/dev.explora.cl\/aricayparinacota\/wp-content\/uploads\/sites\/2\/2020\/08\/cropped-nuevosa-logos-11.png","width":812,"height":937,"caption":"Arica y Parinacota"},"image":{"@id":"https:\/\/dev.explora.cl\/aricayparinacota\/#\/schema\/logo\/image\/"}},{"@type":"Person","@id":"https:\/\/dev.explora.cl\/aricayparinacota\/#\/schema\/person\/cb8349c13ea2d324080adf8480d7ba5d","name":"webman","image":{"@type":"ImageObject","inLanguage":"es-CL","@id":"https:\/\/dev.explora.cl\/aricayparinacota\/#\/schema\/person\/image\/","url":"https:\/\/secure.gravatar.com\/avatar\/eeff3c82f2c02f7177d13663b7e6f890e9a6a0647ce9bb29cae02dcb094c7312?s=96&d=mm&r=g","contentUrl":"https:\/\/secure.gravatar.com\/avatar\/eeff3c82f2c02f7177d13663b7e6f890e9a6a0647ce9bb29cae02dcb094c7312?s=96&d=mm&r=g","caption":"webman"},"url":"https:\/\/dev.explora.cl\/aricayparinacota\/author\/webman\/"}]}},"_links":{"self":[{"href":"https:\/\/dev.explora.cl\/aricayparinacota\/wp-json\/wp\/v2\/posts\/30561","targetHints":{"allow":["GET"]}}],"collection":[{"href":"https:\/\/dev.explora.cl\/aricayparinacota\/wp-json\/wp\/v2\/posts"}],"about":[{"href":"https:\/\/dev.explora.cl\/aricayparinacota\/wp-json\/wp\/v2\/types\/post"}],"author":[{"embeddable":true,"href":"https:\/\/dev.explora.cl\/aricayparinacota\/wp-json\/wp\/v2\/users\/2"}],"replies":[{"embeddable":true,"href":"https:\/\/dev.explora.cl\/aricayparinacota\/wp-json\/wp\/v2\/comments?post=30561"}],"version-history":[{"count":1,"href":"https:\/\/dev.explora.cl\/aricayparinacota\/wp-json\/wp\/v2\/posts\/30561\/revisions"}],"predecessor-version":[{"id":32835,"href":"https:\/\/dev.explora.cl\/aricayparinacota\/wp-json\/wp\/v2\/posts\/30561\/revisions\/32835"}],"wp:featuredmedia":[{"embeddable":true,"href":"https:\/\/dev.explora.cl\/aricayparinacota\/wp-json\/wp\/v2\/media\/30559"}],"wp:attachment":[{"href":"https:\/\/dev.explora.cl\/aricayparinacota\/wp-json\/wp\/v2\/media?parent=30561"}],"wp:term":[{"taxonomy":"category","embeddable":true,"href":"https:\/\/dev.explora.cl\/aricayparinacota\/wp-json\/wp\/v2\/categories?post=30561"},{"taxonomy":"post_tag","embeddable":true,"href":"https:\/\/dev.explora.cl\/aricayparinacota\/wp-json\/wp\/v2\/tags?post=30561"}],"curies":[{"name":"wp","href":"https:\/\/api.w.org\/{rel}","templated":true}]}}