{"id":30390,"date":"2018-03-27T13:20:48","date_gmt":"2018-03-27T13:20:48","guid":{"rendered":"https:\/\/dev.explora.cl\/2018\/03\/27\/estudiantes-viajaron-en-tren-con-vestuario-de-la-epoca\/"},"modified":"2019-05-09T20:45:23","modified_gmt":"2019-05-09T20:45:23","slug":"estudiantes-viajaron-en-tren-con-vestuario-de-la-epoca","status":"publish","type":"post","link":"https:\/\/dev.explora.cl\/aricayparinacota\/estudiantes-viajaron-en-tren-con-vestuario-de-la-epoca\/","title":{"rendered":"Estudiantes viajaron en tren con vestuario de la \u00e9poca"},"content":{"rendered":"<p class=\"m_1458897948240651525x_x_m_4415211635891392322x_MsoNormal\" style=\"text-align: justify\"><i><span lang=\"ES\">Fueron en total 136 estudiantes que hicieron este viaje, el cual se dividi\u00f3 en dos d\u00edas. El primer d\u00eda participaron los colegios Saucache y Juan Pablo II. El segundo d\u00eda les correspondi\u00f3 al Colegio San Jorge y a la Escuela Manuel Rodr\u00edguez Erdoyza, cuyos motivados estudiantes se vistieron acorde a la \u00e9poca en que el tren era un medio importante de transporte.<\/span><\/i><\/p>\n<p class=\"m_1458897948240651525x_x_m_4415211635891392322x_MsoNormal\" style=\"text-align: justify\"><b><span lang=\"ES\"><\/span><\/b><\/p>\n<p class=\"m_1458897948240651525x_x_m_4415211635891392322x_MsoNormal\" style=\"text-align: justify\"><b><span lang=\"ES\"><\/span><\/b><\/p>\n<p class=\"m_1458897948240651525x_x_m_4415211635891392322x_MsoNormal\" style=\"text-align: justify\"><span lang=\"ES\">Octavio Miles es estudiante del s\u00e9ptimo a\u00f1o b\u00e1sico del Colegio Juan Pablo II. La emoci\u00f3n al escuchar la sirena del tren no la puede describir. Es su primera vez, al igual que sus compa\u00f1eros. Son las 10 de la ma\u00f1ana y, tal como estaba presupuestado, Octavio y los dem\u00e1s j\u00f3venes de los colegios Saucache y<\/span><span lang=\"ES\"><\/span><span lang=\"ES\">Juan Pablo II, previas fotos en el exterior del recinto de la empresa del Ferrocarril Arica \u2013 La Paz, se disponen a iniciar el viaje desde Arica a Poconchile, ubicado a 38 kil\u00f3metros en el valle de Lluta.<\/span><\/p>\n<p class=\"m_1458897948240651525x_x_m_4415211635891392322x_MsoNormal\" style=\"text-align: justify\"><span lang=\"ES\"><\/span><\/p>\n<p class=\"m_1458897948240651525x_x_m_4415211635891392322x_MsoNormal\" style=\"text-align: justify\"><span lang=\"ES\">El recorrido que dur\u00f3 medio d\u00eda, fue parte de un premio vivencial, otorgado por el Proyecto Explora de la Universidad de Tarapac\u00e1<\/span><span lang=\"ES\"><\/span><span lang=\"ES\">a los ganadores del \u00e1lbum de actividades y l\u00e1minas coleccionables, \u201cUn gran Viaje por el Oc\u00e9ano\u201d, iniciativa desarrollada en el marco del tema del a\u00f1o 2017.<\/span><\/p>\n<p class=\"m_1458897948240651525x_x_m_4415211635891392322x_MsoNormal\" style=\"text-align: justify\"><span lang=\"ES\"><\/span><\/p>\n<p class=\"m_1458897948240651525x_x_m_4415211635891392322x_MsoNormal\" style=\"text-align: justify\"><span lang=\"ES\">La primera detenci\u00f3n fue en el sector de Las Colcas de Huaylac\u00e1n, dep\u00f3sitos subterr\u00e1neos, reforzados con paredes de piedras, que serv\u00edan para mantener los alimentos, especialmente los granos, en la \u00e9poca prehisp\u00e1nica. En la ruta tambi\u00e9n se puede observar paneles de geoglifos, adem\u00e1s de la abundante vegetaci\u00f3n t\u00edpica de este valle de aguas salobres.<\/span><\/p>\n<p class=\"m_1458897948240651525x_x_m_4415211635891392322x_MsoNormal\" style=\"text-align: justify\"><span lang=\"ES\"><\/span><\/p>\n<p class=\"m_1458897948240651525x_x_m_4415211635891392322x_MsoNormal\" style=\"text-align: justify\"><span lang=\"ES\">Jos\u00e9 Humire, maquinista de trenes por m\u00e1s de 20 a\u00f1os, es parte de la tripulaci\u00f3n, que incluye a otro maquinista y al conductor, que en este caso es quien entrega y corta los boletos. Son ellos los que conducen la locomotora especial para alta monta\u00f1a a 40 kil\u00f3metros por hora, hasta que se detiene en el sector de Poconchile, donde se cambia la posici\u00f3n para regresar m\u00e1s tarde.<\/span><\/p>\n<p class=\"m_1458897948240651525x_x_m_4415211635891392322x_MsoNormal\" style=\"text-align: justify\"><span lang=\"ES\"><\/span><\/p>\n<p class=\"m_1458897948240651525x_x_m_4415211635891392322x_MsoNormal\" style=\"text-align: justify\"><span lang=\"ES\">La profesora Fernanda Nilo, del Colegio Juan Pablo II, junto a los estudiantes de la Academia de Ciencia Entretenida y la Academia de Exploraci\u00f3n Cient\u00edfica, para participar en el \u00e1lbum, con el que hicieron muchas actividades en terreno. Son uno de los colegios ganadores de este concurso. \u201cEl premio nos encant\u00f3, pues para todos era nuestra primera vez en tren. Que Explora d\u00e9 estas instancias de educar entretenidamente nos parece fant\u00e1stico. Tener la posibilidad de pasear por la ciudad y el \u00e1rea rural en tren es algo que cualquiera no tiene la oportunidad y nos llena el coraz\u00f3n a todos\u201d, indic\u00f3.<\/span><\/p>\n<p class=\"m_1458897948240651525x_x_m_4415211635891392322x_MsoNormal\" style=\"text-align: justify\"><span lang=\"ES\"><\/span><\/p>\n<p class=\"m_1458897948240651525x_x_m_4415211635891392322x_MsoNormal\" style=\"text-align: justify\"><span lang=\"ES\">\u201cEste fue un premio maravilloso porque hay alumnos que no ten\u00edan esta oportunidad de viajar en tren, al igual que nosotros, fue lo m\u00e1ximo y compartir esto con los alumnos le da un significado mayor\u201d, plante\u00f3 la profesora Gabriela \u00c1lvarez del Colegio Juan Pablo II.<\/span><\/p>\n<p class=\"m_1458897948240651525x_x_m_4415211635891392322x_MsoNormal\" style=\"text-align: justify\"><span lang=\"ES\"><\/span><\/p>\n<p class=\"m_1458897948240651525x_x_m_4415211635891392322x_MsoNormal\" style=\"text-align: justify\"><span lang=\"ES\">Del Colegio Saucache, la profesora Isabel Carvajal, manifest\u00f3 estar muy orgullosa por todas las actividades que realizaron. \u201cTrabajamos a concho, todas las actividades fueron enriquecedoras y espont\u00e1neas, no tuvimos&nbsp;&nbsp;que exigir nada a nadie, fue como un juego. La experiencia de estar ac\u00e1 con los ni\u00f1os es \u00fanica porque lo van a recordar toda la vida y les va a servir para futuras experiencias\u201d, manifest\u00f3. Rafael Roa, estudiante del Colegio Saucache se sinti\u00f3 sorprendido \u201cporque tuvimos el primer lugar y porque \u00edbamos a viajar en tren\u201d.<\/span><\/p>\n<p class=\"m_1458897948240651525x_x_m_4415211635891392322x_MsoNormal\" style=\"text-align: justify\"><span lang=\"ES\"><\/span><\/p>\n<p class=\"m_1458897948240651525x_x_m_4415211635891392322x_MsoNormal\" style=\"text-align: justify\"><span lang=\"ES\">Despu\u00e9s de conocer la iglesia y saber m\u00e1s de su arquitectura, gracias a las visitas guiadas, los colegios fueron premiados por la directora del Proyecto Explora de la Universidad de Tarapac\u00e1, M\u00f3nica Navarrete, quien indic\u00f3 que \u201cel trabajo que hacen los profesores con los estudiantes es excepcional porque lograron estar entre los mejores, entre m\u00e1s de mil estudiantes que participaron en el \u00e1lbum, tener profesores como ellos nos marcan la vida\u201d, dijo.<\/span><\/p>\n<p class=\"m_1458897948240651525x_x_m_4415211635891392322x_MsoNormal\" style=\"text-align: justify\"><span lang=\"ES\"><\/span><\/p>\n<p class=\"m_1458897948240651525x_x_m_4415211635891392322x_MsoNormal\" style=\"text-align: justify\"><span lang=\"ES\">El retorno a la Estaci\u00f3n Chinchorro, junto a la bocina caracter\u00edstica de la locomotora 18102 y la pronta detenci\u00f3n pasado el mediod\u00eda dio t\u00e9rmino al regalo vivencial<\/span><span lang=\"ES\"><\/span><span lang=\"ES-TRAD\">de Explora. \u201c<\/span><span lang=\"ES\">Arica tiene una gran riqueza y una de ellas est\u00e1 en su territorio y utilizar el tren Arica-La Paz como medio ha sido excepcional, creo que tenemos que seguir avanzando en este tipo de actividades, que los ni\u00f1os tengan una experiencia en el tren significa que recorran nuestro pasado\u201d, finaliz\u00f3 la directora del proyecto de la UTA.<\/span><\/p>\n<p class=\"m_1458897948240651525x_x_m_4415211635891392322x_MsoNormal\" style=\"text-align: justify\"><span lang=\"ES\"><\/span><\/p>\n<p class=\"m_1458897948240651525x_x_m_4415211635891392322x_MsoNormal\" style=\"text-align: justify\"><span lang=\"ES\">A TONO CON LA \u00c9POCA<\/span><\/p>\n<p class=\"m_1458897948240651525x_x_m_4415211635891392322x_MsoNormal\" style=\"text-align: justify\"><span lang=\"ES\"><\/span><\/p>\n<p class=\"m_1458897948240651525x_x_m_4415211635891392322x_MsoNormal\" style=\"text-align: justify\"><span lang=\"ES\">Fany Mart\u00ednez, profesora de la Escuela Manuel Rodr\u00edguez Erdoyza, dijo que \u201cla actividad fue muy entretenida y con harto conocimiento, por lo que agradezco a Explora por todo lo que hace por los ni\u00f1os. Se motivaron tanto que decidimos vestirnos para representar a la \u00e9poca del 1.900, para lo cual arrendamos vestuario y buscamos accesorios, para estar acorde al tiempo cuando estaba el ferrocarril vigente\u201d, dijo.<\/span><\/p>\n<p class=\"m_1458897948240651525x_x_m_4415211635891392322x_MsoNormal\" style=\"text-align: justify\"><span lang=\"ES\"><\/span><\/p>\n<p class=\"m_1458897948240651525x_x_m_4415211635\n891392322x_MsoNormal\" style=\"text-align: justify\"><span lang=\"ES\">Abraham Lache, uno de los 30 estudiantes con vestuario de la \u00e9poca, manifest\u00f3 que fue muy divertido llegar con esta vestimenta especial.<\/span><\/p>\n<p class=\"m_1458897948240651525x_x_m_4415211635891392322x_MsoNormal\" style=\"text-align: justify\"><span lang=\"ES\"><\/span><\/p>\n<p class=\"m_1458897948240651525x_x_m_4415211635891392322x_MsoNormal\" style=\"text-align: justify\"><span lang=\"ES\">Para Claudia Henr\u00edquez, profesora del Colegio San Jorge, Academia de Ciencia, \u201cel \u00e1lbum fue un gran complemento a los contenidos que \u00edbamos pasando, y el premio s\u00faper divertido, los ni\u00f1os la pasaron muy bien y les gust\u00f3 la actividad, ya que s\u00f3lo uno hab\u00eda viajado en tren\u201d, se\u00f1al\u00f3. Mientras que Vicente C\u00f3rdoba, estudiante del Colegio San Jorge, dijo que le gust\u00f3 cuando se bajaron en Poconchile y en Las Colcas.<\/span><\/p>\n<p class=\"m_1458897948240651525x_x_m_4415211635891392322x_MsoNormal\" style=\"text-align: justify\"><span lang=\"ES\"><\/span><\/p>\n<p class=\"m_1458897948240651525x_x_m_4415211635891392322x_MsoNormal\" style=\"text-align: justify\"><span lang=\"ES\">El broche de oro de este viaje en tren fue la participaci\u00f3n de Camila \u00c1lvarez, que cumple un destacado rol en el Programa de Integraci\u00f3n de la Escuela Manuel Rodr\u00edguez Erdoyza, como asistente de una estudiante con diagn\u00f3stico de hipoacusia bilateral, con quien se comunica a trav\u00e9s de la lengua de se\u00f1as, \u201cobviamente no dejando de lado el trabajo del habla y que ella se sienta totalmente incluida dentro del curso\u201d, indic\u00f3.<\/span><\/p>\n<p class=\"m_1458897948240651525x_x_m_4415211635891392322x_MsoNormal\" style=\"text-align: justify\"><span lang=\"ES\"><\/span><\/p>\n<p class=\"m_1458897948240651525x_x_m_4415211635891392322x_MsoNormal\" style=\"text-align: justify\"><span lang=\"ES\">Al final del viaje, las historias se multiplican, y los deseos de volver, tambi\u00e9n.<\/span><\/p>\n<p><img loading=\"lazy\" decoding=\"async\" class=\" size-full wp-image-30389\" src=\"https:\/\/dev.explora.cl\/aricayparinacota\/wp-content\/uploads\/sites\/2\/2018\/03\/Collage_Tren.jpg\" alt=\"Collage Tren\" width=\"900\" height=\"400\" srcset=\"https:\/\/dev.explora.cl\/aricayparinacota\/wp-content\/uploads\/sites\/2\/2018\/03\/Collage_Tren.jpg 900w, https:\/\/dev.explora.cl\/aricayparinacota\/wp-content\/uploads\/sites\/2\/2018\/03\/Collage_Tren-300x133.jpg 300w, https:\/\/dev.explora.cl\/aricayparinacota\/wp-content\/uploads\/sites\/2\/2018\/03\/Collage_Tren-768x341.jpg 768w\" sizes=\"auto, (max-width: 900px) 100vw, 900px\" \/><\/p>\n","protected":false},"excerpt":{"rendered":"<p>Fueron en total 136 estudiantes que hicieron este viaje, el cual se dividi\u00f3 en dos d\u00edas. El primer d\u00eda participaron los colegios Saucache y Juan Pablo II. El segundo d\u00eda les correspondi\u00f3 al Colegio San Jorge y a la Escuela Manuel Rodr\u00edguez Erdoyza, cuyos motivados estudiantes se vistieron acorde a la \u00e9poca en que el [&hellip;]<\/p>\n","protected":false},"author":2,"featured_media":30388,"comment_status":"closed","ping_status":"open","sticky":false,"template":"","format":"standard","meta":{"_acf_changed":false,"_exactmetrics_skip_tracking":false,"_exactmetrics_sitenote_active":false,"_exactmetrics_sitenote_note":"","_exactmetrics_sitenote_category":0,"footnotes":"","_links_to":"","_links_to_target":""},"categories":[4],"tags":[],"class_list":["post-30390","post","type-post","status-publish","format-standard","has-post-thumbnail","hentry","category-noticias"],"acf":[],"yoast_head":"<!-- This site is optimized with the Yoast SEO plugin v26.7 - https:\/\/yoast.com\/wordpress\/plugins\/seo\/ -->\n<title>Estudiantes viajaron en tren con vestuario de la \u00e9poca - Arica y Parinacota<\/title>\n<meta name=\"robots\" content=\"index, follow, max-snippet:-1, max-image-preview:large, max-video-preview:-1\" \/>\n<link rel=\"canonical\" href=\"https:\/\/dev.explora.cl\/aricayparinacota\/estudiantes-viajaron-en-tren-con-vestuario-de-la-epoca\/\" class=\"yoast-seo-meta-tag\" \/>\n<meta property=\"og:locale\" content=\"es_ES\" class=\"yoast-seo-meta-tag\" \/>\n<meta property=\"og:type\" content=\"article\" class=\"yoast-seo-meta-tag\" \/>\n<meta property=\"og:title\" content=\"Estudiantes viajaron en tren con vestuario de la \u00e9poca - Arica y Parinacota\" class=\"yoast-seo-meta-tag\" \/>\n<meta property=\"og:description\" content=\"Fueron en total 136 estudiantes que hicieron este viaje, el cual se dividi\u00f3 en dos d\u00edas. El primer d\u00eda participaron los colegios Saucache y Juan Pablo II. El segundo d\u00eda les correspondi\u00f3 al Colegio San Jorge y a la Escuela Manuel Rodr\u00edguez Erdoyza, cuyos motivados estudiantes se vistieron acorde a la \u00e9poca en que el [&hellip;]\" class=\"yoast-seo-meta-tag\" \/>\n<meta property=\"og:url\" content=\"https:\/\/dev.explora.cl\/aricayparinacota\/estudiantes-viajaron-en-tren-con-vestuario-de-la-epoca\/\" class=\"yoast-seo-meta-tag\" \/>\n<meta property=\"og:site_name\" content=\"Arica y Parinacota\" class=\"yoast-seo-meta-tag\" \/>\n<meta property=\"article:published_time\" content=\"2018-03-27T13:20:48+00:00\" class=\"yoast-seo-meta-tag\" \/>\n<meta property=\"article:modified_time\" content=\"2019-05-09T20:45:23+00:00\" class=\"yoast-seo-meta-tag\" \/>\n<meta property=\"og:image\" content=\"https:\/\/dev.explora.cl\/aricayparinacota\/wp-content\/uploads\/sites\/2\/2018\/03\/Miniatura_Tren.jpg\" class=\"yoast-seo-meta-tag\" \/>\n\t<meta property=\"og:image:width\" content=\"223\" class=\"yoast-seo-meta-tag\" \/>\n\t<meta property=\"og:image:height\" content=\"147\" class=\"yoast-seo-meta-tag\" \/>\n\t<meta property=\"og:image:type\" content=\"image\/jpeg\" class=\"yoast-seo-meta-tag\" \/>\n<meta name=\"author\" content=\"webman\" class=\"yoast-seo-meta-tag\" \/>\n<meta name=\"twitter:card\" content=\"summary_large_image\" class=\"yoast-seo-meta-tag\" \/>\n<meta name=\"twitter:label1\" content=\"Escrito por\" class=\"yoast-seo-meta-tag\" \/>\n\t<meta name=\"twitter:data1\" content=\"webman\" class=\"yoast-seo-meta-tag\" \/>\n\t<meta name=\"twitter:label2\" content=\"Tiempo estimado de lectura\" class=\"yoast-seo-meta-tag\" \/>\n\t<meta name=\"twitter:data2\" content=\"5 minutos\" class=\"yoast-seo-meta-tag\" \/>\n<script type=\"application\/ld+json\" class=\"yoast-schema-graph\">{\"@context\":\"https:\/\/schema.org\",\"@graph\":[{\"@type\":\"Article\",\"@id\":\"https:\/\/dev.explora.cl\/aricayparinacota\/estudiantes-viajaron-en-tren-con-vestuario-de-la-epoca\/#article\",\"isPartOf\":{\"@id\":\"https:\/\/dev.explora.cl\/aricayparinacota\/estudiantes-viajaron-en-tren-con-vestuario-de-la-epoca\/\"},\"author\":{\"name\":\"webman\",\"@id\":\"https:\/\/dev.explora.cl\/aricayparinacota\/#\/schema\/person\/cb8349c13ea2d324080adf8480d7ba5d\"},\"headline\":\"Estudiantes viajaron en tren con vestuario de la \u00e9poca\",\"datePublished\":\"2018-03-27T13:20:48+00:00\",\"dateModified\":\"2019-05-09T20:45:23+00:00\",\"mainEntityOfPage\":{\"@id\":\"https:\/\/dev.explora.cl\/aricayparinacota\/estudiantes-viajaron-en-tren-con-vestuario-de-la-epoca\/\"},\"wordCount\":1034,\"publisher\":{\"@id\":\"https:\/\/dev.explora.cl\/aricayparinacota\/#organization\"},\"image\":{\"@id\":\"https:\/\/dev.explora.cl\/aricayparinacota\/estudiantes-viajaron-en-tren-con-vestuario-de-la-epoca\/#primaryimage\"},\"thumbnailUrl\":\"https:\/\/dev.explora.cl\/aricayparinacota\/wp-content\/uploads\/sites\/2\/2018\/03\/Miniatura_Tren.jpg\",\"articleSection\":[\"Noticias\"],\"inLanguage\":\"es-CL\"},{\"@type\":\"WebPage\",\"@id\":\"https:\/\/dev.explora.cl\/aricayparinacota\/estudiantes-viajaron-en-tren-con-vestuario-de-la-epoca\/\",\"url\":\"https:\/\/dev.explora.cl\/aricayparinacota\/estudiantes-viajaron-en-tren-con-vestuario-de-la-epoca\/\",\"name\":\"Estudiantes viajaron en tren con vestuario de la \u00e9poca - Arica y Parinacota\",\"isPartOf\":{\"@id\":\"https:\/\/dev.explora.cl\/aricayparinacota\/#website\"},\"primaryImageOfPage\":{\"@id\":\"https:\/\/dev.explora.cl\/aricayparinacota\/estudiantes-viajaron-en-tren-con-vestuario-de-la-epoca\/#primaryimage\"},\"image\":{\"@id\":\"https:\/\/dev.explora.cl\/aricayparinacota\/estudiantes-viajaron-en-tren-con-vestuario-de-la-epoca\/#primaryimage\"},\"thumbnailUrl\":\"https:\/\/dev.explora.cl\/aricayparinacota\/wp-content\/uploads\/sites\/2\/2018\/03\/Miniatura_Tren.jpg\",\"datePublished\":\"2018-03-27T13:20:48+00:00\",\"dateModified\":\"2019-05-09T20:45:23+00:00\",\"breadcrumb\":{\"@id\":\"https:\/\/dev.explora.cl\/aricayparinacota\/estudiantes-viajaron-en-tren-con-vestuario-de-la-epoca\/#breadcrumb\"},\"inLanguage\":\"es-CL\",\"potentialAction\":[{\"@type\":\"ReadAction\",\"target\":[\"https:\/\/dev.explora.cl\/aricayparinacota\/estudiantes-viajaron-en-tren-con-vestuario-de-la-epoca\/\"]}]},{\"@type\":\"ImageObject\",\"inLanguage\":\"es-CL\",\"@id\":\"https:\/\/dev.explora.cl\/aricayparinacota\/estudiantes-viajaron-en-tren-con-vestuario-de-la-epoca\/#primaryimage\",\"url\":\"https:\/\/dev.explora.cl\/aricayparinacota\/wp-content\/uploads\/sites\/2\/2018\/03\/Miniatura_Tren.jpg\",\"contentUrl\":\"https:\/\/dev.explora.cl\/aricayparinacota\/wp-content\/uploads\/sites\/2\/2018\/03\/Miniatura_Tren.jpg\",\"width\":223,\"height\":147},{\"@type\":\"BreadcrumbList\",\"@id\":\"https:\/\/dev.explora.cl\/aricayparinacota\/estudiantes-viajaron-en-tren-con-vestuario-de-la-epoca\/#breadcrumb\",\"itemListElement\":[{\"@type\":\"ListItem\",\"position\":1,\"name\":\"Portada\",\"item\":\"https:\/\/dev.explora.cl\/aricayparinacota\/\"},{\"@type\":\"ListItem\",\"position\":2,\"name\":\"Estudiantes viajaron en tren con vestuario de la \u00e9poca\"}]},{\"@type\":\"WebSite\",\"@id\":\"https:\/\/dev.explora.cl\/aricayparinacota\/#website\",\"url\":\"https:\/\/dev.explora.cl\/aricayparinacota\/\",\"name\":\"Arica y Parinacota\",\"description\":\"Otro sitio m\u00e1s de dev.explora.cl\",\"publisher\":{\"@id\":\"https:\/\/dev.explora.cl\/aricayparinacota\/#organization\"},\"potentialAction\":[{\"@type\":\"SearchAction\",\"target\":{\"@type\":\"EntryPoint\",\"urlTemplate\":\"https:\/\/dev.explora.cl\/aricayparinacota\/?s={search_term_string}\"},\"query-input\":{\"@type\":\"PropertyValueSpecification\",\"valueRequired\":true,\"valueName\":\"search_term_string\"}}],\"inLanguage\":\"es-CL\"},{\"@type\":\"Organization\",\"@id\":\"https:\/\/dev.explora.cl\/aricayparinacota\/#organization\",\"name\":\"Arica y Parinacota\",\"url\":\"https:\/\/dev.explora.cl\/aricayparinacota\/\",\"logo\":{\"@type\":\"ImageObject\",\"inLanguage\":\"es-CL\",\"@id\":\"https:\/\/dev.explora.cl\/aricayparinacota\/#\/schema\/logo\/image\/\",\"url\":\"https:\/\/dev.explora.cl\/aricayparinacota\/wp-content\/uploads\/sites\/2\/2020\/08\/cropped-nuevosa-logos-11.png\",\"contentUrl\":\"https:\/\/dev.explora.cl\/aricayparinacota\/wp-content\/uploads\/sites\/2\/2020\/08\/cropped-nuevosa-logos-11.png\",\"width\":812,\"height\":937,\"caption\":\"Arica y Parinacota\"},\"image\":{\"@id\":\"https:\/\/dev.explora.cl\/aricayparinacota\/#\/schema\/logo\/image\/\"}},{\"@type\":\"Person\",\"@id\":\"https:\/\/dev.explora.cl\/aricayparinacota\/#\/schema\/person\/cb8349c13ea2d324080adf8480d7ba5d\",\"name\":\"webman\",\"image\":{\"@type\":\"ImageObject\",\"inLanguage\":\"es-CL\",\"@id\":\"https:\/\/dev.explora.cl\/aricayparinacota\/#\/schema\/person\/image\/\",\"url\":\"https:\/\/secure.gravatar.com\/avatar\/eeff3c82f2c02f7177d13663b7e6f890e9a6a0647ce9bb29cae02dcb094c7312?s=96&d=mm&r=g\",\"contentUrl\":\"https:\/\/secure.gravatar.com\/avatar\/eeff3c82f2c02f7177d13663b7e6f890e9a6a0647ce9bb29cae02dcb094c7312?s=96&d=mm&r=g\",\"caption\":\"webman\"},\"url\":\"https:\/\/dev.explora.cl\/aricayparinacota\/author\/webman\/\"}]}<\/script>\n<!-- \/ Yoast SEO plugin. -->","yoast_head_json":{"title":"Estudiantes viajaron en tren con vestuario de la \u00e9poca - Arica y Parinacota","robots":{"index":"index","follow":"follow","max-snippet":"max-snippet:-1","max-image-preview":"max-image-preview:large","max-video-preview":"max-video-preview:-1"},"canonical":"https:\/\/dev.explora.cl\/aricayparinacota\/estudiantes-viajaron-en-tren-con-vestuario-de-la-epoca\/","og_locale":"es_ES","og_type":"article","og_title":"Estudiantes viajaron en tren con vestuario de la \u00e9poca - Arica y Parinacota","og_description":"Fueron en total 136 estudiantes que hicieron este viaje, el cual se dividi\u00f3 en dos d\u00edas. El primer d\u00eda participaron los colegios Saucache y Juan Pablo II. El segundo d\u00eda les correspondi\u00f3 al Colegio San Jorge y a la Escuela Manuel Rodr\u00edguez Erdoyza, cuyos motivados estudiantes se vistieron acorde a la \u00e9poca en que el [&hellip;]","og_url":"https:\/\/dev.explora.cl\/aricayparinacota\/estudiantes-viajaron-en-tren-con-vestuario-de-la-epoca\/","og_site_name":"Arica y Parinacota","article_published_time":"2018-03-27T13:20:48+00:00","article_modified_time":"2019-05-09T20:45:23+00:00","og_image":[{"width":223,"height":147,"url":"https:\/\/dev.explora.cl\/aricayparinacota\/wp-content\/uploads\/sites\/2\/2018\/03\/Miniatura_Tren.jpg","type":"image\/jpeg"}],"author":"webman","twitter_card":"summary_large_image","twitter_misc":{"Escrito por":"webman","Tiempo estimado de lectura":"5 minutos"},"schema":{"@context":"https:\/\/schema.org","@graph":[{"@type":"Article","@id":"https:\/\/dev.explora.cl\/aricayparinacota\/estudiantes-viajaron-en-tren-con-vestuario-de-la-epoca\/#article","isPartOf":{"@id":"https:\/\/dev.explora.cl\/aricayparinacota\/estudiantes-viajaron-en-tren-con-vestuario-de-la-epoca\/"},"author":{"name":"webman","@id":"https:\/\/dev.explora.cl\/aricayparinacota\/#\/schema\/person\/cb8349c13ea2d324080adf8480d7ba5d"},"headline":"Estudiantes viajaron en tren con vestuario de la \u00e9poca","datePublished":"2018-03-27T13:20:48+00:00","dateModified":"2019-05-09T20:45:23+00:00","mainEntityOfPage":{"@id":"https:\/\/dev.explora.cl\/aricayparinacota\/estudiantes-viajaron-en-tren-con-vestuario-de-la-epoca\/"},"wordCount":1034,"publisher":{"@id":"https:\/\/dev.explora.cl\/aricayparinacota\/#organization"},"image":{"@id":"https:\/\/dev.explora.cl\/aricayparinacota\/estudiantes-viajaron-en-tren-con-vestuario-de-la-epoca\/#primaryimage"},"thumbnailUrl":"https:\/\/dev.explora.cl\/aricayparinacota\/wp-content\/uploads\/sites\/2\/2018\/03\/Miniatura_Tren.jpg","articleSection":["Noticias"],"inLanguage":"es-CL"},{"@type":"WebPage","@id":"https:\/\/dev.explora.cl\/aricayparinacota\/estudiantes-viajaron-en-tren-con-vestuario-de-la-epoca\/","url":"https:\/\/dev.explora.cl\/aricayparinacota\/estudiantes-viajaron-en-tren-con-vestuario-de-la-epoca\/","name":"Estudiantes viajaron en tren con vestuario de la \u00e9poca - Arica y Parinacota","isPartOf":{"@id":"https:\/\/dev.explora.cl\/aricayparinacota\/#website"},"primaryImageOfPage":{"@id":"https:\/\/dev.explora.cl\/aricayparinacota\/estudiantes-viajaron-en-tren-con-vestuario-de-la-epoca\/#primaryimage"},"image":{"@id":"https:\/\/dev.explora.cl\/aricayparinacota\/estudiantes-viajaron-en-tren-con-vestuario-de-la-epoca\/#primaryimage"},"thumbnailUrl":"https:\/\/dev.explora.cl\/aricayparinacota\/wp-content\/uploads\/sites\/2\/2018\/03\/Miniatura_Tren.jpg","datePublished":"2018-03-27T13:20:48+00:00","dateModified":"2019-05-09T20:45:23+00:00","breadcrumb":{"@id":"https:\/\/dev.explora.cl\/aricayparinacota\/estudiantes-viajaron-en-tren-con-vestuario-de-la-epoca\/#breadcrumb"},"inLanguage":"es-CL","potentialAction":[{"@type":"ReadAction","target":["https:\/\/dev.explora.cl\/aricayparinacota\/estudiantes-viajaron-en-tren-con-vestuario-de-la-epoca\/"]}]},{"@type":"ImageObject","inLanguage":"es-CL","@id":"https:\/\/dev.explora.cl\/aricayparinacota\/estudiantes-viajaron-en-tren-con-vestuario-de-la-epoca\/#primaryimage","url":"https:\/\/dev.explora.cl\/aricayparinacota\/wp-content\/uploads\/sites\/2\/2018\/03\/Miniatura_Tren.jpg","contentUrl":"https:\/\/dev.explora.cl\/aricayparinacota\/wp-content\/uploads\/sites\/2\/2018\/03\/Miniatura_Tren.jpg","width":223,"height":147},{"@type":"BreadcrumbList","@id":"https:\/\/dev.explora.cl\/aricayparinacota\/estudiantes-viajaron-en-tren-con-vestuario-de-la-epoca\/#breadcrumb","itemListElement":[{"@type":"ListItem","position":1,"name":"Portada","item":"https:\/\/dev.explora.cl\/aricayparinacota\/"},{"@type":"ListItem","position":2,"name":"Estudiantes viajaron en tren con vestuario de la \u00e9poca"}]},{"@type":"WebSite","@id":"https:\/\/dev.explora.cl\/aricayparinacota\/#website","url":"https:\/\/dev.explora.cl\/aricayparinacota\/","name":"Arica y Parinacota","description":"Otro sitio m\u00e1s de dev.explora.cl","publisher":{"@id":"https:\/\/dev.explora.cl\/aricayparinacota\/#organization"},"potentialAction":[{"@type":"SearchAction","target":{"@type":"EntryPoint","urlTemplate":"https:\/\/dev.explora.cl\/aricayparinacota\/?s={search_term_string}"},"query-input":{"@type":"PropertyValueSpecification","valueRequired":true,"valueName":"search_term_string"}}],"inLanguage":"es-CL"},{"@type":"Organization","@id":"https:\/\/dev.explora.cl\/aricayparinacota\/#organization","name":"Arica y Parinacota","url":"https:\/\/dev.explora.cl\/aricayparinacota\/","logo":{"@type":"ImageObject","inLanguage":"es-CL","@id":"https:\/\/dev.explora.cl\/aricayparinacota\/#\/schema\/logo\/image\/","url":"https:\/\/dev.explora.cl\/aricayparinacota\/wp-content\/uploads\/sites\/2\/2020\/08\/cropped-nuevosa-logos-11.png","contentUrl":"https:\/\/dev.explora.cl\/aricayparinacota\/wp-content\/uploads\/sites\/2\/2020\/08\/cropped-nuevosa-logos-11.png","width":812,"height":937,"caption":"Arica y Parinacota"},"image":{"@id":"https:\/\/dev.explora.cl\/aricayparinacota\/#\/schema\/logo\/image\/"}},{"@type":"Person","@id":"https:\/\/dev.explora.cl\/aricayparinacota\/#\/schema\/person\/cb8349c13ea2d324080adf8480d7ba5d","name":"webman","image":{"@type":"ImageObject","inLanguage":"es-CL","@id":"https:\/\/dev.explora.cl\/aricayparinacota\/#\/schema\/person\/image\/","url":"https:\/\/secure.gravatar.com\/avatar\/eeff3c82f2c02f7177d13663b7e6f890e9a6a0647ce9bb29cae02dcb094c7312?s=96&d=mm&r=g","contentUrl":"https:\/\/secure.gravatar.com\/avatar\/eeff3c82f2c02f7177d13663b7e6f890e9a6a0647ce9bb29cae02dcb094c7312?s=96&d=mm&r=g","caption":"webman"},"url":"https:\/\/dev.explora.cl\/aricayparinacota\/author\/webman\/"}]}},"_links":{"self":[{"href":"https:\/\/dev.explora.cl\/aricayparinacota\/wp-json\/wp\/v2\/posts\/30390","targetHints":{"allow":["GET"]}}],"collection":[{"href":"https:\/\/dev.explora.cl\/aricayparinacota\/wp-json\/wp\/v2\/posts"}],"about":[{"href":"https:\/\/dev.explora.cl\/aricayparinacota\/wp-json\/wp\/v2\/types\/post"}],"author":[{"embeddable":true,"href":"https:\/\/dev.explora.cl\/aricayparinacota\/wp-json\/wp\/v2\/users\/2"}],"replies":[{"embeddable":true,"href":"https:\/\/dev.explora.cl\/aricayparinacota\/wp-json\/wp\/v2\/comments?post=30390"}],"version-history":[{"count":1,"href":"https:\/\/dev.explora.cl\/aricayparinacota\/wp-json\/wp\/v2\/posts\/30390\/revisions"}],"predecessor-version":[{"id":32837,"href":"https:\/\/dev.explora.cl\/aricayparinacota\/wp-json\/wp\/v2\/posts\/30390\/revisions\/32837"}],"wp:featuredmedia":[{"embeddable":true,"href":"https:\/\/dev.explora.cl\/aricayparinacota\/wp-json\/wp\/v2\/media\/30388"}],"wp:attachment":[{"href":"https:\/\/dev.explora.cl\/aricayparinacota\/wp-json\/wp\/v2\/media?parent=30390"}],"wp:term":[{"taxonomy":"category","embeddable":true,"href":"https:\/\/dev.explora.cl\/aricayparinacota\/wp-json\/wp\/v2\/categories?post=30390"},{"taxonomy":"post_tag","embeddable":true,"href":"https:\/\/dev.explora.cl\/aricayparinacota\/wp-json\/wp\/v2\/tags?post=30390"}],"curies":[{"name":"wp","href":"https:\/\/api.w.org\/{rel}","templated":true}]}}