{"id":30080,"date":"2018-03-09T13:18:10","date_gmt":"2018-03-09T13:18:10","guid":{"rendered":"https:\/\/dev.explora.cl\/2018\/03\/09\/premio-nacional-realizara-charlas-sobre-astronomia-en-arica\/"},"modified":"2019-05-09T20:45:37","modified_gmt":"2019-05-09T20:45:37","slug":"premio-nacional-realizara-charlas-sobre-astronomia-en-arica","status":"publish","type":"post","link":"https:\/\/dev.explora.cl\/aricayparinacota\/premio-nacional-realizara-charlas-sobre-astronomia-en-arica\/","title":{"rendered":"Premio Nacional realizar\u00e1 charlas sobre astronom\u00eda en Arica"},"content":{"rendered":"<p>&nbsp;<\/p>\n<p><span style=\"font-size: 18pt\"><strong>M\u00e1s all\u00e1 de las estrellas<\/strong><\/span><\/p>\n<p>Basta mirar hacia el cielo para darnos cuenta de la belleza e inmensidad de nuestro sistema solar, de lo peque\u00f1os que somos, y de las grandes posibilidades que existen para investigar en las ciencias astron\u00f3micas. Nuestra regi\u00f3n posee el privilegio de contar con cielos limpios, especialmente en los pisos ecol\u00f3gicos de mayor altura.<\/p>\n<p>Este a\u00f1o, en el mes de marzo, se celebrar\u00e1 el \u201cD\u00eda de la Astronom\u00eda\u201d en todo el pa\u00eds y en nuestra regi\u00f3n tambi\u00e9n se contempla una serie de actividades para ser parte de esta propuesta, para lo cual el Proyecto Explora, que desarrolla la Universidad de Tarapac\u00e1, invit\u00f3 al Premio Nacional de Ciencias Exactas 2017, Dr. Guido Garay,&nbsp;profesor titular de la Facultad de Ciencias F\u00edsicas y Matem\u00e1ticas de la Universidad de Chile, doctorado en la Universidad de Harvard.<\/p>\n<p>El doctor en astronom\u00eda es especialista en formaci\u00f3n estelar, \u00e1rea que investiga desde hace tres d\u00e9cadas en la Universidad de Chile y ha sido investigador asociado del Centro de Astrof\u00edsica y becario del Observatorio Interamericano Cerro Tololo y del Observatorio Europeo Austral.<\/p>\n<p><span style=\"font-size: 18pt\"><strong>ACTIVIDADES<\/strong><\/span><\/p>\n<p>El programa preparado para esta oportunidad contempla el<strong> 22 de marzo la charla \u201cNuestro sistema solar\u201d<\/strong>, dirigida a estudiantes de educaci\u00f3n b\u00e1sica, en la Escuela Espa\u00f1a, ubicada en el kil\u00f3metro 28 del valle de Azapa a partir de las 9.30 horas. La misma charla se realizar\u00e1 a partir de las 11.30 horas en la Escuela de Poconchile, ubicada en el kil\u00f3metro 28 del valle de Lluta.<\/p>\n<p><strong>El 23 de marzo la charla \u201c\u00bfD\u00f3nde y c\u00f3mo se forman las estrellas?<\/strong>\u201d, dirigida a estudiantes de educaci\u00f3n media, se efectuar\u00e1 a partir de las 10.30 horas en el Aula Magna de la Universidad de Tarapac\u00e1, campus Vel\u00e1squez. A las 16.15 horas est\u00e1 charla se realizar\u00e1 en el auditorio Facsojur del campus Saucache dirigida a p\u00fablico general.<\/p>\n<p>&nbsp;<img loading=\"lazy\" decoding=\"async\" class=\" size-full wp-image-30079\" src=\"https:\/\/dev.explora.cl\/aricayparinacota\/wp-content\/uploads\/sites\/2\/2018\/03\/Banner_Google-01.jpg\" alt=\"Banner Google 01\" width=\"964\" height=\"288\" \/><\/p>\n<p>&nbsp;<\/p>\n","protected":false},"excerpt":{"rendered":"<p>&nbsp; M\u00e1s all\u00e1 de las estrellas Basta mirar hacia el cielo para darnos cuenta de la belleza e inmensidad de nuestro sistema solar, de lo peque\u00f1os que somos, y de las grandes posibilidades que existen para investigar en las ciencias astron\u00f3micas. Nuestra regi\u00f3n posee el privilegio de contar con cielos limpios, especialmente en los pisos [&hellip;]<\/p>\n","protected":false},"author":2,"featured_media":30078,"comment_status":"closed","ping_status":"open","sticky":false,"template":"","format":"standard","meta":{"_acf_changed":false,"_exactmetrics_skip_tracking":false,"_exactmetrics_sitenote_active":false,"_exactmetrics_sitenote_note":"","_exactmetrics_sitenote_category":0,"footnotes":"","_links_to":"","_links_to_target":""},"categories":[4],"tags":[],"class_list":["post-30080","post","type-post","status-publish","format-standard","has-post-thumbnail","hentry","category-noticias"],"acf":[],"yoast_head":"<!-- This site is optimized with the Yoast SEO plugin v26.7 - https:\/\/yoast.com\/wordpress\/plugins\/seo\/ -->\n<title>Premio Nacional realizar\u00e1 charlas sobre astronom\u00eda en Arica - Arica y Parinacota<\/title>\n<meta name=\"robots\" content=\"index, follow, max-snippet:-1, max-image-preview:large, max-video-preview:-1\" \/>\n<link rel=\"canonical\" href=\"https:\/\/dev.explora.cl\/aricayparinacota\/premio-nacional-realizara-charlas-sobre-astronomia-en-arica\/\" class=\"yoast-seo-meta-tag\" \/>\n<meta property=\"og:locale\" content=\"es_ES\" class=\"yoast-seo-meta-tag\" \/>\n<meta property=\"og:type\" content=\"article\" class=\"yoast-seo-meta-tag\" \/>\n<meta property=\"og:title\" content=\"Premio Nacional realizar\u00e1 charlas sobre astronom\u00eda en Arica - Arica y Parinacota\" class=\"yoast-seo-meta-tag\" \/>\n<meta property=\"og:description\" content=\"&nbsp; M\u00e1s all\u00e1 de las estrellas Basta mirar hacia el cielo para darnos cuenta de la belleza e inmensidad de nuestro sistema solar, de lo peque\u00f1os que somos, y de las grandes posibilidades que existen para investigar en las ciencias astron\u00f3micas. Nuestra regi\u00f3n posee el privilegio de contar con cielos limpios, especialmente en los pisos [&hellip;]\" class=\"yoast-seo-meta-tag\" \/>\n<meta property=\"og:url\" content=\"https:\/\/dev.explora.cl\/aricayparinacota\/premio-nacional-realizara-charlas-sobre-astronomia-en-arica\/\" class=\"yoast-seo-meta-tag\" \/>\n<meta property=\"og:site_name\" content=\"Arica y Parinacota\" class=\"yoast-seo-meta-tag\" \/>\n<meta property=\"article:published_time\" content=\"2018-03-09T13:18:10+00:00\" class=\"yoast-seo-meta-tag\" \/>\n<meta property=\"article:modified_time\" content=\"2019-05-09T20:45:37+00:00\" class=\"yoast-seo-meta-tag\" \/>\n<meta property=\"og:image\" content=\"https:\/\/dev.explora.cl\/aricayparinacota\/wp-content\/uploads\/sites\/2\/2018\/03\/01_-_Miniatura_Astronomia.jpg\" class=\"yoast-seo-meta-tag\" \/>\n\t<meta property=\"og:image:width\" content=\"223\" class=\"yoast-seo-meta-tag\" \/>\n\t<meta property=\"og:image:height\" content=\"147\" class=\"yoast-seo-meta-tag\" \/>\n\t<meta property=\"og:image:type\" content=\"image\/jpeg\" class=\"yoast-seo-meta-tag\" \/>\n<meta name=\"author\" content=\"webman\" class=\"yoast-seo-meta-tag\" \/>\n<meta name=\"twitter:card\" content=\"summary_large_image\" class=\"yoast-seo-meta-tag\" \/>\n<meta name=\"twitter:label1\" content=\"Escrito por\" class=\"yoast-seo-meta-tag\" \/>\n\t<meta name=\"twitter:data1\" content=\"webman\" class=\"yoast-seo-meta-tag\" \/>\n\t<meta name=\"twitter:label2\" content=\"Tiempo estimado de lectura\" class=\"yoast-seo-meta-tag\" \/>\n\t<meta name=\"twitter:data2\" content=\"2 minutos\" class=\"yoast-seo-meta-tag\" \/>\n<script type=\"application\/ld+json\" class=\"yoast-schema-graph\">{\"@context\":\"https:\/\/schema.org\",\"@graph\":[{\"@type\":\"Article\",\"@id\":\"https:\/\/dev.explora.cl\/aricayparinacota\/premio-nacional-realizara-charlas-sobre-astronomia-en-arica\/#article\",\"isPartOf\":{\"@id\":\"https:\/\/dev.explora.cl\/aricayparinacota\/premio-nacional-realizara-charlas-sobre-astronomia-en-arica\/\"},\"author\":{\"name\":\"webman\",\"@id\":\"https:\/\/dev.explora.cl\/aricayparinacota\/#\/schema\/person\/cb8349c13ea2d324080adf8480d7ba5d\"},\"headline\":\"Premio Nacional realizar\u00e1 charlas sobre astronom\u00eda en Arica\",\"datePublished\":\"2018-03-09T13:18:10+00:00\",\"dateModified\":\"2019-05-09T20:45:37+00:00\",\"mainEntityOfPage\":{\"@id\":\"https:\/\/dev.explora.cl\/aricayparinacota\/premio-nacional-realizara-charlas-sobre-astronomia-en-arica\/\"},\"wordCount\":334,\"publisher\":{\"@id\":\"https:\/\/dev.explora.cl\/aricayparinacota\/#organization\"},\"image\":{\"@id\":\"https:\/\/dev.explora.cl\/aricayparinacota\/premio-nacional-realizara-charlas-sobre-astronomia-en-arica\/#primaryimage\"},\"thumbnailUrl\":\"https:\/\/dev.explora.cl\/aricayparinacota\/wp-content\/uploads\/sites\/2\/2018\/03\/01_-_Miniatura_Astronomia.jpg\",\"articleSection\":[\"Noticias\"],\"inLanguage\":\"es-CL\"},{\"@type\":\"WebPage\",\"@id\":\"https:\/\/dev.explora.cl\/aricayparinacota\/premio-nacional-realizara-charlas-sobre-astronomia-en-arica\/\",\"url\":\"https:\/\/dev.explora.cl\/aricayparinacota\/premio-nacional-realizara-charlas-sobre-astronomia-en-arica\/\",\"name\":\"Premio Nacional realizar\u00e1 charlas sobre astronom\u00eda en Arica - Arica y Parinacota\",\"isPartOf\":{\"@id\":\"https:\/\/dev.explora.cl\/aricayparinacota\/#website\"},\"primaryImageOfPage\":{\"@id\":\"https:\/\/dev.explora.cl\/aricayparinacota\/premio-nacional-realizara-charlas-sobre-astronomia-en-arica\/#primaryimage\"},\"image\":{\"@id\":\"https:\/\/dev.explora.cl\/aricayparinacota\/premio-nacional-realizara-charlas-sobre-astronomia-en-arica\/#primaryimage\"},\"thumbnailUrl\":\"https:\/\/dev.explora.cl\/aricayparinacota\/wp-content\/uploads\/sites\/2\/2018\/03\/01_-_Miniatura_Astronomia.jpg\",\"datePublished\":\"2018-03-09T13:18:10+00:00\",\"dateModified\":\"2019-05-09T20:45:37+00:00\",\"breadcrumb\":{\"@id\":\"https:\/\/dev.explora.cl\/aricayparinacota\/premio-nacional-realizara-charlas-sobre-astronomia-en-arica\/#breadcrumb\"},\"inLanguage\":\"es-CL\",\"potentialAction\":[{\"@type\":\"ReadAction\",\"target\":[\"https:\/\/dev.explora.cl\/aricayparinacota\/premio-nacional-realizara-charlas-sobre-astronomia-en-arica\/\"]}]},{\"@type\":\"ImageObject\",\"inLanguage\":\"es-CL\",\"@id\":\"https:\/\/dev.explora.cl\/aricayparinacota\/premio-nacional-realizara-charlas-sobre-astronomia-en-arica\/#primaryimage\",\"url\":\"https:\/\/dev.explora.cl\/aricayparinacota\/wp-content\/uploads\/sites\/2\/2018\/03\/01_-_Miniatura_Astronomia.jpg\",\"contentUrl\":\"https:\/\/dev.explora.cl\/aricayparinacota\/wp-content\/uploads\/sites\/2\/2018\/03\/01_-_Miniatura_Astronomia.jpg\",\"width\":223,\"height\":147},{\"@type\":\"BreadcrumbList\",\"@id\":\"https:\/\/dev.explora.cl\/aricayparinacota\/premio-nacional-realizara-charlas-sobre-astronomia-en-arica\/#breadcrumb\",\"itemListElement\":[{\"@type\":\"ListItem\",\"position\":1,\"name\":\"Portada\",\"item\":\"https:\/\/dev.explora.cl\/aricayparinacota\/\"},{\"@type\":\"ListItem\",\"position\":2,\"name\":\"Premio Nacional realizar\u00e1 charlas sobre astronom\u00eda en Arica\"}]},{\"@type\":\"WebSite\",\"@id\":\"https:\/\/dev.explora.cl\/aricayparinacota\/#website\",\"url\":\"https:\/\/dev.explora.cl\/aricayparinacota\/\",\"name\":\"Arica y Parinacota\",\"description\":\"Otro sitio m\u00e1s de dev.explora.cl\",\"publisher\":{\"@id\":\"https:\/\/dev.explora.cl\/aricayparinacota\/#organization\"},\"potentialAction\":[{\"@type\":\"SearchAction\",\"target\":{\"@type\":\"EntryPoint\",\"urlTemplate\":\"https:\/\/dev.explora.cl\/aricayparinacota\/?s={search_term_string}\"},\"query-input\":{\"@type\":\"PropertyValueSpecification\",\"valueRequired\":true,\"valueName\":\"search_term_string\"}}],\"inLanguage\":\"es-CL\"},{\"@type\":\"Organization\",\"@id\":\"https:\/\/dev.explora.cl\/aricayparinacota\/#organization\",\"name\":\"Arica y Parinacota\",\"url\":\"https:\/\/dev.explora.cl\/aricayparinacota\/\",\"logo\":{\"@type\":\"ImageObject\",\"inLanguage\":\"es-CL\",\"@id\":\"https:\/\/dev.explora.cl\/aricayparinacota\/#\/schema\/logo\/image\/\",\"url\":\"https:\/\/dev.explora.cl\/aricayparinacota\/wp-content\/uploads\/sites\/2\/2020\/08\/cropped-nuevosa-logos-11.png\",\"contentUrl\":\"https:\/\/dev.explora.cl\/aricayparinacota\/wp-content\/uploads\/sites\/2\/2020\/08\/cropped-nuevosa-logos-11.png\",\"width\":812,\"height\":937,\"caption\":\"Arica y Parinacota\"},\"image\":{\"@id\":\"https:\/\/dev.explora.cl\/aricayparinacota\/#\/schema\/logo\/image\/\"}},{\"@type\":\"Person\",\"@id\":\"https:\/\/dev.explora.cl\/aricayparinacota\/#\/schema\/person\/cb8349c13ea2d324080adf8480d7ba5d\",\"name\":\"webman\",\"image\":{\"@type\":\"ImageObject\",\"inLanguage\":\"es-CL\",\"@id\":\"https:\/\/dev.explora.cl\/aricayparinacota\/#\/schema\/person\/image\/\",\"url\":\"https:\/\/secure.gravatar.com\/avatar\/eeff3c82f2c02f7177d13663b7e6f890e9a6a0647ce9bb29cae02dcb094c7312?s=96&d=mm&r=g\",\"contentUrl\":\"https:\/\/secure.gravatar.com\/avatar\/eeff3c82f2c02f7177d13663b7e6f890e9a6a0647ce9bb29cae02dcb094c7312?s=96&d=mm&r=g\",\"caption\":\"webman\"},\"url\":\"https:\/\/dev.explora.cl\/aricayparinacota\/author\/webman\/\"}]}<\/script>\n<!-- \/ Yoast SEO plugin. -->","yoast_head_json":{"title":"Premio Nacional realizar\u00e1 charlas sobre astronom\u00eda en Arica - Arica y Parinacota","robots":{"index":"index","follow":"follow","max-snippet":"max-snippet:-1","max-image-preview":"max-image-preview:large","max-video-preview":"max-video-preview:-1"},"canonical":"https:\/\/dev.explora.cl\/aricayparinacota\/premio-nacional-realizara-charlas-sobre-astronomia-en-arica\/","og_locale":"es_ES","og_type":"article","og_title":"Premio Nacional realizar\u00e1 charlas sobre astronom\u00eda en Arica - Arica y Parinacota","og_description":"&nbsp; M\u00e1s all\u00e1 de las estrellas Basta mirar hacia el cielo para darnos cuenta de la belleza e inmensidad de nuestro sistema solar, de lo peque\u00f1os que somos, y de las grandes posibilidades que existen para investigar en las ciencias astron\u00f3micas. Nuestra regi\u00f3n posee el privilegio de contar con cielos limpios, especialmente en los pisos [&hellip;]","og_url":"https:\/\/dev.explora.cl\/aricayparinacota\/premio-nacional-realizara-charlas-sobre-astronomia-en-arica\/","og_site_name":"Arica y Parinacota","article_published_time":"2018-03-09T13:18:10+00:00","article_modified_time":"2019-05-09T20:45:37+00:00","og_image":[{"width":223,"height":147,"url":"https:\/\/dev.explora.cl\/aricayparinacota\/wp-content\/uploads\/sites\/2\/2018\/03\/01_-_Miniatura_Astronomia.jpg","type":"image\/jpeg"}],"author":"webman","twitter_card":"summary_large_image","twitter_misc":{"Escrito por":"webman","Tiempo estimado de lectura":"2 minutos"},"schema":{"@context":"https:\/\/schema.org","@graph":[{"@type":"Article","@id":"https:\/\/dev.explora.cl\/aricayparinacota\/premio-nacional-realizara-charlas-sobre-astronomia-en-arica\/#article","isPartOf":{"@id":"https:\/\/dev.explora.cl\/aricayparinacota\/premio-nacional-realizara-charlas-sobre-astronomia-en-arica\/"},"author":{"name":"webman","@id":"https:\/\/dev.explora.cl\/aricayparinacota\/#\/schema\/person\/cb8349c13ea2d324080adf8480d7ba5d"},"headline":"Premio Nacional realizar\u00e1 charlas sobre astronom\u00eda en Arica","datePublished":"2018-03-09T13:18:10+00:00","dateModified":"2019-05-09T20:45:37+00:00","mainEntityOfPage":{"@id":"https:\/\/dev.explora.cl\/aricayparinacota\/premio-nacional-realizara-charlas-sobre-astronomia-en-arica\/"},"wordCount":334,"publisher":{"@id":"https:\/\/dev.explora.cl\/aricayparinacota\/#organization"},"image":{"@id":"https:\/\/dev.explora.cl\/aricayparinacota\/premio-nacional-realizara-charlas-sobre-astronomia-en-arica\/#primaryimage"},"thumbnailUrl":"https:\/\/dev.explora.cl\/aricayparinacota\/wp-content\/uploads\/sites\/2\/2018\/03\/01_-_Miniatura_Astronomia.jpg","articleSection":["Noticias"],"inLanguage":"es-CL"},{"@type":"WebPage","@id":"https:\/\/dev.explora.cl\/aricayparinacota\/premio-nacional-realizara-charlas-sobre-astronomia-en-arica\/","url":"https:\/\/dev.explora.cl\/aricayparinacota\/premio-nacional-realizara-charlas-sobre-astronomia-en-arica\/","name":"Premio Nacional realizar\u00e1 charlas sobre astronom\u00eda en Arica - Arica y Parinacota","isPartOf":{"@id":"https:\/\/dev.explora.cl\/aricayparinacota\/#website"},"primaryImageOfPage":{"@id":"https:\/\/dev.explora.cl\/aricayparinacota\/premio-nacional-realizara-charlas-sobre-astronomia-en-arica\/#primaryimage"},"image":{"@id":"https:\/\/dev.explora.cl\/aricayparinacota\/premio-nacional-realizara-charlas-sobre-astronomia-en-arica\/#primaryimage"},"thumbnailUrl":"https:\/\/dev.explora.cl\/aricayparinacota\/wp-content\/uploads\/sites\/2\/2018\/03\/01_-_Miniatura_Astronomia.jpg","datePublished":"2018-03-09T13:18:10+00:00","dateModified":"2019-05-09T20:45:37+00:00","breadcrumb":{"@id":"https:\/\/dev.explora.cl\/aricayparinacota\/premio-nacional-realizara-charlas-sobre-astronomia-en-arica\/#breadcrumb"},"inLanguage":"es-CL","potentialAction":[{"@type":"ReadAction","target":["https:\/\/dev.explora.cl\/aricayparinacota\/premio-nacional-realizara-charlas-sobre-astronomia-en-arica\/"]}]},{"@type":"ImageObject","inLanguage":"es-CL","@id":"https:\/\/dev.explora.cl\/aricayparinacota\/premio-nacional-realizara-charlas-sobre-astronomia-en-arica\/#primaryimage","url":"https:\/\/dev.explora.cl\/aricayparinacota\/wp-content\/uploads\/sites\/2\/2018\/03\/01_-_Miniatura_Astronomia.jpg","contentUrl":"https:\/\/dev.explora.cl\/aricayparinacota\/wp-content\/uploads\/sites\/2\/2018\/03\/01_-_Miniatura_Astronomia.jpg","width":223,"height":147},{"@type":"BreadcrumbList","@id":"https:\/\/dev.explora.cl\/aricayparinacota\/premio-nacional-realizara-charlas-sobre-astronomia-en-arica\/#breadcrumb","itemListElement":[{"@type":"ListItem","position":1,"name":"Portada","item":"https:\/\/dev.explora.cl\/aricayparinacota\/"},{"@type":"ListItem","position":2,"name":"Premio Nacional realizar\u00e1 charlas sobre astronom\u00eda en Arica"}]},{"@type":"WebSite","@id":"https:\/\/dev.explora.cl\/aricayparinacota\/#website","url":"https:\/\/dev.explora.cl\/aricayparinacota\/","name":"Arica y Parinacota","description":"Otro sitio m\u00e1s de dev.explora.cl","publisher":{"@id":"https:\/\/dev.explora.cl\/aricayparinacota\/#organization"},"potentialAction":[{"@type":"SearchAction","target":{"@type":"EntryPoint","urlTemplate":"https:\/\/dev.explora.cl\/aricayparinacota\/?s={search_term_string}"},"query-input":{"@type":"PropertyValueSpecification","valueRequired":true,"valueName":"search_term_string"}}],"inLanguage":"es-CL"},{"@type":"Organization","@id":"https:\/\/dev.explora.cl\/aricayparinacota\/#organization","name":"Arica y Parinacota","url":"https:\/\/dev.explora.cl\/aricayparinacota\/","logo":{"@type":"ImageObject","inLanguage":"es-CL","@id":"https:\/\/dev.explora.cl\/aricayparinacota\/#\/schema\/logo\/image\/","url":"https:\/\/dev.explora.cl\/aricayparinacota\/wp-content\/uploads\/sites\/2\/2020\/08\/cropped-nuevosa-logos-11.png","contentUrl":"https:\/\/dev.explora.cl\/aricayparinacota\/wp-content\/uploads\/sites\/2\/2020\/08\/cropped-nuevosa-logos-11.png","width":812,"height":937,"caption":"Arica y Parinacota"},"image":{"@id":"https:\/\/dev.explora.cl\/aricayparinacota\/#\/schema\/logo\/image\/"}},{"@type":"Person","@id":"https:\/\/dev.explora.cl\/aricayparinacota\/#\/schema\/person\/cb8349c13ea2d324080adf8480d7ba5d","name":"webman","image":{"@type":"ImageObject","inLanguage":"es-CL","@id":"https:\/\/dev.explora.cl\/aricayparinacota\/#\/schema\/person\/image\/","url":"https:\/\/secure.gravatar.com\/avatar\/eeff3c82f2c02f7177d13663b7e6f890e9a6a0647ce9bb29cae02dcb094c7312?s=96&d=mm&r=g","contentUrl":"https:\/\/secure.gravatar.com\/avatar\/eeff3c82f2c02f7177d13663b7e6f890e9a6a0647ce9bb29cae02dcb094c7312?s=96&d=mm&r=g","caption":"webman"},"url":"https:\/\/dev.explora.cl\/aricayparinacota\/author\/webman\/"}]}},"_links":{"self":[{"href":"https:\/\/dev.explora.cl\/aricayparinacota\/wp-json\/wp\/v2\/posts\/30080","targetHints":{"allow":["GET"]}}],"collection":[{"href":"https:\/\/dev.explora.cl\/aricayparinacota\/wp-json\/wp\/v2\/posts"}],"about":[{"href":"https:\/\/dev.explora.cl\/aricayparinacota\/wp-json\/wp\/v2\/types\/post"}],"author":[{"embeddable":true,"href":"https:\/\/dev.explora.cl\/aricayparinacota\/wp-json\/wp\/v2\/users\/2"}],"replies":[{"embeddable":true,"href":"https:\/\/dev.explora.cl\/aricayparinacota\/wp-json\/wp\/v2\/comments?post=30080"}],"version-history":[{"count":1,"href":"https:\/\/dev.explora.cl\/aricayparinacota\/wp-json\/wp\/v2\/posts\/30080\/revisions"}],"predecessor-version":[{"id":32839,"href":"https:\/\/dev.explora.cl\/aricayparinacota\/wp-json\/wp\/v2\/posts\/30080\/revisions\/32839"}],"wp:featuredmedia":[{"embeddable":true,"href":"https:\/\/dev.explora.cl\/aricayparinacota\/wp-json\/wp\/v2\/media\/30078"}],"wp:attachment":[{"href":"https:\/\/dev.explora.cl\/aricayparinacota\/wp-json\/wp\/v2\/media?parent=30080"}],"wp:term":[{"taxonomy":"category","embeddable":true,"href":"https:\/\/dev.explora.cl\/aricayparinacota\/wp-json\/wp\/v2\/categories?post=30080"},{"taxonomy":"post_tag","embeddable":true,"href":"https:\/\/dev.explora.cl\/aricayparinacota\/wp-json\/wp\/v2\/tags?post=30080"}],"curies":[{"name":"wp","href":"https:\/\/api.w.org\/{rel}","templated":true}]}}