{"id":29764,"date":"2018-01-17T13:54:13","date_gmt":"2018-01-17T13:54:13","guid":{"rendered":"https:\/\/dev.explora.cl\/2018\/01\/17\/el-verano-en-el-sector-costero-ya-empezo\/"},"modified":"2019-05-09T20:45:47","modified_gmt":"2019-05-09T20:45:47","slug":"el-verano-en-el-sector-costero-ya-empezo","status":"publish","type":"post","link":"https:\/\/dev.explora.cl\/aricayparinacota\/el-verano-en-el-sector-costero-ya-empezo\/","title":{"rendered":"El verano en el sector costero ya empez\u00f3"},"content":{"rendered":"<p>&nbsp;<\/p>\n<p><em>Universidad de Tarapac\u00e1, Caleta de Libros y Explora Arica y Parinacota<\/em><\/p>\n<p>&nbsp;<\/p>\n<p><em>Las actividades de verano tienen como fin fomentar el inter\u00e9s y acercamiento a las \u00e1reas de inter\u00e9s patrimonial regional, cient\u00edficas y tecnol\u00f3gicas, mediante el desarrollo y ejecuci\u00f3n de actividades recreativas en torno a la ciencia y la tecnolog\u00eda&nbsp;&nbsp;para&nbsp;&nbsp;ni\u00f1os\/ni\u00f1as y j\u00f3venes durante el verano.<\/em><\/p>\n<p>Una serie de actividades de verano ser\u00e1n desarrolladas entre los meses de enero y febrero en el sector costero de Playa Brava, donde podr\u00e1n participar ni\u00f1os y j\u00f3venes interesados en los talleres gratuitos, ofrecidos para esta temporada.<\/p>\n<p>En esta alianza, en beneficio de un verano cultural en la zona costera, participan la Universidad de Tarapac\u00e1, adem\u00e1s de sumarse Explora Arica y Parinacota a la&nbsp;&nbsp;propuesta de Caleta de Libros, por segundo a\u00f1o. El enfoque est\u00e1 dado por fomentar el inter\u00e9s por el patrimonio cultural de la regi\u00f3n, y desarrollar talleres did\u00e1cticos, mediante experiencias cient\u00edficas propuestas en los materiales de Explora: \u201cNeurociencia\u201d y \u201cChile Laboratorio Natural\u201d.<\/p>\n<p>Adem\u00e1s se trabajar\u00e1 en fomentar el desarrollo de la ciencia, a trav\u00e9s de actividades pr\u00e1cticas del \u00c1lbum de Oc\u00e9anos y por supuesto, interesar por la lectura a quienes se encuentren en esta zona costera.<\/p>\n<p>Habr\u00e1 un punto de lectura habilitado con un sistema de pr\u00e9stamos de libros y una muestra de r\u00e9plicas art\u00edsticas de la cultura Chinchorro.<\/p>\n<p>&nbsp;<\/p>\n<p><strong>PROGRAMA<\/strong><\/p>\n<p>El lugar en que se desarrollar\u00e1n estas actividades ser\u00e1 al costado de la Playa la Lisera, sector juegos, espec\u00edficamente Playa Brava.<\/p>\n<p>Meses enero y febrero, de 16:00 a 23:00 horas, actividades: Caleta de libros y Taller did\u00e1ctico Explora. Mi\u00e9rcoles 17 de enero de 17:00 a 18:30 horas, se realizar\u00e1 la inauguraci\u00f3n caleta de libros, junto a la muestra de las r\u00e9plicas art\u00edsticas de la cultura Chinchorro y el taller del \u00c1lbum Oc\u00e9anos, actividades que se repetir\u00e1n el 24 de enero en el mismo horario.<\/p>\n<p>Las actividades de verano est\u00e1n a cargo de la coordinaci\u00f3n de Robert Cornejo, mayores informaciones contactarse a:&nbsp;<a href=\"mailto:exploraricaparinacota@gmail.com\">exploraricaparinacota@gmail.com<\/a><\/p>\n<p>&nbsp;<\/p>\n<p><img loading=\"lazy\" decoding=\"async\" class=\" size-full wp-image-29763\" src=\"https:\/\/dev.explora.cl\/aricayparinacota\/wp-content\/uploads\/sites\/2\/2018\/01\/Collage_Nota_Actividades_de_Verano.jpg\" alt=\"Collage Nota Actividades de Verano\" width=\"1116\" height=\"326\" \/><\/p>\n","protected":false},"excerpt":{"rendered":"<p>&nbsp; Universidad de Tarapac\u00e1, Caleta de Libros y Explora Arica y Parinacota &nbsp; Las actividades de verano tienen como fin fomentar el inter\u00e9s y acercamiento a las \u00e1reas de inter\u00e9s patrimonial regional, cient\u00edficas y tecnol\u00f3gicas, mediante el desarrollo y ejecuci\u00f3n de actividades recreativas en torno a la ciencia y la tecnolog\u00eda&nbsp;&nbsp;para&nbsp;&nbsp;ni\u00f1os\/ni\u00f1as y j\u00f3venes durante el [&hellip;]<\/p>\n","protected":false},"author":2,"featured_media":29762,"comment_status":"closed","ping_status":"open","sticky":false,"template":"","format":"standard","meta":{"_acf_changed":false,"_exactmetrics_skip_tracking":false,"_exactmetrics_sitenote_active":false,"_exactmetrics_sitenote_note":"","_exactmetrics_sitenote_category":0,"footnotes":"","_links_to":"","_links_to_target":""},"categories":[4],"tags":[],"class_list":["post-29764","post","type-post","status-publish","format-standard","has-post-thumbnail","hentry","category-noticias"],"acf":[],"yoast_head":"<!-- This site is optimized with the Yoast SEO plugin v26.7 - https:\/\/yoast.com\/wordpress\/plugins\/seo\/ -->\n<title>El verano en el sector costero ya empez\u00f3 - Arica y Parinacota<\/title>\n<meta name=\"robots\" content=\"index, follow, max-snippet:-1, max-image-preview:large, max-video-preview:-1\" \/>\n<link rel=\"canonical\" href=\"https:\/\/dev.explora.cl\/aricayparinacota\/el-verano-en-el-sector-costero-ya-empezo\/\" class=\"yoast-seo-meta-tag\" \/>\n<meta property=\"og:locale\" content=\"es_ES\" class=\"yoast-seo-meta-tag\" \/>\n<meta property=\"og:type\" content=\"article\" class=\"yoast-seo-meta-tag\" \/>\n<meta property=\"og:title\" content=\"El verano en el sector costero ya empez\u00f3 - Arica y Parinacota\" class=\"yoast-seo-meta-tag\" \/>\n<meta property=\"og:description\" content=\"&nbsp; Universidad de Tarapac\u00e1, Caleta de Libros y Explora Arica y Parinacota &nbsp; Las actividades de verano tienen como fin fomentar el inter\u00e9s y acercamiento a las \u00e1reas de inter\u00e9s patrimonial regional, cient\u00edficas y tecnol\u00f3gicas, mediante el desarrollo y ejecuci\u00f3n de actividades recreativas en torno a la ciencia y la tecnolog\u00eda&nbsp;&nbsp;para&nbsp;&nbsp;ni\u00f1os\/ni\u00f1as y j\u00f3venes durante el [&hellip;]\" class=\"yoast-seo-meta-tag\" \/>\n<meta property=\"og:url\" content=\"https:\/\/dev.explora.cl\/aricayparinacota\/el-verano-en-el-sector-costero-ya-empezo\/\" class=\"yoast-seo-meta-tag\" \/>\n<meta property=\"og:site_name\" content=\"Arica y Parinacota\" class=\"yoast-seo-meta-tag\" \/>\n<meta property=\"article:published_time\" content=\"2018-01-17T13:54:13+00:00\" class=\"yoast-seo-meta-tag\" \/>\n<meta property=\"article:modified_time\" content=\"2019-05-09T20:45:47+00:00\" class=\"yoast-seo-meta-tag\" \/>\n<meta property=\"og:image\" content=\"https:\/\/dev.explora.cl\/aricayparinacota\/wp-content\/uploads\/sites\/2\/2018\/01\/Miniatura_Nota_Actividades_de_Verano.jpg\" class=\"yoast-seo-meta-tag\" \/>\n\t<meta property=\"og:image:width\" content=\"223\" class=\"yoast-seo-meta-tag\" \/>\n\t<meta property=\"og:image:height\" content=\"147\" class=\"yoast-seo-meta-tag\" \/>\n\t<meta property=\"og:image:type\" content=\"image\/jpeg\" class=\"yoast-seo-meta-tag\" \/>\n<meta name=\"author\" content=\"webman\" class=\"yoast-seo-meta-tag\" \/>\n<meta name=\"twitter:card\" content=\"summary_large_image\" class=\"yoast-seo-meta-tag\" \/>\n<meta name=\"twitter:label1\" content=\"Escrito por\" class=\"yoast-seo-meta-tag\" \/>\n\t<meta name=\"twitter:data1\" content=\"webman\" class=\"yoast-seo-meta-tag\" \/>\n\t<meta name=\"twitter:label2\" content=\"Tiempo estimado de lectura\" class=\"yoast-seo-meta-tag\" \/>\n\t<meta name=\"twitter:data2\" content=\"2 minutos\" class=\"yoast-seo-meta-tag\" \/>\n<script type=\"application\/ld+json\" class=\"yoast-schema-graph\">{\"@context\":\"https:\/\/schema.org\",\"@graph\":[{\"@type\":\"Article\",\"@id\":\"https:\/\/dev.explora.cl\/aricayparinacota\/el-verano-en-el-sector-costero-ya-empezo\/#article\",\"isPartOf\":{\"@id\":\"https:\/\/dev.explora.cl\/aricayparinacota\/el-verano-en-el-sector-costero-ya-empezo\/\"},\"author\":{\"name\":\"webman\",\"@id\":\"https:\/\/dev.explora.cl\/aricayparinacota\/#\/schema\/person\/cb8349c13ea2d324080adf8480d7ba5d\"},\"headline\":\"El verano en el sector costero ya empez\u00f3\",\"datePublished\":\"2018-01-17T13:54:13+00:00\",\"dateModified\":\"2019-05-09T20:45:47+00:00\",\"mainEntityOfPage\":{\"@id\":\"https:\/\/dev.explora.cl\/aricayparinacota\/el-verano-en-el-sector-costero-ya-empezo\/\"},\"wordCount\":374,\"publisher\":{\"@id\":\"https:\/\/dev.explora.cl\/aricayparinacota\/#organization\"},\"image\":{\"@id\":\"https:\/\/dev.explora.cl\/aricayparinacota\/el-verano-en-el-sector-costero-ya-empezo\/#primaryimage\"},\"thumbnailUrl\":\"https:\/\/dev.explora.cl\/aricayparinacota\/wp-content\/uploads\/sites\/2\/2018\/01\/Miniatura_Nota_Actividades_de_Verano.jpg\",\"articleSection\":[\"Noticias\"],\"inLanguage\":\"es-CL\"},{\"@type\":\"WebPage\",\"@id\":\"https:\/\/dev.explora.cl\/aricayparinacota\/el-verano-en-el-sector-costero-ya-empezo\/\",\"url\":\"https:\/\/dev.explora.cl\/aricayparinacota\/el-verano-en-el-sector-costero-ya-empezo\/\",\"name\":\"El verano en el sector costero ya empez\u00f3 - Arica y Parinacota\",\"isPartOf\":{\"@id\":\"https:\/\/dev.explora.cl\/aricayparinacota\/#website\"},\"primaryImageOfPage\":{\"@id\":\"https:\/\/dev.explora.cl\/aricayparinacota\/el-verano-en-el-sector-costero-ya-empezo\/#primaryimage\"},\"image\":{\"@id\":\"https:\/\/dev.explora.cl\/aricayparinacota\/el-verano-en-el-sector-costero-ya-empezo\/#primaryimage\"},\"thumbnailUrl\":\"https:\/\/dev.explora.cl\/aricayparinacota\/wp-content\/uploads\/sites\/2\/2018\/01\/Miniatura_Nota_Actividades_de_Verano.jpg\",\"datePublished\":\"2018-01-17T13:54:13+00:00\",\"dateModified\":\"2019-05-09T20:45:47+00:00\",\"breadcrumb\":{\"@id\":\"https:\/\/dev.explora.cl\/aricayparinacota\/el-verano-en-el-sector-costero-ya-empezo\/#breadcrumb\"},\"inLanguage\":\"es-CL\",\"potentialAction\":[{\"@type\":\"ReadAction\",\"target\":[\"https:\/\/dev.explora.cl\/aricayparinacota\/el-verano-en-el-sector-costero-ya-empezo\/\"]}]},{\"@type\":\"ImageObject\",\"inLanguage\":\"es-CL\",\"@id\":\"https:\/\/dev.explora.cl\/aricayparinacota\/el-verano-en-el-sector-costero-ya-empezo\/#primaryimage\",\"url\":\"https:\/\/dev.explora.cl\/aricayparinacota\/wp-content\/uploads\/sites\/2\/2018\/01\/Miniatura_Nota_Actividades_de_Verano.jpg\",\"contentUrl\":\"https:\/\/dev.explora.cl\/aricayparinacota\/wp-content\/uploads\/sites\/2\/2018\/01\/Miniatura_Nota_Actividades_de_Verano.jpg\",\"width\":223,\"height\":147},{\"@type\":\"BreadcrumbList\",\"@id\":\"https:\/\/dev.explora.cl\/aricayparinacota\/el-verano-en-el-sector-costero-ya-empezo\/#breadcrumb\",\"itemListElement\":[{\"@type\":\"ListItem\",\"position\":1,\"name\":\"Portada\",\"item\":\"https:\/\/dev.explora.cl\/aricayparinacota\/\"},{\"@type\":\"ListItem\",\"position\":2,\"name\":\"El verano en el sector costero ya empez\u00f3\"}]},{\"@type\":\"WebSite\",\"@id\":\"https:\/\/dev.explora.cl\/aricayparinacota\/#website\",\"url\":\"https:\/\/dev.explora.cl\/aricayparinacota\/\",\"name\":\"Arica y Parinacota\",\"description\":\"Otro sitio m\u00e1s de dev.explora.cl\",\"publisher\":{\"@id\":\"https:\/\/dev.explora.cl\/aricayparinacota\/#organization\"},\"potentialAction\":[{\"@type\":\"SearchAction\",\"target\":{\"@type\":\"EntryPoint\",\"urlTemplate\":\"https:\/\/dev.explora.cl\/aricayparinacota\/?s={search_term_string}\"},\"query-input\":{\"@type\":\"PropertyValueSpecification\",\"valueRequired\":true,\"valueName\":\"search_term_string\"}}],\"inLanguage\":\"es-CL\"},{\"@type\":\"Organization\",\"@id\":\"https:\/\/dev.explora.cl\/aricayparinacota\/#organization\",\"name\":\"Arica y Parinacota\",\"url\":\"https:\/\/dev.explora.cl\/aricayparinacota\/\",\"logo\":{\"@type\":\"ImageObject\",\"inLanguage\":\"es-CL\",\"@id\":\"https:\/\/dev.explora.cl\/aricayparinacota\/#\/schema\/logo\/image\/\",\"url\":\"https:\/\/dev.explora.cl\/aricayparinacota\/wp-content\/uploads\/sites\/2\/2020\/08\/cropped-nuevosa-logos-11.png\",\"contentUrl\":\"https:\/\/dev.explora.cl\/aricayparinacota\/wp-content\/uploads\/sites\/2\/2020\/08\/cropped-nuevosa-logos-11.png\",\"width\":812,\"height\":937,\"caption\":\"Arica y Parinacota\"},\"image\":{\"@id\":\"https:\/\/dev.explora.cl\/aricayparinacota\/#\/schema\/logo\/image\/\"}},{\"@type\":\"Person\",\"@id\":\"https:\/\/dev.explora.cl\/aricayparinacota\/#\/schema\/person\/cb8349c13ea2d324080adf8480d7ba5d\",\"name\":\"webman\",\"image\":{\"@type\":\"ImageObject\",\"inLanguage\":\"es-CL\",\"@id\":\"https:\/\/dev.explora.cl\/aricayparinacota\/#\/schema\/person\/image\/\",\"url\":\"https:\/\/secure.gravatar.com\/avatar\/eeff3c82f2c02f7177d13663b7e6f890e9a6a0647ce9bb29cae02dcb094c7312?s=96&d=mm&r=g\",\"contentUrl\":\"https:\/\/secure.gravatar.com\/avatar\/eeff3c82f2c02f7177d13663b7e6f890e9a6a0647ce9bb29cae02dcb094c7312?s=96&d=mm&r=g\",\"caption\":\"webman\"},\"url\":\"https:\/\/dev.explora.cl\/aricayparinacota\/author\/webman\/\"}]}<\/script>\n<!-- \/ Yoast SEO plugin. -->","yoast_head_json":{"title":"El verano en el sector costero ya empez\u00f3 - Arica y Parinacota","robots":{"index":"index","follow":"follow","max-snippet":"max-snippet:-1","max-image-preview":"max-image-preview:large","max-video-preview":"max-video-preview:-1"},"canonical":"https:\/\/dev.explora.cl\/aricayparinacota\/el-verano-en-el-sector-costero-ya-empezo\/","og_locale":"es_ES","og_type":"article","og_title":"El verano en el sector costero ya empez\u00f3 - Arica y Parinacota","og_description":"&nbsp; Universidad de Tarapac\u00e1, Caleta de Libros y Explora Arica y Parinacota &nbsp; Las actividades de verano tienen como fin fomentar el inter\u00e9s y acercamiento a las \u00e1reas de inter\u00e9s patrimonial regional, cient\u00edficas y tecnol\u00f3gicas, mediante el desarrollo y ejecuci\u00f3n de actividades recreativas en torno a la ciencia y la tecnolog\u00eda&nbsp;&nbsp;para&nbsp;&nbsp;ni\u00f1os\/ni\u00f1as y j\u00f3venes durante el [&hellip;]","og_url":"https:\/\/dev.explora.cl\/aricayparinacota\/el-verano-en-el-sector-costero-ya-empezo\/","og_site_name":"Arica y Parinacota","article_published_time":"2018-01-17T13:54:13+00:00","article_modified_time":"2019-05-09T20:45:47+00:00","og_image":[{"width":223,"height":147,"url":"https:\/\/dev.explora.cl\/aricayparinacota\/wp-content\/uploads\/sites\/2\/2018\/01\/Miniatura_Nota_Actividades_de_Verano.jpg","type":"image\/jpeg"}],"author":"webman","twitter_card":"summary_large_image","twitter_misc":{"Escrito por":"webman","Tiempo estimado de lectura":"2 minutos"},"schema":{"@context":"https:\/\/schema.org","@graph":[{"@type":"Article","@id":"https:\/\/dev.explora.cl\/aricayparinacota\/el-verano-en-el-sector-costero-ya-empezo\/#article","isPartOf":{"@id":"https:\/\/dev.explora.cl\/aricayparinacota\/el-verano-en-el-sector-costero-ya-empezo\/"},"author":{"name":"webman","@id":"https:\/\/dev.explora.cl\/aricayparinacota\/#\/schema\/person\/cb8349c13ea2d324080adf8480d7ba5d"},"headline":"El verano en el sector costero ya empez\u00f3","datePublished":"2018-01-17T13:54:13+00:00","dateModified":"2019-05-09T20:45:47+00:00","mainEntityOfPage":{"@id":"https:\/\/dev.explora.cl\/aricayparinacota\/el-verano-en-el-sector-costero-ya-empezo\/"},"wordCount":374,"publisher":{"@id":"https:\/\/dev.explora.cl\/aricayparinacota\/#organization"},"image":{"@id":"https:\/\/dev.explora.cl\/aricayparinacota\/el-verano-en-el-sector-costero-ya-empezo\/#primaryimage"},"thumbnailUrl":"https:\/\/dev.explora.cl\/aricayparinacota\/wp-content\/uploads\/sites\/2\/2018\/01\/Miniatura_Nota_Actividades_de_Verano.jpg","articleSection":["Noticias"],"inLanguage":"es-CL"},{"@type":"WebPage","@id":"https:\/\/dev.explora.cl\/aricayparinacota\/el-verano-en-el-sector-costero-ya-empezo\/","url":"https:\/\/dev.explora.cl\/aricayparinacota\/el-verano-en-el-sector-costero-ya-empezo\/","name":"El verano en el sector costero ya empez\u00f3 - Arica y Parinacota","isPartOf":{"@id":"https:\/\/dev.explora.cl\/aricayparinacota\/#website"},"primaryImageOfPage":{"@id":"https:\/\/dev.explora.cl\/aricayparinacota\/el-verano-en-el-sector-costero-ya-empezo\/#primaryimage"},"image":{"@id":"https:\/\/dev.explora.cl\/aricayparinacota\/el-verano-en-el-sector-costero-ya-empezo\/#primaryimage"},"thumbnailUrl":"https:\/\/dev.explora.cl\/aricayparinacota\/wp-content\/uploads\/sites\/2\/2018\/01\/Miniatura_Nota_Actividades_de_Verano.jpg","datePublished":"2018-01-17T13:54:13+00:00","dateModified":"2019-05-09T20:45:47+00:00","breadcrumb":{"@id":"https:\/\/dev.explora.cl\/aricayparinacota\/el-verano-en-el-sector-costero-ya-empezo\/#breadcrumb"},"inLanguage":"es-CL","potentialAction":[{"@type":"ReadAction","target":["https:\/\/dev.explora.cl\/aricayparinacota\/el-verano-en-el-sector-costero-ya-empezo\/"]}]},{"@type":"ImageObject","inLanguage":"es-CL","@id":"https:\/\/dev.explora.cl\/aricayparinacota\/el-verano-en-el-sector-costero-ya-empezo\/#primaryimage","url":"https:\/\/dev.explora.cl\/aricayparinacota\/wp-content\/uploads\/sites\/2\/2018\/01\/Miniatura_Nota_Actividades_de_Verano.jpg","contentUrl":"https:\/\/dev.explora.cl\/aricayparinacota\/wp-content\/uploads\/sites\/2\/2018\/01\/Miniatura_Nota_Actividades_de_Verano.jpg","width":223,"height":147},{"@type":"BreadcrumbList","@id":"https:\/\/dev.explora.cl\/aricayparinacota\/el-verano-en-el-sector-costero-ya-empezo\/#breadcrumb","itemListElement":[{"@type":"ListItem","position":1,"name":"Portada","item":"https:\/\/dev.explora.cl\/aricayparinacota\/"},{"@type":"ListItem","position":2,"name":"El verano en el sector costero ya empez\u00f3"}]},{"@type":"WebSite","@id":"https:\/\/dev.explora.cl\/aricayparinacota\/#website","url":"https:\/\/dev.explora.cl\/aricayparinacota\/","name":"Arica y Parinacota","description":"Otro sitio m\u00e1s de dev.explora.cl","publisher":{"@id":"https:\/\/dev.explora.cl\/aricayparinacota\/#organization"},"potentialAction":[{"@type":"SearchAction","target":{"@type":"EntryPoint","urlTemplate":"https:\/\/dev.explora.cl\/aricayparinacota\/?s={search_term_string}"},"query-input":{"@type":"PropertyValueSpecification","valueRequired":true,"valueName":"search_term_string"}}],"inLanguage":"es-CL"},{"@type":"Organization","@id":"https:\/\/dev.explora.cl\/aricayparinacota\/#organization","name":"Arica y Parinacota","url":"https:\/\/dev.explora.cl\/aricayparinacota\/","logo":{"@type":"ImageObject","inLanguage":"es-CL","@id":"https:\/\/dev.explora.cl\/aricayparinacota\/#\/schema\/logo\/image\/","url":"https:\/\/dev.explora.cl\/aricayparinacota\/wp-content\/uploads\/sites\/2\/2020\/08\/cropped-nuevosa-logos-11.png","contentUrl":"https:\/\/dev.explora.cl\/aricayparinacota\/wp-content\/uploads\/sites\/2\/2020\/08\/cropped-nuevosa-logos-11.png","width":812,"height":937,"caption":"Arica y Parinacota"},"image":{"@id":"https:\/\/dev.explora.cl\/aricayparinacota\/#\/schema\/logo\/image\/"}},{"@type":"Person","@id":"https:\/\/dev.explora.cl\/aricayparinacota\/#\/schema\/person\/cb8349c13ea2d324080adf8480d7ba5d","name":"webman","image":{"@type":"ImageObject","inLanguage":"es-CL","@id":"https:\/\/dev.explora.cl\/aricayparinacota\/#\/schema\/person\/image\/","url":"https:\/\/secure.gravatar.com\/avatar\/eeff3c82f2c02f7177d13663b7e6f890e9a6a0647ce9bb29cae02dcb094c7312?s=96&d=mm&r=g","contentUrl":"https:\/\/secure.gravatar.com\/avatar\/eeff3c82f2c02f7177d13663b7e6f890e9a6a0647ce9bb29cae02dcb094c7312?s=96&d=mm&r=g","caption":"webman"},"url":"https:\/\/dev.explora.cl\/aricayparinacota\/author\/webman\/"}]}},"_links":{"self":[{"href":"https:\/\/dev.explora.cl\/aricayparinacota\/wp-json\/wp\/v2\/posts\/29764","targetHints":{"allow":["GET"]}}],"collection":[{"href":"https:\/\/dev.explora.cl\/aricayparinacota\/wp-json\/wp\/v2\/posts"}],"about":[{"href":"https:\/\/dev.explora.cl\/aricayparinacota\/wp-json\/wp\/v2\/types\/post"}],"author":[{"embeddable":true,"href":"https:\/\/dev.explora.cl\/aricayparinacota\/wp-json\/wp\/v2\/users\/2"}],"replies":[{"embeddable":true,"href":"https:\/\/dev.explora.cl\/aricayparinacota\/wp-json\/wp\/v2\/comments?post=29764"}],"version-history":[{"count":1,"href":"https:\/\/dev.explora.cl\/aricayparinacota\/wp-json\/wp\/v2\/posts\/29764\/revisions"}],"predecessor-version":[{"id":32840,"href":"https:\/\/dev.explora.cl\/aricayparinacota\/wp-json\/wp\/v2\/posts\/29764\/revisions\/32840"}],"wp:featuredmedia":[{"embeddable":true,"href":"https:\/\/dev.explora.cl\/aricayparinacota\/wp-json\/wp\/v2\/media\/29762"}],"wp:attachment":[{"href":"https:\/\/dev.explora.cl\/aricayparinacota\/wp-json\/wp\/v2\/media?parent=29764"}],"wp:term":[{"taxonomy":"category","embeddable":true,"href":"https:\/\/dev.explora.cl\/aricayparinacota\/wp-json\/wp\/v2\/categories?post=29764"},{"taxonomy":"post_tag","embeddable":true,"href":"https:\/\/dev.explora.cl\/aricayparinacota\/wp-json\/wp\/v2\/tags?post=29764"}],"curies":[{"name":"wp","href":"https:\/\/api.w.org\/{rel}","templated":true}]}}