{"id":29609,"date":"2018-01-02T19:40:02","date_gmt":"2018-01-02T19:40:02","guid":{"rendered":"https:\/\/dev.explora.cl\/2018\/01\/02\/con-el-poleron-puesto\/"},"modified":"2019-05-09T20:45:56","modified_gmt":"2019-05-09T20:45:56","slug":"con-el-poleron-puesto","status":"publish","type":"post","link":"https:\/\/dev.explora.cl\/aricayparinacota\/con-el-poleron-puesto\/","title":{"rendered":"Con el poler\u00f3n puesto"},"content":{"rendered":"<p><em>Una fruct\u00edfera reuni\u00f3n se desarroll\u00f3 entre los profesores Explora y los integrantes del Proyecto Asociativo Regional Explora Arica y Parinacota, con el fin de cerrar el a\u00f1o 2017 y dar inicio a la programaci\u00f3n 2018.<\/em><\/p>\n<p>Fueron 18.390 personas que participaron en las actividades del Proyecto Explora durante el a\u00f1o que reci\u00e9n pas\u00f3, y fue uno de los datos que a tres a\u00f1os de consolidaci\u00f3n regional de esta iniciativa, dependiente de la Universidad de Tarapac\u00e1, se entreg\u00f3 a los profesores asistentes a la gran reuni\u00f3n que se realiz\u00f3 con varios motivos.<\/p>\n<p>La primera raz\u00f3n de este encuentro, que convoc\u00f3 a m\u00e1s de 30 profesores, fue la evaluaci\u00f3n del a\u00f1o 2017, el a\u00f1o de los oc\u00e9anos, en que se efectu\u00f3 una gran cantidad de actividades, entre ellas, el Congreso Nacional de Ciencia, Mil Cient\u00edficos Mil Aulas, D\u00eda de la Ciencia en mi Colegio, Museos y Laboratorios Abiertos, Punto Tecnol\u00f3gico, Visitas Guiadas, Realidad Aumentada, Taller de Rob\u00f3tica, Taller de Plantas Nativas y Festival de Teatro y Ciencia.<\/p>\n<p>Para la profesora Jacqueline Adasme, de la Escuela Humberto Valenzuela Garc\u00eda, el a\u00f1o 2017 \u201cfue una experiencia muy gratificante donde he aprendido mucho. Me gust\u00f3 el proyecto, me motiva a continuar participando\u201d. Algo similar plantea la profesora Natalia \u00c1lvarez, del Colegio Hispano, \u201chay hartas cosas por hacer, lo \u00fanico malo es que&nbsp;&nbsp;a veces el colegio no entrega todo el tiempo que dispone esto, pero las actividades son s\u00faper buenas y enriquecedoras para los ni\u00f1os\u201d.<\/p>\n<p>Durante la reuni\u00f3n se anunci\u00f3 que entramos al a\u00f1o del pensamiento cr\u00edtico, el a\u00f1o de los porqu\u00e9 y la observaci\u00f3n del entorno, donde adem\u00e1s de una serie de actividades de continuaci\u00f3n del 2017, otras unidades acad\u00e9micas de la Universidad de Tarapac\u00e1, se est\u00e1n sumando con Explora a la labor de divulgaci\u00f3n. Tambi\u00e9n este a\u00f1o se va a implementar el instrumento Tus Competencias en Ciencia, a nivel de p\u00e1rvulos con 20 educadoras; y establecer un sistema de pasant\u00edas a centros de investigaci\u00f3n para fortalecer la investigaci\u00f3n cient\u00edfica escolar y teatral.<\/p>\n<p>&nbsp;<\/p>\n<p><strong>PENSAMIENTO CR\u00cdTICO<\/strong><\/p>\n<p>&nbsp;<\/p>\n<p>En este encuentro se afianz\u00f3 la Red de Profesores Explora, entreg\u00e1ndose una positiva evaluaci\u00f3n de parte de la directora de Explora, M\u00f3nica Navarrete. \u201cLa interacci\u00f3n respecto a las observaciones recibidas fueron muy constructivas. Creo que en Explora se gener\u00f3 un esp\u00edritu colaborativo, un esp\u00edritu de equipo con profesores que creen que trabajar asociativamente es mejor y con esta red que se acaba de iniciar va a resultar en algo positivo para la educaci\u00f3n de nuestros ni\u00f1os y ni\u00f1as de en la Regi\u00f3n\u201d.<\/p>\n<p>Para Claudio Fuentes, coordinador del proyecto, este encuentro fue como reunirse en casa, por toda la relaci\u00f3n fraternal que existe, \u201cqueremos ir m\u00e1s all\u00e1 con esta red de profesores, ellos quieren construir y hacen sugerencias y eso es lo que buscamos, una mejora continua\u201d.<\/p>\n<p>Tal\u00eda Terrazas, profesora del Colegio Miramar, indic\u00f3 que \u201cestamos agradecidos del programa, lo que viene es maravilloso porque incluimos a la preb\u00e1sica y vamos a hacer un trabajo en conjunto\u201d. Para la profesora del Colegio Centenario, Lissete Manzano, el a\u00f1o 2017 con Explora \u201cfue bastante gratificante, me habr\u00eda gustado que algunos talleres se hubieran extendido para educaci\u00f3n media\u201d, respecto al 2018 \u201cse ve una oferta contundente y genial la flexibilidad que muestran a las sugerencias que nosotros como profesores presentamos\u201d.<\/p>\n<p>La profesora Isabel Carvajal, del Colegio Saucache, plante\u00f3 que \u201cmis alumnos se empaparon de una experiencia completa, abarcando todas las potencialidades, no&nbsp;&nbsp;s\u00f3lo del \u00e1rea de la ciencia, ellos aprendieron a trabajar en equipo, se organizaron, tomaron acuerdos, superaron fracasos, eso y mucho m\u00e1s form\u00f3 parte de su experiencia que no van a olvidar nunca, para m\u00ed tambi\u00e9n. Explora nos llen\u00f3 de satisfacciones y veo un abanico de posibilidades en que mis ni\u00f1os pueden participar\u201d. Finalmente, Nelson Mart\u00ednez, profesor del Colegio Chile Norte, se\u00f1al\u00f3 \u201cfue una buena experiencia que no s\u00f3lo abarca la ciencia, sino que las matem\u00e1ticas y las ciencias sociales, se ve una buena proyecci\u00f3n, me voy motivado para las actividades del 2018 y para incentivar a&nbsp;&nbsp;mis colegas a que tambi\u00e9n participen\u201d.<\/p>\n<p>Al t\u00e9rmino de la actividad se les entreg\u00f3 a cada profesor asistente una fotograf\u00eda con algunos de los momentos en que ellos participaron y el poler\u00f3n Explora que luego se pusieron, para evidenciar que se iban m\u00e1s que con la camiseta puesta, con el poler\u00f3n.<\/p>\n<p>Omar Iriarte, profesor de la Escuela Dar\u00edo Salas, cerr\u00f3 las intervenciones, \u201cla meta es mucho m\u00e1s alta, marcamos presencia a nivel nacional y lo que venga de aqu\u00ed a futuro va a tener que ser mejor. Feliz de ser un profesor Explora, aunque llegu\u00e9 tarde (se integr\u00f3 hace un a\u00f1o).&nbsp;&nbsp;\u00bfC\u00f3mo le qued\u00f3 el poler\u00f3n? \u201cHubo un cambio, me dieron uno un poquito m\u00e1s grande, porque el primero no me entraba por ning\u00fan lado. Este me queda bueno, pero conteniendo la respiraci\u00f3n. Lo voy a usar en invierno y en verano tambi\u00e9n, en la tardecita\u201d, finaliz\u00f3, con el poler\u00f3n puesto, para la foto, a pleno sol.<\/p>\n<p><img loading=\"lazy\" decoding=\"async\" class=\" size-full wp-image-29608\" src=\"https:\/\/dev.explora.cl\/aricayparinacota\/wp-content\/uploads\/sites\/2\/2018\/01\/Collage_Nota_Profesores.jpg\" alt=\"Collage Nota Profesores\" width=\"900\" height=\"248\" srcset=\"https:\/\/dev.explora.cl\/aricayparinacota\/wp-content\/uploads\/sites\/2\/2018\/01\/Collage_Nota_Profesores.jpg 900w, https:\/\/dev.explora.cl\/aricayparinacota\/wp-content\/uploads\/sites\/2\/2018\/01\/Collage_Nota_Profesores-300x83.jpg 300w, https:\/\/dev.explora.cl\/aricayparinacota\/wp-content\/uploads\/sites\/2\/2018\/01\/Collage_Nota_Profesores-768x212.jpg 768w\" sizes=\"auto, (max-width: 900px) 100vw, 900px\" \/><\/p>\n<p>&nbsp;<\/p>\n","protected":false},"excerpt":{"rendered":"<p>Una fruct\u00edfera reuni\u00f3n se desarroll\u00f3 entre los profesores Explora y los integrantes del Proyecto Asociativo Regional Explora Arica y Parinacota, con el fin de cerrar el a\u00f1o 2017 y dar inicio a la programaci\u00f3n 2018. Fueron 18.390 personas que participaron en las actividades del Proyecto Explora durante el a\u00f1o que reci\u00e9n pas\u00f3, y fue uno [&hellip;]<\/p>\n","protected":false},"author":2,"featured_media":29608,"comment_status":"closed","ping_status":"open","sticky":false,"template":"","format":"standard","meta":{"_acf_changed":false,"_exactmetrics_skip_tracking":false,"_exactmetrics_sitenote_active":false,"_exactmetrics_sitenote_note":"","_exactmetrics_sitenote_category":0,"footnotes":"","_links_to":"","_links_to_target":""},"categories":[4],"tags":[],"class_list":["post-29609","post","type-post","status-publish","format-standard","has-post-thumbnail","hentry","category-noticias"],"acf":[],"yoast_head":"<!-- This site is optimized with the Yoast SEO plugin v26.7 - https:\/\/yoast.com\/wordpress\/plugins\/seo\/ -->\n<title>Con el poler\u00f3n puesto - Arica y Parinacota<\/title>\n<meta name=\"robots\" content=\"index, follow, max-snippet:-1, max-image-preview:large, max-video-preview:-1\" \/>\n<link rel=\"canonical\" href=\"https:\/\/dev.explora.cl\/aricayparinacota\/con-el-poleron-puesto\/\" class=\"yoast-seo-meta-tag\" \/>\n<meta property=\"og:locale\" content=\"es_ES\" class=\"yoast-seo-meta-tag\" \/>\n<meta property=\"og:type\" content=\"article\" class=\"yoast-seo-meta-tag\" \/>\n<meta property=\"og:title\" content=\"Con el poler\u00f3n puesto - Arica y Parinacota\" class=\"yoast-seo-meta-tag\" \/>\n<meta property=\"og:description\" content=\"Una fruct\u00edfera reuni\u00f3n se desarroll\u00f3 entre los profesores Explora y los integrantes del Proyecto Asociativo Regional Explora Arica y Parinacota, con el fin de cerrar el a\u00f1o 2017 y dar inicio a la programaci\u00f3n 2018. Fueron 18.390 personas que participaron en las actividades del Proyecto Explora durante el a\u00f1o que reci\u00e9n pas\u00f3, y fue uno [&hellip;]\" class=\"yoast-seo-meta-tag\" \/>\n<meta property=\"og:url\" content=\"https:\/\/dev.explora.cl\/aricayparinacota\/con-el-poleron-puesto\/\" class=\"yoast-seo-meta-tag\" \/>\n<meta property=\"og:site_name\" content=\"Arica y Parinacota\" class=\"yoast-seo-meta-tag\" \/>\n<meta property=\"article:published_time\" content=\"2018-01-02T19:40:02+00:00\" class=\"yoast-seo-meta-tag\" \/>\n<meta property=\"article:modified_time\" content=\"2019-05-09T20:45:56+00:00\" class=\"yoast-seo-meta-tag\" \/>\n<meta property=\"og:image\" content=\"https:\/\/dev.explora.cl\/aricayparinacota\/wp-content\/uploads\/sites\/2\/2018\/01\/Collage_Nota_Profesores.jpg\" class=\"yoast-seo-meta-tag\" \/>\n\t<meta property=\"og:image:width\" content=\"900\" class=\"yoast-seo-meta-tag\" \/>\n\t<meta property=\"og:image:height\" content=\"248\" class=\"yoast-seo-meta-tag\" \/>\n\t<meta property=\"og:image:type\" content=\"image\/jpeg\" class=\"yoast-seo-meta-tag\" \/>\n<meta name=\"author\" content=\"webman\" class=\"yoast-seo-meta-tag\" \/>\n<meta name=\"twitter:card\" content=\"summary_large_image\" class=\"yoast-seo-meta-tag\" \/>\n<meta name=\"twitter:label1\" content=\"Escrito por\" class=\"yoast-seo-meta-tag\" \/>\n\t<meta name=\"twitter:data1\" content=\"webman\" class=\"yoast-seo-meta-tag\" \/>\n\t<meta name=\"twitter:label2\" content=\"Tiempo estimado de lectura\" class=\"yoast-seo-meta-tag\" \/>\n\t<meta name=\"twitter:data2\" content=\"4 minutos\" class=\"yoast-seo-meta-tag\" \/>\n<script type=\"application\/ld+json\" class=\"yoast-schema-graph\">{\"@context\":\"https:\/\/schema.org\",\"@graph\":[{\"@type\":\"Article\",\"@id\":\"https:\/\/dev.explora.cl\/aricayparinacota\/con-el-poleron-puesto\/#article\",\"isPartOf\":{\"@id\":\"https:\/\/dev.explora.cl\/aricayparinacota\/con-el-poleron-puesto\/\"},\"author\":{\"name\":\"webman\",\"@id\":\"https:\/\/dev.explora.cl\/aricayparinacota\/#\/schema\/person\/cb8349c13ea2d324080adf8480d7ba5d\"},\"headline\":\"Con el poler\u00f3n puesto\",\"datePublished\":\"2018-01-02T19:40:02+00:00\",\"dateModified\":\"2019-05-09T20:45:56+00:00\",\"mainEntityOfPage\":{\"@id\":\"https:\/\/dev.explora.cl\/aricayparinacota\/con-el-poleron-puesto\/\"},\"wordCount\":900,\"publisher\":{\"@id\":\"https:\/\/dev.explora.cl\/aricayparinacota\/#organization\"},\"image\":{\"@id\":\"https:\/\/dev.explora.cl\/aricayparinacota\/con-el-poleron-puesto\/#primaryimage\"},\"thumbnailUrl\":\"https:\/\/dev.explora.cl\/aricayparinacota\/wp-content\/uploads\/sites\/2\/2018\/01\/Collage_Nota_Profesores.jpg\",\"articleSection\":[\"Noticias\"],\"inLanguage\":\"es-CL\"},{\"@type\":\"WebPage\",\"@id\":\"https:\/\/dev.explora.cl\/aricayparinacota\/con-el-poleron-puesto\/\",\"url\":\"https:\/\/dev.explora.cl\/aricayparinacota\/con-el-poleron-puesto\/\",\"name\":\"Con el poler\u00f3n puesto - Arica y Parinacota\",\"isPartOf\":{\"@id\":\"https:\/\/dev.explora.cl\/aricayparinacota\/#website\"},\"primaryImageOfPage\":{\"@id\":\"https:\/\/dev.explora.cl\/aricayparinacota\/con-el-poleron-puesto\/#primaryimage\"},\"image\":{\"@id\":\"https:\/\/dev.explora.cl\/aricayparinacota\/con-el-poleron-puesto\/#primaryimage\"},\"thumbnailUrl\":\"https:\/\/dev.explora.cl\/aricayparinacota\/wp-content\/uploads\/sites\/2\/2018\/01\/Collage_Nota_Profesores.jpg\",\"datePublished\":\"2018-01-02T19:40:02+00:00\",\"dateModified\":\"2019-05-09T20:45:56+00:00\",\"breadcrumb\":{\"@id\":\"https:\/\/dev.explora.cl\/aricayparinacota\/con-el-poleron-puesto\/#breadcrumb\"},\"inLanguage\":\"es-CL\",\"potentialAction\":[{\"@type\":\"ReadAction\",\"target\":[\"https:\/\/dev.explora.cl\/aricayparinacota\/con-el-poleron-puesto\/\"]}]},{\"@type\":\"ImageObject\",\"inLanguage\":\"es-CL\",\"@id\":\"https:\/\/dev.explora.cl\/aricayparinacota\/con-el-poleron-puesto\/#primaryimage\",\"url\":\"https:\/\/dev.explora.cl\/aricayparinacota\/wp-content\/uploads\/sites\/2\/2018\/01\/Collage_Nota_Profesores.jpg\",\"contentUrl\":\"https:\/\/dev.explora.cl\/aricayparinacota\/wp-content\/uploads\/sites\/2\/2018\/01\/Collage_Nota_Profesores.jpg\",\"width\":900,\"height\":248,\"caption\":\"Collage Nota Profesores\"},{\"@type\":\"BreadcrumbList\",\"@id\":\"https:\/\/dev.explora.cl\/aricayparinacota\/con-el-poleron-puesto\/#breadcrumb\",\"itemListElement\":[{\"@type\":\"ListItem\",\"position\":1,\"name\":\"Portada\",\"item\":\"https:\/\/dev.explora.cl\/aricayparinacota\/\"},{\"@type\":\"ListItem\",\"position\":2,\"name\":\"Con el poler\u00f3n puesto\"}]},{\"@type\":\"WebSite\",\"@id\":\"https:\/\/dev.explora.cl\/aricayparinacota\/#website\",\"url\":\"https:\/\/dev.explora.cl\/aricayparinacota\/\",\"name\":\"Arica y Parinacota\",\"description\":\"Otro sitio m\u00e1s de dev.explora.cl\",\"publisher\":{\"@id\":\"https:\/\/dev.explora.cl\/aricayparinacota\/#organization\"},\"potentialAction\":[{\"@type\":\"SearchAction\",\"target\":{\"@type\":\"EntryPoint\",\"urlTemplate\":\"https:\/\/dev.explora.cl\/aricayparinacota\/?s={search_term_string}\"},\"query-input\":{\"@type\":\"PropertyValueSpecification\",\"valueRequired\":true,\"valueName\":\"search_term_string\"}}],\"inLanguage\":\"es-CL\"},{\"@type\":\"Organization\",\"@id\":\"https:\/\/dev.explora.cl\/aricayparinacota\/#organization\",\"name\":\"Arica y Parinacota\",\"url\":\"https:\/\/dev.explora.cl\/aricayparinacota\/\",\"logo\":{\"@type\":\"ImageObject\",\"inLanguage\":\"es-CL\",\"@id\":\"https:\/\/dev.explora.cl\/aricayparinacota\/#\/schema\/logo\/image\/\",\"url\":\"https:\/\/dev.explora.cl\/aricayparinacota\/wp-content\/uploads\/sites\/2\/2020\/08\/cropped-nuevosa-logos-11.png\",\"contentUrl\":\"https:\/\/dev.explora.cl\/aricayparinacota\/wp-content\/uploads\/sites\/2\/2020\/08\/cropped-nuevosa-logos-11.png\",\"width\":812,\"height\":937,\"caption\":\"Arica y Parinacota\"},\"image\":{\"@id\":\"https:\/\/dev.explora.cl\/aricayparinacota\/#\/schema\/logo\/image\/\"}},{\"@type\":\"Person\",\"@id\":\"https:\/\/dev.explora.cl\/aricayparinacota\/#\/schema\/person\/cb8349c13ea2d324080adf8480d7ba5d\",\"name\":\"webman\",\"image\":{\"@type\":\"ImageObject\",\"inLanguage\":\"es-CL\",\"@id\":\"https:\/\/dev.explora.cl\/aricayparinacota\/#\/schema\/person\/image\/\",\"url\":\"https:\/\/secure.gravatar.com\/avatar\/eeff3c82f2c02f7177d13663b7e6f890e9a6a0647ce9bb29cae02dcb094c7312?s=96&d=mm&r=g\",\"contentUrl\":\"https:\/\/secure.gravatar.com\/avatar\/eeff3c82f2c02f7177d13663b7e6f890e9a6a0647ce9bb29cae02dcb094c7312?s=96&d=mm&r=g\",\"caption\":\"webman\"},\"url\":\"https:\/\/dev.explora.cl\/aricayparinacota\/author\/webman\/\"}]}<\/script>\n<!-- \/ Yoast SEO plugin. -->","yoast_head_json":{"title":"Con el poler\u00f3n puesto - Arica y Parinacota","robots":{"index":"index","follow":"follow","max-snippet":"max-snippet:-1","max-image-preview":"max-image-preview:large","max-video-preview":"max-video-preview:-1"},"canonical":"https:\/\/dev.explora.cl\/aricayparinacota\/con-el-poleron-puesto\/","og_locale":"es_ES","og_type":"article","og_title":"Con el poler\u00f3n puesto - Arica y Parinacota","og_description":"Una fruct\u00edfera reuni\u00f3n se desarroll\u00f3 entre los profesores Explora y los integrantes del Proyecto Asociativo Regional Explora Arica y Parinacota, con el fin de cerrar el a\u00f1o 2017 y dar inicio a la programaci\u00f3n 2018. Fueron 18.390 personas que participaron en las actividades del Proyecto Explora durante el a\u00f1o que reci\u00e9n pas\u00f3, y fue uno [&hellip;]","og_url":"https:\/\/dev.explora.cl\/aricayparinacota\/con-el-poleron-puesto\/","og_site_name":"Arica y Parinacota","article_published_time":"2018-01-02T19:40:02+00:00","article_modified_time":"2019-05-09T20:45:56+00:00","og_image":[{"width":900,"height":248,"url":"https:\/\/dev.explora.cl\/aricayparinacota\/wp-content\/uploads\/sites\/2\/2018\/01\/Collage_Nota_Profesores.jpg","type":"image\/jpeg"}],"author":"webman","twitter_card":"summary_large_image","twitter_misc":{"Escrito por":"webman","Tiempo estimado de lectura":"4 minutos"},"schema":{"@context":"https:\/\/schema.org","@graph":[{"@type":"Article","@id":"https:\/\/dev.explora.cl\/aricayparinacota\/con-el-poleron-puesto\/#article","isPartOf":{"@id":"https:\/\/dev.explora.cl\/aricayparinacota\/con-el-poleron-puesto\/"},"author":{"name":"webman","@id":"https:\/\/dev.explora.cl\/aricayparinacota\/#\/schema\/person\/cb8349c13ea2d324080adf8480d7ba5d"},"headline":"Con el poler\u00f3n puesto","datePublished":"2018-01-02T19:40:02+00:00","dateModified":"2019-05-09T20:45:56+00:00","mainEntityOfPage":{"@id":"https:\/\/dev.explora.cl\/aricayparinacota\/con-el-poleron-puesto\/"},"wordCount":900,"publisher":{"@id":"https:\/\/dev.explora.cl\/aricayparinacota\/#organization"},"image":{"@id":"https:\/\/dev.explora.cl\/aricayparinacota\/con-el-poleron-puesto\/#primaryimage"},"thumbnailUrl":"https:\/\/dev.explora.cl\/aricayparinacota\/wp-content\/uploads\/sites\/2\/2018\/01\/Collage_Nota_Profesores.jpg","articleSection":["Noticias"],"inLanguage":"es-CL"},{"@type":"WebPage","@id":"https:\/\/dev.explora.cl\/aricayparinacota\/con-el-poleron-puesto\/","url":"https:\/\/dev.explora.cl\/aricayparinacota\/con-el-poleron-puesto\/","name":"Con el poler\u00f3n puesto - Arica y Parinacota","isPartOf":{"@id":"https:\/\/dev.explora.cl\/aricayparinacota\/#website"},"primaryImageOfPage":{"@id":"https:\/\/dev.explora.cl\/aricayparinacota\/con-el-poleron-puesto\/#primaryimage"},"image":{"@id":"https:\/\/dev.explora.cl\/aricayparinacota\/con-el-poleron-puesto\/#primaryimage"},"thumbnailUrl":"https:\/\/dev.explora.cl\/aricayparinacota\/wp-content\/uploads\/sites\/2\/2018\/01\/Collage_Nota_Profesores.jpg","datePublished":"2018-01-02T19:40:02+00:00","dateModified":"2019-05-09T20:45:56+00:00","breadcrumb":{"@id":"https:\/\/dev.explora.cl\/aricayparinacota\/con-el-poleron-puesto\/#breadcrumb"},"inLanguage":"es-CL","potentialAction":[{"@type":"ReadAction","target":["https:\/\/dev.explora.cl\/aricayparinacota\/con-el-poleron-puesto\/"]}]},{"@type":"ImageObject","inLanguage":"es-CL","@id":"https:\/\/dev.explora.cl\/aricayparinacota\/con-el-poleron-puesto\/#primaryimage","url":"https:\/\/dev.explora.cl\/aricayparinacota\/wp-content\/uploads\/sites\/2\/2018\/01\/Collage_Nota_Profesores.jpg","contentUrl":"https:\/\/dev.explora.cl\/aricayparinacota\/wp-content\/uploads\/sites\/2\/2018\/01\/Collage_Nota_Profesores.jpg","width":900,"height":248,"caption":"Collage Nota Profesores"},{"@type":"BreadcrumbList","@id":"https:\/\/dev.explora.cl\/aricayparinacota\/con-el-poleron-puesto\/#breadcrumb","itemListElement":[{"@type":"ListItem","position":1,"name":"Portada","item":"https:\/\/dev.explora.cl\/aricayparinacota\/"},{"@type":"ListItem","position":2,"name":"Con el poler\u00f3n puesto"}]},{"@type":"WebSite","@id":"https:\/\/dev.explora.cl\/aricayparinacota\/#website","url":"https:\/\/dev.explora.cl\/aricayparinacota\/","name":"Arica y Parinacota","description":"Otro sitio m\u00e1s de dev.explora.cl","publisher":{"@id":"https:\/\/dev.explora.cl\/aricayparinacota\/#organization"},"potentialAction":[{"@type":"SearchAction","target":{"@type":"EntryPoint","urlTemplate":"https:\/\/dev.explora.cl\/aricayparinacota\/?s={search_term_string}"},"query-input":{"@type":"PropertyValueSpecification","valueRequired":true,"valueName":"search_term_string"}}],"inLanguage":"es-CL"},{"@type":"Organization","@id":"https:\/\/dev.explora.cl\/aricayparinacota\/#organization","name":"Arica y Parinacota","url":"https:\/\/dev.explora.cl\/aricayparinacota\/","logo":{"@type":"ImageObject","inLanguage":"es-CL","@id":"https:\/\/dev.explora.cl\/aricayparinacota\/#\/schema\/logo\/image\/","url":"https:\/\/dev.explora.cl\/aricayparinacota\/wp-content\/uploads\/sites\/2\/2020\/08\/cropped-nuevosa-logos-11.png","contentUrl":"https:\/\/dev.explora.cl\/aricayparinacota\/wp-content\/uploads\/sites\/2\/2020\/08\/cropped-nuevosa-logos-11.png","width":812,"height":937,"caption":"Arica y Parinacota"},"image":{"@id":"https:\/\/dev.explora.cl\/aricayparinacota\/#\/schema\/logo\/image\/"}},{"@type":"Person","@id":"https:\/\/dev.explora.cl\/aricayparinacota\/#\/schema\/person\/cb8349c13ea2d324080adf8480d7ba5d","name":"webman","image":{"@type":"ImageObject","inLanguage":"es-CL","@id":"https:\/\/dev.explora.cl\/aricayparinacota\/#\/schema\/person\/image\/","url":"https:\/\/secure.gravatar.com\/avatar\/eeff3c82f2c02f7177d13663b7e6f890e9a6a0647ce9bb29cae02dcb094c7312?s=96&d=mm&r=g","contentUrl":"https:\/\/secure.gravatar.com\/avatar\/eeff3c82f2c02f7177d13663b7e6f890e9a6a0647ce9bb29cae02dcb094c7312?s=96&d=mm&r=g","caption":"webman"},"url":"https:\/\/dev.explora.cl\/aricayparinacota\/author\/webman\/"}]}},"_links":{"self":[{"href":"https:\/\/dev.explora.cl\/aricayparinacota\/wp-json\/wp\/v2\/posts\/29609","targetHints":{"allow":["GET"]}}],"collection":[{"href":"https:\/\/dev.explora.cl\/aricayparinacota\/wp-json\/wp\/v2\/posts"}],"about":[{"href":"https:\/\/dev.explora.cl\/aricayparinacota\/wp-json\/wp\/v2\/types\/post"}],"author":[{"embeddable":true,"href":"https:\/\/dev.explora.cl\/aricayparinacota\/wp-json\/wp\/v2\/users\/2"}],"replies":[{"embeddable":true,"href":"https:\/\/dev.explora.cl\/aricayparinacota\/wp-json\/wp\/v2\/comments?post=29609"}],"version-history":[{"count":1,"href":"https:\/\/dev.explora.cl\/aricayparinacota\/wp-json\/wp\/v2\/posts\/29609\/revisions"}],"predecessor-version":[{"id":32841,"href":"https:\/\/dev.explora.cl\/aricayparinacota\/wp-json\/wp\/v2\/posts\/29609\/revisions\/32841"}],"wp:featuredmedia":[{"embeddable":true,"href":"https:\/\/dev.explora.cl\/aricayparinacota\/wp-json\/wp\/v2\/media\/29608"}],"wp:attachment":[{"href":"https:\/\/dev.explora.cl\/aricayparinacota\/wp-json\/wp\/v2\/media?parent=29609"}],"wp:term":[{"taxonomy":"category","embeddable":true,"href":"https:\/\/dev.explora.cl\/aricayparinacota\/wp-json\/wp\/v2\/categories?post=29609"},{"taxonomy":"post_tag","embeddable":true,"href":"https:\/\/dev.explora.cl\/aricayparinacota\/wp-json\/wp\/v2\/tags?post=29609"}],"curies":[{"name":"wp","href":"https:\/\/api.w.org\/{rel}","templated":true}]}}