{"id":40420,"date":"2021-03-17T13:05:29","date_gmt":"2021-03-17T16:05:29","guid":{"rendered":"https:\/\/dev.explora.cl\/araucania\/?p=40420"},"modified":"2021-07-05T11:27:00","modified_gmt":"2021-07-05T15:27:00","slug":"con-estreno-de-la-miniserie-wallmapu-desde-los-conocimientos-se-busca-reflexionar-en-torno-a-desafios-regionales","status":"publish","type":"post","link":"https:\/\/dev.explora.cl\/araucania\/con-estreno-de-la-miniserie-wallmapu-desde-los-conocimientos-se-busca-reflexionar-en-torno-a-desafios-regionales\/","title":{"rendered":"Con estreno de la miniserie \u201cWallmapu desde los conocimientos\u201d se busca reflexionar en torno a desaf\u00edos regionales"},"content":{"rendered":"<p>Conocimientos de comunidades locales, cient\u00edficos\/as y el pueblo mapuche, a trav\u00e9s de un recorrido por seis ecosistema de La Araucan\u00eda, es lo que podremos ver \u201cWallmapu desde los conocimientos\u201d miniserie documental producida por el Proyecto Explora La Araucan\u00eda, el que es liderado por el Centro UC de Desarrollo Local de la Pontificia Universidad Cat\u00f3lica de Chile, Campus Villarrica, y financiado por el Ministerio de Ciencia.<\/p>\n<p>La serie de seis cap\u00edtulos que vincula las ciencias naturales, ciencias sociales, las humanidades y la cultura mapuche, cuenta con 24 entrevistados, animaciones y grabaciones de distintos puntos de la regi\u00f3n, generando un relato claro y simple sobre este territorio y su gente.<\/p>\n<p>Al respecto, Daniel Opazo, director de Explora La Araucan\u00eda, coment\u00f3 que \u201cpara nosotros es muy importante la diversidad de voces, que se puedan representar los saberes, conocimientos, experiencias directas que tienen las personas con los ecosistemas. Tambi\u00e9n participaron investigadores de 7 universidades de la regi\u00f3n\u201d, detall\u00f3, agregando que, un hilo conductor de la serie, es lograr un desarrollo sustentable de los territorios.<\/p>\n<p>&nbsp;<\/p>\n<h4><strong>Estreno exclusivo<\/strong><\/h4>\n<p>Esta realizaci\u00f3n tendr\u00e1 su estreno el pr\u00f3ximo jueves 18 de marzo a las 18 horas a trav\u00e9s del Fanpage de Explora La Araucan\u00eda, en el sexto coloquio socio cient\u00edfico <strong>\u201cDesaf\u00edos de La Araucan\u00eda \u00bfQu\u00e9 rol cumplimos en ellos?\u201d<\/strong><\/p>\n<p><img loading=\"lazy\" decoding=\"async\" class=\"size-medium wp-image-40424 alignleft\" src=\"https:\/\/dev.explora.cl\/araucania\/wp-content\/uploads\/sites\/15\/2021\/03\/coloquio-6-300x300.png\" alt=\"\" width=\"300\" height=\"300\" srcset=\"https:\/\/dev.explora.cl\/araucania\/wp-content\/uploads\/sites\/15\/2021\/03\/coloquio-6-300x300.png 300w, https:\/\/dev.explora.cl\/araucania\/wp-content\/uploads\/sites\/15\/2021\/03\/coloquio-6-150x150.png 150w, https:\/\/dev.explora.cl\/araucania\/wp-content\/uploads\/sites\/15\/2021\/03\/coloquio-6-768x768.png 768w, https:\/\/dev.explora.cl\/araucania\/wp-content\/uploads\/sites\/15\/2021\/03\/coloquio-6-1024x1024.png 1024w, https:\/\/dev.explora.cl\/araucania\/wp-content\/uploads\/sites\/15\/2021\/03\/coloquio-6-60x60.png 60w, https:\/\/dev.explora.cl\/araucania\/wp-content\/uploads\/sites\/15\/2021\/03\/coloquio-6.png 1080w\" sizes=\"auto, (max-width: 300px) 100vw, 300px\" \/>El espacio virtual contar\u00e1 con la presencia de la Dra. Olga Barbosa, de la Secretar\u00eda Regional Ministerial (Seremi), de Ciencia, Tecnolog\u00eda Conocimiento e Innovaci\u00f3n de la Macrozona Sur; Catalina Velasco, Directora Regi\u00f3n de Magallanes de la Fundaci\u00f3n Mar y Ciencia; el Dr. Manuel Schilling, Doctor en Ciencias Menci\u00f3n Geolog\u00eda e integrante de K\u00fctralkura e investigador de la Universidad Austral de Chile (UACh); y Estela Nahuelpan, Msc en Comunicaci\u00f3n e Interculturalidad e integrante de la Comunidad Mateo Nahuelpan, adem\u00e1s de la moderaci\u00f3n de \u00a0Daniel Opazo, director de Explora La Araucan\u00eda<\/p>\n<p>Este \u00a0coloquio es parte del ciclo de conversatorios que se iniciaron en 2020, y en cada uno de ellos se abordan variadas tem\u00e1ticas de gran relevancia para la regi\u00f3n de La Araucan\u00eda y el pa\u00eds, como econom\u00eda, educaci\u00f3n, medioambiente y g\u00e9nero, entre otras, y la conexi\u00f3n ser\u00e1 a trav\u00e9s del <a href=\"https:\/\/www.facebook.com\/exploralaaraucania\/\">Facebook de Explora La Araucan\u00eda. <\/a><\/p>\n<p>Para poder ser parte de este evento, pueden inscribirse directamente en el siguiente link <a href=\"https:\/\/forms.gle\/YWNsW2K7E4EKL8h4A\">https:\/\/forms.gle\/YWNsW2K7E4EKL8h4A<\/a><\/p>\n","protected":false},"excerpt":{"rendered":"<p>En el evento participar\u00e1n cuatro destacados panelistas, el  pr\u00f3ximo d\u00eda 18 de marzo a las 18 horas a trav\u00e9s de Facebook Live de Explora La Araucan\u00eda<\/p>\n","protected":false},"author":29,"featured_media":40423,"comment_status":"open","ping_status":"open","sticky":false,"template":"","format":"standard","meta":{"_acf_changed":false,"_exactmetrics_skip_tracking":false,"_exactmetrics_sitenote_active":false,"_exactmetrics_sitenote_note":"","_exactmetrics_sitenote_category":0,"footnotes":"","_links_to":"","_links_to_target":""},"categories":[143,4],"tags":[396,369,395],"class_list":["post-40420","post","type-post","status-publish","format-standard","has-post-thumbnail","hentry","category-lugar-8","category-noticias","tag-miniserie","tag-region-de-la-araucania","tag-wallmapu-desde-los-conocimientos"],"acf":[],"yoast_head":"<!-- This site is optimized with the Yoast SEO plugin v26.7 - https:\/\/yoast.com\/wordpress\/plugins\/seo\/ -->\n<title>Con estreno de la miniserie \u201cWallmapu desde los conocimientos\u201d se busca reflexionar en torno a desaf\u00edos regionales - Araucan\u00eda<\/title>\n<meta name=\"robots\" content=\"index, follow, max-snippet:-1, max-image-preview:large, max-video-preview:-1\" \/>\n<link rel=\"canonical\" href=\"https:\/\/dev.explora.cl\/araucania\/con-estreno-de-la-miniserie-wallmapu-desde-los-conocimientos-se-busca-reflexionar-en-torno-a-desafios-regionales\/\" class=\"yoast-seo-meta-tag\" \/>\n<meta property=\"og:locale\" content=\"es_ES\" class=\"yoast-seo-meta-tag\" \/>\n<meta property=\"og:type\" content=\"article\" class=\"yoast-seo-meta-tag\" \/>\n<meta property=\"og:title\" content=\"Con estreno de la miniserie \u201cWallmapu desde los conocimientos\u201d se busca reflexionar en torno a desaf\u00edos regionales - Araucan\u00eda\" class=\"yoast-seo-meta-tag\" \/>\n<meta property=\"og:description\" content=\"En el evento participar\u00e1n cuatro destacados panelistas, el pr\u00f3ximo d\u00eda 18 de marzo a las 18 horas a trav\u00e9s de Facebook Live de Explora La Araucan\u00eda\" class=\"yoast-seo-meta-tag\" \/>\n<meta property=\"og:url\" content=\"https:\/\/dev.explora.cl\/araucania\/con-estreno-de-la-miniserie-wallmapu-desde-los-conocimientos-se-busca-reflexionar-en-torno-a-desafios-regionales\/\" class=\"yoast-seo-meta-tag\" \/>\n<meta property=\"og:site_name\" content=\"Araucan\u00eda\" class=\"yoast-seo-meta-tag\" \/>\n<meta property=\"article:published_time\" content=\"2021-03-17T16:05:29+00:00\" class=\"yoast-seo-meta-tag\" \/>\n<meta property=\"article:modified_time\" content=\"2021-07-05T15:27:00+00:00\" class=\"yoast-seo-meta-tag\" \/>\n<meta property=\"og:image\" content=\"https:\/\/dev.explora.cl\/araucania\/wp-content\/uploads\/sites\/15\/2021\/03\/serie.jpg\" class=\"yoast-seo-meta-tag\" \/>\n\t<meta property=\"og:image:width\" content=\"735\" class=\"yoast-seo-meta-tag\" \/>\n\t<meta property=\"og:image:height\" content=\"489\" class=\"yoast-seo-meta-tag\" \/>\n\t<meta property=\"og:image:type\" content=\"image\/jpeg\" class=\"yoast-seo-meta-tag\" \/>\n<meta name=\"author\" content=\"christianbor\" class=\"yoast-seo-meta-tag\" \/>\n<meta name=\"twitter:card\" content=\"summary_large_image\" class=\"yoast-seo-meta-tag\" \/>\n<meta name=\"twitter:label1\" content=\"Escrito por\" class=\"yoast-seo-meta-tag\" \/>\n\t<meta name=\"twitter:data1\" content=\"christianbor\" class=\"yoast-seo-meta-tag\" \/>\n\t<meta name=\"twitter:label2\" content=\"Tiempo estimado de lectura\" class=\"yoast-seo-meta-tag\" \/>\n\t<meta name=\"twitter:data2\" content=\"2 minutos\" class=\"yoast-seo-meta-tag\" \/>\n<script type=\"application\/ld+json\" class=\"yoast-schema-graph\">{\"@context\":\"https:\/\/schema.org\",\"@graph\":[{\"@type\":\"Article\",\"@id\":\"https:\/\/dev.explora.cl\/araucania\/con-estreno-de-la-miniserie-wallmapu-desde-los-conocimientos-se-busca-reflexionar-en-torno-a-desafios-regionales\/#article\",\"isPartOf\":{\"@id\":\"https:\/\/dev.explora.cl\/araucania\/con-estreno-de-la-miniserie-wallmapu-desde-los-conocimientos-se-busca-reflexionar-en-torno-a-desafios-regionales\/\"},\"author\":{\"name\":\"christianbor\",\"@id\":\"https:\/\/dev.explora.cl\/araucania\/#\/schema\/person\/00430756cbdfde141b9130e2529f043a\"},\"headline\":\"Con estreno de la miniserie \u201cWallmapu desde los conocimientos\u201d se busca reflexionar en torno a desaf\u00edos regionales\",\"datePublished\":\"2021-03-17T16:05:29+00:00\",\"dateModified\":\"2021-07-05T15:27:00+00:00\",\"mainEntityOfPage\":{\"@id\":\"https:\/\/dev.explora.cl\/araucania\/con-estreno-de-la-miniserie-wallmapu-desde-los-conocimientos-se-busca-reflexionar-en-torno-a-desafios-regionales\/\"},\"wordCount\":431,\"commentCount\":0,\"image\":{\"@id\":\"https:\/\/dev.explora.cl\/araucania\/con-estreno-de-la-miniserie-wallmapu-desde-los-conocimientos-se-busca-reflexionar-en-torno-a-desafios-regionales\/#primaryimage\"},\"thumbnailUrl\":\"https:\/\/dev.explora.cl\/araucania\/wp-content\/uploads\/sites\/15\/2021\/03\/serie.jpg\",\"keywords\":[\"miniserie\",\"Regi\u00f3n de La Araucan\u00eda\",\"Wallmapu desde los conocimientos\"],\"articleSection\":[\"Lugar 8\",\"Noticias\"],\"inLanguage\":\"es-CL\",\"potentialAction\":[{\"@type\":\"CommentAction\",\"name\":\"Comment\",\"target\":[\"https:\/\/dev.explora.cl\/araucania\/con-estreno-de-la-miniserie-wallmapu-desde-los-conocimientos-se-busca-reflexionar-en-torno-a-desafios-regionales\/#respond\"]}]},{\"@type\":\"WebPage\",\"@id\":\"https:\/\/dev.explora.cl\/araucania\/con-estreno-de-la-miniserie-wallmapu-desde-los-conocimientos-se-busca-reflexionar-en-torno-a-desafios-regionales\/\",\"url\":\"https:\/\/dev.explora.cl\/araucania\/con-estreno-de-la-miniserie-wallmapu-desde-los-conocimientos-se-busca-reflexionar-en-torno-a-desafios-regionales\/\",\"name\":\"Con estreno de la miniserie \u201cWallmapu desde los conocimientos\u201d se busca reflexionar en torno a desaf\u00edos regionales - Araucan\u00eda\",\"isPartOf\":{\"@id\":\"https:\/\/dev.explora.cl\/araucania\/#website\"},\"primaryImageOfPage\":{\"@id\":\"https:\/\/dev.explora.cl\/araucania\/con-estreno-de-la-miniserie-wallmapu-desde-los-conocimientos-se-busca-reflexionar-en-torno-a-desafios-regionales\/#primaryimage\"},\"image\":{\"@id\":\"https:\/\/dev.explora.cl\/araucania\/con-estreno-de-la-miniserie-wallmapu-desde-los-conocimientos-se-busca-reflexionar-en-torno-a-desafios-regionales\/#primaryimage\"},\"thumbnailUrl\":\"https:\/\/dev.explora.cl\/araucania\/wp-content\/uploads\/sites\/15\/2021\/03\/serie.jpg\",\"datePublished\":\"2021-03-17T16:05:29+00:00\",\"dateModified\":\"2021-07-05T15:27:00+00:00\",\"author\":{\"@id\":\"https:\/\/dev.explora.cl\/araucania\/#\/schema\/person\/00430756cbdfde141b9130e2529f043a\"},\"breadcrumb\":{\"@id\":\"https:\/\/dev.explora.cl\/araucania\/con-estreno-de-la-miniserie-wallmapu-desde-los-conocimientos-se-busca-reflexionar-en-torno-a-desafios-regionales\/#breadcrumb\"},\"inLanguage\":\"es-CL\",\"potentialAction\":[{\"@type\":\"ReadAction\",\"target\":[\"https:\/\/dev.explora.cl\/araucania\/con-estreno-de-la-miniserie-wallmapu-desde-los-conocimientos-se-busca-reflexionar-en-torno-a-desafios-regionales\/\"]}]},{\"@type\":\"ImageObject\",\"inLanguage\":\"es-CL\",\"@id\":\"https:\/\/dev.explora.cl\/araucania\/con-estreno-de-la-miniserie-wallmapu-desde-los-conocimientos-se-busca-reflexionar-en-torno-a-desafios-regionales\/#primaryimage\",\"url\":\"https:\/\/dev.explora.cl\/araucania\/wp-content\/uploads\/sites\/15\/2021\/03\/serie.jpg\",\"contentUrl\":\"https:\/\/dev.explora.cl\/araucania\/wp-content\/uploads\/sites\/15\/2021\/03\/serie.jpg\",\"width\":735,\"height\":489},{\"@type\":\"BreadcrumbList\",\"@id\":\"https:\/\/dev.explora.cl\/araucania\/con-estreno-de-la-miniserie-wallmapu-desde-los-conocimientos-se-busca-reflexionar-en-torno-a-desafios-regionales\/#breadcrumb\",\"itemListElement\":[{\"@type\":\"ListItem\",\"position\":1,\"name\":\"Portada\",\"item\":\"https:\/\/dev.explora.cl\/araucania\/\"},{\"@type\":\"ListItem\",\"position\":2,\"name\":\"Con estreno de la miniserie \u201cWallmapu desde los conocimientos\u201d se busca reflexionar en torno a desaf\u00edos regionales\"}]},{\"@type\":\"WebSite\",\"@id\":\"https:\/\/dev.explora.cl\/araucania\/#website\",\"url\":\"https:\/\/dev.explora.cl\/araucania\/\",\"name\":\"Araucan\u00eda\",\"description\":\"Otro sitio m\u00e1s de dev.explora.cl\",\"potentialAction\":[{\"@type\":\"SearchAction\",\"target\":{\"@type\":\"EntryPoint\",\"urlTemplate\":\"https:\/\/dev.explora.cl\/araucania\/?s={search_term_string}\"},\"query-input\":{\"@type\":\"PropertyValueSpecification\",\"valueRequired\":true,\"valueName\":\"search_term_string\"}}],\"inLanguage\":\"es-CL\"},{\"@type\":\"Person\",\"@id\":\"https:\/\/dev.explora.cl\/araucania\/#\/schema\/person\/00430756cbdfde141b9130e2529f043a\",\"name\":\"christianbor\",\"image\":{\"@type\":\"ImageObject\",\"inLanguage\":\"es-CL\",\"@id\":\"https:\/\/dev.explora.cl\/araucania\/#\/schema\/person\/image\/\",\"url\":\"https:\/\/secure.gravatar.com\/avatar\/268ed01e65a7aae7fae23a8237e9319f40c568070f8a3ce327804b208cd23a19?s=96&d=mm&r=g\",\"contentUrl\":\"https:\/\/secure.gravatar.com\/avatar\/268ed01e65a7aae7fae23a8237e9319f40c568070f8a3ce327804b208cd23a19?s=96&d=mm&r=g\",\"caption\":\"christianbor\"},\"url\":\"https:\/\/dev.explora.cl\/araucania\/author\/christianbor\/\"}]}<\/script>\n<!-- \/ Yoast SEO plugin. -->","yoast_head_json":{"title":"Con estreno de la miniserie \u201cWallmapu desde los conocimientos\u201d se busca reflexionar en torno a desaf\u00edos regionales - Araucan\u00eda","robots":{"index":"index","follow":"follow","max-snippet":"max-snippet:-1","max-image-preview":"max-image-preview:large","max-video-preview":"max-video-preview:-1"},"canonical":"https:\/\/dev.explora.cl\/araucania\/con-estreno-de-la-miniserie-wallmapu-desde-los-conocimientos-se-busca-reflexionar-en-torno-a-desafios-regionales\/","og_locale":"es_ES","og_type":"article","og_title":"Con estreno de la miniserie \u201cWallmapu desde los conocimientos\u201d se busca reflexionar en torno a desaf\u00edos regionales - Araucan\u00eda","og_description":"En el evento participar\u00e1n cuatro destacados panelistas, el pr\u00f3ximo d\u00eda 18 de marzo a las 18 horas a trav\u00e9s de Facebook Live de Explora La Araucan\u00eda","og_url":"https:\/\/dev.explora.cl\/araucania\/con-estreno-de-la-miniserie-wallmapu-desde-los-conocimientos-se-busca-reflexionar-en-torno-a-desafios-regionales\/","og_site_name":"Araucan\u00eda","article_published_time":"2021-03-17T16:05:29+00:00","article_modified_time":"2021-07-05T15:27:00+00:00","og_image":[{"width":735,"height":489,"url":"https:\/\/dev.explora.cl\/araucania\/wp-content\/uploads\/sites\/15\/2021\/03\/serie.jpg","type":"image\/jpeg"}],"author":"christianbor","twitter_card":"summary_large_image","twitter_misc":{"Escrito por":"christianbor","Tiempo estimado de lectura":"2 minutos"},"schema":{"@context":"https:\/\/schema.org","@graph":[{"@type":"Article","@id":"https:\/\/dev.explora.cl\/araucania\/con-estreno-de-la-miniserie-wallmapu-desde-los-conocimientos-se-busca-reflexionar-en-torno-a-desafios-regionales\/#article","isPartOf":{"@id":"https:\/\/dev.explora.cl\/araucania\/con-estreno-de-la-miniserie-wallmapu-desde-los-conocimientos-se-busca-reflexionar-en-torno-a-desafios-regionales\/"},"author":{"name":"christianbor","@id":"https:\/\/dev.explora.cl\/araucania\/#\/schema\/person\/00430756cbdfde141b9130e2529f043a"},"headline":"Con estreno de la miniserie \u201cWallmapu desde los conocimientos\u201d se busca reflexionar en torno a desaf\u00edos regionales","datePublished":"2021-03-17T16:05:29+00:00","dateModified":"2021-07-05T15:27:00+00:00","mainEntityOfPage":{"@id":"https:\/\/dev.explora.cl\/araucania\/con-estreno-de-la-miniserie-wallmapu-desde-los-conocimientos-se-busca-reflexionar-en-torno-a-desafios-regionales\/"},"wordCount":431,"commentCount":0,"image":{"@id":"https:\/\/dev.explora.cl\/araucania\/con-estreno-de-la-miniserie-wallmapu-desde-los-conocimientos-se-busca-reflexionar-en-torno-a-desafios-regionales\/#primaryimage"},"thumbnailUrl":"https:\/\/dev.explora.cl\/araucania\/wp-content\/uploads\/sites\/15\/2021\/03\/serie.jpg","keywords":["miniserie","Regi\u00f3n de La Araucan\u00eda","Wallmapu desde los conocimientos"],"articleSection":["Lugar 8","Noticias"],"inLanguage":"es-CL","potentialAction":[{"@type":"CommentAction","name":"Comment","target":["https:\/\/dev.explora.cl\/araucania\/con-estreno-de-la-miniserie-wallmapu-desde-los-conocimientos-se-busca-reflexionar-en-torno-a-desafios-regionales\/#respond"]}]},{"@type":"WebPage","@id":"https:\/\/dev.explora.cl\/araucania\/con-estreno-de-la-miniserie-wallmapu-desde-los-conocimientos-se-busca-reflexionar-en-torno-a-desafios-regionales\/","url":"https:\/\/dev.explora.cl\/araucania\/con-estreno-de-la-miniserie-wallmapu-desde-los-conocimientos-se-busca-reflexionar-en-torno-a-desafios-regionales\/","name":"Con estreno de la miniserie \u201cWallmapu desde los conocimientos\u201d se busca reflexionar en torno a desaf\u00edos regionales - Araucan\u00eda","isPartOf":{"@id":"https:\/\/dev.explora.cl\/araucania\/#website"},"primaryImageOfPage":{"@id":"https:\/\/dev.explora.cl\/araucania\/con-estreno-de-la-miniserie-wallmapu-desde-los-conocimientos-se-busca-reflexionar-en-torno-a-desafios-regionales\/#primaryimage"},"image":{"@id":"https:\/\/dev.explora.cl\/araucania\/con-estreno-de-la-miniserie-wallmapu-desde-los-conocimientos-se-busca-reflexionar-en-torno-a-desafios-regionales\/#primaryimage"},"thumbnailUrl":"https:\/\/dev.explora.cl\/araucania\/wp-content\/uploads\/sites\/15\/2021\/03\/serie.jpg","datePublished":"2021-03-17T16:05:29+00:00","dateModified":"2021-07-05T15:27:00+00:00","author":{"@id":"https:\/\/dev.explora.cl\/araucania\/#\/schema\/person\/00430756cbdfde141b9130e2529f043a"},"breadcrumb":{"@id":"https:\/\/dev.explora.cl\/araucania\/con-estreno-de-la-miniserie-wallmapu-desde-los-conocimientos-se-busca-reflexionar-en-torno-a-desafios-regionales\/#breadcrumb"},"inLanguage":"es-CL","potentialAction":[{"@type":"ReadAction","target":["https:\/\/dev.explora.cl\/araucania\/con-estreno-de-la-miniserie-wallmapu-desde-los-conocimientos-se-busca-reflexionar-en-torno-a-desafios-regionales\/"]}]},{"@type":"ImageObject","inLanguage":"es-CL","@id":"https:\/\/dev.explora.cl\/araucania\/con-estreno-de-la-miniserie-wallmapu-desde-los-conocimientos-se-busca-reflexionar-en-torno-a-desafios-regionales\/#primaryimage","url":"https:\/\/dev.explora.cl\/araucania\/wp-content\/uploads\/sites\/15\/2021\/03\/serie.jpg","contentUrl":"https:\/\/dev.explora.cl\/araucania\/wp-content\/uploads\/sites\/15\/2021\/03\/serie.jpg","width":735,"height":489},{"@type":"BreadcrumbList","@id":"https:\/\/dev.explora.cl\/araucania\/con-estreno-de-la-miniserie-wallmapu-desde-los-conocimientos-se-busca-reflexionar-en-torno-a-desafios-regionales\/#breadcrumb","itemListElement":[{"@type":"ListItem","position":1,"name":"Portada","item":"https:\/\/dev.explora.cl\/araucania\/"},{"@type":"ListItem","position":2,"name":"Con estreno de la miniserie \u201cWallmapu desde los conocimientos\u201d se busca reflexionar en torno a desaf\u00edos regionales"}]},{"@type":"WebSite","@id":"https:\/\/dev.explora.cl\/araucania\/#website","url":"https:\/\/dev.explora.cl\/araucania\/","name":"Araucan\u00eda","description":"Otro sitio m\u00e1s de dev.explora.cl","potentialAction":[{"@type":"SearchAction","target":{"@type":"EntryPoint","urlTemplate":"https:\/\/dev.explora.cl\/araucania\/?s={search_term_string}"},"query-input":{"@type":"PropertyValueSpecification","valueRequired":true,"valueName":"search_term_string"}}],"inLanguage":"es-CL"},{"@type":"Person","@id":"https:\/\/dev.explora.cl\/araucania\/#\/schema\/person\/00430756cbdfde141b9130e2529f043a","name":"christianbor","image":{"@type":"ImageObject","inLanguage":"es-CL","@id":"https:\/\/dev.explora.cl\/araucania\/#\/schema\/person\/image\/","url":"https:\/\/secure.gravatar.com\/avatar\/268ed01e65a7aae7fae23a8237e9319f40c568070f8a3ce327804b208cd23a19?s=96&d=mm&r=g","contentUrl":"https:\/\/secure.gravatar.com\/avatar\/268ed01e65a7aae7fae23a8237e9319f40c568070f8a3ce327804b208cd23a19?s=96&d=mm&r=g","caption":"christianbor"},"url":"https:\/\/dev.explora.cl\/araucania\/author\/christianbor\/"}]}},"_links":{"self":[{"href":"https:\/\/dev.explora.cl\/araucania\/wp-json\/wp\/v2\/posts\/40420","targetHints":{"allow":["GET"]}}],"collection":[{"href":"https:\/\/dev.explora.cl\/araucania\/wp-json\/wp\/v2\/posts"}],"about":[{"href":"https:\/\/dev.explora.cl\/araucania\/wp-json\/wp\/v2\/types\/post"}],"author":[{"embeddable":true,"href":"https:\/\/dev.explora.cl\/araucania\/wp-json\/wp\/v2\/users\/29"}],"replies":[{"embeddable":true,"href":"https:\/\/dev.explora.cl\/araucania\/wp-json\/wp\/v2\/comments?post=40420"}],"version-history":[{"count":2,"href":"https:\/\/dev.explora.cl\/araucania\/wp-json\/wp\/v2\/posts\/40420\/revisions"}],"predecessor-version":[{"id":40425,"href":"https:\/\/dev.explora.cl\/araucania\/wp-json\/wp\/v2\/posts\/40420\/revisions\/40425"}],"wp:featuredmedia":[{"embeddable":true,"href":"https:\/\/dev.explora.cl\/araucania\/wp-json\/wp\/v2\/media\/40423"}],"wp:attachment":[{"href":"https:\/\/dev.explora.cl\/araucania\/wp-json\/wp\/v2\/media?parent=40420"}],"wp:term":[{"taxonomy":"category","embeddable":true,"href":"https:\/\/dev.explora.cl\/araucania\/wp-json\/wp\/v2\/categories?post=40420"},{"taxonomy":"post_tag","embeddable":true,"href":"https:\/\/dev.explora.cl\/araucania\/wp-json\/wp\/v2\/tags?post=40420"}],"curies":[{"name":"wp","href":"https:\/\/api.w.org\/{rel}","templated":true}]}}