{"id":40412,"date":"2021-02-09T10:59:40","date_gmt":"2021-02-09T13:59:40","guid":{"rendered":"https:\/\/dev.explora.cl\/araucania\/?p=40412"},"modified":"2021-06-30T10:52:36","modified_gmt":"2021-06-30T14:52:36","slug":"vinculando-ciencias-y-saberes-locales-explora-araucania-prepara-lanzamiento-de-mini-serie-documental","status":"publish","type":"post","link":"https:\/\/dev.explora.cl\/araucania\/vinculando-ciencias-y-saberes-locales-explora-araucania-prepara-lanzamiento-de-mini-serie-documental\/","title":{"rendered":"Vinculando ciencias y saberes locales Explora La Araucan\u00eda prepara lanzamiento de mini serie documental"},"content":{"rendered":"<p>\u00bfQu\u00e9 sucede y cu\u00e1les son los bosques submarinos? \u00bfCu\u00e1nta biodiversidad ocultan los bosques terrestres de la regi\u00f3n de La Araucan\u00eda? Son solo algunas de las preguntas que se ir\u00e1n respondiendo en la mini serie documental \u201c<strong>Wallmapu desde los conocimientos\u201d <\/strong>la que fue producida por el Proyecto Explora La Araucan\u00eda, ejecutado por el Centro UC de Desarrollo Local de la Pontificia Universidad Cat\u00f3lica de Chile, Campus Villarrica; y financiado por el Ministerio de Ciencias.<\/p>\n<p>Esta realizaci\u00f3n busca abordar tem\u00e1ticas medioambientales desde la mirada de saberes ancestrales y la articulaci\u00f3n entre ciencias &#8211;\u00a0 sociedad, dando un enfoque poco antes visto en una producci\u00f3n.<\/p>\n<p><strong>Enfoque territorial<\/strong><\/p>\n<p>\u201cWallmapu\u201d se entiende como todos los elementos materiales e inmateriales del territorio ancestral del pueblo mapuche, y es por ello que se escogi\u00f3 este t\u00e9rmino en el nombre de la serie, \u201cla que busca sorprender, ense\u00f1ar y acercar a j\u00f3venes y adultos a los componentes naturales, sociales, y culturales de una regi\u00f3n con m\u00e1s de 1 millones de habitantes y m\u00e1s de 31 mil km<sup>2<\/sup>, declar\u00f3 al respecto Daniel Opazo, director de Explora La Araucan\u00eda.<\/p>\n<p>Por medio un recorrido y una t\u00e9cnica visual muy interesante, el espectador podr\u00e1 conocer datos de inter\u00e9s sobre ecosistemas agr\u00edcolas, humedales, cordillera y volcanes, bosques, mar y costa; y ciudades en cada uno de los epiosdios, dando pie a un espacio de reflexionar sobre la realidad del territorio mapuche.<\/p>\n<p>&nbsp;<\/p>\n<p>La serie de seis cap\u00edtulos que vincula las ciencias sociales, las humanidades y la cultura mapuche, cuenta con 24 entrevistados, animaciones y grabaciones de distintos puntos de la regi\u00f3n, generando un relato ameno, claro y simple sobre este territorio y su gente.<\/p>\n<p>Al respecto, Opazo coment\u00f3 que \u201cpara nosotros es muy importante la diversidad de voces, que se puedan representar los saberes, conocimientos, experiencias directas que tienen las personas con los ecosistemas. Tambi\u00e9n participaron investigadores de 7 universidades de la regi\u00f3n\u201d, detall\u00f3 el director del Explora La Araucan\u00eda, agregando que, un hilo conductor de la serie, es lograr un desarrollo sustentable de los territorios.<\/p>\n<p>\u201cWallmapu desde los conocimientos\u201d ver\u00e1 la luz en marzo pr\u00f3ximo a trav\u00e9s de las redes sociales de Explora La Araucan\u00eda, y se distribuir\u00e1 de manera gratuita a canales regionales y nacionales, con el fin de invitar a la mayor cantidad de personas a pensar respecto a c\u00f3mo nuestras acciones pueden influir en el presente y futuro de nuestro planeta.<\/p>\n","protected":false},"excerpt":{"rendered":"<p>A trav\u00e9s de 6 cap\u00edtulos, esta realizaci\u00f3n invitar\u00e1 a conocer los humedales, los bosques, el mar, la costa y la cordillera desde La Araucan\u00eda, adem\u00e1s de la agricultura y la vida en ciudad, todo con una visi\u00f3n que invita a reflexionar.<\/p>\n","protected":false},"author":29,"featured_media":40413,"comment_status":"open","ping_status":"open","sticky":false,"template":"","format":"standard","meta":{"_acf_changed":false,"_exactmetrics_skip_tracking":false,"_exactmetrics_sitenote_active":false,"_exactmetrics_sitenote_note":"","_exactmetrics_sitenote_category":0,"footnotes":"","_links_to":"","_links_to_target":""},"categories":[143,4],"tags":[394,365,395],"class_list":["post-40412","post","type-post","status-publish","format-standard","has-post-thumbnail","hentry","category-lugar-8","category-noticias","tag-mini-serie","tag-wallmapu","tag-wallmapu-desde-los-conocimientos"],"acf":[],"yoast_head":"<!-- This site is optimized with the Yoast SEO plugin v26.7 - https:\/\/yoast.com\/wordpress\/plugins\/seo\/ -->\n<title>Vinculando ciencias y saberes locales Explora La Araucan\u00eda prepara lanzamiento de mini serie documental - Araucan\u00eda<\/title>\n<meta name=\"robots\" content=\"index, follow, max-snippet:-1, max-image-preview:large, max-video-preview:-1\" \/>\n<link rel=\"canonical\" href=\"https:\/\/dev.explora.cl\/araucania\/vinculando-ciencias-y-saberes-locales-explora-araucania-prepara-lanzamiento-de-mini-serie-documental\/\" class=\"yoast-seo-meta-tag\" \/>\n<meta property=\"og:locale\" content=\"es_ES\" class=\"yoast-seo-meta-tag\" \/>\n<meta property=\"og:type\" content=\"article\" class=\"yoast-seo-meta-tag\" \/>\n<meta property=\"og:title\" content=\"Vinculando ciencias y saberes locales Explora La Araucan\u00eda prepara lanzamiento de mini serie documental - Araucan\u00eda\" class=\"yoast-seo-meta-tag\" \/>\n<meta property=\"og:description\" content=\"A trav\u00e9s de 6 cap\u00edtulos, esta realizaci\u00f3n invitar\u00e1 a conocer los humedales, los bosques, el mar, la costa y la cordillera desde La Araucan\u00eda, adem\u00e1s de la agricultura y la vida en ciudad, todo con una visi\u00f3n que invita a reflexionar.\" class=\"yoast-seo-meta-tag\" \/>\n<meta property=\"og:url\" content=\"https:\/\/dev.explora.cl\/araucania\/vinculando-ciencias-y-saberes-locales-explora-araucania-prepara-lanzamiento-de-mini-serie-documental\/\" class=\"yoast-seo-meta-tag\" \/>\n<meta property=\"og:site_name\" content=\"Araucan\u00eda\" class=\"yoast-seo-meta-tag\" \/>\n<meta property=\"article:published_time\" content=\"2021-02-09T13:59:40+00:00\" class=\"yoast-seo-meta-tag\" \/>\n<meta property=\"article:modified_time\" content=\"2021-06-30T14:52:36+00:00\" class=\"yoast-seo-meta-tag\" \/>\n<meta property=\"og:image\" content=\"https:\/\/dev.explora.cl\/araucania\/wp-content\/uploads\/sites\/15\/2021\/02\/image-1.png\" class=\"yoast-seo-meta-tag\" \/>\n\t<meta property=\"og:image:width\" content=\"1366\" class=\"yoast-seo-meta-tag\" \/>\n\t<meta property=\"og:image:height\" content=\"768\" class=\"yoast-seo-meta-tag\" \/>\n\t<meta property=\"og:image:type\" content=\"image\/png\" class=\"yoast-seo-meta-tag\" \/>\n<meta name=\"author\" content=\"christianbor\" class=\"yoast-seo-meta-tag\" \/>\n<meta name=\"twitter:card\" content=\"summary_large_image\" class=\"yoast-seo-meta-tag\" \/>\n<meta name=\"twitter:label1\" content=\"Escrito por\" class=\"yoast-seo-meta-tag\" \/>\n\t<meta name=\"twitter:data1\" content=\"christianbor\" class=\"yoast-seo-meta-tag\" \/>\n\t<meta name=\"twitter:label2\" content=\"Tiempo estimado de lectura\" class=\"yoast-seo-meta-tag\" \/>\n\t<meta name=\"twitter:data2\" content=\"2 minutos\" class=\"yoast-seo-meta-tag\" \/>\n<script type=\"application\/ld+json\" class=\"yoast-schema-graph\">{\"@context\":\"https:\/\/schema.org\",\"@graph\":[{\"@type\":\"Article\",\"@id\":\"https:\/\/dev.explora.cl\/araucania\/vinculando-ciencias-y-saberes-locales-explora-araucania-prepara-lanzamiento-de-mini-serie-documental\/#article\",\"isPartOf\":{\"@id\":\"https:\/\/dev.explora.cl\/araucania\/vinculando-ciencias-y-saberes-locales-explora-araucania-prepara-lanzamiento-de-mini-serie-documental\/\"},\"author\":{\"name\":\"christianbor\",\"@id\":\"https:\/\/dev.explora.cl\/araucania\/#\/schema\/person\/00430756cbdfde141b9130e2529f043a\"},\"headline\":\"Vinculando ciencias y saberes locales Explora La Araucan\u00eda prepara lanzamiento de mini serie documental\",\"datePublished\":\"2021-02-09T13:59:40+00:00\",\"dateModified\":\"2021-06-30T14:52:36+00:00\",\"mainEntityOfPage\":{\"@id\":\"https:\/\/dev.explora.cl\/araucania\/vinculando-ciencias-y-saberes-locales-explora-araucania-prepara-lanzamiento-de-mini-serie-documental\/\"},\"wordCount\":432,\"commentCount\":0,\"image\":{\"@id\":\"https:\/\/dev.explora.cl\/araucania\/vinculando-ciencias-y-saberes-locales-explora-araucania-prepara-lanzamiento-de-mini-serie-documental\/#primaryimage\"},\"thumbnailUrl\":\"https:\/\/dev.explora.cl\/araucania\/wp-content\/uploads\/sites\/15\/2021\/02\/image-1.png\",\"keywords\":[\"mini serie\",\"Wallmapu\",\"Wallmapu desde los conocimientos\"],\"articleSection\":[\"Lugar 8\",\"Noticias\"],\"inLanguage\":\"es-CL\",\"potentialAction\":[{\"@type\":\"CommentAction\",\"name\":\"Comment\",\"target\":[\"https:\/\/dev.explora.cl\/araucania\/vinculando-ciencias-y-saberes-locales-explora-araucania-prepara-lanzamiento-de-mini-serie-documental\/#respond\"]}]},{\"@type\":\"WebPage\",\"@id\":\"https:\/\/dev.explora.cl\/araucania\/vinculando-ciencias-y-saberes-locales-explora-araucania-prepara-lanzamiento-de-mini-serie-documental\/\",\"url\":\"https:\/\/dev.explora.cl\/araucania\/vinculando-ciencias-y-saberes-locales-explora-araucania-prepara-lanzamiento-de-mini-serie-documental\/\",\"name\":\"Vinculando ciencias y saberes locales Explora La Araucan\u00eda prepara lanzamiento de mini serie documental - Araucan\u00eda\",\"isPartOf\":{\"@id\":\"https:\/\/dev.explora.cl\/araucania\/#website\"},\"primaryImageOfPage\":{\"@id\":\"https:\/\/dev.explora.cl\/araucania\/vinculando-ciencias-y-saberes-locales-explora-araucania-prepara-lanzamiento-de-mini-serie-documental\/#primaryimage\"},\"image\":{\"@id\":\"https:\/\/dev.explora.cl\/araucania\/vinculando-ciencias-y-saberes-locales-explora-araucania-prepara-lanzamiento-de-mini-serie-documental\/#primaryimage\"},\"thumbnailUrl\":\"https:\/\/dev.explora.cl\/araucania\/wp-content\/uploads\/sites\/15\/2021\/02\/image-1.png\",\"datePublished\":\"2021-02-09T13:59:40+00:00\",\"dateModified\":\"2021-06-30T14:52:36+00:00\",\"author\":{\"@id\":\"https:\/\/dev.explora.cl\/araucania\/#\/schema\/person\/00430756cbdfde141b9130e2529f043a\"},\"breadcrumb\":{\"@id\":\"https:\/\/dev.explora.cl\/araucania\/vinculando-ciencias-y-saberes-locales-explora-araucania-prepara-lanzamiento-de-mini-serie-documental\/#breadcrumb\"},\"inLanguage\":\"es-CL\",\"potentialAction\":[{\"@type\":\"ReadAction\",\"target\":[\"https:\/\/dev.explora.cl\/araucania\/vinculando-ciencias-y-saberes-locales-explora-araucania-prepara-lanzamiento-de-mini-serie-documental\/\"]}]},{\"@type\":\"ImageObject\",\"inLanguage\":\"es-CL\",\"@id\":\"https:\/\/dev.explora.cl\/araucania\/vinculando-ciencias-y-saberes-locales-explora-araucania-prepara-lanzamiento-de-mini-serie-documental\/#primaryimage\",\"url\":\"https:\/\/dev.explora.cl\/araucania\/wp-content\/uploads\/sites\/15\/2021\/02\/image-1.png\",\"contentUrl\":\"https:\/\/dev.explora.cl\/araucania\/wp-content\/uploads\/sites\/15\/2021\/02\/image-1.png\",\"width\":1366,\"height\":768},{\"@type\":\"BreadcrumbList\",\"@id\":\"https:\/\/dev.explora.cl\/araucania\/vinculando-ciencias-y-saberes-locales-explora-araucania-prepara-lanzamiento-de-mini-serie-documental\/#breadcrumb\",\"itemListElement\":[{\"@type\":\"ListItem\",\"position\":1,\"name\":\"Portada\",\"item\":\"https:\/\/dev.explora.cl\/araucania\/\"},{\"@type\":\"ListItem\",\"position\":2,\"name\":\"Vinculando ciencias y saberes locales Explora La Araucan\u00eda prepara lanzamiento de mini serie documental\"}]},{\"@type\":\"WebSite\",\"@id\":\"https:\/\/dev.explora.cl\/araucania\/#website\",\"url\":\"https:\/\/dev.explora.cl\/araucania\/\",\"name\":\"Araucan\u00eda\",\"description\":\"Otro sitio m\u00e1s de dev.explora.cl\",\"potentialAction\":[{\"@type\":\"SearchAction\",\"target\":{\"@type\":\"EntryPoint\",\"urlTemplate\":\"https:\/\/dev.explora.cl\/araucania\/?s={search_term_string}\"},\"query-input\":{\"@type\":\"PropertyValueSpecification\",\"valueRequired\":true,\"valueName\":\"search_term_string\"}}],\"inLanguage\":\"es-CL\"},{\"@type\":\"Person\",\"@id\":\"https:\/\/dev.explora.cl\/araucania\/#\/schema\/person\/00430756cbdfde141b9130e2529f043a\",\"name\":\"christianbor\",\"image\":{\"@type\":\"ImageObject\",\"inLanguage\":\"es-CL\",\"@id\":\"https:\/\/dev.explora.cl\/araucania\/#\/schema\/person\/image\/\",\"url\":\"https:\/\/secure.gravatar.com\/avatar\/268ed01e65a7aae7fae23a8237e9319f40c568070f8a3ce327804b208cd23a19?s=96&d=mm&r=g\",\"contentUrl\":\"https:\/\/secure.gravatar.com\/avatar\/268ed01e65a7aae7fae23a8237e9319f40c568070f8a3ce327804b208cd23a19?s=96&d=mm&r=g\",\"caption\":\"christianbor\"},\"url\":\"https:\/\/dev.explora.cl\/araucania\/author\/christianbor\/\"}]}<\/script>\n<!-- \/ Yoast SEO plugin. -->","yoast_head_json":{"title":"Vinculando ciencias y saberes locales Explora La Araucan\u00eda prepara lanzamiento de mini serie documental - Araucan\u00eda","robots":{"index":"index","follow":"follow","max-snippet":"max-snippet:-1","max-image-preview":"max-image-preview:large","max-video-preview":"max-video-preview:-1"},"canonical":"https:\/\/dev.explora.cl\/araucania\/vinculando-ciencias-y-saberes-locales-explora-araucania-prepara-lanzamiento-de-mini-serie-documental\/","og_locale":"es_ES","og_type":"article","og_title":"Vinculando ciencias y saberes locales Explora La Araucan\u00eda prepara lanzamiento de mini serie documental - Araucan\u00eda","og_description":"A trav\u00e9s de 6 cap\u00edtulos, esta realizaci\u00f3n invitar\u00e1 a conocer los humedales, los bosques, el mar, la costa y la cordillera desde La Araucan\u00eda, adem\u00e1s de la agricultura y la vida en ciudad, todo con una visi\u00f3n que invita a reflexionar.","og_url":"https:\/\/dev.explora.cl\/araucania\/vinculando-ciencias-y-saberes-locales-explora-araucania-prepara-lanzamiento-de-mini-serie-documental\/","og_site_name":"Araucan\u00eda","article_published_time":"2021-02-09T13:59:40+00:00","article_modified_time":"2021-06-30T14:52:36+00:00","og_image":[{"width":1366,"height":768,"url":"https:\/\/dev.explora.cl\/araucania\/wp-content\/uploads\/sites\/15\/2021\/02\/image-1.png","type":"image\/png"}],"author":"christianbor","twitter_card":"summary_large_image","twitter_misc":{"Escrito por":"christianbor","Tiempo estimado de lectura":"2 minutos"},"schema":{"@context":"https:\/\/schema.org","@graph":[{"@type":"Article","@id":"https:\/\/dev.explora.cl\/araucania\/vinculando-ciencias-y-saberes-locales-explora-araucania-prepara-lanzamiento-de-mini-serie-documental\/#article","isPartOf":{"@id":"https:\/\/dev.explora.cl\/araucania\/vinculando-ciencias-y-saberes-locales-explora-araucania-prepara-lanzamiento-de-mini-serie-documental\/"},"author":{"name":"christianbor","@id":"https:\/\/dev.explora.cl\/araucania\/#\/schema\/person\/00430756cbdfde141b9130e2529f043a"},"headline":"Vinculando ciencias y saberes locales Explora La Araucan\u00eda prepara lanzamiento de mini serie documental","datePublished":"2021-02-09T13:59:40+00:00","dateModified":"2021-06-30T14:52:36+00:00","mainEntityOfPage":{"@id":"https:\/\/dev.explora.cl\/araucania\/vinculando-ciencias-y-saberes-locales-explora-araucania-prepara-lanzamiento-de-mini-serie-documental\/"},"wordCount":432,"commentCount":0,"image":{"@id":"https:\/\/dev.explora.cl\/araucania\/vinculando-ciencias-y-saberes-locales-explora-araucania-prepara-lanzamiento-de-mini-serie-documental\/#primaryimage"},"thumbnailUrl":"https:\/\/dev.explora.cl\/araucania\/wp-content\/uploads\/sites\/15\/2021\/02\/image-1.png","keywords":["mini serie","Wallmapu","Wallmapu desde los conocimientos"],"articleSection":["Lugar 8","Noticias"],"inLanguage":"es-CL","potentialAction":[{"@type":"CommentAction","name":"Comment","target":["https:\/\/dev.explora.cl\/araucania\/vinculando-ciencias-y-saberes-locales-explora-araucania-prepara-lanzamiento-de-mini-serie-documental\/#respond"]}]},{"@type":"WebPage","@id":"https:\/\/dev.explora.cl\/araucania\/vinculando-ciencias-y-saberes-locales-explora-araucania-prepara-lanzamiento-de-mini-serie-documental\/","url":"https:\/\/dev.explora.cl\/araucania\/vinculando-ciencias-y-saberes-locales-explora-araucania-prepara-lanzamiento-de-mini-serie-documental\/","name":"Vinculando ciencias y saberes locales Explora La Araucan\u00eda prepara lanzamiento de mini serie documental - Araucan\u00eda","isPartOf":{"@id":"https:\/\/dev.explora.cl\/araucania\/#website"},"primaryImageOfPage":{"@id":"https:\/\/dev.explora.cl\/araucania\/vinculando-ciencias-y-saberes-locales-explora-araucania-prepara-lanzamiento-de-mini-serie-documental\/#primaryimage"},"image":{"@id":"https:\/\/dev.explora.cl\/araucania\/vinculando-ciencias-y-saberes-locales-explora-araucania-prepara-lanzamiento-de-mini-serie-documental\/#primaryimage"},"thumbnailUrl":"https:\/\/dev.explora.cl\/araucania\/wp-content\/uploads\/sites\/15\/2021\/02\/image-1.png","datePublished":"2021-02-09T13:59:40+00:00","dateModified":"2021-06-30T14:52:36+00:00","author":{"@id":"https:\/\/dev.explora.cl\/araucania\/#\/schema\/person\/00430756cbdfde141b9130e2529f043a"},"breadcrumb":{"@id":"https:\/\/dev.explora.cl\/araucania\/vinculando-ciencias-y-saberes-locales-explora-araucania-prepara-lanzamiento-de-mini-serie-documental\/#breadcrumb"},"inLanguage":"es-CL","potentialAction":[{"@type":"ReadAction","target":["https:\/\/dev.explora.cl\/araucania\/vinculando-ciencias-y-saberes-locales-explora-araucania-prepara-lanzamiento-de-mini-serie-documental\/"]}]},{"@type":"ImageObject","inLanguage":"es-CL","@id":"https:\/\/dev.explora.cl\/araucania\/vinculando-ciencias-y-saberes-locales-explora-araucania-prepara-lanzamiento-de-mini-serie-documental\/#primaryimage","url":"https:\/\/dev.explora.cl\/araucania\/wp-content\/uploads\/sites\/15\/2021\/02\/image-1.png","contentUrl":"https:\/\/dev.explora.cl\/araucania\/wp-content\/uploads\/sites\/15\/2021\/02\/image-1.png","width":1366,"height":768},{"@type":"BreadcrumbList","@id":"https:\/\/dev.explora.cl\/araucania\/vinculando-ciencias-y-saberes-locales-explora-araucania-prepara-lanzamiento-de-mini-serie-documental\/#breadcrumb","itemListElement":[{"@type":"ListItem","position":1,"name":"Portada","item":"https:\/\/dev.explora.cl\/araucania\/"},{"@type":"ListItem","position":2,"name":"Vinculando ciencias y saberes locales Explora La Araucan\u00eda prepara lanzamiento de mini serie documental"}]},{"@type":"WebSite","@id":"https:\/\/dev.explora.cl\/araucania\/#website","url":"https:\/\/dev.explora.cl\/araucania\/","name":"Araucan\u00eda","description":"Otro sitio m\u00e1s de dev.explora.cl","potentialAction":[{"@type":"SearchAction","target":{"@type":"EntryPoint","urlTemplate":"https:\/\/dev.explora.cl\/araucania\/?s={search_term_string}"},"query-input":{"@type":"PropertyValueSpecification","valueRequired":true,"valueName":"search_term_string"}}],"inLanguage":"es-CL"},{"@type":"Person","@id":"https:\/\/dev.explora.cl\/araucania\/#\/schema\/person\/00430756cbdfde141b9130e2529f043a","name":"christianbor","image":{"@type":"ImageObject","inLanguage":"es-CL","@id":"https:\/\/dev.explora.cl\/araucania\/#\/schema\/person\/image\/","url":"https:\/\/secure.gravatar.com\/avatar\/268ed01e65a7aae7fae23a8237e9319f40c568070f8a3ce327804b208cd23a19?s=96&d=mm&r=g","contentUrl":"https:\/\/secure.gravatar.com\/avatar\/268ed01e65a7aae7fae23a8237e9319f40c568070f8a3ce327804b208cd23a19?s=96&d=mm&r=g","caption":"christianbor"},"url":"https:\/\/dev.explora.cl\/araucania\/author\/christianbor\/"}]}},"_links":{"self":[{"href":"https:\/\/dev.explora.cl\/araucania\/wp-json\/wp\/v2\/posts\/40412","targetHints":{"allow":["GET"]}}],"collection":[{"href":"https:\/\/dev.explora.cl\/araucania\/wp-json\/wp\/v2\/posts"}],"about":[{"href":"https:\/\/dev.explora.cl\/araucania\/wp-json\/wp\/v2\/types\/post"}],"author":[{"embeddable":true,"href":"https:\/\/dev.explora.cl\/araucania\/wp-json\/wp\/v2\/users\/29"}],"replies":[{"embeddable":true,"href":"https:\/\/dev.explora.cl\/araucania\/wp-json\/wp\/v2\/comments?post=40412"}],"version-history":[{"count":2,"href":"https:\/\/dev.explora.cl\/araucania\/wp-json\/wp\/v2\/posts\/40412\/revisions"}],"predecessor-version":[{"id":40415,"href":"https:\/\/dev.explora.cl\/araucania\/wp-json\/wp\/v2\/posts\/40412\/revisions\/40415"}],"wp:featuredmedia":[{"embeddable":true,"href":"https:\/\/dev.explora.cl\/araucania\/wp-json\/wp\/v2\/media\/40413"}],"wp:attachment":[{"href":"https:\/\/dev.explora.cl\/araucania\/wp-json\/wp\/v2\/media?parent=40412"}],"wp:term":[{"taxonomy":"category","embeddable":true,"href":"https:\/\/dev.explora.cl\/araucania\/wp-json\/wp\/v2\/categories?post=40412"},{"taxonomy":"post_tag","embeddable":true,"href":"https:\/\/dev.explora.cl\/araucania\/wp-json\/wp\/v2\/tags?post=40412"}],"curies":[{"name":"wp","href":"https:\/\/api.w.org\/{rel}","templated":true}]}}