{"id":39922,"date":"2020-08-19T17:14:00","date_gmt":"2020-08-19T21:14:00","guid":{"rendered":"https:\/\/dev.explora.cl\/araucania\/?p=39922"},"modified":"2020-12-04T16:50:04","modified_gmt":"2020-12-04T19:50:04","slug":"comunicar-mi-investigacion-en-1-minuto-se-abren-postulaciones-a-taller-que-busca-capacitar-a-investigadores-de-la-araucania","status":"publish","type":"post","link":"https:\/\/dev.explora.cl\/araucania\/comunicar-mi-investigacion-en-1-minuto-se-abren-postulaciones-a-taller-que-busca-capacitar-a-investigadores-de-la-araucania\/","title":{"rendered":"Comunicar mi investigaci\u00f3n en 1 minuto: se abren postulaciones a taller que busca capacitar a investigadores de La Araucan\u00eda"},"content":{"rendered":"<p>En el actual contexto, los videos se han convertido en una herramienta valiosa para la difusi\u00f3n de contenido en diversas \u00e1reas, es por ello, y con el fin de apoyar a labor de los y las investigadoras, es que el Proyecto Explora La Araucan\u00eda del Ministerio de Ciencia, ejecutado por el Centro UC de Desarrollo Local de la Pontificia Universidad Cat\u00f3lica de Chile, Campus Villarrica; abri\u00f3 las postulaciones al taller <a href=\"https:\/\/dev.explora.cl\/araucania\/ciencia-abierta\/\">\u201c<strong>Comunicando mi investigaci\u00f3n al mundo en 1 minuto.<\/strong><\/a><\/p>\n<p>La instancia, que tendr\u00e1 como encargada a la destacada licenciada en Ciencias Biol\u00f3gicas y comunicadora cient\u00edfica, <strong>Macarena Rojas \u00c1balos<\/strong>; tambi\u00e9n buscar\u00e1 entregar a los participantes herramientas de contenidos tecnol\u00f3gicos, revitalizaci\u00f3n de saberes locales o tradicionales relacionados con la regi\u00f3n, desde las ciencias sociales, ciencias naturales, humanidades y\/o artes.<\/p>\n<p>El plazo para <a href=\"https:\/\/docs.google.com\/forms\/d\/e\/1FAIpQLSfPDd30GEPLHN77Mct1yAN0fyoEAhlClaQNH2qyS6iiMqirdw\/viewform\">postular es el 25 de agosto<\/a>\u00a0y la selecci\u00f3n de los participantes ser\u00e1 dar\u00e1 a conocer el 31 del presente mes. Caber destacar que los principios de elecci\u00f3n consideran la equidad de g\u00e9nero, la diversidad de \u00e1reas disciplinares y la diversidad de instituciones.<\/p>\n<figure id=\"attachment_39924\" aria-describedby=\"caption-attachment-39924\" style=\"width: 300px\" class=\"wp-caption alignleft\"><img loading=\"lazy\" decoding=\"async\" class=\"size-medium wp-image-39924\" src=\"https:\/\/dev.explora.cl\/araucania\/wp-content\/uploads\/sites\/15\/2020\/08\/116658910_719584718606688_7028591246486464504_n-300x251.png\" alt=\"\" width=\"300\" height=\"251\" srcset=\"https:\/\/dev.explora.cl\/araucania\/wp-content\/uploads\/sites\/15\/2020\/08\/116658910_719584718606688_7028591246486464504_n-300x251.png 300w, https:\/\/dev.explora.cl\/araucania\/wp-content\/uploads\/sites\/15\/2020\/08\/116658910_719584718606688_7028591246486464504_n-768x644.png 768w, https:\/\/dev.explora.cl\/araucania\/wp-content\/uploads\/sites\/15\/2020\/08\/116658910_719584718606688_7028591246486464504_n.png 940w\" sizes=\"auto, (max-width: 300px) 100vw, 300px\" \/><figcaption id=\"caption-attachment-39924\" class=\"wp-caption-text\">Afiche Taller &#8220;Comunicando mi investigaci\u00f3n al mundo en 1 minuto&#8221;<\/figcaption><\/figure>\n<p>\u00c1balos, recuerda que por a\u00f1os la ciencia y el conocimiento especializado ha sido un bien de muy pocos y que, \u201c<strong>con esta pandemia qued\u00f3 en evidencia la importancia que tiene para los ciudadanos entender que la investigaci\u00f3n no solo est\u00e1 en los laboratorios, sino que es algo presente en su vida diaria y que lo impacta\u201d. <\/strong><\/p>\n<p>Para este taller de \u201c<strong>Comunicando mi investigaci\u00f3n al mundo en 1 minuto<\/strong>\u201d, la tallerista, quien adem\u00e1s es conductora del programa <a href=\"https:\/\/txsradio.com\/conductores\/\">Cr\u00f3nicas Cient\u00edficas<\/a>, cree con convicci\u00f3n que la comunicaci\u00f3n de la ciencia es un aporte que busca ir m\u00e1s all\u00e1 de tan solo entregar la informaci\u00f3n, sino que debe ser un impulso para la apropiaci\u00f3n por parte de la ciudadan\u00eda. Que es un aporte para entender mejor el mundo en el que vivimos, pero adem\u00e1s sirve para tomar mejores decisiones.<\/p>\n<p>Finalmente, Macarena Rojas \u00c1balos, les recuerda a los postulantes algo clave para la comunicaci\u00f3n de las investigaciones, \u201c<strong>p<\/strong><strong>rimero, no debemos olvidar que al comunicar la ciencia le estamos hablando a otra persona. En este sentido, tenemos que entender muy bien a qui\u00e9n nos dirigimos, as\u00ed podemos adaptar nuestro lenguaje y los medios con los que llegaremos a ella. Esto nos permitir\u00e1 crear experiencias apropiadas y una comunicaci\u00f3n m\u00e1s efectiva<\/strong>\u201d, concluy\u00f3.<\/p>\n","protected":false},"excerpt":{"rendered":"<p>Destacada investigadora nacional realizar\u00e1 cuatro talleres de dos horas cada uno m\u00e1s apoyo individual para investigadores\/as y desarrolladores de tecnolog\u00edas de la Regi\u00f3n de La Araucan\u00eda <\/p>\n","protected":false},"author":29,"featured_media":39923,"comment_status":"open","ping_status":"open","sticky":false,"template":"","format":"standard","meta":{"_acf_changed":false,"_exactmetrics_skip_tracking":false,"_exactmetrics_sitenote_active":false,"_exactmetrics_sitenote_note":"","_exactmetrics_sitenote_category":0,"footnotes":"","_links_to":"","_links_to_target":""},"categories":[4],"tags":[218,380,100,111,76],"class_list":["post-39922","post","type-post","status-publish","format-standard","has-post-thumbnail","hentry","category-noticias","tag-ciencias","tag-comunicacion","tag-investigacion","tag-periodismo","tag-tecnologia"],"acf":[],"yoast_head":"<!-- This site is optimized with the Yoast SEO plugin v26.7 - https:\/\/yoast.com\/wordpress\/plugins\/seo\/ -->\n<title>Comunicar mi investigaci\u00f3n en 1 minuto: se abren postulaciones a taller que busca capacitar a investigadores de La Araucan\u00eda - Araucan\u00eda<\/title>\n<meta name=\"robots\" content=\"index, follow, max-snippet:-1, max-image-preview:large, max-video-preview:-1\" \/>\n<link rel=\"canonical\" href=\"https:\/\/dev.explora.cl\/araucania\/comunicar-mi-investigacion-en-1-minuto-se-abren-postulaciones-a-taller-que-busca-capacitar-a-investigadores-de-la-araucania\/\" class=\"yoast-seo-meta-tag\" \/>\n<meta property=\"og:locale\" content=\"es_ES\" class=\"yoast-seo-meta-tag\" \/>\n<meta property=\"og:type\" content=\"article\" class=\"yoast-seo-meta-tag\" \/>\n<meta property=\"og:title\" content=\"Comunicar mi investigaci\u00f3n en 1 minuto: se abren postulaciones a taller que busca capacitar a investigadores de La Araucan\u00eda - Araucan\u00eda\" class=\"yoast-seo-meta-tag\" \/>\n<meta property=\"og:description\" content=\"Destacada investigadora nacional realizar\u00e1 cuatro talleres de dos horas cada uno m\u00e1s apoyo individual para investigadores\/as y desarrolladores de tecnolog\u00edas de la Regi\u00f3n de La Araucan\u00eda\" class=\"yoast-seo-meta-tag\" \/>\n<meta property=\"og:url\" content=\"https:\/\/dev.explora.cl\/araucania\/comunicar-mi-investigacion-en-1-minuto-se-abren-postulaciones-a-taller-que-busca-capacitar-a-investigadores-de-la-araucania\/\" class=\"yoast-seo-meta-tag\" \/>\n<meta property=\"og:site_name\" content=\"Araucan\u00eda\" class=\"yoast-seo-meta-tag\" \/>\n<meta property=\"article:published_time\" content=\"2020-08-19T21:14:00+00:00\" class=\"yoast-seo-meta-tag\" \/>\n<meta property=\"article:modified_time\" content=\"2020-12-04T19:50:04+00:00\" class=\"yoast-seo-meta-tag\" \/>\n<meta property=\"og:image\" content=\"https:\/\/dev.explora.cl\/araucania\/wp-content\/uploads\/sites\/15\/2020\/08\/3836012.jpg\" class=\"yoast-seo-meta-tag\" \/>\n\t<meta property=\"og:image:width\" content=\"1917\" class=\"yoast-seo-meta-tag\" \/>\n\t<meta property=\"og:image:height\" content=\"1132\" class=\"yoast-seo-meta-tag\" \/>\n\t<meta property=\"og:image:type\" content=\"image\/jpeg\" class=\"yoast-seo-meta-tag\" \/>\n<meta name=\"author\" content=\"christianbor\" class=\"yoast-seo-meta-tag\" \/>\n<meta name=\"twitter:card\" content=\"summary_large_image\" class=\"yoast-seo-meta-tag\" \/>\n<meta name=\"twitter:label1\" content=\"Escrito por\" class=\"yoast-seo-meta-tag\" \/>\n\t<meta name=\"twitter:data1\" content=\"christianbor\" class=\"yoast-seo-meta-tag\" \/>\n\t<meta name=\"twitter:label2\" content=\"Tiempo estimado de lectura\" class=\"yoast-seo-meta-tag\" \/>\n\t<meta name=\"twitter:data2\" content=\"2 minutos\" class=\"yoast-seo-meta-tag\" \/>\n<script type=\"application\/ld+json\" class=\"yoast-schema-graph\">{\"@context\":\"https:\/\/schema.org\",\"@graph\":[{\"@type\":\"Article\",\"@id\":\"https:\/\/dev.explora.cl\/araucania\/comunicar-mi-investigacion-en-1-minuto-se-abren-postulaciones-a-taller-que-busca-capacitar-a-investigadores-de-la-araucania\/#article\",\"isPartOf\":{\"@id\":\"https:\/\/dev.explora.cl\/araucania\/comunicar-mi-investigacion-en-1-minuto-se-abren-postulaciones-a-taller-que-busca-capacitar-a-investigadores-de-la-araucania\/\"},\"author\":{\"name\":\"christianbor\",\"@id\":\"https:\/\/dev.explora.cl\/araucania\/#\/schema\/person\/00430756cbdfde141b9130e2529f043a\"},\"headline\":\"Comunicar mi investigaci\u00f3n en 1 minuto: se abren postulaciones a taller que busca capacitar a investigadores de La Araucan\u00eda\",\"datePublished\":\"2020-08-19T21:14:00+00:00\",\"dateModified\":\"2020-12-04T19:50:04+00:00\",\"mainEntityOfPage\":{\"@id\":\"https:\/\/dev.explora.cl\/araucania\/comunicar-mi-investigacion-en-1-minuto-se-abren-postulaciones-a-taller-que-busca-capacitar-a-investigadores-de-la-araucania\/\"},\"wordCount\":442,\"commentCount\":0,\"image\":{\"@id\":\"https:\/\/dev.explora.cl\/araucania\/comunicar-mi-investigacion-en-1-minuto-se-abren-postulaciones-a-taller-que-busca-capacitar-a-investigadores-de-la-araucania\/#primaryimage\"},\"thumbnailUrl\":\"https:\/\/dev.explora.cl\/araucania\/wp-content\/uploads\/sites\/15\/2020\/08\/3836012.jpg\",\"keywords\":[\"Ciencias\",\"comunicaci\u00f3n\",\"investigaci\u00f3n\",\"periodismo\",\"tecnolog\u00eda\"],\"articleSection\":[\"Noticias\"],\"inLanguage\":\"es-CL\",\"potentialAction\":[{\"@type\":\"CommentAction\",\"name\":\"Comment\",\"target\":[\"https:\/\/dev.explora.cl\/araucania\/comunicar-mi-investigacion-en-1-minuto-se-abren-postulaciones-a-taller-que-busca-capacitar-a-investigadores-de-la-araucania\/#respond\"]}]},{\"@type\":\"WebPage\",\"@id\":\"https:\/\/dev.explora.cl\/araucania\/comunicar-mi-investigacion-en-1-minuto-se-abren-postulaciones-a-taller-que-busca-capacitar-a-investigadores-de-la-araucania\/\",\"url\":\"https:\/\/dev.explora.cl\/araucania\/comunicar-mi-investigacion-en-1-minuto-se-abren-postulaciones-a-taller-que-busca-capacitar-a-investigadores-de-la-araucania\/\",\"name\":\"Comunicar mi investigaci\u00f3n en 1 minuto: se abren postulaciones a taller que busca capacitar a investigadores de La Araucan\u00eda - Araucan\u00eda\",\"isPartOf\":{\"@id\":\"https:\/\/dev.explora.cl\/araucania\/#website\"},\"primaryImageOfPage\":{\"@id\":\"https:\/\/dev.explora.cl\/araucania\/comunicar-mi-investigacion-en-1-minuto-se-abren-postulaciones-a-taller-que-busca-capacitar-a-investigadores-de-la-araucania\/#primaryimage\"},\"image\":{\"@id\":\"https:\/\/dev.explora.cl\/araucania\/comunicar-mi-investigacion-en-1-minuto-se-abren-postulaciones-a-taller-que-busca-capacitar-a-investigadores-de-la-araucania\/#primaryimage\"},\"thumbnailUrl\":\"https:\/\/dev.explora.cl\/araucania\/wp-content\/uploads\/sites\/15\/2020\/08\/3836012.jpg\",\"datePublished\":\"2020-08-19T21:14:00+00:00\",\"dateModified\":\"2020-12-04T19:50:04+00:00\",\"author\":{\"@id\":\"https:\/\/dev.explora.cl\/araucania\/#\/schema\/person\/00430756cbdfde141b9130e2529f043a\"},\"breadcrumb\":{\"@id\":\"https:\/\/dev.explora.cl\/araucania\/comunicar-mi-investigacion-en-1-minuto-se-abren-postulaciones-a-taller-que-busca-capacitar-a-investigadores-de-la-araucania\/#breadcrumb\"},\"inLanguage\":\"es-CL\",\"potentialAction\":[{\"@type\":\"ReadAction\",\"target\":[\"https:\/\/dev.explora.cl\/araucania\/comunicar-mi-investigacion-en-1-minuto-se-abren-postulaciones-a-taller-que-busca-capacitar-a-investigadores-de-la-araucania\/\"]}]},{\"@type\":\"ImageObject\",\"inLanguage\":\"es-CL\",\"@id\":\"https:\/\/dev.explora.cl\/araucania\/comunicar-mi-investigacion-en-1-minuto-se-abren-postulaciones-a-taller-que-busca-capacitar-a-investigadores-de-la-araucania\/#primaryimage\",\"url\":\"https:\/\/dev.explora.cl\/araucania\/wp-content\/uploads\/sites\/15\/2020\/08\/3836012.jpg\",\"contentUrl\":\"https:\/\/dev.explora.cl\/araucania\/wp-content\/uploads\/sites\/15\/2020\/08\/3836012.jpg\",\"width\":1917,\"height\":1132},{\"@type\":\"BreadcrumbList\",\"@id\":\"https:\/\/dev.explora.cl\/araucania\/comunicar-mi-investigacion-en-1-minuto-se-abren-postulaciones-a-taller-que-busca-capacitar-a-investigadores-de-la-araucania\/#breadcrumb\",\"itemListElement\":[{\"@type\":\"ListItem\",\"position\":1,\"name\":\"Portada\",\"item\":\"https:\/\/dev.explora.cl\/araucania\/\"},{\"@type\":\"ListItem\",\"position\":2,\"name\":\"Comunicar mi investigaci\u00f3n en 1 minuto: se abren postulaciones a taller que busca capacitar a investigadores de La Araucan\u00eda\"}]},{\"@type\":\"WebSite\",\"@id\":\"https:\/\/dev.explora.cl\/araucania\/#website\",\"url\":\"https:\/\/dev.explora.cl\/araucania\/\",\"name\":\"Araucan\u00eda\",\"description\":\"Otro sitio m\u00e1s de dev.explora.cl\",\"potentialAction\":[{\"@type\":\"SearchAction\",\"target\":{\"@type\":\"EntryPoint\",\"urlTemplate\":\"https:\/\/dev.explora.cl\/araucania\/?s={search_term_string}\"},\"query-input\":{\"@type\":\"PropertyValueSpecification\",\"valueRequired\":true,\"valueName\":\"search_term_string\"}}],\"inLanguage\":\"es-CL\"},{\"@type\":\"Person\",\"@id\":\"https:\/\/dev.explora.cl\/araucania\/#\/schema\/person\/00430756cbdfde141b9130e2529f043a\",\"name\":\"christianbor\",\"image\":{\"@type\":\"ImageObject\",\"inLanguage\":\"es-CL\",\"@id\":\"https:\/\/dev.explora.cl\/araucania\/#\/schema\/person\/image\/\",\"url\":\"https:\/\/secure.gravatar.com\/avatar\/268ed01e65a7aae7fae23a8237e9319f40c568070f8a3ce327804b208cd23a19?s=96&d=mm&r=g\",\"contentUrl\":\"https:\/\/secure.gravatar.com\/avatar\/268ed01e65a7aae7fae23a8237e9319f40c568070f8a3ce327804b208cd23a19?s=96&d=mm&r=g\",\"caption\":\"christianbor\"},\"url\":\"https:\/\/dev.explora.cl\/araucania\/author\/christianbor\/\"}]}<\/script>\n<!-- \/ Yoast SEO plugin. -->","yoast_head_json":{"title":"Comunicar mi investigaci\u00f3n en 1 minuto: se abren postulaciones a taller que busca capacitar a investigadores de La Araucan\u00eda - Araucan\u00eda","robots":{"index":"index","follow":"follow","max-snippet":"max-snippet:-1","max-image-preview":"max-image-preview:large","max-video-preview":"max-video-preview:-1"},"canonical":"https:\/\/dev.explora.cl\/araucania\/comunicar-mi-investigacion-en-1-minuto-se-abren-postulaciones-a-taller-que-busca-capacitar-a-investigadores-de-la-araucania\/","og_locale":"es_ES","og_type":"article","og_title":"Comunicar mi investigaci\u00f3n en 1 minuto: se abren postulaciones a taller que busca capacitar a investigadores de La Araucan\u00eda - Araucan\u00eda","og_description":"Destacada investigadora nacional realizar\u00e1 cuatro talleres de dos horas cada uno m\u00e1s apoyo individual para investigadores\/as y desarrolladores de tecnolog\u00edas de la Regi\u00f3n de La Araucan\u00eda","og_url":"https:\/\/dev.explora.cl\/araucania\/comunicar-mi-investigacion-en-1-minuto-se-abren-postulaciones-a-taller-que-busca-capacitar-a-investigadores-de-la-araucania\/","og_site_name":"Araucan\u00eda","article_published_time":"2020-08-19T21:14:00+00:00","article_modified_time":"2020-12-04T19:50:04+00:00","og_image":[{"width":1917,"height":1132,"url":"https:\/\/dev.explora.cl\/araucania\/wp-content\/uploads\/sites\/15\/2020\/08\/3836012.jpg","type":"image\/jpeg"}],"author":"christianbor","twitter_card":"summary_large_image","twitter_misc":{"Escrito por":"christianbor","Tiempo estimado de lectura":"2 minutos"},"schema":{"@context":"https:\/\/schema.org","@graph":[{"@type":"Article","@id":"https:\/\/dev.explora.cl\/araucania\/comunicar-mi-investigacion-en-1-minuto-se-abren-postulaciones-a-taller-que-busca-capacitar-a-investigadores-de-la-araucania\/#article","isPartOf":{"@id":"https:\/\/dev.explora.cl\/araucania\/comunicar-mi-investigacion-en-1-minuto-se-abren-postulaciones-a-taller-que-busca-capacitar-a-investigadores-de-la-araucania\/"},"author":{"name":"christianbor","@id":"https:\/\/dev.explora.cl\/araucania\/#\/schema\/person\/00430756cbdfde141b9130e2529f043a"},"headline":"Comunicar mi investigaci\u00f3n en 1 minuto: se abren postulaciones a taller que busca capacitar a investigadores de La Araucan\u00eda","datePublished":"2020-08-19T21:14:00+00:00","dateModified":"2020-12-04T19:50:04+00:00","mainEntityOfPage":{"@id":"https:\/\/dev.explora.cl\/araucania\/comunicar-mi-investigacion-en-1-minuto-se-abren-postulaciones-a-taller-que-busca-capacitar-a-investigadores-de-la-araucania\/"},"wordCount":442,"commentCount":0,"image":{"@id":"https:\/\/dev.explora.cl\/araucania\/comunicar-mi-investigacion-en-1-minuto-se-abren-postulaciones-a-taller-que-busca-capacitar-a-investigadores-de-la-araucania\/#primaryimage"},"thumbnailUrl":"https:\/\/dev.explora.cl\/araucania\/wp-content\/uploads\/sites\/15\/2020\/08\/3836012.jpg","keywords":["Ciencias","comunicaci\u00f3n","investigaci\u00f3n","periodismo","tecnolog\u00eda"],"articleSection":["Noticias"],"inLanguage":"es-CL","potentialAction":[{"@type":"CommentAction","name":"Comment","target":["https:\/\/dev.explora.cl\/araucania\/comunicar-mi-investigacion-en-1-minuto-se-abren-postulaciones-a-taller-que-busca-capacitar-a-investigadores-de-la-araucania\/#respond"]}]},{"@type":"WebPage","@id":"https:\/\/dev.explora.cl\/araucania\/comunicar-mi-investigacion-en-1-minuto-se-abren-postulaciones-a-taller-que-busca-capacitar-a-investigadores-de-la-araucania\/","url":"https:\/\/dev.explora.cl\/araucania\/comunicar-mi-investigacion-en-1-minuto-se-abren-postulaciones-a-taller-que-busca-capacitar-a-investigadores-de-la-araucania\/","name":"Comunicar mi investigaci\u00f3n en 1 minuto: se abren postulaciones a taller que busca capacitar a investigadores de La Araucan\u00eda - Araucan\u00eda","isPartOf":{"@id":"https:\/\/dev.explora.cl\/araucania\/#website"},"primaryImageOfPage":{"@id":"https:\/\/dev.explora.cl\/araucania\/comunicar-mi-investigacion-en-1-minuto-se-abren-postulaciones-a-taller-que-busca-capacitar-a-investigadores-de-la-araucania\/#primaryimage"},"image":{"@id":"https:\/\/dev.explora.cl\/araucania\/comunicar-mi-investigacion-en-1-minuto-se-abren-postulaciones-a-taller-que-busca-capacitar-a-investigadores-de-la-araucania\/#primaryimage"},"thumbnailUrl":"https:\/\/dev.explora.cl\/araucania\/wp-content\/uploads\/sites\/15\/2020\/08\/3836012.jpg","datePublished":"2020-08-19T21:14:00+00:00","dateModified":"2020-12-04T19:50:04+00:00","author":{"@id":"https:\/\/dev.explora.cl\/araucania\/#\/schema\/person\/00430756cbdfde141b9130e2529f043a"},"breadcrumb":{"@id":"https:\/\/dev.explora.cl\/araucania\/comunicar-mi-investigacion-en-1-minuto-se-abren-postulaciones-a-taller-que-busca-capacitar-a-investigadores-de-la-araucania\/#breadcrumb"},"inLanguage":"es-CL","potentialAction":[{"@type":"ReadAction","target":["https:\/\/dev.explora.cl\/araucania\/comunicar-mi-investigacion-en-1-minuto-se-abren-postulaciones-a-taller-que-busca-capacitar-a-investigadores-de-la-araucania\/"]}]},{"@type":"ImageObject","inLanguage":"es-CL","@id":"https:\/\/dev.explora.cl\/araucania\/comunicar-mi-investigacion-en-1-minuto-se-abren-postulaciones-a-taller-que-busca-capacitar-a-investigadores-de-la-araucania\/#primaryimage","url":"https:\/\/dev.explora.cl\/araucania\/wp-content\/uploads\/sites\/15\/2020\/08\/3836012.jpg","contentUrl":"https:\/\/dev.explora.cl\/araucania\/wp-content\/uploads\/sites\/15\/2020\/08\/3836012.jpg","width":1917,"height":1132},{"@type":"BreadcrumbList","@id":"https:\/\/dev.explora.cl\/araucania\/comunicar-mi-investigacion-en-1-minuto-se-abren-postulaciones-a-taller-que-busca-capacitar-a-investigadores-de-la-araucania\/#breadcrumb","itemListElement":[{"@type":"ListItem","position":1,"name":"Portada","item":"https:\/\/dev.explora.cl\/araucania\/"},{"@type":"ListItem","position":2,"name":"Comunicar mi investigaci\u00f3n en 1 minuto: se abren postulaciones a taller que busca capacitar a investigadores de La Araucan\u00eda"}]},{"@type":"WebSite","@id":"https:\/\/dev.explora.cl\/araucania\/#website","url":"https:\/\/dev.explora.cl\/araucania\/","name":"Araucan\u00eda","description":"Otro sitio m\u00e1s de dev.explora.cl","potentialAction":[{"@type":"SearchAction","target":{"@type":"EntryPoint","urlTemplate":"https:\/\/dev.explora.cl\/araucania\/?s={search_term_string}"},"query-input":{"@type":"PropertyValueSpecification","valueRequired":true,"valueName":"search_term_string"}}],"inLanguage":"es-CL"},{"@type":"Person","@id":"https:\/\/dev.explora.cl\/araucania\/#\/schema\/person\/00430756cbdfde141b9130e2529f043a","name":"christianbor","image":{"@type":"ImageObject","inLanguage":"es-CL","@id":"https:\/\/dev.explora.cl\/araucania\/#\/schema\/person\/image\/","url":"https:\/\/secure.gravatar.com\/avatar\/268ed01e65a7aae7fae23a8237e9319f40c568070f8a3ce327804b208cd23a19?s=96&d=mm&r=g","contentUrl":"https:\/\/secure.gravatar.com\/avatar\/268ed01e65a7aae7fae23a8237e9319f40c568070f8a3ce327804b208cd23a19?s=96&d=mm&r=g","caption":"christianbor"},"url":"https:\/\/dev.explora.cl\/araucania\/author\/christianbor\/"}]}},"_links":{"self":[{"href":"https:\/\/dev.explora.cl\/araucania\/wp-json\/wp\/v2\/posts\/39922","targetHints":{"allow":["GET"]}}],"collection":[{"href":"https:\/\/dev.explora.cl\/araucania\/wp-json\/wp\/v2\/posts"}],"about":[{"href":"https:\/\/dev.explora.cl\/araucania\/wp-json\/wp\/v2\/types\/post"}],"author":[{"embeddable":true,"href":"https:\/\/dev.explora.cl\/araucania\/wp-json\/wp\/v2\/users\/29"}],"replies":[{"embeddable":true,"href":"https:\/\/dev.explora.cl\/araucania\/wp-json\/wp\/v2\/comments?post=39922"}],"version-history":[{"count":4,"href":"https:\/\/dev.explora.cl\/araucania\/wp-json\/wp\/v2\/posts\/39922\/revisions"}],"predecessor-version":[{"id":39934,"href":"https:\/\/dev.explora.cl\/araucania\/wp-json\/wp\/v2\/posts\/39922\/revisions\/39934"}],"wp:featuredmedia":[{"embeddable":true,"href":"https:\/\/dev.explora.cl\/araucania\/wp-json\/wp\/v2\/media\/39923"}],"wp:attachment":[{"href":"https:\/\/dev.explora.cl\/araucania\/wp-json\/wp\/v2\/media?parent=39922"}],"wp:term":[{"taxonomy":"category","embeddable":true,"href":"https:\/\/dev.explora.cl\/araucania\/wp-json\/wp\/v2\/categories?post=39922"},{"taxonomy":"post_tag","embeddable":true,"href":"https:\/\/dev.explora.cl\/araucania\/wp-json\/wp\/v2\/tags?post=39922"}],"curies":[{"name":"wp","href":"https:\/\/api.w.org\/{rel}","templated":true}]}}