{"id":39863,"date":"2020-08-03T20:08:31","date_gmt":"2020-08-04T00:08:31","guid":{"rendered":"https:\/\/dev.explora.cl\/araucania\/?p=39863"},"modified":"2020-11-18T17:20:50","modified_gmt":"2020-11-18T20:20:50","slug":"con-dialogo-de-expertos-y-participacion-ciudadana-explora-la-araucania-inicia-ciclo-de-coloquios-sociocientificos-online","status":"publish","type":"post","link":"https:\/\/dev.explora.cl\/araucania\/con-dialogo-de-expertos-y-participacion-ciudadana-explora-la-araucania-inicia-ciclo-de-coloquios-sociocientificos-online\/","title":{"rendered":"Con di\u00e1logo de expertos y participaci\u00f3n ciudadana, Explora La Araucan\u00eda inicia ciclo de coloquios sociocient\u00edficos online"},"content":{"rendered":"<p>Con la presencia de expertos provenientes de diversas universidades del pa\u00eds, el Proyecto <a href=\"https:\/\/dev.explora.cl\/araucania\">Explora La Araucan\u00eda<\/a> del Ministerio de Ciencia, ejecutado por el Centro UC de Desarrollo Local de la Pontificia Universidad Cat\u00f3lica de Chile, Campus Villarrica; est\u00e1 llevando a cabo un ciclo de coloquios socio-cient\u00edficos online, en el que se abordan variadas tem\u00e1ticas de gran relevancia para la regi\u00f3n y el pa\u00eds, como econom\u00eda, educaci\u00f3n, medioambiente y g\u00e9nero, entre otras.<\/p>\n<p>Al respecto, el director de la entidad, Daniel Opazo, explica que <strong>\u201ca trav\u00e9s de los coloquios socio-cient\u00edficos buscamos generar instancias de encuentro y di\u00e1logo entre las comunidades cient\u00edficas, habitantes locales y tomadores de decisiones, en torno a problemas de inter\u00e9s p\u00fablico que desaf\u00edan la sostenibilidad de los territorios que habitamos\u201d.<\/strong><\/p>\n<p>En el actual contexto, la idea es\u00a0 acercar el mundo de las ciencias a la ciudadan\u00eda, desde la mirada de especialistas quienes plantean sus puntos de vistas y experiencias sobre problem\u00e1ticas sociales, generando instancias de participaci\u00f3n, donde los asistentes tienen la oportunidad de presentar sus inquietudes y opiniones. \u201c<strong>Necesitamos construir una cultura basada en conocimientos y evidencias que nos permita avanzar en soluciones de manera creativa, participativa y democr\u00e1tica.<\/strong> Para esto, crear nuevos marcos conceptuales, nuevos lenguajes o nuevos paradigmas que integren las dimensiones cient\u00edfico-t\u00e9cnicas, \u00e9ticas y pol\u00edticas de los problemas, nos parece urgente y todav\u00eda poco atendido en la regi\u00f3n y el pa\u00eds\u201d enfatiza Opazo.<\/p>\n<p><strong>Coloquios online<\/strong><\/p>\n<p>Bajo la modalidad en l\u00ednea, estos coloquios son abiertos a todo p\u00fablico, los que son transmitidos a trav\u00e9s del <a href=\"https:\/\/www.facebook.com\/exploralaaraucania\/\">Facebook de Explora La Araucan\u00ed<\/a>a, en el cual los usuarios, adem\u00e1s de ver las presentaciones, pueden interactuar a trav\u00e9s de preguntas y opiniones con los y las panelistas.<\/p>\n<p>Entre los participantes han estado los ganadores del Congreso Regional Escolar de Ciencias y Tecnolog\u00eda, Crecyt, 2019; el doctor en Educaci\u00f3n de la Universidad de La Frontera, Guillermo Williamson; la doctora en Psicolog\u00eda y decana de la Facultad de Educaci\u00f3n UC, Lorena Medina; la doctora en Ciencias de la Universidad Cat\u00f3lica de Valpara\u00edso, Corina Gonz\u00e1lez; y Laura Luna, doctora en Antropolog\u00eda y acad\u00e9mica UC Campus Villarrica.<\/p>\n<p>El <strong>pr\u00f3ximo jueves 13 de agosto a las 17 horas se llevar\u00e1 a cabo el tercer coloquio del ciclo, bajo el t\u00edtulo <a href=\"https:\/\/dev.explora.cl\/araucania\/coloquios-2\/\">\u201cEfectos econ\u00f3micos de la pandemia: \u00bfC\u00f3mo los enfrentamos desde la ciudadan\u00eda, el hogar y la escuela?\u201d<\/a><\/strong>, donde acad\u00e9micas de la Pontificia Universidad Cat\u00f3lica de Chile, Universidad Mayor y Universidad de La Frontera se referir\u00e1n al actual contexto econ\u00f3mico, sus consecuencias y recomendaciones de c\u00f3mo enfrentarlo de mejor manera.<\/p>\n<p>Este ciclo de coloquios se extender\u00e1 hasta el pr\u00f3ximo mes de diciembre, cerrando con la tem\u00e1tica del eclipse, que este a\u00f1o tendr\u00e1 su epicentro en la Regi\u00f3n de La Araucan\u00eda.<\/p>\n","protected":false},"excerpt":{"rendered":"<p>En el actual contexto, la idea es\u00a0 acercar el mundo de las ciencias a la ciudadan\u00eda, desde la mirada de especialistas quienes plantean sus puntos de vistas y experiencias sobre problem\u00e1ticas sociales, generando instancias de participaci\u00f3n, donde los asistentes tienen la oportunidad de presentar sus inquietudes y opiniones<\/p>\n","protected":false},"author":29,"featured_media":39772,"comment_status":"open","ping_status":"open","sticky":false,"template":"","format":"standard","meta":{"_acf_changed":false,"_exactmetrics_skip_tracking":false,"_exactmetrics_sitenote_active":false,"_exactmetrics_sitenote_note":"","_exactmetrics_sitenote_category":0,"footnotes":"","_links_to":"","_links_to_target":""},"categories":[4],"tags":[377,378,370,379],"class_list":["post-39863","post","type-post","status-publish","format-standard","has-post-thumbnail","hentry","category-noticias","tag-coloquios","tag-coloquios-sociocientificos","tag-explora-la-araucania","tag-pandemia"],"acf":[],"yoast_head":"<!-- This site is optimized with the Yoast SEO plugin v26.7 - https:\/\/yoast.com\/wordpress\/plugins\/seo\/ -->\n<title>Con di\u00e1logo de expertos y participaci\u00f3n ciudadana, Explora La Araucan\u00eda inicia ciclo de coloquios sociocient\u00edficos online - Araucan\u00eda<\/title>\n<meta name=\"robots\" content=\"index, follow, max-snippet:-1, max-image-preview:large, max-video-preview:-1\" \/>\n<link rel=\"canonical\" href=\"https:\/\/dev.explora.cl\/araucania\/con-dialogo-de-expertos-y-participacion-ciudadana-explora-la-araucania-inicia-ciclo-de-coloquios-sociocientificos-online\/\" class=\"yoast-seo-meta-tag\" \/>\n<meta property=\"og:locale\" content=\"es_ES\" class=\"yoast-seo-meta-tag\" \/>\n<meta property=\"og:type\" content=\"article\" class=\"yoast-seo-meta-tag\" \/>\n<meta property=\"og:title\" content=\"Con di\u00e1logo de expertos y participaci\u00f3n ciudadana, Explora La Araucan\u00eda inicia ciclo de coloquios sociocient\u00edficos online - Araucan\u00eda\" class=\"yoast-seo-meta-tag\" \/>\n<meta property=\"og:description\" content=\"En el actual contexto, la idea es\u00a0 acercar el mundo de las ciencias a la ciudadan\u00eda, desde la mirada de especialistas quienes plantean sus puntos de vistas y experiencias sobre problem\u00e1ticas sociales, generando instancias de participaci\u00f3n, donde los asistentes tienen la oportunidad de presentar sus inquietudes y opiniones\" class=\"yoast-seo-meta-tag\" \/>\n<meta property=\"og:url\" content=\"https:\/\/dev.explora.cl\/araucania\/con-dialogo-de-expertos-y-participacion-ciudadana-explora-la-araucania-inicia-ciclo-de-coloquios-sociocientificos-online\/\" class=\"yoast-seo-meta-tag\" \/>\n<meta property=\"og:site_name\" content=\"Araucan\u00eda\" class=\"yoast-seo-meta-tag\" \/>\n<meta property=\"article:published_time\" content=\"2020-08-04T00:08:31+00:00\" class=\"yoast-seo-meta-tag\" \/>\n<meta property=\"article:modified_time\" content=\"2020-11-18T20:20:50+00:00\" class=\"yoast-seo-meta-tag\" \/>\n<meta property=\"og:image\" content=\"https:\/\/dev.explora.cl\/araucania\/wp-content\/uploads\/sites\/15\/2019\/06\/coloquio-2020_1.jpg\" class=\"yoast-seo-meta-tag\" \/>\n\t<meta property=\"og:image:width\" content=\"2048\" class=\"yoast-seo-meta-tag\" \/>\n\t<meta property=\"og:image:height\" content=\"1365\" class=\"yoast-seo-meta-tag\" \/>\n\t<meta property=\"og:image:type\" content=\"image\/jpeg\" class=\"yoast-seo-meta-tag\" \/>\n<meta name=\"author\" content=\"christianbor\" class=\"yoast-seo-meta-tag\" \/>\n<meta name=\"twitter:card\" content=\"summary_large_image\" class=\"yoast-seo-meta-tag\" \/>\n<meta name=\"twitter:label1\" content=\"Escrito por\" class=\"yoast-seo-meta-tag\" \/>\n\t<meta name=\"twitter:data1\" content=\"christianbor\" class=\"yoast-seo-meta-tag\" \/>\n\t<meta name=\"twitter:label2\" content=\"Tiempo estimado de lectura\" class=\"yoast-seo-meta-tag\" \/>\n\t<meta name=\"twitter:data2\" content=\"2 minutos\" class=\"yoast-seo-meta-tag\" \/>\n<script type=\"application\/ld+json\" class=\"yoast-schema-graph\">{\"@context\":\"https:\/\/schema.org\",\"@graph\":[{\"@type\":\"Article\",\"@id\":\"https:\/\/dev.explora.cl\/araucania\/con-dialogo-de-expertos-y-participacion-ciudadana-explora-la-araucania-inicia-ciclo-de-coloquios-sociocientificos-online\/#article\",\"isPartOf\":{\"@id\":\"https:\/\/dev.explora.cl\/araucania\/con-dialogo-de-expertos-y-participacion-ciudadana-explora-la-araucania-inicia-ciclo-de-coloquios-sociocientificos-online\/\"},\"author\":{\"name\":\"christianbor\",\"@id\":\"https:\/\/dev.explora.cl\/araucania\/#\/schema\/person\/00430756cbdfde141b9130e2529f043a\"},\"headline\":\"Con di\u00e1logo de expertos y participaci\u00f3n ciudadana, Explora La Araucan\u00eda inicia ciclo de coloquios sociocient\u00edficos online\",\"datePublished\":\"2020-08-04T00:08:31+00:00\",\"dateModified\":\"2020-11-18T20:20:50+00:00\",\"mainEntityOfPage\":{\"@id\":\"https:\/\/dev.explora.cl\/araucania\/con-dialogo-de-expertos-y-participacion-ciudadana-explora-la-araucania-inicia-ciclo-de-coloquios-sociocientificos-online\/\"},\"wordCount\":516,\"commentCount\":0,\"image\":{\"@id\":\"https:\/\/dev.explora.cl\/araucania\/con-dialogo-de-expertos-y-participacion-ciudadana-explora-la-araucania-inicia-ciclo-de-coloquios-sociocientificos-online\/#primaryimage\"},\"thumbnailUrl\":\"https:\/\/dev.explora.cl\/araucania\/wp-content\/uploads\/sites\/15\/2019\/06\/coloquio-2020_1.jpg\",\"keywords\":[\"Coloquios\",\"coloquios sociocient\u00edficos\",\"Explora La Araucan\u00eda\",\"Pandemia\"],\"articleSection\":[\"Noticias\"],\"inLanguage\":\"es-CL\",\"potentialAction\":[{\"@type\":\"CommentAction\",\"name\":\"Comment\",\"target\":[\"https:\/\/dev.explora.cl\/araucania\/con-dialogo-de-expertos-y-participacion-ciudadana-explora-la-araucania-inicia-ciclo-de-coloquios-sociocientificos-online\/#respond\"]}]},{\"@type\":\"WebPage\",\"@id\":\"https:\/\/dev.explora.cl\/araucania\/con-dialogo-de-expertos-y-participacion-ciudadana-explora-la-araucania-inicia-ciclo-de-coloquios-sociocientificos-online\/\",\"url\":\"https:\/\/dev.explora.cl\/araucania\/con-dialogo-de-expertos-y-participacion-ciudadana-explora-la-araucania-inicia-ciclo-de-coloquios-sociocientificos-online\/\",\"name\":\"Con di\u00e1logo de expertos y participaci\u00f3n ciudadana, Explora La Araucan\u00eda inicia ciclo de coloquios sociocient\u00edficos online - Araucan\u00eda\",\"isPartOf\":{\"@id\":\"https:\/\/dev.explora.cl\/araucania\/#website\"},\"primaryImageOfPage\":{\"@id\":\"https:\/\/dev.explora.cl\/araucania\/con-dialogo-de-expertos-y-participacion-ciudadana-explora-la-araucania-inicia-ciclo-de-coloquios-sociocientificos-online\/#primaryimage\"},\"image\":{\"@id\":\"https:\/\/dev.explora.cl\/araucania\/con-dialogo-de-expertos-y-participacion-ciudadana-explora-la-araucania-inicia-ciclo-de-coloquios-sociocientificos-online\/#primaryimage\"},\"thumbnailUrl\":\"https:\/\/dev.explora.cl\/araucania\/wp-content\/uploads\/sites\/15\/2019\/06\/coloquio-2020_1.jpg\",\"datePublished\":\"2020-08-04T00:08:31+00:00\",\"dateModified\":\"2020-11-18T20:20:50+00:00\",\"author\":{\"@id\":\"https:\/\/dev.explora.cl\/araucania\/#\/schema\/person\/00430756cbdfde141b9130e2529f043a\"},\"breadcrumb\":{\"@id\":\"https:\/\/dev.explora.cl\/araucania\/con-dialogo-de-expertos-y-participacion-ciudadana-explora-la-araucania-inicia-ciclo-de-coloquios-sociocientificos-online\/#breadcrumb\"},\"inLanguage\":\"es-CL\",\"potentialAction\":[{\"@type\":\"ReadAction\",\"target\":[\"https:\/\/dev.explora.cl\/araucania\/con-dialogo-de-expertos-y-participacion-ciudadana-explora-la-araucania-inicia-ciclo-de-coloquios-sociocientificos-online\/\"]}]},{\"@type\":\"ImageObject\",\"inLanguage\":\"es-CL\",\"@id\":\"https:\/\/dev.explora.cl\/araucania\/con-dialogo-de-expertos-y-participacion-ciudadana-explora-la-araucania-inicia-ciclo-de-coloquios-sociocientificos-online\/#primaryimage\",\"url\":\"https:\/\/dev.explora.cl\/araucania\/wp-content\/uploads\/sites\/15\/2019\/06\/coloquio-2020_1.jpg\",\"contentUrl\":\"https:\/\/dev.explora.cl\/araucania\/wp-content\/uploads\/sites\/15\/2019\/06\/coloquio-2020_1.jpg\",\"width\":2048,\"height\":1365},{\"@type\":\"BreadcrumbList\",\"@id\":\"https:\/\/dev.explora.cl\/araucania\/con-dialogo-de-expertos-y-participacion-ciudadana-explora-la-araucania-inicia-ciclo-de-coloquios-sociocientificos-online\/#breadcrumb\",\"itemListElement\":[{\"@type\":\"ListItem\",\"position\":1,\"name\":\"Portada\",\"item\":\"https:\/\/dev.explora.cl\/araucania\/\"},{\"@type\":\"ListItem\",\"position\":2,\"name\":\"Con di\u00e1logo de expertos y participaci\u00f3n ciudadana, Explora La Araucan\u00eda inicia ciclo de coloquios sociocient\u00edficos online\"}]},{\"@type\":\"WebSite\",\"@id\":\"https:\/\/dev.explora.cl\/araucania\/#website\",\"url\":\"https:\/\/dev.explora.cl\/araucania\/\",\"name\":\"Araucan\u00eda\",\"description\":\"Otro sitio m\u00e1s de dev.explora.cl\",\"potentialAction\":[{\"@type\":\"SearchAction\",\"target\":{\"@type\":\"EntryPoint\",\"urlTemplate\":\"https:\/\/dev.explora.cl\/araucania\/?s={search_term_string}\"},\"query-input\":{\"@type\":\"PropertyValueSpecification\",\"valueRequired\":true,\"valueName\":\"search_term_string\"}}],\"inLanguage\":\"es-CL\"},{\"@type\":\"Person\",\"@id\":\"https:\/\/dev.explora.cl\/araucania\/#\/schema\/person\/00430756cbdfde141b9130e2529f043a\",\"name\":\"christianbor\",\"image\":{\"@type\":\"ImageObject\",\"inLanguage\":\"es-CL\",\"@id\":\"https:\/\/dev.explora.cl\/araucania\/#\/schema\/person\/image\/\",\"url\":\"https:\/\/secure.gravatar.com\/avatar\/268ed01e65a7aae7fae23a8237e9319f40c568070f8a3ce327804b208cd23a19?s=96&d=mm&r=g\",\"contentUrl\":\"https:\/\/secure.gravatar.com\/avatar\/268ed01e65a7aae7fae23a8237e9319f40c568070f8a3ce327804b208cd23a19?s=96&d=mm&r=g\",\"caption\":\"christianbor\"},\"url\":\"https:\/\/dev.explora.cl\/araucania\/author\/christianbor\/\"}]}<\/script>\n<!-- \/ Yoast SEO plugin. -->","yoast_head_json":{"title":"Con di\u00e1logo de expertos y participaci\u00f3n ciudadana, Explora La Araucan\u00eda inicia ciclo de coloquios sociocient\u00edficos online - Araucan\u00eda","robots":{"index":"index","follow":"follow","max-snippet":"max-snippet:-1","max-image-preview":"max-image-preview:large","max-video-preview":"max-video-preview:-1"},"canonical":"https:\/\/dev.explora.cl\/araucania\/con-dialogo-de-expertos-y-participacion-ciudadana-explora-la-araucania-inicia-ciclo-de-coloquios-sociocientificos-online\/","og_locale":"es_ES","og_type":"article","og_title":"Con di\u00e1logo de expertos y participaci\u00f3n ciudadana, Explora La Araucan\u00eda inicia ciclo de coloquios sociocient\u00edficos online - Araucan\u00eda","og_description":"En el actual contexto, la idea es\u00a0 acercar el mundo de las ciencias a la ciudadan\u00eda, desde la mirada de especialistas quienes plantean sus puntos de vistas y experiencias sobre problem\u00e1ticas sociales, generando instancias de participaci\u00f3n, donde los asistentes tienen la oportunidad de presentar sus inquietudes y opiniones","og_url":"https:\/\/dev.explora.cl\/araucania\/con-dialogo-de-expertos-y-participacion-ciudadana-explora-la-araucania-inicia-ciclo-de-coloquios-sociocientificos-online\/","og_site_name":"Araucan\u00eda","article_published_time":"2020-08-04T00:08:31+00:00","article_modified_time":"2020-11-18T20:20:50+00:00","og_image":[{"width":2048,"height":1365,"url":"https:\/\/dev.explora.cl\/araucania\/wp-content\/uploads\/sites\/15\/2019\/06\/coloquio-2020_1.jpg","type":"image\/jpeg"}],"author":"christianbor","twitter_card":"summary_large_image","twitter_misc":{"Escrito por":"christianbor","Tiempo estimado de lectura":"2 minutos"},"schema":{"@context":"https:\/\/schema.org","@graph":[{"@type":"Article","@id":"https:\/\/dev.explora.cl\/araucania\/con-dialogo-de-expertos-y-participacion-ciudadana-explora-la-araucania-inicia-ciclo-de-coloquios-sociocientificos-online\/#article","isPartOf":{"@id":"https:\/\/dev.explora.cl\/araucania\/con-dialogo-de-expertos-y-participacion-ciudadana-explora-la-araucania-inicia-ciclo-de-coloquios-sociocientificos-online\/"},"author":{"name":"christianbor","@id":"https:\/\/dev.explora.cl\/araucania\/#\/schema\/person\/00430756cbdfde141b9130e2529f043a"},"headline":"Con di\u00e1logo de expertos y participaci\u00f3n ciudadana, Explora La Araucan\u00eda inicia ciclo de coloquios sociocient\u00edficos online","datePublished":"2020-08-04T00:08:31+00:00","dateModified":"2020-11-18T20:20:50+00:00","mainEntityOfPage":{"@id":"https:\/\/dev.explora.cl\/araucania\/con-dialogo-de-expertos-y-participacion-ciudadana-explora-la-araucania-inicia-ciclo-de-coloquios-sociocientificos-online\/"},"wordCount":516,"commentCount":0,"image":{"@id":"https:\/\/dev.explora.cl\/araucania\/con-dialogo-de-expertos-y-participacion-ciudadana-explora-la-araucania-inicia-ciclo-de-coloquios-sociocientificos-online\/#primaryimage"},"thumbnailUrl":"https:\/\/dev.explora.cl\/araucania\/wp-content\/uploads\/sites\/15\/2019\/06\/coloquio-2020_1.jpg","keywords":["Coloquios","coloquios sociocient\u00edficos","Explora La Araucan\u00eda","Pandemia"],"articleSection":["Noticias"],"inLanguage":"es-CL","potentialAction":[{"@type":"CommentAction","name":"Comment","target":["https:\/\/dev.explora.cl\/araucania\/con-dialogo-de-expertos-y-participacion-ciudadana-explora-la-araucania-inicia-ciclo-de-coloquios-sociocientificos-online\/#respond"]}]},{"@type":"WebPage","@id":"https:\/\/dev.explora.cl\/araucania\/con-dialogo-de-expertos-y-participacion-ciudadana-explora-la-araucania-inicia-ciclo-de-coloquios-sociocientificos-online\/","url":"https:\/\/dev.explora.cl\/araucania\/con-dialogo-de-expertos-y-participacion-ciudadana-explora-la-araucania-inicia-ciclo-de-coloquios-sociocientificos-online\/","name":"Con di\u00e1logo de expertos y participaci\u00f3n ciudadana, Explora La Araucan\u00eda inicia ciclo de coloquios sociocient\u00edficos online - Araucan\u00eda","isPartOf":{"@id":"https:\/\/dev.explora.cl\/araucania\/#website"},"primaryImageOfPage":{"@id":"https:\/\/dev.explora.cl\/araucania\/con-dialogo-de-expertos-y-participacion-ciudadana-explora-la-araucania-inicia-ciclo-de-coloquios-sociocientificos-online\/#primaryimage"},"image":{"@id":"https:\/\/dev.explora.cl\/araucania\/con-dialogo-de-expertos-y-participacion-ciudadana-explora-la-araucania-inicia-ciclo-de-coloquios-sociocientificos-online\/#primaryimage"},"thumbnailUrl":"https:\/\/dev.explora.cl\/araucania\/wp-content\/uploads\/sites\/15\/2019\/06\/coloquio-2020_1.jpg","datePublished":"2020-08-04T00:08:31+00:00","dateModified":"2020-11-18T20:20:50+00:00","author":{"@id":"https:\/\/dev.explora.cl\/araucania\/#\/schema\/person\/00430756cbdfde141b9130e2529f043a"},"breadcrumb":{"@id":"https:\/\/dev.explora.cl\/araucania\/con-dialogo-de-expertos-y-participacion-ciudadana-explora-la-araucania-inicia-ciclo-de-coloquios-sociocientificos-online\/#breadcrumb"},"inLanguage":"es-CL","potentialAction":[{"@type":"ReadAction","target":["https:\/\/dev.explora.cl\/araucania\/con-dialogo-de-expertos-y-participacion-ciudadana-explora-la-araucania-inicia-ciclo-de-coloquios-sociocientificos-online\/"]}]},{"@type":"ImageObject","inLanguage":"es-CL","@id":"https:\/\/dev.explora.cl\/araucania\/con-dialogo-de-expertos-y-participacion-ciudadana-explora-la-araucania-inicia-ciclo-de-coloquios-sociocientificos-online\/#primaryimage","url":"https:\/\/dev.explora.cl\/araucania\/wp-content\/uploads\/sites\/15\/2019\/06\/coloquio-2020_1.jpg","contentUrl":"https:\/\/dev.explora.cl\/araucania\/wp-content\/uploads\/sites\/15\/2019\/06\/coloquio-2020_1.jpg","width":2048,"height":1365},{"@type":"BreadcrumbList","@id":"https:\/\/dev.explora.cl\/araucania\/con-dialogo-de-expertos-y-participacion-ciudadana-explora-la-araucania-inicia-ciclo-de-coloquios-sociocientificos-online\/#breadcrumb","itemListElement":[{"@type":"ListItem","position":1,"name":"Portada","item":"https:\/\/dev.explora.cl\/araucania\/"},{"@type":"ListItem","position":2,"name":"Con di\u00e1logo de expertos y participaci\u00f3n ciudadana, Explora La Araucan\u00eda inicia ciclo de coloquios sociocient\u00edficos online"}]},{"@type":"WebSite","@id":"https:\/\/dev.explora.cl\/araucania\/#website","url":"https:\/\/dev.explora.cl\/araucania\/","name":"Araucan\u00eda","description":"Otro sitio m\u00e1s de dev.explora.cl","potentialAction":[{"@type":"SearchAction","target":{"@type":"EntryPoint","urlTemplate":"https:\/\/dev.explora.cl\/araucania\/?s={search_term_string}"},"query-input":{"@type":"PropertyValueSpecification","valueRequired":true,"valueName":"search_term_string"}}],"inLanguage":"es-CL"},{"@type":"Person","@id":"https:\/\/dev.explora.cl\/araucania\/#\/schema\/person\/00430756cbdfde141b9130e2529f043a","name":"christianbor","image":{"@type":"ImageObject","inLanguage":"es-CL","@id":"https:\/\/dev.explora.cl\/araucania\/#\/schema\/person\/image\/","url":"https:\/\/secure.gravatar.com\/avatar\/268ed01e65a7aae7fae23a8237e9319f40c568070f8a3ce327804b208cd23a19?s=96&d=mm&r=g","contentUrl":"https:\/\/secure.gravatar.com\/avatar\/268ed01e65a7aae7fae23a8237e9319f40c568070f8a3ce327804b208cd23a19?s=96&d=mm&r=g","caption":"christianbor"},"url":"https:\/\/dev.explora.cl\/araucania\/author\/christianbor\/"}]}},"_links":{"self":[{"href":"https:\/\/dev.explora.cl\/araucania\/wp-json\/wp\/v2\/posts\/39863","targetHints":{"allow":["GET"]}}],"collection":[{"href":"https:\/\/dev.explora.cl\/araucania\/wp-json\/wp\/v2\/posts"}],"about":[{"href":"https:\/\/dev.explora.cl\/araucania\/wp-json\/wp\/v2\/types\/post"}],"author":[{"embeddable":true,"href":"https:\/\/dev.explora.cl\/araucania\/wp-json\/wp\/v2\/users\/29"}],"replies":[{"embeddable":true,"href":"https:\/\/dev.explora.cl\/araucania\/wp-json\/wp\/v2\/comments?post=39863"}],"version-history":[{"count":2,"href":"https:\/\/dev.explora.cl\/araucania\/wp-json\/wp\/v2\/posts\/39863\/revisions"}],"predecessor-version":[{"id":39866,"href":"https:\/\/dev.explora.cl\/araucania\/wp-json\/wp\/v2\/posts\/39863\/revisions\/39866"}],"wp:featuredmedia":[{"embeddable":true,"href":"https:\/\/dev.explora.cl\/araucania\/wp-json\/wp\/v2\/media\/39772"}],"wp:attachment":[{"href":"https:\/\/dev.explora.cl\/araucania\/wp-json\/wp\/v2\/media?parent=39863"}],"wp:term":[{"taxonomy":"category","embeddable":true,"href":"https:\/\/dev.explora.cl\/araucania\/wp-json\/wp\/v2\/categories?post=39863"},{"taxonomy":"post_tag","embeddable":true,"href":"https:\/\/dev.explora.cl\/araucania\/wp-json\/wp\/v2\/tags?post=39863"}],"curies":[{"name":"wp","href":"https:\/\/api.w.org\/{rel}","templated":true}]}}