{"id":39757,"date":"2020-06-12T19:06:34","date_gmt":"2020-06-12T23:06:34","guid":{"rendered":"https:\/\/dev.explora.cl\/araucania\/?p=39757"},"modified":"2020-12-04T16:52:35","modified_gmt":"2020-12-04T19:52:35","slug":"par-explora-la-araucania-divulgando-ciencias-e-innovacion-para-una-educacion-sustentable-en-tiempos-de-pandemia-y-postpandemia","status":"publish","type":"post","link":"https:\/\/dev.explora.cl\/araucania\/par-explora-la-araucania-divulgando-ciencias-e-innovacion-para-una-educacion-sustentable-en-tiempos-de-pandemia-y-postpandemia\/","title":{"rendered":"PAR Explora La Araucan\u00eda: divulgando ciencias e innovaci\u00f3n para una educaci\u00f3n sustentable en tiempos de pandemia y postpandemia"},"content":{"rendered":"<p>Con la llegada del Covid 19, el panorama cambi\u00f3 bastante para muchos, y para el <a href=\"https:\/\/dev.explora.cl\/araucania\">Proyecto Asociativo Regional Explora La Araucan\u00eda<\/a> no fue la excepci\u00f3n. De haber estado con actividades presenciales durante el 2019, el necesario distanciamiento social este 2020 se ha convertido en todo un reto y una oportunidad para este programa ejecutado por el <a href=\"https:\/\/centrodesarrollolocal.uc.cl\">Centro UC de Desarrollo Local<\/a> del Campus Villarrica, Pontificia Universidad Cat\u00f3lica de Chile<\/p>\n<p>Daniel Opazo, director del proyecto, declara que el cambio de planes ha sido algo inesperado, pero no menos interesante y desafiante para el equipo. <strong>\u201cDesde el PAR Explora La Araucan\u00eda hemos trabajando con mucha motivaci\u00f3n y convicci\u00f3n para enfrentar este complejo momento que vivimos a nivel mundial, intentando no solo seguir con nuestro trabajo, sino tambi\u00e9n aportar a los desaf\u00edos educativos y de divulgaci\u00f3n del conocimiento que emergen en este contexto\u201d<\/strong>.<\/p>\n<p>Y es que la difusi\u00f3n de saberes cient\u00edficos ha sido siempre el \u201cestandarte\u201d de Explora, que pas\u00f3 de ser un programa de la otrora Comisi\u00f3n Nacional de Investigaci\u00f3n Cient\u00edfica y Tecnol\u00f3gica (CONICYT), a formar parte del Ministerio de Ciencia, Tecnolog\u00eda, Conocimiento e Innovaci\u00f3n, como uno de los proyectos m\u00e1s relevante relacionados con la apropiaci\u00f3n social de tem\u00e1ticas de dichas \u00e1reas.<\/p>\n<p>Es ah\u00ed donde el rol que ha tomado en las regiones, y en este caso puntual en La Araucan\u00eda, ha sido fundamental, tanto para docentes como estudiantes y p\u00fablico en general, ya que se ha convertido en una de las entidades que proporciona material educativo relacionado con las diversas \u00e1reas de las ciencias, de forma cercana a la comunidad.<\/p>\n<p>&nbsp;<\/p>\n<h3><span style=\"color: #339966\"><strong>Actividades con sello innovador y sustentable<\/strong><\/span><\/h3>\n<figure id=\"attachment_39759\" aria-describedby=\"caption-attachment-39759\" style=\"width: 300px\" class=\"wp-caption alignleft\"><img loading=\"lazy\" decoding=\"async\" class=\"size-medium wp-image-39759\" src=\"https:\/\/dev.explora.cl\/araucania\/wp-content\/uploads\/sites\/15\/2020\/06\/foto-2-nota-Cr\u00e9dito-PAR-Explora-La-Araucania-300x225.jpeg\" alt=\"\" width=\"300\" height=\"225\" srcset=\"https:\/\/dev.explora.cl\/araucania\/wp-content\/uploads\/sites\/15\/2020\/06\/foto-2-nota-Cr\u00e9dito-PAR-Explora-La-Araucania-300x225.jpeg 300w, https:\/\/dev.explora.cl\/araucania\/wp-content\/uploads\/sites\/15\/2020\/06\/foto-2-nota-Cr\u00e9dito-PAR-Explora-La-Araucania-768x576.jpeg 768w, https:\/\/dev.explora.cl\/araucania\/wp-content\/uploads\/sites\/15\/2020\/06\/foto-2-nota-Cr\u00e9dito-PAR-Explora-La-Araucania-1024x768.jpeg 1024w, https:\/\/dev.explora.cl\/araucania\/wp-content\/uploads\/sites\/15\/2020\/06\/foto-2-nota-Cr\u00e9dito-PAR-Explora-La-Araucania.jpeg 1040w\" sizes=\"auto, (max-width: 300px) 100vw, 300px\" \/><figcaption id=\"caption-attachment-39759\" class=\"wp-caption-text\">Trivia interactiva en RRSS del proyecto | Cr\u00e9dito: PAR Explora La Araucan\u00eda<\/figcaption><\/figure>\n<p>PAR Explora La Araucan\u00eda se ha caracterizado por su trabajo en terreno, pero debido al panorama en el que nos encontramos, los programas que se sol\u00edan ejecutar en aula y espacios abiertos, ahora debieron readecuarse. \u201cLos mayores desaf\u00edos que hemos enfrentado son, por un lado y pese a las dificultades, conservar el entusiasmo y creatividad que caracteriza nuestro trabajo y, por otro lado, <strong>reformular la mayor\u00eda de nuestras actividades para ejecutarlas en modalidad virtual o a distancia, ya que estas se caracterizan por el trabajo presencial y cercano con estudiantes, docentes y p\u00fablico general<\/strong>\u201d, explica Opazo.<\/p>\n<p>La tarea de convertirse en divulgadores de ciencias se ha tomado m\u00e1s en serio que nunca, asumiendo la responsabilidad social que implica este proyecto en la formaci\u00f3n de ni\u00f1os y ni\u00f1as, j\u00f3venes y adultos, m\u00e1s en el contexto de confinamiento en el que nos encontramos, donde la ense\u00f1anza se ha enfocado desde el trabajo en casa.<\/p>\n<p>Es as\u00ed como se ha logrado salir adelante con las actividades anuales, innovando en su implementaci\u00f3n. Esta semana se inici\u00f3 el <strong>Programa de Indagaci\u00f3n para Educaci\u00f3n Parvularia, adem\u00e1s de la apertura de inscripciones para el de Investigaci\u00f3n e Innovaci\u00f3n Escolar para docentes de educaci\u00f3n b\u00e1sica y media<\/strong>, ambos \u2013por primera vez- de manera online. Pero eso no es todo: \u201cHemos estado proponiendo actividades educativas y cient\u00edficas para hacer en casa de manera permanente, y pr\u00f3ximamente iniciaremos una serie de coloquios socio-cient\u00edficos virtuales y la difusi\u00f3n de c\u00e1psulas sobre el quehacer de investigadoras e investigadores de nuestra regi\u00f3n\u201d, adelanta el director del PAR.<\/p>\n<p>Adem\u00e1s de la innovaci\u00f3n en educaci\u00f3n, otro de los sellos que caracteriza al proyecto Explora La Araucan\u00eda es la sustentabilidad, seg\u00fan explica Gonzalo Salazar, director del Centro UC de Desarrollo Local. <strong>\u201cBuscamos con el PAR Explora, que ni\u00f1as, ni\u00f1os y actores en general desarrollen un sentido de responsabilidad, valoraci\u00f3n y mirada cr\u00edtica sobre el territorio que habitan, y que al mismo tiempo vayan adquiriendo herramientas importantes para poder imaginar y desarrollar colaborativamente un futuro m\u00e1s sustentable\u201d<\/strong>.<\/p>\n<p>Respecto a la labor del PAR Explora en la actual situaci\u00f3n, el director del Centro es claro en manifestar que \u00e9sta implica un reto constante que trascender\u00e1 a la crisis sanitaria. <strong>\u201cEn tiempos de pandemia y postpandemia, entregar herramientas para indagar, investigar, innovar y so\u00f1ar juntos un mundo ecol\u00f3gica y socialmente m\u00e1s ameno es probablemente uno de los desaf\u00edos m\u00e1s importante de este proyecto de cara al futuro\u201d<\/strong>, finaliza Salazar.<\/p>\n<p>Ante el complejo escenario, no se puede dejar de preguntar <strong>\u00bfqu\u00e9 rol deben cumplir las ciencias en la construcci\u00f3n de un mundo m\u00e1s sustentable y resiliente cuando pase la pandemia?<\/strong><\/p>\n","protected":false},"excerpt":{"rendered":"<p>\u00bfQu\u00e9 rol cumple en el actual contexto el Proyecto Asociativo Regional Explora La Araucan\u00eda? En su segundo a\u00f1o siendo ejecutado por el Centro UC de Desarrollo Local del Campus Villarrica, Pontificia Universidad Cat\u00f3lica de Chile, el equipo de Explora La Araucan\u00eda se ha tomado m\u00e1s en serio que nunca su papel de divulgadores de ciencias, con un sello que los diferencia desde el primer d\u00eda. <\/p>\n","protected":false},"author":29,"featured_media":39758,"comment_status":"open","ping_status":"open","sticky":false,"template":"","format":"standard","meta":{"_acf_changed":false,"_exactmetrics_skip_tracking":false,"_exactmetrics_sitenote_active":false,"_exactmetrics_sitenote_note":"","_exactmetrics_sitenote_category":0,"footnotes":"","_links_to":"","_links_to_target":""},"categories":[4],"tags":[372,371,218,376,370,374,185,373,375],"class_list":["post-39757","post","type-post","status-publish","format-standard","has-post-thumbnail","hentry","category-noticias","tag-campus-villarrica","tag-centro-uc-de-desarrollo-local","tag-ciencias","tag-divulgacion-cientifica","tag-explora-la-araucania","tag-innovacion","tag-par-explora-la-araucania","tag-pontificia-universidad-catolica-de-chile","tag-sustentabilidad"],"acf":[],"yoast_head":"<!-- This site is optimized with the Yoast SEO plugin v26.7 - https:\/\/yoast.com\/wordpress\/plugins\/seo\/ -->\n<title>PAR Explora La Araucan\u00eda: divulgando ciencias e innovaci\u00f3n para una educaci\u00f3n sustentable en tiempos de pandemia y postpandemia - Araucan\u00eda<\/title>\n<meta name=\"robots\" content=\"index, follow, max-snippet:-1, max-image-preview:large, max-video-preview:-1\" \/>\n<link rel=\"canonical\" href=\"https:\/\/dev.explora.cl\/araucania\/par-explora-la-araucania-divulgando-ciencias-e-innovacion-para-una-educacion-sustentable-en-tiempos-de-pandemia-y-postpandemia\/\" class=\"yoast-seo-meta-tag\" \/>\n<meta property=\"og:locale\" content=\"es_ES\" class=\"yoast-seo-meta-tag\" \/>\n<meta property=\"og:type\" content=\"article\" class=\"yoast-seo-meta-tag\" \/>\n<meta property=\"og:title\" content=\"PAR Explora La Araucan\u00eda: divulgando ciencias e innovaci\u00f3n para una educaci\u00f3n sustentable en tiempos de pandemia y postpandemia - Araucan\u00eda\" class=\"yoast-seo-meta-tag\" \/>\n<meta property=\"og:description\" content=\"\u00bfQu\u00e9 rol cumple en el actual contexto el Proyecto Asociativo Regional Explora La Araucan\u00eda? En su segundo a\u00f1o siendo ejecutado por el Centro UC de Desarrollo Local del Campus Villarrica, Pontificia Universidad Cat\u00f3lica de Chile, el equipo de Explora La Araucan\u00eda se ha tomado m\u00e1s en serio que nunca su papel de divulgadores de ciencias, con un sello que los diferencia desde el primer d\u00eda.\" class=\"yoast-seo-meta-tag\" \/>\n<meta property=\"og:url\" content=\"https:\/\/dev.explora.cl\/araucania\/par-explora-la-araucania-divulgando-ciencias-e-innovacion-para-una-educacion-sustentable-en-tiempos-de-pandemia-y-postpandemia\/\" class=\"yoast-seo-meta-tag\" \/>\n<meta property=\"og:site_name\" content=\"Araucan\u00eda\" class=\"yoast-seo-meta-tag\" \/>\n<meta property=\"article:published_time\" content=\"2020-06-12T23:06:34+00:00\" class=\"yoast-seo-meta-tag\" \/>\n<meta property=\"article:modified_time\" content=\"2020-12-04T19:52:35+00:00\" class=\"yoast-seo-meta-tag\" \/>\n<meta property=\"og:image\" content=\"https:\/\/dev.explora.cl\/araucania\/wp-content\/uploads\/sites\/15\/2020\/06\/foto-1-nota-Cr\u00e9dito-PAR-Explora-La-Araucania.jpeg\" class=\"yoast-seo-meta-tag\" \/>\n\t<meta property=\"og:image:width\" content=\"1040\" class=\"yoast-seo-meta-tag\" \/>\n\t<meta property=\"og:image:height\" content=\"780\" class=\"yoast-seo-meta-tag\" \/>\n\t<meta property=\"og:image:type\" content=\"image\/jpeg\" class=\"yoast-seo-meta-tag\" \/>\n<meta name=\"author\" content=\"christianbor\" class=\"yoast-seo-meta-tag\" \/>\n<meta name=\"twitter:card\" content=\"summary_large_image\" class=\"yoast-seo-meta-tag\" \/>\n<meta name=\"twitter:label1\" content=\"Escrito por\" class=\"yoast-seo-meta-tag\" \/>\n\t<meta name=\"twitter:data1\" content=\"christianbor\" class=\"yoast-seo-meta-tag\" \/>\n\t<meta name=\"twitter:label2\" content=\"Tiempo estimado de lectura\" class=\"yoast-seo-meta-tag\" \/>\n\t<meta name=\"twitter:data2\" content=\"4 minutos\" class=\"yoast-seo-meta-tag\" \/>\n<script type=\"application\/ld+json\" class=\"yoast-schema-graph\">{\"@context\":\"https:\/\/schema.org\",\"@graph\":[{\"@type\":\"Article\",\"@id\":\"https:\/\/dev.explora.cl\/araucania\/par-explora-la-araucania-divulgando-ciencias-e-innovacion-para-una-educacion-sustentable-en-tiempos-de-pandemia-y-postpandemia\/#article\",\"isPartOf\":{\"@id\":\"https:\/\/dev.explora.cl\/araucania\/par-explora-la-araucania-divulgando-ciencias-e-innovacion-para-una-educacion-sustentable-en-tiempos-de-pandemia-y-postpandemia\/\"},\"author\":{\"name\":\"christianbor\",\"@id\":\"https:\/\/dev.explora.cl\/araucania\/#\/schema\/person\/00430756cbdfde141b9130e2529f043a\"},\"headline\":\"PAR Explora La Araucan\u00eda: divulgando ciencias e innovaci\u00f3n para una educaci\u00f3n sustentable en tiempos de pandemia y postpandemia\",\"datePublished\":\"2020-06-12T23:06:34+00:00\",\"dateModified\":\"2020-12-04T19:52:35+00:00\",\"mainEntityOfPage\":{\"@id\":\"https:\/\/dev.explora.cl\/araucania\/par-explora-la-araucania-divulgando-ciencias-e-innovacion-para-una-educacion-sustentable-en-tiempos-de-pandemia-y-postpandemia\/\"},\"wordCount\":800,\"commentCount\":0,\"image\":{\"@id\":\"https:\/\/dev.explora.cl\/araucania\/par-explora-la-araucania-divulgando-ciencias-e-innovacion-para-una-educacion-sustentable-en-tiempos-de-pandemia-y-postpandemia\/#primaryimage\"},\"thumbnailUrl\":\"https:\/\/dev.explora.cl\/araucania\/wp-content\/uploads\/sites\/15\/2020\/06\/foto-1-nota-Cr\u00e9dito-PAR-Explora-La-Araucania.jpeg\",\"keywords\":[\"Campus Villarrica\",\"Centro UC de Desarrollo Local\",\"Ciencias\",\"divulgaci\u00f3n cient\u00edfica\",\"Explora La Araucan\u00eda\",\"Innovaci\u00f3n\",\"PAR Explora La Araucan\u00eda+\",\"Pontificia Universidad Cat\u00f3lica de Chile\",\"Sustentabilidad\"],\"articleSection\":[\"Noticias\"],\"inLanguage\":\"es-CL\",\"potentialAction\":[{\"@type\":\"CommentAction\",\"name\":\"Comment\",\"target\":[\"https:\/\/dev.explora.cl\/araucania\/par-explora-la-araucania-divulgando-ciencias-e-innovacion-para-una-educacion-sustentable-en-tiempos-de-pandemia-y-postpandemia\/#respond\"]}]},{\"@type\":\"WebPage\",\"@id\":\"https:\/\/dev.explora.cl\/araucania\/par-explora-la-araucania-divulgando-ciencias-e-innovacion-para-una-educacion-sustentable-en-tiempos-de-pandemia-y-postpandemia\/\",\"url\":\"https:\/\/dev.explora.cl\/araucania\/par-explora-la-araucania-divulgando-ciencias-e-innovacion-para-una-educacion-sustentable-en-tiempos-de-pandemia-y-postpandemia\/\",\"name\":\"PAR Explora La Araucan\u00eda: divulgando ciencias e innovaci\u00f3n para una educaci\u00f3n sustentable en tiempos de pandemia y postpandemia - Araucan\u00eda\",\"isPartOf\":{\"@id\":\"https:\/\/dev.explora.cl\/araucania\/#website\"},\"primaryImageOfPage\":{\"@id\":\"https:\/\/dev.explora.cl\/araucania\/par-explora-la-araucania-divulgando-ciencias-e-innovacion-para-una-educacion-sustentable-en-tiempos-de-pandemia-y-postpandemia\/#primaryimage\"},\"image\":{\"@id\":\"https:\/\/dev.explora.cl\/araucania\/par-explora-la-araucania-divulgando-ciencias-e-innovacion-para-una-educacion-sustentable-en-tiempos-de-pandemia-y-postpandemia\/#primaryimage\"},\"thumbnailUrl\":\"https:\/\/dev.explora.cl\/araucania\/wp-content\/uploads\/sites\/15\/2020\/06\/foto-1-nota-Cr\u00e9dito-PAR-Explora-La-Araucania.jpeg\",\"datePublished\":\"2020-06-12T23:06:34+00:00\",\"dateModified\":\"2020-12-04T19:52:35+00:00\",\"author\":{\"@id\":\"https:\/\/dev.explora.cl\/araucania\/#\/schema\/person\/00430756cbdfde141b9130e2529f043a\"},\"breadcrumb\":{\"@id\":\"https:\/\/dev.explora.cl\/araucania\/par-explora-la-araucania-divulgando-ciencias-e-innovacion-para-una-educacion-sustentable-en-tiempos-de-pandemia-y-postpandemia\/#breadcrumb\"},\"inLanguage\":\"es-CL\",\"potentialAction\":[{\"@type\":\"ReadAction\",\"target\":[\"https:\/\/dev.explora.cl\/araucania\/par-explora-la-araucania-divulgando-ciencias-e-innovacion-para-una-educacion-sustentable-en-tiempos-de-pandemia-y-postpandemia\/\"]}]},{\"@type\":\"ImageObject\",\"inLanguage\":\"es-CL\",\"@id\":\"https:\/\/dev.explora.cl\/araucania\/par-explora-la-araucania-divulgando-ciencias-e-innovacion-para-una-educacion-sustentable-en-tiempos-de-pandemia-y-postpandemia\/#primaryimage\",\"url\":\"https:\/\/dev.explora.cl\/araucania\/wp-content\/uploads\/sites\/15\/2020\/06\/foto-1-nota-Cr\u00e9dito-PAR-Explora-La-Araucania.jpeg\",\"contentUrl\":\"https:\/\/dev.explora.cl\/araucania\/wp-content\/uploads\/sites\/15\/2020\/06\/foto-1-nota-Cr\u00e9dito-PAR-Explora-La-Araucania.jpeg\",\"width\":1040,\"height\":780,\"caption\":\"Cr\u00e9dito: PAR Explora La Araucania\"},{\"@type\":\"BreadcrumbList\",\"@id\":\"https:\/\/dev.explora.cl\/araucania\/par-explora-la-araucania-divulgando-ciencias-e-innovacion-para-una-educacion-sustentable-en-tiempos-de-pandemia-y-postpandemia\/#breadcrumb\",\"itemListElement\":[{\"@type\":\"ListItem\",\"position\":1,\"name\":\"Portada\",\"item\":\"https:\/\/dev.explora.cl\/araucania\/\"},{\"@type\":\"ListItem\",\"position\":2,\"name\":\"PAR Explora La Araucan\u00eda: divulgando ciencias e innovaci\u00f3n para una educaci\u00f3n sustentable en tiempos de pandemia y postpandemia\"}]},{\"@type\":\"WebSite\",\"@id\":\"https:\/\/dev.explora.cl\/araucania\/#website\",\"url\":\"https:\/\/dev.explora.cl\/araucania\/\",\"name\":\"Araucan\u00eda\",\"description\":\"Otro sitio m\u00e1s de dev.explora.cl\",\"potentialAction\":[{\"@type\":\"SearchAction\",\"target\":{\"@type\":\"EntryPoint\",\"urlTemplate\":\"https:\/\/dev.explora.cl\/araucania\/?s={search_term_string}\"},\"query-input\":{\"@type\":\"PropertyValueSpecification\",\"valueRequired\":true,\"valueName\":\"search_term_string\"}}],\"inLanguage\":\"es-CL\"},{\"@type\":\"Person\",\"@id\":\"https:\/\/dev.explora.cl\/araucania\/#\/schema\/person\/00430756cbdfde141b9130e2529f043a\",\"name\":\"christianbor\",\"image\":{\"@type\":\"ImageObject\",\"inLanguage\":\"es-CL\",\"@id\":\"https:\/\/dev.explora.cl\/araucania\/#\/schema\/person\/image\/\",\"url\":\"https:\/\/secure.gravatar.com\/avatar\/268ed01e65a7aae7fae23a8237e9319f40c568070f8a3ce327804b208cd23a19?s=96&d=mm&r=g\",\"contentUrl\":\"https:\/\/secure.gravatar.com\/avatar\/268ed01e65a7aae7fae23a8237e9319f40c568070f8a3ce327804b208cd23a19?s=96&d=mm&r=g\",\"caption\":\"christianbor\"},\"url\":\"https:\/\/dev.explora.cl\/araucania\/author\/christianbor\/\"}]}<\/script>\n<!-- \/ Yoast SEO plugin. -->","yoast_head_json":{"title":"PAR Explora La Araucan\u00eda: divulgando ciencias e innovaci\u00f3n para una educaci\u00f3n sustentable en tiempos de pandemia y postpandemia - Araucan\u00eda","robots":{"index":"index","follow":"follow","max-snippet":"max-snippet:-1","max-image-preview":"max-image-preview:large","max-video-preview":"max-video-preview:-1"},"canonical":"https:\/\/dev.explora.cl\/araucania\/par-explora-la-araucania-divulgando-ciencias-e-innovacion-para-una-educacion-sustentable-en-tiempos-de-pandemia-y-postpandemia\/","og_locale":"es_ES","og_type":"article","og_title":"PAR Explora La Araucan\u00eda: divulgando ciencias e innovaci\u00f3n para una educaci\u00f3n sustentable en tiempos de pandemia y postpandemia - Araucan\u00eda","og_description":"\u00bfQu\u00e9 rol cumple en el actual contexto el Proyecto Asociativo Regional Explora La Araucan\u00eda? En su segundo a\u00f1o siendo ejecutado por el Centro UC de Desarrollo Local del Campus Villarrica, Pontificia Universidad Cat\u00f3lica de Chile, el equipo de Explora La Araucan\u00eda se ha tomado m\u00e1s en serio que nunca su papel de divulgadores de ciencias, con un sello que los diferencia desde el primer d\u00eda.","og_url":"https:\/\/dev.explora.cl\/araucania\/par-explora-la-araucania-divulgando-ciencias-e-innovacion-para-una-educacion-sustentable-en-tiempos-de-pandemia-y-postpandemia\/","og_site_name":"Araucan\u00eda","article_published_time":"2020-06-12T23:06:34+00:00","article_modified_time":"2020-12-04T19:52:35+00:00","og_image":[{"width":1040,"height":780,"url":"https:\/\/dev.explora.cl\/araucania\/wp-content\/uploads\/sites\/15\/2020\/06\/foto-1-nota-Cr\u00e9dito-PAR-Explora-La-Araucania.jpeg","type":"image\/jpeg"}],"author":"christianbor","twitter_card":"summary_large_image","twitter_misc":{"Escrito por":"christianbor","Tiempo estimado de lectura":"4 minutos"},"schema":{"@context":"https:\/\/schema.org","@graph":[{"@type":"Article","@id":"https:\/\/dev.explora.cl\/araucania\/par-explora-la-araucania-divulgando-ciencias-e-innovacion-para-una-educacion-sustentable-en-tiempos-de-pandemia-y-postpandemia\/#article","isPartOf":{"@id":"https:\/\/dev.explora.cl\/araucania\/par-explora-la-araucania-divulgando-ciencias-e-innovacion-para-una-educacion-sustentable-en-tiempos-de-pandemia-y-postpandemia\/"},"author":{"name":"christianbor","@id":"https:\/\/dev.explora.cl\/araucania\/#\/schema\/person\/00430756cbdfde141b9130e2529f043a"},"headline":"PAR Explora La Araucan\u00eda: divulgando ciencias e innovaci\u00f3n para una educaci\u00f3n sustentable en tiempos de pandemia y postpandemia","datePublished":"2020-06-12T23:06:34+00:00","dateModified":"2020-12-04T19:52:35+00:00","mainEntityOfPage":{"@id":"https:\/\/dev.explora.cl\/araucania\/par-explora-la-araucania-divulgando-ciencias-e-innovacion-para-una-educacion-sustentable-en-tiempos-de-pandemia-y-postpandemia\/"},"wordCount":800,"commentCount":0,"image":{"@id":"https:\/\/dev.explora.cl\/araucania\/par-explora-la-araucania-divulgando-ciencias-e-innovacion-para-una-educacion-sustentable-en-tiempos-de-pandemia-y-postpandemia\/#primaryimage"},"thumbnailUrl":"https:\/\/dev.explora.cl\/araucania\/wp-content\/uploads\/sites\/15\/2020\/06\/foto-1-nota-Cr\u00e9dito-PAR-Explora-La-Araucania.jpeg","keywords":["Campus Villarrica","Centro UC de Desarrollo Local","Ciencias","divulgaci\u00f3n cient\u00edfica","Explora La Araucan\u00eda","Innovaci\u00f3n","PAR Explora La Araucan\u00eda+","Pontificia Universidad Cat\u00f3lica de Chile","Sustentabilidad"],"articleSection":["Noticias"],"inLanguage":"es-CL","potentialAction":[{"@type":"CommentAction","name":"Comment","target":["https:\/\/dev.explora.cl\/araucania\/par-explora-la-araucania-divulgando-ciencias-e-innovacion-para-una-educacion-sustentable-en-tiempos-de-pandemia-y-postpandemia\/#respond"]}]},{"@type":"WebPage","@id":"https:\/\/dev.explora.cl\/araucania\/par-explora-la-araucania-divulgando-ciencias-e-innovacion-para-una-educacion-sustentable-en-tiempos-de-pandemia-y-postpandemia\/","url":"https:\/\/dev.explora.cl\/araucania\/par-explora-la-araucania-divulgando-ciencias-e-innovacion-para-una-educacion-sustentable-en-tiempos-de-pandemia-y-postpandemia\/","name":"PAR Explora La Araucan\u00eda: divulgando ciencias e innovaci\u00f3n para una educaci\u00f3n sustentable en tiempos de pandemia y postpandemia - Araucan\u00eda","isPartOf":{"@id":"https:\/\/dev.explora.cl\/araucania\/#website"},"primaryImageOfPage":{"@id":"https:\/\/dev.explora.cl\/araucania\/par-explora-la-araucania-divulgando-ciencias-e-innovacion-para-una-educacion-sustentable-en-tiempos-de-pandemia-y-postpandemia\/#primaryimage"},"image":{"@id":"https:\/\/dev.explora.cl\/araucania\/par-explora-la-araucania-divulgando-ciencias-e-innovacion-para-una-educacion-sustentable-en-tiempos-de-pandemia-y-postpandemia\/#primaryimage"},"thumbnailUrl":"https:\/\/dev.explora.cl\/araucania\/wp-content\/uploads\/sites\/15\/2020\/06\/foto-1-nota-Cr\u00e9dito-PAR-Explora-La-Araucania.jpeg","datePublished":"2020-06-12T23:06:34+00:00","dateModified":"2020-12-04T19:52:35+00:00","author":{"@id":"https:\/\/dev.explora.cl\/araucania\/#\/schema\/person\/00430756cbdfde141b9130e2529f043a"},"breadcrumb":{"@id":"https:\/\/dev.explora.cl\/araucania\/par-explora-la-araucania-divulgando-ciencias-e-innovacion-para-una-educacion-sustentable-en-tiempos-de-pandemia-y-postpandemia\/#breadcrumb"},"inLanguage":"es-CL","potentialAction":[{"@type":"ReadAction","target":["https:\/\/dev.explora.cl\/araucania\/par-explora-la-araucania-divulgando-ciencias-e-innovacion-para-una-educacion-sustentable-en-tiempos-de-pandemia-y-postpandemia\/"]}]},{"@type":"ImageObject","inLanguage":"es-CL","@id":"https:\/\/dev.explora.cl\/araucania\/par-explora-la-araucania-divulgando-ciencias-e-innovacion-para-una-educacion-sustentable-en-tiempos-de-pandemia-y-postpandemia\/#primaryimage","url":"https:\/\/dev.explora.cl\/araucania\/wp-content\/uploads\/sites\/15\/2020\/06\/foto-1-nota-Cr\u00e9dito-PAR-Explora-La-Araucania.jpeg","contentUrl":"https:\/\/dev.explora.cl\/araucania\/wp-content\/uploads\/sites\/15\/2020\/06\/foto-1-nota-Cr\u00e9dito-PAR-Explora-La-Araucania.jpeg","width":1040,"height":780,"caption":"Cr\u00e9dito: PAR Explora La Araucania"},{"@type":"BreadcrumbList","@id":"https:\/\/dev.explora.cl\/araucania\/par-explora-la-araucania-divulgando-ciencias-e-innovacion-para-una-educacion-sustentable-en-tiempos-de-pandemia-y-postpandemia\/#breadcrumb","itemListElement":[{"@type":"ListItem","position":1,"name":"Portada","item":"https:\/\/dev.explora.cl\/araucania\/"},{"@type":"ListItem","position":2,"name":"PAR Explora La Araucan\u00eda: divulgando ciencias e innovaci\u00f3n para una educaci\u00f3n sustentable en tiempos de pandemia y postpandemia"}]},{"@type":"WebSite","@id":"https:\/\/dev.explora.cl\/araucania\/#website","url":"https:\/\/dev.explora.cl\/araucania\/","name":"Araucan\u00eda","description":"Otro sitio m\u00e1s de dev.explora.cl","potentialAction":[{"@type":"SearchAction","target":{"@type":"EntryPoint","urlTemplate":"https:\/\/dev.explora.cl\/araucania\/?s={search_term_string}"},"query-input":{"@type":"PropertyValueSpecification","valueRequired":true,"valueName":"search_term_string"}}],"inLanguage":"es-CL"},{"@type":"Person","@id":"https:\/\/dev.explora.cl\/araucania\/#\/schema\/person\/00430756cbdfde141b9130e2529f043a","name":"christianbor","image":{"@type":"ImageObject","inLanguage":"es-CL","@id":"https:\/\/dev.explora.cl\/araucania\/#\/schema\/person\/image\/","url":"https:\/\/secure.gravatar.com\/avatar\/268ed01e65a7aae7fae23a8237e9319f40c568070f8a3ce327804b208cd23a19?s=96&d=mm&r=g","contentUrl":"https:\/\/secure.gravatar.com\/avatar\/268ed01e65a7aae7fae23a8237e9319f40c568070f8a3ce327804b208cd23a19?s=96&d=mm&r=g","caption":"christianbor"},"url":"https:\/\/dev.explora.cl\/araucania\/author\/christianbor\/"}]}},"_links":{"self":[{"href":"https:\/\/dev.explora.cl\/araucania\/wp-json\/wp\/v2\/posts\/39757","targetHints":{"allow":["GET"]}}],"collection":[{"href":"https:\/\/dev.explora.cl\/araucania\/wp-json\/wp\/v2\/posts"}],"about":[{"href":"https:\/\/dev.explora.cl\/araucania\/wp-json\/wp\/v2\/types\/post"}],"author":[{"embeddable":true,"href":"https:\/\/dev.explora.cl\/araucania\/wp-json\/wp\/v2\/users\/29"}],"replies":[{"embeddable":true,"href":"https:\/\/dev.explora.cl\/araucania\/wp-json\/wp\/v2\/comments?post=39757"}],"version-history":[{"count":1,"href":"https:\/\/dev.explora.cl\/araucania\/wp-json\/wp\/v2\/posts\/39757\/revisions"}],"predecessor-version":[{"id":39760,"href":"https:\/\/dev.explora.cl\/araucania\/wp-json\/wp\/v2\/posts\/39757\/revisions\/39760"}],"wp:featuredmedia":[{"embeddable":true,"href":"https:\/\/dev.explora.cl\/araucania\/wp-json\/wp\/v2\/media\/39758"}],"wp:attachment":[{"href":"https:\/\/dev.explora.cl\/araucania\/wp-json\/wp\/v2\/media?parent=39757"}],"wp:term":[{"taxonomy":"category","embeddable":true,"href":"https:\/\/dev.explora.cl\/araucania\/wp-json\/wp\/v2\/categories?post=39757"},{"taxonomy":"post_tag","embeddable":true,"href":"https:\/\/dev.explora.cl\/araucania\/wp-json\/wp\/v2\/tags?post=39757"}],"curies":[{"name":"wp","href":"https:\/\/api.w.org\/{rel}","templated":true}]}}