{"id":39352,"date":"2019-10-17T10:52:26","date_gmt":"2019-10-17T13:52:26","guid":{"rendered":"https:\/\/dev.explora.cl\/araucania\/?p=39352"},"modified":"2020-06-08T10:04:51","modified_gmt":"2020-06-08T14:04:51","slug":"convencidos-de-que-una-huerta-puede-cambiar-el-mundo","status":"publish","type":"post","link":"https:\/\/dev.explora.cl\/araucania\/convencidos-de-que-una-huerta-puede-cambiar-el-mundo\/","title":{"rendered":"Convencidos de que una huerta puede cambiar el mundo"},"content":{"rendered":"<h3><span style=\"color: #008000\">En noviembre de este a\u00f1o, m\u00e1s 250 personas de diferentes pa\u00edses se reunir\u00e1n en el IX Encuentro de la Red Internacional de Huertos Educativos, en La Araucan\u00eda, bajo la mirada com\u00fan sobre los cultivos como una potente herramienta pedag\u00f3gica y de combate contra el cambio clim\u00e1tico. Trabajar la tierra y devolver la materia org\u00e1nica a los suelos pueden generar efectos positivos insospechados en las personas, comunidades y ecosistemas.<\/span><\/h3>\n<p>\u201cLas huertas ser\u00e1n las que responder\u00e1n a las necesidades humanas cuando el planeta entre en crisis ecol\u00f3gica\u201d, afirma con contundencia el doctor en ciencias del bosque y agr\u00f3nomo de profesi\u00f3n, Tom\u00e1s Ibarra, quien por estos d\u00edas organiza el <a href=\"https:\/\/www.redhuertos.org\/ix-encuentro-de-la-red-internacional-de-huertos-educativas-villarica-chile-del-27-al-30-de-noviembre-2019\/\">IX Encuentro de la Red Internacional de Huertos Educativos (RIHE)<\/a> con la convicci\u00f3n de que la revitalizaci\u00f3n de este tipo de cultivos puede ser clave en la actual crisis socioambiental que afecta a la humanidad.<\/p>\n<p>Ibarra, quien integra el <a href=\"http:\/\/centrodesarrollolocal.uc.cl\/\">Centro UC Desarrollo Local<\/a>, conoce en profundidad los efectos bioculturales de las huertas y apuesta por la expansi\u00f3n de ellas para provocar cambios virtuosos en el medioambiente, las personas y sus relaciones.<\/p>\n<p>\u201cLa huerta, el trabajo de compostaje y nutrici\u00f3n del suelo nos lleva a tener un ecosistema m\u00e1s resiliente a los cambios. Las huertas se caracterizan por tener un uso acotado de agroqu\u00edmicos y altos niveles de materia org\u00e1nica que no van produciendo el cansancio del suelo que s\u00ed se produce con la agricultura intensiva industrial\u201d, explica el cient\u00edfico, quien es autor de la publicaci\u00f3n \u201c<em>Estado del Conocimiento sobre Huertas Familiares en Chile: Agrobiodiversidad Cultural<\/em><em> en un mismo espacio<\/em>\u201d.<\/p>\n<h3><span style=\"color: #008000\">\u201cLas huertas pueden ser realmente refugios bioculturales donde ocurren procesos de domesticaci\u00f3n de plantas y generaci\u00f3n de nueva diversidad biol\u00f3gica que contrarrestan los efectos del cambio clim\u00e1tico\u201d, asegura el agr\u00f3nomo y doctor en filosof\u00eda, Tom\u00e1s Ibarra.\u00a0<\/span><\/h3>\n<p>El investigador afirma que a trav\u00e9s de su desarrollo, las huertas potencian un espacio biol\u00f3gico que alberga materia org\u00e1nica, microorganismos, plantas, hongos y animales que desarrollan un ciclo de vida que limpia la tierra y permite la producci\u00f3n de alimentos saludables. \u201cLas huertas pueden ser realmente refugios bioculturales donde ocurren procesos de domesticaci\u00f3n de plantas y generaci\u00f3n de nueva diversidad biol\u00f3gica que contrarrestan los efectos del cambio clim\u00e1tico\u201d, agrega el acad\u00e9mico. Pero el impacto ir\u00eda a\u00fan m\u00e1s all\u00e1 de lo puramente biol\u00f3gico.<\/p>\n<figure id=\"attachment_39357\" aria-describedby=\"caption-attachment-39357\" style=\"width: 300px\" class=\"wp-caption alignleft\"><img loading=\"lazy\" decoding=\"async\" class=\"wp-image-39357 size-medium\" src=\"https:\/\/dev.explora.cl\/araucania\/wp-content\/uploads\/sites\/15\/2019\/10\/P1030110-300x225.jpg\" alt=\"Reducci\u00f3n del estr\u00e9s, aumento de la actividad f\u00edsica, fortalecimiento de comunidades son algunos de los beneficios de las huertas. \" width=\"300\" height=\"225\" srcset=\"https:\/\/dev.explora.cl\/araucania\/wp-content\/uploads\/sites\/15\/2019\/10\/P1030110-300x225.jpg 300w, https:\/\/dev.explora.cl\/araucania\/wp-content\/uploads\/sites\/15\/2019\/10\/P1030110-768x576.jpg 768w, https:\/\/dev.explora.cl\/araucania\/wp-content\/uploads\/sites\/15\/2019\/10\/P1030110-1024x768.jpg 1024w\" sizes=\"auto, (max-width: 300px) 100vw, 300px\" \/><figcaption id=\"caption-attachment-39357\" class=\"wp-caption-text\">Reducci\u00f3n del estr\u00e9s, aumento de la actividad f\u00edsica, fortalecimiento de comunidades son algunos de los beneficios de las huertas.<\/figcaption><\/figure>\n<p>Elodia Burgos, de 72 a\u00f1os, es de Villarrica. Los cultivos son parte de la historia de su vida y de su identidad familiar. \u201cSiempre he tenido huertas y siempre he tenido que ver con plantas\u201d, cuenta con orgullo. Dice que aprendi\u00f3 sobre la tierra, frutos y hortalizas por medio de la observaci\u00f3n y es consciente de los beneficios que genera el trabajo con la tierra; nada nuevo para ella. \u201cEl recorrido de la huerta es un proceso sicol\u00f3gico\u201d, afirma.<\/p>\n<p>\u201cSi viene una amiga y ella no tiene porotos, yo mando porotos para all\u00e1; si la otra tiene lechuga, ella manda para ac\u00e1. Pero adem\u00e1s de compartir los frutos, se comparten las experiencias y lo que uno sabe. Se puede formar una comunidad en torno a la huerta\u201d, agrega Burgos, sin un \u00e1pice de duda.<\/p>\n<p>Justamente es esa transmisi\u00f3n de conocimiento que cuenta Elodia la que Ibarra y su equipo pretenden expandir con la RIHE de este a\u00f1o. El evento, que por primera vez se realizar\u00e1 en Chile, ocurrir\u00e1 entre 27 y 30 de noviembre y contar\u00e1 con m\u00e1s de 250 participantes de Asia, Europa y Am\u00e9rica, 30 expositores cient\u00edficos, campesinos y educadores tradicionales.<\/p>\n<p>El compostaje es otro proceso fundamental que participa de la cultura de la huerta. La preocupaci\u00f3n por la ecolog\u00eda a nivel mundial encontr\u00f3 en las huertas y su ciclo de compostaje una herramienta para reducir la p\u00e9rdida de suelo y capturar CO2, instal\u00e1ndose en ciudades y comunidades donde, adem\u00e1s de mitigar los efectos de la contaminaci\u00f3n, favorecen la salud y la econom\u00eda de las personas que las desarrollan.<\/p>\n<p>Marianna Soto y Josefina Meier son fundadoras de <em>Organicultura Puc\u00f3n<\/em>, una microempresa dedicada a recolectar y compostar los desechos org\u00e1nicos de las personas que viven en la zona, enriqueciendo el suelo con nutrientes para el cultivo de plantas y hortalizas.<\/p>\n<p>\u201cCuando hablamos de suelo, tenemos que entender que est\u00e1 compuesto por diversos elemento: aire, agua, distintos tipos de arena, limo, arcilla y materia org\u00e1nica. Todo esto es solo el 5% y es una fracci\u00f3n muy importante porque es donde germinan las semillas, donde las ra\u00edces se alimentan y donde vive esta microbiolog\u00eda que favorece que las plantas se puedan alimentar\u201d, explica Meier.<\/p>\n<p>Seg\u00fan un estudio realizado por la Fundaci\u00f3n Basura<em>, <\/em>se estima que diariamente cada persona produce 1,5 kilogramos de basura de la cual el 50% es materia org\u00e1nica y termina en rellenos sanitarios. Estos residuos org\u00e1nicos podr\u00edan regresar a la tierra en los mismos lugares donde se producen, enriqueciendo los suelos y disminuyendo los costos en transporte y disposici\u00f3n en los rellenos.<\/p>\n<p>En 2014, una publicaci\u00f3n de la FAO, que tom\u00f3 experiencias de huertas urbanas en 110 ciudades de 23 pa\u00edses, destac\u00f3 el car\u00e1cter crucial de dichas huertas para la seguridad alimentaria y nutricional. El reporte valor\u00f3 la generaci\u00f3n local de alimentos, la generaci\u00f3n de empleos, la creaci\u00f3n de espacios verdes y destac\u00f3 que las mujeres son las principales impulsoras de estos proyectos.<\/p>\n<p>Sobre Chile, Ibarra es enf\u00e1tico en que el catastro e informaci\u00f3n son exiguos. En 2012, la Organizaci\u00f3n de Cultivos Urbanos contabiliz\u00f3 39 huertos urbanos solo en Santiago, pero el impulsor del RIHE estima que despu\u00e9s de siete a\u00f1os ese n\u00famero se ha multiplicado y la masificaci\u00f3n est\u00e1 ocurriendo en todo el pa\u00eds, sin embargo no existe documentaci\u00f3n. Mientras tanto, la corriente de las huertas rurales y urbanas tendr\u00e1 su pr\u00f3ximo encuentro, esta vez con foco en la educaci\u00f3n, reuniendo en La Araucan\u00eda a personas de todo el planeta que tienen la firme convicci\u00f3n de que una huerta puede cambiar el mundo.<\/p>\n<p style=\"text-align: right\">Art\u00edculo: Christian Borgeaud y Francisca Celume<\/p>\n","protected":false},"excerpt":{"rendered":"<p>En noviembre de este a\u00f1o, m\u00e1s 250 personas de diferentes pa\u00edses se reunir\u00e1n en el IX Encuentro de la Red Internacional de Huertos Educativos, en La Araucan\u00eda, bajo la mirada com\u00fan sobre los cultivos como una potente herramienta pedag\u00f3gica y de combate contra el cambio clim\u00e1tico. Trabajar la tierra y devolver la materia org\u00e1nica a los suelos pueden generar efectos positivos insospechados en las personas, comunidades y ecosistemas.<\/p>\n","protected":false},"author":29,"featured_media":39359,"comment_status":"open","ping_status":"open","sticky":false,"template":"","format":"standard","meta":{"_acf_changed":false,"_exactmetrics_skip_tracking":false,"_exactmetrics_sitenote_active":false,"_exactmetrics_sitenote_note":"","_exactmetrics_sitenote_category":0,"footnotes":"","_links_to":"","_links_to_target":""},"categories":[143,4],"tags":[175,199,238,23,328,185,329,230],"class_list":["post-39352","post","type-post","status-publish","format-standard","has-post-thumbnail","hentry","category-lugar-8","category-noticias","tag-araucania","tag-compostaje","tag-educacion-ambiental","tag-explora","tag-huertas","tag-par-explora-la-araucania","tag-rihe","tag-tomas-ibarra"],"acf":[],"yoast_head":"<!-- This site is optimized with the Yoast SEO plugin v26.7 - https:\/\/yoast.com\/wordpress\/plugins\/seo\/ -->\n<title>Convencidos de que una huerta puede cambiar el mundo - Araucan\u00eda<\/title>\n<meta name=\"robots\" content=\"index, follow, max-snippet:-1, max-image-preview:large, max-video-preview:-1\" \/>\n<link rel=\"canonical\" href=\"https:\/\/dev.explora.cl\/araucania\/convencidos-de-que-una-huerta-puede-cambiar-el-mundo\/\" class=\"yoast-seo-meta-tag\" \/>\n<meta property=\"og:locale\" content=\"es_ES\" class=\"yoast-seo-meta-tag\" \/>\n<meta property=\"og:type\" content=\"article\" class=\"yoast-seo-meta-tag\" \/>\n<meta property=\"og:title\" content=\"Convencidos de que una huerta puede cambiar el mundo - Araucan\u00eda\" class=\"yoast-seo-meta-tag\" \/>\n<meta property=\"og:description\" content=\"En noviembre de este a\u00f1o, m\u00e1s 250 personas de diferentes pa\u00edses se reunir\u00e1n en el IX Encuentro de la Red Internacional de Huertos Educativos, en La Araucan\u00eda, bajo la mirada com\u00fan sobre los cultivos como una potente herramienta pedag\u00f3gica y de combate contra el cambio clim\u00e1tico. Trabajar la tierra y devolver la materia org\u00e1nica a los suelos pueden generar efectos positivos insospechados en las personas, comunidades y ecosistemas.\" class=\"yoast-seo-meta-tag\" \/>\n<meta property=\"og:url\" content=\"https:\/\/dev.explora.cl\/araucania\/convencidos-de-que-una-huerta-puede-cambiar-el-mundo\/\" class=\"yoast-seo-meta-tag\" \/>\n<meta property=\"og:site_name\" content=\"Araucan\u00eda\" class=\"yoast-seo-meta-tag\" \/>\n<meta property=\"article:published_time\" content=\"2019-10-17T13:52:26+00:00\" class=\"yoast-seo-meta-tag\" \/>\n<meta property=\"article:modified_time\" content=\"2020-06-08T14:04:51+00:00\" class=\"yoast-seo-meta-tag\" \/>\n<meta property=\"og:image\" content=\"https:\/\/dev.explora.cl\/araucania\/wp-content\/uploads\/sites\/15\/2019\/10\/IMG_3620.jpg\" class=\"yoast-seo-meta-tag\" \/>\n\t<meta property=\"og:image:width\" content=\"1280\" class=\"yoast-seo-meta-tag\" \/>\n\t<meta property=\"og:image:height\" content=\"960\" class=\"yoast-seo-meta-tag\" \/>\n\t<meta property=\"og:image:type\" content=\"image\/jpeg\" class=\"yoast-seo-meta-tag\" \/>\n<meta name=\"author\" content=\"christianbor\" class=\"yoast-seo-meta-tag\" \/>\n<meta name=\"twitter:card\" content=\"summary_large_image\" class=\"yoast-seo-meta-tag\" \/>\n<meta name=\"twitter:label1\" content=\"Escrito por\" class=\"yoast-seo-meta-tag\" \/>\n\t<meta name=\"twitter:data1\" content=\"christianbor\" class=\"yoast-seo-meta-tag\" \/>\n\t<meta name=\"twitter:label2\" content=\"Tiempo estimado de lectura\" class=\"yoast-seo-meta-tag\" \/>\n\t<meta name=\"twitter:data2\" content=\"5 minutos\" class=\"yoast-seo-meta-tag\" \/>\n<script type=\"application\/ld+json\" class=\"yoast-schema-graph\">{\"@context\":\"https:\/\/schema.org\",\"@graph\":[{\"@type\":\"Article\",\"@id\":\"https:\/\/dev.explora.cl\/araucania\/convencidos-de-que-una-huerta-puede-cambiar-el-mundo\/#article\",\"isPartOf\":{\"@id\":\"https:\/\/dev.explora.cl\/araucania\/convencidos-de-que-una-huerta-puede-cambiar-el-mundo\/\"},\"author\":{\"name\":\"christianbor\",\"@id\":\"https:\/\/dev.explora.cl\/araucania\/#\/schema\/person\/00430756cbdfde141b9130e2529f043a\"},\"headline\":\"Convencidos de que una huerta puede cambiar el mundo\",\"datePublished\":\"2019-10-17T13:52:26+00:00\",\"dateModified\":\"2020-06-08T14:04:51+00:00\",\"mainEntityOfPage\":{\"@id\":\"https:\/\/dev.explora.cl\/araucania\/convencidos-de-que-una-huerta-puede-cambiar-el-mundo\/\"},\"wordCount\":1082,\"commentCount\":0,\"image\":{\"@id\":\"https:\/\/dev.explora.cl\/araucania\/convencidos-de-que-una-huerta-puede-cambiar-el-mundo\/#primaryimage\"},\"thumbnailUrl\":\"https:\/\/dev.explora.cl\/araucania\/wp-content\/uploads\/sites\/15\/2019\/10\/IMG_3620.jpg\",\"keywords\":[\"araucan\u00eda\",\"compostaje\",\"educaci\u00f3n ambiental\",\"EXPLORA\",\"huertas\",\"PAR Explora La Araucan\u00eda+\",\"RIHE\",\"Tom\u00e1s Ibarra\"],\"articleSection\":[\"Lugar 8\",\"Noticias\"],\"inLanguage\":\"es-CL\",\"potentialAction\":[{\"@type\":\"CommentAction\",\"name\":\"Comment\",\"target\":[\"https:\/\/dev.explora.cl\/araucania\/convencidos-de-que-una-huerta-puede-cambiar-el-mundo\/#respond\"]}]},{\"@type\":\"WebPage\",\"@id\":\"https:\/\/dev.explora.cl\/araucania\/convencidos-de-que-una-huerta-puede-cambiar-el-mundo\/\",\"url\":\"https:\/\/dev.explora.cl\/araucania\/convencidos-de-que-una-huerta-puede-cambiar-el-mundo\/\",\"name\":\"Convencidos de que una huerta puede cambiar el mundo - Araucan\u00eda\",\"isPartOf\":{\"@id\":\"https:\/\/dev.explora.cl\/araucania\/#website\"},\"primaryImageOfPage\":{\"@id\":\"https:\/\/dev.explora.cl\/araucania\/convencidos-de-que-una-huerta-puede-cambiar-el-mundo\/#primaryimage\"},\"image\":{\"@id\":\"https:\/\/dev.explora.cl\/araucania\/convencidos-de-que-una-huerta-puede-cambiar-el-mundo\/#primaryimage\"},\"thumbnailUrl\":\"https:\/\/dev.explora.cl\/araucania\/wp-content\/uploads\/sites\/15\/2019\/10\/IMG_3620.jpg\",\"datePublished\":\"2019-10-17T13:52:26+00:00\",\"dateModified\":\"2020-06-08T14:04:51+00:00\",\"author\":{\"@id\":\"https:\/\/dev.explora.cl\/araucania\/#\/schema\/person\/00430756cbdfde141b9130e2529f043a\"},\"breadcrumb\":{\"@id\":\"https:\/\/dev.explora.cl\/araucania\/convencidos-de-que-una-huerta-puede-cambiar-el-mundo\/#breadcrumb\"},\"inLanguage\":\"es-CL\",\"potentialAction\":[{\"@type\":\"ReadAction\",\"target\":[\"https:\/\/dev.explora.cl\/araucania\/convencidos-de-que-una-huerta-puede-cambiar-el-mundo\/\"]}]},{\"@type\":\"ImageObject\",\"inLanguage\":\"es-CL\",\"@id\":\"https:\/\/dev.explora.cl\/araucania\/convencidos-de-que-una-huerta-puede-cambiar-el-mundo\/#primaryimage\",\"url\":\"https:\/\/dev.explora.cl\/araucania\/wp-content\/uploads\/sites\/15\/2019\/10\/IMG_3620.jpg\",\"contentUrl\":\"https:\/\/dev.explora.cl\/araucania\/wp-content\/uploads\/sites\/15\/2019\/10\/IMG_3620.jpg\",\"width\":1280,\"height\":960},{\"@type\":\"BreadcrumbList\",\"@id\":\"https:\/\/dev.explora.cl\/araucania\/convencidos-de-que-una-huerta-puede-cambiar-el-mundo\/#breadcrumb\",\"itemListElement\":[{\"@type\":\"ListItem\",\"position\":1,\"name\":\"Portada\",\"item\":\"https:\/\/dev.explora.cl\/araucania\/\"},{\"@type\":\"ListItem\",\"position\":2,\"name\":\"Convencidos de que una huerta puede cambiar el mundo\"}]},{\"@type\":\"WebSite\",\"@id\":\"https:\/\/dev.explora.cl\/araucania\/#website\",\"url\":\"https:\/\/dev.explora.cl\/araucania\/\",\"name\":\"Araucan\u00eda\",\"description\":\"Otro sitio m\u00e1s de dev.explora.cl\",\"potentialAction\":[{\"@type\":\"SearchAction\",\"target\":{\"@type\":\"EntryPoint\",\"urlTemplate\":\"https:\/\/dev.explora.cl\/araucania\/?s={search_term_string}\"},\"query-input\":{\"@type\":\"PropertyValueSpecification\",\"valueRequired\":true,\"valueName\":\"search_term_string\"}}],\"inLanguage\":\"es-CL\"},{\"@type\":\"Person\",\"@id\":\"https:\/\/dev.explora.cl\/araucania\/#\/schema\/person\/00430756cbdfde141b9130e2529f043a\",\"name\":\"christianbor\",\"image\":{\"@type\":\"ImageObject\",\"inLanguage\":\"es-CL\",\"@id\":\"https:\/\/dev.explora.cl\/araucania\/#\/schema\/person\/image\/\",\"url\":\"https:\/\/secure.gravatar.com\/avatar\/268ed01e65a7aae7fae23a8237e9319f40c568070f8a3ce327804b208cd23a19?s=96&d=mm&r=g\",\"contentUrl\":\"https:\/\/secure.gravatar.com\/avatar\/268ed01e65a7aae7fae23a8237e9319f40c568070f8a3ce327804b208cd23a19?s=96&d=mm&r=g\",\"caption\":\"christianbor\"},\"url\":\"https:\/\/dev.explora.cl\/araucania\/author\/christianbor\/\"}]}<\/script>\n<!-- \/ Yoast SEO plugin. -->","yoast_head_json":{"title":"Convencidos de que una huerta puede cambiar el mundo - Araucan\u00eda","robots":{"index":"index","follow":"follow","max-snippet":"max-snippet:-1","max-image-preview":"max-image-preview:large","max-video-preview":"max-video-preview:-1"},"canonical":"https:\/\/dev.explora.cl\/araucania\/convencidos-de-que-una-huerta-puede-cambiar-el-mundo\/","og_locale":"es_ES","og_type":"article","og_title":"Convencidos de que una huerta puede cambiar el mundo - Araucan\u00eda","og_description":"En noviembre de este a\u00f1o, m\u00e1s 250 personas de diferentes pa\u00edses se reunir\u00e1n en el IX Encuentro de la Red Internacional de Huertos Educativos, en La Araucan\u00eda, bajo la mirada com\u00fan sobre los cultivos como una potente herramienta pedag\u00f3gica y de combate contra el cambio clim\u00e1tico. Trabajar la tierra y devolver la materia org\u00e1nica a los suelos pueden generar efectos positivos insospechados en las personas, comunidades y ecosistemas.","og_url":"https:\/\/dev.explora.cl\/araucania\/convencidos-de-que-una-huerta-puede-cambiar-el-mundo\/","og_site_name":"Araucan\u00eda","article_published_time":"2019-10-17T13:52:26+00:00","article_modified_time":"2020-06-08T14:04:51+00:00","og_image":[{"width":1280,"height":960,"url":"https:\/\/dev.explora.cl\/araucania\/wp-content\/uploads\/sites\/15\/2019\/10\/IMG_3620.jpg","type":"image\/jpeg"}],"author":"christianbor","twitter_card":"summary_large_image","twitter_misc":{"Escrito por":"christianbor","Tiempo estimado de lectura":"5 minutos"},"schema":{"@context":"https:\/\/schema.org","@graph":[{"@type":"Article","@id":"https:\/\/dev.explora.cl\/araucania\/convencidos-de-que-una-huerta-puede-cambiar-el-mundo\/#article","isPartOf":{"@id":"https:\/\/dev.explora.cl\/araucania\/convencidos-de-que-una-huerta-puede-cambiar-el-mundo\/"},"author":{"name":"christianbor","@id":"https:\/\/dev.explora.cl\/araucania\/#\/schema\/person\/00430756cbdfde141b9130e2529f043a"},"headline":"Convencidos de que una huerta puede cambiar el mundo","datePublished":"2019-10-17T13:52:26+00:00","dateModified":"2020-06-08T14:04:51+00:00","mainEntityOfPage":{"@id":"https:\/\/dev.explora.cl\/araucania\/convencidos-de-que-una-huerta-puede-cambiar-el-mundo\/"},"wordCount":1082,"commentCount":0,"image":{"@id":"https:\/\/dev.explora.cl\/araucania\/convencidos-de-que-una-huerta-puede-cambiar-el-mundo\/#primaryimage"},"thumbnailUrl":"https:\/\/dev.explora.cl\/araucania\/wp-content\/uploads\/sites\/15\/2019\/10\/IMG_3620.jpg","keywords":["araucan\u00eda","compostaje","educaci\u00f3n ambiental","EXPLORA","huertas","PAR Explora La Araucan\u00eda+","RIHE","Tom\u00e1s Ibarra"],"articleSection":["Lugar 8","Noticias"],"inLanguage":"es-CL","potentialAction":[{"@type":"CommentAction","name":"Comment","target":["https:\/\/dev.explora.cl\/araucania\/convencidos-de-que-una-huerta-puede-cambiar-el-mundo\/#respond"]}]},{"@type":"WebPage","@id":"https:\/\/dev.explora.cl\/araucania\/convencidos-de-que-una-huerta-puede-cambiar-el-mundo\/","url":"https:\/\/dev.explora.cl\/araucania\/convencidos-de-que-una-huerta-puede-cambiar-el-mundo\/","name":"Convencidos de que una huerta puede cambiar el mundo - Araucan\u00eda","isPartOf":{"@id":"https:\/\/dev.explora.cl\/araucania\/#website"},"primaryImageOfPage":{"@id":"https:\/\/dev.explora.cl\/araucania\/convencidos-de-que-una-huerta-puede-cambiar-el-mundo\/#primaryimage"},"image":{"@id":"https:\/\/dev.explora.cl\/araucania\/convencidos-de-que-una-huerta-puede-cambiar-el-mundo\/#primaryimage"},"thumbnailUrl":"https:\/\/dev.explora.cl\/araucania\/wp-content\/uploads\/sites\/15\/2019\/10\/IMG_3620.jpg","datePublished":"2019-10-17T13:52:26+00:00","dateModified":"2020-06-08T14:04:51+00:00","author":{"@id":"https:\/\/dev.explora.cl\/araucania\/#\/schema\/person\/00430756cbdfde141b9130e2529f043a"},"breadcrumb":{"@id":"https:\/\/dev.explora.cl\/araucania\/convencidos-de-que-una-huerta-puede-cambiar-el-mundo\/#breadcrumb"},"inLanguage":"es-CL","potentialAction":[{"@type":"ReadAction","target":["https:\/\/dev.explora.cl\/araucania\/convencidos-de-que-una-huerta-puede-cambiar-el-mundo\/"]}]},{"@type":"ImageObject","inLanguage":"es-CL","@id":"https:\/\/dev.explora.cl\/araucania\/convencidos-de-que-una-huerta-puede-cambiar-el-mundo\/#primaryimage","url":"https:\/\/dev.explora.cl\/araucania\/wp-content\/uploads\/sites\/15\/2019\/10\/IMG_3620.jpg","contentUrl":"https:\/\/dev.explora.cl\/araucania\/wp-content\/uploads\/sites\/15\/2019\/10\/IMG_3620.jpg","width":1280,"height":960},{"@type":"BreadcrumbList","@id":"https:\/\/dev.explora.cl\/araucania\/convencidos-de-que-una-huerta-puede-cambiar-el-mundo\/#breadcrumb","itemListElement":[{"@type":"ListItem","position":1,"name":"Portada","item":"https:\/\/dev.explora.cl\/araucania\/"},{"@type":"ListItem","position":2,"name":"Convencidos de que una huerta puede cambiar el mundo"}]},{"@type":"WebSite","@id":"https:\/\/dev.explora.cl\/araucania\/#website","url":"https:\/\/dev.explora.cl\/araucania\/","name":"Araucan\u00eda","description":"Otro sitio m\u00e1s de dev.explora.cl","potentialAction":[{"@type":"SearchAction","target":{"@type":"EntryPoint","urlTemplate":"https:\/\/dev.explora.cl\/araucania\/?s={search_term_string}"},"query-input":{"@type":"PropertyValueSpecification","valueRequired":true,"valueName":"search_term_string"}}],"inLanguage":"es-CL"},{"@type":"Person","@id":"https:\/\/dev.explora.cl\/araucania\/#\/schema\/person\/00430756cbdfde141b9130e2529f043a","name":"christianbor","image":{"@type":"ImageObject","inLanguage":"es-CL","@id":"https:\/\/dev.explora.cl\/araucania\/#\/schema\/person\/image\/","url":"https:\/\/secure.gravatar.com\/avatar\/268ed01e65a7aae7fae23a8237e9319f40c568070f8a3ce327804b208cd23a19?s=96&d=mm&r=g","contentUrl":"https:\/\/secure.gravatar.com\/avatar\/268ed01e65a7aae7fae23a8237e9319f40c568070f8a3ce327804b208cd23a19?s=96&d=mm&r=g","caption":"christianbor"},"url":"https:\/\/dev.explora.cl\/araucania\/author\/christianbor\/"}]}},"_links":{"self":[{"href":"https:\/\/dev.explora.cl\/araucania\/wp-json\/wp\/v2\/posts\/39352","targetHints":{"allow":["GET"]}}],"collection":[{"href":"https:\/\/dev.explora.cl\/araucania\/wp-json\/wp\/v2\/posts"}],"about":[{"href":"https:\/\/dev.explora.cl\/araucania\/wp-json\/wp\/v2\/types\/post"}],"author":[{"embeddable":true,"href":"https:\/\/dev.explora.cl\/araucania\/wp-json\/wp\/v2\/users\/29"}],"replies":[{"embeddable":true,"href":"https:\/\/dev.explora.cl\/araucania\/wp-json\/wp\/v2\/comments?post=39352"}],"version-history":[{"count":6,"href":"https:\/\/dev.explora.cl\/araucania\/wp-json\/wp\/v2\/posts\/39352\/revisions"}],"predecessor-version":[{"id":39362,"href":"https:\/\/dev.explora.cl\/araucania\/wp-json\/wp\/v2\/posts\/39352\/revisions\/39362"}],"wp:featuredmedia":[{"embeddable":true,"href":"https:\/\/dev.explora.cl\/araucania\/wp-json\/wp\/v2\/media\/39359"}],"wp:attachment":[{"href":"https:\/\/dev.explora.cl\/araucania\/wp-json\/wp\/v2\/media?parent=39352"}],"wp:term":[{"taxonomy":"category","embeddable":true,"href":"https:\/\/dev.explora.cl\/araucania\/wp-json\/wp\/v2\/categories?post=39352"},{"taxonomy":"post_tag","embeddable":true,"href":"https:\/\/dev.explora.cl\/araucania\/wp-json\/wp\/v2\/tags?post=39352"}],"curies":[{"name":"wp","href":"https:\/\/api.w.org\/{rel}","templated":true}]}}