{"id":39155,"date":"2019-08-29T15:25:06","date_gmt":"2019-08-29T19:25:06","guid":{"rendered":"https:\/\/dev.explora.cl\/araucania\/?p=39155"},"modified":"2020-01-03T13:53:10","modified_gmt":"2020-01-03T16:53:10","slug":"la-busqueda-de-microorganismos-para-reforestar-la-araucania","status":"publish","type":"post","link":"https:\/\/dev.explora.cl\/araucania\/la-busqueda-de-microorganismos-para-reforestar-la-araucania\/","title":{"rendered":"La b\u00fasqueda de microorganismos  para reforestar La Araucan\u00eda"},"content":{"rendered":"<h3><span style=\"color: #008000\">Desde hace dos a\u00f1os, Claudia Rabert junto a su equipo se volcaron a estudiar el comportamiento de la microbiota de los bosques nativos de La Araucan\u00eda, despu\u00e9s del paso de un incendio. \u00bfQu\u00e9 sucede con hongos y bacterias y qu\u00e9 incidencia podr\u00edan tener en un proceso de reforestaci\u00f3n?<\/span><\/h3>\n<p>Los incendios forestales acechan cada a\u00f1o, el cambio clim\u00e1tico atiborra con calor intenso las temporadas estivales en La Araucan\u00eda y poco a poco aparecen nuevos sitios bald\u00edos que evidencian el paso del fuego. La doctora Claudia Rabert es consciente de esto y busca en los microorganismos del suelo del bosque una posibilidad de revertir el da\u00f1o de las llamas.<\/p>\n<p>Desde hace dos a\u00f1os, Rabert junto a su equipo se volcaron a estudiar el comportamiento de la microbiota de los bosques nativos de La Araucan\u00eda, despu\u00e9s del paso de un incendio. \u00bfQu\u00e9 sucede con hongos y bacterias y qu\u00e9 incidencia podr\u00edan tener en un proceso de regeneraci\u00f3n forestal?<\/p>\n<figure id=\"attachment_39161\" aria-describedby=\"caption-attachment-39161\" style=\"width: 282px\" class=\"wp-caption alignright\"><img loading=\"lazy\" decoding=\"async\" class=\"wp-image-39161\" src=\"https:\/\/dev.explora.cl\/araucania\/wp-content\/uploads\/sites\/15\/2019\/08\/Reforestacion_IV-225x300.jpg\" alt=\"Claudia Rabert en uno de sus viajes a la Ant\u00e1rtica. La cient\u00edfica estuvo por m\u00e1s de 15 a\u00f1os trabajando investigando los cambios de plantas en este continente. \" width=\"282\" height=\"376\" srcset=\"https:\/\/dev.explora.cl\/araucania\/wp-content\/uploads\/sites\/15\/2019\/08\/Reforestacion_IV-225x300.jpg 225w, https:\/\/dev.explora.cl\/araucania\/wp-content\/uploads\/sites\/15\/2019\/08\/Reforestacion_IV-768x1024.jpg 768w, https:\/\/dev.explora.cl\/araucania\/wp-content\/uploads\/sites\/15\/2019\/08\/Reforestacion_IV.jpg 1200w\" sizes=\"auto, (max-width: 282px) 100vw, 282px\" \/><figcaption id=\"caption-attachment-39161\" class=\"wp-caption-text\">Claudia Rabert en uno de sus viajes a la Ant\u00e1rtica. La cient\u00edfica estuvo por m\u00e1s de 15 a\u00f1os investigando las adaptaciones de plantas en este continente.<\/figcaption><\/figure>\n<p>La cient\u00edfica conoce muy bien los cambios que est\u00e1 experimentando la Tierra por la acci\u00f3n humana. Durante m\u00e1s de 15 a\u00f1os visit\u00f3 con frecuencia la Ant\u00e1rtica y en los \u00faltimos cinco realiz\u00f3 investigaciones sobre los ciclos de nutrientes en ese continente donde evidenci\u00f3 c\u00f3mo el alza de las temperaturas por el cambio clim\u00e1tico genera un aumento del nitr\u00f3geno disponible, lo cual provoca un mayor crecimiento de las plantas y biomasa vegetal. \u201cNosotros hemos visto en la Ant\u00e1rtica una pradera de <em>Deschampsia<\/em> (un tipo de planta) donde podr\u00edamos pasar una m\u00e1quina de cortar pasto como si estuvieras en el patio de tu casa\u201d, explica la docente regular del Instituto de Ciencias Biom\u00e9dicas de la Universidad Aut\u00f3noma, sede Temuco.<\/p>\n<p>Pero hoy su mirada est\u00e1 puesta en La Araucan\u00eda y, con m\u00e1s precisi\u00f3n, en c\u00f3mo mejorar las posibilidades de reforestaci\u00f3n por medio de las bacterias.<\/p>\n<p>La experiencia en Ant\u00e1rtica al alero de la Universidad de La Frontera aport\u00f3 en la mirada de la cient\u00edfica una alerta sobre la transformaci\u00f3n del planeta. Hoy su trabajo est\u00e1 centrado en los bosques nativos de La Araucan\u00eda y su afectaci\u00f3n a causa del fuego. Rabert tiene motivos suficientes para mantener su atenci\u00f3n en esta zona puesto que, durante la \u00faltima temporada, fue la regi\u00f3n con m\u00e1s superficie arrasada por las llamas: cerca de 16 mil hect\u00e1reas quemadas, entre julio de 2018 y febrero de 2019, seg\u00fan Conaf.<\/p>\n<p>\u201cHace 3 a\u00f1os me vincul\u00e9 a la Universidad Aut\u00f3noma y empezamos a generar otra l\u00ednea de investigaci\u00f3n que tiene que tiene relaci\u00f3n con el estudio de los efectos del cambio clim\u00e1tico, de ver c\u00f3mo las especies respond\u00edan a distintos escenarios clim\u00e1ticos y estamos explorando ahora c\u00f3mo el bosque se est\u00e1 alterando frente a eso, vinculado a los eventos de fuego\u201d, explica Rabert frente a un escenario que parece complicarse cada a\u00f1o con los incendios forestales.<\/p>\n<p>\u201cEn general, no tan solo en Chile sino que mundialmente, se ha visto que los eventos de fuego han crecido en n\u00famero e intensidad y eso tiene que ver con estas r\u00e1fagas de viento que se presentan en \u00e9pocas muy calurosas y obviamente con el incremento de la temperatura\u201d, agrega.<\/p>\n<figure id=\"attachment_39160\" aria-describedby=\"caption-attachment-39160\" style=\"width: 355px\" class=\"wp-caption alignleft\"><img loading=\"lazy\" decoding=\"async\" class=\"wp-image-39160\" src=\"https:\/\/dev.explora.cl\/araucania\/wp-content\/uploads\/sites\/15\/2019\/08\/Reforestacion_I_OK-300x225.png\" alt=\"Un combinado de microorganismos podr\u00eda contribuir a la reforestaci\u00f3n de un bosque arrasado por el fuego. \" width=\"355\" height=\"266\" srcset=\"https:\/\/dev.explora.cl\/araucania\/wp-content\/uploads\/sites\/15\/2019\/08\/Reforestacion_I_OK-300x225.png 300w, https:\/\/dev.explora.cl\/araucania\/wp-content\/uploads\/sites\/15\/2019\/08\/Reforestacion_I_OK-768x576.png 768w, https:\/\/dev.explora.cl\/araucania\/wp-content\/uploads\/sites\/15\/2019\/08\/Reforestacion_I_OK-1024x768.png 1024w\" sizes=\"auto, (max-width: 355px) 100vw, 355px\" \/><figcaption id=\"caption-attachment-39160\" class=\"wp-caption-text\">Un combinado de microorganismos podr\u00eda contribuir a la reforestaci\u00f3n de un bosque arrasado por el fuego.<\/figcaption><\/figure>\n<p>El trabajo de la doctora en ciencias y su equipo busca determinar el potencial de la \u201cmicrobiota rizosf\u00e9rica\u201d, esto es, la comunidad de microorganismos que viven asociados a la ra\u00edces de las plantas, para facilitar el proceso de restauraci\u00f3n de bosques nativos, despu\u00e9s del paso de las llamas.<\/p>\n<p>Con un incendio, la destrucci\u00f3n del ecosistema no es solo superficial. En el manto org\u00e1nico, que va desde la superficie del suelo hasta unos 30 cent\u00edmetros de profundidad, se desarrolla una importante comunidad de bacterias y hongos esenciales para los bosques que el calor tambi\u00e9n logra destruir. \u201cDe 10 g\u00e9neros bacterianos, los reducimos a dos con un evento de fuego\u201d, detalla Rabert y agrega que \u201cla primera estrata (del suelo) se elimina. Lo que nosotros estamos viendo con el proyecto es ver cu\u00e1les de estos organismos prevalecen. Hay algunos organismos que tienen una mayor tolerancia a eventos de estr\u00e9s\u201d.<\/p>\n<h3><span style=\"color: #008000\">\u201cSi tu pones un \u00e1rbol que ha crecido bajo ciertas condiciones s\u00faper favorables en el invernadero, lo m\u00e1s probable es que cuando yo reforesto pierdo el 70% de esos \u00e1rboles; no arraigan porque ellos no est\u00e1n adaptados a eso\u201d, explica Rabert.<\/span><\/h3>\n<p>Al recomponer la microbiota, durante un proceso de reforestaci\u00f3n de bosque nativo, aumentar\u00edan las posibilidades de que los \u00e1rboles pudiesen arraigar y poblar los suelos consumidos por el fuego. \u201cSi tu pones un \u00e1rbol que ha crecido bajo ciertas condiciones s\u00faper favorables en el invernadero, lo m\u00e1s probable es que cuando yo reforesto pierdo el 70% de esos \u00e1rboles; no arraigan porque ellos no est\u00e1n adaptados a eso\u201d, explica Rabert.<\/p>\n<p>La investigaci\u00f3n podr\u00eda derivar en un combinado bacteriano que ayude a estas plantas, que crecen en condiciones de invernadero con un suelo distinto qu\u00edmicamente, a su arraigamiento en el bosque\u201d. El progreso del trabajo podr\u00eda mejorar considerablemente el trabajo de reforestaci\u00f3n en Chile.<\/p>\n<p>Las siniestradas reservas de China Muerta y Malleco, que sufrieron grandes incendios en 2015, son parte del recorrido de la acad\u00e9mica. Actualmente, su investigaci\u00f3n se centra principalmente en las bacterias asociadas al avellano, que presenta una positiva resistencia post-incendios, y en estudios de ADN de araucarias y coihues. \u00bfLa dificultad? El tiempo para ver los resultados. La regeneraci\u00f3n del bosque podr\u00eda tardar d\u00e9cadas e incluso la propia cient\u00edfica jam\u00e1s volver\u00e1 a verlos nuevamente en su ya extinto esplendor.<\/p>\n<p style=\"text-align: right\">Texto: Christian Borgeaud<\/p>\n","protected":false},"excerpt":{"rendered":"<p>Desde hace dos a\u00f1os, Claudia Rabert junto a su equipo se volcaron a estudiar el comportamiento de la microbiota de los bosques nativos de La Araucan\u00eda, despu\u00e9s del paso de un incendio. \u00bfQu\u00e9 sucede con hongos y bacterias, y qu\u00e9 incidencia podr\u00edan tener en un proceso de reforestaci\u00f3n?<\/p>\n","protected":false},"author":29,"featured_media":39158,"comment_status":"open","ping_status":"open","sticky":false,"template":"","format":"standard","meta":{"_acf_changed":false,"_exactmetrics_skip_tracking":false,"_exactmetrics_sitenote_active":false,"_exactmetrics_sitenote_note":"","_exactmetrics_sitenote_category":0,"footnotes":"","_links_to":"","_links_to_target":""},"categories":[143,4],"tags":[281,235,164,276,278,185,277,279,280],"class_list":["post-39155","post","type-post","status-publish","format-standard","has-post-thumbnail","hentry","category-lugar-8","category-noticias","tag-antartica","tag-bosque","tag-cambio-climatico","tag-claudia-rabert","tag-incendios-forestales","tag-par-explora-la-araucania","tag-reforestacion","tag-universidad-autonoma-de-chile","tag-universidad-de-la-frontera"],"acf":[],"yoast_head":"<!-- This site is optimized with the Yoast SEO plugin v26.7 - https:\/\/yoast.com\/wordpress\/plugins\/seo\/ -->\n<title>La b\u00fasqueda de microorganismos para reforestar La Araucan\u00eda - Araucan\u00eda<\/title>\n<meta name=\"robots\" content=\"index, follow, max-snippet:-1, max-image-preview:large, max-video-preview:-1\" \/>\n<link rel=\"canonical\" href=\"https:\/\/dev.explora.cl\/araucania\/la-busqueda-de-microorganismos-para-reforestar-la-araucania\/\" class=\"yoast-seo-meta-tag\" \/>\n<meta property=\"og:locale\" content=\"es_ES\" class=\"yoast-seo-meta-tag\" \/>\n<meta property=\"og:type\" content=\"article\" class=\"yoast-seo-meta-tag\" \/>\n<meta property=\"og:title\" content=\"La b\u00fasqueda de microorganismos para reforestar La Araucan\u00eda - Araucan\u00eda\" class=\"yoast-seo-meta-tag\" \/>\n<meta property=\"og:description\" content=\"Desde hace dos a\u00f1os, Claudia Rabert junto a su equipo se volcaron a estudiar el comportamiento de la microbiota de los bosques nativos de La Araucan\u00eda, despu\u00e9s del paso de un incendio. \u00bfQu\u00e9 sucede con hongos y bacterias, y qu\u00e9 incidencia podr\u00edan tener en un proceso de reforestaci\u00f3n?\" class=\"yoast-seo-meta-tag\" \/>\n<meta property=\"og:url\" content=\"https:\/\/dev.explora.cl\/araucania\/la-busqueda-de-microorganismos-para-reforestar-la-araucania\/\" class=\"yoast-seo-meta-tag\" \/>\n<meta property=\"og:site_name\" content=\"Araucan\u00eda\" class=\"yoast-seo-meta-tag\" \/>\n<meta property=\"article:published_time\" content=\"2019-08-29T19:25:06+00:00\" class=\"yoast-seo-meta-tag\" \/>\n<meta property=\"article:modified_time\" content=\"2020-01-03T16:53:10+00:00\" class=\"yoast-seo-meta-tag\" \/>\n<meta property=\"og:image\" content=\"https:\/\/dev.explora.cl\/araucania\/wp-content\/uploads\/sites\/15\/2019\/08\/Reforestacion_III_OK-1024x614.png\" class=\"yoast-seo-meta-tag\" \/>\n\t<meta property=\"og:image:width\" content=\"1024\" class=\"yoast-seo-meta-tag\" \/>\n\t<meta property=\"og:image:height\" content=\"614\" class=\"yoast-seo-meta-tag\" \/>\n\t<meta property=\"og:image:type\" content=\"image\/png\" class=\"yoast-seo-meta-tag\" \/>\n<meta name=\"author\" content=\"christianbor\" class=\"yoast-seo-meta-tag\" \/>\n<meta name=\"twitter:card\" content=\"summary_large_image\" class=\"yoast-seo-meta-tag\" \/>\n<meta name=\"twitter:label1\" content=\"Escrito por\" class=\"yoast-seo-meta-tag\" \/>\n\t<meta name=\"twitter:data1\" content=\"christianbor\" class=\"yoast-seo-meta-tag\" \/>\n\t<meta name=\"twitter:label2\" content=\"Tiempo estimado de lectura\" class=\"yoast-seo-meta-tag\" \/>\n\t<meta name=\"twitter:data2\" content=\"5 minutos\" class=\"yoast-seo-meta-tag\" \/>\n<script type=\"application\/ld+json\" class=\"yoast-schema-graph\">{\"@context\":\"https:\/\/schema.org\",\"@graph\":[{\"@type\":\"Article\",\"@id\":\"https:\/\/dev.explora.cl\/araucania\/la-busqueda-de-microorganismos-para-reforestar-la-araucania\/#article\",\"isPartOf\":{\"@id\":\"https:\/\/dev.explora.cl\/araucania\/la-busqueda-de-microorganismos-para-reforestar-la-araucania\/\"},\"author\":{\"name\":\"christianbor\",\"@id\":\"https:\/\/dev.explora.cl\/araucania\/#\/schema\/person\/00430756cbdfde141b9130e2529f043a\"},\"headline\":\"La b\u00fasqueda de microorganismos para reforestar La Araucan\u00eda\",\"datePublished\":\"2019-08-29T19:25:06+00:00\",\"dateModified\":\"2020-01-03T16:53:10+00:00\",\"mainEntityOfPage\":{\"@id\":\"https:\/\/dev.explora.cl\/araucania\/la-busqueda-de-microorganismos-para-reforestar-la-araucania\/\"},\"wordCount\":1040,\"commentCount\":0,\"image\":{\"@id\":\"https:\/\/dev.explora.cl\/araucania\/la-busqueda-de-microorganismos-para-reforestar-la-araucania\/#primaryimage\"},\"thumbnailUrl\":\"https:\/\/dev.explora.cl\/araucania\/wp-content\/uploads\/sites\/15\/2019\/08\/Reforestacion_III_OK.png\",\"keywords\":[\"Ant\u00e1rtica\",\"bosque\",\"cambio clim\u00e1tico\",\"Claudia Rabert\",\"incendios forestales\",\"PAR Explora La Araucan\u00eda+\",\"Reforestaci\u00f3n\",\"Universidad Aut\u00f3noma de Chile\",\"Universidad de La Frontera\"],\"articleSection\":[\"Lugar 8\",\"Noticias\"],\"inLanguage\":\"es-CL\",\"potentialAction\":[{\"@type\":\"CommentAction\",\"name\":\"Comment\",\"target\":[\"https:\/\/dev.explora.cl\/araucania\/la-busqueda-de-microorganismos-para-reforestar-la-araucania\/#respond\"]}]},{\"@type\":\"WebPage\",\"@id\":\"https:\/\/dev.explora.cl\/araucania\/la-busqueda-de-microorganismos-para-reforestar-la-araucania\/\",\"url\":\"https:\/\/dev.explora.cl\/araucania\/la-busqueda-de-microorganismos-para-reforestar-la-araucania\/\",\"name\":\"La b\u00fasqueda de microorganismos para reforestar La Araucan\u00eda - Araucan\u00eda\",\"isPartOf\":{\"@id\":\"https:\/\/dev.explora.cl\/araucania\/#website\"},\"primaryImageOfPage\":{\"@id\":\"https:\/\/dev.explora.cl\/araucania\/la-busqueda-de-microorganismos-para-reforestar-la-araucania\/#primaryimage\"},\"image\":{\"@id\":\"https:\/\/dev.explora.cl\/araucania\/la-busqueda-de-microorganismos-para-reforestar-la-araucania\/#primaryimage\"},\"thumbnailUrl\":\"https:\/\/dev.explora.cl\/araucania\/wp-content\/uploads\/sites\/15\/2019\/08\/Reforestacion_III_OK.png\",\"datePublished\":\"2019-08-29T19:25:06+00:00\",\"dateModified\":\"2020-01-03T16:53:10+00:00\",\"author\":{\"@id\":\"https:\/\/dev.explora.cl\/araucania\/#\/schema\/person\/00430756cbdfde141b9130e2529f043a\"},\"breadcrumb\":{\"@id\":\"https:\/\/dev.explora.cl\/araucania\/la-busqueda-de-microorganismos-para-reforestar-la-araucania\/#breadcrumb\"},\"inLanguage\":\"es-CL\",\"potentialAction\":[{\"@type\":\"ReadAction\",\"target\":[\"https:\/\/dev.explora.cl\/araucania\/la-busqueda-de-microorganismos-para-reforestar-la-araucania\/\"]}]},{\"@type\":\"ImageObject\",\"inLanguage\":\"es-CL\",\"@id\":\"https:\/\/dev.explora.cl\/araucania\/la-busqueda-de-microorganismos-para-reforestar-la-araucania\/#primaryimage\",\"url\":\"https:\/\/dev.explora.cl\/araucania\/wp-content\/uploads\/sites\/15\/2019\/08\/Reforestacion_III_OK.png\",\"contentUrl\":\"https:\/\/dev.explora.cl\/araucania\/wp-content\/uploads\/sites\/15\/2019\/08\/Reforestacion_III_OK.png\",\"width\":2560,\"height\":1536},{\"@type\":\"BreadcrumbList\",\"@id\":\"https:\/\/dev.explora.cl\/araucania\/la-busqueda-de-microorganismos-para-reforestar-la-araucania\/#breadcrumb\",\"itemListElement\":[{\"@type\":\"ListItem\",\"position\":1,\"name\":\"Portada\",\"item\":\"https:\/\/dev.explora.cl\/araucania\/\"},{\"@type\":\"ListItem\",\"position\":2,\"name\":\"La b\u00fasqueda de microorganismos para reforestar La Araucan\u00eda\"}]},{\"@type\":\"WebSite\",\"@id\":\"https:\/\/dev.explora.cl\/araucania\/#website\",\"url\":\"https:\/\/dev.explora.cl\/araucania\/\",\"name\":\"Araucan\u00eda\",\"description\":\"Otro sitio m\u00e1s de dev.explora.cl\",\"potentialAction\":[{\"@type\":\"SearchAction\",\"target\":{\"@type\":\"EntryPoint\",\"urlTemplate\":\"https:\/\/dev.explora.cl\/araucania\/?s={search_term_string}\"},\"query-input\":{\"@type\":\"PropertyValueSpecification\",\"valueRequired\":true,\"valueName\":\"search_term_string\"}}],\"inLanguage\":\"es-CL\"},{\"@type\":\"Person\",\"@id\":\"https:\/\/dev.explora.cl\/araucania\/#\/schema\/person\/00430756cbdfde141b9130e2529f043a\",\"name\":\"christianbor\",\"image\":{\"@type\":\"ImageObject\",\"inLanguage\":\"es-CL\",\"@id\":\"https:\/\/dev.explora.cl\/araucania\/#\/schema\/person\/image\/\",\"url\":\"https:\/\/secure.gravatar.com\/avatar\/268ed01e65a7aae7fae23a8237e9319f40c568070f8a3ce327804b208cd23a19?s=96&d=mm&r=g\",\"contentUrl\":\"https:\/\/secure.gravatar.com\/avatar\/268ed01e65a7aae7fae23a8237e9319f40c568070f8a3ce327804b208cd23a19?s=96&d=mm&r=g\",\"caption\":\"christianbor\"},\"url\":\"https:\/\/dev.explora.cl\/araucania\/author\/christianbor\/\"}]}<\/script>\n<!-- \/ Yoast SEO plugin. -->","yoast_head_json":{"title":"La b\u00fasqueda de microorganismos para reforestar La Araucan\u00eda - Araucan\u00eda","robots":{"index":"index","follow":"follow","max-snippet":"max-snippet:-1","max-image-preview":"max-image-preview:large","max-video-preview":"max-video-preview:-1"},"canonical":"https:\/\/dev.explora.cl\/araucania\/la-busqueda-de-microorganismos-para-reforestar-la-araucania\/","og_locale":"es_ES","og_type":"article","og_title":"La b\u00fasqueda de microorganismos para reforestar La Araucan\u00eda - Araucan\u00eda","og_description":"Desde hace dos a\u00f1os, Claudia Rabert junto a su equipo se volcaron a estudiar el comportamiento de la microbiota de los bosques nativos de La Araucan\u00eda, despu\u00e9s del paso de un incendio. \u00bfQu\u00e9 sucede con hongos y bacterias, y qu\u00e9 incidencia podr\u00edan tener en un proceso de reforestaci\u00f3n?","og_url":"https:\/\/dev.explora.cl\/araucania\/la-busqueda-de-microorganismos-para-reforestar-la-araucania\/","og_site_name":"Araucan\u00eda","article_published_time":"2019-08-29T19:25:06+00:00","article_modified_time":"2020-01-03T16:53:10+00:00","og_image":[{"width":1024,"height":614,"url":"https:\/\/dev.explora.cl\/araucania\/wp-content\/uploads\/sites\/15\/2019\/08\/Reforestacion_III_OK-1024x614.png","type":"image\/png"}],"author":"christianbor","twitter_card":"summary_large_image","twitter_misc":{"Escrito por":"christianbor","Tiempo estimado de lectura":"5 minutos"},"schema":{"@context":"https:\/\/schema.org","@graph":[{"@type":"Article","@id":"https:\/\/dev.explora.cl\/araucania\/la-busqueda-de-microorganismos-para-reforestar-la-araucania\/#article","isPartOf":{"@id":"https:\/\/dev.explora.cl\/araucania\/la-busqueda-de-microorganismos-para-reforestar-la-araucania\/"},"author":{"name":"christianbor","@id":"https:\/\/dev.explora.cl\/araucania\/#\/schema\/person\/00430756cbdfde141b9130e2529f043a"},"headline":"La b\u00fasqueda de microorganismos para reforestar La Araucan\u00eda","datePublished":"2019-08-29T19:25:06+00:00","dateModified":"2020-01-03T16:53:10+00:00","mainEntityOfPage":{"@id":"https:\/\/dev.explora.cl\/araucania\/la-busqueda-de-microorganismos-para-reforestar-la-araucania\/"},"wordCount":1040,"commentCount":0,"image":{"@id":"https:\/\/dev.explora.cl\/araucania\/la-busqueda-de-microorganismos-para-reforestar-la-araucania\/#primaryimage"},"thumbnailUrl":"https:\/\/dev.explora.cl\/araucania\/wp-content\/uploads\/sites\/15\/2019\/08\/Reforestacion_III_OK.png","keywords":["Ant\u00e1rtica","bosque","cambio clim\u00e1tico","Claudia Rabert","incendios forestales","PAR Explora La Araucan\u00eda+","Reforestaci\u00f3n","Universidad Aut\u00f3noma de Chile","Universidad de La Frontera"],"articleSection":["Lugar 8","Noticias"],"inLanguage":"es-CL","potentialAction":[{"@type":"CommentAction","name":"Comment","target":["https:\/\/dev.explora.cl\/araucania\/la-busqueda-de-microorganismos-para-reforestar-la-araucania\/#respond"]}]},{"@type":"WebPage","@id":"https:\/\/dev.explora.cl\/araucania\/la-busqueda-de-microorganismos-para-reforestar-la-araucania\/","url":"https:\/\/dev.explora.cl\/araucania\/la-busqueda-de-microorganismos-para-reforestar-la-araucania\/","name":"La b\u00fasqueda de microorganismos para reforestar La Araucan\u00eda - Araucan\u00eda","isPartOf":{"@id":"https:\/\/dev.explora.cl\/araucania\/#website"},"primaryImageOfPage":{"@id":"https:\/\/dev.explora.cl\/araucania\/la-busqueda-de-microorganismos-para-reforestar-la-araucania\/#primaryimage"},"image":{"@id":"https:\/\/dev.explora.cl\/araucania\/la-busqueda-de-microorganismos-para-reforestar-la-araucania\/#primaryimage"},"thumbnailUrl":"https:\/\/dev.explora.cl\/araucania\/wp-content\/uploads\/sites\/15\/2019\/08\/Reforestacion_III_OK.png","datePublished":"2019-08-29T19:25:06+00:00","dateModified":"2020-01-03T16:53:10+00:00","author":{"@id":"https:\/\/dev.explora.cl\/araucania\/#\/schema\/person\/00430756cbdfde141b9130e2529f043a"},"breadcrumb":{"@id":"https:\/\/dev.explora.cl\/araucania\/la-busqueda-de-microorganismos-para-reforestar-la-araucania\/#breadcrumb"},"inLanguage":"es-CL","potentialAction":[{"@type":"ReadAction","target":["https:\/\/dev.explora.cl\/araucania\/la-busqueda-de-microorganismos-para-reforestar-la-araucania\/"]}]},{"@type":"ImageObject","inLanguage":"es-CL","@id":"https:\/\/dev.explora.cl\/araucania\/la-busqueda-de-microorganismos-para-reforestar-la-araucania\/#primaryimage","url":"https:\/\/dev.explora.cl\/araucania\/wp-content\/uploads\/sites\/15\/2019\/08\/Reforestacion_III_OK.png","contentUrl":"https:\/\/dev.explora.cl\/araucania\/wp-content\/uploads\/sites\/15\/2019\/08\/Reforestacion_III_OK.png","width":2560,"height":1536},{"@type":"BreadcrumbList","@id":"https:\/\/dev.explora.cl\/araucania\/la-busqueda-de-microorganismos-para-reforestar-la-araucania\/#breadcrumb","itemListElement":[{"@type":"ListItem","position":1,"name":"Portada","item":"https:\/\/dev.explora.cl\/araucania\/"},{"@type":"ListItem","position":2,"name":"La b\u00fasqueda de microorganismos para reforestar La Araucan\u00eda"}]},{"@type":"WebSite","@id":"https:\/\/dev.explora.cl\/araucania\/#website","url":"https:\/\/dev.explora.cl\/araucania\/","name":"Araucan\u00eda","description":"Otro sitio m\u00e1s de dev.explora.cl","potentialAction":[{"@type":"SearchAction","target":{"@type":"EntryPoint","urlTemplate":"https:\/\/dev.explora.cl\/araucania\/?s={search_term_string}"},"query-input":{"@type":"PropertyValueSpecification","valueRequired":true,"valueName":"search_term_string"}}],"inLanguage":"es-CL"},{"@type":"Person","@id":"https:\/\/dev.explora.cl\/araucania\/#\/schema\/person\/00430756cbdfde141b9130e2529f043a","name":"christianbor","image":{"@type":"ImageObject","inLanguage":"es-CL","@id":"https:\/\/dev.explora.cl\/araucania\/#\/schema\/person\/image\/","url":"https:\/\/secure.gravatar.com\/avatar\/268ed01e65a7aae7fae23a8237e9319f40c568070f8a3ce327804b208cd23a19?s=96&d=mm&r=g","contentUrl":"https:\/\/secure.gravatar.com\/avatar\/268ed01e65a7aae7fae23a8237e9319f40c568070f8a3ce327804b208cd23a19?s=96&d=mm&r=g","caption":"christianbor"},"url":"https:\/\/dev.explora.cl\/araucania\/author\/christianbor\/"}]}},"_links":{"self":[{"href":"https:\/\/dev.explora.cl\/araucania\/wp-json\/wp\/v2\/posts\/39155","targetHints":{"allow":["GET"]}}],"collection":[{"href":"https:\/\/dev.explora.cl\/araucania\/wp-json\/wp\/v2\/posts"}],"about":[{"href":"https:\/\/dev.explora.cl\/araucania\/wp-json\/wp\/v2\/types\/post"}],"author":[{"embeddable":true,"href":"https:\/\/dev.explora.cl\/araucania\/wp-json\/wp\/v2\/users\/29"}],"replies":[{"embeddable":true,"href":"https:\/\/dev.explora.cl\/araucania\/wp-json\/wp\/v2\/comments?post=39155"}],"version-history":[{"count":9,"href":"https:\/\/dev.explora.cl\/araucania\/wp-json\/wp\/v2\/posts\/39155\/revisions"}],"predecessor-version":[{"id":39448,"href":"https:\/\/dev.explora.cl\/araucania\/wp-json\/wp\/v2\/posts\/39155\/revisions\/39448"}],"wp:featuredmedia":[{"embeddable":true,"href":"https:\/\/dev.explora.cl\/araucania\/wp-json\/wp\/v2\/media\/39158"}],"wp:attachment":[{"href":"https:\/\/dev.explora.cl\/araucania\/wp-json\/wp\/v2\/media?parent=39155"}],"wp:term":[{"taxonomy":"category","embeddable":true,"href":"https:\/\/dev.explora.cl\/araucania\/wp-json\/wp\/v2\/categories?post=39155"},{"taxonomy":"post_tag","embeddable":true,"href":"https:\/\/dev.explora.cl\/araucania\/wp-json\/wp\/v2\/tags?post=39155"}],"curies":[{"name":"wp","href":"https:\/\/api.w.org\/{rel}","templated":true}]}}