{"id":39015,"date":"2019-08-01T15:11:58","date_gmt":"2019-08-01T19:11:58","guid":{"rendered":"https:\/\/dev.explora.cl\/araucania\/?p=39015"},"modified":"2020-01-28T13:11:31","modified_gmt":"2020-01-28T16:11:31","slug":"escolares-y-cientifics-registran-comportamiento-de-fauna-silvestre","status":"publish","type":"post","link":"https:\/\/dev.explora.cl\/araucania\/escolares-y-cientifics-registran-comportamiento-de-fauna-silvestre\/","title":{"rendered":"Escolares y cient\u00edfic@s registran comportamiento de fauna silvestre"},"content":{"rendered":"<p><iframe loading=\"lazy\" src=\"https:\/\/www.youtube.com\/embed\/J8QNUX9iMOs\" width=\"560\" height=\"315\" frameborder=\"0\" allowfullscreen=\"allowfullscreen\"><\/iframe><\/p>\n<p>&nbsp;<\/p>\n<p>Si no puedes reproducir el video<strong>, haz clic <a href=\"https:\/\/youtu.be\/J8QNUX9iMOs\">AQU\u00cd<\/a>.<\/strong><\/p>\n","protected":false},"excerpt":{"rendered":"<p>Est\u00e1n entre nosotros y no los vemos. El trabajo liderado por el investigador del Centro UC Desarrollo Local, Nicol\u00e1s G\u00e1lvez y su equipo integra el trabajo con estudiantes para la instalaci\u00f3n de c\u00e1maras trampa, en la zona andina de La Araucan\u00eda y parte de la Regi\u00f3n de los R\u00edos.<\/p>\n","protected":false},"author":29,"featured_media":39017,"comment_status":"open","ping_status":"open","sticky":false,"template":"","format":"standard","meta":{"_acf_changed":false,"_exactmetrics_skip_tracking":false,"_exactmetrics_sitenote_active":false,"_exactmetrics_sitenote_note":"","_exactmetrics_sitenote_category":0,"footnotes":"","_links_to":"","_links_to_target":""},"categories":[4,6],"tags":[264,262,241,26,23,265,261,185,263],"class_list":["post-39015","post","type-post","status-publish","format-standard","has-post-thumbnail","hentry","category-noticias","category-video","tag-camaras-trampa","tag-campus-uc-villarrica","tag-centro-uc-desarrollo-local","tag-conicyt","tag-explora","tag-fauna","tag-nicolas-galvez","tag-par-explora-la-araucania","tag-reportaje-explora-conicyt"],"acf":[],"yoast_head":"<!-- This site is optimized with the Yoast SEO plugin v26.7 - https:\/\/yoast.com\/wordpress\/plugins\/seo\/ -->\n<title>Escolares y cient\u00edfic@s registran comportamiento de fauna silvestre - Araucan\u00eda<\/title>\n<meta name=\"robots\" content=\"index, follow, max-snippet:-1, max-image-preview:large, max-video-preview:-1\" \/>\n<link rel=\"canonical\" href=\"https:\/\/dev.explora.cl\/araucania\/escolares-y-cientifics-registran-comportamiento-de-fauna-silvestre\/\" class=\"yoast-seo-meta-tag\" \/>\n<meta property=\"og:locale\" content=\"es_ES\" class=\"yoast-seo-meta-tag\" \/>\n<meta property=\"og:type\" content=\"article\" class=\"yoast-seo-meta-tag\" \/>\n<meta property=\"og:title\" content=\"Escolares y cient\u00edfic@s registran comportamiento de fauna silvestre - Araucan\u00eda\" class=\"yoast-seo-meta-tag\" \/>\n<meta property=\"og:description\" content=\"Est\u00e1n entre nosotros y no los vemos. El trabajo liderado por el investigador del Centro UC Desarrollo Local, Nicol\u00e1s G\u00e1lvez y su equipo integra el trabajo con estudiantes para la instalaci\u00f3n de c\u00e1maras trampa, en la zona andina de La Araucan\u00eda y parte de la Regi\u00f3n de los R\u00edos.\" class=\"yoast-seo-meta-tag\" \/>\n<meta property=\"og:url\" content=\"https:\/\/dev.explora.cl\/araucania\/escolares-y-cientifics-registran-comportamiento-de-fauna-silvestre\/\" class=\"yoast-seo-meta-tag\" \/>\n<meta property=\"og:site_name\" content=\"Araucan\u00eda\" class=\"yoast-seo-meta-tag\" \/>\n<meta property=\"article:published_time\" content=\"2019-08-01T19:11:58+00:00\" class=\"yoast-seo-meta-tag\" \/>\n<meta property=\"article:modified_time\" content=\"2020-01-28T16:11:31+00:00\" class=\"yoast-seo-meta-tag\" \/>\n<meta property=\"og:image\" content=\"https:\/\/dev.explora.cl\/araucania\/wp-content\/uploads\/sites\/15\/2019\/08\/Portada-Reportaje-Camaras-Trampa.png\" class=\"yoast-seo-meta-tag\" \/>\n\t<meta property=\"og:image:width\" content=\"1100\" class=\"yoast-seo-meta-tag\" \/>\n\t<meta property=\"og:image:height\" content=\"688\" class=\"yoast-seo-meta-tag\" \/>\n\t<meta property=\"og:image:type\" content=\"image\/png\" class=\"yoast-seo-meta-tag\" \/>\n<meta name=\"author\" content=\"christianbor\" class=\"yoast-seo-meta-tag\" \/>\n<meta name=\"twitter:card\" content=\"summary_large_image\" class=\"yoast-seo-meta-tag\" \/>\n<meta name=\"twitter:label1\" content=\"Escrito por\" class=\"yoast-seo-meta-tag\" \/>\n\t<meta name=\"twitter:data1\" content=\"christianbor\" class=\"yoast-seo-meta-tag\" \/>\n<script type=\"application\/ld+json\" class=\"yoast-schema-graph\">{\"@context\":\"https:\/\/schema.org\",\"@graph\":[{\"@type\":\"Article\",\"@id\":\"https:\/\/dev.explora.cl\/araucania\/escolares-y-cientifics-registran-comportamiento-de-fauna-silvestre\/#article\",\"isPartOf\":{\"@id\":\"https:\/\/dev.explora.cl\/araucania\/escolares-y-cientifics-registran-comportamiento-de-fauna-silvestre\/\"},\"author\":{\"name\":\"christianbor\",\"@id\":\"https:\/\/dev.explora.cl\/araucania\/#\/schema\/person\/00430756cbdfde141b9130e2529f043a\"},\"headline\":\"Escolares y cient\u00edfic@s registran comportamiento de fauna silvestre\",\"datePublished\":\"2019-08-01T19:11:58+00:00\",\"dateModified\":\"2020-01-28T16:11:31+00:00\",\"mainEntityOfPage\":{\"@id\":\"https:\/\/dev.explora.cl\/araucania\/escolares-y-cientifics-registran-comportamiento-de-fauna-silvestre\/\"},\"wordCount\":20,\"commentCount\":0,\"image\":{\"@id\":\"https:\/\/dev.explora.cl\/araucania\/escolares-y-cientifics-registran-comportamiento-de-fauna-silvestre\/#primaryimage\"},\"thumbnailUrl\":\"https:\/\/dev.explora.cl\/araucania\/wp-content\/uploads\/sites\/15\/2019\/08\/Portada-Reportaje-Camaras-Trampa.png\",\"keywords\":[\"C\u00e1maras trampa\",\"Campus UC Villarrica\",\"Centro UC Desarrollo Local\",\"Conicyt\",\"EXPLORA\",\"fauna\",\"Nicol\u00e1s G\u00e1lvez\",\"PAR Explora La Araucan\u00eda+\",\"Reportaje Explora Conicyt\"],\"articleSection\":[\"Noticias\",\"Video\"],\"inLanguage\":\"es-CL\",\"potentialAction\":[{\"@type\":\"CommentAction\",\"name\":\"Comment\",\"target\":[\"https:\/\/dev.explora.cl\/araucania\/escolares-y-cientifics-registran-comportamiento-de-fauna-silvestre\/#respond\"]}]},{\"@type\":\"WebPage\",\"@id\":\"https:\/\/dev.explora.cl\/araucania\/escolares-y-cientifics-registran-comportamiento-de-fauna-silvestre\/\",\"url\":\"https:\/\/dev.explora.cl\/araucania\/escolares-y-cientifics-registran-comportamiento-de-fauna-silvestre\/\",\"name\":\"Escolares y cient\u00edfic@s registran comportamiento de fauna silvestre - Araucan\u00eda\",\"isPartOf\":{\"@id\":\"https:\/\/dev.explora.cl\/araucania\/#website\"},\"primaryImageOfPage\":{\"@id\":\"https:\/\/dev.explora.cl\/araucania\/escolares-y-cientifics-registran-comportamiento-de-fauna-silvestre\/#primaryimage\"},\"image\":{\"@id\":\"https:\/\/dev.explora.cl\/araucania\/escolares-y-cientifics-registran-comportamiento-de-fauna-silvestre\/#primaryimage\"},\"thumbnailUrl\":\"https:\/\/dev.explora.cl\/araucania\/wp-content\/uploads\/sites\/15\/2019\/08\/Portada-Reportaje-Camaras-Trampa.png\",\"datePublished\":\"2019-08-01T19:11:58+00:00\",\"dateModified\":\"2020-01-28T16:11:31+00:00\",\"author\":{\"@id\":\"https:\/\/dev.explora.cl\/araucania\/#\/schema\/person\/00430756cbdfde141b9130e2529f043a\"},\"breadcrumb\":{\"@id\":\"https:\/\/dev.explora.cl\/araucania\/escolares-y-cientifics-registran-comportamiento-de-fauna-silvestre\/#breadcrumb\"},\"inLanguage\":\"es-CL\",\"potentialAction\":[{\"@type\":\"ReadAction\",\"target\":[\"https:\/\/dev.explora.cl\/araucania\/escolares-y-cientifics-registran-comportamiento-de-fauna-silvestre\/\"]}]},{\"@type\":\"ImageObject\",\"inLanguage\":\"es-CL\",\"@id\":\"https:\/\/dev.explora.cl\/araucania\/escolares-y-cientifics-registran-comportamiento-de-fauna-silvestre\/#primaryimage\",\"url\":\"https:\/\/dev.explora.cl\/araucania\/wp-content\/uploads\/sites\/15\/2019\/08\/Portada-Reportaje-Camaras-Trampa.png\",\"contentUrl\":\"https:\/\/dev.explora.cl\/araucania\/wp-content\/uploads\/sites\/15\/2019\/08\/Portada-Reportaje-Camaras-Trampa.png\",\"width\":1100,\"height\":688,\"caption\":\"Ni\u00f1as, ni\u00f1os, profesora miran c\u00e1mara de cient\u00edfico\"},{\"@type\":\"BreadcrumbList\",\"@id\":\"https:\/\/dev.explora.cl\/araucania\/escolares-y-cientifics-registran-comportamiento-de-fauna-silvestre\/#breadcrumb\",\"itemListElement\":[{\"@type\":\"ListItem\",\"position\":1,\"name\":\"Portada\",\"item\":\"https:\/\/dev.explora.cl\/araucania\/\"},{\"@type\":\"ListItem\",\"position\":2,\"name\":\"Escolares y cient\u00edfic@s registran comportamiento de fauna silvestre\"}]},{\"@type\":\"WebSite\",\"@id\":\"https:\/\/dev.explora.cl\/araucania\/#website\",\"url\":\"https:\/\/dev.explora.cl\/araucania\/\",\"name\":\"Araucan\u00eda\",\"description\":\"Otro sitio m\u00e1s de dev.explora.cl\",\"potentialAction\":[{\"@type\":\"SearchAction\",\"target\":{\"@type\":\"EntryPoint\",\"urlTemplate\":\"https:\/\/dev.explora.cl\/araucania\/?s={search_term_string}\"},\"query-input\":{\"@type\":\"PropertyValueSpecification\",\"valueRequired\":true,\"valueName\":\"search_term_string\"}}],\"inLanguage\":\"es-CL\"},{\"@type\":\"Person\",\"@id\":\"https:\/\/dev.explora.cl\/araucania\/#\/schema\/person\/00430756cbdfde141b9130e2529f043a\",\"name\":\"christianbor\",\"image\":{\"@type\":\"ImageObject\",\"inLanguage\":\"es-CL\",\"@id\":\"https:\/\/dev.explora.cl\/araucania\/#\/schema\/person\/image\/\",\"url\":\"https:\/\/secure.gravatar.com\/avatar\/268ed01e65a7aae7fae23a8237e9319f40c568070f8a3ce327804b208cd23a19?s=96&d=mm&r=g\",\"contentUrl\":\"https:\/\/secure.gravatar.com\/avatar\/268ed01e65a7aae7fae23a8237e9319f40c568070f8a3ce327804b208cd23a19?s=96&d=mm&r=g\",\"caption\":\"christianbor\"},\"url\":\"https:\/\/dev.explora.cl\/araucania\/author\/christianbor\/\"}]}<\/script>\n<!-- \/ Yoast SEO plugin. -->","yoast_head_json":{"title":"Escolares y cient\u00edfic@s registran comportamiento de fauna silvestre - Araucan\u00eda","robots":{"index":"index","follow":"follow","max-snippet":"max-snippet:-1","max-image-preview":"max-image-preview:large","max-video-preview":"max-video-preview:-1"},"canonical":"https:\/\/dev.explora.cl\/araucania\/escolares-y-cientifics-registran-comportamiento-de-fauna-silvestre\/","og_locale":"es_ES","og_type":"article","og_title":"Escolares y cient\u00edfic@s registran comportamiento de fauna silvestre - Araucan\u00eda","og_description":"Est\u00e1n entre nosotros y no los vemos. El trabajo liderado por el investigador del Centro UC Desarrollo Local, Nicol\u00e1s G\u00e1lvez y su equipo integra el trabajo con estudiantes para la instalaci\u00f3n de c\u00e1maras trampa, en la zona andina de La Araucan\u00eda y parte de la Regi\u00f3n de los R\u00edos.","og_url":"https:\/\/dev.explora.cl\/araucania\/escolares-y-cientifics-registran-comportamiento-de-fauna-silvestre\/","og_site_name":"Araucan\u00eda","article_published_time":"2019-08-01T19:11:58+00:00","article_modified_time":"2020-01-28T16:11:31+00:00","og_image":[{"width":1100,"height":688,"url":"https:\/\/dev.explora.cl\/araucania\/wp-content\/uploads\/sites\/15\/2019\/08\/Portada-Reportaje-Camaras-Trampa.png","type":"image\/png"}],"author":"christianbor","twitter_card":"summary_large_image","twitter_misc":{"Escrito por":"christianbor"},"schema":{"@context":"https:\/\/schema.org","@graph":[{"@type":"Article","@id":"https:\/\/dev.explora.cl\/araucania\/escolares-y-cientifics-registran-comportamiento-de-fauna-silvestre\/#article","isPartOf":{"@id":"https:\/\/dev.explora.cl\/araucania\/escolares-y-cientifics-registran-comportamiento-de-fauna-silvestre\/"},"author":{"name":"christianbor","@id":"https:\/\/dev.explora.cl\/araucania\/#\/schema\/person\/00430756cbdfde141b9130e2529f043a"},"headline":"Escolares y cient\u00edfic@s registran comportamiento de fauna silvestre","datePublished":"2019-08-01T19:11:58+00:00","dateModified":"2020-01-28T16:11:31+00:00","mainEntityOfPage":{"@id":"https:\/\/dev.explora.cl\/araucania\/escolares-y-cientifics-registran-comportamiento-de-fauna-silvestre\/"},"wordCount":20,"commentCount":0,"image":{"@id":"https:\/\/dev.explora.cl\/araucania\/escolares-y-cientifics-registran-comportamiento-de-fauna-silvestre\/#primaryimage"},"thumbnailUrl":"https:\/\/dev.explora.cl\/araucania\/wp-content\/uploads\/sites\/15\/2019\/08\/Portada-Reportaje-Camaras-Trampa.png","keywords":["C\u00e1maras trampa","Campus UC Villarrica","Centro UC Desarrollo Local","Conicyt","EXPLORA","fauna","Nicol\u00e1s G\u00e1lvez","PAR Explora La Araucan\u00eda+","Reportaje Explora Conicyt"],"articleSection":["Noticias","Video"],"inLanguage":"es-CL","potentialAction":[{"@type":"CommentAction","name":"Comment","target":["https:\/\/dev.explora.cl\/araucania\/escolares-y-cientifics-registran-comportamiento-de-fauna-silvestre\/#respond"]}]},{"@type":"WebPage","@id":"https:\/\/dev.explora.cl\/araucania\/escolares-y-cientifics-registran-comportamiento-de-fauna-silvestre\/","url":"https:\/\/dev.explora.cl\/araucania\/escolares-y-cientifics-registran-comportamiento-de-fauna-silvestre\/","name":"Escolares y cient\u00edfic@s registran comportamiento de fauna silvestre - Araucan\u00eda","isPartOf":{"@id":"https:\/\/dev.explora.cl\/araucania\/#website"},"primaryImageOfPage":{"@id":"https:\/\/dev.explora.cl\/araucania\/escolares-y-cientifics-registran-comportamiento-de-fauna-silvestre\/#primaryimage"},"image":{"@id":"https:\/\/dev.explora.cl\/araucania\/escolares-y-cientifics-registran-comportamiento-de-fauna-silvestre\/#primaryimage"},"thumbnailUrl":"https:\/\/dev.explora.cl\/araucania\/wp-content\/uploads\/sites\/15\/2019\/08\/Portada-Reportaje-Camaras-Trampa.png","datePublished":"2019-08-01T19:11:58+00:00","dateModified":"2020-01-28T16:11:31+00:00","author":{"@id":"https:\/\/dev.explora.cl\/araucania\/#\/schema\/person\/00430756cbdfde141b9130e2529f043a"},"breadcrumb":{"@id":"https:\/\/dev.explora.cl\/araucania\/escolares-y-cientifics-registran-comportamiento-de-fauna-silvestre\/#breadcrumb"},"inLanguage":"es-CL","potentialAction":[{"@type":"ReadAction","target":["https:\/\/dev.explora.cl\/araucania\/escolares-y-cientifics-registran-comportamiento-de-fauna-silvestre\/"]}]},{"@type":"ImageObject","inLanguage":"es-CL","@id":"https:\/\/dev.explora.cl\/araucania\/escolares-y-cientifics-registran-comportamiento-de-fauna-silvestre\/#primaryimage","url":"https:\/\/dev.explora.cl\/araucania\/wp-content\/uploads\/sites\/15\/2019\/08\/Portada-Reportaje-Camaras-Trampa.png","contentUrl":"https:\/\/dev.explora.cl\/araucania\/wp-content\/uploads\/sites\/15\/2019\/08\/Portada-Reportaje-Camaras-Trampa.png","width":1100,"height":688,"caption":"Ni\u00f1as, ni\u00f1os, profesora miran c\u00e1mara de cient\u00edfico"},{"@type":"BreadcrumbList","@id":"https:\/\/dev.explora.cl\/araucania\/escolares-y-cientifics-registran-comportamiento-de-fauna-silvestre\/#breadcrumb","itemListElement":[{"@type":"ListItem","position":1,"name":"Portada","item":"https:\/\/dev.explora.cl\/araucania\/"},{"@type":"ListItem","position":2,"name":"Escolares y cient\u00edfic@s registran comportamiento de fauna silvestre"}]},{"@type":"WebSite","@id":"https:\/\/dev.explora.cl\/araucania\/#website","url":"https:\/\/dev.explora.cl\/araucania\/","name":"Araucan\u00eda","description":"Otro sitio m\u00e1s de dev.explora.cl","potentialAction":[{"@type":"SearchAction","target":{"@type":"EntryPoint","urlTemplate":"https:\/\/dev.explora.cl\/araucania\/?s={search_term_string}"},"query-input":{"@type":"PropertyValueSpecification","valueRequired":true,"valueName":"search_term_string"}}],"inLanguage":"es-CL"},{"@type":"Person","@id":"https:\/\/dev.explora.cl\/araucania\/#\/schema\/person\/00430756cbdfde141b9130e2529f043a","name":"christianbor","image":{"@type":"ImageObject","inLanguage":"es-CL","@id":"https:\/\/dev.explora.cl\/araucania\/#\/schema\/person\/image\/","url":"https:\/\/secure.gravatar.com\/avatar\/268ed01e65a7aae7fae23a8237e9319f40c568070f8a3ce327804b208cd23a19?s=96&d=mm&r=g","contentUrl":"https:\/\/secure.gravatar.com\/avatar\/268ed01e65a7aae7fae23a8237e9319f40c568070f8a3ce327804b208cd23a19?s=96&d=mm&r=g","caption":"christianbor"},"url":"https:\/\/dev.explora.cl\/araucania\/author\/christianbor\/"}]}},"_links":{"self":[{"href":"https:\/\/dev.explora.cl\/araucania\/wp-json\/wp\/v2\/posts\/39015","targetHints":{"allow":["GET"]}}],"collection":[{"href":"https:\/\/dev.explora.cl\/araucania\/wp-json\/wp\/v2\/posts"}],"about":[{"href":"https:\/\/dev.explora.cl\/araucania\/wp-json\/wp\/v2\/types\/post"}],"author":[{"embeddable":true,"href":"https:\/\/dev.explora.cl\/araucania\/wp-json\/wp\/v2\/users\/29"}],"replies":[{"embeddable":true,"href":"https:\/\/dev.explora.cl\/araucania\/wp-json\/wp\/v2\/comments?post=39015"}],"version-history":[{"count":17,"href":"https:\/\/dev.explora.cl\/araucania\/wp-json\/wp\/v2\/posts\/39015\/revisions"}],"predecessor-version":[{"id":39495,"href":"https:\/\/dev.explora.cl\/araucania\/wp-json\/wp\/v2\/posts\/39015\/revisions\/39495"}],"wp:featuredmedia":[{"embeddable":true,"href":"https:\/\/dev.explora.cl\/araucania\/wp-json\/wp\/v2\/media\/39017"}],"wp:attachment":[{"href":"https:\/\/dev.explora.cl\/araucania\/wp-json\/wp\/v2\/media?parent=39015"}],"wp:term":[{"taxonomy":"category","embeddable":true,"href":"https:\/\/dev.explora.cl\/araucania\/wp-json\/wp\/v2\/categories?post=39015"},{"taxonomy":"post_tag","embeddable":true,"href":"https:\/\/dev.explora.cl\/araucania\/wp-json\/wp\/v2\/tags?post=39015"}],"curies":[{"name":"wp","href":"https:\/\/api.w.org\/{rel}","templated":true}]}}