{"id":38957,"date":"2019-07-17T17:35:27","date_gmt":"2019-07-17T21:35:27","guid":{"rendered":"https:\/\/dev.explora.cl\/araucania\/?p=38957"},"modified":"2019-08-09T16:21:04","modified_gmt":"2019-08-09T20:21:04","slug":"salidapedagogica","status":"publish","type":"post","link":"https:\/\/dev.explora.cl\/araucania\/salidapedagogica\/","title":{"rendered":"Salidas Pedag\u00f3gicas: &#8220;El Bosque como Experiencia Educativa&#8221;"},"content":{"rendered":"<p>[vc_row][vc_column width=&#8221;2\/3&#8243;][vc_column_text]<\/p>\n<div class=\"page\" title=\"Page 1\">\n<div class=\"layoutArea\">\n<div class=\"column\">\n<p>El programa de Salidas Pedag\u00f3gicas: \u201cEl Bosque como Experiencia Educativa\u201d es una invitaci\u00f3n a delegaciones de estudiantes entre quinto b\u00e1sico y segundo medio a vivenciar un circuito formativo en el bosque templado lluvioso de la Regi\u00f3n de La Araucan\u00eda. La iniciativa est\u00e1 orientada a estimular la educaci\u00f3n ambiental al aire libre.<\/p>\n<p>Los docentes seleccionados participar\u00e1n de una capacitaci\u00f3n que los habilitar\u00e1 como facilitadores del aprendizaje de sus estudiantes en el circuito formativo experiencial y, de esta manera, codise\u00f1ar e implementar las experienciales del circuito.<\/p>\n<\/div>\n<\/div>\n<\/div>\n<p>[\/vc_column_text][\/vc_column][vc_column width=&#8221;1\/3&#8243;][vc_single_image image=&#8221;38960&#8243; img_size=&#8221;full&#8221; css=&#8221;.vc_custom_1562948722415{margin-bottom: 0px !important;border-bottom-width: 0px !important;padding-bottom: 0px !important;}&#8221;][\/vc_column][\/vc_row][vc_row][vc_column width=&#8221;1\/3&#8243;][vc_btn title=&#8221;Bases Salida Pedag\u00f3gica &#8221; style=&#8221;custom&#8221; custom_background=&#8221;#009655&#8243; custom_text=&#8221;#ffffff&#8221; link=&#8221;url:https%3A%2F%2Fdev.explora.cl%2Faraucania%2Fwp-content%2Fuploads%2Fsites%2F15%2F2019%2F07%2FBases-salidas-peda%CC%81gogicas_El-bosque-como-experiencia-educativa.pdf||target:%20_blank|&#8221;][\/vc_column][vc_column width=&#8221;1\/3&#8243;][vc_btn title=&#8221;Resultados Postulaciones Salida Pedag\u00f3gica&#8221; style=&#8221;custom&#8221; custom_background=&#8221;#009655&#8243; custom_text=&#8221;#ffffff&#8221; link=&#8221;url:https%3A%2F%2Fdev.explora.cl%2Faraucania%2Fwp-content%2Fuploads%2Fsites%2F15%2F2019%2F08%2FResultados-Salidas-Pedago%CC%81gicas-El-Bosque-Experiencia-Educativa_PAR-Explora-La-Araucani%CC%81a.pdf||target:%20_blank|&#8221;][\/vc_column][\/vc_row][vc_row][vc_column][vc_separator][\/vc_column][\/vc_row][vc_row][vc_column][vc_column_text]<strong>\u00bfQuienes pueden postular?<\/strong><\/p>\n<p>Dos docentes por establecimiento junto a un grupo de estudiantes entre quinto b\u00e1sico y segundo medio, pertenecientes a establecimientos educacionales municipales, subvencionados o particulares de la Regi\u00f3n de la Araucan\u00eda.[\/vc_column_text][vc_separator][vc_column_text]<strong>Fechas importantes<br \/>\n<\/strong><\/p>\n<p>Inicio de postulaci\u00f3n: 17 de julio.<\/p>\n<p>Cierre de postulaci\u00f3n: 6 de agosto.<\/p>\n<p>Publicaci\u00f3n de adjudicaci\u00f3n: 8 de agosto.[\/vc_column_text][vc_separator][vc_column_text]<strong>Contacto y preguntas<br \/>\n<\/strong><\/p>\n<p>explora.araucania@uc.cl[\/vc_column_text][\/vc_column][\/vc_row]<\/p>\n","protected":false},"excerpt":{"rendered":"<p>El programa de Salidas Pedag\u00f3gicas: \u201cEl Bosque como Experiencia Educativa\u201d es una invitaci\u00f3n a delegaciones de estudiantes entre quinto b\u00e1sico y segundo medio a vivenciar un circuito formativo en el bosque templado lluvioso de la Regi\u00f3n de La Araucan\u00eda. La iniciativa est\u00e1 orientada a estimular la educaci\u00f3n ambiental al aire libre.<\/p>\n","protected":false},"author":29,"featured_media":38960,"comment_status":"closed","ping_status":"open","sticky":false,"template":"","format":"standard","meta":{"_acf_changed":false,"_exactmetrics_skip_tracking":false,"_exactmetrics_sitenote_active":false,"_exactmetrics_sitenote_note":"","_exactmetrics_sitenote_category":0,"footnotes":"","_links_to":"","_links_to_target":""},"categories":[151,1],"tags":[235,218,26,198,238,23,234,233,232,237,236],"class_list":["post-38957","post","type-post","status-publish","format-standard","has-post-thumbnail","hentry","category-banner","category-sin-categoria","tag-bosque","tag-ciencias","tag-conicyt","tag-docentes","tag-educacion-ambiental","tag-explora","tag-profesoras","tag-profesores","tag-salida-pedagogica","tag-sendero-interpretativo","tag-termas-geometricas"],"acf":[],"yoast_head":"<!-- This site is optimized with the Yoast SEO plugin v26.7 - https:\/\/yoast.com\/wordpress\/plugins\/seo\/ -->\n<title>Salidas Pedag\u00f3gicas: &quot;El Bosque como Experiencia Educativa&quot; - Araucan\u00eda<\/title>\n<meta name=\"robots\" content=\"index, follow, max-snippet:-1, max-image-preview:large, max-video-preview:-1\" \/>\n<link rel=\"canonical\" href=\"https:\/\/dev.explora.cl\/araucania\/salidapedagogica\/\" class=\"yoast-seo-meta-tag\" \/>\n<meta property=\"og:locale\" content=\"es_ES\" class=\"yoast-seo-meta-tag\" \/>\n<meta property=\"og:type\" content=\"article\" class=\"yoast-seo-meta-tag\" \/>\n<meta property=\"og:title\" content=\"Salidas Pedag\u00f3gicas: &quot;El Bosque como Experiencia Educativa&quot; - Araucan\u00eda\" class=\"yoast-seo-meta-tag\" \/>\n<meta property=\"og:description\" content=\"El programa de Salidas Pedag\u00f3gicas: \u201cEl Bosque como Experiencia Educativa\u201d es una invitaci\u00f3n a delegaciones de estudiantes entre quinto b\u00e1sico y segundo medio a vivenciar un circuito formativo en el bosque templado lluvioso de la Regi\u00f3n de La Araucan\u00eda. La iniciativa est\u00e1 orientada a estimular la educaci\u00f3n ambiental al aire libre.\" class=\"yoast-seo-meta-tag\" \/>\n<meta property=\"og:url\" content=\"https:\/\/dev.explora.cl\/araucania\/salidapedagogica\/\" class=\"yoast-seo-meta-tag\" \/>\n<meta property=\"og:site_name\" content=\"Araucan\u00eda\" class=\"yoast-seo-meta-tag\" \/>\n<meta property=\"article:published_time\" content=\"2019-07-17T21:35:27+00:00\" class=\"yoast-seo-meta-tag\" \/>\n<meta property=\"article:modified_time\" content=\"2019-08-09T20:21:04+00:00\" class=\"yoast-seo-meta-tag\" \/>\n<meta property=\"og:image\" content=\"https:\/\/dev.explora.cl\/araucania\/wp-content\/uploads\/sites\/15\/2019\/07\/El-Bosque-Como-Salida-Pedagogica.png\" class=\"yoast-seo-meta-tag\" \/>\n\t<meta property=\"og:image:width\" content=\"1101\" class=\"yoast-seo-meta-tag\" \/>\n\t<meta property=\"og:image:height\" content=\"738\" class=\"yoast-seo-meta-tag\" \/>\n\t<meta property=\"og:image:type\" content=\"image\/png\" class=\"yoast-seo-meta-tag\" \/>\n<meta name=\"author\" content=\"christianbor\" class=\"yoast-seo-meta-tag\" \/>\n<meta name=\"twitter:card\" content=\"summary_large_image\" class=\"yoast-seo-meta-tag\" \/>\n<meta name=\"twitter:label1\" content=\"Escrito por\" class=\"yoast-seo-meta-tag\" \/>\n\t<meta name=\"twitter:data1\" content=\"christianbor\" class=\"yoast-seo-meta-tag\" \/>\n\t<meta name=\"twitter:label2\" content=\"Tiempo estimado de lectura\" class=\"yoast-seo-meta-tag\" \/>\n\t<meta name=\"twitter:data2\" content=\"2 minutos\" class=\"yoast-seo-meta-tag\" \/>\n<script type=\"application\/ld+json\" class=\"yoast-schema-graph\">{\"@context\":\"https:\/\/schema.org\",\"@graph\":[{\"@type\":\"Article\",\"@id\":\"https:\/\/dev.explora.cl\/araucania\/salidapedagogica\/#article\",\"isPartOf\":{\"@id\":\"https:\/\/dev.explora.cl\/araucania\/salidapedagogica\/\"},\"author\":{\"name\":\"christianbor\",\"@id\":\"https:\/\/dev.explora.cl\/araucania\/#\/schema\/person\/00430756cbdfde141b9130e2529f043a\"},\"headline\":\"Salidas Pedag\u00f3gicas: &#8220;El Bosque como Experiencia Educativa&#8221;\",\"datePublished\":\"2019-07-17T21:35:27+00:00\",\"dateModified\":\"2019-08-09T20:21:04+00:00\",\"mainEntityOfPage\":{\"@id\":\"https:\/\/dev.explora.cl\/araucania\/salidapedagogica\/\"},\"wordCount\":333,\"image\":{\"@id\":\"https:\/\/dev.explora.cl\/araucania\/salidapedagogica\/#primaryimage\"},\"thumbnailUrl\":\"https:\/\/dev.explora.cl\/araucania\/wp-content\/uploads\/sites\/15\/2019\/07\/El-Bosque-Como-Salida-Pedagogica.png\",\"keywords\":[\"bosque\",\"Ciencias\",\"Conicyt\",\"docentes\",\"educaci\u00f3n ambiental\",\"EXPLORA\",\"profesoras\",\"profesores\",\"salida pedag\u00f3gica\",\"sendero interpretativo\",\"termas geom\u00e9tricas\"],\"articleSection\":[\"Banner\"],\"inLanguage\":\"es-CL\"},{\"@type\":\"WebPage\",\"@id\":\"https:\/\/dev.explora.cl\/araucania\/salidapedagogica\/\",\"url\":\"https:\/\/dev.explora.cl\/araucania\/salidapedagogica\/\",\"name\":\"Salidas Pedag\u00f3gicas: \\\"El Bosque como Experiencia Educativa\\\" - Araucan\u00eda\",\"isPartOf\":{\"@id\":\"https:\/\/dev.explora.cl\/araucania\/#website\"},\"primaryImageOfPage\":{\"@id\":\"https:\/\/dev.explora.cl\/araucania\/salidapedagogica\/#primaryimage\"},\"image\":{\"@id\":\"https:\/\/dev.explora.cl\/araucania\/salidapedagogica\/#primaryimage\"},\"thumbnailUrl\":\"https:\/\/dev.explora.cl\/araucania\/wp-content\/uploads\/sites\/15\/2019\/07\/El-Bosque-Como-Salida-Pedagogica.png\",\"datePublished\":\"2019-07-17T21:35:27+00:00\",\"dateModified\":\"2019-08-09T20:21:04+00:00\",\"author\":{\"@id\":\"https:\/\/dev.explora.cl\/araucania\/#\/schema\/person\/00430756cbdfde141b9130e2529f043a\"},\"breadcrumb\":{\"@id\":\"https:\/\/dev.explora.cl\/araucania\/salidapedagogica\/#breadcrumb\"},\"inLanguage\":\"es-CL\",\"potentialAction\":[{\"@type\":\"ReadAction\",\"target\":[\"https:\/\/dev.explora.cl\/araucania\/salidapedagogica\/\"]}]},{\"@type\":\"ImageObject\",\"inLanguage\":\"es-CL\",\"@id\":\"https:\/\/dev.explora.cl\/araucania\/salidapedagogica\/#primaryimage\",\"url\":\"https:\/\/dev.explora.cl\/araucania\/wp-content\/uploads\/sites\/15\/2019\/07\/El-Bosque-Como-Salida-Pedagogica.png\",\"contentUrl\":\"https:\/\/dev.explora.cl\/araucania\/wp-content\/uploads\/sites\/15\/2019\/07\/El-Bosque-Como-Salida-Pedagogica.png\",\"width\":1101,\"height\":738},{\"@type\":\"BreadcrumbList\",\"@id\":\"https:\/\/dev.explora.cl\/araucania\/salidapedagogica\/#breadcrumb\",\"itemListElement\":[{\"@type\":\"ListItem\",\"position\":1,\"name\":\"Portada\",\"item\":\"https:\/\/dev.explora.cl\/araucania\/\"},{\"@type\":\"ListItem\",\"position\":2,\"name\":\"Salidas Pedag\u00f3gicas: &#8220;El Bosque como Experiencia Educativa&#8221;\"}]},{\"@type\":\"WebSite\",\"@id\":\"https:\/\/dev.explora.cl\/araucania\/#website\",\"url\":\"https:\/\/dev.explora.cl\/araucania\/\",\"name\":\"Araucan\u00eda\",\"description\":\"Otro sitio m\u00e1s de dev.explora.cl\",\"potentialAction\":[{\"@type\":\"SearchAction\",\"target\":{\"@type\":\"EntryPoint\",\"urlTemplate\":\"https:\/\/dev.explora.cl\/araucania\/?s={search_term_string}\"},\"query-input\":{\"@type\":\"PropertyValueSpecification\",\"valueRequired\":true,\"valueName\":\"search_term_string\"}}],\"inLanguage\":\"es-CL\"},{\"@type\":\"Person\",\"@id\":\"https:\/\/dev.explora.cl\/araucania\/#\/schema\/person\/00430756cbdfde141b9130e2529f043a\",\"name\":\"christianbor\",\"image\":{\"@type\":\"ImageObject\",\"inLanguage\":\"es-CL\",\"@id\":\"https:\/\/dev.explora.cl\/araucania\/#\/schema\/person\/image\/\",\"url\":\"https:\/\/secure.gravatar.com\/avatar\/268ed01e65a7aae7fae23a8237e9319f40c568070f8a3ce327804b208cd23a19?s=96&d=mm&r=g\",\"contentUrl\":\"https:\/\/secure.gravatar.com\/avatar\/268ed01e65a7aae7fae23a8237e9319f40c568070f8a3ce327804b208cd23a19?s=96&d=mm&r=g\",\"caption\":\"christianbor\"},\"url\":\"https:\/\/dev.explora.cl\/araucania\/author\/christianbor\/\"}]}<\/script>\n<!-- \/ Yoast SEO plugin. -->","yoast_head_json":{"title":"Salidas Pedag\u00f3gicas: \"El Bosque como Experiencia Educativa\" - Araucan\u00eda","robots":{"index":"index","follow":"follow","max-snippet":"max-snippet:-1","max-image-preview":"max-image-preview:large","max-video-preview":"max-video-preview:-1"},"canonical":"https:\/\/dev.explora.cl\/araucania\/salidapedagogica\/","og_locale":"es_ES","og_type":"article","og_title":"Salidas Pedag\u00f3gicas: \"El Bosque como Experiencia Educativa\" - Araucan\u00eda","og_description":"El programa de Salidas Pedag\u00f3gicas: \u201cEl Bosque como Experiencia Educativa\u201d es una invitaci\u00f3n a delegaciones de estudiantes entre quinto b\u00e1sico y segundo medio a vivenciar un circuito formativo en el bosque templado lluvioso de la Regi\u00f3n de La Araucan\u00eda. La iniciativa est\u00e1 orientada a estimular la educaci\u00f3n ambiental al aire libre.","og_url":"https:\/\/dev.explora.cl\/araucania\/salidapedagogica\/","og_site_name":"Araucan\u00eda","article_published_time":"2019-07-17T21:35:27+00:00","article_modified_time":"2019-08-09T20:21:04+00:00","og_image":[{"width":1101,"height":738,"url":"https:\/\/dev.explora.cl\/araucania\/wp-content\/uploads\/sites\/15\/2019\/07\/El-Bosque-Como-Salida-Pedagogica.png","type":"image\/png"}],"author":"christianbor","twitter_card":"summary_large_image","twitter_misc":{"Escrito por":"christianbor","Tiempo estimado de lectura":"2 minutos"},"schema":{"@context":"https:\/\/schema.org","@graph":[{"@type":"Article","@id":"https:\/\/dev.explora.cl\/araucania\/salidapedagogica\/#article","isPartOf":{"@id":"https:\/\/dev.explora.cl\/araucania\/salidapedagogica\/"},"author":{"name":"christianbor","@id":"https:\/\/dev.explora.cl\/araucania\/#\/schema\/person\/00430756cbdfde141b9130e2529f043a"},"headline":"Salidas Pedag\u00f3gicas: &#8220;El Bosque como Experiencia Educativa&#8221;","datePublished":"2019-07-17T21:35:27+00:00","dateModified":"2019-08-09T20:21:04+00:00","mainEntityOfPage":{"@id":"https:\/\/dev.explora.cl\/araucania\/salidapedagogica\/"},"wordCount":333,"image":{"@id":"https:\/\/dev.explora.cl\/araucania\/salidapedagogica\/#primaryimage"},"thumbnailUrl":"https:\/\/dev.explora.cl\/araucania\/wp-content\/uploads\/sites\/15\/2019\/07\/El-Bosque-Como-Salida-Pedagogica.png","keywords":["bosque","Ciencias","Conicyt","docentes","educaci\u00f3n ambiental","EXPLORA","profesoras","profesores","salida pedag\u00f3gica","sendero interpretativo","termas geom\u00e9tricas"],"articleSection":["Banner"],"inLanguage":"es-CL"},{"@type":"WebPage","@id":"https:\/\/dev.explora.cl\/araucania\/salidapedagogica\/","url":"https:\/\/dev.explora.cl\/araucania\/salidapedagogica\/","name":"Salidas Pedag\u00f3gicas: \"El Bosque como Experiencia Educativa\" - Araucan\u00eda","isPartOf":{"@id":"https:\/\/dev.explora.cl\/araucania\/#website"},"primaryImageOfPage":{"@id":"https:\/\/dev.explora.cl\/araucania\/salidapedagogica\/#primaryimage"},"image":{"@id":"https:\/\/dev.explora.cl\/araucania\/salidapedagogica\/#primaryimage"},"thumbnailUrl":"https:\/\/dev.explora.cl\/araucania\/wp-content\/uploads\/sites\/15\/2019\/07\/El-Bosque-Como-Salida-Pedagogica.png","datePublished":"2019-07-17T21:35:27+00:00","dateModified":"2019-08-09T20:21:04+00:00","author":{"@id":"https:\/\/dev.explora.cl\/araucania\/#\/schema\/person\/00430756cbdfde141b9130e2529f043a"},"breadcrumb":{"@id":"https:\/\/dev.explora.cl\/araucania\/salidapedagogica\/#breadcrumb"},"inLanguage":"es-CL","potentialAction":[{"@type":"ReadAction","target":["https:\/\/dev.explora.cl\/araucania\/salidapedagogica\/"]}]},{"@type":"ImageObject","inLanguage":"es-CL","@id":"https:\/\/dev.explora.cl\/araucania\/salidapedagogica\/#primaryimage","url":"https:\/\/dev.explora.cl\/araucania\/wp-content\/uploads\/sites\/15\/2019\/07\/El-Bosque-Como-Salida-Pedagogica.png","contentUrl":"https:\/\/dev.explora.cl\/araucania\/wp-content\/uploads\/sites\/15\/2019\/07\/El-Bosque-Como-Salida-Pedagogica.png","width":1101,"height":738},{"@type":"BreadcrumbList","@id":"https:\/\/dev.explora.cl\/araucania\/salidapedagogica\/#breadcrumb","itemListElement":[{"@type":"ListItem","position":1,"name":"Portada","item":"https:\/\/dev.explora.cl\/araucania\/"},{"@type":"ListItem","position":2,"name":"Salidas Pedag\u00f3gicas: &#8220;El Bosque como Experiencia Educativa&#8221;"}]},{"@type":"WebSite","@id":"https:\/\/dev.explora.cl\/araucania\/#website","url":"https:\/\/dev.explora.cl\/araucania\/","name":"Araucan\u00eda","description":"Otro sitio m\u00e1s de dev.explora.cl","potentialAction":[{"@type":"SearchAction","target":{"@type":"EntryPoint","urlTemplate":"https:\/\/dev.explora.cl\/araucania\/?s={search_term_string}"},"query-input":{"@type":"PropertyValueSpecification","valueRequired":true,"valueName":"search_term_string"}}],"inLanguage":"es-CL"},{"@type":"Person","@id":"https:\/\/dev.explora.cl\/araucania\/#\/schema\/person\/00430756cbdfde141b9130e2529f043a","name":"christianbor","image":{"@type":"ImageObject","inLanguage":"es-CL","@id":"https:\/\/dev.explora.cl\/araucania\/#\/schema\/person\/image\/","url":"https:\/\/secure.gravatar.com\/avatar\/268ed01e65a7aae7fae23a8237e9319f40c568070f8a3ce327804b208cd23a19?s=96&d=mm&r=g","contentUrl":"https:\/\/secure.gravatar.com\/avatar\/268ed01e65a7aae7fae23a8237e9319f40c568070f8a3ce327804b208cd23a19?s=96&d=mm&r=g","caption":"christianbor"},"url":"https:\/\/dev.explora.cl\/araucania\/author\/christianbor\/"}]}},"_links":{"self":[{"href":"https:\/\/dev.explora.cl\/araucania\/wp-json\/wp\/v2\/posts\/38957","targetHints":{"allow":["GET"]}}],"collection":[{"href":"https:\/\/dev.explora.cl\/araucania\/wp-json\/wp\/v2\/posts"}],"about":[{"href":"https:\/\/dev.explora.cl\/araucania\/wp-json\/wp\/v2\/types\/post"}],"author":[{"embeddable":true,"href":"https:\/\/dev.explora.cl\/araucania\/wp-json\/wp\/v2\/users\/29"}],"replies":[{"embeddable":true,"href":"https:\/\/dev.explora.cl\/araucania\/wp-json\/wp\/v2\/comments?post=38957"}],"version-history":[{"count":20,"href":"https:\/\/dev.explora.cl\/araucania\/wp-json\/wp\/v2\/posts\/38957\/revisions"}],"predecessor-version":[{"id":39041,"href":"https:\/\/dev.explora.cl\/araucania\/wp-json\/wp\/v2\/posts\/38957\/revisions\/39041"}],"wp:featuredmedia":[{"embeddable":true,"href":"https:\/\/dev.explora.cl\/araucania\/wp-json\/wp\/v2\/media\/38960"}],"wp:attachment":[{"href":"https:\/\/dev.explora.cl\/araucania\/wp-json\/wp\/v2\/media?parent=38957"}],"wp:term":[{"taxonomy":"category","embeddable":true,"href":"https:\/\/dev.explora.cl\/araucania\/wp-json\/wp\/v2\/categories?post=38957"},{"taxonomy":"post_tag","embeddable":true,"href":"https:\/\/dev.explora.cl\/araucania\/wp-json\/wp\/v2\/tags?post=38957"}],"curies":[{"name":"wp","href":"https:\/\/api.w.org\/{rel}","templated":true}]}}