{"id":37811,"date":"2019-01-22T14:30:03","date_gmt":"2019-01-22T18:30:03","guid":{"rendered":"https:\/\/dev.explora.cl\/araucania\/?p=37535"},"modified":"2019-05-20T19:12:57","modified_gmt":"2019-05-20T19:12:57","slug":"estudiantes-conocen-mas-sobre-especies-arboreas-gracias-a-entretenido-taller","status":"publish","type":"post","link":"https:\/\/dev.explora.cl\/araucania\/estudiantes-conocen-mas-sobre-especies-arboreas-gracias-a-entretenido-taller\/","title":{"rendered":"Estudiantes conocen m\u00e1s sobre especies arb\u00f3reas gracias a entretenido taller"},"content":{"rendered":"\n<p><img loading=\"lazy\" decoding=\"async\" class=\"aligncenter size-full wp-image-37538\" src=\"https:\/\/dev.explora.cl\/araucania\/wp-content\/uploads\/sites\/15\/2019\/01\/taller-2-2.jpg\" alt=\"\" width=\"500\" height=\"334\" \/><\/p>\n<p style=\"text-align: justify\"><strong><span style=\"font-family: 'trebuchet ms', geneva, sans-serif\"><em>J\u00f3venes estudiantes de Temuco y sus alrededores hicieron una pausa en sus vacaciones y participaron del interesante taller, \u201cAliwen: Reconociendo las especies del bosque\u201d, organizado por el PAR Explora de CONICYT La Araucan\u00eda ejecutado por la Universidad de La Frontera.<\/em><\/span><\/strong><\/p>\n<hr \/>\n<p style=\"text-align: justify\"><span style=\"font-family: 'trebuchet ms', geneva, sans-serif\">La actividad a cargo del asesor cient\u00edfico del Proyecto, Dr. Juan Carlos Ram\u00edrez, tuvo como principal objetivo que los j\u00f3venes aprendieran y ejercitaran criterios cient\u00edficos b\u00e1sicos, que puedan utilizar para reconocer las diferentes especies arb\u00f3reas que se encuentran a su alrededor y con las cuales conviven a diario.<\/span><\/p>\n<p style=\"text-align: justify\"><span style=\"font-family: 'trebuchet ms', geneva, sans-serif\">En una primera etapa, y por medio de una presentaci\u00f3n te\u00f3rica, se les explic\u00f3 la importancia y aplicaciones pr\u00e1cticas del reconocimiento de especies forestales dentro del campo de la ingenier\u00eda forestal, adem\u00e1s se describieron bot\u00e1nicamente diferentes caracter\u00edsticas morfol\u00f3gicas de especies arb\u00f3reas, con \u00e9nfasis en la copa y follaje, como son el h\u00e1bito de crecimiento, la hoja, corteza y flor. Tambi\u00e9n reconocieron por su nombre cient\u00edfico y com\u00fan, diferentes especies nativas y ex\u00f3ticas presentes en la Regi\u00f3n de La Araucan\u00eda.<\/span><\/p>\n<p style=\"text-align: justify\"><span style=\"font-family: 'trebuchet ms', geneva, sans-serif\">Durante la jornada de la tarde, los participantes tuvieron la oportunidad de trasladarse hasta el Parque Ecol\u00f3gico y Cultural Rucamanque de la Universidad de La Frontera, con el fin de aplicar todos los conocimientos adquiridos en la ma\u00f1ana, a trav\u00e9s de un atractivo y educativo recorrido por el parque, en el cual pudieron presenciar las diferentes especies arb\u00f3reas en su h\u00e1bitat natural, \u00a0conversar sobre la naturaleza y reconocer las diferentes partes que tiene una hoja, entre otras cosas.<\/span><\/p>\n<p style=\"text-align: justify\"><span style=\"font-family: 'trebuchet ms', geneva, sans-serif\">As\u00ed lo se\u00f1al\u00f3 el Dr. Juan Carlos Ram\u00edrez, \u201cvisitamos el bosque de Rucamanque, que es el \u00faltimo trozo de bosque nativo que queda en la depresi\u00f3n intermedia de Chile, en este recorrido vimos los diferentes tipos de vegetaci\u00f3n y los cambios que se producen en la medida que nosotros bajamos o subimos en el relieve, los cambios en la humedad y c\u00f3mo influyen en la distribuci\u00f3n de las especies\u201d. Adem\u00e1s agradeci\u00f3 la oportunidad de compartir con ni\u00f1os y ni\u00f1as de diferentes edades, \u201cme alegro de haber contado con un grupo tan participativo, donde se hicieron muchas preguntas, lo que permiti\u00f3 discutir sobre la importancia que tiene el bosque para todos nosotros\u201d.<\/span><\/p>\n<p style=\"text-align: justify\"><span style=\"font-family: 'trebuchet ms', geneva, sans-serif\">La actividad que se desarroll\u00f3 en el marco de la iniciativa \u201cVive la Ciencia con Explora en Verano\u201d, cont\u00f3 con cerca de 25 ni\u00f1os y ni\u00f1as de diferentes comunas de la regi\u00f3n como Nueva Imperial, Pitrufqu\u00e9n y Temuco, quienes durante la jornada vivieron intensamente el contacto con la naturaleza.<\/span><\/p>\n<p><img loading=\"lazy\" decoding=\"async\" class=\"aligncenter size-full wp-image-37536\" src=\"https:\/\/dev.explora.cl\/araucania\/wp-content\/uploads\/sites\/15\/2019\/01\/3x3-1-3.jpg\" alt=\"\" width=\"1045\" height=\"280\" \/><\/p>\n<p style=\"text-align: justify\"><span style=\"font-family: 'trebuchet ms', geneva, sans-serif\"> <strong>Periodista: Natalia Riquelme Espinoza.<\/strong><\/span><\/p>\n<p>01\/22\/2019<\/p>\n<p>\u00a0<\/p>\n","protected":false},"excerpt":{"rendered":"","protected":false},"author":2,"featured_media":37544,"comment_status":"closed","ping_status":"open","sticky":false,"template":"","format":"standard","meta":{"_acf_changed":false,"_exactmetrics_skip_tracking":false,"_exactmetrics_sitenote_active":false,"_exactmetrics_sitenote_note":"","_exactmetrics_sitenote_category":0,"footnotes":"","_links_to":"","_links_to_target":""},"categories":[4],"tags":[202,185,203,169],"class_list":["post-37811","post","type-post","status-publish","format-standard","has-post-thumbnail","hentry","category-noticias","tag-aliwen","tag-par-explora-la-araucania","tag-talleres","tag-ufro"],"acf":[],"yoast_head":"<!-- This site is optimized with the Yoast SEO plugin v26.7 - https:\/\/yoast.com\/wordpress\/plugins\/seo\/ -->\n<title>Estudiantes conocen m\u00e1s sobre especies arb\u00f3reas gracias a entretenido taller - Araucan\u00eda<\/title>\n<meta name=\"robots\" content=\"index, follow, max-snippet:-1, max-image-preview:large, max-video-preview:-1\" \/>\n<link rel=\"canonical\" href=\"https:\/\/dev.explora.cl\/araucania\/estudiantes-conocen-mas-sobre-especies-arboreas-gracias-a-entretenido-taller\/\" class=\"yoast-seo-meta-tag\" \/>\n<meta property=\"og:locale\" content=\"es_ES\" class=\"yoast-seo-meta-tag\" \/>\n<meta property=\"og:type\" content=\"article\" class=\"yoast-seo-meta-tag\" \/>\n<meta property=\"og:title\" content=\"Estudiantes conocen m\u00e1s sobre especies arb\u00f3reas gracias a entretenido taller - Araucan\u00eda\" class=\"yoast-seo-meta-tag\" \/>\n<meta property=\"og:url\" content=\"https:\/\/dev.explora.cl\/araucania\/estudiantes-conocen-mas-sobre-especies-arboreas-gracias-a-entretenido-taller\/\" class=\"yoast-seo-meta-tag\" \/>\n<meta property=\"og:site_name\" content=\"Araucan\u00eda\" class=\"yoast-seo-meta-tag\" \/>\n<meta property=\"article:published_time\" content=\"2019-01-22T18:30:03+00:00\" class=\"yoast-seo-meta-tag\" \/>\n<meta property=\"article:modified_time\" content=\"2019-05-20T19:12:57+00:00\" class=\"yoast-seo-meta-tag\" \/>\n<meta property=\"og:image\" content=\"https:\/\/dev.explora.cl\/araucania\/wp-content\/uploads\/sites\/15\/2019\/01\/taller-1-1.jpg\" class=\"yoast-seo-meta-tag\" \/>\n\t<meta property=\"og:image:width\" content=\"1200\" class=\"yoast-seo-meta-tag\" \/>\n\t<meta property=\"og:image:height\" content=\"800\" class=\"yoast-seo-meta-tag\" \/>\n\t<meta property=\"og:image:type\" content=\"image\/jpeg\" class=\"yoast-seo-meta-tag\" \/>\n<meta name=\"author\" content=\"webman\" class=\"yoast-seo-meta-tag\" \/>\n<meta name=\"twitter:card\" content=\"summary_large_image\" class=\"yoast-seo-meta-tag\" \/>\n<meta name=\"twitter:label1\" content=\"Escrito por\" class=\"yoast-seo-meta-tag\" \/>\n\t<meta name=\"twitter:data1\" content=\"webman\" class=\"yoast-seo-meta-tag\" \/>\n\t<meta name=\"twitter:label2\" content=\"Tiempo estimado de lectura\" class=\"yoast-seo-meta-tag\" \/>\n\t<meta name=\"twitter:data2\" content=\"2 minutos\" class=\"yoast-seo-meta-tag\" \/>\n<script type=\"application\/ld+json\" class=\"yoast-schema-graph\">{\"@context\":\"https:\/\/schema.org\",\"@graph\":[{\"@type\":\"Article\",\"@id\":\"https:\/\/dev.explora.cl\/araucania\/estudiantes-conocen-mas-sobre-especies-arboreas-gracias-a-entretenido-taller\/#article\",\"isPartOf\":{\"@id\":\"https:\/\/dev.explora.cl\/araucania\/estudiantes-conocen-mas-sobre-especies-arboreas-gracias-a-entretenido-taller\/\"},\"author\":{\"name\":\"webman\",\"@id\":\"https:\/\/dev.explora.cl\/araucania\/#\/schema\/person\/cb8349c13ea2d324080adf8480d7ba5d\"},\"headline\":\"Estudiantes conocen m\u00e1s sobre especies arb\u00f3reas gracias a entretenido taller\",\"datePublished\":\"2019-01-22T18:30:03+00:00\",\"dateModified\":\"2019-05-20T19:12:57+00:00\",\"mainEntityOfPage\":{\"@id\":\"https:\/\/dev.explora.cl\/araucania\/estudiantes-conocen-mas-sobre-especies-arboreas-gracias-a-entretenido-taller\/\"},\"wordCount\":462,\"image\":{\"@id\":\"https:\/\/dev.explora.cl\/araucania\/estudiantes-conocen-mas-sobre-especies-arboreas-gracias-a-entretenido-taller\/#primaryimage\"},\"thumbnailUrl\":\"https:\/\/dev.explora.cl\/araucania\/wp-content\/uploads\/sites\/15\/2019\/01\/taller-1-1.jpg\",\"keywords\":[\"Aliwen\",\"PAR Explora La Araucan\u00eda+\",\"Talleres\",\"UFRO\"],\"articleSection\":[\"Noticias\"],\"inLanguage\":\"es-CL\"},{\"@type\":\"WebPage\",\"@id\":\"https:\/\/dev.explora.cl\/araucania\/estudiantes-conocen-mas-sobre-especies-arboreas-gracias-a-entretenido-taller\/\",\"url\":\"https:\/\/dev.explora.cl\/araucania\/estudiantes-conocen-mas-sobre-especies-arboreas-gracias-a-entretenido-taller\/\",\"name\":\"Estudiantes conocen m\u00e1s sobre especies arb\u00f3reas gracias a entretenido taller - Araucan\u00eda\",\"isPartOf\":{\"@id\":\"https:\/\/dev.explora.cl\/araucania\/#website\"},\"primaryImageOfPage\":{\"@id\":\"https:\/\/dev.explora.cl\/araucania\/estudiantes-conocen-mas-sobre-especies-arboreas-gracias-a-entretenido-taller\/#primaryimage\"},\"image\":{\"@id\":\"https:\/\/dev.explora.cl\/araucania\/estudiantes-conocen-mas-sobre-especies-arboreas-gracias-a-entretenido-taller\/#primaryimage\"},\"thumbnailUrl\":\"https:\/\/dev.explora.cl\/araucania\/wp-content\/uploads\/sites\/15\/2019\/01\/taller-1-1.jpg\",\"datePublished\":\"2019-01-22T18:30:03+00:00\",\"dateModified\":\"2019-05-20T19:12:57+00:00\",\"author\":{\"@id\":\"https:\/\/dev.explora.cl\/araucania\/#\/schema\/person\/cb8349c13ea2d324080adf8480d7ba5d\"},\"breadcrumb\":{\"@id\":\"https:\/\/dev.explora.cl\/araucania\/estudiantes-conocen-mas-sobre-especies-arboreas-gracias-a-entretenido-taller\/#breadcrumb\"},\"inLanguage\":\"es-CL\",\"potentialAction\":[{\"@type\":\"ReadAction\",\"target\":[\"https:\/\/dev.explora.cl\/araucania\/estudiantes-conocen-mas-sobre-especies-arboreas-gracias-a-entretenido-taller\/\"]}]},{\"@type\":\"ImageObject\",\"inLanguage\":\"es-CL\",\"@id\":\"https:\/\/dev.explora.cl\/araucania\/estudiantes-conocen-mas-sobre-especies-arboreas-gracias-a-entretenido-taller\/#primaryimage\",\"url\":\"https:\/\/dev.explora.cl\/araucania\/wp-content\/uploads\/sites\/15\/2019\/01\/taller-1-1.jpg\",\"contentUrl\":\"https:\/\/dev.explora.cl\/araucania\/wp-content\/uploads\/sites\/15\/2019\/01\/taller-1-1.jpg\",\"width\":1200,\"height\":800},{\"@type\":\"BreadcrumbList\",\"@id\":\"https:\/\/dev.explora.cl\/araucania\/estudiantes-conocen-mas-sobre-especies-arboreas-gracias-a-entretenido-taller\/#breadcrumb\",\"itemListElement\":[{\"@type\":\"ListItem\",\"position\":1,\"name\":\"Portada\",\"item\":\"https:\/\/dev.explora.cl\/araucania\/\"},{\"@type\":\"ListItem\",\"position\":2,\"name\":\"Estudiantes conocen m\u00e1s sobre especies arb\u00f3reas gracias a entretenido taller\"}]},{\"@type\":\"WebSite\",\"@id\":\"https:\/\/dev.explora.cl\/araucania\/#website\",\"url\":\"https:\/\/dev.explora.cl\/araucania\/\",\"name\":\"Araucan\u00eda\",\"description\":\"Otro sitio m\u00e1s de dev.explora.cl\",\"potentialAction\":[{\"@type\":\"SearchAction\",\"target\":{\"@type\":\"EntryPoint\",\"urlTemplate\":\"https:\/\/dev.explora.cl\/araucania\/?s={search_term_string}\"},\"query-input\":{\"@type\":\"PropertyValueSpecification\",\"valueRequired\":true,\"valueName\":\"search_term_string\"}}],\"inLanguage\":\"es-CL\"},{\"@type\":\"Person\",\"@id\":\"https:\/\/dev.explora.cl\/araucania\/#\/schema\/person\/cb8349c13ea2d324080adf8480d7ba5d\",\"name\":\"webman\",\"image\":{\"@type\":\"ImageObject\",\"inLanguage\":\"es-CL\",\"@id\":\"https:\/\/dev.explora.cl\/araucania\/#\/schema\/person\/image\/\",\"url\":\"https:\/\/secure.gravatar.com\/avatar\/eeff3c82f2c02f7177d13663b7e6f890e9a6a0647ce9bb29cae02dcb094c7312?s=96&d=mm&r=g\",\"contentUrl\":\"https:\/\/secure.gravatar.com\/avatar\/eeff3c82f2c02f7177d13663b7e6f890e9a6a0647ce9bb29cae02dcb094c7312?s=96&d=mm&r=g\",\"caption\":\"webman\"},\"url\":\"https:\/\/dev.explora.cl\/araucania\/author\/webman\/\"}]}<\/script>\n<!-- \/ Yoast SEO plugin. -->","yoast_head_json":{"title":"Estudiantes conocen m\u00e1s sobre especies arb\u00f3reas gracias a entretenido taller - Araucan\u00eda","robots":{"index":"index","follow":"follow","max-snippet":"max-snippet:-1","max-image-preview":"max-image-preview:large","max-video-preview":"max-video-preview:-1"},"canonical":"https:\/\/dev.explora.cl\/araucania\/estudiantes-conocen-mas-sobre-especies-arboreas-gracias-a-entretenido-taller\/","og_locale":"es_ES","og_type":"article","og_title":"Estudiantes conocen m\u00e1s sobre especies arb\u00f3reas gracias a entretenido taller - Araucan\u00eda","og_url":"https:\/\/dev.explora.cl\/araucania\/estudiantes-conocen-mas-sobre-especies-arboreas-gracias-a-entretenido-taller\/","og_site_name":"Araucan\u00eda","article_published_time":"2019-01-22T18:30:03+00:00","article_modified_time":"2019-05-20T19:12:57+00:00","og_image":[{"width":1200,"height":800,"url":"https:\/\/dev.explora.cl\/araucania\/wp-content\/uploads\/sites\/15\/2019\/01\/taller-1-1.jpg","type":"image\/jpeg"}],"author":"webman","twitter_card":"summary_large_image","twitter_misc":{"Escrito por":"webman","Tiempo estimado de lectura":"2 minutos"},"schema":{"@context":"https:\/\/schema.org","@graph":[{"@type":"Article","@id":"https:\/\/dev.explora.cl\/araucania\/estudiantes-conocen-mas-sobre-especies-arboreas-gracias-a-entretenido-taller\/#article","isPartOf":{"@id":"https:\/\/dev.explora.cl\/araucania\/estudiantes-conocen-mas-sobre-especies-arboreas-gracias-a-entretenido-taller\/"},"author":{"name":"webman","@id":"https:\/\/dev.explora.cl\/araucania\/#\/schema\/person\/cb8349c13ea2d324080adf8480d7ba5d"},"headline":"Estudiantes conocen m\u00e1s sobre especies arb\u00f3reas gracias a entretenido taller","datePublished":"2019-01-22T18:30:03+00:00","dateModified":"2019-05-20T19:12:57+00:00","mainEntityOfPage":{"@id":"https:\/\/dev.explora.cl\/araucania\/estudiantes-conocen-mas-sobre-especies-arboreas-gracias-a-entretenido-taller\/"},"wordCount":462,"image":{"@id":"https:\/\/dev.explora.cl\/araucania\/estudiantes-conocen-mas-sobre-especies-arboreas-gracias-a-entretenido-taller\/#primaryimage"},"thumbnailUrl":"https:\/\/dev.explora.cl\/araucania\/wp-content\/uploads\/sites\/15\/2019\/01\/taller-1-1.jpg","keywords":["Aliwen","PAR Explora La Araucan\u00eda+","Talleres","UFRO"],"articleSection":["Noticias"],"inLanguage":"es-CL"},{"@type":"WebPage","@id":"https:\/\/dev.explora.cl\/araucania\/estudiantes-conocen-mas-sobre-especies-arboreas-gracias-a-entretenido-taller\/","url":"https:\/\/dev.explora.cl\/araucania\/estudiantes-conocen-mas-sobre-especies-arboreas-gracias-a-entretenido-taller\/","name":"Estudiantes conocen m\u00e1s sobre especies arb\u00f3reas gracias a entretenido taller - Araucan\u00eda","isPartOf":{"@id":"https:\/\/dev.explora.cl\/araucania\/#website"},"primaryImageOfPage":{"@id":"https:\/\/dev.explora.cl\/araucania\/estudiantes-conocen-mas-sobre-especies-arboreas-gracias-a-entretenido-taller\/#primaryimage"},"image":{"@id":"https:\/\/dev.explora.cl\/araucania\/estudiantes-conocen-mas-sobre-especies-arboreas-gracias-a-entretenido-taller\/#primaryimage"},"thumbnailUrl":"https:\/\/dev.explora.cl\/araucania\/wp-content\/uploads\/sites\/15\/2019\/01\/taller-1-1.jpg","datePublished":"2019-01-22T18:30:03+00:00","dateModified":"2019-05-20T19:12:57+00:00","author":{"@id":"https:\/\/dev.explora.cl\/araucania\/#\/schema\/person\/cb8349c13ea2d324080adf8480d7ba5d"},"breadcrumb":{"@id":"https:\/\/dev.explora.cl\/araucania\/estudiantes-conocen-mas-sobre-especies-arboreas-gracias-a-entretenido-taller\/#breadcrumb"},"inLanguage":"es-CL","potentialAction":[{"@type":"ReadAction","target":["https:\/\/dev.explora.cl\/araucania\/estudiantes-conocen-mas-sobre-especies-arboreas-gracias-a-entretenido-taller\/"]}]},{"@type":"ImageObject","inLanguage":"es-CL","@id":"https:\/\/dev.explora.cl\/araucania\/estudiantes-conocen-mas-sobre-especies-arboreas-gracias-a-entretenido-taller\/#primaryimage","url":"https:\/\/dev.explora.cl\/araucania\/wp-content\/uploads\/sites\/15\/2019\/01\/taller-1-1.jpg","contentUrl":"https:\/\/dev.explora.cl\/araucania\/wp-content\/uploads\/sites\/15\/2019\/01\/taller-1-1.jpg","width":1200,"height":800},{"@type":"BreadcrumbList","@id":"https:\/\/dev.explora.cl\/araucania\/estudiantes-conocen-mas-sobre-especies-arboreas-gracias-a-entretenido-taller\/#breadcrumb","itemListElement":[{"@type":"ListItem","position":1,"name":"Portada","item":"https:\/\/dev.explora.cl\/araucania\/"},{"@type":"ListItem","position":2,"name":"Estudiantes conocen m\u00e1s sobre especies arb\u00f3reas gracias a entretenido taller"}]},{"@type":"WebSite","@id":"https:\/\/dev.explora.cl\/araucania\/#website","url":"https:\/\/dev.explora.cl\/araucania\/","name":"Araucan\u00eda","description":"Otro sitio m\u00e1s de dev.explora.cl","potentialAction":[{"@type":"SearchAction","target":{"@type":"EntryPoint","urlTemplate":"https:\/\/dev.explora.cl\/araucania\/?s={search_term_string}"},"query-input":{"@type":"PropertyValueSpecification","valueRequired":true,"valueName":"search_term_string"}}],"inLanguage":"es-CL"},{"@type":"Person","@id":"https:\/\/dev.explora.cl\/araucania\/#\/schema\/person\/cb8349c13ea2d324080adf8480d7ba5d","name":"webman","image":{"@type":"ImageObject","inLanguage":"es-CL","@id":"https:\/\/dev.explora.cl\/araucania\/#\/schema\/person\/image\/","url":"https:\/\/secure.gravatar.com\/avatar\/eeff3c82f2c02f7177d13663b7e6f890e9a6a0647ce9bb29cae02dcb094c7312?s=96&d=mm&r=g","contentUrl":"https:\/\/secure.gravatar.com\/avatar\/eeff3c82f2c02f7177d13663b7e6f890e9a6a0647ce9bb29cae02dcb094c7312?s=96&d=mm&r=g","caption":"webman"},"url":"https:\/\/dev.explora.cl\/araucania\/author\/webman\/"}]}},"_links":{"self":[{"href":"https:\/\/dev.explora.cl\/araucania\/wp-json\/wp\/v2\/posts\/37811","targetHints":{"allow":["GET"]}}],"collection":[{"href":"https:\/\/dev.explora.cl\/araucania\/wp-json\/wp\/v2\/posts"}],"about":[{"href":"https:\/\/dev.explora.cl\/araucania\/wp-json\/wp\/v2\/types\/post"}],"author":[{"embeddable":true,"href":"https:\/\/dev.explora.cl\/araucania\/wp-json\/wp\/v2\/users\/2"}],"replies":[{"embeddable":true,"href":"https:\/\/dev.explora.cl\/araucania\/wp-json\/wp\/v2\/comments?post=37811"}],"version-history":[{"count":1,"href":"https:\/\/dev.explora.cl\/araucania\/wp-json\/wp\/v2\/posts\/37811\/revisions"}],"predecessor-version":[{"id":37822,"href":"https:\/\/dev.explora.cl\/araucania\/wp-json\/wp\/v2\/posts\/37811\/revisions\/37822"}],"wp:featuredmedia":[{"embeddable":true,"href":"https:\/\/dev.explora.cl\/araucania\/wp-json\/wp\/v2\/media\/37544"}],"wp:attachment":[{"href":"https:\/\/dev.explora.cl\/araucania\/wp-json\/wp\/v2\/media?parent=37811"}],"wp:term":[{"taxonomy":"category","embeddable":true,"href":"https:\/\/dev.explora.cl\/araucania\/wp-json\/wp\/v2\/categories?post=37811"},{"taxonomy":"post_tag","embeddable":true,"href":"https:\/\/dev.explora.cl\/araucania\/wp-json\/wp\/v2\/tags?post=37811"}],"curies":[{"name":"wp","href":"https:\/\/api.w.org\/{rel}","templated":true}]}}