{"id":37808,"date":"2018-12-11T10:52:14","date_gmt":"2018-12-11T14:52:14","guid":{"rendered":"https:\/\/dev.explora.cl\/araucania\/?p=37248"},"modified":"2019-05-20T19:13:05","modified_gmt":"2019-05-20T19:13:05","slug":"cafe-cientifico-ufro-convoco-a-mas-de-700-personas-este-2018","status":"publish","type":"post","link":"https:\/\/dev.explora.cl\/araucania\/cafe-cientifico-ufro-convoco-a-mas-de-700-personas-este-2018\/","title":{"rendered":"Con el tema \u201cBacterias en nuestras duchas: Una experiencia en Jap\u00f3n\u201d, finaliz\u00f3 el ciclo del Caf\u00e9 Cient\u00edfico UFRO"},"content":{"rendered":"<p style=\"text-align: justify\"><em><img loading=\"lazy\" decoding=\"async\" class=\"aligncenter\" src=\"https:\/\/scontent-scl1-1.xx.fbcdn.net\/v\/t1.0-9\/46982052_2195190470698993_472750417525080064_n.jpg?_nc_cat=105&amp;_nc_eui2=AeExAAIwsg9jJzSMkJlDMyF4Srb-2HyzVCvAoo46B7gRBDnyRt2hdnSe6lPV7u9DKq0aSj4zaLmd1QYJQX5m9w88E6M3iWwdPYScnK1aVsoRtw&amp;_nc_ht=scontent-scl1-1.xx&amp;oh=c096ecb52b5abacce6147facaf91fb79&amp;oe=5C916378\" alt=\"La imagen puede contener: 3 personas, personas sentadas y calzado\" width=\"698\" height=\"465\" \/><\/em><\/p>\n<p style=\"text-align: justify\"><span style=\"font-family: 'trebuchet ms', geneva, sans-serif\">\u00bfSab\u00edas que la ducha alberga una cantidad importante de g\u00e9rmenes y que pueden ser perjudiciales para nuestra salud? Estas y otras interrogantes fueron las planteadas por la Dra. So Fujiyoshi de\u00a0Jap\u00f3n, quien expuso sobre este interesante tema en la \u00faltima versi\u00f3n del Caf\u00e9 Cient\u00edfico de la UFRO 2018.<\/span><\/p>\n<p style=\"text-align: justify\"><span style=\"font-family: 'trebuchet ms', geneva, sans-serif\">La investigadora\u00a0interioriz\u00f3 a los asistentes respecto a la presencia de peque\u00f1os\u00a0organismos vivos, afirmando que, \u00e9stos est\u00e1n en todos los ambientes, incluyendo el cuerpo humano, validando sus afirmaciones a trav\u00e9s de la muestra de resultados del contenido de bacterias presentes en las duchas, destacando que, \u201cmuchas veces se piensa que al tomar un ba\u00f1o estamos libres de ellas y en realidad no es tan as\u00ed, ya que existe una alta comunidad microbiana asociada a cada uno de los hogares\u201d.<\/span><\/p>\n<p style=\"text-align: justify\"><span style=\"font-family: 'trebuchet ms', geneva, sans-serif\">A su vez, la Dra.\u00a0Fujiyoshi, quien forma parte del comit\u00e9 de miembros del proyecto MACH se\u00f1al\u00f3 que \u201cestoy muy contenta de poder exponer sobre este tema y mostrar los avances al respecto, espero que quienes participaron de la actividad puedan trasmitir tambi\u00e9n el conocimiento, ya que la difusi\u00f3n es fundamental\u201d.<\/span><\/p>\n<p style=\"text-align: justify\"><span style=\"font-family: 'trebuchet ms', geneva, sans-serif\">Para finalizar la presentaci\u00f3n, la Dra Fujiyoshi,\u00a0present\u00f3 a los asistentes el llamado \u201claboratorio-maleta\u201d, instrumento m\u00f3vil que permite, entre otras cosas, la detecci\u00f3n y an\u00e1lisis de microbios que habitan en nuestro entorno. A su vez, destac\u00f3 el convenio de colaboraci\u00f3n que existe con la UFRO, casa de estudios con la que se trabajar\u00e1\u00a0en el desarrollo del proyecto MACH, el que busca predecir la floraci\u00f3n de algas a trav\u00e9s de biolog\u00eda molecular y correlaci\u00f3n qu\u00edmica f\u00edsica de la columna de agua.<\/span><\/p>\n<p style=\"text-align: justify\"><span style=\"font-family: 'trebuchet ms', geneva, sans-serif\">La exposici\u00f3n que fue dirigida por la Dra. Jacquelinne Acu\u00f1a, de BIOREN-UFRO, cont\u00f3 con la colaboraci\u00f3n del Sr. Yuji Misu, coordinador del proyecto MACH, qui\u00e9n ofici\u00f3 como traductor de la Dra. Fujiyoshi al espa\u00f1ol, adem\u00e1s de complementar la charla con una breve presentaci\u00f3n de la\u00a0cultura japonesa.<\/span><\/p>\n<p style=\"text-align: justify\"><span style=\"font-family: 'trebuchet ms', geneva, sans-serif\">\u201cLa experiencia fue muy enriquecedora porque te insta a bajar un poco el lenguaje y replantearte la forma de difundir la ciencia. Adem\u00e1s, la gente estuvo muy expectante y participaron bastante con nosotros, realizando muchas preguntas sobre el tema\u201d, afirm\u00f3 la Dra. Acu\u00f1a, quien tambi\u00e9n forma parte del comit\u00e9 del proyecto.<\/span><\/p>\n<p style=\"text-align: justify\"><span style=\"font-family: 'trebuchet ms', geneva, sans-serif\"><img decoding=\"async\" class=\"aligncenter\" src=\"https:\/\/scontent-scl1-1.xx.fbcdn.net\/v\/t1.0-9\/48273084_10215018625192240_8132257821761732608_n.jpg?_nc_cat=109&amp;_nc_eui2=AeGiETBoMi1-fwnzwCFqT-iOTFTxP8rej9EPpQWAxcQT-ImzLXBXc8o5YPKX-bidxUwyuv05ZgFLbre442FdSqd_KvamBt2Ijf3EcCmiTznjzg&amp;_nc_ht=scontent-scl1-1.xx&amp;oh=52d54ece701c3c8c0caa8c1a0286844c&amp;oe=5C95EEE2\" alt=\"La imagen puede contener: 5 personas, personas sentadas y personas de pie\" \/><\/span><\/p>\n<h1 style=\"text-align: justify\"><span style=\"font-family: 'trebuchet ms', geneva, sans-serif\"><strong><span style=\"font-size: 16px\">Caf\u00e9 Cient\u00edfico UFRO 2018<\/span><\/strong><\/span><\/h1>\n<p style=\"text-align: justify\"><span style=\"font-family: 'trebuchet ms', geneva, sans-serif\">\u201cDurante todo el a\u00f1o he venido varias veces con mi pareja al Caf\u00e9 Cient\u00edfico, asistimos porque nos encanta el enfoque creativo que le dan a cada uno de los temas, los que siempre son muy interesantes\u201d, se\u00f1al\u00f3, Ricardo Cifuentes, m\u00e9dico egresado de la Universidad de La Frontera, quien forma parte de las m\u00e1s de 700 personas que fueron part\u00edcipes este 2018 de la iniciativa, quienes, aprendieron sobre diversas problem\u00e1ticas sociales y cient\u00edficas, acerc\u00e1ndose de manera sencilla al mundo de la ciencia.\u00a0 A su vez,\u00a0 Cifuentes, destac\u00f3 la importancia de que se realicen este tipo de actividades, ya que generan un espacio de interacci\u00f3n abierto que ayuda a incentivar el inter\u00e9s de la comunidad por el quehacer cient\u00edfico y la participaci\u00f3n de investigadores en actividades que ayudan a la difusi\u00f3n de las ciencias.<\/span><\/p>\n<p style=\"text-align: justify\"><span style=\"font-family: 'trebuchet ms', geneva, sans-serif\">En tanto, Felipe Gallardo,\u00a0director del PAR Explora de CONICYT La Araucan\u00eda se\u00f1al\u00f3 que \u201cestamos muy contentos con el desarrollo de este nuevo ciclo 2018, el que sin duda fue todo un \u00e9xito, contamos con p\u00fablico de todas las edades, quienes se mostraron muy interesados por las tem\u00e1ticas, las que siempre buscamos que fueran variadas para as\u00ed lograr llegar a m\u00e1s personas\u201d.<\/span><\/p>\n<p style=\"text-align: justify\"><span style=\"font-family: 'trebuchet ms', geneva, sans-serif\">Este 2018 los temas abordados fueron:\u00a0\u201cSobrepeso, obesidad y bienestar en ni\u00f1os y adolescentes\u201d, \u00bfC\u00f3mo alimentamos a nuestros hijos?, \u201cLa violencia en el pololeo: una problem\u00e1tica actual\u201d, Prevenci\u00f3n en salud mental: \u00bfC\u00f3mo comenzar desde la primera infancia?, Infertilidad masculina y enfermedades de transmisi\u00f3n sexual (ETS), \u201cCannabis medicinal y su gran desarrollo en Chile: Un triunfo de la sociedad civil\u201d.<\/span><\/p>\n<p style=\"text-align: justify\"><span style=\"font-family: 'trebuchet ms', geneva, sans-serif\">La iniciativa es organizada por el PAR Explora de CONICYT La Araucan\u00eda ejecutado por la Universidad de La Frontera y el\u00a0N\u00facleo Cient\u00edfico en Biorecursos, BIOREN-UFRO, adem\u00e1s de contar con la colaboraci\u00f3n de la Direcci\u00f3n de Desarrollo Estudiantil de dicha casa de estudios.<\/span><\/p>\n<p style=\"text-align: justify\"><span style=\"font-family: 'trebuchet ms', geneva, sans-serif;font-size: 16px\"><strong>Proyecto MACH<\/strong><\/span><\/p>\n<p style=\"text-align: justify\"><span style=\"font-family: 'trebuchet ms', geneva, sans-serif\">Proyecto de sustentabilidad a nivel mundial que bordea los 3.000 millones de pesos, financiado por el gobierno japon\u00e9s a trav\u00e9s de la Agencia de Cooperaci\u00f3n Internacional (JICA) y la Agencia de Ciencia y Tecnolog\u00eda (JST).\u00a0Gracias a esta iniciativa se busca evitar las p\u00e9rdidas econ\u00f3micas de la industria salmonera por brotes de marea roja mediante un kit de detecci\u00f3n de f\u00e1cil uso para la industria, logrando monitorear, predecir y detectar brotes de marea roja en el sur de Chile, especialmente en zonas donde se cultivan salmones para la exportaci\u00f3n.<\/span><\/p>\n<p style=\"text-align: justify\"><span style=\"font-family: 'trebuchet ms', geneva, sans-serif\">Forman parte de este proyecto en nuestro pa\u00eds la Universidad de La Frontera, Universidad de Los Lagos, Universidad de Antofagasta y el Instituto de Fomento Pesquero -IFOP-.<\/span><\/p>\n<p style=\"text-align: justify\"><span style=\"font-family: 'trebuchet ms', geneva, sans-serif;font-size: 16px\"><strong>Periodista: Viarly Salazar Fritz.<\/strong><\/span><\/p>\n<p>&nbsp;<br \/>\n&nbsp;<br \/>\n&nbsp;<br \/>\n&nbsp;<br \/>\n&nbsp;<br \/>\n&nbsp;<br \/>\n&nbsp;<\/p>\n","protected":false},"excerpt":{"rendered":"<p>\u00bfSab\u00edas que la ducha alberga una cantidad importante de g\u00e9rmenes y que pueden ser perjudiciales para nuestra salud? Estas y otras interrogantes fueron las planteadas por la Dra. So Fujiyoshi de\u00a0Jap\u00f3n, quien expuso sobre este interesante tema en la \u00faltima versi\u00f3n del Caf\u00e9 Cient\u00edfico de la UFRO 2018. La investigadora\u00a0interioriz\u00f3 a los asistentes respecto a [&hellip;]<\/p>\n","protected":false},"author":2,"featured_media":0,"comment_status":"closed","ping_status":"open","sticky":false,"template":"","format":"standard","meta":{"_acf_changed":false,"_exactmetrics_skip_tracking":false,"_exactmetrics_sitenote_active":false,"_exactmetrics_sitenote_note":"","_exactmetrics_sitenote_category":0,"footnotes":"","_links_to":"","_links_to_target":""},"categories":[4],"tags":[177],"class_list":["post-37808","post","type-post","status-publish","format-standard","hentry","category-noticias","tag-la-araucania"],"acf":[],"yoast_head":"<!-- This site is optimized with the Yoast SEO plugin v26.7 - https:\/\/yoast.com\/wordpress\/plugins\/seo\/ -->\n<title>Con el tema \u201cBacterias en nuestras duchas: Una experiencia en Jap\u00f3n\u201d, finaliz\u00f3 el ciclo del Caf\u00e9 Cient\u00edfico UFRO - Araucan\u00eda<\/title>\n<meta name=\"robots\" content=\"index, follow, max-snippet:-1, max-image-preview:large, max-video-preview:-1\" \/>\n<link rel=\"canonical\" href=\"https:\/\/dev.explora.cl\/araucania\/cafe-cientifico-ufro-convoco-a-mas-de-700-personas-este-2018\/\" class=\"yoast-seo-meta-tag\" \/>\n<meta property=\"og:locale\" content=\"es_ES\" class=\"yoast-seo-meta-tag\" \/>\n<meta property=\"og:type\" content=\"article\" class=\"yoast-seo-meta-tag\" \/>\n<meta property=\"og:title\" content=\"Con el tema \u201cBacterias en nuestras duchas: Una experiencia en Jap\u00f3n\u201d, finaliz\u00f3 el ciclo del Caf\u00e9 Cient\u00edfico UFRO - Araucan\u00eda\" class=\"yoast-seo-meta-tag\" \/>\n<meta property=\"og:description\" content=\"\u00bfSab\u00edas que la ducha alberga una cantidad importante de g\u00e9rmenes y que pueden ser perjudiciales para nuestra salud? Estas y otras interrogantes fueron las planteadas por la Dra. So Fujiyoshi de\u00a0Jap\u00f3n, quien expuso sobre este interesante tema en la \u00faltima versi\u00f3n del Caf\u00e9 Cient\u00edfico de la UFRO 2018. La investigadora\u00a0interioriz\u00f3 a los asistentes respecto a [&hellip;]\" class=\"yoast-seo-meta-tag\" \/>\n<meta property=\"og:url\" content=\"https:\/\/dev.explora.cl\/araucania\/cafe-cientifico-ufro-convoco-a-mas-de-700-personas-este-2018\/\" class=\"yoast-seo-meta-tag\" \/>\n<meta property=\"og:site_name\" content=\"Araucan\u00eda\" class=\"yoast-seo-meta-tag\" \/>\n<meta property=\"article:published_time\" content=\"2018-12-11T14:52:14+00:00\" class=\"yoast-seo-meta-tag\" \/>\n<meta property=\"article:modified_time\" content=\"2019-05-20T19:13:05+00:00\" class=\"yoast-seo-meta-tag\" \/>\n<meta property=\"og:image\" content=\"https:\/\/scontent-scl1-1.xx.fbcdn.net\/v\/t1.0-9\/46982052_2195190470698993_472750417525080064_n.jpg?_nc_cat=105&amp;_nc_eui2=AeExAAIwsg9jJzSMkJlDMyF4Srb-2HyzVCvAoo46B7gRBDnyRt2hdnSe6lPV7u9DKq0aSj4zaLmd1QYJQX5m9w88E6M3iWwdPYScnK1aVsoRtw&amp;_nc_ht=scontent-scl1-1.xx&amp;oh=c096ecb52b5abacce6147facaf91fb79&amp;oe=5C916378\" class=\"yoast-seo-meta-tag\" \/>\n<meta name=\"author\" content=\"webman\" class=\"yoast-seo-meta-tag\" \/>\n<meta name=\"twitter:card\" content=\"summary_large_image\" class=\"yoast-seo-meta-tag\" \/>\n<meta name=\"twitter:label1\" content=\"Escrito por\" class=\"yoast-seo-meta-tag\" \/>\n\t<meta name=\"twitter:data1\" content=\"webman\" class=\"yoast-seo-meta-tag\" \/>\n\t<meta name=\"twitter:label2\" content=\"Tiempo estimado de lectura\" class=\"yoast-seo-meta-tag\" \/>\n\t<meta name=\"twitter:data2\" content=\"4 minutos\" class=\"yoast-seo-meta-tag\" \/>\n<script type=\"application\/ld+json\" class=\"yoast-schema-graph\">{\"@context\":\"https:\/\/schema.org\",\"@graph\":[{\"@type\":\"Article\",\"@id\":\"https:\/\/dev.explora.cl\/araucania\/cafe-cientifico-ufro-convoco-a-mas-de-700-personas-este-2018\/#article\",\"isPartOf\":{\"@id\":\"https:\/\/dev.explora.cl\/araucania\/cafe-cientifico-ufro-convoco-a-mas-de-700-personas-este-2018\/\"},\"author\":{\"name\":\"webman\",\"@id\":\"https:\/\/dev.explora.cl\/araucania\/#\/schema\/person\/cb8349c13ea2d324080adf8480d7ba5d\"},\"headline\":\"Con el tema \u201cBacterias en nuestras duchas: Una experiencia en Jap\u00f3n\u201d, finaliz\u00f3 el ciclo del Caf\u00e9 Cient\u00edfico UFRO\",\"datePublished\":\"2018-12-11T14:52:14+00:00\",\"dateModified\":\"2019-05-20T19:13:05+00:00\",\"mainEntityOfPage\":{\"@id\":\"https:\/\/dev.explora.cl\/araucania\/cafe-cientifico-ufro-convoco-a-mas-de-700-personas-este-2018\/\"},\"wordCount\":876,\"image\":{\"@id\":\"https:\/\/dev.explora.cl\/araucania\/cafe-cientifico-ufro-convoco-a-mas-de-700-personas-este-2018\/#primaryimage\"},\"thumbnailUrl\":\"https:\/\/scontent-scl1-1.xx.fbcdn.net\/v\/t1.0-9\/46982052_2195190470698993_472750417525080064_n.jpg?_nc_cat=105&amp;_nc_eui2=AeExAAIwsg9jJzSMkJlDMyF4Srb-2HyzVCvAoo46B7gRBDnyRt2hdnSe6lPV7u9DKq0aSj4zaLmd1QYJQX5m9w88E6M3iWwdPYScnK1aVsoRtw&amp;_nc_ht=scontent-scl1-1.xx&amp;oh=c096ecb52b5abacce6147facaf91fb79&amp;oe=5C916378\",\"keywords\":[\"La Araucan\u00eda\"],\"articleSection\":[\"Noticias\"],\"inLanguage\":\"es-CL\"},{\"@type\":\"WebPage\",\"@id\":\"https:\/\/dev.explora.cl\/araucania\/cafe-cientifico-ufro-convoco-a-mas-de-700-personas-este-2018\/\",\"url\":\"https:\/\/dev.explora.cl\/araucania\/cafe-cientifico-ufro-convoco-a-mas-de-700-personas-este-2018\/\",\"name\":\"Con el tema \u201cBacterias en nuestras duchas: Una experiencia en Jap\u00f3n\u201d, finaliz\u00f3 el ciclo del Caf\u00e9 Cient\u00edfico UFRO - Araucan\u00eda\",\"isPartOf\":{\"@id\":\"https:\/\/dev.explora.cl\/araucania\/#website\"},\"primaryImageOfPage\":{\"@id\":\"https:\/\/dev.explora.cl\/araucania\/cafe-cientifico-ufro-convoco-a-mas-de-700-personas-este-2018\/#primaryimage\"},\"image\":{\"@id\":\"https:\/\/dev.explora.cl\/araucania\/cafe-cientifico-ufro-convoco-a-mas-de-700-personas-este-2018\/#primaryimage\"},\"thumbnailUrl\":\"https:\/\/scontent-scl1-1.xx.fbcdn.net\/v\/t1.0-9\/46982052_2195190470698993_472750417525080064_n.jpg?_nc_cat=105&amp;_nc_eui2=AeExAAIwsg9jJzSMkJlDMyF4Srb-2HyzVCvAoo46B7gRBDnyRt2hdnSe6lPV7u9DKq0aSj4zaLmd1QYJQX5m9w88E6M3iWwdPYScnK1aVsoRtw&amp;_nc_ht=scontent-scl1-1.xx&amp;oh=c096ecb52b5abacce6147facaf91fb79&amp;oe=5C916378\",\"datePublished\":\"2018-12-11T14:52:14+00:00\",\"dateModified\":\"2019-05-20T19:13:05+00:00\",\"author\":{\"@id\":\"https:\/\/dev.explora.cl\/araucania\/#\/schema\/person\/cb8349c13ea2d324080adf8480d7ba5d\"},\"breadcrumb\":{\"@id\":\"https:\/\/dev.explora.cl\/araucania\/cafe-cientifico-ufro-convoco-a-mas-de-700-personas-este-2018\/#breadcrumb\"},\"inLanguage\":\"es-CL\",\"potentialAction\":[{\"@type\":\"ReadAction\",\"target\":[\"https:\/\/dev.explora.cl\/araucania\/cafe-cientifico-ufro-convoco-a-mas-de-700-personas-este-2018\/\"]}]},{\"@type\":\"ImageObject\",\"inLanguage\":\"es-CL\",\"@id\":\"https:\/\/dev.explora.cl\/araucania\/cafe-cientifico-ufro-convoco-a-mas-de-700-personas-este-2018\/#primaryimage\",\"url\":\"https:\/\/scontent-scl1-1.xx.fbcdn.net\/v\/t1.0-9\/46982052_2195190470698993_472750417525080064_n.jpg?_nc_cat=105&amp;_nc_eui2=AeExAAIwsg9jJzSMkJlDMyF4Srb-2HyzVCvAoo46B7gRBDnyRt2hdnSe6lPV7u9DKq0aSj4zaLmd1QYJQX5m9w88E6M3iWwdPYScnK1aVsoRtw&amp;_nc_ht=scontent-scl1-1.xx&amp;oh=c096ecb52b5abacce6147facaf91fb79&amp;oe=5C916378\",\"contentUrl\":\"https:\/\/scontent-scl1-1.xx.fbcdn.net\/v\/t1.0-9\/46982052_2195190470698993_472750417525080064_n.jpg?_nc_cat=105&amp;_nc_eui2=AeExAAIwsg9jJzSMkJlDMyF4Srb-2HyzVCvAoo46B7gRBDnyRt2hdnSe6lPV7u9DKq0aSj4zaLmd1QYJQX5m9w88E6M3iWwdPYScnK1aVsoRtw&amp;_nc_ht=scontent-scl1-1.xx&amp;oh=c096ecb52b5abacce6147facaf91fb79&amp;oe=5C916378\"},{\"@type\":\"BreadcrumbList\",\"@id\":\"https:\/\/dev.explora.cl\/araucania\/cafe-cientifico-ufro-convoco-a-mas-de-700-personas-este-2018\/#breadcrumb\",\"itemListElement\":[{\"@type\":\"ListItem\",\"position\":1,\"name\":\"Portada\",\"item\":\"https:\/\/dev.explora.cl\/araucania\/\"},{\"@type\":\"ListItem\",\"position\":2,\"name\":\"Con el tema \u201cBacterias en nuestras duchas: Una experiencia en Jap\u00f3n\u201d, finaliz\u00f3 el ciclo del Caf\u00e9 Cient\u00edfico UFRO\"}]},{\"@type\":\"WebSite\",\"@id\":\"https:\/\/dev.explora.cl\/araucania\/#website\",\"url\":\"https:\/\/dev.explora.cl\/araucania\/\",\"name\":\"Araucan\u00eda\",\"description\":\"Otro sitio m\u00e1s de dev.explora.cl\",\"potentialAction\":[{\"@type\":\"SearchAction\",\"target\":{\"@type\":\"EntryPoint\",\"urlTemplate\":\"https:\/\/dev.explora.cl\/araucania\/?s={search_term_string}\"},\"query-input\":{\"@type\":\"PropertyValueSpecification\",\"valueRequired\":true,\"valueName\":\"search_term_string\"}}],\"inLanguage\":\"es-CL\"},{\"@type\":\"Person\",\"@id\":\"https:\/\/dev.explora.cl\/araucania\/#\/schema\/person\/cb8349c13ea2d324080adf8480d7ba5d\",\"name\":\"webman\",\"image\":{\"@type\":\"ImageObject\",\"inLanguage\":\"es-CL\",\"@id\":\"https:\/\/dev.explora.cl\/araucania\/#\/schema\/person\/image\/\",\"url\":\"https:\/\/secure.gravatar.com\/avatar\/eeff3c82f2c02f7177d13663b7e6f890e9a6a0647ce9bb29cae02dcb094c7312?s=96&d=mm&r=g\",\"contentUrl\":\"https:\/\/secure.gravatar.com\/avatar\/eeff3c82f2c02f7177d13663b7e6f890e9a6a0647ce9bb29cae02dcb094c7312?s=96&d=mm&r=g\",\"caption\":\"webman\"},\"url\":\"https:\/\/dev.explora.cl\/araucania\/author\/webman\/\"}]}<\/script>\n<!-- \/ Yoast SEO plugin. -->","yoast_head_json":{"title":"Con el tema \u201cBacterias en nuestras duchas: Una experiencia en Jap\u00f3n\u201d, finaliz\u00f3 el ciclo del Caf\u00e9 Cient\u00edfico UFRO - Araucan\u00eda","robots":{"index":"index","follow":"follow","max-snippet":"max-snippet:-1","max-image-preview":"max-image-preview:large","max-video-preview":"max-video-preview:-1"},"canonical":"https:\/\/dev.explora.cl\/araucania\/cafe-cientifico-ufro-convoco-a-mas-de-700-personas-este-2018\/","og_locale":"es_ES","og_type":"article","og_title":"Con el tema \u201cBacterias en nuestras duchas: Una experiencia en Jap\u00f3n\u201d, finaliz\u00f3 el ciclo del Caf\u00e9 Cient\u00edfico UFRO - Araucan\u00eda","og_description":"\u00bfSab\u00edas que la ducha alberga una cantidad importante de g\u00e9rmenes y que pueden ser perjudiciales para nuestra salud? Estas y otras interrogantes fueron las planteadas por la Dra. So Fujiyoshi de\u00a0Jap\u00f3n, quien expuso sobre este interesante tema en la \u00faltima versi\u00f3n del Caf\u00e9 Cient\u00edfico de la UFRO 2018. La investigadora\u00a0interioriz\u00f3 a los asistentes respecto a [&hellip;]","og_url":"https:\/\/dev.explora.cl\/araucania\/cafe-cientifico-ufro-convoco-a-mas-de-700-personas-este-2018\/","og_site_name":"Araucan\u00eda","article_published_time":"2018-12-11T14:52:14+00:00","article_modified_time":"2019-05-20T19:13:05+00:00","og_image":[{"url":"https:\/\/scontent-scl1-1.xx.fbcdn.net\/v\/t1.0-9\/46982052_2195190470698993_472750417525080064_n.jpg?_nc_cat=105&amp;_nc_eui2=AeExAAIwsg9jJzSMkJlDMyF4Srb-2HyzVCvAoo46B7gRBDnyRt2hdnSe6lPV7u9DKq0aSj4zaLmd1QYJQX5m9w88E6M3iWwdPYScnK1aVsoRtw&amp;_nc_ht=scontent-scl1-1.xx&amp;oh=c096ecb52b5abacce6147facaf91fb79&amp;oe=5C916378","type":"","width":"","height":""}],"author":"webman","twitter_card":"summary_large_image","twitter_misc":{"Escrito por":"webman","Tiempo estimado de lectura":"4 minutos"},"schema":{"@context":"https:\/\/schema.org","@graph":[{"@type":"Article","@id":"https:\/\/dev.explora.cl\/araucania\/cafe-cientifico-ufro-convoco-a-mas-de-700-personas-este-2018\/#article","isPartOf":{"@id":"https:\/\/dev.explora.cl\/araucania\/cafe-cientifico-ufro-convoco-a-mas-de-700-personas-este-2018\/"},"author":{"name":"webman","@id":"https:\/\/dev.explora.cl\/araucania\/#\/schema\/person\/cb8349c13ea2d324080adf8480d7ba5d"},"headline":"Con el tema \u201cBacterias en nuestras duchas: Una experiencia en Jap\u00f3n\u201d, finaliz\u00f3 el ciclo del Caf\u00e9 Cient\u00edfico UFRO","datePublished":"2018-12-11T14:52:14+00:00","dateModified":"2019-05-20T19:13:05+00:00","mainEntityOfPage":{"@id":"https:\/\/dev.explora.cl\/araucania\/cafe-cientifico-ufro-convoco-a-mas-de-700-personas-este-2018\/"},"wordCount":876,"image":{"@id":"https:\/\/dev.explora.cl\/araucania\/cafe-cientifico-ufro-convoco-a-mas-de-700-personas-este-2018\/#primaryimage"},"thumbnailUrl":"https:\/\/scontent-scl1-1.xx.fbcdn.net\/v\/t1.0-9\/46982052_2195190470698993_472750417525080064_n.jpg?_nc_cat=105&amp;_nc_eui2=AeExAAIwsg9jJzSMkJlDMyF4Srb-2HyzVCvAoo46B7gRBDnyRt2hdnSe6lPV7u9DKq0aSj4zaLmd1QYJQX5m9w88E6M3iWwdPYScnK1aVsoRtw&amp;_nc_ht=scontent-scl1-1.xx&amp;oh=c096ecb52b5abacce6147facaf91fb79&amp;oe=5C916378","keywords":["La Araucan\u00eda"],"articleSection":["Noticias"],"inLanguage":"es-CL"},{"@type":"WebPage","@id":"https:\/\/dev.explora.cl\/araucania\/cafe-cientifico-ufro-convoco-a-mas-de-700-personas-este-2018\/","url":"https:\/\/dev.explora.cl\/araucania\/cafe-cientifico-ufro-convoco-a-mas-de-700-personas-este-2018\/","name":"Con el tema \u201cBacterias en nuestras duchas: Una experiencia en Jap\u00f3n\u201d, finaliz\u00f3 el ciclo del Caf\u00e9 Cient\u00edfico UFRO - Araucan\u00eda","isPartOf":{"@id":"https:\/\/dev.explora.cl\/araucania\/#website"},"primaryImageOfPage":{"@id":"https:\/\/dev.explora.cl\/araucania\/cafe-cientifico-ufro-convoco-a-mas-de-700-personas-este-2018\/#primaryimage"},"image":{"@id":"https:\/\/dev.explora.cl\/araucania\/cafe-cientifico-ufro-convoco-a-mas-de-700-personas-este-2018\/#primaryimage"},"thumbnailUrl":"https:\/\/scontent-scl1-1.xx.fbcdn.net\/v\/t1.0-9\/46982052_2195190470698993_472750417525080064_n.jpg?_nc_cat=105&amp;_nc_eui2=AeExAAIwsg9jJzSMkJlDMyF4Srb-2HyzVCvAoo46B7gRBDnyRt2hdnSe6lPV7u9DKq0aSj4zaLmd1QYJQX5m9w88E6M3iWwdPYScnK1aVsoRtw&amp;_nc_ht=scontent-scl1-1.xx&amp;oh=c096ecb52b5abacce6147facaf91fb79&amp;oe=5C916378","datePublished":"2018-12-11T14:52:14+00:00","dateModified":"2019-05-20T19:13:05+00:00","author":{"@id":"https:\/\/dev.explora.cl\/araucania\/#\/schema\/person\/cb8349c13ea2d324080adf8480d7ba5d"},"breadcrumb":{"@id":"https:\/\/dev.explora.cl\/araucania\/cafe-cientifico-ufro-convoco-a-mas-de-700-personas-este-2018\/#breadcrumb"},"inLanguage":"es-CL","potentialAction":[{"@type":"ReadAction","target":["https:\/\/dev.explora.cl\/araucania\/cafe-cientifico-ufro-convoco-a-mas-de-700-personas-este-2018\/"]}]},{"@type":"ImageObject","inLanguage":"es-CL","@id":"https:\/\/dev.explora.cl\/araucania\/cafe-cientifico-ufro-convoco-a-mas-de-700-personas-este-2018\/#primaryimage","url":"https:\/\/scontent-scl1-1.xx.fbcdn.net\/v\/t1.0-9\/46982052_2195190470698993_472750417525080064_n.jpg?_nc_cat=105&amp;_nc_eui2=AeExAAIwsg9jJzSMkJlDMyF4Srb-2HyzVCvAoo46B7gRBDnyRt2hdnSe6lPV7u9DKq0aSj4zaLmd1QYJQX5m9w88E6M3iWwdPYScnK1aVsoRtw&amp;_nc_ht=scontent-scl1-1.xx&amp;oh=c096ecb52b5abacce6147facaf91fb79&amp;oe=5C916378","contentUrl":"https:\/\/scontent-scl1-1.xx.fbcdn.net\/v\/t1.0-9\/46982052_2195190470698993_472750417525080064_n.jpg?_nc_cat=105&amp;_nc_eui2=AeExAAIwsg9jJzSMkJlDMyF4Srb-2HyzVCvAoo46B7gRBDnyRt2hdnSe6lPV7u9DKq0aSj4zaLmd1QYJQX5m9w88E6M3iWwdPYScnK1aVsoRtw&amp;_nc_ht=scontent-scl1-1.xx&amp;oh=c096ecb52b5abacce6147facaf91fb79&amp;oe=5C916378"},{"@type":"BreadcrumbList","@id":"https:\/\/dev.explora.cl\/araucania\/cafe-cientifico-ufro-convoco-a-mas-de-700-personas-este-2018\/#breadcrumb","itemListElement":[{"@type":"ListItem","position":1,"name":"Portada","item":"https:\/\/dev.explora.cl\/araucania\/"},{"@type":"ListItem","position":2,"name":"Con el tema \u201cBacterias en nuestras duchas: Una experiencia en Jap\u00f3n\u201d, finaliz\u00f3 el ciclo del Caf\u00e9 Cient\u00edfico UFRO"}]},{"@type":"WebSite","@id":"https:\/\/dev.explora.cl\/araucania\/#website","url":"https:\/\/dev.explora.cl\/araucania\/","name":"Araucan\u00eda","description":"Otro sitio m\u00e1s de dev.explora.cl","potentialAction":[{"@type":"SearchAction","target":{"@type":"EntryPoint","urlTemplate":"https:\/\/dev.explora.cl\/araucania\/?s={search_term_string}"},"query-input":{"@type":"PropertyValueSpecification","valueRequired":true,"valueName":"search_term_string"}}],"inLanguage":"es-CL"},{"@type":"Person","@id":"https:\/\/dev.explora.cl\/araucania\/#\/schema\/person\/cb8349c13ea2d324080adf8480d7ba5d","name":"webman","image":{"@type":"ImageObject","inLanguage":"es-CL","@id":"https:\/\/dev.explora.cl\/araucania\/#\/schema\/person\/image\/","url":"https:\/\/secure.gravatar.com\/avatar\/eeff3c82f2c02f7177d13663b7e6f890e9a6a0647ce9bb29cae02dcb094c7312?s=96&d=mm&r=g","contentUrl":"https:\/\/secure.gravatar.com\/avatar\/eeff3c82f2c02f7177d13663b7e6f890e9a6a0647ce9bb29cae02dcb094c7312?s=96&d=mm&r=g","caption":"webman"},"url":"https:\/\/dev.explora.cl\/araucania\/author\/webman\/"}]}},"_links":{"self":[{"href":"https:\/\/dev.explora.cl\/araucania\/wp-json\/wp\/v2\/posts\/37808","targetHints":{"allow":["GET"]}}],"collection":[{"href":"https:\/\/dev.explora.cl\/araucania\/wp-json\/wp\/v2\/posts"}],"about":[{"href":"https:\/\/dev.explora.cl\/araucania\/wp-json\/wp\/v2\/types\/post"}],"author":[{"embeddable":true,"href":"https:\/\/dev.explora.cl\/araucania\/wp-json\/wp\/v2\/users\/2"}],"replies":[{"embeddable":true,"href":"https:\/\/dev.explora.cl\/araucania\/wp-json\/wp\/v2\/comments?post=37808"}],"version-history":[{"count":1,"href":"https:\/\/dev.explora.cl\/araucania\/wp-json\/wp\/v2\/posts\/37808\/revisions"}],"predecessor-version":[{"id":37839,"href":"https:\/\/dev.explora.cl\/araucania\/wp-json\/wp\/v2\/posts\/37808\/revisions\/37839"}],"wp:attachment":[{"href":"https:\/\/dev.explora.cl\/araucania\/wp-json\/wp\/v2\/media?parent=37808"}],"wp:term":[{"taxonomy":"category","embeddable":true,"href":"https:\/\/dev.explora.cl\/araucania\/wp-json\/wp\/v2\/categories?post=37808"},{"taxonomy":"post_tag","embeddable":true,"href":"https:\/\/dev.explora.cl\/araucania\/wp-json\/wp\/v2\/tags?post=37808"}],"curies":[{"name":"wp","href":"https:\/\/api.w.org\/{rel}","templated":true}]}}