{"id":37807,"date":"2018-12-11T09:34:53","date_gmt":"2018-12-11T13:34:53","guid":{"rendered":"https:\/\/dev.explora.cl\/araucania\/?p=37243"},"modified":"2019-05-20T19:13:06","modified_gmt":"2019-05-20T19:13:06","slug":"fructifera-reunion-entre-investigadores-y-equipo-par-explora-la-araucania","status":"publish","type":"post","link":"https:\/\/dev.explora.cl\/araucania\/fructifera-reunion-entre-investigadores-y-equipo-par-explora-la-araucania\/","title":{"rendered":"Fruct\u00edfera reuni\u00f3n entre investigadores y equipo PAR Explora La Araucan\u00eda"},"content":{"rendered":"<p><img loading=\"lazy\" decoding=\"async\" class=\"aligncenter size-full wp-image-37245\" src=\"https:\/\/dev.explora.cl\/araucania\/wp-content\/uploads\/sites\/15\/2018\/12\/desayuno1-2.jpg\" alt=\"\" width=\"500\" height=\"334\" \/><\/p>\n<p style=\"text-align: justify\"><span style=\"font-family: 'trebuchet ms', geneva, sans-serif\"><em>Investigadores de laboratorios pertenecientes a la Universidad de La Frontera, Universidad\u00a0 Aut\u00f3noma de Chile sede Temuco y el Museo Regional Araucan\u00eda, se reunieron con el equipo del PAR Explora de CONICYT La Araucan\u00eda, con el objetivo de conversar y analizar lo que fue su participaci\u00f3n en las iniciativas \u201cPasant\u00edas de Investigaci\u00f3n\u201d y \u201cAcademias Cient\u00edficas\u201d 2018. \u00a0<\/em><\/span><\/p>\n<hr \/>\n<p style=\"text-align: justify\"><span style=\"font-family: 'trebuchet ms', geneva, sans-serif\">En esta oportunidad y mediante un desayuno, investigadores de diferentes \u00e1reas compartieron con sus pares sus an\u00e9cdotas, desaf\u00edos y dificultadas vividas durante los meses que trabajaron con estudiantes de educaci\u00f3n b\u00e1sica y media de diferentes establecimientos educacionales de la regi\u00f3n; quienes tuvieron la oportunidad de trabajar y compartir con investigadores y sus equipos de trabajo, adem\u00e1s conocieron aspectos desconocidos para ellos en torno a la investigaci\u00f3n cient\u00edfica.<\/span><\/p>\n<p style=\"text-align: justify\"><span style=\"font-family: 'trebuchet ms', geneva, sans-serif\">Durante la actividad, los investigadores tuvieron la oportunidad de presenciar un video de agradecimiento realizado por los estudiantes que participaron de ambas iniciativas, y en el cual destacaban el apoyo prestado por cada uno de ellos, las largas conversaciones, aquellos momentos agradables, el recibimiento por parte de cada uno de los laboratorios, la buena onda, el fr\u00edo de algunos terrenos y otros casos en que las condiciones clim\u00e1ticas no los acompa\u00f1aron para el desarrollo de su proyecto. Carla Figueroa, perteneciente al Laboratorio de Audiolog\u00eda de la Universidad Aut\u00f3noma de Chile sede Temuco, se manifest\u00f3 contenta por la experiencia este a\u00f1o y no descart\u00f3 la posibilidad de poder volver a participar de ella. \u201cNosotros como equipo recibimos una vez al mes a dos chicos de la comuna de Pur\u00e9n, a ellos les mostramos el laboratorio, les explicamos c\u00f3mo hacemos investigaci\u00f3n y los ayudamos con su proyecto. Fue una rica experiencia, lo disfrutamos mucho, lo pasamos muy bien y esperamos que los estudiantes lo hayan vivido de esa manera\u201d.<\/span><\/p>\n<p style=\"text-align: justify\"><span style=\"font-family: 'trebuchet ms', geneva, sans-serif\">Hay que recordar que en este proceso fueron fundamentales los laboratorios del Museo Regional Araucan\u00eda, la UFRO y UA sede Temuco que abrieron sus puertas para recibir en su interior a estudiantes durante varios meses, con los cuales se trabaj\u00f3 y acompa\u00f1\u00f3 en todo el proceso de la investigaci\u00f3n. Como tambi\u00e9n aquellos investigadores que se trasladaron hasta los establecimientos educacionales para compartir con los escolares que formaron parte de las academias cient\u00edficas, dejando de lado sus propios compromisos acad\u00e9micos y laborales, por apoyarlos en todo momento.<\/span><\/p>\n<p style=\"text-align: justify\"><span style=\"font-family: 'trebuchet ms', geneva, sans-serif\">Felipe Gallardo, directo del PAR Explora de CONICYT La Araucan\u00eda, se mostr\u00f3 satisfecho \u00a0con el trabajo realizado durante el a\u00f1o por todos quienes apoyaron estas iniciativas. \u201cEsto muy contento por los testimonios de los estudiantes que visitaron los laboratorios y de aquellos que recibieron al cient\u00edfico en su establecimientos. Adem\u00e1s de los comentarios que pudimos escuchar por parte de los asesores tanto en las pasant\u00edas como de las academias, en todos ellos hubo un com\u00fan denominador, y ese es el v\u00ednculo que se form\u00f3 entre el estudiante y el cient\u00edfico, sin lugar a dudas, una plataforma que ayuda a que los j\u00f3venes vean otro mundo, tengan nuevas experiencias\u201d.<\/span><\/p>\n<p style=\"text-align: justify\"><span style=\"font-family: 'trebuchet ms', geneva, sans-serif\">Ambas iniciativas finalizaron con la presentaci\u00f3n de un proyecto de investigaci\u00f3n en el pasado XVI Congreso Regional Escolar de la Ciencia y la Tecnolog\u00eda desarrollado en el mes de octubre, y en donde el primer lugar de ense\u00f1anza media recay\u00f3 en las representantes del The Forest School de Pitrufqu\u00e9n, quienes formaron parte de la Pasant\u00eda de Investigaci\u00f3n desarrollada en el Laboratorio de Ecolog\u00eda Microbiana Aplicada de la UFRO, mientras que el primer lugar de ense\u00f1anza b\u00e1sica fue para las integrantes de la Academia Cient\u00edfica del Colegio Santa Cruz de Temuco, quienes trabajaron junto a su asesor cient\u00edfico, Mg. Felipe Moraga.<\/span><\/p>\n<p style=\"text-align: justify\"><span style=\"font-family: 'trebuchet ms', geneva, sans-serif\">Cabe destacar que gracias a las Pasant\u00edas de Investigaci\u00f3n, 22 estudiantes de toda la regi\u00f3n con sus respectivos profesores, conocieron en primera persona el quehacer cient\u00edfico de laboratorios y centros de investigaci\u00f3n del Museo Regional Araucan\u00eda, la Universidad Aut\u00f3noma de Chile sede Temuco y Universidad de La Frontera. Por otra parte, 14 asesores cient\u00edficos se trasladaron hasta distintos puntos de la regi\u00f3n para apoyar a las Academias Cient\u00edficas, las cuales reunieron un total de 202 escolares.<\/span><\/p>\n<p><img loading=\"lazy\" decoding=\"async\" class=\"aligncenter size-full wp-image-37244\" src=\"https:\/\/dev.explora.cl\/araucania\/wp-content\/uploads\/sites\/15\/2018\/12\/desayuno-2.jpg\" alt=\"\" width=\"1045\" height=\"280\" \/><\/p>\n<p style=\"text-align: justify\"><span style=\"font-family: 'trebuchet ms', geneva, sans-serif\"><strong>Periodista: Natalia Riquelme Espinoza.<\/strong><\/span><\/p>\n","protected":false},"excerpt":{"rendered":"<p>Investigadores de laboratorios pertenecientes a la Universidad de La Frontera, Universidad\u00a0 Aut\u00f3noma de Chile sede Temuco y el Museo Regional Araucan\u00eda, se reunieron con el equipo del PAR Explora de CONICYT La Araucan\u00eda, con el objetivo de conversar y analizar lo que fue su participaci\u00f3n en las iniciativas \u201cPasant\u00edas de Investigaci\u00f3n\u201d y \u201cAcademias Cient\u00edficas\u201d 2018. [&hellip;]<\/p>\n","protected":false},"author":2,"featured_media":37251,"comment_status":"closed","ping_status":"open","sticky":false,"template":"","format":"standard","meta":{"_acf_changed":false,"_exactmetrics_skip_tracking":false,"_exactmetrics_sitenote_active":false,"_exactmetrics_sitenote_note":"","_exactmetrics_sitenote_category":0,"footnotes":"","_links_to":"","_links_to_target":""},"categories":[4],"tags":[180,100,177,181],"class_list":["post-37807","post","type-post","status-publish","format-standard","has-post-thumbnail","hentry","category-noticias","tag-academias","tag-investigacion","tag-la-araucania","tag-pasantias"],"acf":[],"yoast_head":"<!-- This site is optimized with the Yoast SEO plugin v26.7 - https:\/\/yoast.com\/wordpress\/plugins\/seo\/ -->\n<title>Fruct\u00edfera reuni\u00f3n entre investigadores y equipo PAR Explora La Araucan\u00eda - Araucan\u00eda<\/title>\n<meta name=\"robots\" content=\"index, follow, max-snippet:-1, max-image-preview:large, max-video-preview:-1\" \/>\n<link rel=\"canonical\" href=\"https:\/\/dev.explora.cl\/araucania\/fructifera-reunion-entre-investigadores-y-equipo-par-explora-la-araucania\/\" class=\"yoast-seo-meta-tag\" \/>\n<meta property=\"og:locale\" content=\"es_ES\" class=\"yoast-seo-meta-tag\" \/>\n<meta property=\"og:type\" content=\"article\" class=\"yoast-seo-meta-tag\" \/>\n<meta property=\"og:title\" content=\"Fruct\u00edfera reuni\u00f3n entre investigadores y equipo PAR Explora La Araucan\u00eda - Araucan\u00eda\" class=\"yoast-seo-meta-tag\" \/>\n<meta property=\"og:description\" content=\"Investigadores de laboratorios pertenecientes a la Universidad de La Frontera, Universidad\u00a0 Aut\u00f3noma de Chile sede Temuco y el Museo Regional Araucan\u00eda, se reunieron con el equipo del PAR Explora de CONICYT La Araucan\u00eda, con el objetivo de conversar y analizar lo que fue su participaci\u00f3n en las iniciativas \u201cPasant\u00edas de Investigaci\u00f3n\u201d y \u201cAcademias Cient\u00edficas\u201d 2018. [&hellip;]\" class=\"yoast-seo-meta-tag\" \/>\n<meta property=\"og:url\" content=\"https:\/\/dev.explora.cl\/araucania\/fructifera-reunion-entre-investigadores-y-equipo-par-explora-la-araucania\/\" class=\"yoast-seo-meta-tag\" \/>\n<meta property=\"og:site_name\" content=\"Araucan\u00eda\" class=\"yoast-seo-meta-tag\" \/>\n<meta property=\"article:published_time\" content=\"2018-12-11T13:34:53+00:00\" class=\"yoast-seo-meta-tag\" \/>\n<meta property=\"article:modified_time\" content=\"2019-05-20T19:13:06+00:00\" class=\"yoast-seo-meta-tag\" \/>\n<meta property=\"og:image\" content=\"https:\/\/dev.explora.cl\/araucania\/wp-content\/uploads\/sites\/15\/2018\/12\/desayuno1-2.jpg\" class=\"yoast-seo-meta-tag\" \/>\n\t<meta property=\"og:image:width\" content=\"500\" class=\"yoast-seo-meta-tag\" \/>\n\t<meta property=\"og:image:height\" content=\"334\" class=\"yoast-seo-meta-tag\" \/>\n\t<meta property=\"og:image:type\" content=\"image\/jpeg\" class=\"yoast-seo-meta-tag\" \/>\n<meta name=\"author\" content=\"webman\" class=\"yoast-seo-meta-tag\" \/>\n<meta name=\"twitter:card\" content=\"summary_large_image\" class=\"yoast-seo-meta-tag\" \/>\n<meta name=\"twitter:label1\" content=\"Escrito por\" class=\"yoast-seo-meta-tag\" \/>\n\t<meta name=\"twitter:data1\" content=\"webman\" class=\"yoast-seo-meta-tag\" \/>\n\t<meta name=\"twitter:label2\" content=\"Tiempo estimado de lectura\" class=\"yoast-seo-meta-tag\" \/>\n\t<meta name=\"twitter:data2\" content=\"4 minutos\" class=\"yoast-seo-meta-tag\" \/>\n<script type=\"application\/ld+json\" class=\"yoast-schema-graph\">{\"@context\":\"https:\/\/schema.org\",\"@graph\":[{\"@type\":\"Article\",\"@id\":\"https:\/\/dev.explora.cl\/araucania\/fructifera-reunion-entre-investigadores-y-equipo-par-explora-la-araucania\/#article\",\"isPartOf\":{\"@id\":\"https:\/\/dev.explora.cl\/araucania\/fructifera-reunion-entre-investigadores-y-equipo-par-explora-la-araucania\/\"},\"author\":{\"name\":\"webman\",\"@id\":\"https:\/\/dev.explora.cl\/araucania\/#\/schema\/person\/cb8349c13ea2d324080adf8480d7ba5d\"},\"headline\":\"Fruct\u00edfera reuni\u00f3n entre investigadores y equipo PAR Explora La Araucan\u00eda\",\"datePublished\":\"2018-12-11T13:34:53+00:00\",\"dateModified\":\"2019-05-20T19:13:06+00:00\",\"mainEntityOfPage\":{\"@id\":\"https:\/\/dev.explora.cl\/araucania\/fructifera-reunion-entre-investigadores-y-equipo-par-explora-la-araucania\/\"},\"wordCount\":732,\"image\":{\"@id\":\"https:\/\/dev.explora.cl\/araucania\/fructifera-reunion-entre-investigadores-y-equipo-par-explora-la-araucania\/#primaryimage\"},\"thumbnailUrl\":\"https:\/\/dev.explora.cl\/araucania\/wp-content\/uploads\/sites\/15\/2018\/12\/desayuno1-2.jpg\",\"keywords\":[\"academias\",\"investigaci\u00f3n\",\"La Araucan\u00eda\",\"pasant\u00edas\"],\"articleSection\":[\"Noticias\"],\"inLanguage\":\"es-CL\"},{\"@type\":\"WebPage\",\"@id\":\"https:\/\/dev.explora.cl\/araucania\/fructifera-reunion-entre-investigadores-y-equipo-par-explora-la-araucania\/\",\"url\":\"https:\/\/dev.explora.cl\/araucania\/fructifera-reunion-entre-investigadores-y-equipo-par-explora-la-araucania\/\",\"name\":\"Fruct\u00edfera reuni\u00f3n entre investigadores y equipo PAR Explora La Araucan\u00eda - Araucan\u00eda\",\"isPartOf\":{\"@id\":\"https:\/\/dev.explora.cl\/araucania\/#website\"},\"primaryImageOfPage\":{\"@id\":\"https:\/\/dev.explora.cl\/araucania\/fructifera-reunion-entre-investigadores-y-equipo-par-explora-la-araucania\/#primaryimage\"},\"image\":{\"@id\":\"https:\/\/dev.explora.cl\/araucania\/fructifera-reunion-entre-investigadores-y-equipo-par-explora-la-araucania\/#primaryimage\"},\"thumbnailUrl\":\"https:\/\/dev.explora.cl\/araucania\/wp-content\/uploads\/sites\/15\/2018\/12\/desayuno1-2.jpg\",\"datePublished\":\"2018-12-11T13:34:53+00:00\",\"dateModified\":\"2019-05-20T19:13:06+00:00\",\"author\":{\"@id\":\"https:\/\/dev.explora.cl\/araucania\/#\/schema\/person\/cb8349c13ea2d324080adf8480d7ba5d\"},\"breadcrumb\":{\"@id\":\"https:\/\/dev.explora.cl\/araucania\/fructifera-reunion-entre-investigadores-y-equipo-par-explora-la-araucania\/#breadcrumb\"},\"inLanguage\":\"es-CL\",\"potentialAction\":[{\"@type\":\"ReadAction\",\"target\":[\"https:\/\/dev.explora.cl\/araucania\/fructifera-reunion-entre-investigadores-y-equipo-par-explora-la-araucania\/\"]}]},{\"@type\":\"ImageObject\",\"inLanguage\":\"es-CL\",\"@id\":\"https:\/\/dev.explora.cl\/araucania\/fructifera-reunion-entre-investigadores-y-equipo-par-explora-la-araucania\/#primaryimage\",\"url\":\"https:\/\/dev.explora.cl\/araucania\/wp-content\/uploads\/sites\/15\/2018\/12\/desayuno1-2.jpg\",\"contentUrl\":\"https:\/\/dev.explora.cl\/araucania\/wp-content\/uploads\/sites\/15\/2018\/12\/desayuno1-2.jpg\",\"width\":500,\"height\":334},{\"@type\":\"BreadcrumbList\",\"@id\":\"https:\/\/dev.explora.cl\/araucania\/fructifera-reunion-entre-investigadores-y-equipo-par-explora-la-araucania\/#breadcrumb\",\"itemListElement\":[{\"@type\":\"ListItem\",\"position\":1,\"name\":\"Portada\",\"item\":\"https:\/\/dev.explora.cl\/araucania\/\"},{\"@type\":\"ListItem\",\"position\":2,\"name\":\"Fruct\u00edfera reuni\u00f3n entre investigadores y equipo PAR Explora La Araucan\u00eda\"}]},{\"@type\":\"WebSite\",\"@id\":\"https:\/\/dev.explora.cl\/araucania\/#website\",\"url\":\"https:\/\/dev.explora.cl\/araucania\/\",\"name\":\"Araucan\u00eda\",\"description\":\"Otro sitio m\u00e1s de dev.explora.cl\",\"potentialAction\":[{\"@type\":\"SearchAction\",\"target\":{\"@type\":\"EntryPoint\",\"urlTemplate\":\"https:\/\/dev.explora.cl\/araucania\/?s={search_term_string}\"},\"query-input\":{\"@type\":\"PropertyValueSpecification\",\"valueRequired\":true,\"valueName\":\"search_term_string\"}}],\"inLanguage\":\"es-CL\"},{\"@type\":\"Person\",\"@id\":\"https:\/\/dev.explora.cl\/araucania\/#\/schema\/person\/cb8349c13ea2d324080adf8480d7ba5d\",\"name\":\"webman\",\"image\":{\"@type\":\"ImageObject\",\"inLanguage\":\"es-CL\",\"@id\":\"https:\/\/dev.explora.cl\/araucania\/#\/schema\/person\/image\/\",\"url\":\"https:\/\/secure.gravatar.com\/avatar\/eeff3c82f2c02f7177d13663b7e6f890e9a6a0647ce9bb29cae02dcb094c7312?s=96&d=mm&r=g\",\"contentUrl\":\"https:\/\/secure.gravatar.com\/avatar\/eeff3c82f2c02f7177d13663b7e6f890e9a6a0647ce9bb29cae02dcb094c7312?s=96&d=mm&r=g\",\"caption\":\"webman\"},\"url\":\"https:\/\/dev.explora.cl\/araucania\/author\/webman\/\"}]}<\/script>\n<!-- \/ Yoast SEO plugin. -->","yoast_head_json":{"title":"Fruct\u00edfera reuni\u00f3n entre investigadores y equipo PAR Explora La Araucan\u00eda - Araucan\u00eda","robots":{"index":"index","follow":"follow","max-snippet":"max-snippet:-1","max-image-preview":"max-image-preview:large","max-video-preview":"max-video-preview:-1"},"canonical":"https:\/\/dev.explora.cl\/araucania\/fructifera-reunion-entre-investigadores-y-equipo-par-explora-la-araucania\/","og_locale":"es_ES","og_type":"article","og_title":"Fruct\u00edfera reuni\u00f3n entre investigadores y equipo PAR Explora La Araucan\u00eda - Araucan\u00eda","og_description":"Investigadores de laboratorios pertenecientes a la Universidad de La Frontera, Universidad\u00a0 Aut\u00f3noma de Chile sede Temuco y el Museo Regional Araucan\u00eda, se reunieron con el equipo del PAR Explora de CONICYT La Araucan\u00eda, con el objetivo de conversar y analizar lo que fue su participaci\u00f3n en las iniciativas \u201cPasant\u00edas de Investigaci\u00f3n\u201d y \u201cAcademias Cient\u00edficas\u201d 2018. [&hellip;]","og_url":"https:\/\/dev.explora.cl\/araucania\/fructifera-reunion-entre-investigadores-y-equipo-par-explora-la-araucania\/","og_site_name":"Araucan\u00eda","article_published_time":"2018-12-11T13:34:53+00:00","article_modified_time":"2019-05-20T19:13:06+00:00","og_image":[{"width":500,"height":334,"url":"https:\/\/dev.explora.cl\/araucania\/wp-content\/uploads\/sites\/15\/2018\/12\/desayuno1-2.jpg","type":"image\/jpeg"}],"author":"webman","twitter_card":"summary_large_image","twitter_misc":{"Escrito por":"webman","Tiempo estimado de lectura":"4 minutos"},"schema":{"@context":"https:\/\/schema.org","@graph":[{"@type":"Article","@id":"https:\/\/dev.explora.cl\/araucania\/fructifera-reunion-entre-investigadores-y-equipo-par-explora-la-araucania\/#article","isPartOf":{"@id":"https:\/\/dev.explora.cl\/araucania\/fructifera-reunion-entre-investigadores-y-equipo-par-explora-la-araucania\/"},"author":{"name":"webman","@id":"https:\/\/dev.explora.cl\/araucania\/#\/schema\/person\/cb8349c13ea2d324080adf8480d7ba5d"},"headline":"Fruct\u00edfera reuni\u00f3n entre investigadores y equipo PAR Explora La Araucan\u00eda","datePublished":"2018-12-11T13:34:53+00:00","dateModified":"2019-05-20T19:13:06+00:00","mainEntityOfPage":{"@id":"https:\/\/dev.explora.cl\/araucania\/fructifera-reunion-entre-investigadores-y-equipo-par-explora-la-araucania\/"},"wordCount":732,"image":{"@id":"https:\/\/dev.explora.cl\/araucania\/fructifera-reunion-entre-investigadores-y-equipo-par-explora-la-araucania\/#primaryimage"},"thumbnailUrl":"https:\/\/dev.explora.cl\/araucania\/wp-content\/uploads\/sites\/15\/2018\/12\/desayuno1-2.jpg","keywords":["academias","investigaci\u00f3n","La Araucan\u00eda","pasant\u00edas"],"articleSection":["Noticias"],"inLanguage":"es-CL"},{"@type":"WebPage","@id":"https:\/\/dev.explora.cl\/araucania\/fructifera-reunion-entre-investigadores-y-equipo-par-explora-la-araucania\/","url":"https:\/\/dev.explora.cl\/araucania\/fructifera-reunion-entre-investigadores-y-equipo-par-explora-la-araucania\/","name":"Fruct\u00edfera reuni\u00f3n entre investigadores y equipo PAR Explora La Araucan\u00eda - Araucan\u00eda","isPartOf":{"@id":"https:\/\/dev.explora.cl\/araucania\/#website"},"primaryImageOfPage":{"@id":"https:\/\/dev.explora.cl\/araucania\/fructifera-reunion-entre-investigadores-y-equipo-par-explora-la-araucania\/#primaryimage"},"image":{"@id":"https:\/\/dev.explora.cl\/araucania\/fructifera-reunion-entre-investigadores-y-equipo-par-explora-la-araucania\/#primaryimage"},"thumbnailUrl":"https:\/\/dev.explora.cl\/araucania\/wp-content\/uploads\/sites\/15\/2018\/12\/desayuno1-2.jpg","datePublished":"2018-12-11T13:34:53+00:00","dateModified":"2019-05-20T19:13:06+00:00","author":{"@id":"https:\/\/dev.explora.cl\/araucania\/#\/schema\/person\/cb8349c13ea2d324080adf8480d7ba5d"},"breadcrumb":{"@id":"https:\/\/dev.explora.cl\/araucania\/fructifera-reunion-entre-investigadores-y-equipo-par-explora-la-araucania\/#breadcrumb"},"inLanguage":"es-CL","potentialAction":[{"@type":"ReadAction","target":["https:\/\/dev.explora.cl\/araucania\/fructifera-reunion-entre-investigadores-y-equipo-par-explora-la-araucania\/"]}]},{"@type":"ImageObject","inLanguage":"es-CL","@id":"https:\/\/dev.explora.cl\/araucania\/fructifera-reunion-entre-investigadores-y-equipo-par-explora-la-araucania\/#primaryimage","url":"https:\/\/dev.explora.cl\/araucania\/wp-content\/uploads\/sites\/15\/2018\/12\/desayuno1-2.jpg","contentUrl":"https:\/\/dev.explora.cl\/araucania\/wp-content\/uploads\/sites\/15\/2018\/12\/desayuno1-2.jpg","width":500,"height":334},{"@type":"BreadcrumbList","@id":"https:\/\/dev.explora.cl\/araucania\/fructifera-reunion-entre-investigadores-y-equipo-par-explora-la-araucania\/#breadcrumb","itemListElement":[{"@type":"ListItem","position":1,"name":"Portada","item":"https:\/\/dev.explora.cl\/araucania\/"},{"@type":"ListItem","position":2,"name":"Fruct\u00edfera reuni\u00f3n entre investigadores y equipo PAR Explora La Araucan\u00eda"}]},{"@type":"WebSite","@id":"https:\/\/dev.explora.cl\/araucania\/#website","url":"https:\/\/dev.explora.cl\/araucania\/","name":"Araucan\u00eda","description":"Otro sitio m\u00e1s de dev.explora.cl","potentialAction":[{"@type":"SearchAction","target":{"@type":"EntryPoint","urlTemplate":"https:\/\/dev.explora.cl\/araucania\/?s={search_term_string}"},"query-input":{"@type":"PropertyValueSpecification","valueRequired":true,"valueName":"search_term_string"}}],"inLanguage":"es-CL"},{"@type":"Person","@id":"https:\/\/dev.explora.cl\/araucania\/#\/schema\/person\/cb8349c13ea2d324080adf8480d7ba5d","name":"webman","image":{"@type":"ImageObject","inLanguage":"es-CL","@id":"https:\/\/dev.explora.cl\/araucania\/#\/schema\/person\/image\/","url":"https:\/\/secure.gravatar.com\/avatar\/eeff3c82f2c02f7177d13663b7e6f890e9a6a0647ce9bb29cae02dcb094c7312?s=96&d=mm&r=g","contentUrl":"https:\/\/secure.gravatar.com\/avatar\/eeff3c82f2c02f7177d13663b7e6f890e9a6a0647ce9bb29cae02dcb094c7312?s=96&d=mm&r=g","caption":"webman"},"url":"https:\/\/dev.explora.cl\/araucania\/author\/webman\/"}]}},"_links":{"self":[{"href":"https:\/\/dev.explora.cl\/araucania\/wp-json\/wp\/v2\/posts\/37807","targetHints":{"allow":["GET"]}}],"collection":[{"href":"https:\/\/dev.explora.cl\/araucania\/wp-json\/wp\/v2\/posts"}],"about":[{"href":"https:\/\/dev.explora.cl\/araucania\/wp-json\/wp\/v2\/types\/post"}],"author":[{"embeddable":true,"href":"https:\/\/dev.explora.cl\/araucania\/wp-json\/wp\/v2\/users\/2"}],"replies":[{"embeddable":true,"href":"https:\/\/dev.explora.cl\/araucania\/wp-json\/wp\/v2\/comments?post=37807"}],"version-history":[{"count":1,"href":"https:\/\/dev.explora.cl\/araucania\/wp-json\/wp\/v2\/posts\/37807\/revisions"}],"predecessor-version":[{"id":37840,"href":"https:\/\/dev.explora.cl\/araucania\/wp-json\/wp\/v2\/posts\/37807\/revisions\/37840"}],"wp:featuredmedia":[{"embeddable":true,"href":"https:\/\/dev.explora.cl\/araucania\/wp-json\/wp\/v2\/media\/37251"}],"wp:attachment":[{"href":"https:\/\/dev.explora.cl\/araucania\/wp-json\/wp\/v2\/media?parent=37807"}],"wp:term":[{"taxonomy":"category","embeddable":true,"href":"https:\/\/dev.explora.cl\/araucania\/wp-json\/wp\/v2\/categories?post=37807"},{"taxonomy":"post_tag","embeddable":true,"href":"https:\/\/dev.explora.cl\/araucania\/wp-json\/wp\/v2\/tags?post=37807"}],"curies":[{"name":"wp","href":"https:\/\/api.w.org\/{rel}","templated":true}]}}