{"id":37777,"date":"2014-08-06T00:00:00","date_gmt":"2014-08-06T04:00:00","guid":{"rendered":"https:\/\/dev.explora.cl\/araucania\/blog\/2014\/08\/06\/se-inician-visitas-a-talleres-tcc-en-la-araucania\/"},"modified":"2019-05-20T19:04:26","modified_gmt":"2019-05-20T19:04:26","slug":"se-inician-visitas-a-talleres-tcc-en-la-araucania-2","status":"publish","type":"post","link":"https:\/\/dev.explora.cl\/araucania\/se-inician-visitas-a-talleres-tcc-en-la-araucania-2\/","title":{"rendered":"Se inician visitas a Talleres TCC en La Araucan\u00eda"},"content":{"rendered":"<p><img loading=\"lazy\" decoding=\"async\" class=\" size-full wp-image-4436\" src=\"http:\/\/ec2-34-218-253-251.us-west-2.compute.amazonaws.com\/wp-content\/uploads\/2014\/08\/42433d914d50be2debde725181e28d45.jpg\" alt=\"\" width=\"4320\" height=\"3240\" \/><\/p>\n<p style=\"text-align: center\"><em>La primera semana de agosto se dio inicio, por parte de las tutoras regionales, a las visitas de los talleres de la iniciativa Tus Competencias en Ciencias en los establecimientos de la regi\u00f3n de La Araucan\u00eda.<\/em><\/p>\n<p style=\"text-align: justify\">El Colegio Pumahue de Temuco y la Escuela N\u00b0 5 de Gorbea fueron los primeros establecimientos en ser visitados para conocer el funcionamiento de sus respectivos talleres, entrevistar a estudiantes, facilitadores y directivos sobre TCC y tomar evidencia del trabajo cient\u00edfico realizado en sus aulas.<\/p>\n<p style=\"text-align: justify\">De esta manera, se inicia el proceso de conocer en terreno cada uno de los 40 talleres de Educaci\u00f3n B\u00e1sica Segundo Ciclo, que actualmente se encuentran activos en la regi\u00f3n y pertenecen a 16 comunas.<\/p>\n<p style=\"text-align: justify\">Pr\u00f3ximamente, los facilitadores de cada uno de los talleres tendr\u00e1n la oportunidad de contar sus experiencias y resolver dudas respecto a este primer a\u00f1o de trabajo con la iniciativa Tus Competencias en Ciencias, en una reuni\u00f3n de evaluaci\u00f3n. El encuentro tendr\u00e1 lugar el mi\u00e9rcoles 20 de agosto en dependencias de la Universidad de La Frontera.<\/p>\n<p style=\"text-align: justify\">Cabe se\u00f1alar, que la iniciativa Tus Competencias en Ciencias es ejecutada por el Proyecto Asociativo EXPLORA CONICYT Regi\u00f3n de La Araucan\u00eda y este a\u00f1o, ya capacit\u00f3 a 40 docentes de Educaci\u00f3n B\u00e1sica Segundo Ciclo y, adem\u00e1s, contin\u00faa trabajando con antiguos facilitadores, quienes siguen implementando TCC en sus establecimientos.<\/p>\n<p style=\"text-align: justify\">Periodista: M. Cecilia Mu\u00f1oz Concha<\/p>\n","protected":false},"excerpt":{"rendered":"<p>La primera semana de agosto se dio inicio, por parte de las tutoras regionales, a las visitas de los talleres de la iniciativa Tus Competencias en Ciencias en los establecimientos de la regi\u00f3n de La Araucan\u00eda. El Colegio Pumahue de Temuco y la Escuela N\u00b0 5 de Gorbea fueron los primeros establecimientos en ser visitados [&hellip;]<\/p>\n","protected":false},"author":2,"featured_media":269,"comment_status":"open","ping_status":"open","sticky":false,"template":"","format":"standard","meta":{"_acf_changed":false,"_exactmetrics_skip_tracking":false,"_exactmetrics_sitenote_active":false,"_exactmetrics_sitenote_note":"","_exactmetrics_sitenote_category":0,"footnotes":"","_links_to":"","_links_to_target":""},"categories":[4],"tags":[],"class_list":["post-37777","post","type-post","status-publish","format-standard","has-post-thumbnail","hentry","category-noticias"],"acf":[],"yoast_head":"<!-- This site is optimized with the Yoast SEO plugin v26.7 - https:\/\/yoast.com\/wordpress\/plugins\/seo\/ -->\n<title>Se inician visitas a Talleres TCC en La Araucan\u00eda - Araucan\u00eda<\/title>\n<meta name=\"robots\" content=\"index, follow, max-snippet:-1, max-image-preview:large, max-video-preview:-1\" \/>\n<link rel=\"canonical\" href=\"https:\/\/dev.explora.cl\/araucania\/se-inician-visitas-a-talleres-tcc-en-la-araucania-2\/\" class=\"yoast-seo-meta-tag\" \/>\n<meta property=\"og:locale\" content=\"es_ES\" class=\"yoast-seo-meta-tag\" \/>\n<meta property=\"og:type\" content=\"article\" class=\"yoast-seo-meta-tag\" \/>\n<meta property=\"og:title\" content=\"Se inician visitas a Talleres TCC en La Araucan\u00eda - Araucan\u00eda\" class=\"yoast-seo-meta-tag\" \/>\n<meta property=\"og:description\" content=\"La primera semana de agosto se dio inicio, por parte de las tutoras regionales, a las visitas de los talleres de la iniciativa Tus Competencias en Ciencias en los establecimientos de la regi\u00f3n de La Araucan\u00eda. El Colegio Pumahue de Temuco y la Escuela N\u00b0 5 de Gorbea fueron los primeros establecimientos en ser visitados [&hellip;]\" class=\"yoast-seo-meta-tag\" \/>\n<meta property=\"og:url\" content=\"https:\/\/dev.explora.cl\/araucania\/se-inician-visitas-a-talleres-tcc-en-la-araucania-2\/\" class=\"yoast-seo-meta-tag\" \/>\n<meta property=\"og:site_name\" content=\"Araucan\u00eda\" class=\"yoast-seo-meta-tag\" \/>\n<meta property=\"article:published_time\" content=\"2014-08-06T04:00:00+00:00\" class=\"yoast-seo-meta-tag\" \/>\n<meta property=\"article:modified_time\" content=\"2019-05-20T19:04:26+00:00\" class=\"yoast-seo-meta-tag\" \/>\n<meta property=\"og:image\" content=\"https:\/\/dev.explora.cl\/araucania\/wp-content\/uploads\/sites\/15\/2018\/06\/42433d914d50be2debde725181e28d45-1024x768.jpg\" class=\"yoast-seo-meta-tag\" \/>\n\t<meta property=\"og:image:width\" content=\"1024\" class=\"yoast-seo-meta-tag\" \/>\n\t<meta property=\"og:image:height\" content=\"768\" class=\"yoast-seo-meta-tag\" \/>\n\t<meta property=\"og:image:type\" content=\"image\/jpeg\" class=\"yoast-seo-meta-tag\" \/>\n<meta name=\"author\" content=\"webman\" class=\"yoast-seo-meta-tag\" \/>\n<meta name=\"twitter:card\" content=\"summary_large_image\" class=\"yoast-seo-meta-tag\" \/>\n<meta name=\"twitter:label1\" content=\"Escrito por\" class=\"yoast-seo-meta-tag\" \/>\n\t<meta name=\"twitter:data1\" content=\"webman\" class=\"yoast-seo-meta-tag\" \/>\n\t<meta name=\"twitter:label2\" content=\"Tiempo estimado de lectura\" class=\"yoast-seo-meta-tag\" \/>\n\t<meta name=\"twitter:data2\" content=\"1 minuto\" class=\"yoast-seo-meta-tag\" \/>\n<script type=\"application\/ld+json\" class=\"yoast-schema-graph\">{\"@context\":\"https:\/\/schema.org\",\"@graph\":[{\"@type\":\"Article\",\"@id\":\"https:\/\/dev.explora.cl\/araucania\/se-inician-visitas-a-talleres-tcc-en-la-araucania-2\/#article\",\"isPartOf\":{\"@id\":\"https:\/\/dev.explora.cl\/araucania\/se-inician-visitas-a-talleres-tcc-en-la-araucania-2\/\"},\"author\":{\"name\":\"webman\",\"@id\":\"https:\/\/dev.explora.cl\/araucania\/#\/schema\/person\/cb8349c13ea2d324080adf8480d7ba5d\"},\"headline\":\"Se inician visitas a Talleres TCC en La Araucan\u00eda\",\"datePublished\":\"2014-08-06T04:00:00+00:00\",\"dateModified\":\"2019-05-20T19:04:26+00:00\",\"mainEntityOfPage\":{\"@id\":\"https:\/\/dev.explora.cl\/araucania\/se-inician-visitas-a-talleres-tcc-en-la-araucania-2\/\"},\"wordCount\":250,\"commentCount\":0,\"image\":{\"@id\":\"https:\/\/dev.explora.cl\/araucania\/se-inician-visitas-a-talleres-tcc-en-la-araucania-2\/#primaryimage\"},\"thumbnailUrl\":\"https:\/\/dev.explora.cl\/araucania\/wp-content\/uploads\/sites\/15\/2018\/06\/42433d914d50be2debde725181e28d45.jpg\",\"articleSection\":[\"Noticias\"],\"inLanguage\":\"es-CL\",\"potentialAction\":[{\"@type\":\"CommentAction\",\"name\":\"Comment\",\"target\":[\"https:\/\/dev.explora.cl\/araucania\/se-inician-visitas-a-talleres-tcc-en-la-araucania-2\/#respond\"]}]},{\"@type\":\"WebPage\",\"@id\":\"https:\/\/dev.explora.cl\/araucania\/se-inician-visitas-a-talleres-tcc-en-la-araucania-2\/\",\"url\":\"https:\/\/dev.explora.cl\/araucania\/se-inician-visitas-a-talleres-tcc-en-la-araucania-2\/\",\"name\":\"Se inician visitas a Talleres TCC en La Araucan\u00eda - Araucan\u00eda\",\"isPartOf\":{\"@id\":\"https:\/\/dev.explora.cl\/araucania\/#website\"},\"primaryImageOfPage\":{\"@id\":\"https:\/\/dev.explora.cl\/araucania\/se-inician-visitas-a-talleres-tcc-en-la-araucania-2\/#primaryimage\"},\"image\":{\"@id\":\"https:\/\/dev.explora.cl\/araucania\/se-inician-visitas-a-talleres-tcc-en-la-araucania-2\/#primaryimage\"},\"thumbnailUrl\":\"https:\/\/dev.explora.cl\/araucania\/wp-content\/uploads\/sites\/15\/2018\/06\/42433d914d50be2debde725181e28d45.jpg\",\"datePublished\":\"2014-08-06T04:00:00+00:00\",\"dateModified\":\"2019-05-20T19:04:26+00:00\",\"author\":{\"@id\":\"https:\/\/dev.explora.cl\/araucania\/#\/schema\/person\/cb8349c13ea2d324080adf8480d7ba5d\"},\"breadcrumb\":{\"@id\":\"https:\/\/dev.explora.cl\/araucania\/se-inician-visitas-a-talleres-tcc-en-la-araucania-2\/#breadcrumb\"},\"inLanguage\":\"es-CL\",\"potentialAction\":[{\"@type\":\"ReadAction\",\"target\":[\"https:\/\/dev.explora.cl\/araucania\/se-inician-visitas-a-talleres-tcc-en-la-araucania-2\/\"]}]},{\"@type\":\"ImageObject\",\"inLanguage\":\"es-CL\",\"@id\":\"https:\/\/dev.explora.cl\/araucania\/se-inician-visitas-a-talleres-tcc-en-la-araucania-2\/#primaryimage\",\"url\":\"https:\/\/dev.explora.cl\/araucania\/wp-content\/uploads\/sites\/15\/2018\/06\/42433d914d50be2debde725181e28d45.jpg\",\"contentUrl\":\"https:\/\/dev.explora.cl\/araucania\/wp-content\/uploads\/sites\/15\/2018\/06\/42433d914d50be2debde725181e28d45.jpg\",\"width\":4320,\"height\":3240},{\"@type\":\"BreadcrumbList\",\"@id\":\"https:\/\/dev.explora.cl\/araucania\/se-inician-visitas-a-talleres-tcc-en-la-araucania-2\/#breadcrumb\",\"itemListElement\":[{\"@type\":\"ListItem\",\"position\":1,\"name\":\"Portada\",\"item\":\"https:\/\/dev.explora.cl\/araucania\/\"},{\"@type\":\"ListItem\",\"position\":2,\"name\":\"Se inician visitas a Talleres TCC en La Araucan\u00eda\"}]},{\"@type\":\"WebSite\",\"@id\":\"https:\/\/dev.explora.cl\/araucania\/#website\",\"url\":\"https:\/\/dev.explora.cl\/araucania\/\",\"name\":\"Araucan\u00eda\",\"description\":\"Otro sitio m\u00e1s de dev.explora.cl\",\"potentialAction\":[{\"@type\":\"SearchAction\",\"target\":{\"@type\":\"EntryPoint\",\"urlTemplate\":\"https:\/\/dev.explora.cl\/araucania\/?s={search_term_string}\"},\"query-input\":{\"@type\":\"PropertyValueSpecification\",\"valueRequired\":true,\"valueName\":\"search_term_string\"}}],\"inLanguage\":\"es-CL\"},{\"@type\":\"Person\",\"@id\":\"https:\/\/dev.explora.cl\/araucania\/#\/schema\/person\/cb8349c13ea2d324080adf8480d7ba5d\",\"name\":\"webman\",\"image\":{\"@type\":\"ImageObject\",\"inLanguage\":\"es-CL\",\"@id\":\"https:\/\/dev.explora.cl\/araucania\/#\/schema\/person\/image\/\",\"url\":\"https:\/\/secure.gravatar.com\/avatar\/eeff3c82f2c02f7177d13663b7e6f890e9a6a0647ce9bb29cae02dcb094c7312?s=96&d=mm&r=g\",\"contentUrl\":\"https:\/\/secure.gravatar.com\/avatar\/eeff3c82f2c02f7177d13663b7e6f890e9a6a0647ce9bb29cae02dcb094c7312?s=96&d=mm&r=g\",\"caption\":\"webman\"},\"url\":\"https:\/\/dev.explora.cl\/araucania\/author\/webman\/\"}]}<\/script>\n<!-- \/ Yoast SEO plugin. -->","yoast_head_json":{"title":"Se inician visitas a Talleres TCC en La Araucan\u00eda - Araucan\u00eda","robots":{"index":"index","follow":"follow","max-snippet":"max-snippet:-1","max-image-preview":"max-image-preview:large","max-video-preview":"max-video-preview:-1"},"canonical":"https:\/\/dev.explora.cl\/araucania\/se-inician-visitas-a-talleres-tcc-en-la-araucania-2\/","og_locale":"es_ES","og_type":"article","og_title":"Se inician visitas a Talleres TCC en La Araucan\u00eda - Araucan\u00eda","og_description":"La primera semana de agosto se dio inicio, por parte de las tutoras regionales, a las visitas de los talleres de la iniciativa Tus Competencias en Ciencias en los establecimientos de la regi\u00f3n de La Araucan\u00eda. El Colegio Pumahue de Temuco y la Escuela N\u00b0 5 de Gorbea fueron los primeros establecimientos en ser visitados [&hellip;]","og_url":"https:\/\/dev.explora.cl\/araucania\/se-inician-visitas-a-talleres-tcc-en-la-araucania-2\/","og_site_name":"Araucan\u00eda","article_published_time":"2014-08-06T04:00:00+00:00","article_modified_time":"2019-05-20T19:04:26+00:00","og_image":[{"width":1024,"height":768,"url":"https:\/\/dev.explora.cl\/araucania\/wp-content\/uploads\/sites\/15\/2018\/06\/42433d914d50be2debde725181e28d45-1024x768.jpg","type":"image\/jpeg"}],"author":"webman","twitter_card":"summary_large_image","twitter_misc":{"Escrito por":"webman","Tiempo estimado de lectura":"1 minuto"},"schema":{"@context":"https:\/\/schema.org","@graph":[{"@type":"Article","@id":"https:\/\/dev.explora.cl\/araucania\/se-inician-visitas-a-talleres-tcc-en-la-araucania-2\/#article","isPartOf":{"@id":"https:\/\/dev.explora.cl\/araucania\/se-inician-visitas-a-talleres-tcc-en-la-araucania-2\/"},"author":{"name":"webman","@id":"https:\/\/dev.explora.cl\/araucania\/#\/schema\/person\/cb8349c13ea2d324080adf8480d7ba5d"},"headline":"Se inician visitas a Talleres TCC en La Araucan\u00eda","datePublished":"2014-08-06T04:00:00+00:00","dateModified":"2019-05-20T19:04:26+00:00","mainEntityOfPage":{"@id":"https:\/\/dev.explora.cl\/araucania\/se-inician-visitas-a-talleres-tcc-en-la-araucania-2\/"},"wordCount":250,"commentCount":0,"image":{"@id":"https:\/\/dev.explora.cl\/araucania\/se-inician-visitas-a-talleres-tcc-en-la-araucania-2\/#primaryimage"},"thumbnailUrl":"https:\/\/dev.explora.cl\/araucania\/wp-content\/uploads\/sites\/15\/2018\/06\/42433d914d50be2debde725181e28d45.jpg","articleSection":["Noticias"],"inLanguage":"es-CL","potentialAction":[{"@type":"CommentAction","name":"Comment","target":["https:\/\/dev.explora.cl\/araucania\/se-inician-visitas-a-talleres-tcc-en-la-araucania-2\/#respond"]}]},{"@type":"WebPage","@id":"https:\/\/dev.explora.cl\/araucania\/se-inician-visitas-a-talleres-tcc-en-la-araucania-2\/","url":"https:\/\/dev.explora.cl\/araucania\/se-inician-visitas-a-talleres-tcc-en-la-araucania-2\/","name":"Se inician visitas a Talleres TCC en La Araucan\u00eda - Araucan\u00eda","isPartOf":{"@id":"https:\/\/dev.explora.cl\/araucania\/#website"},"primaryImageOfPage":{"@id":"https:\/\/dev.explora.cl\/araucania\/se-inician-visitas-a-talleres-tcc-en-la-araucania-2\/#primaryimage"},"image":{"@id":"https:\/\/dev.explora.cl\/araucania\/se-inician-visitas-a-talleres-tcc-en-la-araucania-2\/#primaryimage"},"thumbnailUrl":"https:\/\/dev.explora.cl\/araucania\/wp-content\/uploads\/sites\/15\/2018\/06\/42433d914d50be2debde725181e28d45.jpg","datePublished":"2014-08-06T04:00:00+00:00","dateModified":"2019-05-20T19:04:26+00:00","author":{"@id":"https:\/\/dev.explora.cl\/araucania\/#\/schema\/person\/cb8349c13ea2d324080adf8480d7ba5d"},"breadcrumb":{"@id":"https:\/\/dev.explora.cl\/araucania\/se-inician-visitas-a-talleres-tcc-en-la-araucania-2\/#breadcrumb"},"inLanguage":"es-CL","potentialAction":[{"@type":"ReadAction","target":["https:\/\/dev.explora.cl\/araucania\/se-inician-visitas-a-talleres-tcc-en-la-araucania-2\/"]}]},{"@type":"ImageObject","inLanguage":"es-CL","@id":"https:\/\/dev.explora.cl\/araucania\/se-inician-visitas-a-talleres-tcc-en-la-araucania-2\/#primaryimage","url":"https:\/\/dev.explora.cl\/araucania\/wp-content\/uploads\/sites\/15\/2018\/06\/42433d914d50be2debde725181e28d45.jpg","contentUrl":"https:\/\/dev.explora.cl\/araucania\/wp-content\/uploads\/sites\/15\/2018\/06\/42433d914d50be2debde725181e28d45.jpg","width":4320,"height":3240},{"@type":"BreadcrumbList","@id":"https:\/\/dev.explora.cl\/araucania\/se-inician-visitas-a-talleres-tcc-en-la-araucania-2\/#breadcrumb","itemListElement":[{"@type":"ListItem","position":1,"name":"Portada","item":"https:\/\/dev.explora.cl\/araucania\/"},{"@type":"ListItem","position":2,"name":"Se inician visitas a Talleres TCC en La Araucan\u00eda"}]},{"@type":"WebSite","@id":"https:\/\/dev.explora.cl\/araucania\/#website","url":"https:\/\/dev.explora.cl\/araucania\/","name":"Araucan\u00eda","description":"Otro sitio m\u00e1s de dev.explora.cl","potentialAction":[{"@type":"SearchAction","target":{"@type":"EntryPoint","urlTemplate":"https:\/\/dev.explora.cl\/araucania\/?s={search_term_string}"},"query-input":{"@type":"PropertyValueSpecification","valueRequired":true,"valueName":"search_term_string"}}],"inLanguage":"es-CL"},{"@type":"Person","@id":"https:\/\/dev.explora.cl\/araucania\/#\/schema\/person\/cb8349c13ea2d324080adf8480d7ba5d","name":"webman","image":{"@type":"ImageObject","inLanguage":"es-CL","@id":"https:\/\/dev.explora.cl\/araucania\/#\/schema\/person\/image\/","url":"https:\/\/secure.gravatar.com\/avatar\/eeff3c82f2c02f7177d13663b7e6f890e9a6a0647ce9bb29cae02dcb094c7312?s=96&d=mm&r=g","contentUrl":"https:\/\/secure.gravatar.com\/avatar\/eeff3c82f2c02f7177d13663b7e6f890e9a6a0647ce9bb29cae02dcb094c7312?s=96&d=mm&r=g","caption":"webman"},"url":"https:\/\/dev.explora.cl\/araucania\/author\/webman\/"}]}},"_links":{"self":[{"href":"https:\/\/dev.explora.cl\/araucania\/wp-json\/wp\/v2\/posts\/37777","targetHints":{"allow":["GET"]}}],"collection":[{"href":"https:\/\/dev.explora.cl\/araucania\/wp-json\/wp\/v2\/posts"}],"about":[{"href":"https:\/\/dev.explora.cl\/araucania\/wp-json\/wp\/v2\/types\/post"}],"author":[{"embeddable":true,"href":"https:\/\/dev.explora.cl\/araucania\/wp-json\/wp\/v2\/users\/2"}],"replies":[{"embeddable":true,"href":"https:\/\/dev.explora.cl\/araucania\/wp-json\/wp\/v2\/comments?post=37777"}],"version-history":[{"count":1,"href":"https:\/\/dev.explora.cl\/araucania\/wp-json\/wp\/v2\/posts\/37777\/revisions"}],"predecessor-version":[{"id":38475,"href":"https:\/\/dev.explora.cl\/araucania\/wp-json\/wp\/v2\/posts\/37777\/revisions\/38475"}],"wp:featuredmedia":[{"embeddable":true,"href":"https:\/\/dev.explora.cl\/araucania\/wp-json\/wp\/v2\/media\/269"}],"wp:attachment":[{"href":"https:\/\/dev.explora.cl\/araucania\/wp-json\/wp\/v2\/media?parent=37777"}],"wp:term":[{"taxonomy":"category","embeddable":true,"href":"https:\/\/dev.explora.cl\/araucania\/wp-json\/wp\/v2\/categories?post=37777"},{"taxonomy":"post_tag","embeddable":true,"href":"https:\/\/dev.explora.cl\/araucania\/wp-json\/wp\/v2\/tags?post=37777"}],"curies":[{"name":"wp","href":"https:\/\/api.w.org\/{rel}","templated":true}]}}