{"id":37764,"date":"2014-07-24T00:00:00","date_gmt":"2014-07-24T04:00:00","guid":{"rendered":"https:\/\/dev.explora.cl\/araucania\/blog\/2014\/07\/24\/ciclo-de-charlas-del-primer-semestre-llega-a-mas-de-mil-estudiantes-de-la-araucania\/"},"modified":"2019-05-20T19:04:39","modified_gmt":"2019-05-20T19:04:39","slug":"ciclo-de-charlas-del-primer-semestre-llega-a-mas-de-mil-estudiantes-de-la-araucania-2-2","status":"publish","type":"post","link":"https:\/\/dev.explora.cl\/araucania\/ciclo-de-charlas-del-primer-semestre-llega-a-mas-de-mil-estudiantes-de-la-araucania-2-2\/","title":{"rendered":"Ciclo de Charlas del primer semestre llega a m\u00e1s de mil estudiantes de La Araucan\u00eda"},"content":{"rendered":"<p><img loading=\"lazy\" decoding=\"async\" class=\" size-full wp-image-4144\" src=\"http:\/\/ec2-34-218-253-251.us-west-2.compute.amazonaws.com\/wp-content\/uploads\/2014\/07\/ff1081c09a14e340858d79bf35d9d306.jpg\" alt=\"\" width=\"4320\" height=\"3240\" \/><\/p>\n<p style=\"text-align: center\"><em>En lo que va del a\u00f1o, 12 establecimientos de distintas comunas han recibido la visita de cient\u00edficos y cient\u00edficas.<\/em><\/p>\n<p>Al igual que en a\u00f1os anteriores, el Ciclo de Charlas contin\u00faa llevando el quehacer cient\u00edfico y tecnol\u00f3gico a las aulas de estudiantes de educaci\u00f3n b\u00e1sica y media de distintos puntos de La Araucan\u00eda este 2014, con el prop\u00f3sito de promover y fomentar el inter\u00e9s por este \u00e1mbito en la comunidad escolar.<\/p>\n<p>Energ\u00eda y medioambiente, modelamiento matem\u00e1tico, el efecto del cambio clim\u00e1tico en las plantas de la Ant\u00e1rtica y experiencias de vida motivadoras fueron algunas de las tem\u00e1ticas que se abordaron en este ciclo del primer semestre, iniciativa del Proyecto EXPLORA CONICYT Regi\u00f3n de La Araucan\u00eda, ejecutado por la Universidad de La Frontera (Ufro).<\/p>\n<p>En total fueron doce las exposiciones que dictaron investigadores y acad\u00e9micos de la Universidad Cat\u00f3lica de Temuco, de la Universidad Mayor y la Ufro, quienes entregaron sus conocimientos, mostraron sus \u00e1reas de investigaci\u00f3n y compartieron sus experiencias en el mundo cient\u00edfico con m\u00e1s de mil estudiantes de s\u00e9ptimo a\u00f1o b\u00e1sico a cuarto a\u00f1o medio.<\/p>\n<p>De esta manera, gracias a la iniciativa, alumnos y alumnas de establecimientos de comunas como Angol, Lautaro, Cunco, Nueva Imperial, Temuco, entre otras, aprendieron sobre nuevas tem\u00e1ticas y conocieron c\u00f3mo se hace ciencia de manera m\u00e1s cercana y entretenida.<\/p>\n<p><strong>El mundo cient\u00edfico fuera de los laboratorios<\/strong><\/p>\n<p><img loading=\"lazy\" decoding=\"async\" class=\" alignleft size-full wp-image-4145\" src=\"http:\/\/ec2-34-218-253-251.us-west-2.compute.amazonaws.com\/wp-content\/uploads\/2014\/07\/Ciclo-de-charlas-3.jpg\" border=\"0\" alt=\"\" align=\"left\" width=\"347\" height=\"260\" \/>Desde el a\u00f1o 2000, el Proyecto EXPLORA CONICYT Regi\u00f3n de La Araucan\u00eda ha trabajado para llevar la ciencia y la tecnolog\u00eda m\u00e1s all\u00e1 de los laboratorios y los espacios universitarios, con el fin de que toda la comunidad pueda conocer los beneficios de estas \u00e1reas y encantarse en torno a ellas.<\/p>\n<p>En este sentido, el Ciclo de Charlas es una de las actividades de divulgaci\u00f3n que cumple mayormente este objetivo, pues traslada a acad\u00e9micos y cient\u00edficos a los distintos establecimientos de nuestra regi\u00f3n, para que compartan su quehacer con la comunidad educativa y acerquen, de este modo, el mundo cient\u00edfico y tecnol\u00f3gico a los ni\u00f1os, ni\u00f1as y j\u00f3venes.<\/p>\n<p>Es por ello que la iniciativa tiene un valioso impacto tanto en los profesionales que dictan las charlas, quienes pueden difundir su trabajo en la comunidad no cient\u00edfica, como en los profesores y estudiantes que aprenden nuevos contenidos en un proceso de aprendizaje distinto y significativo.<\/p>\n<p>La actividad Ciclo de Charlas seguir\u00e1 su recorrido por distintos establecimientos de la regi\u00f3n durante este segundo semestre, con el objetivo de continuar ampliando los horizontes del conocimiento en los estudiantes y estimular su gusto por el mundo cient\u00edfico.<\/p>\n<p>Periodista: Carolina Nahuelpi \u00c1lvarez.<\/p>\n","protected":false},"excerpt":{"rendered":"<p>En lo que va del a\u00f1o, 12 establecimientos de distintas comunas han recibido la visita de cient\u00edficos y cient\u00edficas. Al igual que en a\u00f1os anteriores, el Ciclo de Charlas contin\u00faa llevando el quehacer cient\u00edfico y tecnol\u00f3gico a las aulas de estudiantes de educaci\u00f3n b\u00e1sica y media de distintos puntos de La Araucan\u00eda este 2014, con [&hellip;]<\/p>\n","protected":false},"author":2,"featured_media":236,"comment_status":"open","ping_status":"open","sticky":false,"template":"","format":"standard","meta":{"_acf_changed":false,"_exactmetrics_skip_tracking":false,"_exactmetrics_sitenote_active":false,"_exactmetrics_sitenote_note":"","_exactmetrics_sitenote_category":0,"footnotes":"","_links_to":"","_links_to_target":""},"categories":[4],"tags":[],"class_list":["post-37764","post","type-post","status-publish","format-standard","has-post-thumbnail","hentry","category-noticias"],"acf":[],"yoast_head":"<!-- This site is optimized with the Yoast SEO plugin v26.7 - https:\/\/yoast.com\/wordpress\/plugins\/seo\/ -->\n<title>Ciclo de Charlas del primer semestre llega a m\u00e1s de mil estudiantes de La Araucan\u00eda - Araucan\u00eda<\/title>\n<meta name=\"robots\" content=\"index, follow, max-snippet:-1, max-image-preview:large, max-video-preview:-1\" \/>\n<link rel=\"canonical\" href=\"https:\/\/dev.explora.cl\/araucania\/ciclo-de-charlas-del-primer-semestre-llega-a-mas-de-mil-estudiantes-de-la-araucania-2-2\/\" class=\"yoast-seo-meta-tag\" \/>\n<meta property=\"og:locale\" content=\"es_ES\" class=\"yoast-seo-meta-tag\" \/>\n<meta property=\"og:type\" content=\"article\" class=\"yoast-seo-meta-tag\" \/>\n<meta property=\"og:title\" content=\"Ciclo de Charlas del primer semestre llega a m\u00e1s de mil estudiantes de La Araucan\u00eda - Araucan\u00eda\" class=\"yoast-seo-meta-tag\" \/>\n<meta property=\"og:description\" content=\"En lo que va del a\u00f1o, 12 establecimientos de distintas comunas han recibido la visita de cient\u00edficos y cient\u00edficas. Al igual que en a\u00f1os anteriores, el Ciclo de Charlas contin\u00faa llevando el quehacer cient\u00edfico y tecnol\u00f3gico a las aulas de estudiantes de educaci\u00f3n b\u00e1sica y media de distintos puntos de La Araucan\u00eda este 2014, con [&hellip;]\" class=\"yoast-seo-meta-tag\" \/>\n<meta property=\"og:url\" content=\"https:\/\/dev.explora.cl\/araucania\/ciclo-de-charlas-del-primer-semestre-llega-a-mas-de-mil-estudiantes-de-la-araucania-2-2\/\" class=\"yoast-seo-meta-tag\" \/>\n<meta property=\"og:site_name\" content=\"Araucan\u00eda\" class=\"yoast-seo-meta-tag\" \/>\n<meta property=\"article:published_time\" content=\"2014-07-24T04:00:00+00:00\" class=\"yoast-seo-meta-tag\" \/>\n<meta property=\"article:modified_time\" content=\"2019-05-20T19:04:39+00:00\" class=\"yoast-seo-meta-tag\" \/>\n<meta property=\"og:image\" content=\"https:\/\/dev.explora.cl\/araucania\/wp-content\/uploads\/sites\/15\/2018\/06\/ff1081c09a14e340858d79bf35d9d306-1024x768.jpg\" class=\"yoast-seo-meta-tag\" \/>\n\t<meta property=\"og:image:width\" content=\"1024\" class=\"yoast-seo-meta-tag\" \/>\n\t<meta property=\"og:image:height\" content=\"768\" class=\"yoast-seo-meta-tag\" \/>\n\t<meta property=\"og:image:type\" content=\"image\/jpeg\" class=\"yoast-seo-meta-tag\" \/>\n<meta name=\"author\" content=\"webman\" class=\"yoast-seo-meta-tag\" \/>\n<meta name=\"twitter:card\" content=\"summary_large_image\" class=\"yoast-seo-meta-tag\" \/>\n<meta name=\"twitter:label1\" content=\"Escrito por\" class=\"yoast-seo-meta-tag\" \/>\n\t<meta name=\"twitter:data1\" content=\"webman\" class=\"yoast-seo-meta-tag\" \/>\n\t<meta name=\"twitter:label2\" content=\"Tiempo estimado de lectura\" class=\"yoast-seo-meta-tag\" \/>\n\t<meta name=\"twitter:data2\" content=\"2 minutos\" class=\"yoast-seo-meta-tag\" \/>\n<script type=\"application\/ld+json\" class=\"yoast-schema-graph\">{\"@context\":\"https:\/\/schema.org\",\"@graph\":[{\"@type\":\"Article\",\"@id\":\"https:\/\/dev.explora.cl\/araucania\/ciclo-de-charlas-del-primer-semestre-llega-a-mas-de-mil-estudiantes-de-la-araucania-2-2\/#article\",\"isPartOf\":{\"@id\":\"https:\/\/dev.explora.cl\/araucania\/ciclo-de-charlas-del-primer-semestre-llega-a-mas-de-mil-estudiantes-de-la-araucania-2-2\/\"},\"author\":{\"name\":\"webman\",\"@id\":\"https:\/\/dev.explora.cl\/araucania\/#\/schema\/person\/cb8349c13ea2d324080adf8480d7ba5d\"},\"headline\":\"Ciclo de Charlas del primer semestre llega a m\u00e1s de mil estudiantes de La Araucan\u00eda\",\"datePublished\":\"2014-07-24T04:00:00+00:00\",\"dateModified\":\"2019-05-20T19:04:39+00:00\",\"mainEntityOfPage\":{\"@id\":\"https:\/\/dev.explora.cl\/araucania\/ciclo-de-charlas-del-primer-semestre-llega-a-mas-de-mil-estudiantes-de-la-araucania-2-2\/\"},\"wordCount\":482,\"commentCount\":0,\"image\":{\"@id\":\"https:\/\/dev.explora.cl\/araucania\/ciclo-de-charlas-del-primer-semestre-llega-a-mas-de-mil-estudiantes-de-la-araucania-2-2\/#primaryimage\"},\"thumbnailUrl\":\"https:\/\/dev.explora.cl\/araucania\/wp-content\/uploads\/sites\/15\/2018\/06\/ff1081c09a14e340858d79bf35d9d306.jpg\",\"articleSection\":[\"Noticias\"],\"inLanguage\":\"es-CL\",\"potentialAction\":[{\"@type\":\"CommentAction\",\"name\":\"Comment\",\"target\":[\"https:\/\/dev.explora.cl\/araucania\/ciclo-de-charlas-del-primer-semestre-llega-a-mas-de-mil-estudiantes-de-la-araucania-2-2\/#respond\"]}]},{\"@type\":\"WebPage\",\"@id\":\"https:\/\/dev.explora.cl\/araucania\/ciclo-de-charlas-del-primer-semestre-llega-a-mas-de-mil-estudiantes-de-la-araucania-2-2\/\",\"url\":\"https:\/\/dev.explora.cl\/araucania\/ciclo-de-charlas-del-primer-semestre-llega-a-mas-de-mil-estudiantes-de-la-araucania-2-2\/\",\"name\":\"Ciclo de Charlas del primer semestre llega a m\u00e1s de mil estudiantes de La Araucan\u00eda - Araucan\u00eda\",\"isPartOf\":{\"@id\":\"https:\/\/dev.explora.cl\/araucania\/#website\"},\"primaryImageOfPage\":{\"@id\":\"https:\/\/dev.explora.cl\/araucania\/ciclo-de-charlas-del-primer-semestre-llega-a-mas-de-mil-estudiantes-de-la-araucania-2-2\/#primaryimage\"},\"image\":{\"@id\":\"https:\/\/dev.explora.cl\/araucania\/ciclo-de-charlas-del-primer-semestre-llega-a-mas-de-mil-estudiantes-de-la-araucania-2-2\/#primaryimage\"},\"thumbnailUrl\":\"https:\/\/dev.explora.cl\/araucania\/wp-content\/uploads\/sites\/15\/2018\/06\/ff1081c09a14e340858d79bf35d9d306.jpg\",\"datePublished\":\"2014-07-24T04:00:00+00:00\",\"dateModified\":\"2019-05-20T19:04:39+00:00\",\"author\":{\"@id\":\"https:\/\/dev.explora.cl\/araucania\/#\/schema\/person\/cb8349c13ea2d324080adf8480d7ba5d\"},\"breadcrumb\":{\"@id\":\"https:\/\/dev.explora.cl\/araucania\/ciclo-de-charlas-del-primer-semestre-llega-a-mas-de-mil-estudiantes-de-la-araucania-2-2\/#breadcrumb\"},\"inLanguage\":\"es-CL\",\"potentialAction\":[{\"@type\":\"ReadAction\",\"target\":[\"https:\/\/dev.explora.cl\/araucania\/ciclo-de-charlas-del-primer-semestre-llega-a-mas-de-mil-estudiantes-de-la-araucania-2-2\/\"]}]},{\"@type\":\"ImageObject\",\"inLanguage\":\"es-CL\",\"@id\":\"https:\/\/dev.explora.cl\/araucania\/ciclo-de-charlas-del-primer-semestre-llega-a-mas-de-mil-estudiantes-de-la-araucania-2-2\/#primaryimage\",\"url\":\"https:\/\/dev.explora.cl\/araucania\/wp-content\/uploads\/sites\/15\/2018\/06\/ff1081c09a14e340858d79bf35d9d306.jpg\",\"contentUrl\":\"https:\/\/dev.explora.cl\/araucania\/wp-content\/uploads\/sites\/15\/2018\/06\/ff1081c09a14e340858d79bf35d9d306.jpg\",\"width\":4320,\"height\":3240},{\"@type\":\"BreadcrumbList\",\"@id\":\"https:\/\/dev.explora.cl\/araucania\/ciclo-de-charlas-del-primer-semestre-llega-a-mas-de-mil-estudiantes-de-la-araucania-2-2\/#breadcrumb\",\"itemListElement\":[{\"@type\":\"ListItem\",\"position\":1,\"name\":\"Portada\",\"item\":\"https:\/\/dev.explora.cl\/araucania\/\"},{\"@type\":\"ListItem\",\"position\":2,\"name\":\"Ciclo de Charlas del primer semestre llega a m\u00e1s de mil estudiantes de La Araucan\u00eda\"}]},{\"@type\":\"WebSite\",\"@id\":\"https:\/\/dev.explora.cl\/araucania\/#website\",\"url\":\"https:\/\/dev.explora.cl\/araucania\/\",\"name\":\"Araucan\u00eda\",\"description\":\"Otro sitio m\u00e1s de dev.explora.cl\",\"potentialAction\":[{\"@type\":\"SearchAction\",\"target\":{\"@type\":\"EntryPoint\",\"urlTemplate\":\"https:\/\/dev.explora.cl\/araucania\/?s={search_term_string}\"},\"query-input\":{\"@type\":\"PropertyValueSpecification\",\"valueRequired\":true,\"valueName\":\"search_term_string\"}}],\"inLanguage\":\"es-CL\"},{\"@type\":\"Person\",\"@id\":\"https:\/\/dev.explora.cl\/araucania\/#\/schema\/person\/cb8349c13ea2d324080adf8480d7ba5d\",\"name\":\"webman\",\"image\":{\"@type\":\"ImageObject\",\"inLanguage\":\"es-CL\",\"@id\":\"https:\/\/dev.explora.cl\/araucania\/#\/schema\/person\/image\/\",\"url\":\"https:\/\/secure.gravatar.com\/avatar\/eeff3c82f2c02f7177d13663b7e6f890e9a6a0647ce9bb29cae02dcb094c7312?s=96&d=mm&r=g\",\"contentUrl\":\"https:\/\/secure.gravatar.com\/avatar\/eeff3c82f2c02f7177d13663b7e6f890e9a6a0647ce9bb29cae02dcb094c7312?s=96&d=mm&r=g\",\"caption\":\"webman\"},\"url\":\"https:\/\/dev.explora.cl\/araucania\/author\/webman\/\"}]}<\/script>\n<!-- \/ Yoast SEO plugin. -->","yoast_head_json":{"title":"Ciclo de Charlas del primer semestre llega a m\u00e1s de mil estudiantes de La Araucan\u00eda - Araucan\u00eda","robots":{"index":"index","follow":"follow","max-snippet":"max-snippet:-1","max-image-preview":"max-image-preview:large","max-video-preview":"max-video-preview:-1"},"canonical":"https:\/\/dev.explora.cl\/araucania\/ciclo-de-charlas-del-primer-semestre-llega-a-mas-de-mil-estudiantes-de-la-araucania-2-2\/","og_locale":"es_ES","og_type":"article","og_title":"Ciclo de Charlas del primer semestre llega a m\u00e1s de mil estudiantes de La Araucan\u00eda - Araucan\u00eda","og_description":"En lo que va del a\u00f1o, 12 establecimientos de distintas comunas han recibido la visita de cient\u00edficos y cient\u00edficas. Al igual que en a\u00f1os anteriores, el Ciclo de Charlas contin\u00faa llevando el quehacer cient\u00edfico y tecnol\u00f3gico a las aulas de estudiantes de educaci\u00f3n b\u00e1sica y media de distintos puntos de La Araucan\u00eda este 2014, con [&hellip;]","og_url":"https:\/\/dev.explora.cl\/araucania\/ciclo-de-charlas-del-primer-semestre-llega-a-mas-de-mil-estudiantes-de-la-araucania-2-2\/","og_site_name":"Araucan\u00eda","article_published_time":"2014-07-24T04:00:00+00:00","article_modified_time":"2019-05-20T19:04:39+00:00","og_image":[{"width":1024,"height":768,"url":"https:\/\/dev.explora.cl\/araucania\/wp-content\/uploads\/sites\/15\/2018\/06\/ff1081c09a14e340858d79bf35d9d306-1024x768.jpg","type":"image\/jpeg"}],"author":"webman","twitter_card":"summary_large_image","twitter_misc":{"Escrito por":"webman","Tiempo estimado de lectura":"2 minutos"},"schema":{"@context":"https:\/\/schema.org","@graph":[{"@type":"Article","@id":"https:\/\/dev.explora.cl\/araucania\/ciclo-de-charlas-del-primer-semestre-llega-a-mas-de-mil-estudiantes-de-la-araucania-2-2\/#article","isPartOf":{"@id":"https:\/\/dev.explora.cl\/araucania\/ciclo-de-charlas-del-primer-semestre-llega-a-mas-de-mil-estudiantes-de-la-araucania-2-2\/"},"author":{"name":"webman","@id":"https:\/\/dev.explora.cl\/araucania\/#\/schema\/person\/cb8349c13ea2d324080adf8480d7ba5d"},"headline":"Ciclo de Charlas del primer semestre llega a m\u00e1s de mil estudiantes de La Araucan\u00eda","datePublished":"2014-07-24T04:00:00+00:00","dateModified":"2019-05-20T19:04:39+00:00","mainEntityOfPage":{"@id":"https:\/\/dev.explora.cl\/araucania\/ciclo-de-charlas-del-primer-semestre-llega-a-mas-de-mil-estudiantes-de-la-araucania-2-2\/"},"wordCount":482,"commentCount":0,"image":{"@id":"https:\/\/dev.explora.cl\/araucania\/ciclo-de-charlas-del-primer-semestre-llega-a-mas-de-mil-estudiantes-de-la-araucania-2-2\/#primaryimage"},"thumbnailUrl":"https:\/\/dev.explora.cl\/araucania\/wp-content\/uploads\/sites\/15\/2018\/06\/ff1081c09a14e340858d79bf35d9d306.jpg","articleSection":["Noticias"],"inLanguage":"es-CL","potentialAction":[{"@type":"CommentAction","name":"Comment","target":["https:\/\/dev.explora.cl\/araucania\/ciclo-de-charlas-del-primer-semestre-llega-a-mas-de-mil-estudiantes-de-la-araucania-2-2\/#respond"]}]},{"@type":"WebPage","@id":"https:\/\/dev.explora.cl\/araucania\/ciclo-de-charlas-del-primer-semestre-llega-a-mas-de-mil-estudiantes-de-la-araucania-2-2\/","url":"https:\/\/dev.explora.cl\/araucania\/ciclo-de-charlas-del-primer-semestre-llega-a-mas-de-mil-estudiantes-de-la-araucania-2-2\/","name":"Ciclo de Charlas del primer semestre llega a m\u00e1s de mil estudiantes de La Araucan\u00eda - Araucan\u00eda","isPartOf":{"@id":"https:\/\/dev.explora.cl\/araucania\/#website"},"primaryImageOfPage":{"@id":"https:\/\/dev.explora.cl\/araucania\/ciclo-de-charlas-del-primer-semestre-llega-a-mas-de-mil-estudiantes-de-la-araucania-2-2\/#primaryimage"},"image":{"@id":"https:\/\/dev.explora.cl\/araucania\/ciclo-de-charlas-del-primer-semestre-llega-a-mas-de-mil-estudiantes-de-la-araucania-2-2\/#primaryimage"},"thumbnailUrl":"https:\/\/dev.explora.cl\/araucania\/wp-content\/uploads\/sites\/15\/2018\/06\/ff1081c09a14e340858d79bf35d9d306.jpg","datePublished":"2014-07-24T04:00:00+00:00","dateModified":"2019-05-20T19:04:39+00:00","author":{"@id":"https:\/\/dev.explora.cl\/araucania\/#\/schema\/person\/cb8349c13ea2d324080adf8480d7ba5d"},"breadcrumb":{"@id":"https:\/\/dev.explora.cl\/araucania\/ciclo-de-charlas-del-primer-semestre-llega-a-mas-de-mil-estudiantes-de-la-araucania-2-2\/#breadcrumb"},"inLanguage":"es-CL","potentialAction":[{"@type":"ReadAction","target":["https:\/\/dev.explora.cl\/araucania\/ciclo-de-charlas-del-primer-semestre-llega-a-mas-de-mil-estudiantes-de-la-araucania-2-2\/"]}]},{"@type":"ImageObject","inLanguage":"es-CL","@id":"https:\/\/dev.explora.cl\/araucania\/ciclo-de-charlas-del-primer-semestre-llega-a-mas-de-mil-estudiantes-de-la-araucania-2-2\/#primaryimage","url":"https:\/\/dev.explora.cl\/araucania\/wp-content\/uploads\/sites\/15\/2018\/06\/ff1081c09a14e340858d79bf35d9d306.jpg","contentUrl":"https:\/\/dev.explora.cl\/araucania\/wp-content\/uploads\/sites\/15\/2018\/06\/ff1081c09a14e340858d79bf35d9d306.jpg","width":4320,"height":3240},{"@type":"BreadcrumbList","@id":"https:\/\/dev.explora.cl\/araucania\/ciclo-de-charlas-del-primer-semestre-llega-a-mas-de-mil-estudiantes-de-la-araucania-2-2\/#breadcrumb","itemListElement":[{"@type":"ListItem","position":1,"name":"Portada","item":"https:\/\/dev.explora.cl\/araucania\/"},{"@type":"ListItem","position":2,"name":"Ciclo de Charlas del primer semestre llega a m\u00e1s de mil estudiantes de La Araucan\u00eda"}]},{"@type":"WebSite","@id":"https:\/\/dev.explora.cl\/araucania\/#website","url":"https:\/\/dev.explora.cl\/araucania\/","name":"Araucan\u00eda","description":"Otro sitio m\u00e1s de dev.explora.cl","potentialAction":[{"@type":"SearchAction","target":{"@type":"EntryPoint","urlTemplate":"https:\/\/dev.explora.cl\/araucania\/?s={search_term_string}"},"query-input":{"@type":"PropertyValueSpecification","valueRequired":true,"valueName":"search_term_string"}}],"inLanguage":"es-CL"},{"@type":"Person","@id":"https:\/\/dev.explora.cl\/araucania\/#\/schema\/person\/cb8349c13ea2d324080adf8480d7ba5d","name":"webman","image":{"@type":"ImageObject","inLanguage":"es-CL","@id":"https:\/\/dev.explora.cl\/araucania\/#\/schema\/person\/image\/","url":"https:\/\/secure.gravatar.com\/avatar\/eeff3c82f2c02f7177d13663b7e6f890e9a6a0647ce9bb29cae02dcb094c7312?s=96&d=mm&r=g","contentUrl":"https:\/\/secure.gravatar.com\/avatar\/eeff3c82f2c02f7177d13663b7e6f890e9a6a0647ce9bb29cae02dcb094c7312?s=96&d=mm&r=g","caption":"webman"},"url":"https:\/\/dev.explora.cl\/araucania\/author\/webman\/"}]}},"_links":{"self":[{"href":"https:\/\/dev.explora.cl\/araucania\/wp-json\/wp\/v2\/posts\/37764","targetHints":{"allow":["GET"]}}],"collection":[{"href":"https:\/\/dev.explora.cl\/araucania\/wp-json\/wp\/v2\/posts"}],"about":[{"href":"https:\/\/dev.explora.cl\/araucania\/wp-json\/wp\/v2\/types\/post"}],"author":[{"embeddable":true,"href":"https:\/\/dev.explora.cl\/araucania\/wp-json\/wp\/v2\/users\/2"}],"replies":[{"embeddable":true,"href":"https:\/\/dev.explora.cl\/araucania\/wp-json\/wp\/v2\/comments?post=37764"}],"version-history":[{"count":1,"href":"https:\/\/dev.explora.cl\/araucania\/wp-json\/wp\/v2\/posts\/37764\/revisions"}],"predecessor-version":[{"id":38501,"href":"https:\/\/dev.explora.cl\/araucania\/wp-json\/wp\/v2\/posts\/37764\/revisions\/38501"}],"wp:featuredmedia":[{"embeddable":true,"href":"https:\/\/dev.explora.cl\/araucania\/wp-json\/wp\/v2\/media\/236"}],"wp:attachment":[{"href":"https:\/\/dev.explora.cl\/araucania\/wp-json\/wp\/v2\/media?parent=37764"}],"wp:term":[{"taxonomy":"category","embeddable":true,"href":"https:\/\/dev.explora.cl\/araucania\/wp-json\/wp\/v2\/categories?post=37764"},{"taxonomy":"post_tag","embeddable":true,"href":"https:\/\/dev.explora.cl\/araucania\/wp-json\/wp\/v2\/tags?post=37764"}],"curies":[{"name":"wp","href":"https:\/\/api.w.org\/{rel}","templated":true}]}}