{"id":37758,"date":"2014-07-08T00:00:00","date_gmt":"2014-07-08T04:00:00","guid":{"rendered":"https:\/\/dev.explora.cl\/araucania\/blog\/2014\/07\/08\/academica-vuelve-al-establecimiento-educacional-que-la-vio-crecer-para-dictar-motivadora-charla\/"},"modified":"2019-05-20T19:11:33","modified_gmt":"2019-05-20T19:11:33","slug":"academica-vuelve-al-establecimiento-educacional-que-la-vio-crecer-para-dictar-motivadora-charla-2","status":"publish","type":"post","link":"https:\/\/dev.explora.cl\/araucania\/academica-vuelve-al-establecimiento-educacional-que-la-vio-crecer-para-dictar-motivadora-charla-2\/","title":{"rendered":"Acad\u00e9mica vuelve al establecimiento educacional que la vio crecer para dictar motivadora charla"},"content":{"rendered":"<p><img loading=\"lazy\" decoding=\"async\" class=\" size-full wp-image-3804\" src=\"http:\/\/ec2-34-218-253-251.us-west-2.compute.amazonaws.com\/wp-content\/uploads\/2014\/07\/d3b873a969f756423f87f5692383c29b.jpg\" alt=\"\" width=\"4320\" height=\"3240\" \/><\/p>\n<p style=\"text-align: center\"><em>Que con estudio, responsabilidad y perseverancia toda persona puede lograr las metas que se proponga en la vida fue uno de los mensajes que m\u00e1s destac\u00f3 la Dra. Sonia Salvo, acad\u00e9mica del Departamento de Matem\u00e1tica y Estad\u00edstica de la Ufro, durante la charla que dict\u00f3 en Cunco, su ciudad natal.<\/em><\/p>\n<p>La Dra. Sonia Salvo es una destacada acad\u00e9mica del Departamento de Matem\u00e1tica y Estad\u00edstica de la Universidad de La Frontera (Ufro), reconocida por su trayectoria y sus aportes cient\u00edficos. Pero no siempre tuvo esta posici\u00f3n en la vida; en sus primeros a\u00f1os viv\u00eda en un sector rural de Cunco y caminaba un kil\u00f3metro, muchas veces en condiciones clim\u00e1ticas adversas, para llegar al Complejo Educacional Juan Bosco a hacer lo que siempre m\u00e1s le gust\u00f3: aprender.<\/p>\n<p>Transcurridos m\u00e1s de tres d\u00e9cadas, la acad\u00e9mica volvi\u00f3 a recorrer el espacio de aprendizaje y saber que la cobij\u00f3 durante sus primeros a\u00f1os de estudio, para compartir su motivadora experiencia de vida ante cerca de sesenta estudiantes de segundo medio del establecimiento, todo esto en el marco del Ciclo de Charlas que lleva a cabo el Proyecto EXPLORA CONICYT Regi\u00f3n de La Araucan\u00eda, ejecutado por la Ufro.<\/p>\n<p><img loading=\"lazy\" decoding=\"async\" class=\" alignleft size-full wp-image-3805\" src=\"http:\/\/ec2-34-218-253-251.us-west-2.compute.amazonaws.com\/wp-content\/uploads\/2014\/07\/Ciclo-de-charlas-Cunco-2014-6.jpg\" border=\"0\" alt=\"\" align=\"left\" width=\"347\" height=\"260\" \/>En la ocasi\u00f3n, la Dra. Salvo destac\u00f3 que todas las metas que las personas se propongan pueden ser logradas con estudio, disciplina, perseverancia y responsabilidad. \u201cCuando las cosas se quieren, se pueden. Lo importante es ser disciplinado y estudiar algo que los apasione, porque la carrera que uno sigue es el primer amor de la vida\u201d, agreg\u00f3.<\/p>\n<p>Cabe destacar que, durante la exposici\u00f3n, la acad\u00e9mica tambi\u00e9n enfatiz\u00f3 que la matem\u00e1tica es un \u00e1rea de suma relevancia para el desarrollo de todos los \u00e1mbitos de la sociedad. Adem\u00e1s, se refiri\u00f3 a la Universidad de La Frontera y a los principales aspectos que la posicionan como una de las mejores casas de estudios del pa\u00eds.<\/p>\n<p>El Ciclo de Charlas es una actividad de divulgaci\u00f3n, cuyo prop\u00f3sito es llevar la ciencia y la tecnolog\u00eda m\u00e1s all\u00e1 de los laboratorios, a trav\u00e9s de instancias de encuentro entre investigadores y la comunidad estudiantil. Esto con el prop\u00f3sito de fomentar el inter\u00e9s por el mundo cient\u00edfico y tecnol\u00f3gico en los estudiantes, con especial \u00e9nfasis en los j\u00f3venes en proceso de reconocer su vocaci\u00f3n profesional.<\/p>\n<p><strong>Estudiantes comparten sus impresiones<\/strong><\/p>\n<p><img loading=\"lazy\" decoding=\"async\" class=\" alignleft size-full wp-image-3806\" src=\"http:\/\/ec2-34-218-253-251.us-west-2.compute.amazonaws.com\/wp-content\/uploads\/2014\/07\/Ciclo-de-charlas-Cunco-2014-1.jpg\" border=\"0\" alt=\"\" align=\"left\" width=\"90\" height=\"90\" \/>\u201cLa charla me pareci\u00f3 muy buena e interesante, porque no sab\u00eda c\u00f3mo era la Ufro y siento que esto nos motiva a estudiar, sobre todo porque, estando en una etapa como es la adolescencia, no todos quieren seguir en la universidad. Adem\u00e1s, me sorprendi\u00f3 mucho que la profesora haya estudiado ac\u00e1\u2026 eso nos indica que nosotros tambi\u00e9n podemos hacer lo que ella hizo\u201d.<\/p>\n<p><span style=\"line-height: 1.3em\">Danitza Morales.<\/span><\/p>\n<p><img loading=\"lazy\" decoding=\"async\" class=\" alignleft size-full wp-image-3807\" src=\"http:\/\/ec2-34-218-253-251.us-west-2.compute.amazonaws.com\/wp-content\/uploads\/2014\/07\/Ciclo-de-charlas-Cunco-2014-2.jpg\" border=\"0\" alt=\"\" align=\"left\" width=\"90\" height=\"90\" \/>\u201cLa charla fue realmente muy agradable y creo que nos ayuda, a m\u00ed al menos, a tener una visi\u00f3n diferente o m\u00e1s amplia, que me permitir\u00e1 tomar mejores decisiones dentro de la vida. Adem\u00e1s, es muy bueno que la profesora haya estudiado en nuestro establecimiento y creo que si nosotros le ponemos harto empe\u00f1o, podremos hacer en otros \u00e1mbitos, tal vez, lo que ella hizo\u201d.<\/p>\n<p>Maximiliano Tripai\u00f1an.<\/p>\n<p style=\"text-align: center\"><a href=\"https:\/\/www.facebook.com\/media\/set\/?set=a.1491820891035958.1073741957.1388936647991050&amp;type=1\" target=\"_blank\" rel=\"noopener noreferrer\">\u00a1Haz click aqu\u00ed para ver la galer\u00eda de im\u00e1genes!<\/a><\/p>\n<p>Periodista: Carolina Nahuelpi \u00c1lvarez.<\/p>\n<p>\u00a0<\/p>\n","protected":false},"excerpt":{"rendered":"<p>Que con estudio, responsabilidad y perseverancia toda persona puede lograr las metas que se proponga en la vida fue uno de los mensajes que m\u00e1s destac\u00f3 la Dra. Sonia Salvo, acad\u00e9mica del Departamento de Matem\u00e1tica y Estad\u00edstica de la Ufro, durante la charla que dict\u00f3 en Cunco, su ciudad natal. La Dra. Sonia Salvo es [&hellip;]<\/p>\n","protected":false},"author":2,"featured_media":189,"comment_status":"open","ping_status":"open","sticky":false,"template":"","format":"standard","meta":{"_acf_changed":false,"_exactmetrics_skip_tracking":false,"_exactmetrics_sitenote_active":false,"_exactmetrics_sitenote_note":"","_exactmetrics_sitenote_category":0,"footnotes":"","_links_to":"","_links_to_target":""},"categories":[4],"tags":[],"class_list":["post-37758","post","type-post","status-publish","format-standard","has-post-thumbnail","hentry","category-noticias"],"acf":[],"yoast_head":"<!-- This site is optimized with the Yoast SEO plugin v26.7 - https:\/\/yoast.com\/wordpress\/plugins\/seo\/ -->\n<title>Acad\u00e9mica vuelve al establecimiento educacional que la vio crecer para dictar motivadora charla - Araucan\u00eda<\/title>\n<meta name=\"robots\" content=\"index, follow, max-snippet:-1, max-image-preview:large, max-video-preview:-1\" \/>\n<link rel=\"canonical\" href=\"https:\/\/dev.explora.cl\/araucania\/academica-vuelve-al-establecimiento-educacional-que-la-vio-crecer-para-dictar-motivadora-charla-2\/\" class=\"yoast-seo-meta-tag\" \/>\n<meta property=\"og:locale\" content=\"es_ES\" class=\"yoast-seo-meta-tag\" \/>\n<meta property=\"og:type\" content=\"article\" class=\"yoast-seo-meta-tag\" \/>\n<meta property=\"og:title\" content=\"Acad\u00e9mica vuelve al establecimiento educacional que la vio crecer para dictar motivadora charla - Araucan\u00eda\" class=\"yoast-seo-meta-tag\" \/>\n<meta property=\"og:description\" content=\"Que con estudio, responsabilidad y perseverancia toda persona puede lograr las metas que se proponga en la vida fue uno de los mensajes que m\u00e1s destac\u00f3 la Dra. Sonia Salvo, acad\u00e9mica del Departamento de Matem\u00e1tica y Estad\u00edstica de la Ufro, durante la charla que dict\u00f3 en Cunco, su ciudad natal. La Dra. Sonia Salvo es [&hellip;]\" class=\"yoast-seo-meta-tag\" \/>\n<meta property=\"og:url\" content=\"https:\/\/dev.explora.cl\/araucania\/academica-vuelve-al-establecimiento-educacional-que-la-vio-crecer-para-dictar-motivadora-charla-2\/\" class=\"yoast-seo-meta-tag\" \/>\n<meta property=\"og:site_name\" content=\"Araucan\u00eda\" class=\"yoast-seo-meta-tag\" \/>\n<meta property=\"article:published_time\" content=\"2014-07-08T04:00:00+00:00\" class=\"yoast-seo-meta-tag\" \/>\n<meta property=\"article:modified_time\" content=\"2019-05-20T19:11:33+00:00\" class=\"yoast-seo-meta-tag\" \/>\n<meta name=\"author\" content=\"webman\" class=\"yoast-seo-meta-tag\" \/>\n<meta name=\"twitter:card\" content=\"summary_large_image\" class=\"yoast-seo-meta-tag\" \/>\n<meta name=\"twitter:label1\" content=\"Escrito por\" class=\"yoast-seo-meta-tag\" \/>\n\t<meta name=\"twitter:data1\" content=\"webman\" class=\"yoast-seo-meta-tag\" \/>\n\t<meta name=\"twitter:label2\" content=\"Tiempo estimado de lectura\" class=\"yoast-seo-meta-tag\" \/>\n\t<meta name=\"twitter:data2\" content=\"3 minutos\" class=\"yoast-seo-meta-tag\" \/>\n<script type=\"application\/ld+json\" class=\"yoast-schema-graph\">{\"@context\":\"https:\/\/schema.org\",\"@graph\":[{\"@type\":\"Article\",\"@id\":\"https:\/\/dev.explora.cl\/araucania\/academica-vuelve-al-establecimiento-educacional-que-la-vio-crecer-para-dictar-motivadora-charla-2\/#article\",\"isPartOf\":{\"@id\":\"https:\/\/dev.explora.cl\/araucania\/academica-vuelve-al-establecimiento-educacional-que-la-vio-crecer-para-dictar-motivadora-charla-2\/\"},\"author\":{\"name\":\"webman\",\"@id\":\"https:\/\/dev.explora.cl\/araucania\/#\/schema\/person\/cb8349c13ea2d324080adf8480d7ba5d\"},\"headline\":\"Acad\u00e9mica vuelve al establecimiento educacional que la vio crecer para dictar motivadora charla\",\"datePublished\":\"2014-07-08T04:00:00+00:00\",\"dateModified\":\"2019-05-20T19:11:33+00:00\",\"mainEntityOfPage\":{\"@id\":\"https:\/\/dev.explora.cl\/araucania\/academica-vuelve-al-establecimiento-educacional-que-la-vio-crecer-para-dictar-motivadora-charla-2\/\"},\"wordCount\":582,\"commentCount\":0,\"image\":{\"@id\":\"https:\/\/dev.explora.cl\/araucania\/academica-vuelve-al-establecimiento-educacional-que-la-vio-crecer-para-dictar-motivadora-charla-2\/#primaryimage\"},\"thumbnailUrl\":\"\",\"articleSection\":[\"Noticias\"],\"inLanguage\":\"es-CL\",\"potentialAction\":[{\"@type\":\"CommentAction\",\"name\":\"Comment\",\"target\":[\"https:\/\/dev.explora.cl\/araucania\/academica-vuelve-al-establecimiento-educacional-que-la-vio-crecer-para-dictar-motivadora-charla-2\/#respond\"]}]},{\"@type\":\"WebPage\",\"@id\":\"https:\/\/dev.explora.cl\/araucania\/academica-vuelve-al-establecimiento-educacional-que-la-vio-crecer-para-dictar-motivadora-charla-2\/\",\"url\":\"https:\/\/dev.explora.cl\/araucania\/academica-vuelve-al-establecimiento-educacional-que-la-vio-crecer-para-dictar-motivadora-charla-2\/\",\"name\":\"Acad\u00e9mica vuelve al establecimiento educacional que la vio crecer para dictar motivadora charla - Araucan\u00eda\",\"isPartOf\":{\"@id\":\"https:\/\/dev.explora.cl\/araucania\/#website\"},\"primaryImageOfPage\":{\"@id\":\"https:\/\/dev.explora.cl\/araucania\/academica-vuelve-al-establecimiento-educacional-que-la-vio-crecer-para-dictar-motivadora-charla-2\/#primaryimage\"},\"image\":{\"@id\":\"https:\/\/dev.explora.cl\/araucania\/academica-vuelve-al-establecimiento-educacional-que-la-vio-crecer-para-dictar-motivadora-charla-2\/#primaryimage\"},\"thumbnailUrl\":\"\",\"datePublished\":\"2014-07-08T04:00:00+00:00\",\"dateModified\":\"2019-05-20T19:11:33+00:00\",\"author\":{\"@id\":\"https:\/\/dev.explora.cl\/araucania\/#\/schema\/person\/cb8349c13ea2d324080adf8480d7ba5d\"},\"breadcrumb\":{\"@id\":\"https:\/\/dev.explora.cl\/araucania\/academica-vuelve-al-establecimiento-educacional-que-la-vio-crecer-para-dictar-motivadora-charla-2\/#breadcrumb\"},\"inLanguage\":\"es-CL\",\"potentialAction\":[{\"@type\":\"ReadAction\",\"target\":[\"https:\/\/dev.explora.cl\/araucania\/academica-vuelve-al-establecimiento-educacional-que-la-vio-crecer-para-dictar-motivadora-charla-2\/\"]}]},{\"@type\":\"ImageObject\",\"inLanguage\":\"es-CL\",\"@id\":\"https:\/\/dev.explora.cl\/araucania\/academica-vuelve-al-establecimiento-educacional-que-la-vio-crecer-para-dictar-motivadora-charla-2\/#primaryimage\",\"url\":\"\",\"contentUrl\":\"\"},{\"@type\":\"BreadcrumbList\",\"@id\":\"https:\/\/dev.explora.cl\/araucania\/academica-vuelve-al-establecimiento-educacional-que-la-vio-crecer-para-dictar-motivadora-charla-2\/#breadcrumb\",\"itemListElement\":[{\"@type\":\"ListItem\",\"position\":1,\"name\":\"Portada\",\"item\":\"https:\/\/dev.explora.cl\/araucania\/\"},{\"@type\":\"ListItem\",\"position\":2,\"name\":\"Acad\u00e9mica vuelve al establecimiento educacional que la vio crecer para dictar motivadora charla\"}]},{\"@type\":\"WebSite\",\"@id\":\"https:\/\/dev.explora.cl\/araucania\/#website\",\"url\":\"https:\/\/dev.explora.cl\/araucania\/\",\"name\":\"Araucan\u00eda\",\"description\":\"Otro sitio m\u00e1s de dev.explora.cl\",\"potentialAction\":[{\"@type\":\"SearchAction\",\"target\":{\"@type\":\"EntryPoint\",\"urlTemplate\":\"https:\/\/dev.explora.cl\/araucania\/?s={search_term_string}\"},\"query-input\":{\"@type\":\"PropertyValueSpecification\",\"valueRequired\":true,\"valueName\":\"search_term_string\"}}],\"inLanguage\":\"es-CL\"},{\"@type\":\"Person\",\"@id\":\"https:\/\/dev.explora.cl\/araucania\/#\/schema\/person\/cb8349c13ea2d324080adf8480d7ba5d\",\"name\":\"webman\",\"image\":{\"@type\":\"ImageObject\",\"inLanguage\":\"es-CL\",\"@id\":\"https:\/\/dev.explora.cl\/araucania\/#\/schema\/person\/image\/\",\"url\":\"https:\/\/secure.gravatar.com\/avatar\/eeff3c82f2c02f7177d13663b7e6f890e9a6a0647ce9bb29cae02dcb094c7312?s=96&d=mm&r=g\",\"contentUrl\":\"https:\/\/secure.gravatar.com\/avatar\/eeff3c82f2c02f7177d13663b7e6f890e9a6a0647ce9bb29cae02dcb094c7312?s=96&d=mm&r=g\",\"caption\":\"webman\"},\"url\":\"https:\/\/dev.explora.cl\/araucania\/author\/webman\/\"}]}<\/script>\n<!-- \/ Yoast SEO plugin. -->","yoast_head_json":{"title":"Acad\u00e9mica vuelve al establecimiento educacional que la vio crecer para dictar motivadora charla - Araucan\u00eda","robots":{"index":"index","follow":"follow","max-snippet":"max-snippet:-1","max-image-preview":"max-image-preview:large","max-video-preview":"max-video-preview:-1"},"canonical":"https:\/\/dev.explora.cl\/araucania\/academica-vuelve-al-establecimiento-educacional-que-la-vio-crecer-para-dictar-motivadora-charla-2\/","og_locale":"es_ES","og_type":"article","og_title":"Acad\u00e9mica vuelve al establecimiento educacional que la vio crecer para dictar motivadora charla - Araucan\u00eda","og_description":"Que con estudio, responsabilidad y perseverancia toda persona puede lograr las metas que se proponga en la vida fue uno de los mensajes que m\u00e1s destac\u00f3 la Dra. Sonia Salvo, acad\u00e9mica del Departamento de Matem\u00e1tica y Estad\u00edstica de la Ufro, durante la charla que dict\u00f3 en Cunco, su ciudad natal. La Dra. Sonia Salvo es [&hellip;]","og_url":"https:\/\/dev.explora.cl\/araucania\/academica-vuelve-al-establecimiento-educacional-que-la-vio-crecer-para-dictar-motivadora-charla-2\/","og_site_name":"Araucan\u00eda","article_published_time":"2014-07-08T04:00:00+00:00","article_modified_time":"2019-05-20T19:11:33+00:00","author":"webman","twitter_card":"summary_large_image","twitter_misc":{"Escrito por":"webman","Tiempo estimado de lectura":"3 minutos"},"schema":{"@context":"https:\/\/schema.org","@graph":[{"@type":"Article","@id":"https:\/\/dev.explora.cl\/araucania\/academica-vuelve-al-establecimiento-educacional-que-la-vio-crecer-para-dictar-motivadora-charla-2\/#article","isPartOf":{"@id":"https:\/\/dev.explora.cl\/araucania\/academica-vuelve-al-establecimiento-educacional-que-la-vio-crecer-para-dictar-motivadora-charla-2\/"},"author":{"name":"webman","@id":"https:\/\/dev.explora.cl\/araucania\/#\/schema\/person\/cb8349c13ea2d324080adf8480d7ba5d"},"headline":"Acad\u00e9mica vuelve al establecimiento educacional que la vio crecer para dictar motivadora charla","datePublished":"2014-07-08T04:00:00+00:00","dateModified":"2019-05-20T19:11:33+00:00","mainEntityOfPage":{"@id":"https:\/\/dev.explora.cl\/araucania\/academica-vuelve-al-establecimiento-educacional-que-la-vio-crecer-para-dictar-motivadora-charla-2\/"},"wordCount":582,"commentCount":0,"image":{"@id":"https:\/\/dev.explora.cl\/araucania\/academica-vuelve-al-establecimiento-educacional-que-la-vio-crecer-para-dictar-motivadora-charla-2\/#primaryimage"},"thumbnailUrl":"","articleSection":["Noticias"],"inLanguage":"es-CL","potentialAction":[{"@type":"CommentAction","name":"Comment","target":["https:\/\/dev.explora.cl\/araucania\/academica-vuelve-al-establecimiento-educacional-que-la-vio-crecer-para-dictar-motivadora-charla-2\/#respond"]}]},{"@type":"WebPage","@id":"https:\/\/dev.explora.cl\/araucania\/academica-vuelve-al-establecimiento-educacional-que-la-vio-crecer-para-dictar-motivadora-charla-2\/","url":"https:\/\/dev.explora.cl\/araucania\/academica-vuelve-al-establecimiento-educacional-que-la-vio-crecer-para-dictar-motivadora-charla-2\/","name":"Acad\u00e9mica vuelve al establecimiento educacional que la vio crecer para dictar motivadora charla - Araucan\u00eda","isPartOf":{"@id":"https:\/\/dev.explora.cl\/araucania\/#website"},"primaryImageOfPage":{"@id":"https:\/\/dev.explora.cl\/araucania\/academica-vuelve-al-establecimiento-educacional-que-la-vio-crecer-para-dictar-motivadora-charla-2\/#primaryimage"},"image":{"@id":"https:\/\/dev.explora.cl\/araucania\/academica-vuelve-al-establecimiento-educacional-que-la-vio-crecer-para-dictar-motivadora-charla-2\/#primaryimage"},"thumbnailUrl":"","datePublished":"2014-07-08T04:00:00+00:00","dateModified":"2019-05-20T19:11:33+00:00","author":{"@id":"https:\/\/dev.explora.cl\/araucania\/#\/schema\/person\/cb8349c13ea2d324080adf8480d7ba5d"},"breadcrumb":{"@id":"https:\/\/dev.explora.cl\/araucania\/academica-vuelve-al-establecimiento-educacional-que-la-vio-crecer-para-dictar-motivadora-charla-2\/#breadcrumb"},"inLanguage":"es-CL","potentialAction":[{"@type":"ReadAction","target":["https:\/\/dev.explora.cl\/araucania\/academica-vuelve-al-establecimiento-educacional-que-la-vio-crecer-para-dictar-motivadora-charla-2\/"]}]},{"@type":"ImageObject","inLanguage":"es-CL","@id":"https:\/\/dev.explora.cl\/araucania\/academica-vuelve-al-establecimiento-educacional-que-la-vio-crecer-para-dictar-motivadora-charla-2\/#primaryimage","url":"","contentUrl":""},{"@type":"BreadcrumbList","@id":"https:\/\/dev.explora.cl\/araucania\/academica-vuelve-al-establecimiento-educacional-que-la-vio-crecer-para-dictar-motivadora-charla-2\/#breadcrumb","itemListElement":[{"@type":"ListItem","position":1,"name":"Portada","item":"https:\/\/dev.explora.cl\/araucania\/"},{"@type":"ListItem","position":2,"name":"Acad\u00e9mica vuelve al establecimiento educacional que la vio crecer para dictar motivadora charla"}]},{"@type":"WebSite","@id":"https:\/\/dev.explora.cl\/araucania\/#website","url":"https:\/\/dev.explora.cl\/araucania\/","name":"Araucan\u00eda","description":"Otro sitio m\u00e1s de dev.explora.cl","potentialAction":[{"@type":"SearchAction","target":{"@type":"EntryPoint","urlTemplate":"https:\/\/dev.explora.cl\/araucania\/?s={search_term_string}"},"query-input":{"@type":"PropertyValueSpecification","valueRequired":true,"valueName":"search_term_string"}}],"inLanguage":"es-CL"},{"@type":"Person","@id":"https:\/\/dev.explora.cl\/araucania\/#\/schema\/person\/cb8349c13ea2d324080adf8480d7ba5d","name":"webman","image":{"@type":"ImageObject","inLanguage":"es-CL","@id":"https:\/\/dev.explora.cl\/araucania\/#\/schema\/person\/image\/","url":"https:\/\/secure.gravatar.com\/avatar\/eeff3c82f2c02f7177d13663b7e6f890e9a6a0647ce9bb29cae02dcb094c7312?s=96&d=mm&r=g","contentUrl":"https:\/\/secure.gravatar.com\/avatar\/eeff3c82f2c02f7177d13663b7e6f890e9a6a0647ce9bb29cae02dcb094c7312?s=96&d=mm&r=g","caption":"webman"},"url":"https:\/\/dev.explora.cl\/araucania\/author\/webman\/"}]}},"_links":{"self":[{"href":"https:\/\/dev.explora.cl\/araucania\/wp-json\/wp\/v2\/posts\/37758","targetHints":{"allow":["GET"]}}],"collection":[{"href":"https:\/\/dev.explora.cl\/araucania\/wp-json\/wp\/v2\/posts"}],"about":[{"href":"https:\/\/dev.explora.cl\/araucania\/wp-json\/wp\/v2\/types\/post"}],"author":[{"embeddable":true,"href":"https:\/\/dev.explora.cl\/araucania\/wp-json\/wp\/v2\/users\/2"}],"replies":[{"embeddable":true,"href":"https:\/\/dev.explora.cl\/araucania\/wp-json\/wp\/v2\/comments?post=37758"}],"version-history":[{"count":1,"href":"https:\/\/dev.explora.cl\/araucania\/wp-json\/wp\/v2\/posts\/37758\/revisions"}],"predecessor-version":[{"id":38519,"href":"https:\/\/dev.explora.cl\/araucania\/wp-json\/wp\/v2\/posts\/37758\/revisions\/38519"}],"wp:featuredmedia":[{"embeddable":true,"href":"https:\/\/dev.explora.cl\/araucania\/wp-json\/"}],"wp:attachment":[{"href":"https:\/\/dev.explora.cl\/araucania\/wp-json\/wp\/v2\/media?parent=37758"}],"wp:term":[{"taxonomy":"category","embeddable":true,"href":"https:\/\/dev.explora.cl\/araucania\/wp-json\/wp\/v2\/categories?post=37758"},{"taxonomy":"post_tag","embeddable":true,"href":"https:\/\/dev.explora.cl\/araucania\/wp-json\/wp\/v2\/tags?post=37758"}],"curies":[{"name":"wp","href":"https:\/\/api.w.org\/{rel}","templated":true}]}}