{"id":37756,"date":"2014-07-07T00:00:00","date_gmt":"2014-07-07T04:00:00","guid":{"rendered":"https:\/\/dev.explora.cl\/araucania\/blog\/2014\/07\/07\/participa-en-la-2-feria-escolar-de-ciencia-y-tecnologia-para-ninos-ninas-y-jovenes-de-malleco\/"},"modified":"2019-05-20T19:11:33","modified_gmt":"2019-05-20T19:11:33","slug":"participa-en-la-2-feria-escolar-de-ciencia-y-tecnologia-para-ninos-ninas-y-jovenes-de-malleco-2","status":"publish","type":"post","link":"https:\/\/dev.explora.cl\/araucania\/participa-en-la-2-feria-escolar-de-ciencia-y-tecnologia-para-ninos-ninas-y-jovenes-de-malleco-2\/","title":{"rendered":"\u00a1Participa en la 2\u00b0 Feria Escolar de Ciencia y Tecnolog\u00eda para ni\u00f1os, ni\u00f1as y j\u00f3venes de Malleco!"},"content":{"rendered":"<p><img loading=\"lazy\" decoding=\"async\" class=\" size-full wp-image-3761\" src=\"http:\/\/ec2-34-218-253-251.us-west-2.compute.amazonaws.com\/wp-content\/uploads\/2014\/07\/7014c85c81aef4d9d4527027eba778df.jpg\" alt=\"\" width=\"3008\" height=\"2000\" \/><\/p>\n<p style=\"text-align: center\"><em>Si eres un ni\u00f1o, ni\u00f1a o joven que disfruta experimentar con distintos elementos y conocer diversos fen\u00f3menos y, adem\u00e1s, vives en alguna comuna de la provincia de Malleco, te invitamos a ser parte de una experiencia cient\u00edfica y tecnol\u00f3gica inolvidable.<\/em><\/p>\n<p>Con el objetivo de estimular el inter\u00e9s por la ciencia y tecnolog\u00eda desde temprana edad, el Proyecto EXPLORA CONICYT Regi\u00f3n de La Araucan\u00eda y la Escuela Particular Santa Rosa de Traigu\u00e9n llevar\u00e1n a cabo la \u201c2\u00b0 Feria Escolar de Ciencia y Tecnolog\u00eda para Ni\u00f1os, Ni\u00f1as y J\u00f3venes de La Provincia de Malleco\u201d, que se efectuar\u00e1 el d\u00eda 09 de noviembre.<\/p>\n<p>Es de este modo que estudiantes de educaci\u00f3n parvularia, educaci\u00f3n b\u00e1sica y educaci\u00f3n media de comunas de Malleco podr\u00e1n evidenciar y fortalecer sus habilidades cient\u00edficas, a trav\u00e9s de la elaboraci\u00f3n de trabajos cient\u00edficos o tecnol\u00f3gicos en \u00e1reas como las ciencias biol\u00f3gicas, ciencias medioambientales, bot\u00e1nica, entre otras.<\/p>\n<p>Adem\u00e1s de ser una instancia para potenciar las aptitudes de los alumnas y alumnas de distintas edades, esta iniciativa espera convertirse en un importante espacio para la difusi\u00f3n e intercambio de experiencias entre los estudiantes de la Provincia de Malleco, contribuyendo a la valoraci\u00f3n de la ciencia y la tecnolog\u00eda desde temprana edad.\u00a0<\/p>\n<p><strong><span style=\"line-height: 1.3em\">\u00bfC\u00f3mo postular?<\/span><\/strong><\/p>\n<p>\u201cInvestigaci\u00f3n en Ciencias\u201d e \u201cIngenier\u00eda y Tecnolog\u00eda\u201d son las dos categor\u00edas en las que podr\u00e1n participar los ni\u00f1os, ni\u00f1as y j\u00f3venes, guiados por un\/a docente del establecimiento. Los tres mejores trabajos de cada nivel ser\u00e1n premiados por la organizaci\u00f3n del evento.<\/p>\n<p>Para postular, los participantes deben descargar el Formulario de Postulaci\u00f3n y enviarlo hasta el d\u00eda 29 de agosto. El 01 de septiembre se publicar\u00e1n los resultados de la selecci\u00f3n de las investigaciones cient\u00edficas o proyectos tecnol\u00f3gicos que se presentar\u00e1n en la 2\u00b0 Feria Escolar de Ciencia y Tecnolog\u00eda para Ni\u00f1os, Ni\u00f1as y J\u00f3venes de La Provincia de Malleco.<\/p>\n<p>En caso de dudas, puedes comunicarte al correo carmen.hernandez@ufrontera.cl o al tel\u00e9fono (45) 2325428.<\/p>\n<p>\u00a1Participa y s\u00e9 parte de esta enriquecedora experiencia cient\u00edfica y tecnol\u00f3gica!<\/p>\n","protected":false},"excerpt":{"rendered":"<p>Si eres un ni\u00f1o, ni\u00f1a o joven que disfruta experimentar con distintos elementos y conocer diversos fen\u00f3menos y, adem\u00e1s, vives en alguna comuna de la provincia de Malleco, te invitamos a ser parte de una experiencia cient\u00edfica y tecnol\u00f3gica inolvidable. Con el objetivo de estimular el inter\u00e9s por la ciencia y tecnolog\u00eda desde temprana edad, [&hellip;]<\/p>\n","protected":false},"author":2,"featured_media":33794,"comment_status":"open","ping_status":"open","sticky":false,"template":"","format":"standard","meta":{"_acf_changed":false,"_exactmetrics_skip_tracking":false,"_exactmetrics_sitenote_active":false,"_exactmetrics_sitenote_note":"","_exactmetrics_sitenote_category":0,"footnotes":"","_links_to":"","_links_to_target":""},"categories":[4],"tags":[],"class_list":["post-37756","post","type-post","status-publish","format-standard","has-post-thumbnail","hentry","category-noticias"],"acf":[],"yoast_head":"<!-- This site is optimized with the Yoast SEO plugin v26.7 - https:\/\/yoast.com\/wordpress\/plugins\/seo\/ -->\n<title>\u00a1Participa en la 2\u00b0 Feria Escolar de Ciencia y Tecnolog\u00eda para ni\u00f1os, ni\u00f1as y j\u00f3venes de Malleco! - Araucan\u00eda<\/title>\n<meta name=\"robots\" content=\"index, follow, max-snippet:-1, max-image-preview:large, max-video-preview:-1\" \/>\n<link rel=\"canonical\" href=\"https:\/\/dev.explora.cl\/araucania\/participa-en-la-2-feria-escolar-de-ciencia-y-tecnologia-para-ninos-ninas-y-jovenes-de-malleco-2\/\" class=\"yoast-seo-meta-tag\" \/>\n<meta property=\"og:locale\" content=\"es_ES\" class=\"yoast-seo-meta-tag\" \/>\n<meta property=\"og:type\" content=\"article\" class=\"yoast-seo-meta-tag\" \/>\n<meta property=\"og:title\" content=\"\u00a1Participa en la 2\u00b0 Feria Escolar de Ciencia y Tecnolog\u00eda para ni\u00f1os, ni\u00f1as y j\u00f3venes de Malleco! - Araucan\u00eda\" class=\"yoast-seo-meta-tag\" \/>\n<meta property=\"og:description\" content=\"Si eres un ni\u00f1o, ni\u00f1a o joven que disfruta experimentar con distintos elementos y conocer diversos fen\u00f3menos y, adem\u00e1s, vives en alguna comuna de la provincia de Malleco, te invitamos a ser parte de una experiencia cient\u00edfica y tecnol\u00f3gica inolvidable. Con el objetivo de estimular el inter\u00e9s por la ciencia y tecnolog\u00eda desde temprana edad, [&hellip;]\" class=\"yoast-seo-meta-tag\" \/>\n<meta property=\"og:url\" content=\"https:\/\/dev.explora.cl\/araucania\/participa-en-la-2-feria-escolar-de-ciencia-y-tecnologia-para-ninos-ninas-y-jovenes-de-malleco-2\/\" class=\"yoast-seo-meta-tag\" \/>\n<meta property=\"og:site_name\" content=\"Araucan\u00eda\" class=\"yoast-seo-meta-tag\" \/>\n<meta property=\"article:published_time\" content=\"2014-07-07T04:00:00+00:00\" class=\"yoast-seo-meta-tag\" \/>\n<meta property=\"article:modified_time\" content=\"2019-05-20T19:11:33+00:00\" class=\"yoast-seo-meta-tag\" \/>\n<meta property=\"og:image\" content=\"https:\/\/dev.explora.cl\/araucania\/wp-content\/uploads\/sites\/15\/2018\/06\/7014c85c81aef4d9d4527027eba778df-1024x681.jpg\" class=\"yoast-seo-meta-tag\" \/>\n\t<meta property=\"og:image:width\" content=\"1024\" class=\"yoast-seo-meta-tag\" \/>\n\t<meta property=\"og:image:height\" content=\"681\" class=\"yoast-seo-meta-tag\" \/>\n\t<meta property=\"og:image:type\" content=\"image\/jpeg\" class=\"yoast-seo-meta-tag\" \/>\n<meta name=\"author\" content=\"webman\" class=\"yoast-seo-meta-tag\" \/>\n<meta name=\"twitter:card\" content=\"summary_large_image\" class=\"yoast-seo-meta-tag\" \/>\n<meta name=\"twitter:label1\" content=\"Escrito por\" class=\"yoast-seo-meta-tag\" \/>\n\t<meta name=\"twitter:data1\" content=\"webman\" class=\"yoast-seo-meta-tag\" \/>\n\t<meta name=\"twitter:label2\" content=\"Tiempo estimado de lectura\" class=\"yoast-seo-meta-tag\" \/>\n\t<meta name=\"twitter:data2\" content=\"2 minutos\" class=\"yoast-seo-meta-tag\" \/>\n<script type=\"application\/ld+json\" class=\"yoast-schema-graph\">{\"@context\":\"https:\/\/schema.org\",\"@graph\":[{\"@type\":\"Article\",\"@id\":\"https:\/\/dev.explora.cl\/araucania\/participa-en-la-2-feria-escolar-de-ciencia-y-tecnologia-para-ninos-ninas-y-jovenes-de-malleco-2\/#article\",\"isPartOf\":{\"@id\":\"https:\/\/dev.explora.cl\/araucania\/participa-en-la-2-feria-escolar-de-ciencia-y-tecnologia-para-ninos-ninas-y-jovenes-de-malleco-2\/\"},\"author\":{\"name\":\"webman\",\"@id\":\"https:\/\/dev.explora.cl\/araucania\/#\/schema\/person\/cb8349c13ea2d324080adf8480d7ba5d\"},\"headline\":\"\u00a1Participa en la 2\u00b0 Feria Escolar de Ciencia y Tecnolog\u00eda para ni\u00f1os, ni\u00f1as y j\u00f3venes de Malleco!\",\"datePublished\":\"2014-07-07T04:00:00+00:00\",\"dateModified\":\"2019-05-20T19:11:33+00:00\",\"mainEntityOfPage\":{\"@id\":\"https:\/\/dev.explora.cl\/araucania\/participa-en-la-2-feria-escolar-de-ciencia-y-tecnologia-para-ninos-ninas-y-jovenes-de-malleco-2\/\"},\"wordCount\":400,\"commentCount\":0,\"image\":{\"@id\":\"https:\/\/dev.explora.cl\/araucania\/participa-en-la-2-feria-escolar-de-ciencia-y-tecnologia-para-ninos-ninas-y-jovenes-de-malleco-2\/#primaryimage\"},\"thumbnailUrl\":\"https:\/\/dev.explora.cl\/araucania\/wp-content\/uploads\/sites\/15\/2018\/06\/7014c85c81aef4d9d4527027eba778df.jpg\",\"articleSection\":[\"Noticias\"],\"inLanguage\":\"es-CL\",\"potentialAction\":[{\"@type\":\"CommentAction\",\"name\":\"Comment\",\"target\":[\"https:\/\/dev.explora.cl\/araucania\/participa-en-la-2-feria-escolar-de-ciencia-y-tecnologia-para-ninos-ninas-y-jovenes-de-malleco-2\/#respond\"]}]},{\"@type\":\"WebPage\",\"@id\":\"https:\/\/dev.explora.cl\/araucania\/participa-en-la-2-feria-escolar-de-ciencia-y-tecnologia-para-ninos-ninas-y-jovenes-de-malleco-2\/\",\"url\":\"https:\/\/dev.explora.cl\/araucania\/participa-en-la-2-feria-escolar-de-ciencia-y-tecnologia-para-ninos-ninas-y-jovenes-de-malleco-2\/\",\"name\":\"\u00a1Participa en la 2\u00b0 Feria Escolar de Ciencia y Tecnolog\u00eda para ni\u00f1os, ni\u00f1as y j\u00f3venes de Malleco! - Araucan\u00eda\",\"isPartOf\":{\"@id\":\"https:\/\/dev.explora.cl\/araucania\/#website\"},\"primaryImageOfPage\":{\"@id\":\"https:\/\/dev.explora.cl\/araucania\/participa-en-la-2-feria-escolar-de-ciencia-y-tecnologia-para-ninos-ninas-y-jovenes-de-malleco-2\/#primaryimage\"},\"image\":{\"@id\":\"https:\/\/dev.explora.cl\/araucania\/participa-en-la-2-feria-escolar-de-ciencia-y-tecnologia-para-ninos-ninas-y-jovenes-de-malleco-2\/#primaryimage\"},\"thumbnailUrl\":\"https:\/\/dev.explora.cl\/araucania\/wp-content\/uploads\/sites\/15\/2018\/06\/7014c85c81aef4d9d4527027eba778df.jpg\",\"datePublished\":\"2014-07-07T04:00:00+00:00\",\"dateModified\":\"2019-05-20T19:11:33+00:00\",\"author\":{\"@id\":\"https:\/\/dev.explora.cl\/araucania\/#\/schema\/person\/cb8349c13ea2d324080adf8480d7ba5d\"},\"breadcrumb\":{\"@id\":\"https:\/\/dev.explora.cl\/araucania\/participa-en-la-2-feria-escolar-de-ciencia-y-tecnologia-para-ninos-ninas-y-jovenes-de-malleco-2\/#breadcrumb\"},\"inLanguage\":\"es-CL\",\"potentialAction\":[{\"@type\":\"ReadAction\",\"target\":[\"https:\/\/dev.explora.cl\/araucania\/participa-en-la-2-feria-escolar-de-ciencia-y-tecnologia-para-ninos-ninas-y-jovenes-de-malleco-2\/\"]}]},{\"@type\":\"ImageObject\",\"inLanguage\":\"es-CL\",\"@id\":\"https:\/\/dev.explora.cl\/araucania\/participa-en-la-2-feria-escolar-de-ciencia-y-tecnologia-para-ninos-ninas-y-jovenes-de-malleco-2\/#primaryimage\",\"url\":\"https:\/\/dev.explora.cl\/araucania\/wp-content\/uploads\/sites\/15\/2018\/06\/7014c85c81aef4d9d4527027eba778df.jpg\",\"contentUrl\":\"https:\/\/dev.explora.cl\/araucania\/wp-content\/uploads\/sites\/15\/2018\/06\/7014c85c81aef4d9d4527027eba778df.jpg\",\"width\":3008,\"height\":2000},{\"@type\":\"BreadcrumbList\",\"@id\":\"https:\/\/dev.explora.cl\/araucania\/participa-en-la-2-feria-escolar-de-ciencia-y-tecnologia-para-ninos-ninas-y-jovenes-de-malleco-2\/#breadcrumb\",\"itemListElement\":[{\"@type\":\"ListItem\",\"position\":1,\"name\":\"Portada\",\"item\":\"https:\/\/dev.explora.cl\/araucania\/\"},{\"@type\":\"ListItem\",\"position\":2,\"name\":\"\u00a1Participa en la 2\u00b0 Feria Escolar de Ciencia y Tecnolog\u00eda para ni\u00f1os, ni\u00f1as y j\u00f3venes de Malleco!\"}]},{\"@type\":\"WebSite\",\"@id\":\"https:\/\/dev.explora.cl\/araucania\/#website\",\"url\":\"https:\/\/dev.explora.cl\/araucania\/\",\"name\":\"Araucan\u00eda\",\"description\":\"Otro sitio m\u00e1s de dev.explora.cl\",\"potentialAction\":[{\"@type\":\"SearchAction\",\"target\":{\"@type\":\"EntryPoint\",\"urlTemplate\":\"https:\/\/dev.explora.cl\/araucania\/?s={search_term_string}\"},\"query-input\":{\"@type\":\"PropertyValueSpecification\",\"valueRequired\":true,\"valueName\":\"search_term_string\"}}],\"inLanguage\":\"es-CL\"},{\"@type\":\"Person\",\"@id\":\"https:\/\/dev.explora.cl\/araucania\/#\/schema\/person\/cb8349c13ea2d324080adf8480d7ba5d\",\"name\":\"webman\",\"image\":{\"@type\":\"ImageObject\",\"inLanguage\":\"es-CL\",\"@id\":\"https:\/\/dev.explora.cl\/araucania\/#\/schema\/person\/image\/\",\"url\":\"https:\/\/secure.gravatar.com\/avatar\/eeff3c82f2c02f7177d13663b7e6f890e9a6a0647ce9bb29cae02dcb094c7312?s=96&d=mm&r=g\",\"contentUrl\":\"https:\/\/secure.gravatar.com\/avatar\/eeff3c82f2c02f7177d13663b7e6f890e9a6a0647ce9bb29cae02dcb094c7312?s=96&d=mm&r=g\",\"caption\":\"webman\"},\"url\":\"https:\/\/dev.explora.cl\/araucania\/author\/webman\/\"}]}<\/script>\n<!-- \/ Yoast SEO plugin. -->","yoast_head_json":{"title":"\u00a1Participa en la 2\u00b0 Feria Escolar de Ciencia y Tecnolog\u00eda para ni\u00f1os, ni\u00f1as y j\u00f3venes de Malleco! - Araucan\u00eda","robots":{"index":"index","follow":"follow","max-snippet":"max-snippet:-1","max-image-preview":"max-image-preview:large","max-video-preview":"max-video-preview:-1"},"canonical":"https:\/\/dev.explora.cl\/araucania\/participa-en-la-2-feria-escolar-de-ciencia-y-tecnologia-para-ninos-ninas-y-jovenes-de-malleco-2\/","og_locale":"es_ES","og_type":"article","og_title":"\u00a1Participa en la 2\u00b0 Feria Escolar de Ciencia y Tecnolog\u00eda para ni\u00f1os, ni\u00f1as y j\u00f3venes de Malleco! - Araucan\u00eda","og_description":"Si eres un ni\u00f1o, ni\u00f1a o joven que disfruta experimentar con distintos elementos y conocer diversos fen\u00f3menos y, adem\u00e1s, vives en alguna comuna de la provincia de Malleco, te invitamos a ser parte de una experiencia cient\u00edfica y tecnol\u00f3gica inolvidable. Con el objetivo de estimular el inter\u00e9s por la ciencia y tecnolog\u00eda desde temprana edad, [&hellip;]","og_url":"https:\/\/dev.explora.cl\/araucania\/participa-en-la-2-feria-escolar-de-ciencia-y-tecnologia-para-ninos-ninas-y-jovenes-de-malleco-2\/","og_site_name":"Araucan\u00eda","article_published_time":"2014-07-07T04:00:00+00:00","article_modified_time":"2019-05-20T19:11:33+00:00","og_image":[{"width":1024,"height":681,"url":"https:\/\/dev.explora.cl\/araucania\/wp-content\/uploads\/sites\/15\/2018\/06\/7014c85c81aef4d9d4527027eba778df-1024x681.jpg","type":"image\/jpeg"}],"author":"webman","twitter_card":"summary_large_image","twitter_misc":{"Escrito por":"webman","Tiempo estimado de lectura":"2 minutos"},"schema":{"@context":"https:\/\/schema.org","@graph":[{"@type":"Article","@id":"https:\/\/dev.explora.cl\/araucania\/participa-en-la-2-feria-escolar-de-ciencia-y-tecnologia-para-ninos-ninas-y-jovenes-de-malleco-2\/#article","isPartOf":{"@id":"https:\/\/dev.explora.cl\/araucania\/participa-en-la-2-feria-escolar-de-ciencia-y-tecnologia-para-ninos-ninas-y-jovenes-de-malleco-2\/"},"author":{"name":"webman","@id":"https:\/\/dev.explora.cl\/araucania\/#\/schema\/person\/cb8349c13ea2d324080adf8480d7ba5d"},"headline":"\u00a1Participa en la 2\u00b0 Feria Escolar de Ciencia y Tecnolog\u00eda para ni\u00f1os, ni\u00f1as y j\u00f3venes de Malleco!","datePublished":"2014-07-07T04:00:00+00:00","dateModified":"2019-05-20T19:11:33+00:00","mainEntityOfPage":{"@id":"https:\/\/dev.explora.cl\/araucania\/participa-en-la-2-feria-escolar-de-ciencia-y-tecnologia-para-ninos-ninas-y-jovenes-de-malleco-2\/"},"wordCount":400,"commentCount":0,"image":{"@id":"https:\/\/dev.explora.cl\/araucania\/participa-en-la-2-feria-escolar-de-ciencia-y-tecnologia-para-ninos-ninas-y-jovenes-de-malleco-2\/#primaryimage"},"thumbnailUrl":"https:\/\/dev.explora.cl\/araucania\/wp-content\/uploads\/sites\/15\/2018\/06\/7014c85c81aef4d9d4527027eba778df.jpg","articleSection":["Noticias"],"inLanguage":"es-CL","potentialAction":[{"@type":"CommentAction","name":"Comment","target":["https:\/\/dev.explora.cl\/araucania\/participa-en-la-2-feria-escolar-de-ciencia-y-tecnologia-para-ninos-ninas-y-jovenes-de-malleco-2\/#respond"]}]},{"@type":"WebPage","@id":"https:\/\/dev.explora.cl\/araucania\/participa-en-la-2-feria-escolar-de-ciencia-y-tecnologia-para-ninos-ninas-y-jovenes-de-malleco-2\/","url":"https:\/\/dev.explora.cl\/araucania\/participa-en-la-2-feria-escolar-de-ciencia-y-tecnologia-para-ninos-ninas-y-jovenes-de-malleco-2\/","name":"\u00a1Participa en la 2\u00b0 Feria Escolar de Ciencia y Tecnolog\u00eda para ni\u00f1os, ni\u00f1as y j\u00f3venes de Malleco! - Araucan\u00eda","isPartOf":{"@id":"https:\/\/dev.explora.cl\/araucania\/#website"},"primaryImageOfPage":{"@id":"https:\/\/dev.explora.cl\/araucania\/participa-en-la-2-feria-escolar-de-ciencia-y-tecnologia-para-ninos-ninas-y-jovenes-de-malleco-2\/#primaryimage"},"image":{"@id":"https:\/\/dev.explora.cl\/araucania\/participa-en-la-2-feria-escolar-de-ciencia-y-tecnologia-para-ninos-ninas-y-jovenes-de-malleco-2\/#primaryimage"},"thumbnailUrl":"https:\/\/dev.explora.cl\/araucania\/wp-content\/uploads\/sites\/15\/2018\/06\/7014c85c81aef4d9d4527027eba778df.jpg","datePublished":"2014-07-07T04:00:00+00:00","dateModified":"2019-05-20T19:11:33+00:00","author":{"@id":"https:\/\/dev.explora.cl\/araucania\/#\/schema\/person\/cb8349c13ea2d324080adf8480d7ba5d"},"breadcrumb":{"@id":"https:\/\/dev.explora.cl\/araucania\/participa-en-la-2-feria-escolar-de-ciencia-y-tecnologia-para-ninos-ninas-y-jovenes-de-malleco-2\/#breadcrumb"},"inLanguage":"es-CL","potentialAction":[{"@type":"ReadAction","target":["https:\/\/dev.explora.cl\/araucania\/participa-en-la-2-feria-escolar-de-ciencia-y-tecnologia-para-ninos-ninas-y-jovenes-de-malleco-2\/"]}]},{"@type":"ImageObject","inLanguage":"es-CL","@id":"https:\/\/dev.explora.cl\/araucania\/participa-en-la-2-feria-escolar-de-ciencia-y-tecnologia-para-ninos-ninas-y-jovenes-de-malleco-2\/#primaryimage","url":"https:\/\/dev.explora.cl\/araucania\/wp-content\/uploads\/sites\/15\/2018\/06\/7014c85c81aef4d9d4527027eba778df.jpg","contentUrl":"https:\/\/dev.explora.cl\/araucania\/wp-content\/uploads\/sites\/15\/2018\/06\/7014c85c81aef4d9d4527027eba778df.jpg","width":3008,"height":2000},{"@type":"BreadcrumbList","@id":"https:\/\/dev.explora.cl\/araucania\/participa-en-la-2-feria-escolar-de-ciencia-y-tecnologia-para-ninos-ninas-y-jovenes-de-malleco-2\/#breadcrumb","itemListElement":[{"@type":"ListItem","position":1,"name":"Portada","item":"https:\/\/dev.explora.cl\/araucania\/"},{"@type":"ListItem","position":2,"name":"\u00a1Participa en la 2\u00b0 Feria Escolar de Ciencia y Tecnolog\u00eda para ni\u00f1os, ni\u00f1as y j\u00f3venes de Malleco!"}]},{"@type":"WebSite","@id":"https:\/\/dev.explora.cl\/araucania\/#website","url":"https:\/\/dev.explora.cl\/araucania\/","name":"Araucan\u00eda","description":"Otro sitio m\u00e1s de dev.explora.cl","potentialAction":[{"@type":"SearchAction","target":{"@type":"EntryPoint","urlTemplate":"https:\/\/dev.explora.cl\/araucania\/?s={search_term_string}"},"query-input":{"@type":"PropertyValueSpecification","valueRequired":true,"valueName":"search_term_string"}}],"inLanguage":"es-CL"},{"@type":"Person","@id":"https:\/\/dev.explora.cl\/araucania\/#\/schema\/person\/cb8349c13ea2d324080adf8480d7ba5d","name":"webman","image":{"@type":"ImageObject","inLanguage":"es-CL","@id":"https:\/\/dev.explora.cl\/araucania\/#\/schema\/person\/image\/","url":"https:\/\/secure.gravatar.com\/avatar\/eeff3c82f2c02f7177d13663b7e6f890e9a6a0647ce9bb29cae02dcb094c7312?s=96&d=mm&r=g","contentUrl":"https:\/\/secure.gravatar.com\/avatar\/eeff3c82f2c02f7177d13663b7e6f890e9a6a0647ce9bb29cae02dcb094c7312?s=96&d=mm&r=g","caption":"webman"},"url":"https:\/\/dev.explora.cl\/araucania\/author\/webman\/"}]}},"_links":{"self":[{"href":"https:\/\/dev.explora.cl\/araucania\/wp-json\/wp\/v2\/posts\/37756","targetHints":{"allow":["GET"]}}],"collection":[{"href":"https:\/\/dev.explora.cl\/araucania\/wp-json\/wp\/v2\/posts"}],"about":[{"href":"https:\/\/dev.explora.cl\/araucania\/wp-json\/wp\/v2\/types\/post"}],"author":[{"embeddable":true,"href":"https:\/\/dev.explora.cl\/araucania\/wp-json\/wp\/v2\/users\/2"}],"replies":[{"embeddable":true,"href":"https:\/\/dev.explora.cl\/araucania\/wp-json\/wp\/v2\/comments?post=37756"}],"version-history":[{"count":1,"href":"https:\/\/dev.explora.cl\/araucania\/wp-json\/wp\/v2\/posts\/37756\/revisions"}],"predecessor-version":[{"id":38522,"href":"https:\/\/dev.explora.cl\/araucania\/wp-json\/wp\/v2\/posts\/37756\/revisions\/38522"}],"wp:featuredmedia":[{"embeddable":true,"href":"https:\/\/dev.explora.cl\/araucania\/wp-json\/wp\/v2\/media\/33794"}],"wp:attachment":[{"href":"https:\/\/dev.explora.cl\/araucania\/wp-json\/wp\/v2\/media?parent=37756"}],"wp:term":[{"taxonomy":"category","embeddable":true,"href":"https:\/\/dev.explora.cl\/araucania\/wp-json\/wp\/v2\/categories?post=37756"},{"taxonomy":"post_tag","embeddable":true,"href":"https:\/\/dev.explora.cl\/araucania\/wp-json\/wp\/v2\/tags?post=37756"}],"curies":[{"name":"wp","href":"https:\/\/api.w.org\/{rel}","templated":true}]}}