{"id":37754,"date":"2014-07-01T00:00:00","date_gmt":"2014-07-01T04:00:00","guid":{"rendered":"https:\/\/dev.explora.cl\/araucania\/blog\/2014\/07\/01\/fundacion-melton-y-explora-conicyt-invitan-a-ver-documental-una-verdad-incomoda\/"},"modified":"2019-05-20T19:11:38","modified_gmt":"2019-05-20T19:11:38","slug":"fundacion-melton-y-explora-conicyt-invitan-a-ver-documental-una-verdad-incomoda-2","status":"publish","type":"post","link":"https:\/\/dev.explora.cl\/araucania\/fundacion-melton-y-explora-conicyt-invitan-a-ver-documental-una-verdad-incomoda-2\/","title":{"rendered":"Fundaci\u00f3n Melton y EXPLORA CONICYT invitan a ver documental \u201cUna verdad inc\u00f3moda\u201d"},"content":{"rendered":"<p><img loading=\"lazy\" decoding=\"async\" class=\" size-full wp-image-3613\" src=\"http:\/\/ec2-34-218-253-251.us-west-2.compute.amazonaws.com\/wp-content\/uploads\/2014\/07\/d9c04c348d4cb5b77ddbf7c19110525b.jpg\" alt=\"\" width=\"948\" height=\"658\" \/><\/p>\n<p style=\"text-align: center\"><em><strong>El documental trata sobre el calentamiento global generado por la humanidad en la Tierra y ser\u00e1 exhibido el 08 de julio en el Aula Magna de la Universidad de La Frontera.<\/strong><\/em><\/p>\n<p>Fundaci\u00f3n Melton, a trav\u00e9s de su Proyecto &#8220;ClimatePUSH &#8211; People Uniting for Sustainable Habits&#8221;, y el Proyecto EXPLORA CONICYT Regi\u00f3n de La Araucan\u00eda, bajo el patrocinio de la Agrupaci\u00f3n Linterna M\u00e1gica y la Organizaci\u00f3n Agua de Temu 2030, invitan a estudiantes de educaci\u00f3n media a la exhibici\u00f3n del documental &#8220;UNA VERDAD INC\u00d3MODA&#8221;.<\/p>\n<p><strong>P\u00fablico Objetivo<\/strong>: estudiantes de educaci\u00f3n media.<\/p>\n<p><strong>Descripci\u00f3n<\/strong>: documental estadounidense presentado por el ex vicepresidente de los Estados Unidos durante el mandato de Bill Clinton, Al Gore, sobre los efectos del calentamiento global generado por la actividad humana sobre el planeta Tierra.<\/p>\n<p><strong>D\u00eda y hora<\/strong>: 08 de julio a las 16:00 horas.<\/p>\n<p><strong>Lugar<\/strong>: Aula Magna de la Universidad de La Frontera (ubicado a un costado del Gimnasio Ol\u00edmpico).<\/p>\n<p>Para participar, debe descargar la ficha de inscripci\u00f3n que aparece al final\u00a0y enviarla al correo carmen.hernandez@ufrontera.cl antes del d\u00eda lunes 07 de julio.<\/p>\n<p>Finalmente, cabe destacar que la actividad es gratuita y una vez finalizada la exhibici\u00f3n se realizar\u00e1 una discusi\u00f3n constructiva del documental, como una forma de contribuir a la ayuda de nuestro planeta.<\/p>\n<p><strong><a href=\"http:\/\/bit.ly\/1mhJlVU\" target=\"_blank\" rel=\"noopener noreferrer\">Ficha de Inscripci\u00f3n\u00a0<\/a><\/strong><\/p>\n","protected":false},"excerpt":{"rendered":"<p>El documental trata sobre el calentamiento global generado por la humanidad en la Tierra y ser\u00e1 exhibido el 08 de julio en el Aula Magna de la Universidad de La Frontera. Fundaci\u00f3n Melton, a trav\u00e9s de su Proyecto &#8220;ClimatePUSH &#8211; People Uniting for Sustainable Habits&#8221;, y el Proyecto EXPLORA CONICYT Regi\u00f3n de La Araucan\u00eda, bajo [&hellip;]<\/p>\n","protected":false},"author":2,"featured_media":169,"comment_status":"open","ping_status":"open","sticky":false,"template":"","format":"standard","meta":{"_acf_changed":false,"_exactmetrics_skip_tracking":false,"_exactmetrics_sitenote_active":false,"_exactmetrics_sitenote_note":"","_exactmetrics_sitenote_category":0,"footnotes":"","_links_to":"","_links_to_target":""},"categories":[4],"tags":[],"class_list":["post-37754","post","type-post","status-publish","format-standard","has-post-thumbnail","hentry","category-noticias"],"acf":[],"yoast_head":"<!-- This site is optimized with the Yoast SEO plugin v26.7 - https:\/\/yoast.com\/wordpress\/plugins\/seo\/ -->\n<title>Fundaci\u00f3n Melton y EXPLORA CONICYT invitan a ver documental \u201cUna verdad inc\u00f3moda\u201d - Araucan\u00eda<\/title>\n<meta name=\"robots\" content=\"index, follow, max-snippet:-1, max-image-preview:large, max-video-preview:-1\" \/>\n<link rel=\"canonical\" href=\"https:\/\/dev.explora.cl\/araucania\/fundacion-melton-y-explora-conicyt-invitan-a-ver-documental-una-verdad-incomoda-2\/\" class=\"yoast-seo-meta-tag\" \/>\n<meta property=\"og:locale\" content=\"es_ES\" class=\"yoast-seo-meta-tag\" \/>\n<meta property=\"og:type\" content=\"article\" class=\"yoast-seo-meta-tag\" \/>\n<meta property=\"og:title\" content=\"Fundaci\u00f3n Melton y EXPLORA CONICYT invitan a ver documental \u201cUna verdad inc\u00f3moda\u201d - Araucan\u00eda\" class=\"yoast-seo-meta-tag\" \/>\n<meta property=\"og:description\" content=\"El documental trata sobre el calentamiento global generado por la humanidad en la Tierra y ser\u00e1 exhibido el 08 de julio en el Aula Magna de la Universidad de La Frontera. Fundaci\u00f3n Melton, a trav\u00e9s de su Proyecto &#8220;ClimatePUSH &#8211; People Uniting for Sustainable Habits&#8221;, y el Proyecto EXPLORA CONICYT Regi\u00f3n de La Araucan\u00eda, bajo [&hellip;]\" class=\"yoast-seo-meta-tag\" \/>\n<meta property=\"og:url\" content=\"https:\/\/dev.explora.cl\/araucania\/fundacion-melton-y-explora-conicyt-invitan-a-ver-documental-una-verdad-incomoda-2\/\" class=\"yoast-seo-meta-tag\" \/>\n<meta property=\"og:site_name\" content=\"Araucan\u00eda\" class=\"yoast-seo-meta-tag\" \/>\n<meta property=\"article:published_time\" content=\"2014-07-01T04:00:00+00:00\" class=\"yoast-seo-meta-tag\" \/>\n<meta property=\"article:modified_time\" content=\"2019-05-20T19:11:38+00:00\" class=\"yoast-seo-meta-tag\" \/>\n<meta property=\"og:image\" content=\"https:\/\/dev.explora.cl\/araucania\/wp-content\/uploads\/sites\/15\/2018\/06\/d9c04c348d4cb5b77ddbf7c19110525b.jpg\" class=\"yoast-seo-meta-tag\" \/>\n\t<meta property=\"og:image:width\" content=\"948\" class=\"yoast-seo-meta-tag\" \/>\n\t<meta property=\"og:image:height\" content=\"658\" class=\"yoast-seo-meta-tag\" \/>\n\t<meta property=\"og:image:type\" content=\"image\/jpeg\" class=\"yoast-seo-meta-tag\" \/>\n<meta name=\"author\" content=\"webman\" class=\"yoast-seo-meta-tag\" \/>\n<meta name=\"twitter:card\" content=\"summary_large_image\" class=\"yoast-seo-meta-tag\" \/>\n<meta name=\"twitter:label1\" content=\"Escrito por\" class=\"yoast-seo-meta-tag\" \/>\n\t<meta name=\"twitter:data1\" content=\"webman\" class=\"yoast-seo-meta-tag\" \/>\n\t<meta name=\"twitter:label2\" content=\"Tiempo estimado de lectura\" class=\"yoast-seo-meta-tag\" \/>\n\t<meta name=\"twitter:data2\" content=\"1 minuto\" class=\"yoast-seo-meta-tag\" \/>\n<script type=\"application\/ld+json\" class=\"yoast-schema-graph\">{\"@context\":\"https:\/\/schema.org\",\"@graph\":[{\"@type\":\"Article\",\"@id\":\"https:\/\/dev.explora.cl\/araucania\/fundacion-melton-y-explora-conicyt-invitan-a-ver-documental-una-verdad-incomoda-2\/#article\",\"isPartOf\":{\"@id\":\"https:\/\/dev.explora.cl\/araucania\/fundacion-melton-y-explora-conicyt-invitan-a-ver-documental-una-verdad-incomoda-2\/\"},\"author\":{\"name\":\"webman\",\"@id\":\"https:\/\/dev.explora.cl\/araucania\/#\/schema\/person\/cb8349c13ea2d324080adf8480d7ba5d\"},\"headline\":\"Fundaci\u00f3n Melton y EXPLORA CONICYT invitan a ver documental \u201cUna verdad inc\u00f3moda\u201d\",\"datePublished\":\"2014-07-01T04:00:00+00:00\",\"dateModified\":\"2019-05-20T19:11:38+00:00\",\"mainEntityOfPage\":{\"@id\":\"https:\/\/dev.explora.cl\/araucania\/fundacion-melton-y-explora-conicyt-invitan-a-ver-documental-una-verdad-incomoda-2\/\"},\"wordCount\":241,\"commentCount\":0,\"image\":{\"@id\":\"https:\/\/dev.explora.cl\/araucania\/fundacion-melton-y-explora-conicyt-invitan-a-ver-documental-una-verdad-incomoda-2\/#primaryimage\"},\"thumbnailUrl\":\"https:\/\/dev.explora.cl\/araucania\/wp-content\/uploads\/sites\/15\/2018\/06\/d9c04c348d4cb5b77ddbf7c19110525b.jpg\",\"articleSection\":[\"Noticias\"],\"inLanguage\":\"es-CL\",\"potentialAction\":[{\"@type\":\"CommentAction\",\"name\":\"Comment\",\"target\":[\"https:\/\/dev.explora.cl\/araucania\/fundacion-melton-y-explora-conicyt-invitan-a-ver-documental-una-verdad-incomoda-2\/#respond\"]}]},{\"@type\":\"WebPage\",\"@id\":\"https:\/\/dev.explora.cl\/araucania\/fundacion-melton-y-explora-conicyt-invitan-a-ver-documental-una-verdad-incomoda-2\/\",\"url\":\"https:\/\/dev.explora.cl\/araucania\/fundacion-melton-y-explora-conicyt-invitan-a-ver-documental-una-verdad-incomoda-2\/\",\"name\":\"Fundaci\u00f3n Melton y EXPLORA CONICYT invitan a ver documental \u201cUna verdad inc\u00f3moda\u201d - Araucan\u00eda\",\"isPartOf\":{\"@id\":\"https:\/\/dev.explora.cl\/araucania\/#website\"},\"primaryImageOfPage\":{\"@id\":\"https:\/\/dev.explora.cl\/araucania\/fundacion-melton-y-explora-conicyt-invitan-a-ver-documental-una-verdad-incomoda-2\/#primaryimage\"},\"image\":{\"@id\":\"https:\/\/dev.explora.cl\/araucania\/fundacion-melton-y-explora-conicyt-invitan-a-ver-documental-una-verdad-incomoda-2\/#primaryimage\"},\"thumbnailUrl\":\"https:\/\/dev.explora.cl\/araucania\/wp-content\/uploads\/sites\/15\/2018\/06\/d9c04c348d4cb5b77ddbf7c19110525b.jpg\",\"datePublished\":\"2014-07-01T04:00:00+00:00\",\"dateModified\":\"2019-05-20T19:11:38+00:00\",\"author\":{\"@id\":\"https:\/\/dev.explora.cl\/araucania\/#\/schema\/person\/cb8349c13ea2d324080adf8480d7ba5d\"},\"breadcrumb\":{\"@id\":\"https:\/\/dev.explora.cl\/araucania\/fundacion-melton-y-explora-conicyt-invitan-a-ver-documental-una-verdad-incomoda-2\/#breadcrumb\"},\"inLanguage\":\"es-CL\",\"potentialAction\":[{\"@type\":\"ReadAction\",\"target\":[\"https:\/\/dev.explora.cl\/araucania\/fundacion-melton-y-explora-conicyt-invitan-a-ver-documental-una-verdad-incomoda-2\/\"]}]},{\"@type\":\"ImageObject\",\"inLanguage\":\"es-CL\",\"@id\":\"https:\/\/dev.explora.cl\/araucania\/fundacion-melton-y-explora-conicyt-invitan-a-ver-documental-una-verdad-incomoda-2\/#primaryimage\",\"url\":\"https:\/\/dev.explora.cl\/araucania\/wp-content\/uploads\/sites\/15\/2018\/06\/d9c04c348d4cb5b77ddbf7c19110525b.jpg\",\"contentUrl\":\"https:\/\/dev.explora.cl\/araucania\/wp-content\/uploads\/sites\/15\/2018\/06\/d9c04c348d4cb5b77ddbf7c19110525b.jpg\",\"width\":948,\"height\":658},{\"@type\":\"BreadcrumbList\",\"@id\":\"https:\/\/dev.explora.cl\/araucania\/fundacion-melton-y-explora-conicyt-invitan-a-ver-documental-una-verdad-incomoda-2\/#breadcrumb\",\"itemListElement\":[{\"@type\":\"ListItem\",\"position\":1,\"name\":\"Portada\",\"item\":\"https:\/\/dev.explora.cl\/araucania\/\"},{\"@type\":\"ListItem\",\"position\":2,\"name\":\"Fundaci\u00f3n Melton y EXPLORA CONICYT invitan a ver documental \u201cUna verdad inc\u00f3moda\u201d\"}]},{\"@type\":\"WebSite\",\"@id\":\"https:\/\/dev.explora.cl\/araucania\/#website\",\"url\":\"https:\/\/dev.explora.cl\/araucania\/\",\"name\":\"Araucan\u00eda\",\"description\":\"Otro sitio m\u00e1s de dev.explora.cl\",\"potentialAction\":[{\"@type\":\"SearchAction\",\"target\":{\"@type\":\"EntryPoint\",\"urlTemplate\":\"https:\/\/dev.explora.cl\/araucania\/?s={search_term_string}\"},\"query-input\":{\"@type\":\"PropertyValueSpecification\",\"valueRequired\":true,\"valueName\":\"search_term_string\"}}],\"inLanguage\":\"es-CL\"},{\"@type\":\"Person\",\"@id\":\"https:\/\/dev.explora.cl\/araucania\/#\/schema\/person\/cb8349c13ea2d324080adf8480d7ba5d\",\"name\":\"webman\",\"image\":{\"@type\":\"ImageObject\",\"inLanguage\":\"es-CL\",\"@id\":\"https:\/\/dev.explora.cl\/araucania\/#\/schema\/person\/image\/\",\"url\":\"https:\/\/secure.gravatar.com\/avatar\/eeff3c82f2c02f7177d13663b7e6f890e9a6a0647ce9bb29cae02dcb094c7312?s=96&d=mm&r=g\",\"contentUrl\":\"https:\/\/secure.gravatar.com\/avatar\/eeff3c82f2c02f7177d13663b7e6f890e9a6a0647ce9bb29cae02dcb094c7312?s=96&d=mm&r=g\",\"caption\":\"webman\"},\"url\":\"https:\/\/dev.explora.cl\/araucania\/author\/webman\/\"}]}<\/script>\n<!-- \/ Yoast SEO plugin. -->","yoast_head_json":{"title":"Fundaci\u00f3n Melton y EXPLORA CONICYT invitan a ver documental \u201cUna verdad inc\u00f3moda\u201d - Araucan\u00eda","robots":{"index":"index","follow":"follow","max-snippet":"max-snippet:-1","max-image-preview":"max-image-preview:large","max-video-preview":"max-video-preview:-1"},"canonical":"https:\/\/dev.explora.cl\/araucania\/fundacion-melton-y-explora-conicyt-invitan-a-ver-documental-una-verdad-incomoda-2\/","og_locale":"es_ES","og_type":"article","og_title":"Fundaci\u00f3n Melton y EXPLORA CONICYT invitan a ver documental \u201cUna verdad inc\u00f3moda\u201d - Araucan\u00eda","og_description":"El documental trata sobre el calentamiento global generado por la humanidad en la Tierra y ser\u00e1 exhibido el 08 de julio en el Aula Magna de la Universidad de La Frontera. Fundaci\u00f3n Melton, a trav\u00e9s de su Proyecto &#8220;ClimatePUSH &#8211; People Uniting for Sustainable Habits&#8221;, y el Proyecto EXPLORA CONICYT Regi\u00f3n de La Araucan\u00eda, bajo [&hellip;]","og_url":"https:\/\/dev.explora.cl\/araucania\/fundacion-melton-y-explora-conicyt-invitan-a-ver-documental-una-verdad-incomoda-2\/","og_site_name":"Araucan\u00eda","article_published_time":"2014-07-01T04:00:00+00:00","article_modified_time":"2019-05-20T19:11:38+00:00","og_image":[{"width":948,"height":658,"url":"https:\/\/dev.explora.cl\/araucania\/wp-content\/uploads\/sites\/15\/2018\/06\/d9c04c348d4cb5b77ddbf7c19110525b.jpg","type":"image\/jpeg"}],"author":"webman","twitter_card":"summary_large_image","twitter_misc":{"Escrito por":"webman","Tiempo estimado de lectura":"1 minuto"},"schema":{"@context":"https:\/\/schema.org","@graph":[{"@type":"Article","@id":"https:\/\/dev.explora.cl\/araucania\/fundacion-melton-y-explora-conicyt-invitan-a-ver-documental-una-verdad-incomoda-2\/#article","isPartOf":{"@id":"https:\/\/dev.explora.cl\/araucania\/fundacion-melton-y-explora-conicyt-invitan-a-ver-documental-una-verdad-incomoda-2\/"},"author":{"name":"webman","@id":"https:\/\/dev.explora.cl\/araucania\/#\/schema\/person\/cb8349c13ea2d324080adf8480d7ba5d"},"headline":"Fundaci\u00f3n Melton y EXPLORA CONICYT invitan a ver documental \u201cUna verdad inc\u00f3moda\u201d","datePublished":"2014-07-01T04:00:00+00:00","dateModified":"2019-05-20T19:11:38+00:00","mainEntityOfPage":{"@id":"https:\/\/dev.explora.cl\/araucania\/fundacion-melton-y-explora-conicyt-invitan-a-ver-documental-una-verdad-incomoda-2\/"},"wordCount":241,"commentCount":0,"image":{"@id":"https:\/\/dev.explora.cl\/araucania\/fundacion-melton-y-explora-conicyt-invitan-a-ver-documental-una-verdad-incomoda-2\/#primaryimage"},"thumbnailUrl":"https:\/\/dev.explora.cl\/araucania\/wp-content\/uploads\/sites\/15\/2018\/06\/d9c04c348d4cb5b77ddbf7c19110525b.jpg","articleSection":["Noticias"],"inLanguage":"es-CL","potentialAction":[{"@type":"CommentAction","name":"Comment","target":["https:\/\/dev.explora.cl\/araucania\/fundacion-melton-y-explora-conicyt-invitan-a-ver-documental-una-verdad-incomoda-2\/#respond"]}]},{"@type":"WebPage","@id":"https:\/\/dev.explora.cl\/araucania\/fundacion-melton-y-explora-conicyt-invitan-a-ver-documental-una-verdad-incomoda-2\/","url":"https:\/\/dev.explora.cl\/araucania\/fundacion-melton-y-explora-conicyt-invitan-a-ver-documental-una-verdad-incomoda-2\/","name":"Fundaci\u00f3n Melton y EXPLORA CONICYT invitan a ver documental \u201cUna verdad inc\u00f3moda\u201d - Araucan\u00eda","isPartOf":{"@id":"https:\/\/dev.explora.cl\/araucania\/#website"},"primaryImageOfPage":{"@id":"https:\/\/dev.explora.cl\/araucania\/fundacion-melton-y-explora-conicyt-invitan-a-ver-documental-una-verdad-incomoda-2\/#primaryimage"},"image":{"@id":"https:\/\/dev.explora.cl\/araucania\/fundacion-melton-y-explora-conicyt-invitan-a-ver-documental-una-verdad-incomoda-2\/#primaryimage"},"thumbnailUrl":"https:\/\/dev.explora.cl\/araucania\/wp-content\/uploads\/sites\/15\/2018\/06\/d9c04c348d4cb5b77ddbf7c19110525b.jpg","datePublished":"2014-07-01T04:00:00+00:00","dateModified":"2019-05-20T19:11:38+00:00","author":{"@id":"https:\/\/dev.explora.cl\/araucania\/#\/schema\/person\/cb8349c13ea2d324080adf8480d7ba5d"},"breadcrumb":{"@id":"https:\/\/dev.explora.cl\/araucania\/fundacion-melton-y-explora-conicyt-invitan-a-ver-documental-una-verdad-incomoda-2\/#breadcrumb"},"inLanguage":"es-CL","potentialAction":[{"@type":"ReadAction","target":["https:\/\/dev.explora.cl\/araucania\/fundacion-melton-y-explora-conicyt-invitan-a-ver-documental-una-verdad-incomoda-2\/"]}]},{"@type":"ImageObject","inLanguage":"es-CL","@id":"https:\/\/dev.explora.cl\/araucania\/fundacion-melton-y-explora-conicyt-invitan-a-ver-documental-una-verdad-incomoda-2\/#primaryimage","url":"https:\/\/dev.explora.cl\/araucania\/wp-content\/uploads\/sites\/15\/2018\/06\/d9c04c348d4cb5b77ddbf7c19110525b.jpg","contentUrl":"https:\/\/dev.explora.cl\/araucania\/wp-content\/uploads\/sites\/15\/2018\/06\/d9c04c348d4cb5b77ddbf7c19110525b.jpg","width":948,"height":658},{"@type":"BreadcrumbList","@id":"https:\/\/dev.explora.cl\/araucania\/fundacion-melton-y-explora-conicyt-invitan-a-ver-documental-una-verdad-incomoda-2\/#breadcrumb","itemListElement":[{"@type":"ListItem","position":1,"name":"Portada","item":"https:\/\/dev.explora.cl\/araucania\/"},{"@type":"ListItem","position":2,"name":"Fundaci\u00f3n Melton y EXPLORA CONICYT invitan a ver documental \u201cUna verdad inc\u00f3moda\u201d"}]},{"@type":"WebSite","@id":"https:\/\/dev.explora.cl\/araucania\/#website","url":"https:\/\/dev.explora.cl\/araucania\/","name":"Araucan\u00eda","description":"Otro sitio m\u00e1s de dev.explora.cl","potentialAction":[{"@type":"SearchAction","target":{"@type":"EntryPoint","urlTemplate":"https:\/\/dev.explora.cl\/araucania\/?s={search_term_string}"},"query-input":{"@type":"PropertyValueSpecification","valueRequired":true,"valueName":"search_term_string"}}],"inLanguage":"es-CL"},{"@type":"Person","@id":"https:\/\/dev.explora.cl\/araucania\/#\/schema\/person\/cb8349c13ea2d324080adf8480d7ba5d","name":"webman","image":{"@type":"ImageObject","inLanguage":"es-CL","@id":"https:\/\/dev.explora.cl\/araucania\/#\/schema\/person\/image\/","url":"https:\/\/secure.gravatar.com\/avatar\/eeff3c82f2c02f7177d13663b7e6f890e9a6a0647ce9bb29cae02dcb094c7312?s=96&d=mm&r=g","contentUrl":"https:\/\/secure.gravatar.com\/avatar\/eeff3c82f2c02f7177d13663b7e6f890e9a6a0647ce9bb29cae02dcb094c7312?s=96&d=mm&r=g","caption":"webman"},"url":"https:\/\/dev.explora.cl\/araucania\/author\/webman\/"}]}},"_links":{"self":[{"href":"https:\/\/dev.explora.cl\/araucania\/wp-json\/wp\/v2\/posts\/37754","targetHints":{"allow":["GET"]}}],"collection":[{"href":"https:\/\/dev.explora.cl\/araucania\/wp-json\/wp\/v2\/posts"}],"about":[{"href":"https:\/\/dev.explora.cl\/araucania\/wp-json\/wp\/v2\/types\/post"}],"author":[{"embeddable":true,"href":"https:\/\/dev.explora.cl\/araucania\/wp-json\/wp\/v2\/users\/2"}],"replies":[{"embeddable":true,"href":"https:\/\/dev.explora.cl\/araucania\/wp-json\/wp\/v2\/comments?post=37754"}],"version-history":[{"count":1,"href":"https:\/\/dev.explora.cl\/araucania\/wp-json\/wp\/v2\/posts\/37754\/revisions"}],"predecessor-version":[{"id":38526,"href":"https:\/\/dev.explora.cl\/araucania\/wp-json\/wp\/v2\/posts\/37754\/revisions\/38526"}],"wp:featuredmedia":[{"embeddable":true,"href":"https:\/\/dev.explora.cl\/araucania\/wp-json\/wp\/v2\/media\/169"}],"wp:attachment":[{"href":"https:\/\/dev.explora.cl\/araucania\/wp-json\/wp\/v2\/media?parent=37754"}],"wp:term":[{"taxonomy":"category","embeddable":true,"href":"https:\/\/dev.explora.cl\/araucania\/wp-json\/wp\/v2\/categories?post=37754"},{"taxonomy":"post_tag","embeddable":true,"href":"https:\/\/dev.explora.cl\/araucania\/wp-json\/wp\/v2\/tags?post=37754"}],"curies":[{"name":"wp","href":"https:\/\/api.w.org\/{rel}","templated":true}]}}