{"id":37748,"date":"2014-06-26T00:00:00","date_gmt":"2014-06-26T04:00:00","guid":{"rendered":"https:\/\/dev.explora.cl\/araucania\/blog\/2014\/06\/26\/liceo-atenea-de-cunco-celebra-we-tripantu-con-charla-de-explora-conicyt\/"},"modified":"2019-05-20T19:11:40","modified_gmt":"2019-05-20T19:11:40","slug":"liceo-atenea-de-cunco-celebra-we-tripantu-con-charla-de-explora-conicyt-2-2","status":"publish","type":"post","link":"https:\/\/dev.explora.cl\/araucania\/liceo-atenea-de-cunco-celebra-we-tripantu-con-charla-de-explora-conicyt-2-2\/","title":{"rendered":"Liceo Atenea de Cunco celebra We Tripantu con Charla de EXPLORA CONICYT"},"content":{"rendered":"<p><img loading=\"lazy\" decoding=\"async\" class=\" size-full wp-image-3479\" src=\"http:\/\/ec2-34-218-253-251.us-west-2.compute.amazonaws.com\/wp-content\/uploads\/2014\/06\/153bff94d340ffc2c7c2a21981721077.jpg\" alt=\"\" width=\"4000\" height=\"3000\" \/><\/p>\n<p style=\"text-align: center\"><em><strong>Estudiantes de establecimiento de Cunco conmemoraron esta importante fecha para el pueblo mapuche, con una charla que destac\u00f3 la importancia del cuidado del medioambiente.<\/strong><\/em><\/p>\n<p style=\"text-align: justify\">Enmarcada dentro de las actividades de celebraci\u00f3n del We Tripantu organizadas por el Liceo Atenea de Cunco, y con la colaboraci\u00f3n del Proyecto EXPLORA CONICYT Regi\u00f3n de La Araucan\u00eda, el estudiante de Doctorado de Recursos Naturales de la Universidad de La Frontera, Francisco Cabrera, dict\u00f3 la charla \u201cCiencia y medioambiente: \u00bfhacia d\u00f3nde vamos?\u201d, dirigida a m\u00e1s de 400 estudiantes de educaci\u00f3n media del establecimiento educacional.<\/p>\n<p style=\"text-align: justify\">En la charla, el biotecn\u00f3logo expuso sobre temas como la contaminaci\u00f3n, el tratamiento de residuos y la producci\u00f3n de energ\u00edas limpias para ayudar a disminuir el calentamiento global y mejorar la situaci\u00f3n en nuestro entorno m\u00e1s cercano.<\/p>\n<p style=\"text-align: justify\">Cabe destacar que joven investigador expuso como invitado a la ceremonia de celebraci\u00f3n del We Tripantu, que cada a\u00f1o organizan los docentes del Liceo Atenea de Cunco, donde adem\u00e1s realizan bailes t\u00edpicos de la zona y una degustaci\u00f3n de gastronom\u00eda \u00e9tnica de la zona.<\/p>\n<p style=\"text-align: justify\">Este es el quinto a\u00f1o consecutivo en el que el Proyecto EXPLORA CONICYT Regi\u00f3n de La Araucan\u00eda participa en la conmemoraci\u00f3n del a\u00f1o nuevo mapuche del establecimiento, a trav\u00e9s de las exposiciones cient\u00edficas relacionas con temas medioambientales.<\/p>\n<p style=\"text-align: justify\"><img loading=\"lazy\" decoding=\"async\" class=\" alignleft size-full wp-image-3480\" src=\"http:\/\/ec2-34-218-253-251.us-west-2.compute.amazonaws.com\/wp-content\/uploads\/2014\/06\/Wetripantu-Cunco-cua-1.jpg\" border=\"0\" alt=\"\" align=\"left\" width=\"90\" height=\"90\" \/>\u201cMuy buena la charla, con un tema s\u00faper interesante como es el medioambiente, donde de manera clara y sintetizada nos ense\u00f1aron respecto a c\u00f3mo contribuir a su cuidado\u201d.<\/p>\n<p style=\"text-align: justify\"><span style=\"line-height: 1.3em\">Ignacia Hern\u00e1ndez, estudiante de segundo a\u00f1o medio.<\/span><\/p>\n<p style=\"text-align: justify\"><span style=\"line-height: 1.3em\">\u00a0<\/span><\/p>\n<p style=\"text-align: justify\"><span style=\"line-height: 1.3em\"><img loading=\"lazy\" decoding=\"async\" class=\" alignleft size-full wp-image-3481\" src=\"http:\/\/ec2-34-218-253-251.us-west-2.compute.amazonaws.com\/wp-content\/uploads\/2014\/06\/Wetripantu-Cunco-cua-2.jpg\" border=\"0\" alt=\"\" align=\"left\" width=\"90\" height=\"90\" \/>\u201cEstuvo muy bien estructurada en nuestro contexto como liceo, para conocer un poco m\u00e1s de nuestro entorno y medioambiente, adem\u00e1s de ayudar a fortalecer nuestra cultura\u201d.<\/span><\/p>\n<p style=\"text-align: justify\"><span style=\"line-height: 1.3em\">Doris Mora, estudiante de segundo a\u00f1o medio.<\/span><\/p>\n<p style=\"text-align: center\"><a href=\"https:\/\/www.facebook.com\/media\/set\/?set=a.1494939387390775.1073741963.1388936647991050&amp;type=1\" target=\"_blank\" rel=\"noopener noreferrer\"><span style=\"line-height: 1.3em\">Haz click aqu\u00ed para ver la galer\u00eda de im\u00e1genes<\/span><\/a><\/p>\n<p style=\"text-align: justify\"><span style=\"line-height: 1.3em\">Periodista: Carmen Hern\u00e1ndez.<\/span><\/p>\n","protected":false},"excerpt":{"rendered":"<p>Estudiantes de establecimiento de Cunco conmemoraron esta importante fecha para el pueblo mapuche, con una charla que destac\u00f3 la importancia del cuidado del medioambiente. Enmarcada dentro de las actividades de celebraci\u00f3n del We Tripantu organizadas por el Liceo Atenea de Cunco, y con la colaboraci\u00f3n del Proyecto EXPLORA CONICYT Regi\u00f3n de La Araucan\u00eda, el estudiante [&hellip;]<\/p>\n","protected":false},"author":2,"featured_media":149,"comment_status":"open","ping_status":"open","sticky":false,"template":"","format":"standard","meta":{"_acf_changed":false,"_exactmetrics_skip_tracking":false,"_exactmetrics_sitenote_active":false,"_exactmetrics_sitenote_note":"","_exactmetrics_sitenote_category":0,"footnotes":"","_links_to":"","_links_to_target":""},"categories":[4],"tags":[],"class_list":["post-37748","post","type-post","status-publish","format-standard","has-post-thumbnail","hentry","category-noticias"],"acf":[],"yoast_head":"<!-- This site is optimized with the Yoast SEO plugin v26.7 - https:\/\/yoast.com\/wordpress\/plugins\/seo\/ -->\n<title>Liceo Atenea de Cunco celebra We Tripantu con Charla de EXPLORA CONICYT - Araucan\u00eda<\/title>\n<meta name=\"robots\" content=\"index, follow, max-snippet:-1, max-image-preview:large, max-video-preview:-1\" \/>\n<link rel=\"canonical\" href=\"https:\/\/dev.explora.cl\/araucania\/liceo-atenea-de-cunco-celebra-we-tripantu-con-charla-de-explora-conicyt-2-2\/\" class=\"yoast-seo-meta-tag\" \/>\n<meta property=\"og:locale\" content=\"es_ES\" class=\"yoast-seo-meta-tag\" \/>\n<meta property=\"og:type\" content=\"article\" class=\"yoast-seo-meta-tag\" \/>\n<meta property=\"og:title\" content=\"Liceo Atenea de Cunco celebra We Tripantu con Charla de EXPLORA CONICYT - Araucan\u00eda\" class=\"yoast-seo-meta-tag\" \/>\n<meta property=\"og:description\" content=\"Estudiantes de establecimiento de Cunco conmemoraron esta importante fecha para el pueblo mapuche, con una charla que destac\u00f3 la importancia del cuidado del medioambiente. Enmarcada dentro de las actividades de celebraci\u00f3n del We Tripantu organizadas por el Liceo Atenea de Cunco, y con la colaboraci\u00f3n del Proyecto EXPLORA CONICYT Regi\u00f3n de La Araucan\u00eda, el estudiante [&hellip;]\" class=\"yoast-seo-meta-tag\" \/>\n<meta property=\"og:url\" content=\"https:\/\/dev.explora.cl\/araucania\/liceo-atenea-de-cunco-celebra-we-tripantu-con-charla-de-explora-conicyt-2-2\/\" class=\"yoast-seo-meta-tag\" \/>\n<meta property=\"og:site_name\" content=\"Araucan\u00eda\" class=\"yoast-seo-meta-tag\" \/>\n<meta property=\"article:published_time\" content=\"2014-06-26T04:00:00+00:00\" class=\"yoast-seo-meta-tag\" \/>\n<meta property=\"article:modified_time\" content=\"2019-05-20T19:11:40+00:00\" class=\"yoast-seo-meta-tag\" \/>\n<meta property=\"og:image\" content=\"https:\/\/dev.explora.cl\/araucania\/wp-content\/uploads\/sites\/15\/2019\/03\/Banner_chico_400.jpg\" class=\"yoast-seo-meta-tag\" \/>\n\t<meta property=\"og:image:width\" content=\"400\" class=\"yoast-seo-meta-tag\" \/>\n\t<meta property=\"og:image:height\" content=\"201\" class=\"yoast-seo-meta-tag\" \/>\n\t<meta property=\"og:image:type\" content=\"image\/jpeg\" class=\"yoast-seo-meta-tag\" \/>\n<meta name=\"author\" content=\"webman\" class=\"yoast-seo-meta-tag\" \/>\n<meta name=\"twitter:card\" content=\"summary_large_image\" class=\"yoast-seo-meta-tag\" \/>\n<meta name=\"twitter:label1\" content=\"Escrito por\" class=\"yoast-seo-meta-tag\" \/>\n\t<meta name=\"twitter:data1\" content=\"webman\" class=\"yoast-seo-meta-tag\" \/>\n\t<meta name=\"twitter:label2\" content=\"Tiempo estimado de lectura\" class=\"yoast-seo-meta-tag\" \/>\n\t<meta name=\"twitter:data2\" content=\"2 minutos\" class=\"yoast-seo-meta-tag\" \/>\n<script type=\"application\/ld+json\" class=\"yoast-schema-graph\">{\"@context\":\"https:\/\/schema.org\",\"@graph\":[{\"@type\":\"Article\",\"@id\":\"https:\/\/dev.explora.cl\/araucania\/liceo-atenea-de-cunco-celebra-we-tripantu-con-charla-de-explora-conicyt-2-2\/#article\",\"isPartOf\":{\"@id\":\"https:\/\/dev.explora.cl\/araucania\/liceo-atenea-de-cunco-celebra-we-tripantu-con-charla-de-explora-conicyt-2-2\/\"},\"author\":{\"name\":\"webman\",\"@id\":\"https:\/\/dev.explora.cl\/araucania\/#\/schema\/person\/cb8349c13ea2d324080adf8480d7ba5d\"},\"headline\":\"Liceo Atenea de Cunco celebra We Tripantu con Charla de EXPLORA CONICYT\",\"datePublished\":\"2014-06-26T04:00:00+00:00\",\"dateModified\":\"2019-05-20T19:11:40+00:00\",\"mainEntityOfPage\":{\"@id\":\"https:\/\/dev.explora.cl\/araucania\/liceo-atenea-de-cunco-celebra-we-tripantu-con-charla-de-explora-conicyt-2-2\/\"},\"wordCount\":335,\"commentCount\":0,\"image\":{\"@id\":\"https:\/\/dev.explora.cl\/araucania\/liceo-atenea-de-cunco-celebra-we-tripantu-con-charla-de-explora-conicyt-2-2\/#primaryimage\"},\"thumbnailUrl\":\"https:\/\/dev.explora.cl\/araucania\/wp-content\/uploads\/sites\/15\/2019\/03\/Banner_chico_400.jpg\",\"articleSection\":[\"Noticias\"],\"inLanguage\":\"es-CL\",\"potentialAction\":[{\"@type\":\"CommentAction\",\"name\":\"Comment\",\"target\":[\"https:\/\/dev.explora.cl\/araucania\/liceo-atenea-de-cunco-celebra-we-tripantu-con-charla-de-explora-conicyt-2-2\/#respond\"]}]},{\"@type\":\"WebPage\",\"@id\":\"https:\/\/dev.explora.cl\/araucania\/liceo-atenea-de-cunco-celebra-we-tripantu-con-charla-de-explora-conicyt-2-2\/\",\"url\":\"https:\/\/dev.explora.cl\/araucania\/liceo-atenea-de-cunco-celebra-we-tripantu-con-charla-de-explora-conicyt-2-2\/\",\"name\":\"Liceo Atenea de Cunco celebra We Tripantu con Charla de EXPLORA CONICYT - Araucan\u00eda\",\"isPartOf\":{\"@id\":\"https:\/\/dev.explora.cl\/araucania\/#website\"},\"primaryImageOfPage\":{\"@id\":\"https:\/\/dev.explora.cl\/araucania\/liceo-atenea-de-cunco-celebra-we-tripantu-con-charla-de-explora-conicyt-2-2\/#primaryimage\"},\"image\":{\"@id\":\"https:\/\/dev.explora.cl\/araucania\/liceo-atenea-de-cunco-celebra-we-tripantu-con-charla-de-explora-conicyt-2-2\/#primaryimage\"},\"thumbnailUrl\":\"https:\/\/dev.explora.cl\/araucania\/wp-content\/uploads\/sites\/15\/2019\/03\/Banner_chico_400.jpg\",\"datePublished\":\"2014-06-26T04:00:00+00:00\",\"dateModified\":\"2019-05-20T19:11:40+00:00\",\"author\":{\"@id\":\"https:\/\/dev.explora.cl\/araucania\/#\/schema\/person\/cb8349c13ea2d324080adf8480d7ba5d\"},\"breadcrumb\":{\"@id\":\"https:\/\/dev.explora.cl\/araucania\/liceo-atenea-de-cunco-celebra-we-tripantu-con-charla-de-explora-conicyt-2-2\/#breadcrumb\"},\"inLanguage\":\"es-CL\",\"potentialAction\":[{\"@type\":\"ReadAction\",\"target\":[\"https:\/\/dev.explora.cl\/araucania\/liceo-atenea-de-cunco-celebra-we-tripantu-con-charla-de-explora-conicyt-2-2\/\"]}]},{\"@type\":\"ImageObject\",\"inLanguage\":\"es-CL\",\"@id\":\"https:\/\/dev.explora.cl\/araucania\/liceo-atenea-de-cunco-celebra-we-tripantu-con-charla-de-explora-conicyt-2-2\/#primaryimage\",\"url\":\"https:\/\/dev.explora.cl\/araucania\/wp-content\/uploads\/sites\/15\/2019\/03\/Banner_chico_400.jpg\",\"contentUrl\":\"https:\/\/dev.explora.cl\/araucania\/wp-content\/uploads\/sites\/15\/2019\/03\/Banner_chico_400.jpg\",\"width\":400,\"height\":201},{\"@type\":\"BreadcrumbList\",\"@id\":\"https:\/\/dev.explora.cl\/araucania\/liceo-atenea-de-cunco-celebra-we-tripantu-con-charla-de-explora-conicyt-2-2\/#breadcrumb\",\"itemListElement\":[{\"@type\":\"ListItem\",\"position\":1,\"name\":\"Portada\",\"item\":\"https:\/\/dev.explora.cl\/araucania\/\"},{\"@type\":\"ListItem\",\"position\":2,\"name\":\"Liceo Atenea de Cunco celebra We Tripantu con Charla de EXPLORA CONICYT\"}]},{\"@type\":\"WebSite\",\"@id\":\"https:\/\/dev.explora.cl\/araucania\/#website\",\"url\":\"https:\/\/dev.explora.cl\/araucania\/\",\"name\":\"Araucan\u00eda\",\"description\":\"Otro sitio m\u00e1s de dev.explora.cl\",\"potentialAction\":[{\"@type\":\"SearchAction\",\"target\":{\"@type\":\"EntryPoint\",\"urlTemplate\":\"https:\/\/dev.explora.cl\/araucania\/?s={search_term_string}\"},\"query-input\":{\"@type\":\"PropertyValueSpecification\",\"valueRequired\":true,\"valueName\":\"search_term_string\"}}],\"inLanguage\":\"es-CL\"},{\"@type\":\"Person\",\"@id\":\"https:\/\/dev.explora.cl\/araucania\/#\/schema\/person\/cb8349c13ea2d324080adf8480d7ba5d\",\"name\":\"webman\",\"image\":{\"@type\":\"ImageObject\",\"inLanguage\":\"es-CL\",\"@id\":\"https:\/\/dev.explora.cl\/araucania\/#\/schema\/person\/image\/\",\"url\":\"https:\/\/secure.gravatar.com\/avatar\/eeff3c82f2c02f7177d13663b7e6f890e9a6a0647ce9bb29cae02dcb094c7312?s=96&d=mm&r=g\",\"contentUrl\":\"https:\/\/secure.gravatar.com\/avatar\/eeff3c82f2c02f7177d13663b7e6f890e9a6a0647ce9bb29cae02dcb094c7312?s=96&d=mm&r=g\",\"caption\":\"webman\"},\"url\":\"https:\/\/dev.explora.cl\/araucania\/author\/webman\/\"}]}<\/script>\n<!-- \/ Yoast SEO plugin. -->","yoast_head_json":{"title":"Liceo Atenea de Cunco celebra We Tripantu con Charla de EXPLORA CONICYT - Araucan\u00eda","robots":{"index":"index","follow":"follow","max-snippet":"max-snippet:-1","max-image-preview":"max-image-preview:large","max-video-preview":"max-video-preview:-1"},"canonical":"https:\/\/dev.explora.cl\/araucania\/liceo-atenea-de-cunco-celebra-we-tripantu-con-charla-de-explora-conicyt-2-2\/","og_locale":"es_ES","og_type":"article","og_title":"Liceo Atenea de Cunco celebra We Tripantu con Charla de EXPLORA CONICYT - Araucan\u00eda","og_description":"Estudiantes de establecimiento de Cunco conmemoraron esta importante fecha para el pueblo mapuche, con una charla que destac\u00f3 la importancia del cuidado del medioambiente. Enmarcada dentro de las actividades de celebraci\u00f3n del We Tripantu organizadas por el Liceo Atenea de Cunco, y con la colaboraci\u00f3n del Proyecto EXPLORA CONICYT Regi\u00f3n de La Araucan\u00eda, el estudiante [&hellip;]","og_url":"https:\/\/dev.explora.cl\/araucania\/liceo-atenea-de-cunco-celebra-we-tripantu-con-charla-de-explora-conicyt-2-2\/","og_site_name":"Araucan\u00eda","article_published_time":"2014-06-26T04:00:00+00:00","article_modified_time":"2019-05-20T19:11:40+00:00","og_image":[{"width":400,"height":201,"url":"https:\/\/dev.explora.cl\/araucania\/wp-content\/uploads\/sites\/15\/2019\/03\/Banner_chico_400.jpg","type":"image\/jpeg"}],"author":"webman","twitter_card":"summary_large_image","twitter_misc":{"Escrito por":"webman","Tiempo estimado de lectura":"2 minutos"},"schema":{"@context":"https:\/\/schema.org","@graph":[{"@type":"Article","@id":"https:\/\/dev.explora.cl\/araucania\/liceo-atenea-de-cunco-celebra-we-tripantu-con-charla-de-explora-conicyt-2-2\/#article","isPartOf":{"@id":"https:\/\/dev.explora.cl\/araucania\/liceo-atenea-de-cunco-celebra-we-tripantu-con-charla-de-explora-conicyt-2-2\/"},"author":{"name":"webman","@id":"https:\/\/dev.explora.cl\/araucania\/#\/schema\/person\/cb8349c13ea2d324080adf8480d7ba5d"},"headline":"Liceo Atenea de Cunco celebra We Tripantu con Charla de EXPLORA CONICYT","datePublished":"2014-06-26T04:00:00+00:00","dateModified":"2019-05-20T19:11:40+00:00","mainEntityOfPage":{"@id":"https:\/\/dev.explora.cl\/araucania\/liceo-atenea-de-cunco-celebra-we-tripantu-con-charla-de-explora-conicyt-2-2\/"},"wordCount":335,"commentCount":0,"image":{"@id":"https:\/\/dev.explora.cl\/araucania\/liceo-atenea-de-cunco-celebra-we-tripantu-con-charla-de-explora-conicyt-2-2\/#primaryimage"},"thumbnailUrl":"https:\/\/dev.explora.cl\/araucania\/wp-content\/uploads\/sites\/15\/2019\/03\/Banner_chico_400.jpg","articleSection":["Noticias"],"inLanguage":"es-CL","potentialAction":[{"@type":"CommentAction","name":"Comment","target":["https:\/\/dev.explora.cl\/araucania\/liceo-atenea-de-cunco-celebra-we-tripantu-con-charla-de-explora-conicyt-2-2\/#respond"]}]},{"@type":"WebPage","@id":"https:\/\/dev.explora.cl\/araucania\/liceo-atenea-de-cunco-celebra-we-tripantu-con-charla-de-explora-conicyt-2-2\/","url":"https:\/\/dev.explora.cl\/araucania\/liceo-atenea-de-cunco-celebra-we-tripantu-con-charla-de-explora-conicyt-2-2\/","name":"Liceo Atenea de Cunco celebra We Tripantu con Charla de EXPLORA CONICYT - Araucan\u00eda","isPartOf":{"@id":"https:\/\/dev.explora.cl\/araucania\/#website"},"primaryImageOfPage":{"@id":"https:\/\/dev.explora.cl\/araucania\/liceo-atenea-de-cunco-celebra-we-tripantu-con-charla-de-explora-conicyt-2-2\/#primaryimage"},"image":{"@id":"https:\/\/dev.explora.cl\/araucania\/liceo-atenea-de-cunco-celebra-we-tripantu-con-charla-de-explora-conicyt-2-2\/#primaryimage"},"thumbnailUrl":"https:\/\/dev.explora.cl\/araucania\/wp-content\/uploads\/sites\/15\/2019\/03\/Banner_chico_400.jpg","datePublished":"2014-06-26T04:00:00+00:00","dateModified":"2019-05-20T19:11:40+00:00","author":{"@id":"https:\/\/dev.explora.cl\/araucania\/#\/schema\/person\/cb8349c13ea2d324080adf8480d7ba5d"},"breadcrumb":{"@id":"https:\/\/dev.explora.cl\/araucania\/liceo-atenea-de-cunco-celebra-we-tripantu-con-charla-de-explora-conicyt-2-2\/#breadcrumb"},"inLanguage":"es-CL","potentialAction":[{"@type":"ReadAction","target":["https:\/\/dev.explora.cl\/araucania\/liceo-atenea-de-cunco-celebra-we-tripantu-con-charla-de-explora-conicyt-2-2\/"]}]},{"@type":"ImageObject","inLanguage":"es-CL","@id":"https:\/\/dev.explora.cl\/araucania\/liceo-atenea-de-cunco-celebra-we-tripantu-con-charla-de-explora-conicyt-2-2\/#primaryimage","url":"https:\/\/dev.explora.cl\/araucania\/wp-content\/uploads\/sites\/15\/2019\/03\/Banner_chico_400.jpg","contentUrl":"https:\/\/dev.explora.cl\/araucania\/wp-content\/uploads\/sites\/15\/2019\/03\/Banner_chico_400.jpg","width":400,"height":201},{"@type":"BreadcrumbList","@id":"https:\/\/dev.explora.cl\/araucania\/liceo-atenea-de-cunco-celebra-we-tripantu-con-charla-de-explora-conicyt-2-2\/#breadcrumb","itemListElement":[{"@type":"ListItem","position":1,"name":"Portada","item":"https:\/\/dev.explora.cl\/araucania\/"},{"@type":"ListItem","position":2,"name":"Liceo Atenea de Cunco celebra We Tripantu con Charla de EXPLORA CONICYT"}]},{"@type":"WebSite","@id":"https:\/\/dev.explora.cl\/araucania\/#website","url":"https:\/\/dev.explora.cl\/araucania\/","name":"Araucan\u00eda","description":"Otro sitio m\u00e1s de dev.explora.cl","potentialAction":[{"@type":"SearchAction","target":{"@type":"EntryPoint","urlTemplate":"https:\/\/dev.explora.cl\/araucania\/?s={search_term_string}"},"query-input":{"@type":"PropertyValueSpecification","valueRequired":true,"valueName":"search_term_string"}}],"inLanguage":"es-CL"},{"@type":"Person","@id":"https:\/\/dev.explora.cl\/araucania\/#\/schema\/person\/cb8349c13ea2d324080adf8480d7ba5d","name":"webman","image":{"@type":"ImageObject","inLanguage":"es-CL","@id":"https:\/\/dev.explora.cl\/araucania\/#\/schema\/person\/image\/","url":"https:\/\/secure.gravatar.com\/avatar\/eeff3c82f2c02f7177d13663b7e6f890e9a6a0647ce9bb29cae02dcb094c7312?s=96&d=mm&r=g","contentUrl":"https:\/\/secure.gravatar.com\/avatar\/eeff3c82f2c02f7177d13663b7e6f890e9a6a0647ce9bb29cae02dcb094c7312?s=96&d=mm&r=g","caption":"webman"},"url":"https:\/\/dev.explora.cl\/araucania\/author\/webman\/"}]}},"_links":{"self":[{"href":"https:\/\/dev.explora.cl\/araucania\/wp-json\/wp\/v2\/posts\/37748","targetHints":{"allow":["GET"]}}],"collection":[{"href":"https:\/\/dev.explora.cl\/araucania\/wp-json\/wp\/v2\/posts"}],"about":[{"href":"https:\/\/dev.explora.cl\/araucania\/wp-json\/wp\/v2\/types\/post"}],"author":[{"embeddable":true,"href":"https:\/\/dev.explora.cl\/araucania\/wp-json\/wp\/v2\/users\/2"}],"replies":[{"embeddable":true,"href":"https:\/\/dev.explora.cl\/araucania\/wp-json\/wp\/v2\/comments?post=37748"}],"version-history":[{"count":1,"href":"https:\/\/dev.explora.cl\/araucania\/wp-json\/wp\/v2\/posts\/37748\/revisions"}],"predecessor-version":[{"id":38537,"href":"https:\/\/dev.explora.cl\/araucania\/wp-json\/wp\/v2\/posts\/37748\/revisions\/38537"}],"wp:featuredmedia":[{"embeddable":true,"href":"https:\/\/dev.explora.cl\/araucania\/wp-json\/wp\/v2\/media\/149"}],"wp:attachment":[{"href":"https:\/\/dev.explora.cl\/araucania\/wp-json\/wp\/v2\/media?parent=37748"}],"wp:term":[{"taxonomy":"category","embeddable":true,"href":"https:\/\/dev.explora.cl\/araucania\/wp-json\/wp\/v2\/categories?post=37748"},{"taxonomy":"post_tag","embeddable":true,"href":"https:\/\/dev.explora.cl\/araucania\/wp-json\/wp\/v2\/tags?post=37748"}],"curies":[{"name":"wp","href":"https:\/\/api.w.org\/{rel}","templated":true}]}}