{"id":37743,"date":"2014-06-25T00:00:00","date_gmt":"2014-06-25T04:00:00","guid":{"rendered":"https:\/\/dev.explora.cl\/araucania\/blog\/2014\/06\/25\/pedagogia-en-ciencias-en-accion-inicia-su-recorrido-por-la-araucania\/"},"modified":"2019-05-20T19:11:42","modified_gmt":"2019-05-20T19:11:42","slug":"pedagogia-en-ciencias-en-accion-inicia-su-recorrido-por-la-araucania-3","status":"publish","type":"post","link":"https:\/\/dev.explora.cl\/araucania\/pedagogia-en-ciencias-en-accion-inicia-su-recorrido-por-la-araucania-3\/","title":{"rendered":"Pedagog\u00eda en Ciencias en Acci\u00f3n inicia su recorrido por La Araucan\u00eda"},"content":{"rendered":"<p><img loading=\"lazy\" decoding=\"async\" class=\" size-full wp-image-3428\" src=\"http:\/\/ec2-34-218-253-251.us-west-2.compute.amazonaws.com\/wp-content\/uploads\/2014\/06\/505a5676b5a3aa6a3f6b2efa15ce8a2c.jpg\" alt=\"\" width=\"1000\" height=\"750\" \/><\/p>\n<p>En las dependencias del Instituto Victoria se dio el inicio a la versi\u00f3n 2014 de la iniciativa Pedagog\u00eda en Ciencias en Acci\u00f3n, actividad dirigida por estudiantes de las menciones de f\u00edsica, qu\u00edmica y biolog\u00eda de la Universidad de La Frontera.<\/p>\n<p>Desde el 2012, esta instancia se ha convertido en un encuentro cient\u00edfico entre escolares y los futuros profesores, donde alumnos y alumnas de ense\u00f1anza media aprenden sobre distintos fen\u00f3menos cient\u00edficos de manera entretenida, complementando contenidos te\u00f3ricos del aula con atractivas experiencias pr\u00e1cticas, lo que posibilita un aprendizaje m\u00e1s entretenido y, por ende, m\u00e1s significativo.<\/p>\n<p>En los tres m\u00f3dulos dirigidos por estudiantes de Pedagog\u00eda en Ciencias de la Ufro, bajo la supervisi\u00f3n de la Directora de la menci\u00f3n Qu\u00edmica, Mg. Andrea Arias Padilla, se muestran experimentos como \u201cremolinos de colores\u201d, \u201cIncoloro = Amarillo\u201d en el \u00e1rea de qu\u00edmica; aspectos como \u00f3ptica, luz y est\u00e1tica, en f\u00edsica; y funcionamiento del coraz\u00f3n y grupos sangu\u00edneos, en el caso de biolog\u00eda.<\/p>\n<p>Cabe destacar que esta actividad se convierte en una positiva interacci\u00f3n entre estudiantes universitarios que asumen un rol de profesor con los estudiantes de ense\u00f1anza media, lo que permite desarrollar tempranamente nuevas herramientas pedag\u00f3gicas para el desarrollo de su futura labor.<\/p>\n<p>La actividad es organizada por el Proyecto EXPLORA CONICYT Regi\u00f3n de La Araucan\u00eda y la carrera de Pedagog\u00eda en Ciencias de la Ufro, y busca acercar la ciencia y la tecnolog\u00eda a la comunidad regional, especialmente a ni\u00f1os, ni\u00f1as y j\u00f3venes.<\/p>\n<p>Las pr\u00f3ximas versiones de Pedagog\u00edas en Ciencias en Acci\u00f3n se realizar\u00e1n en la Escuela B\u00e1sica San Mart\u00edn de Porres de Padre Las Casas y Colegio Louis Pasteur de Traigu\u00e9n.<\/p>\n<p><strong><span style=\"line-height: 1.3em\">Impresiones<\/span><\/strong><\/p>\n<p><span style=\"line-height: 1.3em\"><img loading=\"lazy\" decoding=\"async\" class=\" alignleft size-full wp-image-3429\" src=\"http:\/\/ec2-34-218-253-251.us-west-2.compute.amazonaws.com\/wp-content\/uploads\/2014\/06\/cheisaaa.jpg\" border=\"0\" alt=\"\" align=\"left\" width=\"90\" height=\"90\" \/>\u201cA m\u00ed me fascina la ciencia, por lo tanto me encant\u00f3 esto de tener la oportunidad de ver experimentos cient\u00edficos en mi colegio, sobre todo el tema de las reacciones qu\u00edmicas\u201d.<\/span><\/p>\n<p><span style=\"line-height: 1.3em\">Cheisa Gonz\u00e1lez, estudiante de segundo medio.<\/span><\/p>\n<p>\u00a0<\/p>\n<p><img loading=\"lazy\" decoding=\"async\" class=\" alignleft size-full wp-image-3430\" src=\"http:\/\/ec2-34-218-253-251.us-west-2.compute.amazonaws.com\/wp-content\/uploads\/2014\/06\/cua-azize.jpg\" border=\"0\" alt=\"\" align=\"left\" width=\"90\" height=\"90\" \/>\u201cMe parece bueno que hagan estas cosas en el colegio, ya que as\u00ed aprendemos mas sobre f\u00edsica, qu\u00edmica y biolog\u00eda, \u00e1reas que son s\u00faper importantes para nuestra formaci\u00f3n cient\u00edfica\u201d.<\/p>\n<p>Azize Campos, estudiante de segundo medio.<\/p>\n<p>\u00a0<\/p>\n<p>Periodista: Carmen Hern\u00e1ndez.\u00a0<\/p>\n","protected":false},"excerpt":{"rendered":"<p>En las dependencias del Instituto Victoria se dio el inicio a la versi\u00f3n 2014 de la iniciativa Pedagog\u00eda en Ciencias en Acci\u00f3n, actividad dirigida por estudiantes de las menciones de f\u00edsica, qu\u00edmica y biolog\u00eda de la Universidad de La Frontera. Desde el 2012, esta instancia se ha convertido en un encuentro cient\u00edfico entre escolares y [&hellip;]<\/p>\n","protected":false},"author":2,"featured_media":137,"comment_status":"open","ping_status":"open","sticky":false,"template":"","format":"standard","meta":{"_acf_changed":false,"_exactmetrics_skip_tracking":false,"_exactmetrics_sitenote_active":false,"_exactmetrics_sitenote_note":"","_exactmetrics_sitenote_category":0,"footnotes":"","_links_to":"","_links_to_target":""},"categories":[4],"tags":[],"class_list":["post-37743","post","type-post","status-publish","format-standard","has-post-thumbnail","hentry","category-noticias"],"acf":[],"yoast_head":"<!-- This site is optimized with the Yoast SEO plugin v26.7 - https:\/\/yoast.com\/wordpress\/plugins\/seo\/ -->\n<title>Pedagog\u00eda en Ciencias en Acci\u00f3n inicia su recorrido por La Araucan\u00eda - Araucan\u00eda<\/title>\n<meta name=\"robots\" content=\"index, follow, max-snippet:-1, max-image-preview:large, max-video-preview:-1\" \/>\n<link rel=\"canonical\" href=\"https:\/\/dev.explora.cl\/araucania\/pedagogia-en-ciencias-en-accion-inicia-su-recorrido-por-la-araucania-3\/\" class=\"yoast-seo-meta-tag\" \/>\n<meta property=\"og:locale\" content=\"es_ES\" class=\"yoast-seo-meta-tag\" \/>\n<meta property=\"og:type\" content=\"article\" class=\"yoast-seo-meta-tag\" \/>\n<meta property=\"og:title\" content=\"Pedagog\u00eda en Ciencias en Acci\u00f3n inicia su recorrido por La Araucan\u00eda - Araucan\u00eda\" class=\"yoast-seo-meta-tag\" \/>\n<meta property=\"og:description\" content=\"En las dependencias del Instituto Victoria se dio el inicio a la versi\u00f3n 2014 de la iniciativa Pedagog\u00eda en Ciencias en Acci\u00f3n, actividad dirigida por estudiantes de las menciones de f\u00edsica, qu\u00edmica y biolog\u00eda de la Universidad de La Frontera. Desde el 2012, esta instancia se ha convertido en un encuentro cient\u00edfico entre escolares y [&hellip;]\" class=\"yoast-seo-meta-tag\" \/>\n<meta property=\"og:url\" content=\"https:\/\/dev.explora.cl\/araucania\/pedagogia-en-ciencias-en-accion-inicia-su-recorrido-por-la-araucania-3\/\" class=\"yoast-seo-meta-tag\" \/>\n<meta property=\"og:site_name\" content=\"Araucan\u00eda\" class=\"yoast-seo-meta-tag\" \/>\n<meta property=\"article:published_time\" content=\"2014-06-25T04:00:00+00:00\" class=\"yoast-seo-meta-tag\" \/>\n<meta property=\"article:modified_time\" content=\"2019-05-20T19:11:42+00:00\" class=\"yoast-seo-meta-tag\" \/>\n<meta property=\"og:image\" content=\"https:\/\/dev.explora.cl\/araucania\/wp-content\/uploads\/sites\/15\/2018\/06\/505a5676b5a3aa6a3f6b2efa15ce8a2c.jpg\" class=\"yoast-seo-meta-tag\" \/>\n\t<meta property=\"og:image:width\" content=\"1000\" class=\"yoast-seo-meta-tag\" \/>\n\t<meta property=\"og:image:height\" content=\"750\" class=\"yoast-seo-meta-tag\" \/>\n\t<meta property=\"og:image:type\" content=\"image\/jpeg\" class=\"yoast-seo-meta-tag\" \/>\n<meta name=\"author\" content=\"webman\" class=\"yoast-seo-meta-tag\" \/>\n<meta name=\"twitter:card\" content=\"summary_large_image\" class=\"yoast-seo-meta-tag\" \/>\n<meta name=\"twitter:label1\" content=\"Escrito por\" class=\"yoast-seo-meta-tag\" \/>\n\t<meta name=\"twitter:data1\" content=\"webman\" class=\"yoast-seo-meta-tag\" \/>\n\t<meta name=\"twitter:label2\" content=\"Tiempo estimado de lectura\" class=\"yoast-seo-meta-tag\" \/>\n\t<meta name=\"twitter:data2\" content=\"2 minutos\" class=\"yoast-seo-meta-tag\" \/>\n<script type=\"application\/ld+json\" class=\"yoast-schema-graph\">{\"@context\":\"https:\/\/schema.org\",\"@graph\":[{\"@type\":\"Article\",\"@id\":\"https:\/\/dev.explora.cl\/araucania\/pedagogia-en-ciencias-en-accion-inicia-su-recorrido-por-la-araucania-3\/#article\",\"isPartOf\":{\"@id\":\"https:\/\/dev.explora.cl\/araucania\/pedagogia-en-ciencias-en-accion-inicia-su-recorrido-por-la-araucania-3\/\"},\"author\":{\"name\":\"webman\",\"@id\":\"https:\/\/dev.explora.cl\/araucania\/#\/schema\/person\/cb8349c13ea2d324080adf8480d7ba5d\"},\"headline\":\"Pedagog\u00eda en Ciencias en Acci\u00f3n inicia su recorrido por La Araucan\u00eda\",\"datePublished\":\"2014-06-25T04:00:00+00:00\",\"dateModified\":\"2019-05-20T19:11:42+00:00\",\"mainEntityOfPage\":{\"@id\":\"https:\/\/dev.explora.cl\/araucania\/pedagogia-en-ciencias-en-accion-inicia-su-recorrido-por-la-araucania-3\/\"},\"wordCount\":407,\"commentCount\":0,\"image\":{\"@id\":\"https:\/\/dev.explora.cl\/araucania\/pedagogia-en-ciencias-en-accion-inicia-su-recorrido-por-la-araucania-3\/#primaryimage\"},\"thumbnailUrl\":\"https:\/\/dev.explora.cl\/araucania\/wp-content\/uploads\/sites\/15\/2018\/06\/505a5676b5a3aa6a3f6b2efa15ce8a2c.jpg\",\"articleSection\":[\"Noticias\"],\"inLanguage\":\"es-CL\",\"potentialAction\":[{\"@type\":\"CommentAction\",\"name\":\"Comment\",\"target\":[\"https:\/\/dev.explora.cl\/araucania\/pedagogia-en-ciencias-en-accion-inicia-su-recorrido-por-la-araucania-3\/#respond\"]}]},{\"@type\":\"WebPage\",\"@id\":\"https:\/\/dev.explora.cl\/araucania\/pedagogia-en-ciencias-en-accion-inicia-su-recorrido-por-la-araucania-3\/\",\"url\":\"https:\/\/dev.explora.cl\/araucania\/pedagogia-en-ciencias-en-accion-inicia-su-recorrido-por-la-araucania-3\/\",\"name\":\"Pedagog\u00eda en Ciencias en Acci\u00f3n inicia su recorrido por La Araucan\u00eda - Araucan\u00eda\",\"isPartOf\":{\"@id\":\"https:\/\/dev.explora.cl\/araucania\/#website\"},\"primaryImageOfPage\":{\"@id\":\"https:\/\/dev.explora.cl\/araucania\/pedagogia-en-ciencias-en-accion-inicia-su-recorrido-por-la-araucania-3\/#primaryimage\"},\"image\":{\"@id\":\"https:\/\/dev.explora.cl\/araucania\/pedagogia-en-ciencias-en-accion-inicia-su-recorrido-por-la-araucania-3\/#primaryimage\"},\"thumbnailUrl\":\"https:\/\/dev.explora.cl\/araucania\/wp-content\/uploads\/sites\/15\/2018\/06\/505a5676b5a3aa6a3f6b2efa15ce8a2c.jpg\",\"datePublished\":\"2014-06-25T04:00:00+00:00\",\"dateModified\":\"2019-05-20T19:11:42+00:00\",\"author\":{\"@id\":\"https:\/\/dev.explora.cl\/araucania\/#\/schema\/person\/cb8349c13ea2d324080adf8480d7ba5d\"},\"breadcrumb\":{\"@id\":\"https:\/\/dev.explora.cl\/araucania\/pedagogia-en-ciencias-en-accion-inicia-su-recorrido-por-la-araucania-3\/#breadcrumb\"},\"inLanguage\":\"es-CL\",\"potentialAction\":[{\"@type\":\"ReadAction\",\"target\":[\"https:\/\/dev.explora.cl\/araucania\/pedagogia-en-ciencias-en-accion-inicia-su-recorrido-por-la-araucania-3\/\"]}]},{\"@type\":\"ImageObject\",\"inLanguage\":\"es-CL\",\"@id\":\"https:\/\/dev.explora.cl\/araucania\/pedagogia-en-ciencias-en-accion-inicia-su-recorrido-por-la-araucania-3\/#primaryimage\",\"url\":\"https:\/\/dev.explora.cl\/araucania\/wp-content\/uploads\/sites\/15\/2018\/06\/505a5676b5a3aa6a3f6b2efa15ce8a2c.jpg\",\"contentUrl\":\"https:\/\/dev.explora.cl\/araucania\/wp-content\/uploads\/sites\/15\/2018\/06\/505a5676b5a3aa6a3f6b2efa15ce8a2c.jpg\",\"width\":1000,\"height\":750},{\"@type\":\"BreadcrumbList\",\"@id\":\"https:\/\/dev.explora.cl\/araucania\/pedagogia-en-ciencias-en-accion-inicia-su-recorrido-por-la-araucania-3\/#breadcrumb\",\"itemListElement\":[{\"@type\":\"ListItem\",\"position\":1,\"name\":\"Portada\",\"item\":\"https:\/\/dev.explora.cl\/araucania\/\"},{\"@type\":\"ListItem\",\"position\":2,\"name\":\"Pedagog\u00eda en Ciencias en Acci\u00f3n inicia su recorrido por La Araucan\u00eda\"}]},{\"@type\":\"WebSite\",\"@id\":\"https:\/\/dev.explora.cl\/araucania\/#website\",\"url\":\"https:\/\/dev.explora.cl\/araucania\/\",\"name\":\"Araucan\u00eda\",\"description\":\"Otro sitio m\u00e1s de dev.explora.cl\",\"potentialAction\":[{\"@type\":\"SearchAction\",\"target\":{\"@type\":\"EntryPoint\",\"urlTemplate\":\"https:\/\/dev.explora.cl\/araucania\/?s={search_term_string}\"},\"query-input\":{\"@type\":\"PropertyValueSpecification\",\"valueRequired\":true,\"valueName\":\"search_term_string\"}}],\"inLanguage\":\"es-CL\"},{\"@type\":\"Person\",\"@id\":\"https:\/\/dev.explora.cl\/araucania\/#\/schema\/person\/cb8349c13ea2d324080adf8480d7ba5d\",\"name\":\"webman\",\"image\":{\"@type\":\"ImageObject\",\"inLanguage\":\"es-CL\",\"@id\":\"https:\/\/dev.explora.cl\/araucania\/#\/schema\/person\/image\/\",\"url\":\"https:\/\/secure.gravatar.com\/avatar\/eeff3c82f2c02f7177d13663b7e6f890e9a6a0647ce9bb29cae02dcb094c7312?s=96&d=mm&r=g\",\"contentUrl\":\"https:\/\/secure.gravatar.com\/avatar\/eeff3c82f2c02f7177d13663b7e6f890e9a6a0647ce9bb29cae02dcb094c7312?s=96&d=mm&r=g\",\"caption\":\"webman\"},\"url\":\"https:\/\/dev.explora.cl\/araucania\/author\/webman\/\"}]}<\/script>\n<!-- \/ Yoast SEO plugin. -->","yoast_head_json":{"title":"Pedagog\u00eda en Ciencias en Acci\u00f3n inicia su recorrido por La Araucan\u00eda - Araucan\u00eda","robots":{"index":"index","follow":"follow","max-snippet":"max-snippet:-1","max-image-preview":"max-image-preview:large","max-video-preview":"max-video-preview:-1"},"canonical":"https:\/\/dev.explora.cl\/araucania\/pedagogia-en-ciencias-en-accion-inicia-su-recorrido-por-la-araucania-3\/","og_locale":"es_ES","og_type":"article","og_title":"Pedagog\u00eda en Ciencias en Acci\u00f3n inicia su recorrido por La Araucan\u00eda - Araucan\u00eda","og_description":"En las dependencias del Instituto Victoria se dio el inicio a la versi\u00f3n 2014 de la iniciativa Pedagog\u00eda en Ciencias en Acci\u00f3n, actividad dirigida por estudiantes de las menciones de f\u00edsica, qu\u00edmica y biolog\u00eda de la Universidad de La Frontera. Desde el 2012, esta instancia se ha convertido en un encuentro cient\u00edfico entre escolares y [&hellip;]","og_url":"https:\/\/dev.explora.cl\/araucania\/pedagogia-en-ciencias-en-accion-inicia-su-recorrido-por-la-araucania-3\/","og_site_name":"Araucan\u00eda","article_published_time":"2014-06-25T04:00:00+00:00","article_modified_time":"2019-05-20T19:11:42+00:00","og_image":[{"width":1000,"height":750,"url":"https:\/\/dev.explora.cl\/araucania\/wp-content\/uploads\/sites\/15\/2018\/06\/505a5676b5a3aa6a3f6b2efa15ce8a2c.jpg","type":"image\/jpeg"}],"author":"webman","twitter_card":"summary_large_image","twitter_misc":{"Escrito por":"webman","Tiempo estimado de lectura":"2 minutos"},"schema":{"@context":"https:\/\/schema.org","@graph":[{"@type":"Article","@id":"https:\/\/dev.explora.cl\/araucania\/pedagogia-en-ciencias-en-accion-inicia-su-recorrido-por-la-araucania-3\/#article","isPartOf":{"@id":"https:\/\/dev.explora.cl\/araucania\/pedagogia-en-ciencias-en-accion-inicia-su-recorrido-por-la-araucania-3\/"},"author":{"name":"webman","@id":"https:\/\/dev.explora.cl\/araucania\/#\/schema\/person\/cb8349c13ea2d324080adf8480d7ba5d"},"headline":"Pedagog\u00eda en Ciencias en Acci\u00f3n inicia su recorrido por La Araucan\u00eda","datePublished":"2014-06-25T04:00:00+00:00","dateModified":"2019-05-20T19:11:42+00:00","mainEntityOfPage":{"@id":"https:\/\/dev.explora.cl\/araucania\/pedagogia-en-ciencias-en-accion-inicia-su-recorrido-por-la-araucania-3\/"},"wordCount":407,"commentCount":0,"image":{"@id":"https:\/\/dev.explora.cl\/araucania\/pedagogia-en-ciencias-en-accion-inicia-su-recorrido-por-la-araucania-3\/#primaryimage"},"thumbnailUrl":"https:\/\/dev.explora.cl\/araucania\/wp-content\/uploads\/sites\/15\/2018\/06\/505a5676b5a3aa6a3f6b2efa15ce8a2c.jpg","articleSection":["Noticias"],"inLanguage":"es-CL","potentialAction":[{"@type":"CommentAction","name":"Comment","target":["https:\/\/dev.explora.cl\/araucania\/pedagogia-en-ciencias-en-accion-inicia-su-recorrido-por-la-araucania-3\/#respond"]}]},{"@type":"WebPage","@id":"https:\/\/dev.explora.cl\/araucania\/pedagogia-en-ciencias-en-accion-inicia-su-recorrido-por-la-araucania-3\/","url":"https:\/\/dev.explora.cl\/araucania\/pedagogia-en-ciencias-en-accion-inicia-su-recorrido-por-la-araucania-3\/","name":"Pedagog\u00eda en Ciencias en Acci\u00f3n inicia su recorrido por La Araucan\u00eda - Araucan\u00eda","isPartOf":{"@id":"https:\/\/dev.explora.cl\/araucania\/#website"},"primaryImageOfPage":{"@id":"https:\/\/dev.explora.cl\/araucania\/pedagogia-en-ciencias-en-accion-inicia-su-recorrido-por-la-araucania-3\/#primaryimage"},"image":{"@id":"https:\/\/dev.explora.cl\/araucania\/pedagogia-en-ciencias-en-accion-inicia-su-recorrido-por-la-araucania-3\/#primaryimage"},"thumbnailUrl":"https:\/\/dev.explora.cl\/araucania\/wp-content\/uploads\/sites\/15\/2018\/06\/505a5676b5a3aa6a3f6b2efa15ce8a2c.jpg","datePublished":"2014-06-25T04:00:00+00:00","dateModified":"2019-05-20T19:11:42+00:00","author":{"@id":"https:\/\/dev.explora.cl\/araucania\/#\/schema\/person\/cb8349c13ea2d324080adf8480d7ba5d"},"breadcrumb":{"@id":"https:\/\/dev.explora.cl\/araucania\/pedagogia-en-ciencias-en-accion-inicia-su-recorrido-por-la-araucania-3\/#breadcrumb"},"inLanguage":"es-CL","potentialAction":[{"@type":"ReadAction","target":["https:\/\/dev.explora.cl\/araucania\/pedagogia-en-ciencias-en-accion-inicia-su-recorrido-por-la-araucania-3\/"]}]},{"@type":"ImageObject","inLanguage":"es-CL","@id":"https:\/\/dev.explora.cl\/araucania\/pedagogia-en-ciencias-en-accion-inicia-su-recorrido-por-la-araucania-3\/#primaryimage","url":"https:\/\/dev.explora.cl\/araucania\/wp-content\/uploads\/sites\/15\/2018\/06\/505a5676b5a3aa6a3f6b2efa15ce8a2c.jpg","contentUrl":"https:\/\/dev.explora.cl\/araucania\/wp-content\/uploads\/sites\/15\/2018\/06\/505a5676b5a3aa6a3f6b2efa15ce8a2c.jpg","width":1000,"height":750},{"@type":"BreadcrumbList","@id":"https:\/\/dev.explora.cl\/araucania\/pedagogia-en-ciencias-en-accion-inicia-su-recorrido-por-la-araucania-3\/#breadcrumb","itemListElement":[{"@type":"ListItem","position":1,"name":"Portada","item":"https:\/\/dev.explora.cl\/araucania\/"},{"@type":"ListItem","position":2,"name":"Pedagog\u00eda en Ciencias en Acci\u00f3n inicia su recorrido por La Araucan\u00eda"}]},{"@type":"WebSite","@id":"https:\/\/dev.explora.cl\/araucania\/#website","url":"https:\/\/dev.explora.cl\/araucania\/","name":"Araucan\u00eda","description":"Otro sitio m\u00e1s de dev.explora.cl","potentialAction":[{"@type":"SearchAction","target":{"@type":"EntryPoint","urlTemplate":"https:\/\/dev.explora.cl\/araucania\/?s={search_term_string}"},"query-input":{"@type":"PropertyValueSpecification","valueRequired":true,"valueName":"search_term_string"}}],"inLanguage":"es-CL"},{"@type":"Person","@id":"https:\/\/dev.explora.cl\/araucania\/#\/schema\/person\/cb8349c13ea2d324080adf8480d7ba5d","name":"webman","image":{"@type":"ImageObject","inLanguage":"es-CL","@id":"https:\/\/dev.explora.cl\/araucania\/#\/schema\/person\/image\/","url":"https:\/\/secure.gravatar.com\/avatar\/eeff3c82f2c02f7177d13663b7e6f890e9a6a0647ce9bb29cae02dcb094c7312?s=96&d=mm&r=g","contentUrl":"https:\/\/secure.gravatar.com\/avatar\/eeff3c82f2c02f7177d13663b7e6f890e9a6a0647ce9bb29cae02dcb094c7312?s=96&d=mm&r=g","caption":"webman"},"url":"https:\/\/dev.explora.cl\/araucania\/author\/webman\/"}]}},"_links":{"self":[{"href":"https:\/\/dev.explora.cl\/araucania\/wp-json\/wp\/v2\/posts\/37743","targetHints":{"allow":["GET"]}}],"collection":[{"href":"https:\/\/dev.explora.cl\/araucania\/wp-json\/wp\/v2\/posts"}],"about":[{"href":"https:\/\/dev.explora.cl\/araucania\/wp-json\/wp\/v2\/types\/post"}],"author":[{"embeddable":true,"href":"https:\/\/dev.explora.cl\/araucania\/wp-json\/wp\/v2\/users\/2"}],"replies":[{"embeddable":true,"href":"https:\/\/dev.explora.cl\/araucania\/wp-json\/wp\/v2\/comments?post=37743"}],"version-history":[{"count":1,"href":"https:\/\/dev.explora.cl\/araucania\/wp-json\/wp\/v2\/posts\/37743\/revisions"}],"predecessor-version":[{"id":38541,"href":"https:\/\/dev.explora.cl\/araucania\/wp-json\/wp\/v2\/posts\/37743\/revisions\/38541"}],"wp:featuredmedia":[{"embeddable":true,"href":"https:\/\/dev.explora.cl\/araucania\/wp-json\/wp\/v2\/media\/137"}],"wp:attachment":[{"href":"https:\/\/dev.explora.cl\/araucania\/wp-json\/wp\/v2\/media?parent=37743"}],"wp:term":[{"taxonomy":"category","embeddable":true,"href":"https:\/\/dev.explora.cl\/araucania\/wp-json\/wp\/v2\/categories?post=37743"},{"taxonomy":"post_tag","embeddable":true,"href":"https:\/\/dev.explora.cl\/araucania\/wp-json\/wp\/v2\/tags?post=37743"}],"curies":[{"name":"wp","href":"https:\/\/api.w.org\/{rel}","templated":true}]}}