{"id":37734,"date":"2014-06-11T00:00:00","date_gmt":"2014-06-11T04:00:00","guid":{"rendered":"https:\/\/dev.explora.cl\/araucania\/blog\/2014\/06\/11\/establecimientos-ya-pueden-postular-al-ciclo-de-charlas-2014\/"},"modified":"2019-05-20T19:11:49","modified_gmt":"2019-05-20T19:11:49","slug":"establecimientos-ya-pueden-postular-al-ciclo-de-charlas-2014","status":"publish","type":"post","link":"https:\/\/dev.explora.cl\/araucania\/establecimientos-ya-pueden-postular-al-ciclo-de-charlas-2014\/","title":{"rendered":"Establecimientos ya pueden postular al Ciclo de Charlas 2014"},"content":{"rendered":"<p><img loading=\"lazy\" decoding=\"async\" class=\" size-full wp-image-3016\" src=\"http:\/\/ec2-34-218-253-251.us-west-2.compute.amazonaws.com\/wp-content\/uploads\/2014\/06\/f41d8f5923ce888fc2fa592666a21fad.jpg\" alt=\"\" width=\"309\" height=\"220\" \/><\/p>\n<div style=\"color: #555555;font-family: Arial, sans-serif;font-size: 14px;line-height: 23px\">\n<div class=\"entry\" style=\"padding: 0px;margin: 0px;border: 0px none;line-height: 1.5;font-family: Raleway;font-size: 12px\">\n<p style=\"margin-top: 10px;margin-bottom: 5px;color: #444444;font-family: 'Trebuchet MS', sans-serif;font-size: 12px;line-height: 16px\">Con el prop\u00f3sito de promover y fomentar el inter\u00e9s y conocimiento por la ciencia y la tecnolog\u00eda en los estudiantes, con especial \u00e9nfasis en los j\u00f3venes en proceso de reconocer su vocaci\u00f3n profesional, el Proyecto EXPLORA CONICYT Regi\u00f3n de La Araucan\u00eda y la Universidad de La Frontera invitan a establecimientos educacionales a ser parte de la actividad \u201cCiclo de Charlas\u201d.<\/p>\n<p style=\"margin-top: 10px;margin-bottom: 5px;color: #444444;font-family: 'Trebuchet MS', sans-serif;font-size: 12px;line-height: 16px\">A trav\u00e9s de esta iniciativa, cient\u00edficos y cient\u00edficas de la regi\u00f3n visitan establecimientos educacionales, y comparten sus conocimientos y experiencias en el mundo de la ciencia con estudiantes de s\u00e9ptimo b\u00e1sico a cuarto medio, lo que constituye un encuentro enriquecedor entre comunidad educativa y acad\u00e9mica.<\/p>\n<p style=\"margin-top: 10px;margin-bottom: 5px;color: #444444;font-family: 'Trebuchet MS', sans-serif;font-size: 12px;line-height: 16px\">Cabe destacar que durante el a\u00f1o pasado se efectuaron 74 charlas en establecimientos educacionales de las distintas comunas de La Araucan\u00eda, donde se abordaron tem\u00e1ticas como el mundo de las micorrizas, el recorrido del agua, la prevenci\u00f3n de enfermedades dentales, el funcionamiento del cerebro del adolescente, el magnetismo, entre muchas otras.<\/p>\n<p style=\"margin-top: 10px;margin-bottom: 5px;color: #444444;font-family: 'Trebuchet MS', sans-serif;font-size: 12px;line-height: 16px\"><img loading=\"lazy\" decoding=\"async\" style=\"margin-bottom: 20px;margin-left: 30px;float: right\" src=\"https:\/\/dev.explora.cl\/images_new\/SitiosRegionales-IXRegion\/NoticiasRegionales-IXRegion\/Ciclo_de_Charlas_1.jpg\" alt=\"Ciclo_de_Charlas_1\" width=\"307\" height=\"220\" \/>De este modo, m\u00e1s de 3 mil 700 estudiantes de La Araucan\u00eda descubrieron distintos \u00e1mbitos de la ciencia y la tecnolog\u00eda, gracias a esta actividad de divulgaci\u00f3n que permite llevar la ciencia y la tecnolog\u00eda m\u00e1s all\u00e1 de los laboratorios y los espacios universitarios.<\/p>\n<p style=\"margin-top: 10px;margin-bottom: 5px;color: #444444;font-family: 'Trebuchet MS', sans-serif;font-size: 12px;line-height: 16px\"><strong>Postulaci\u00f3n<\/strong><\/p>\n<p style=\"margin-top: 10px;margin-bottom: 5px;color: #444444;font-family: 'Trebuchet MS', sans-serif;font-size: 12px;line-height: 16px\">Actualmente, las charlas est\u00e1n disponibles para estudiantes de s\u00e9ptimo b\u00e1sico a cuarto medio de establecimientos de Lautaro, Padre Las Casas, Temuco, Freire, Loncoche, Contulmo, Nueva Imperial, Gorbea, Pitrufqu\u00e9n, Lonquimay, Puerto Saavedra, Melipeuco, Puc\u00f3n, Curacaut\u00edn, Villarrica, Cunco, Carahue, Chol Chol.<\/p>\n<p style=\"margin-top: 10px;margin-bottom: 5px;color: #444444;font-family: 'Trebuchet MS', sans-serif;font-size: 12px;line-height: 16px\">Los establecimientos interesados deben completar la ficha de inscripci\u00f3n (que se encuentra al final) y enviarla al correo&nbsp;<a style=\"color: #007399\" href=\"mailto:carmen.hernandez@ufrontera.cl\">carmen.hernandez@ufrontera.cl<\/a>. En caso de consultas, comunicarse al fono 2734189.<\/p>\n<p style=\"margin-top: 10px;margin-bottom: 5px;color: #444444;font-family: 'Trebuchet MS', sans-serif;font-size: 12px;line-height: 16px\">\u00a1S\u00e9 parte de este ciclo y acerca el entretenido mundo cient\u00edfico a tu establecimiento!<\/p>\n<p style=\"margin-top: 10px;margin-bottom: 5px;color: #444444;font-family: 'Trebuchet MS', sans-serif;font-size: 12px;line-height: 16px\"><a style=\"color: #007399\" href=\"https:\/\/dev.explora.cl\/index.php?option=com_docman&amp;task=doc_download&amp;gid=2114\">Ficha de incripci\u00f3n<\/a><\/p>\n<\/p><\/div>\n<\/p><\/div>\n","protected":false},"excerpt":{"rendered":"<p>Con el prop\u00f3sito de promover y fomentar el inter\u00e9s y conocimiento por la ciencia y la tecnolog\u00eda en los estudiantes, con especial \u00e9nfasis en los j\u00f3venes en proceso de reconocer su vocaci\u00f3n profesional, el Proyecto EXPLORA CONICYT Regi\u00f3n de La Araucan\u00eda y la Universidad de La Frontera invitan a establecimientos educacionales a ser parte de [&hellip;]<\/p>\n","protected":false},"author":2,"featured_media":33779,"comment_status":"open","ping_status":"open","sticky":false,"template":"","format":"standard","meta":{"_acf_changed":false,"_exactmetrics_skip_tracking":false,"_exactmetrics_sitenote_active":false,"_exactmetrics_sitenote_note":"","_exactmetrics_sitenote_category":0,"footnotes":"","_links_to":"","_links_to_target":""},"categories":[4],"tags":[],"class_list":["post-37734","post","type-post","status-publish","format-standard","has-post-thumbnail","hentry","category-noticias"],"acf":[],"yoast_head":"<!-- This site is optimized with the Yoast SEO plugin v26.7 - https:\/\/yoast.com\/wordpress\/plugins\/seo\/ -->\n<title>Establecimientos ya pueden postular al Ciclo de Charlas 2014 - Araucan\u00eda<\/title>\n<meta name=\"robots\" content=\"index, follow, max-snippet:-1, max-image-preview:large, max-video-preview:-1\" \/>\n<link rel=\"canonical\" href=\"https:\/\/dev.explora.cl\/araucania\/establecimientos-ya-pueden-postular-al-ciclo-de-charlas-2014\/\" class=\"yoast-seo-meta-tag\" \/>\n<meta property=\"og:locale\" content=\"es_ES\" class=\"yoast-seo-meta-tag\" \/>\n<meta property=\"og:type\" content=\"article\" class=\"yoast-seo-meta-tag\" \/>\n<meta property=\"og:title\" content=\"Establecimientos ya pueden postular al Ciclo de Charlas 2014 - Araucan\u00eda\" class=\"yoast-seo-meta-tag\" \/>\n<meta property=\"og:description\" content=\"Con el prop\u00f3sito de promover y fomentar el inter\u00e9s y conocimiento por la ciencia y la tecnolog\u00eda en los estudiantes, con especial \u00e9nfasis en los j\u00f3venes en proceso de reconocer su vocaci\u00f3n profesional, el Proyecto EXPLORA CONICYT Regi\u00f3n de La Araucan\u00eda y la Universidad de La Frontera invitan a establecimientos educacionales a ser parte de [&hellip;]\" class=\"yoast-seo-meta-tag\" \/>\n<meta property=\"og:url\" content=\"https:\/\/dev.explora.cl\/araucania\/establecimientos-ya-pueden-postular-al-ciclo-de-charlas-2014\/\" class=\"yoast-seo-meta-tag\" \/>\n<meta property=\"og:site_name\" content=\"Araucan\u00eda\" class=\"yoast-seo-meta-tag\" \/>\n<meta property=\"article:published_time\" content=\"2014-06-11T04:00:00+00:00\" class=\"yoast-seo-meta-tag\" \/>\n<meta property=\"article:modified_time\" content=\"2019-05-20T19:11:49+00:00\" class=\"yoast-seo-meta-tag\" \/>\n<meta property=\"og:image\" content=\"https:\/\/dev.explora.cl\/araucania\/wp-content\/uploads\/sites\/15\/2018\/06\/f41d8f5923ce888fc2fa592666a21fad.jpg\" class=\"yoast-seo-meta-tag\" \/>\n\t<meta property=\"og:image:width\" content=\"309\" class=\"yoast-seo-meta-tag\" \/>\n\t<meta property=\"og:image:height\" content=\"220\" class=\"yoast-seo-meta-tag\" \/>\n\t<meta property=\"og:image:type\" content=\"image\/jpeg\" class=\"yoast-seo-meta-tag\" \/>\n<meta name=\"author\" content=\"webman\" class=\"yoast-seo-meta-tag\" \/>\n<meta name=\"twitter:card\" content=\"summary_large_image\" class=\"yoast-seo-meta-tag\" \/>\n<meta name=\"twitter:label1\" content=\"Escrito por\" class=\"yoast-seo-meta-tag\" \/>\n\t<meta name=\"twitter:data1\" content=\"webman\" class=\"yoast-seo-meta-tag\" \/>\n\t<meta name=\"twitter:label2\" content=\"Tiempo estimado de lectura\" class=\"yoast-seo-meta-tag\" \/>\n\t<meta name=\"twitter:data2\" content=\"2 minutos\" class=\"yoast-seo-meta-tag\" \/>\n<script type=\"application\/ld+json\" class=\"yoast-schema-graph\">{\"@context\":\"https:\/\/schema.org\",\"@graph\":[{\"@type\":\"Article\",\"@id\":\"https:\/\/dev.explora.cl\/araucania\/establecimientos-ya-pueden-postular-al-ciclo-de-charlas-2014\/#article\",\"isPartOf\":{\"@id\":\"https:\/\/dev.explora.cl\/araucania\/establecimientos-ya-pueden-postular-al-ciclo-de-charlas-2014\/\"},\"author\":{\"name\":\"webman\",\"@id\":\"https:\/\/dev.explora.cl\/araucania\/#\/schema\/person\/cb8349c13ea2d324080adf8480d7ba5d\"},\"headline\":\"Establecimientos ya pueden postular al Ciclo de Charlas 2014\",\"datePublished\":\"2014-06-11T04:00:00+00:00\",\"dateModified\":\"2019-05-20T19:11:49+00:00\",\"mainEntityOfPage\":{\"@id\":\"https:\/\/dev.explora.cl\/araucania\/establecimientos-ya-pueden-postular-al-ciclo-de-charlas-2014\/\"},\"wordCount\":326,\"commentCount\":0,\"image\":{\"@id\":\"https:\/\/dev.explora.cl\/araucania\/establecimientos-ya-pueden-postular-al-ciclo-de-charlas-2014\/#primaryimage\"},\"thumbnailUrl\":\"https:\/\/dev.explora.cl\/araucania\/wp-content\/uploads\/sites\/15\/2018\/06\/f41d8f5923ce888fc2fa592666a21fad.jpg\",\"articleSection\":[\"Noticias\"],\"inLanguage\":\"es-CL\",\"potentialAction\":[{\"@type\":\"CommentAction\",\"name\":\"Comment\",\"target\":[\"https:\/\/dev.explora.cl\/araucania\/establecimientos-ya-pueden-postular-al-ciclo-de-charlas-2014\/#respond\"]}]},{\"@type\":\"WebPage\",\"@id\":\"https:\/\/dev.explora.cl\/araucania\/establecimientos-ya-pueden-postular-al-ciclo-de-charlas-2014\/\",\"url\":\"https:\/\/dev.explora.cl\/araucania\/establecimientos-ya-pueden-postular-al-ciclo-de-charlas-2014\/\",\"name\":\"Establecimientos ya pueden postular al Ciclo de Charlas 2014 - Araucan\u00eda\",\"isPartOf\":{\"@id\":\"https:\/\/dev.explora.cl\/araucania\/#website\"},\"primaryImageOfPage\":{\"@id\":\"https:\/\/dev.explora.cl\/araucania\/establecimientos-ya-pueden-postular-al-ciclo-de-charlas-2014\/#primaryimage\"},\"image\":{\"@id\":\"https:\/\/dev.explora.cl\/araucania\/establecimientos-ya-pueden-postular-al-ciclo-de-charlas-2014\/#primaryimage\"},\"thumbnailUrl\":\"https:\/\/dev.explora.cl\/araucania\/wp-content\/uploads\/sites\/15\/2018\/06\/f41d8f5923ce888fc2fa592666a21fad.jpg\",\"datePublished\":\"2014-06-11T04:00:00+00:00\",\"dateModified\":\"2019-05-20T19:11:49+00:00\",\"author\":{\"@id\":\"https:\/\/dev.explora.cl\/araucania\/#\/schema\/person\/cb8349c13ea2d324080adf8480d7ba5d\"},\"breadcrumb\":{\"@id\":\"https:\/\/dev.explora.cl\/araucania\/establecimientos-ya-pueden-postular-al-ciclo-de-charlas-2014\/#breadcrumb\"},\"inLanguage\":\"es-CL\",\"potentialAction\":[{\"@type\":\"ReadAction\",\"target\":[\"https:\/\/dev.explora.cl\/araucania\/establecimientos-ya-pueden-postular-al-ciclo-de-charlas-2014\/\"]}]},{\"@type\":\"ImageObject\",\"inLanguage\":\"es-CL\",\"@id\":\"https:\/\/dev.explora.cl\/araucania\/establecimientos-ya-pueden-postular-al-ciclo-de-charlas-2014\/#primaryimage\",\"url\":\"https:\/\/dev.explora.cl\/araucania\/wp-content\/uploads\/sites\/15\/2018\/06\/f41d8f5923ce888fc2fa592666a21fad.jpg\",\"contentUrl\":\"https:\/\/dev.explora.cl\/araucania\/wp-content\/uploads\/sites\/15\/2018\/06\/f41d8f5923ce888fc2fa592666a21fad.jpg\",\"width\":309,\"height\":220},{\"@type\":\"BreadcrumbList\",\"@id\":\"https:\/\/dev.explora.cl\/araucania\/establecimientos-ya-pueden-postular-al-ciclo-de-charlas-2014\/#breadcrumb\",\"itemListElement\":[{\"@type\":\"ListItem\",\"position\":1,\"name\":\"Portada\",\"item\":\"https:\/\/dev.explora.cl\/araucania\/\"},{\"@type\":\"ListItem\",\"position\":2,\"name\":\"Establecimientos ya pueden postular al Ciclo de Charlas 2014\"}]},{\"@type\":\"WebSite\",\"@id\":\"https:\/\/dev.explora.cl\/araucania\/#website\",\"url\":\"https:\/\/dev.explora.cl\/araucania\/\",\"name\":\"Araucan\u00eda\",\"description\":\"Otro sitio m\u00e1s de dev.explora.cl\",\"potentialAction\":[{\"@type\":\"SearchAction\",\"target\":{\"@type\":\"EntryPoint\",\"urlTemplate\":\"https:\/\/dev.explora.cl\/araucania\/?s={search_term_string}\"},\"query-input\":{\"@type\":\"PropertyValueSpecification\",\"valueRequired\":true,\"valueName\":\"search_term_string\"}}],\"inLanguage\":\"es-CL\"},{\"@type\":\"Person\",\"@id\":\"https:\/\/dev.explora.cl\/araucania\/#\/schema\/person\/cb8349c13ea2d324080adf8480d7ba5d\",\"name\":\"webman\",\"image\":{\"@type\":\"ImageObject\",\"inLanguage\":\"es-CL\",\"@id\":\"https:\/\/dev.explora.cl\/araucania\/#\/schema\/person\/image\/\",\"url\":\"https:\/\/secure.gravatar.com\/avatar\/eeff3c82f2c02f7177d13663b7e6f890e9a6a0647ce9bb29cae02dcb094c7312?s=96&d=mm&r=g\",\"contentUrl\":\"https:\/\/secure.gravatar.com\/avatar\/eeff3c82f2c02f7177d13663b7e6f890e9a6a0647ce9bb29cae02dcb094c7312?s=96&d=mm&r=g\",\"caption\":\"webman\"},\"url\":\"https:\/\/dev.explora.cl\/araucania\/author\/webman\/\"}]}<\/script>\n<!-- \/ Yoast SEO plugin. -->","yoast_head_json":{"title":"Establecimientos ya pueden postular al Ciclo de Charlas 2014 - Araucan\u00eda","robots":{"index":"index","follow":"follow","max-snippet":"max-snippet:-1","max-image-preview":"max-image-preview:large","max-video-preview":"max-video-preview:-1"},"canonical":"https:\/\/dev.explora.cl\/araucania\/establecimientos-ya-pueden-postular-al-ciclo-de-charlas-2014\/","og_locale":"es_ES","og_type":"article","og_title":"Establecimientos ya pueden postular al Ciclo de Charlas 2014 - Araucan\u00eda","og_description":"Con el prop\u00f3sito de promover y fomentar el inter\u00e9s y conocimiento por la ciencia y la tecnolog\u00eda en los estudiantes, con especial \u00e9nfasis en los j\u00f3venes en proceso de reconocer su vocaci\u00f3n profesional, el Proyecto EXPLORA CONICYT Regi\u00f3n de La Araucan\u00eda y la Universidad de La Frontera invitan a establecimientos educacionales a ser parte de [&hellip;]","og_url":"https:\/\/dev.explora.cl\/araucania\/establecimientos-ya-pueden-postular-al-ciclo-de-charlas-2014\/","og_site_name":"Araucan\u00eda","article_published_time":"2014-06-11T04:00:00+00:00","article_modified_time":"2019-05-20T19:11:49+00:00","og_image":[{"width":309,"height":220,"url":"https:\/\/dev.explora.cl\/araucania\/wp-content\/uploads\/sites\/15\/2018\/06\/f41d8f5923ce888fc2fa592666a21fad.jpg","type":"image\/jpeg"}],"author":"webman","twitter_card":"summary_large_image","twitter_misc":{"Escrito por":"webman","Tiempo estimado de lectura":"2 minutos"},"schema":{"@context":"https:\/\/schema.org","@graph":[{"@type":"Article","@id":"https:\/\/dev.explora.cl\/araucania\/establecimientos-ya-pueden-postular-al-ciclo-de-charlas-2014\/#article","isPartOf":{"@id":"https:\/\/dev.explora.cl\/araucania\/establecimientos-ya-pueden-postular-al-ciclo-de-charlas-2014\/"},"author":{"name":"webman","@id":"https:\/\/dev.explora.cl\/araucania\/#\/schema\/person\/cb8349c13ea2d324080adf8480d7ba5d"},"headline":"Establecimientos ya pueden postular al Ciclo de Charlas 2014","datePublished":"2014-06-11T04:00:00+00:00","dateModified":"2019-05-20T19:11:49+00:00","mainEntityOfPage":{"@id":"https:\/\/dev.explora.cl\/araucania\/establecimientos-ya-pueden-postular-al-ciclo-de-charlas-2014\/"},"wordCount":326,"commentCount":0,"image":{"@id":"https:\/\/dev.explora.cl\/araucania\/establecimientos-ya-pueden-postular-al-ciclo-de-charlas-2014\/#primaryimage"},"thumbnailUrl":"https:\/\/dev.explora.cl\/araucania\/wp-content\/uploads\/sites\/15\/2018\/06\/f41d8f5923ce888fc2fa592666a21fad.jpg","articleSection":["Noticias"],"inLanguage":"es-CL","potentialAction":[{"@type":"CommentAction","name":"Comment","target":["https:\/\/dev.explora.cl\/araucania\/establecimientos-ya-pueden-postular-al-ciclo-de-charlas-2014\/#respond"]}]},{"@type":"WebPage","@id":"https:\/\/dev.explora.cl\/araucania\/establecimientos-ya-pueden-postular-al-ciclo-de-charlas-2014\/","url":"https:\/\/dev.explora.cl\/araucania\/establecimientos-ya-pueden-postular-al-ciclo-de-charlas-2014\/","name":"Establecimientos ya pueden postular al Ciclo de Charlas 2014 - Araucan\u00eda","isPartOf":{"@id":"https:\/\/dev.explora.cl\/araucania\/#website"},"primaryImageOfPage":{"@id":"https:\/\/dev.explora.cl\/araucania\/establecimientos-ya-pueden-postular-al-ciclo-de-charlas-2014\/#primaryimage"},"image":{"@id":"https:\/\/dev.explora.cl\/araucania\/establecimientos-ya-pueden-postular-al-ciclo-de-charlas-2014\/#primaryimage"},"thumbnailUrl":"https:\/\/dev.explora.cl\/araucania\/wp-content\/uploads\/sites\/15\/2018\/06\/f41d8f5923ce888fc2fa592666a21fad.jpg","datePublished":"2014-06-11T04:00:00+00:00","dateModified":"2019-05-20T19:11:49+00:00","author":{"@id":"https:\/\/dev.explora.cl\/araucania\/#\/schema\/person\/cb8349c13ea2d324080adf8480d7ba5d"},"breadcrumb":{"@id":"https:\/\/dev.explora.cl\/araucania\/establecimientos-ya-pueden-postular-al-ciclo-de-charlas-2014\/#breadcrumb"},"inLanguage":"es-CL","potentialAction":[{"@type":"ReadAction","target":["https:\/\/dev.explora.cl\/araucania\/establecimientos-ya-pueden-postular-al-ciclo-de-charlas-2014\/"]}]},{"@type":"ImageObject","inLanguage":"es-CL","@id":"https:\/\/dev.explora.cl\/araucania\/establecimientos-ya-pueden-postular-al-ciclo-de-charlas-2014\/#primaryimage","url":"https:\/\/dev.explora.cl\/araucania\/wp-content\/uploads\/sites\/15\/2018\/06\/f41d8f5923ce888fc2fa592666a21fad.jpg","contentUrl":"https:\/\/dev.explora.cl\/araucania\/wp-content\/uploads\/sites\/15\/2018\/06\/f41d8f5923ce888fc2fa592666a21fad.jpg","width":309,"height":220},{"@type":"BreadcrumbList","@id":"https:\/\/dev.explora.cl\/araucania\/establecimientos-ya-pueden-postular-al-ciclo-de-charlas-2014\/#breadcrumb","itemListElement":[{"@type":"ListItem","position":1,"name":"Portada","item":"https:\/\/dev.explora.cl\/araucania\/"},{"@type":"ListItem","position":2,"name":"Establecimientos ya pueden postular al Ciclo de Charlas 2014"}]},{"@type":"WebSite","@id":"https:\/\/dev.explora.cl\/araucania\/#website","url":"https:\/\/dev.explora.cl\/araucania\/","name":"Araucan\u00eda","description":"Otro sitio m\u00e1s de dev.explora.cl","potentialAction":[{"@type":"SearchAction","target":{"@type":"EntryPoint","urlTemplate":"https:\/\/dev.explora.cl\/araucania\/?s={search_term_string}"},"query-input":{"@type":"PropertyValueSpecification","valueRequired":true,"valueName":"search_term_string"}}],"inLanguage":"es-CL"},{"@type":"Person","@id":"https:\/\/dev.explora.cl\/araucania\/#\/schema\/person\/cb8349c13ea2d324080adf8480d7ba5d","name":"webman","image":{"@type":"ImageObject","inLanguage":"es-CL","@id":"https:\/\/dev.explora.cl\/araucania\/#\/schema\/person\/image\/","url":"https:\/\/secure.gravatar.com\/avatar\/eeff3c82f2c02f7177d13663b7e6f890e9a6a0647ce9bb29cae02dcb094c7312?s=96&d=mm&r=g","contentUrl":"https:\/\/secure.gravatar.com\/avatar\/eeff3c82f2c02f7177d13663b7e6f890e9a6a0647ce9bb29cae02dcb094c7312?s=96&d=mm&r=g","caption":"webman"},"url":"https:\/\/dev.explora.cl\/araucania\/author\/webman\/"}]}},"_links":{"self":[{"href":"https:\/\/dev.explora.cl\/araucania\/wp-json\/wp\/v2\/posts\/37734","targetHints":{"allow":["GET"]}}],"collection":[{"href":"https:\/\/dev.explora.cl\/araucania\/wp-json\/wp\/v2\/posts"}],"about":[{"href":"https:\/\/dev.explora.cl\/araucania\/wp-json\/wp\/v2\/types\/post"}],"author":[{"embeddable":true,"href":"https:\/\/dev.explora.cl\/araucania\/wp-json\/wp\/v2\/users\/2"}],"replies":[{"embeddable":true,"href":"https:\/\/dev.explora.cl\/araucania\/wp-json\/wp\/v2\/comments?post=37734"}],"version-history":[{"count":1,"href":"https:\/\/dev.explora.cl\/araucania\/wp-json\/wp\/v2\/posts\/37734\/revisions"}],"predecessor-version":[{"id":38565,"href":"https:\/\/dev.explora.cl\/araucania\/wp-json\/wp\/v2\/posts\/37734\/revisions\/38565"}],"wp:featuredmedia":[{"embeddable":true,"href":"https:\/\/dev.explora.cl\/araucania\/wp-json\/wp\/v2\/media\/33779"}],"wp:attachment":[{"href":"https:\/\/dev.explora.cl\/araucania\/wp-json\/wp\/v2\/media?parent=37734"}],"wp:term":[{"taxonomy":"category","embeddable":true,"href":"https:\/\/dev.explora.cl\/araucania\/wp-json\/wp\/v2\/categories?post=37734"},{"taxonomy":"post_tag","embeddable":true,"href":"https:\/\/dev.explora.cl\/araucania\/wp-json\/wp\/v2\/tags?post=37734"}],"curies":[{"name":"wp","href":"https:\/\/api.w.org\/{rel}","templated":true}]}}