{"id":37727,"date":"2014-05-20T00:00:00","date_gmt":"2014-05-20T04:00:00","guid":{"rendered":"https:\/\/dev.explora.cl\/araucania\/blog\/2014\/05\/20\/plantilla-noticias-regionales-la-araucania-7\/"},"modified":"2019-05-20T19:11:51","modified_gmt":"2019-05-20T19:11:51","slug":"plantilla-noticias-regionales-la-araucania-7","status":"publish","type":"post","link":"https:\/\/dev.explora.cl\/araucania\/plantilla-noticias-regionales-la-araucania-7\/","title":{"rendered":"Proyecto EXPLORA Araucan\u00eda lanz\u00f3 su programa 2014 con un masivo carnaval cient\u00edfico"},"content":{"rendered":"<table style=\"height: 269px;width: 540px\" border=\"0\">\n<tbody>\n<tr>\n<td valign=\"top\"><img loading=\"lazy\" decoding=\"async\" class=\" size-full wp-image-2406\" src=\"http:\/\/ec2-34-218-253-251.us-west-2.compute.amazonaws.com\/wp-content\/uploads\/2014\/05\/Lanzamiento_Proyecto_EXPLORA_CONICYT_Regin_de_La_Araucana_0.jpg\" alt=\"Lanzamiento Proyecto EXPLORA CONICYT Regin de La Araucana 0\" width=\"300\" height=\"212\" \/><\/td>\n<td>\n<p style=\"margin-top: 10px;margin-bottom: 5px;color: #444444;font-family: 'Trebuchet MS', sans-serif;font-size: 12px;line-height: 16px\">Con una fiesta cient\u00edfica titulada \u201cL\u00e1nzate al carnaval de la ciencia y la tecnolog\u00eda con EXPLORA\u201d, el Proyecto EXPLORA CONICYT Regi\u00f3n de La Araucan\u00eda dio inicio al calendario de actividades 2014, que este a\u00f1o contempla alrededor de 500 iniciativas que se desplegar\u00e1n en distintos puntos de La Araucan\u00eda.<\/p>\n<p style=\"margin-top: 10px;margin-bottom: 5px;color: #444444;font-family: 'Trebuchet MS', sans-serif;font-size: 12px;line-height: 16px\">M\u00e1s de 800 personas, en su mayor\u00eda estudiantes, colmaron el Gimnasio Bernardo O\u2019Higgins para ser parte de esta celebraci\u00f3n que, como pocas veces, uni\u00f3 ciencia, tecnolog\u00eda, competencias y baile entretenido.<\/p>\n<\/td>\n<\/tr>\n<tr>\n<td colspan=\"2\">&nbsp; <\/p>\n<p style=\"margin-top: 10px;margin-bottom: 5px;color: #444444;font-family: 'Trebuchet MS', sans-serif;font-size: 12px;line-height: 16px\">\u201cLa esencia de esta jornada es la ciencia entretenida. Esto porque queremos, a trav\u00e9s de esta fiesta \u00fanica en su naturaleza, mostrar que el mundo cient\u00edfico es realmente maravilloso y, de este modo, motivar a las personas a que se unan a las distintas iniciativas que nuestro proyecto efectuar\u00e1 este 2014\u201d, asegur\u00f3 Felipe Gallardo, Director Proyecto EXPLORA CONICYT Regi\u00f3n de La Araucan\u00eda.<\/p>\n<p style=\"margin-top: 10px;margin-bottom: 5px;color: #444444;font-family: 'Trebuchet MS', sans-serif;font-size: 12px;line-height: 16px\">Catorce iniciativas cient\u00edficas y tecnol\u00f3gicas se dieron cita en esta ocasi\u00f3n para cautivar a los asistentes con innovadores&nbsp;proyectos, principalmente vinculados con el tema del a\u00f1o del Programa EXPLORA CONICYT,<img loading=\"lazy\" decoding=\"async\" style=\"margin-left: 30px;margin-bottom: 20px;margin-top: 20px;float: right\" src=\"https:\/\/dev.explora.cl\/images_new\/SitiosRegionales-IXRegion\/NoticiasRegionales-IXRegion\/Lanzamiento_Proyecto_EXPLORA_CONICYT_Regin_de_La_Araucana_5.jpg\" alt=\"Lanzamiento_Proyecto_EXPLORA_CONICYT_Regin_de_La_Araucana_5\" width=\"311\" height=\"220\" \/>\u201cVida,&nbsp;Ciencia y Tecnolog\u00eda\u201d.<\/p>\n<p style=\"margin-top: 10px;margin-bottom: 5px;color: #444444;font-family: 'Trebuchet MS', sans-serif;font-size: 12px;line-height: 16px\">Dentro de los participantes de estos stands interactivos destacaron organizaciones estudiantiles de la Facultad de Medicina de la Universidad de La Frontera, instituciones asociadas como CGNA, Movil Channel, Universidad Cat\u00f3lica de Temuco y Aguas Araucan\u00eda, y proyectos cient\u00edficos como eDiVo y Electro\u00e1rbol.<\/p>\n<p style=\"margin-top: 10px;margin-bottom: 5px;color: #444444;font-family: 'Trebuchet MS', sans-serif;font-size: 12px;line-height: 16px\">A estas experiencias cient\u00edficas se sum\u00f3 un concurso de disfraces, adem\u00e1s de la presentaci\u00f3n de artistas del \u201cEstudio de danza 7 y 8 de Pamela Lozano\u201d, quienes con flashmob, cotill\u00f3n y bailes entretenidos aportaron la cuota de ritmo en la jornada.<\/p>\n<p style=\"margin-top: 10px;margin-bottom: 5px;color: #444444;font-family: 'Trebuchet MS', sans-serif;font-size: 12px;line-height: 16px\"><strong>Expectativas para el 2014<\/strong><\/p>\n<p style=\"margin-top: 10px;margin-bottom: 5px;color: #444444;font-family: 'Trebuchet MS', sans-serif;font-size: 12px;line-height: 16px\">Cabe destacar que m\u00e1s de 65 mil personas de distintos puntos de la regi\u00f3n participaron en las actividades de divulgaci\u00f3n y valoraci\u00f3n que el Proyecto EXPLORA CONICYT Regi\u00f3n de La Araucan\u00eda desarroll\u00f3 el a\u00f1o pasado, cifra que se tradujo en la visita a m\u00e1s de 700 colegios y en la participaci\u00f3n de 38 mil ni\u00f1os, ni\u00f1as y j\u00f3venes de La Araucan\u00eda.<\/p>\n<p style=\"margin-top: 10px;margin-bottom: 5px;color: #444444;font-family: 'Trebuchet MS', sans-serif;font-size: 12px;line-height: 16px\"><img loading=\"lazy\" decoding=\"async\" style=\"margin-bottom: 20px;margin-right: 30px;float: left\" src=\"https:\/\/dev.explora.cl\/images_new\/SitiosRegionales-IXRegion\/NoticiasRegionales-IXRegion\/Lanzamiento_Proyecto_EXPLORA_CONICYT_Regin_de_La_Araucana_6.jpg\" alt=\"Lanzamiento_Proyecto_EXPLORA_CONICYT_Regin_de_La_Araucana_6\" width=\"313\" height=\"220\" \/>A partir de este positivo balance, el desaf\u00edo para este a\u00f1o es significativo. Por ello, el proyecto regional llevar\u00e1 alrededor de 500 actividades este 2014, entre las cuales destacan las Pasant\u00edas de Investigaci\u00f3n, el Ciclo de Charlas, la Semana Nacional de la Ciencia y la Tecnolog\u00eda, y el Congreso Regional Escolar de Ciencia y Tecnolog\u00eda.<\/p>\n<p style=\"margin-top: 10px;margin-bottom: 5px;color: #444444;font-family: 'Trebuchet MS', sans-serif;font-size: 12px;line-height: 16px\">\u201cA trav\u00e9s de este lanzamiento pudimos ser testigos de que la comunidad regional, en especial los m\u00e1s j\u00f3venes, est\u00e1n \u00e1vidos de aprender. Es por eso que invitamos a todas las personas a que participen en las actividades que tenemos contempladas para este a\u00f1o, que esperamos que beneficien a alrededor de 70 mil personas de La Araucan\u00eda\u201d, concluy\u00f3 el Director.<\/p>\n<p style=\"margin-top: 10px;margin-bottom: 5px;color: #444444;font-family: 'Trebuchet MS', sans-serif;font-size: 12px;line-height: 16px\">Periodista: Carolina Nahuelpi \u00c1lvarez.<\/p>\n<\/td>\n<\/tr>\n<\/tbody>\n<\/table>\n","protected":false},"excerpt":{"rendered":"<p>Con una fiesta cient\u00edfica titulada \u201cL\u00e1nzate al carnaval de la ciencia y la tecnolog\u00eda con EXPLORA\u201d, el Proyecto EXPLORA CONICYT Regi\u00f3n de La Araucan\u00eda dio inicio al calendario de actividades 2014, que este a\u00f1o contempla alrededor de 500 iniciativas que se desplegar\u00e1n en distintos puntos de La Araucan\u00eda. M\u00e1s de 800 personas, en su mayor\u00eda [&hellip;]<\/p>\n","protected":false},"author":2,"featured_media":33772,"comment_status":"open","ping_status":"open","sticky":false,"template":"","format":"standard","meta":{"_acf_changed":false,"_exactmetrics_skip_tracking":false,"_exactmetrics_sitenote_active":false,"_exactmetrics_sitenote_note":"","_exactmetrics_sitenote_category":0,"footnotes":"","_links_to":"","_links_to_target":""},"categories":[4],"tags":[],"class_list":["post-37727","post","type-post","status-publish","format-standard","has-post-thumbnail","hentry","category-noticias"],"acf":[],"yoast_head":"<!-- This site is optimized with the Yoast SEO plugin v26.7 - https:\/\/yoast.com\/wordpress\/plugins\/seo\/ -->\n<title>Proyecto EXPLORA Araucan\u00eda lanz\u00f3 su programa 2014 con un masivo carnaval cient\u00edfico - Araucan\u00eda<\/title>\n<meta name=\"robots\" content=\"index, follow, max-snippet:-1, max-image-preview:large, max-video-preview:-1\" \/>\n<link rel=\"canonical\" href=\"https:\/\/dev.explora.cl\/araucania\/plantilla-noticias-regionales-la-araucania-7\/\" class=\"yoast-seo-meta-tag\" \/>\n<meta property=\"og:locale\" content=\"es_ES\" class=\"yoast-seo-meta-tag\" \/>\n<meta property=\"og:type\" content=\"article\" class=\"yoast-seo-meta-tag\" \/>\n<meta property=\"og:title\" content=\"Proyecto EXPLORA Araucan\u00eda lanz\u00f3 su programa 2014 con un masivo carnaval cient\u00edfico - Araucan\u00eda\" class=\"yoast-seo-meta-tag\" \/>\n<meta property=\"og:description\" content=\"Con una fiesta cient\u00edfica titulada \u201cL\u00e1nzate al carnaval de la ciencia y la tecnolog\u00eda con EXPLORA\u201d, el Proyecto EXPLORA CONICYT Regi\u00f3n de La Araucan\u00eda dio inicio al calendario de actividades 2014, que este a\u00f1o contempla alrededor de 500 iniciativas que se desplegar\u00e1n en distintos puntos de La Araucan\u00eda. M\u00e1s de 800 personas, en su mayor\u00eda [&hellip;]\" class=\"yoast-seo-meta-tag\" \/>\n<meta property=\"og:url\" content=\"https:\/\/dev.explora.cl\/araucania\/plantilla-noticias-regionales-la-araucania-7\/\" class=\"yoast-seo-meta-tag\" \/>\n<meta property=\"og:site_name\" content=\"Araucan\u00eda\" class=\"yoast-seo-meta-tag\" \/>\n<meta property=\"article:published_time\" content=\"2014-05-20T04:00:00+00:00\" class=\"yoast-seo-meta-tag\" \/>\n<meta property=\"article:modified_time\" content=\"2019-05-20T19:11:51+00:00\" class=\"yoast-seo-meta-tag\" \/>\n<meta property=\"og:image\" content=\"https:\/\/dev.explora.cl\/araucania\/wp-content\/uploads\/sites\/15\/2018\/06\/Lanzamiento_Proyecto_EXPLORA_CONICYT_Regin_de_La_Araucana_0.jpg\" class=\"yoast-seo-meta-tag\" \/>\n\t<meta property=\"og:image:width\" content=\"312\" class=\"yoast-seo-meta-tag\" \/>\n\t<meta property=\"og:image:height\" content=\"220\" class=\"yoast-seo-meta-tag\" \/>\n\t<meta property=\"og:image:type\" content=\"image\/jpeg\" class=\"yoast-seo-meta-tag\" \/>\n<meta name=\"author\" content=\"webman\" class=\"yoast-seo-meta-tag\" \/>\n<meta name=\"twitter:card\" content=\"summary_large_image\" class=\"yoast-seo-meta-tag\" \/>\n<meta name=\"twitter:label1\" content=\"Escrito por\" class=\"yoast-seo-meta-tag\" \/>\n\t<meta name=\"twitter:data1\" content=\"webman\" class=\"yoast-seo-meta-tag\" \/>\n\t<meta name=\"twitter:label2\" content=\"Tiempo estimado de lectura\" class=\"yoast-seo-meta-tag\" \/>\n\t<meta name=\"twitter:data2\" content=\"2 minutos\" class=\"yoast-seo-meta-tag\" \/>\n<script type=\"application\/ld+json\" class=\"yoast-schema-graph\">{\"@context\":\"https:\/\/schema.org\",\"@graph\":[{\"@type\":\"Article\",\"@id\":\"https:\/\/dev.explora.cl\/araucania\/plantilla-noticias-regionales-la-araucania-7\/#article\",\"isPartOf\":{\"@id\":\"https:\/\/dev.explora.cl\/araucania\/plantilla-noticias-regionales-la-araucania-7\/\"},\"author\":{\"name\":\"webman\",\"@id\":\"https:\/\/dev.explora.cl\/araucania\/#\/schema\/person\/cb8349c13ea2d324080adf8480d7ba5d\"},\"headline\":\"Proyecto EXPLORA Araucan\u00eda lanz\u00f3 su programa 2014 con un masivo carnaval cient\u00edfico\",\"datePublished\":\"2014-05-20T04:00:00+00:00\",\"dateModified\":\"2019-05-20T19:11:51+00:00\",\"mainEntityOfPage\":{\"@id\":\"https:\/\/dev.explora.cl\/araucania\/plantilla-noticias-regionales-la-araucania-7\/\"},\"wordCount\":498,\"commentCount\":0,\"image\":{\"@id\":\"https:\/\/dev.explora.cl\/araucania\/plantilla-noticias-regionales-la-araucania-7\/#primaryimage\"},\"thumbnailUrl\":\"https:\/\/dev.explora.cl\/araucania\/wp-content\/uploads\/sites\/15\/2018\/06\/Lanzamiento_Proyecto_EXPLORA_CONICYT_Regin_de_La_Araucana_0.jpg\",\"articleSection\":[\"Noticias\"],\"inLanguage\":\"es-CL\",\"potentialAction\":[{\"@type\":\"CommentAction\",\"name\":\"Comment\",\"target\":[\"https:\/\/dev.explora.cl\/araucania\/plantilla-noticias-regionales-la-araucania-7\/#respond\"]}]},{\"@type\":\"WebPage\",\"@id\":\"https:\/\/dev.explora.cl\/araucania\/plantilla-noticias-regionales-la-araucania-7\/\",\"url\":\"https:\/\/dev.explora.cl\/araucania\/plantilla-noticias-regionales-la-araucania-7\/\",\"name\":\"Proyecto EXPLORA Araucan\u00eda lanz\u00f3 su programa 2014 con un masivo carnaval cient\u00edfico - Araucan\u00eda\",\"isPartOf\":{\"@id\":\"https:\/\/dev.explora.cl\/araucania\/#website\"},\"primaryImageOfPage\":{\"@id\":\"https:\/\/dev.explora.cl\/araucania\/plantilla-noticias-regionales-la-araucania-7\/#primaryimage\"},\"image\":{\"@id\":\"https:\/\/dev.explora.cl\/araucania\/plantilla-noticias-regionales-la-araucania-7\/#primaryimage\"},\"thumbnailUrl\":\"https:\/\/dev.explora.cl\/araucania\/wp-content\/uploads\/sites\/15\/2018\/06\/Lanzamiento_Proyecto_EXPLORA_CONICYT_Regin_de_La_Araucana_0.jpg\",\"datePublished\":\"2014-05-20T04:00:00+00:00\",\"dateModified\":\"2019-05-20T19:11:51+00:00\",\"author\":{\"@id\":\"https:\/\/dev.explora.cl\/araucania\/#\/schema\/person\/cb8349c13ea2d324080adf8480d7ba5d\"},\"breadcrumb\":{\"@id\":\"https:\/\/dev.explora.cl\/araucania\/plantilla-noticias-regionales-la-araucania-7\/#breadcrumb\"},\"inLanguage\":\"es-CL\",\"potentialAction\":[{\"@type\":\"ReadAction\",\"target\":[\"https:\/\/dev.explora.cl\/araucania\/plantilla-noticias-regionales-la-araucania-7\/\"]}]},{\"@type\":\"ImageObject\",\"inLanguage\":\"es-CL\",\"@id\":\"https:\/\/dev.explora.cl\/araucania\/plantilla-noticias-regionales-la-araucania-7\/#primaryimage\",\"url\":\"https:\/\/dev.explora.cl\/araucania\/wp-content\/uploads\/sites\/15\/2018\/06\/Lanzamiento_Proyecto_EXPLORA_CONICYT_Regin_de_La_Araucana_0.jpg\",\"contentUrl\":\"https:\/\/dev.explora.cl\/araucania\/wp-content\/uploads\/sites\/15\/2018\/06\/Lanzamiento_Proyecto_EXPLORA_CONICYT_Regin_de_La_Araucana_0.jpg\",\"width\":312,\"height\":220,\"caption\":\"Lanzamiento Proyecto EXPLORA CONICYT Regin de La Araucana 0\"},{\"@type\":\"BreadcrumbList\",\"@id\":\"https:\/\/dev.explora.cl\/araucania\/plantilla-noticias-regionales-la-araucania-7\/#breadcrumb\",\"itemListElement\":[{\"@type\":\"ListItem\",\"position\":1,\"name\":\"Portada\",\"item\":\"https:\/\/dev.explora.cl\/araucania\/\"},{\"@type\":\"ListItem\",\"position\":2,\"name\":\"Proyecto EXPLORA Araucan\u00eda lanz\u00f3 su programa 2014 con un masivo carnaval cient\u00edfico\"}]},{\"@type\":\"WebSite\",\"@id\":\"https:\/\/dev.explora.cl\/araucania\/#website\",\"url\":\"https:\/\/dev.explora.cl\/araucania\/\",\"name\":\"Araucan\u00eda\",\"description\":\"Otro sitio m\u00e1s de dev.explora.cl\",\"potentialAction\":[{\"@type\":\"SearchAction\",\"target\":{\"@type\":\"EntryPoint\",\"urlTemplate\":\"https:\/\/dev.explora.cl\/araucania\/?s={search_term_string}\"},\"query-input\":{\"@type\":\"PropertyValueSpecification\",\"valueRequired\":true,\"valueName\":\"search_term_string\"}}],\"inLanguage\":\"es-CL\"},{\"@type\":\"Person\",\"@id\":\"https:\/\/dev.explora.cl\/araucania\/#\/schema\/person\/cb8349c13ea2d324080adf8480d7ba5d\",\"name\":\"webman\",\"image\":{\"@type\":\"ImageObject\",\"inLanguage\":\"es-CL\",\"@id\":\"https:\/\/dev.explora.cl\/araucania\/#\/schema\/person\/image\/\",\"url\":\"https:\/\/secure.gravatar.com\/avatar\/eeff3c82f2c02f7177d13663b7e6f890e9a6a0647ce9bb29cae02dcb094c7312?s=96&d=mm&r=g\",\"contentUrl\":\"https:\/\/secure.gravatar.com\/avatar\/eeff3c82f2c02f7177d13663b7e6f890e9a6a0647ce9bb29cae02dcb094c7312?s=96&d=mm&r=g\",\"caption\":\"webman\"},\"url\":\"https:\/\/dev.explora.cl\/araucania\/author\/webman\/\"}]}<\/script>\n<!-- \/ Yoast SEO plugin. -->","yoast_head_json":{"title":"Proyecto EXPLORA Araucan\u00eda lanz\u00f3 su programa 2014 con un masivo carnaval cient\u00edfico - Araucan\u00eda","robots":{"index":"index","follow":"follow","max-snippet":"max-snippet:-1","max-image-preview":"max-image-preview:large","max-video-preview":"max-video-preview:-1"},"canonical":"https:\/\/dev.explora.cl\/araucania\/plantilla-noticias-regionales-la-araucania-7\/","og_locale":"es_ES","og_type":"article","og_title":"Proyecto EXPLORA Araucan\u00eda lanz\u00f3 su programa 2014 con un masivo carnaval cient\u00edfico - Araucan\u00eda","og_description":"Con una fiesta cient\u00edfica titulada \u201cL\u00e1nzate al carnaval de la ciencia y la tecnolog\u00eda con EXPLORA\u201d, el Proyecto EXPLORA CONICYT Regi\u00f3n de La Araucan\u00eda dio inicio al calendario de actividades 2014, que este a\u00f1o contempla alrededor de 500 iniciativas que se desplegar\u00e1n en distintos puntos de La Araucan\u00eda. M\u00e1s de 800 personas, en su mayor\u00eda [&hellip;]","og_url":"https:\/\/dev.explora.cl\/araucania\/plantilla-noticias-regionales-la-araucania-7\/","og_site_name":"Araucan\u00eda","article_published_time":"2014-05-20T04:00:00+00:00","article_modified_time":"2019-05-20T19:11:51+00:00","og_image":[{"width":312,"height":220,"url":"https:\/\/dev.explora.cl\/araucania\/wp-content\/uploads\/sites\/15\/2018\/06\/Lanzamiento_Proyecto_EXPLORA_CONICYT_Regin_de_La_Araucana_0.jpg","type":"image\/jpeg"}],"author":"webman","twitter_card":"summary_large_image","twitter_misc":{"Escrito por":"webman","Tiempo estimado de lectura":"2 minutos"},"schema":{"@context":"https:\/\/schema.org","@graph":[{"@type":"Article","@id":"https:\/\/dev.explora.cl\/araucania\/plantilla-noticias-regionales-la-araucania-7\/#article","isPartOf":{"@id":"https:\/\/dev.explora.cl\/araucania\/plantilla-noticias-regionales-la-araucania-7\/"},"author":{"name":"webman","@id":"https:\/\/dev.explora.cl\/araucania\/#\/schema\/person\/cb8349c13ea2d324080adf8480d7ba5d"},"headline":"Proyecto EXPLORA Araucan\u00eda lanz\u00f3 su programa 2014 con un masivo carnaval cient\u00edfico","datePublished":"2014-05-20T04:00:00+00:00","dateModified":"2019-05-20T19:11:51+00:00","mainEntityOfPage":{"@id":"https:\/\/dev.explora.cl\/araucania\/plantilla-noticias-regionales-la-araucania-7\/"},"wordCount":498,"commentCount":0,"image":{"@id":"https:\/\/dev.explora.cl\/araucania\/plantilla-noticias-regionales-la-araucania-7\/#primaryimage"},"thumbnailUrl":"https:\/\/dev.explora.cl\/araucania\/wp-content\/uploads\/sites\/15\/2018\/06\/Lanzamiento_Proyecto_EXPLORA_CONICYT_Regin_de_La_Araucana_0.jpg","articleSection":["Noticias"],"inLanguage":"es-CL","potentialAction":[{"@type":"CommentAction","name":"Comment","target":["https:\/\/dev.explora.cl\/araucania\/plantilla-noticias-regionales-la-araucania-7\/#respond"]}]},{"@type":"WebPage","@id":"https:\/\/dev.explora.cl\/araucania\/plantilla-noticias-regionales-la-araucania-7\/","url":"https:\/\/dev.explora.cl\/araucania\/plantilla-noticias-regionales-la-araucania-7\/","name":"Proyecto EXPLORA Araucan\u00eda lanz\u00f3 su programa 2014 con un masivo carnaval cient\u00edfico - Araucan\u00eda","isPartOf":{"@id":"https:\/\/dev.explora.cl\/araucania\/#website"},"primaryImageOfPage":{"@id":"https:\/\/dev.explora.cl\/araucania\/plantilla-noticias-regionales-la-araucania-7\/#primaryimage"},"image":{"@id":"https:\/\/dev.explora.cl\/araucania\/plantilla-noticias-regionales-la-araucania-7\/#primaryimage"},"thumbnailUrl":"https:\/\/dev.explora.cl\/araucania\/wp-content\/uploads\/sites\/15\/2018\/06\/Lanzamiento_Proyecto_EXPLORA_CONICYT_Regin_de_La_Araucana_0.jpg","datePublished":"2014-05-20T04:00:00+00:00","dateModified":"2019-05-20T19:11:51+00:00","author":{"@id":"https:\/\/dev.explora.cl\/araucania\/#\/schema\/person\/cb8349c13ea2d324080adf8480d7ba5d"},"breadcrumb":{"@id":"https:\/\/dev.explora.cl\/araucania\/plantilla-noticias-regionales-la-araucania-7\/#breadcrumb"},"inLanguage":"es-CL","potentialAction":[{"@type":"ReadAction","target":["https:\/\/dev.explora.cl\/araucania\/plantilla-noticias-regionales-la-araucania-7\/"]}]},{"@type":"ImageObject","inLanguage":"es-CL","@id":"https:\/\/dev.explora.cl\/araucania\/plantilla-noticias-regionales-la-araucania-7\/#primaryimage","url":"https:\/\/dev.explora.cl\/araucania\/wp-content\/uploads\/sites\/15\/2018\/06\/Lanzamiento_Proyecto_EXPLORA_CONICYT_Regin_de_La_Araucana_0.jpg","contentUrl":"https:\/\/dev.explora.cl\/araucania\/wp-content\/uploads\/sites\/15\/2018\/06\/Lanzamiento_Proyecto_EXPLORA_CONICYT_Regin_de_La_Araucana_0.jpg","width":312,"height":220,"caption":"Lanzamiento Proyecto EXPLORA CONICYT Regin de La Araucana 0"},{"@type":"BreadcrumbList","@id":"https:\/\/dev.explora.cl\/araucania\/plantilla-noticias-regionales-la-araucania-7\/#breadcrumb","itemListElement":[{"@type":"ListItem","position":1,"name":"Portada","item":"https:\/\/dev.explora.cl\/araucania\/"},{"@type":"ListItem","position":2,"name":"Proyecto EXPLORA Araucan\u00eda lanz\u00f3 su programa 2014 con un masivo carnaval cient\u00edfico"}]},{"@type":"WebSite","@id":"https:\/\/dev.explora.cl\/araucania\/#website","url":"https:\/\/dev.explora.cl\/araucania\/","name":"Araucan\u00eda","description":"Otro sitio m\u00e1s de dev.explora.cl","potentialAction":[{"@type":"SearchAction","target":{"@type":"EntryPoint","urlTemplate":"https:\/\/dev.explora.cl\/araucania\/?s={search_term_string}"},"query-input":{"@type":"PropertyValueSpecification","valueRequired":true,"valueName":"search_term_string"}}],"inLanguage":"es-CL"},{"@type":"Person","@id":"https:\/\/dev.explora.cl\/araucania\/#\/schema\/person\/cb8349c13ea2d324080adf8480d7ba5d","name":"webman","image":{"@type":"ImageObject","inLanguage":"es-CL","@id":"https:\/\/dev.explora.cl\/araucania\/#\/schema\/person\/image\/","url":"https:\/\/secure.gravatar.com\/avatar\/eeff3c82f2c02f7177d13663b7e6f890e9a6a0647ce9bb29cae02dcb094c7312?s=96&d=mm&r=g","contentUrl":"https:\/\/secure.gravatar.com\/avatar\/eeff3c82f2c02f7177d13663b7e6f890e9a6a0647ce9bb29cae02dcb094c7312?s=96&d=mm&r=g","caption":"webman"},"url":"https:\/\/dev.explora.cl\/araucania\/author\/webman\/"}]}},"_links":{"self":[{"href":"https:\/\/dev.explora.cl\/araucania\/wp-json\/wp\/v2\/posts\/37727","targetHints":{"allow":["GET"]}}],"collection":[{"href":"https:\/\/dev.explora.cl\/araucania\/wp-json\/wp\/v2\/posts"}],"about":[{"href":"https:\/\/dev.explora.cl\/araucania\/wp-json\/wp\/v2\/types\/post"}],"author":[{"embeddable":true,"href":"https:\/\/dev.explora.cl\/araucania\/wp-json\/wp\/v2\/users\/2"}],"replies":[{"embeddable":true,"href":"https:\/\/dev.explora.cl\/araucania\/wp-json\/wp\/v2\/comments?post=37727"}],"version-history":[{"count":1,"href":"https:\/\/dev.explora.cl\/araucania\/wp-json\/wp\/v2\/posts\/37727\/revisions"}],"predecessor-version":[{"id":38585,"href":"https:\/\/dev.explora.cl\/araucania\/wp-json\/wp\/v2\/posts\/37727\/revisions\/38585"}],"wp:featuredmedia":[{"embeddable":true,"href":"https:\/\/dev.explora.cl\/araucania\/wp-json\/wp\/v2\/media\/33772"}],"wp:attachment":[{"href":"https:\/\/dev.explora.cl\/araucania\/wp-json\/wp\/v2\/media?parent=37727"}],"wp:term":[{"taxonomy":"category","embeddable":true,"href":"https:\/\/dev.explora.cl\/araucania\/wp-json\/wp\/v2\/categories?post=37727"},{"taxonomy":"post_tag","embeddable":true,"href":"https:\/\/dev.explora.cl\/araucania\/wp-json\/wp\/v2\/tags?post=37727"}],"curies":[{"name":"wp","href":"https:\/\/api.w.org\/{rel}","templated":true}]}}