{"id":37725,"date":"2014-05-20T00:00:00","date_gmt":"2014-05-20T04:00:00","guid":{"rendered":"https:\/\/dev.explora.cl\/araucania\/blog\/2014\/05\/20\/plantilla-noticias-regionales-la-araucania-5\/"},"modified":"2019-05-20T19:11:54","modified_gmt":"2019-05-20T19:11:54","slug":"plantilla-noticias-regionales-la-araucania-5","status":"publish","type":"post","link":"https:\/\/dev.explora.cl\/araucania\/plantilla-noticias-regionales-la-araucania-5\/","title":{"rendered":"EXPLORA y Aguas Araucan\u00eda invitan a establecimientos a participar en charlas \u201cCiclo del Agua\u201d"},"content":{"rendered":"<table style=\"height: 269px;width: 540px\" border=\"0\">\n<tbody>\n<tr>\n<td valign=\"top\"><img loading=\"lazy\" decoding=\"async\" class=\" size-full wp-image-2403\" src=\"http:\/\/ec2-34-218-253-251.us-west-2.compute.amazonaws.com\/wp-content\/uploads\/2014\/05\/Pandilla_Ecolgica_Escuela_Los_Trigales_1_-_portada.jpg\" alt=\"Pandilla Ecolgica Escuela Los Trigales 1 - portada\" width=\"312\" height=\"220\" \/><\/td>\n<td>\n<p style=\"margin-top: 10px;margin-bottom: 5px;color: #444444;font-family: 'Trebuchet MS', sans-serif;font-size: 12px;line-height: 16px\">Cu\u00e1l es el circuito que recorre el agua que se utiliza en los hogares y por qu\u00e9 es importante cuidar este recurso son algunos de los aspectos que podr\u00e1n aprender estudiantes de la regi\u00f3n, gracias a las charlas \u201cCiclo del Agua\u201d.<\/p>\n<p style=\"margin-top: 10px;margin-bottom: 5px;color: #444444;font-family: 'Trebuchet MS', sans-serif;font-size: 12px;line-height: 16px\">El Proyecto EXPLORA CONICYT Regi\u00f3n de La Araucan\u00eda y Aguas Araucan\u00eda organizan este entretenido y educativo ciclo, cuyo objetivo es ense\u00f1ar el recorrido sanitario del agua y fomentar la responsabilidad respecto a los recursos no renovables en los ni\u00f1os, ni\u00f1as y j\u00f3venes de distintos puntos de la regi\u00f3n.<\/p>\n<\/td>\n<\/tr>\n<tr>\n<td colspan=\"2\">&nbsp; <\/p>\n<p style=\"margin-top: 10px;margin-bottom: 5px;color: #444444;font-family: 'Trebuchet MS', sans-serif;font-size: 12px;line-height: 16px\">P\u00fablico objetivo de las charlas: segmentos de 1\u00ba Ciclo B\u00e1sico \/ 2\u00ba Ciclo B\u00e1sico \/ Educaci\u00f3n Media.<\/p>\n<p style=\"margin-top: 10px;margin-bottom: 5px;color: #444444;font-family: 'Trebuchet MS', sans-serif;font-size: 12px;line-height: 16px\">Tem\u00e1ticas a abordar: la potabilizaci\u00f3n, la distribuci\u00f3n del agua potable y recolecci\u00f3n de aguas servidas, tratamiento de aguas servidas y mensajes de concientizaci\u00f3n para el ahorro y buen uso.<\/p>\n<p style=\"margin-top: 10px;margin-bottom: 5px;color: #444444;font-family: 'Trebuchet MS', sans-serif;font-size: 12px;line-height: 16px\"><img loading=\"lazy\" decoding=\"async\" style=\"margin-bottom: 20px;margin-left: 30px;float: right\" src=\"https:\/\/dev.explora.cl\/images_new\/SitiosRegionales-IXRegion\/NoticiasRegionales-IXRegion\/Charla_Ciclo_del_Agua_en_Colegio_Metodista_6.jpg\" alt=\"Charla_Ciclo_del_Agua_en_Colegio_Metodista_6\" width=\"312\" height=\"220\" \/>Quienes puedes participar: establecimientos educacionales municipales, subvencionados y pagados URBANOS de las siguientes localidades: Temuco, Lautaro, Caj\u00f3n, Vilc\u00fan, Cherquenco, Padre Las Casas, Angol, Lumaco, Pur\u00e9n, Collipulli, Renaico, Mininco, Los Sauces, Capit\u00e1n Pastene, Victoria, Traigu\u00e9n, Curacaut\u00edn, Lonquimay, Ercilla, Nueva Imperial, Carahue, Puerto Saavedra, Chol Chol, Galvarino, Pitrufqu\u00e9n, Gorbea, Freire, Nueva Tolt\u00e9n, Lastarria, Quitratue, Cunco, Villarrica, Loncoche, Puc\u00f3n y Lican Ray.<\/p>\n<p style=\"margin-top: 10px;margin-bottom: 5px;color: #444444;font-family: 'Trebuchet MS', sans-serif;font-size: 12px;line-height: 16px\">Fecha de la actividad: las charlas podr\u00e1n ser dictadas entre los meses de junio a noviembre del presente a\u00f1o.<\/p>\n<p style=\"margin-top: 10px;margin-bottom: 5px;color: #444444;font-family: 'Trebuchet MS', sans-serif;font-size: 12px;line-height: 16px\">Plazo de Inscripci\u00f3n: viernes 23 de mayo (DESCARGAR Y COMPLETAR FICHA QUE APARECE AL FINAL).<\/p>\n<p style=\"margin-top: 10px;margin-bottom: 5px;color: #444444;font-family: 'Trebuchet MS', sans-serif;font-size: 12px;line-height: 16px\">Recepci\u00f3n y consultas:&nbsp;<a style=\"color: #007399\" href=\"mailto:carmen.hernandez@ufrontera.cl\">carmen.hernandez@ufrontera.cl<\/a><\/p>\n<p style=\"margin-top: 10px;margin-bottom: 5px;color: #444444;font-family: 'Trebuchet MS', sans-serif;font-size: 12px;line-height: 16px\">IMPORTANTE: las charlas son coordinadas por Aguas Araucan\u00eda y ellos se reservan el derecho de no seleccionar a alg\u00fan establecimiento educacional (por no pertenecer a las comunas se\u00f1aladas o ser rural).<\/p>\n<p style=\"margin-top: 10px;margin-bottom: 5px;color: #444444;font-family: 'Trebuchet MS', sans-serif;font-size: 12px;line-height: 16px\"><a style=\"color: #007399\" href=\"https:\/\/dev.explora.cl\/index.php?option=com_docman&amp;task=doc_download&amp;gid=2077\">Ficha de inscripci\u00f3n Ciclo del Agua<\/a><\/p>\n<\/td>\n<\/tr>\n<\/tbody>\n<\/table>\n","protected":false},"excerpt":{"rendered":"<p>Cu\u00e1l es el circuito que recorre el agua que se utiliza en los hogares y por qu\u00e9 es importante cuidar este recurso son algunos de los aspectos que podr\u00e1n aprender estudiantes de la regi\u00f3n, gracias a las charlas \u201cCiclo del Agua\u201d. El Proyecto EXPLORA CONICYT Regi\u00f3n de La Araucan\u00eda y Aguas Araucan\u00eda organizan este entretenido [&hellip;]<\/p>\n","protected":false},"author":2,"featured_media":33770,"comment_status":"open","ping_status":"open","sticky":false,"template":"","format":"standard","meta":{"_acf_changed":false,"_exactmetrics_skip_tracking":false,"_exactmetrics_sitenote_active":false,"_exactmetrics_sitenote_note":"","_exactmetrics_sitenote_category":0,"footnotes":"","_links_to":"","_links_to_target":""},"categories":[4],"tags":[],"class_list":["post-37725","post","type-post","status-publish","format-standard","has-post-thumbnail","hentry","category-noticias"],"acf":[],"yoast_head":"<!-- This site is optimized with the Yoast SEO plugin v26.7 - https:\/\/yoast.com\/wordpress\/plugins\/seo\/ -->\n<title>EXPLORA y Aguas Araucan\u00eda invitan a establecimientos a participar en charlas \u201cCiclo del Agua\u201d - Araucan\u00eda<\/title>\n<meta name=\"robots\" content=\"index, follow, max-snippet:-1, max-image-preview:large, max-video-preview:-1\" \/>\n<link rel=\"canonical\" href=\"https:\/\/dev.explora.cl\/araucania\/plantilla-noticias-regionales-la-araucania-5\/\" class=\"yoast-seo-meta-tag\" \/>\n<meta property=\"og:locale\" content=\"es_ES\" class=\"yoast-seo-meta-tag\" \/>\n<meta property=\"og:type\" content=\"article\" class=\"yoast-seo-meta-tag\" \/>\n<meta property=\"og:title\" content=\"EXPLORA y Aguas Araucan\u00eda invitan a establecimientos a participar en charlas \u201cCiclo del Agua\u201d - Araucan\u00eda\" class=\"yoast-seo-meta-tag\" \/>\n<meta property=\"og:description\" content=\"Cu\u00e1l es el circuito que recorre el agua que se utiliza en los hogares y por qu\u00e9 es importante cuidar este recurso son algunos de los aspectos que podr\u00e1n aprender estudiantes de la regi\u00f3n, gracias a las charlas \u201cCiclo del Agua\u201d. El Proyecto EXPLORA CONICYT Regi\u00f3n de La Araucan\u00eda y Aguas Araucan\u00eda organizan este entretenido [&hellip;]\" class=\"yoast-seo-meta-tag\" \/>\n<meta property=\"og:url\" content=\"https:\/\/dev.explora.cl\/araucania\/plantilla-noticias-regionales-la-araucania-5\/\" class=\"yoast-seo-meta-tag\" \/>\n<meta property=\"og:site_name\" content=\"Araucan\u00eda\" class=\"yoast-seo-meta-tag\" \/>\n<meta property=\"article:published_time\" content=\"2014-05-20T04:00:00+00:00\" class=\"yoast-seo-meta-tag\" \/>\n<meta property=\"article:modified_time\" content=\"2019-05-20T19:11:54+00:00\" class=\"yoast-seo-meta-tag\" \/>\n<meta property=\"og:image\" content=\"https:\/\/dev.explora.cl\/araucania\/wp-content\/uploads\/sites\/15\/2018\/06\/Pandilla_Ecolgica_Escuela_Los_Trigales_1_-_portada.jpg\" class=\"yoast-seo-meta-tag\" \/>\n\t<meta property=\"og:image:width\" content=\"312\" class=\"yoast-seo-meta-tag\" \/>\n\t<meta property=\"og:image:height\" content=\"220\" class=\"yoast-seo-meta-tag\" \/>\n\t<meta property=\"og:image:type\" content=\"image\/jpeg\" class=\"yoast-seo-meta-tag\" \/>\n<meta name=\"author\" content=\"webman\" class=\"yoast-seo-meta-tag\" \/>\n<meta name=\"twitter:card\" content=\"summary_large_image\" class=\"yoast-seo-meta-tag\" \/>\n<meta name=\"twitter:label1\" content=\"Escrito por\" class=\"yoast-seo-meta-tag\" \/>\n\t<meta name=\"twitter:data1\" content=\"webman\" class=\"yoast-seo-meta-tag\" \/>\n\t<meta name=\"twitter:label2\" content=\"Tiempo estimado de lectura\" class=\"yoast-seo-meta-tag\" \/>\n\t<meta name=\"twitter:data2\" content=\"2 minutos\" class=\"yoast-seo-meta-tag\" \/>\n<script type=\"application\/ld+json\" class=\"yoast-schema-graph\">{\"@context\":\"https:\/\/schema.org\",\"@graph\":[{\"@type\":\"Article\",\"@id\":\"https:\/\/dev.explora.cl\/araucania\/plantilla-noticias-regionales-la-araucania-5\/#article\",\"isPartOf\":{\"@id\":\"https:\/\/dev.explora.cl\/araucania\/plantilla-noticias-regionales-la-araucania-5\/\"},\"author\":{\"name\":\"webman\",\"@id\":\"https:\/\/dev.explora.cl\/araucania\/#\/schema\/person\/cb8349c13ea2d324080adf8480d7ba5d\"},\"headline\":\"EXPLORA y Aguas Araucan\u00eda invitan a establecimientos a participar en charlas \u201cCiclo del Agua\u201d\",\"datePublished\":\"2014-05-20T04:00:00+00:00\",\"dateModified\":\"2019-05-20T19:11:54+00:00\",\"mainEntityOfPage\":{\"@id\":\"https:\/\/dev.explora.cl\/araucania\/plantilla-noticias-regionales-la-araucania-5\/\"},\"wordCount\":321,\"commentCount\":0,\"image\":{\"@id\":\"https:\/\/dev.explora.cl\/araucania\/plantilla-noticias-regionales-la-araucania-5\/#primaryimage\"},\"thumbnailUrl\":\"https:\/\/dev.explora.cl\/araucania\/wp-content\/uploads\/sites\/15\/2018\/06\/Pandilla_Ecolgica_Escuela_Los_Trigales_1_-_portada.jpg\",\"articleSection\":[\"Noticias\"],\"inLanguage\":\"es-CL\",\"potentialAction\":[{\"@type\":\"CommentAction\",\"name\":\"Comment\",\"target\":[\"https:\/\/dev.explora.cl\/araucania\/plantilla-noticias-regionales-la-araucania-5\/#respond\"]}]},{\"@type\":\"WebPage\",\"@id\":\"https:\/\/dev.explora.cl\/araucania\/plantilla-noticias-regionales-la-araucania-5\/\",\"url\":\"https:\/\/dev.explora.cl\/araucania\/plantilla-noticias-regionales-la-araucania-5\/\",\"name\":\"EXPLORA y Aguas Araucan\u00eda invitan a establecimientos a participar en charlas \u201cCiclo del Agua\u201d - Araucan\u00eda\",\"isPartOf\":{\"@id\":\"https:\/\/dev.explora.cl\/araucania\/#website\"},\"primaryImageOfPage\":{\"@id\":\"https:\/\/dev.explora.cl\/araucania\/plantilla-noticias-regionales-la-araucania-5\/#primaryimage\"},\"image\":{\"@id\":\"https:\/\/dev.explora.cl\/araucania\/plantilla-noticias-regionales-la-araucania-5\/#primaryimage\"},\"thumbnailUrl\":\"https:\/\/dev.explora.cl\/araucania\/wp-content\/uploads\/sites\/15\/2018\/06\/Pandilla_Ecolgica_Escuela_Los_Trigales_1_-_portada.jpg\",\"datePublished\":\"2014-05-20T04:00:00+00:00\",\"dateModified\":\"2019-05-20T19:11:54+00:00\",\"author\":{\"@id\":\"https:\/\/dev.explora.cl\/araucania\/#\/schema\/person\/cb8349c13ea2d324080adf8480d7ba5d\"},\"breadcrumb\":{\"@id\":\"https:\/\/dev.explora.cl\/araucania\/plantilla-noticias-regionales-la-araucania-5\/#breadcrumb\"},\"inLanguage\":\"es-CL\",\"potentialAction\":[{\"@type\":\"ReadAction\",\"target\":[\"https:\/\/dev.explora.cl\/araucania\/plantilla-noticias-regionales-la-araucania-5\/\"]}]},{\"@type\":\"ImageObject\",\"inLanguage\":\"es-CL\",\"@id\":\"https:\/\/dev.explora.cl\/araucania\/plantilla-noticias-regionales-la-araucania-5\/#primaryimage\",\"url\":\"https:\/\/dev.explora.cl\/araucania\/wp-content\/uploads\/sites\/15\/2018\/06\/Pandilla_Ecolgica_Escuela_Los_Trigales_1_-_portada.jpg\",\"contentUrl\":\"https:\/\/dev.explora.cl\/araucania\/wp-content\/uploads\/sites\/15\/2018\/06\/Pandilla_Ecolgica_Escuela_Los_Trigales_1_-_portada.jpg\",\"width\":312,\"height\":220,\"caption\":\"Pandilla Ecolgica Escuela Los Trigales 1 - portada\"},{\"@type\":\"BreadcrumbList\",\"@id\":\"https:\/\/dev.explora.cl\/araucania\/plantilla-noticias-regionales-la-araucania-5\/#breadcrumb\",\"itemListElement\":[{\"@type\":\"ListItem\",\"position\":1,\"name\":\"Portada\",\"item\":\"https:\/\/dev.explora.cl\/araucania\/\"},{\"@type\":\"ListItem\",\"position\":2,\"name\":\"EXPLORA y Aguas Araucan\u00eda invitan a establecimientos a participar en charlas \u201cCiclo del Agua\u201d\"}]},{\"@type\":\"WebSite\",\"@id\":\"https:\/\/dev.explora.cl\/araucania\/#website\",\"url\":\"https:\/\/dev.explora.cl\/araucania\/\",\"name\":\"Araucan\u00eda\",\"description\":\"Otro sitio m\u00e1s de dev.explora.cl\",\"potentialAction\":[{\"@type\":\"SearchAction\",\"target\":{\"@type\":\"EntryPoint\",\"urlTemplate\":\"https:\/\/dev.explora.cl\/araucania\/?s={search_term_string}\"},\"query-input\":{\"@type\":\"PropertyValueSpecification\",\"valueRequired\":true,\"valueName\":\"search_term_string\"}}],\"inLanguage\":\"es-CL\"},{\"@type\":\"Person\",\"@id\":\"https:\/\/dev.explora.cl\/araucania\/#\/schema\/person\/cb8349c13ea2d324080adf8480d7ba5d\",\"name\":\"webman\",\"image\":{\"@type\":\"ImageObject\",\"inLanguage\":\"es-CL\",\"@id\":\"https:\/\/dev.explora.cl\/araucania\/#\/schema\/person\/image\/\",\"url\":\"https:\/\/secure.gravatar.com\/avatar\/eeff3c82f2c02f7177d13663b7e6f890e9a6a0647ce9bb29cae02dcb094c7312?s=96&d=mm&r=g\",\"contentUrl\":\"https:\/\/secure.gravatar.com\/avatar\/eeff3c82f2c02f7177d13663b7e6f890e9a6a0647ce9bb29cae02dcb094c7312?s=96&d=mm&r=g\",\"caption\":\"webman\"},\"url\":\"https:\/\/dev.explora.cl\/araucania\/author\/webman\/\"}]}<\/script>\n<!-- \/ Yoast SEO plugin. -->","yoast_head_json":{"title":"EXPLORA y Aguas Araucan\u00eda invitan a establecimientos a participar en charlas \u201cCiclo del Agua\u201d - Araucan\u00eda","robots":{"index":"index","follow":"follow","max-snippet":"max-snippet:-1","max-image-preview":"max-image-preview:large","max-video-preview":"max-video-preview:-1"},"canonical":"https:\/\/dev.explora.cl\/araucania\/plantilla-noticias-regionales-la-araucania-5\/","og_locale":"es_ES","og_type":"article","og_title":"EXPLORA y Aguas Araucan\u00eda invitan a establecimientos a participar en charlas \u201cCiclo del Agua\u201d - Araucan\u00eda","og_description":"Cu\u00e1l es el circuito que recorre el agua que se utiliza en los hogares y por qu\u00e9 es importante cuidar este recurso son algunos de los aspectos que podr\u00e1n aprender estudiantes de la regi\u00f3n, gracias a las charlas \u201cCiclo del Agua\u201d. El Proyecto EXPLORA CONICYT Regi\u00f3n de La Araucan\u00eda y Aguas Araucan\u00eda organizan este entretenido [&hellip;]","og_url":"https:\/\/dev.explora.cl\/araucania\/plantilla-noticias-regionales-la-araucania-5\/","og_site_name":"Araucan\u00eda","article_published_time":"2014-05-20T04:00:00+00:00","article_modified_time":"2019-05-20T19:11:54+00:00","og_image":[{"width":312,"height":220,"url":"https:\/\/dev.explora.cl\/araucania\/wp-content\/uploads\/sites\/15\/2018\/06\/Pandilla_Ecolgica_Escuela_Los_Trigales_1_-_portada.jpg","type":"image\/jpeg"}],"author":"webman","twitter_card":"summary_large_image","twitter_misc":{"Escrito por":"webman","Tiempo estimado de lectura":"2 minutos"},"schema":{"@context":"https:\/\/schema.org","@graph":[{"@type":"Article","@id":"https:\/\/dev.explora.cl\/araucania\/plantilla-noticias-regionales-la-araucania-5\/#article","isPartOf":{"@id":"https:\/\/dev.explora.cl\/araucania\/plantilla-noticias-regionales-la-araucania-5\/"},"author":{"name":"webman","@id":"https:\/\/dev.explora.cl\/araucania\/#\/schema\/person\/cb8349c13ea2d324080adf8480d7ba5d"},"headline":"EXPLORA y Aguas Araucan\u00eda invitan a establecimientos a participar en charlas \u201cCiclo del Agua\u201d","datePublished":"2014-05-20T04:00:00+00:00","dateModified":"2019-05-20T19:11:54+00:00","mainEntityOfPage":{"@id":"https:\/\/dev.explora.cl\/araucania\/plantilla-noticias-regionales-la-araucania-5\/"},"wordCount":321,"commentCount":0,"image":{"@id":"https:\/\/dev.explora.cl\/araucania\/plantilla-noticias-regionales-la-araucania-5\/#primaryimage"},"thumbnailUrl":"https:\/\/dev.explora.cl\/araucania\/wp-content\/uploads\/sites\/15\/2018\/06\/Pandilla_Ecolgica_Escuela_Los_Trigales_1_-_portada.jpg","articleSection":["Noticias"],"inLanguage":"es-CL","potentialAction":[{"@type":"CommentAction","name":"Comment","target":["https:\/\/dev.explora.cl\/araucania\/plantilla-noticias-regionales-la-araucania-5\/#respond"]}]},{"@type":"WebPage","@id":"https:\/\/dev.explora.cl\/araucania\/plantilla-noticias-regionales-la-araucania-5\/","url":"https:\/\/dev.explora.cl\/araucania\/plantilla-noticias-regionales-la-araucania-5\/","name":"EXPLORA y Aguas Araucan\u00eda invitan a establecimientos a participar en charlas \u201cCiclo del Agua\u201d - Araucan\u00eda","isPartOf":{"@id":"https:\/\/dev.explora.cl\/araucania\/#website"},"primaryImageOfPage":{"@id":"https:\/\/dev.explora.cl\/araucania\/plantilla-noticias-regionales-la-araucania-5\/#primaryimage"},"image":{"@id":"https:\/\/dev.explora.cl\/araucania\/plantilla-noticias-regionales-la-araucania-5\/#primaryimage"},"thumbnailUrl":"https:\/\/dev.explora.cl\/araucania\/wp-content\/uploads\/sites\/15\/2018\/06\/Pandilla_Ecolgica_Escuela_Los_Trigales_1_-_portada.jpg","datePublished":"2014-05-20T04:00:00+00:00","dateModified":"2019-05-20T19:11:54+00:00","author":{"@id":"https:\/\/dev.explora.cl\/araucania\/#\/schema\/person\/cb8349c13ea2d324080adf8480d7ba5d"},"breadcrumb":{"@id":"https:\/\/dev.explora.cl\/araucania\/plantilla-noticias-regionales-la-araucania-5\/#breadcrumb"},"inLanguage":"es-CL","potentialAction":[{"@type":"ReadAction","target":["https:\/\/dev.explora.cl\/araucania\/plantilla-noticias-regionales-la-araucania-5\/"]}]},{"@type":"ImageObject","inLanguage":"es-CL","@id":"https:\/\/dev.explora.cl\/araucania\/plantilla-noticias-regionales-la-araucania-5\/#primaryimage","url":"https:\/\/dev.explora.cl\/araucania\/wp-content\/uploads\/sites\/15\/2018\/06\/Pandilla_Ecolgica_Escuela_Los_Trigales_1_-_portada.jpg","contentUrl":"https:\/\/dev.explora.cl\/araucania\/wp-content\/uploads\/sites\/15\/2018\/06\/Pandilla_Ecolgica_Escuela_Los_Trigales_1_-_portada.jpg","width":312,"height":220,"caption":"Pandilla Ecolgica Escuela Los Trigales 1 - portada"},{"@type":"BreadcrumbList","@id":"https:\/\/dev.explora.cl\/araucania\/plantilla-noticias-regionales-la-araucania-5\/#breadcrumb","itemListElement":[{"@type":"ListItem","position":1,"name":"Portada","item":"https:\/\/dev.explora.cl\/araucania\/"},{"@type":"ListItem","position":2,"name":"EXPLORA y Aguas Araucan\u00eda invitan a establecimientos a participar en charlas \u201cCiclo del Agua\u201d"}]},{"@type":"WebSite","@id":"https:\/\/dev.explora.cl\/araucania\/#website","url":"https:\/\/dev.explora.cl\/araucania\/","name":"Araucan\u00eda","description":"Otro sitio m\u00e1s de dev.explora.cl","potentialAction":[{"@type":"SearchAction","target":{"@type":"EntryPoint","urlTemplate":"https:\/\/dev.explora.cl\/araucania\/?s={search_term_string}"},"query-input":{"@type":"PropertyValueSpecification","valueRequired":true,"valueName":"search_term_string"}}],"inLanguage":"es-CL"},{"@type":"Person","@id":"https:\/\/dev.explora.cl\/araucania\/#\/schema\/person\/cb8349c13ea2d324080adf8480d7ba5d","name":"webman","image":{"@type":"ImageObject","inLanguage":"es-CL","@id":"https:\/\/dev.explora.cl\/araucania\/#\/schema\/person\/image\/","url":"https:\/\/secure.gravatar.com\/avatar\/eeff3c82f2c02f7177d13663b7e6f890e9a6a0647ce9bb29cae02dcb094c7312?s=96&d=mm&r=g","contentUrl":"https:\/\/secure.gravatar.com\/avatar\/eeff3c82f2c02f7177d13663b7e6f890e9a6a0647ce9bb29cae02dcb094c7312?s=96&d=mm&r=g","caption":"webman"},"url":"https:\/\/dev.explora.cl\/araucania\/author\/webman\/"}]}},"_links":{"self":[{"href":"https:\/\/dev.explora.cl\/araucania\/wp-json\/wp\/v2\/posts\/37725","targetHints":{"allow":["GET"]}}],"collection":[{"href":"https:\/\/dev.explora.cl\/araucania\/wp-json\/wp\/v2\/posts"}],"about":[{"href":"https:\/\/dev.explora.cl\/araucania\/wp-json\/wp\/v2\/types\/post"}],"author":[{"embeddable":true,"href":"https:\/\/dev.explora.cl\/araucania\/wp-json\/wp\/v2\/users\/2"}],"replies":[{"embeddable":true,"href":"https:\/\/dev.explora.cl\/araucania\/wp-json\/wp\/v2\/comments?post=37725"}],"version-history":[{"count":1,"href":"https:\/\/dev.explora.cl\/araucania\/wp-json\/wp\/v2\/posts\/37725\/revisions"}],"predecessor-version":[{"id":38581,"href":"https:\/\/dev.explora.cl\/araucania\/wp-json\/wp\/v2\/posts\/37725\/revisions\/38581"}],"wp:featuredmedia":[{"embeddable":true,"href":"https:\/\/dev.explora.cl\/araucania\/wp-json\/wp\/v2\/media\/33770"}],"wp:attachment":[{"href":"https:\/\/dev.explora.cl\/araucania\/wp-json\/wp\/v2\/media?parent=37725"}],"wp:term":[{"taxonomy":"category","embeddable":true,"href":"https:\/\/dev.explora.cl\/araucania\/wp-json\/wp\/v2\/categories?post=37725"},{"taxonomy":"post_tag","embeddable":true,"href":"https:\/\/dev.explora.cl\/araucania\/wp-json\/wp\/v2\/tags?post=37725"}],"curies":[{"name":"wp","href":"https:\/\/api.w.org\/{rel}","templated":true}]}}