{"id":37655,"date":"2019-04-25T14:18:18","date_gmt":"2019-04-25T18:18:18","guid":{"rendered":"https:\/\/dev.explora.cl\/araucania\/?p=37655"},"modified":"2019-10-17T11:19:26","modified_gmt":"2019-10-17T14:19:26","slug":"profesores-estudiantes-y-cientificos-lanzaron-oficialmente-el-par-explora-la-araucania","status":"publish","type":"post","link":"https:\/\/dev.explora.cl\/araucania\/profesores-estudiantes-y-cientificos-lanzaron-oficialmente-el-par-explora-la-araucania\/","title":{"rendered":"Profesores, estudiantes y cient\u00edficos lanzaron  oficialmente el PAR Explora La Araucan\u00eda en Campus Villarrica UC"},"content":{"rendered":"<h3><strong>Cerca de 200 personas asistieron a la muestra de fotograf\u00eda cient\u00edfica, charla magistral y talleres educativos para estudiantes y docentes.<\/strong><\/h3>\n<hr \/>\n<p>Con la muestra \u201cMicrofotograf\u00eda Cient\u00edfica\u201d y talleres de divulgaci\u00f3n y valoraci\u00f3n de la ciencia que reunieron a escolares, docentes y cient\u00edficos, la Pontificia Universidad Cat\u00f3lica de Chile (UC), Campus Villarrica, a trav\u00e9s del Centro UC de Desarrollo local, lanz\u00f3 el Proyecto Asociativo Regional (PAR) Explora La Araucan\u00eda, de CONICYT, en el marco del Festival Cientifica la UC, el martes 23 de abril.<\/p>\n<p>El PAR Explora La Araucan\u00eda tiene por objetivo fortalecer y diversificar los v\u00ednculos de las instituciones de Ciencia y Tecnolog\u00eda con la poblaci\u00f3n, aprovechando la riqueza natural e intercultural intr\u00ednseca del territorio para aportar al desarrollo sostenible de la Regi\u00f3n.<\/p>\n<p><img loading=\"lazy\" decoding=\"async\" class=\"size-medium wp-image-37662 alignleft\" src=\"https:\/\/dev.explora.cl\/araucania\/wp-content\/uploads\/sites\/15\/2019\/05\/lanzamiento1-2-300x300.jpg\" alt=\"\" width=\"300\" height=\"300\" \/>El director del PAR Explora Araucan\u00eda, Daniel Opazo, expres\u00f3 su satisfacci\u00f3n por el evento y destac\u00f3 la importancia de la difusi\u00f3n de la ciencia en el pa\u00eds y los desaf\u00edos que implica implementar el proyecto en la regi\u00f3n. <em>\u201cNecesitamos construir ciencias y tecnolog\u00edas al servicio del desarrollo humano sostenible. Es importante incorporar las ciencias sociales, las artes, las cosmovisiones locales y otros saberes en igualdad de condiciones con los saberes de las ciencias naturales y exactas<\/em>\u201d, afirm\u00f3 Opazo.<\/p>\n<p>La comunidad educativa presenci\u00f3 la charla magistral del autor de la muestra fotogr\u00e1fica y doctor en ciencias biol\u00f3gicas, Fern\u00e1n Fedirici, quien valor\u00f3 la iniciativa de difusi\u00f3n y plante\u00f3 la necesidad de hacer \u201c<em>un trabajo de discusi\u00f3n, de debate, de generaci\u00f3n de conocimiento en el conjunto de la sociedad, y esto tiene que ver con las tecnolog\u00edas libres donde cada persona puede desarrollar su propio instrumental para hacer sus propias preguntas<\/em>\u201d.<\/p>\n<p>En la antesala de la inauguraci\u00f3n, docentes y alumnos asistieron a los talleres \u201cCuriosidad, Motor de la Investigaci\u00f3n\u201d y \u201cRecursos Abiertos y de Bajo Costo en Hardware y Biolog\u00eda Molecular para Investigaci\u00f3n y Educaci\u00f3n<em>\u201d<\/em>, en el marco del inicio oficial del PAR Explora Araucan\u00eda y el Festival Cientifica la UC.<\/p>\n<p>El Colegio Emprender de Temuco, Liceo Bicentenario Araucan\u00eda y Colegio Altas Cumbres de Villarrica fueron parte de la convocatoria que cont\u00f3 con cerca de 200 asistentes. \u201c<em>Excelente, una oportunidad \u00fanica para los estudiantes, para que vean desde otro punto de vista lo que es la ciencia y ligada a otras materias que por lo general se ven como elementos totalmente opuestos. Realmente fue una idea espectacular acercar a los estudiantes a este tipo de materias\u201d<\/em>, dijo la profesora de artes del Liceo Bicentenario Araucan\u00eda, tras su participaci\u00f3n en las actividades.<\/p>\n<p>Los estudiantes participaron activamente en los conversatorios y compartieron <em>in situ<\/em> con los cient\u00edficos. \u201c<em>Me parece bien que se d\u00e9 a conocer a los estudiantes (la ciencia) porque es algo que es sencillo, pero que muchas veces no nos damos el tiempo de conocer la ciencia a trav\u00e9s de otros m\u00e9todos como el arte o la fotograf\u00eda. Lo pas\u00e9 bien y aprender harto tambi\u00e9n<\/em>\u201d, relat\u00f3 Camila de tercero medio del Liceo Bicentenario.<\/p>\n<p>El PAR Explora La Araucan\u00eda ser\u00e1 por primera vez ejecutado desde el Campus Villarrica UC. Durante los pr\u00f3ximos cuatro a\u00f1os se desarrollar\u00e1 en la regi\u00f3n la semana nacional de la ciencia y tecnolog\u00eda, programa de investigaci\u00f3n cient\u00edfica escolar, congreso regional de ciencia y tecnolog\u00eda, programa de ciencia y tecnolog\u00eda de educaci\u00f3n parvularia, campamento \u00a1explora va!, festival de ciencias, artes y saberes locales, charlas cient\u00edficas en escuelas y coloquios socio-cient\u00edficos, entre otras actividades.<\/p>\n<p>Para seguir las actividades en la regi\u00f3n puedes hacerlo a trav\u00e9s de Facebook, PAR Explora Araucan\u00eda; Twitter @exploraraucania; Instagram, ParExplora_Araucania y YouTube PAR Explora Araucan\u00eda.<\/p>\n","protected":false},"excerpt":{"rendered":"<p>Cerca de 200 personas asistieron a la muestra de fotograf\u00eda cient\u00edfica, charla magistral y talleres educativos para estudiantes y docentes.<\/p>\n","protected":false},"author":2,"featured_media":37658,"comment_status":"closed","ping_status":"open","sticky":false,"template":"","format":"standard","meta":{"_acf_changed":false,"_exactmetrics_skip_tracking":false,"_exactmetrics_sitenote_active":false,"_exactmetrics_sitenote_note":"","_exactmetrics_sitenote_category":0,"footnotes":"","_links_to":"","_links_to_target":""},"categories":[4],"tags":[204,23,205,206,207,208,209,185,210],"class_list":["post-37655","post","type-post","status-publish","format-standard","has-post-thumbnail","hentry","category-noticias","tag-campus-villarrica-uc","tag-explora","tag-fernan-fedirici","tag-lanzamiento","tag-microfotografia-cientifica","tag-par","tag-par-explora-araucania","tag-par-explora-la-araucania","tag-talleres-ciencia"],"acf":[],"yoast_head":"<!-- This site is optimized with the Yoast SEO plugin v26.7 - https:\/\/yoast.com\/wordpress\/plugins\/seo\/ -->\n<title>Profesores, estudiantes y cient\u00edficos lanzaron oficialmente el PAR Explora La Araucan\u00eda en Campus Villarrica UC - Araucan\u00eda<\/title>\n<meta name=\"robots\" content=\"index, follow, max-snippet:-1, max-image-preview:large, max-video-preview:-1\" \/>\n<link rel=\"canonical\" href=\"https:\/\/dev.explora.cl\/araucania\/profesores-estudiantes-y-cientificos-lanzaron-oficialmente-el-par-explora-la-araucania\/\" class=\"yoast-seo-meta-tag\" \/>\n<meta property=\"og:locale\" content=\"es_ES\" class=\"yoast-seo-meta-tag\" \/>\n<meta property=\"og:type\" content=\"article\" class=\"yoast-seo-meta-tag\" \/>\n<meta property=\"og:title\" content=\"Profesores, estudiantes y cient\u00edficos lanzaron oficialmente el PAR Explora La Araucan\u00eda en Campus Villarrica UC - Araucan\u00eda\" class=\"yoast-seo-meta-tag\" \/>\n<meta property=\"og:description\" content=\"Cerca de 200 personas asistieron a la muestra de fotograf\u00eda cient\u00edfica, charla magistral y talleres educativos para estudiantes y docentes.\" class=\"yoast-seo-meta-tag\" \/>\n<meta property=\"og:url\" content=\"https:\/\/dev.explora.cl\/araucania\/profesores-estudiantes-y-cientificos-lanzaron-oficialmente-el-par-explora-la-araucania\/\" class=\"yoast-seo-meta-tag\" \/>\n<meta property=\"og:site_name\" content=\"Araucan\u00eda\" class=\"yoast-seo-meta-tag\" \/>\n<meta property=\"article:published_time\" content=\"2019-04-25T18:18:18+00:00\" class=\"yoast-seo-meta-tag\" \/>\n<meta property=\"article:modified_time\" content=\"2019-10-17T14:19:26+00:00\" class=\"yoast-seo-meta-tag\" \/>\n<meta property=\"og:image\" content=\"https:\/\/dev.explora.cl\/araucania\/wp-content\/uploads\/sites\/15\/2019\/05\/Cientifico-y-Estudiantes.jpeg\" class=\"yoast-seo-meta-tag\" \/>\n\t<meta property=\"og:image:width\" content=\"1024\" class=\"yoast-seo-meta-tag\" \/>\n\t<meta property=\"og:image:height\" content=\"768\" class=\"yoast-seo-meta-tag\" \/>\n\t<meta property=\"og:image:type\" content=\"image\/jpeg\" class=\"yoast-seo-meta-tag\" \/>\n<meta name=\"author\" content=\"webman\" class=\"yoast-seo-meta-tag\" \/>\n<meta name=\"twitter:card\" content=\"summary_large_image\" class=\"yoast-seo-meta-tag\" \/>\n<meta name=\"twitter:label1\" content=\"Escrito por\" class=\"yoast-seo-meta-tag\" \/>\n\t<meta name=\"twitter:data1\" content=\"webman\" class=\"yoast-seo-meta-tag\" \/>\n\t<meta name=\"twitter:label2\" content=\"Tiempo estimado de lectura\" class=\"yoast-seo-meta-tag\" \/>\n\t<meta name=\"twitter:data2\" content=\"3 minutos\" class=\"yoast-seo-meta-tag\" \/>\n<script type=\"application\/ld+json\" class=\"yoast-schema-graph\">{\"@context\":\"https:\/\/schema.org\",\"@graph\":[{\"@type\":\"Article\",\"@id\":\"https:\/\/dev.explora.cl\/araucania\/profesores-estudiantes-y-cientificos-lanzaron-oficialmente-el-par-explora-la-araucania\/#article\",\"isPartOf\":{\"@id\":\"https:\/\/dev.explora.cl\/araucania\/profesores-estudiantes-y-cientificos-lanzaron-oficialmente-el-par-explora-la-araucania\/\"},\"author\":{\"name\":\"webman\",\"@id\":\"https:\/\/dev.explora.cl\/araucania\/#\/schema\/person\/cb8349c13ea2d324080adf8480d7ba5d\"},\"headline\":\"Profesores, estudiantes y cient\u00edficos lanzaron oficialmente el PAR Explora La Araucan\u00eda en Campus Villarrica UC\",\"datePublished\":\"2019-04-25T18:18:18+00:00\",\"dateModified\":\"2019-10-17T14:19:26+00:00\",\"mainEntityOfPage\":{\"@id\":\"https:\/\/dev.explora.cl\/araucania\/profesores-estudiantes-y-cientificos-lanzaron-oficialmente-el-par-explora-la-araucania\/\"},\"wordCount\":654,\"image\":{\"@id\":\"https:\/\/dev.explora.cl\/araucania\/profesores-estudiantes-y-cientificos-lanzaron-oficialmente-el-par-explora-la-araucania\/#primaryimage\"},\"thumbnailUrl\":\"https:\/\/dev.explora.cl\/araucania\/wp-content\/uploads\/sites\/15\/2019\/05\/Cientifico-y-Estudiantes.jpeg\",\"keywords\":[\"Campus Villarrica UC\",\"EXPLORA\",\"Fern\u00e1n Fedirici\",\"Lanzamiento\",\"Microfotograf\u00eda Cient\u00edfica\",\"PAR\",\"PAR Explora Araucan\u00eda\",\"PAR Explora La Araucan\u00eda+\",\"Talleres Ciencia\"],\"articleSection\":[\"Noticias\"],\"inLanguage\":\"es-CL\"},{\"@type\":\"WebPage\",\"@id\":\"https:\/\/dev.explora.cl\/araucania\/profesores-estudiantes-y-cientificos-lanzaron-oficialmente-el-par-explora-la-araucania\/\",\"url\":\"https:\/\/dev.explora.cl\/araucania\/profesores-estudiantes-y-cientificos-lanzaron-oficialmente-el-par-explora-la-araucania\/\",\"name\":\"Profesores, estudiantes y cient\u00edficos lanzaron oficialmente el PAR Explora La Araucan\u00eda en Campus Villarrica UC - Araucan\u00eda\",\"isPartOf\":{\"@id\":\"https:\/\/dev.explora.cl\/araucania\/#website\"},\"primaryImageOfPage\":{\"@id\":\"https:\/\/dev.explora.cl\/araucania\/profesores-estudiantes-y-cientificos-lanzaron-oficialmente-el-par-explora-la-araucania\/#primaryimage\"},\"image\":{\"@id\":\"https:\/\/dev.explora.cl\/araucania\/profesores-estudiantes-y-cientificos-lanzaron-oficialmente-el-par-explora-la-araucania\/#primaryimage\"},\"thumbnailUrl\":\"https:\/\/dev.explora.cl\/araucania\/wp-content\/uploads\/sites\/15\/2019\/05\/Cientifico-y-Estudiantes.jpeg\",\"datePublished\":\"2019-04-25T18:18:18+00:00\",\"dateModified\":\"2019-10-17T14:19:26+00:00\",\"author\":{\"@id\":\"https:\/\/dev.explora.cl\/araucania\/#\/schema\/person\/cb8349c13ea2d324080adf8480d7ba5d\"},\"breadcrumb\":{\"@id\":\"https:\/\/dev.explora.cl\/araucania\/profesores-estudiantes-y-cientificos-lanzaron-oficialmente-el-par-explora-la-araucania\/#breadcrumb\"},\"inLanguage\":\"es-CL\",\"potentialAction\":[{\"@type\":\"ReadAction\",\"target\":[\"https:\/\/dev.explora.cl\/araucania\/profesores-estudiantes-y-cientificos-lanzaron-oficialmente-el-par-explora-la-araucania\/\"]}]},{\"@type\":\"ImageObject\",\"inLanguage\":\"es-CL\",\"@id\":\"https:\/\/dev.explora.cl\/araucania\/profesores-estudiantes-y-cientificos-lanzaron-oficialmente-el-par-explora-la-araucania\/#primaryimage\",\"url\":\"https:\/\/dev.explora.cl\/araucania\/wp-content\/uploads\/sites\/15\/2019\/05\/Cientifico-y-Estudiantes.jpeg\",\"contentUrl\":\"https:\/\/dev.explora.cl\/araucania\/wp-content\/uploads\/sites\/15\/2019\/05\/Cientifico-y-Estudiantes.jpeg\",\"width\":1024,\"height\":768},{\"@type\":\"BreadcrumbList\",\"@id\":\"https:\/\/dev.explora.cl\/araucania\/profesores-estudiantes-y-cientificos-lanzaron-oficialmente-el-par-explora-la-araucania\/#breadcrumb\",\"itemListElement\":[{\"@type\":\"ListItem\",\"position\":1,\"name\":\"Portada\",\"item\":\"https:\/\/dev.explora.cl\/araucania\/\"},{\"@type\":\"ListItem\",\"position\":2,\"name\":\"Profesores, estudiantes y cient\u00edficos lanzaron oficialmente el PAR Explora La Araucan\u00eda en Campus Villarrica UC\"}]},{\"@type\":\"WebSite\",\"@id\":\"https:\/\/dev.explora.cl\/araucania\/#website\",\"url\":\"https:\/\/dev.explora.cl\/araucania\/\",\"name\":\"Araucan\u00eda\",\"description\":\"Otro sitio m\u00e1s de dev.explora.cl\",\"potentialAction\":[{\"@type\":\"SearchAction\",\"target\":{\"@type\":\"EntryPoint\",\"urlTemplate\":\"https:\/\/dev.explora.cl\/araucania\/?s={search_term_string}\"},\"query-input\":{\"@type\":\"PropertyValueSpecification\",\"valueRequired\":true,\"valueName\":\"search_term_string\"}}],\"inLanguage\":\"es-CL\"},{\"@type\":\"Person\",\"@id\":\"https:\/\/dev.explora.cl\/araucania\/#\/schema\/person\/cb8349c13ea2d324080adf8480d7ba5d\",\"name\":\"webman\",\"image\":{\"@type\":\"ImageObject\",\"inLanguage\":\"es-CL\",\"@id\":\"https:\/\/dev.explora.cl\/araucania\/#\/schema\/person\/image\/\",\"url\":\"https:\/\/secure.gravatar.com\/avatar\/eeff3c82f2c02f7177d13663b7e6f890e9a6a0647ce9bb29cae02dcb094c7312?s=96&d=mm&r=g\",\"contentUrl\":\"https:\/\/secure.gravatar.com\/avatar\/eeff3c82f2c02f7177d13663b7e6f890e9a6a0647ce9bb29cae02dcb094c7312?s=96&d=mm&r=g\",\"caption\":\"webman\"},\"url\":\"https:\/\/dev.explora.cl\/araucania\/author\/webman\/\"}]}<\/script>\n<!-- \/ Yoast SEO plugin. -->","yoast_head_json":{"title":"Profesores, estudiantes y cient\u00edficos lanzaron oficialmente el PAR Explora La Araucan\u00eda en Campus Villarrica UC - Araucan\u00eda","robots":{"index":"index","follow":"follow","max-snippet":"max-snippet:-1","max-image-preview":"max-image-preview:large","max-video-preview":"max-video-preview:-1"},"canonical":"https:\/\/dev.explora.cl\/araucania\/profesores-estudiantes-y-cientificos-lanzaron-oficialmente-el-par-explora-la-araucania\/","og_locale":"es_ES","og_type":"article","og_title":"Profesores, estudiantes y cient\u00edficos lanzaron oficialmente el PAR Explora La Araucan\u00eda en Campus Villarrica UC - Araucan\u00eda","og_description":"Cerca de 200 personas asistieron a la muestra de fotograf\u00eda cient\u00edfica, charla magistral y talleres educativos para estudiantes y docentes.","og_url":"https:\/\/dev.explora.cl\/araucania\/profesores-estudiantes-y-cientificos-lanzaron-oficialmente-el-par-explora-la-araucania\/","og_site_name":"Araucan\u00eda","article_published_time":"2019-04-25T18:18:18+00:00","article_modified_time":"2019-10-17T14:19:26+00:00","og_image":[{"width":1024,"height":768,"url":"https:\/\/dev.explora.cl\/araucania\/wp-content\/uploads\/sites\/15\/2019\/05\/Cientifico-y-Estudiantes.jpeg","type":"image\/jpeg"}],"author":"webman","twitter_card":"summary_large_image","twitter_misc":{"Escrito por":"webman","Tiempo estimado de lectura":"3 minutos"},"schema":{"@context":"https:\/\/schema.org","@graph":[{"@type":"Article","@id":"https:\/\/dev.explora.cl\/araucania\/profesores-estudiantes-y-cientificos-lanzaron-oficialmente-el-par-explora-la-araucania\/#article","isPartOf":{"@id":"https:\/\/dev.explora.cl\/araucania\/profesores-estudiantes-y-cientificos-lanzaron-oficialmente-el-par-explora-la-araucania\/"},"author":{"name":"webman","@id":"https:\/\/dev.explora.cl\/araucania\/#\/schema\/person\/cb8349c13ea2d324080adf8480d7ba5d"},"headline":"Profesores, estudiantes y cient\u00edficos lanzaron oficialmente el PAR Explora La Araucan\u00eda en Campus Villarrica UC","datePublished":"2019-04-25T18:18:18+00:00","dateModified":"2019-10-17T14:19:26+00:00","mainEntityOfPage":{"@id":"https:\/\/dev.explora.cl\/araucania\/profesores-estudiantes-y-cientificos-lanzaron-oficialmente-el-par-explora-la-araucania\/"},"wordCount":654,"image":{"@id":"https:\/\/dev.explora.cl\/araucania\/profesores-estudiantes-y-cientificos-lanzaron-oficialmente-el-par-explora-la-araucania\/#primaryimage"},"thumbnailUrl":"https:\/\/dev.explora.cl\/araucania\/wp-content\/uploads\/sites\/15\/2019\/05\/Cientifico-y-Estudiantes.jpeg","keywords":["Campus Villarrica UC","EXPLORA","Fern\u00e1n Fedirici","Lanzamiento","Microfotograf\u00eda Cient\u00edfica","PAR","PAR Explora Araucan\u00eda","PAR Explora La Araucan\u00eda+","Talleres Ciencia"],"articleSection":["Noticias"],"inLanguage":"es-CL"},{"@type":"WebPage","@id":"https:\/\/dev.explora.cl\/araucania\/profesores-estudiantes-y-cientificos-lanzaron-oficialmente-el-par-explora-la-araucania\/","url":"https:\/\/dev.explora.cl\/araucania\/profesores-estudiantes-y-cientificos-lanzaron-oficialmente-el-par-explora-la-araucania\/","name":"Profesores, estudiantes y cient\u00edficos lanzaron oficialmente el PAR Explora La Araucan\u00eda en Campus Villarrica UC - Araucan\u00eda","isPartOf":{"@id":"https:\/\/dev.explora.cl\/araucania\/#website"},"primaryImageOfPage":{"@id":"https:\/\/dev.explora.cl\/araucania\/profesores-estudiantes-y-cientificos-lanzaron-oficialmente-el-par-explora-la-araucania\/#primaryimage"},"image":{"@id":"https:\/\/dev.explora.cl\/araucania\/profesores-estudiantes-y-cientificos-lanzaron-oficialmente-el-par-explora-la-araucania\/#primaryimage"},"thumbnailUrl":"https:\/\/dev.explora.cl\/araucania\/wp-content\/uploads\/sites\/15\/2019\/05\/Cientifico-y-Estudiantes.jpeg","datePublished":"2019-04-25T18:18:18+00:00","dateModified":"2019-10-17T14:19:26+00:00","author":{"@id":"https:\/\/dev.explora.cl\/araucania\/#\/schema\/person\/cb8349c13ea2d324080adf8480d7ba5d"},"breadcrumb":{"@id":"https:\/\/dev.explora.cl\/araucania\/profesores-estudiantes-y-cientificos-lanzaron-oficialmente-el-par-explora-la-araucania\/#breadcrumb"},"inLanguage":"es-CL","potentialAction":[{"@type":"ReadAction","target":["https:\/\/dev.explora.cl\/araucania\/profesores-estudiantes-y-cientificos-lanzaron-oficialmente-el-par-explora-la-araucania\/"]}]},{"@type":"ImageObject","inLanguage":"es-CL","@id":"https:\/\/dev.explora.cl\/araucania\/profesores-estudiantes-y-cientificos-lanzaron-oficialmente-el-par-explora-la-araucania\/#primaryimage","url":"https:\/\/dev.explora.cl\/araucania\/wp-content\/uploads\/sites\/15\/2019\/05\/Cientifico-y-Estudiantes.jpeg","contentUrl":"https:\/\/dev.explora.cl\/araucania\/wp-content\/uploads\/sites\/15\/2019\/05\/Cientifico-y-Estudiantes.jpeg","width":1024,"height":768},{"@type":"BreadcrumbList","@id":"https:\/\/dev.explora.cl\/araucania\/profesores-estudiantes-y-cientificos-lanzaron-oficialmente-el-par-explora-la-araucania\/#breadcrumb","itemListElement":[{"@type":"ListItem","position":1,"name":"Portada","item":"https:\/\/dev.explora.cl\/araucania\/"},{"@type":"ListItem","position":2,"name":"Profesores, estudiantes y cient\u00edficos lanzaron oficialmente el PAR Explora La Araucan\u00eda en Campus Villarrica UC"}]},{"@type":"WebSite","@id":"https:\/\/dev.explora.cl\/araucania\/#website","url":"https:\/\/dev.explora.cl\/araucania\/","name":"Araucan\u00eda","description":"Otro sitio m\u00e1s de dev.explora.cl","potentialAction":[{"@type":"SearchAction","target":{"@type":"EntryPoint","urlTemplate":"https:\/\/dev.explora.cl\/araucania\/?s={search_term_string}"},"query-input":{"@type":"PropertyValueSpecification","valueRequired":true,"valueName":"search_term_string"}}],"inLanguage":"es-CL"},{"@type":"Person","@id":"https:\/\/dev.explora.cl\/araucania\/#\/schema\/person\/cb8349c13ea2d324080adf8480d7ba5d","name":"webman","image":{"@type":"ImageObject","inLanguage":"es-CL","@id":"https:\/\/dev.explora.cl\/araucania\/#\/schema\/person\/image\/","url":"https:\/\/secure.gravatar.com\/avatar\/eeff3c82f2c02f7177d13663b7e6f890e9a6a0647ce9bb29cae02dcb094c7312?s=96&d=mm&r=g","contentUrl":"https:\/\/secure.gravatar.com\/avatar\/eeff3c82f2c02f7177d13663b7e6f890e9a6a0647ce9bb29cae02dcb094c7312?s=96&d=mm&r=g","caption":"webman"},"url":"https:\/\/dev.explora.cl\/araucania\/author\/webman\/"}]}},"_links":{"self":[{"href":"https:\/\/dev.explora.cl\/araucania\/wp-json\/wp\/v2\/posts\/37655","targetHints":{"allow":["GET"]}}],"collection":[{"href":"https:\/\/dev.explora.cl\/araucania\/wp-json\/wp\/v2\/posts"}],"about":[{"href":"https:\/\/dev.explora.cl\/araucania\/wp-json\/wp\/v2\/types\/post"}],"author":[{"embeddable":true,"href":"https:\/\/dev.explora.cl\/araucania\/wp-json\/wp\/v2\/users\/2"}],"replies":[{"embeddable":true,"href":"https:\/\/dev.explora.cl\/araucania\/wp-json\/wp\/v2\/comments?post=37655"}],"version-history":[{"count":4,"href":"https:\/\/dev.explora.cl\/araucania\/wp-json\/wp\/v2\/posts\/37655\/revisions"}],"predecessor-version":[{"id":38857,"href":"https:\/\/dev.explora.cl\/araucania\/wp-json\/wp\/v2\/posts\/37655\/revisions\/38857"}],"wp:featuredmedia":[{"embeddable":true,"href":"https:\/\/dev.explora.cl\/araucania\/wp-json\/wp\/v2\/media\/37658"}],"wp:attachment":[{"href":"https:\/\/dev.explora.cl\/araucania\/wp-json\/wp\/v2\/media?parent=37655"}],"wp:term":[{"taxonomy":"category","embeddable":true,"href":"https:\/\/dev.explora.cl\/araucania\/wp-json\/wp\/v2\/categories?post=37655"},{"taxonomy":"post_tag","embeddable":true,"href":"https:\/\/dev.explora.cl\/araucania\/wp-json\/wp\/v2\/tags?post=37655"}],"curies":[{"name":"wp","href":"https:\/\/api.w.org\/{rel}","templated":true}]}}