{"id":37586,"date":"2019-02-03T22:36:10","date_gmt":"2019-02-04T02:36:10","guid":{"rendered":"https:\/\/dev.explora.cl\/araucania\/?p=37586"},"modified":"2019-06-11T17:09:33","modified_gmt":"2019-06-11T21:09:33","slug":"equipo-la-araucania","status":"publish","type":"post","link":"https:\/\/dev.explora.cl\/araucania\/equipo-la-araucania\/","title":{"rendered":"Equipo La Araucan\u00eda"},"content":{"rendered":"<p><img loading=\"lazy\" decoding=\"async\" class=\"alignleft wp-image-37676 \" src=\"https:\/\/dev.explora.cl\/araucania\/wp-content\/uploads\/sites\/15\/2019\/02\/DIS3917-1-150x150.jpg\" alt=\"\" width=\"300\" height=\"300\" \/><span style=\"font-size: 20px\">\u00a0Daniel Opazo Bunster <\/span><\/p>\r\n<p><span style=\"font-size: 20px\">Director <\/span><\/p>\r\n<p><span style=\"font-size: 20px\">daniel.opazo@uc.cl<\/span><\/p>\r\n<p><span style=\"font-size: 20px\">+56223547390<\/span><\/p>\r\n<p>&nbsp;<\/p>\r\n<p>&nbsp;<\/p>\r\n<p>&nbsp;<\/p>\r\n<p>&nbsp;<\/p>\r\n<p><img loading=\"lazy\" decoding=\"async\" class=\"size-medium wp-image-37677 alignleft\" src=\"https:\/\/dev.explora.cl\/araucania\/wp-content\/uploads\/sites\/16\/2019\/02\/DIS3881-300x300.jpg\" alt=\"\" width=\"300\" height=\"300\" \/><span style=\"font-size: 20px\">Alejandra Rojo Almarza<\/span><\/p>\r\n<p><span style=\"font-size: 20px\">Coordinadora Ejecutiva <\/span><\/p>\r\n<p><span style=\"font-size: 20px\">arojo1@uc.cl<\/span><\/p>\r\n<p><span style=\"font-size: 20px\">+56223547390<\/span><\/p>\r\n<p>&nbsp;<\/p>\r\n<p>&nbsp;<\/p>\r\n<p>&nbsp;<\/p>\r\n<p>&nbsp;<\/p>\r\n<p><img loading=\"lazy\" decoding=\"async\" class=\"size-medium wp-image-37678 alignleft\" src=\"https:\/\/dev.explora.cl\/araucania\/wp-content\/uploads\/sites\/15\/2019\/02\/DIS3909-1-300x300.jpg\" alt=\"\" width=\"300\" height=\"300\" \/>\u00a0<span style=\"font-size: 20px\">Claudia Barria Medina<\/span><\/p>\r\n<p><span style=\"font-size: 20px\">Encargada Programa Indagaci\u00f3n Educaci\u00f3n Parvularia\u00a0<\/span><\/p>\r\n<p><span style=\"font-size: 20px\">claudia.barria@uc.cl<\/span><\/p>\r\n<p><span style=\"font-size: 20px\">+56223547391<\/span><\/p>\r\n<p>&nbsp;<\/p>\r\n<p>&nbsp;<\/p>\r\n<p>&nbsp;<\/p>\r\n<p>&nbsp;<\/p>\r\n<p><img loading=\"lazy\" decoding=\"async\" class=\"size-medium wp-image-37679 alignleft\" src=\"https:\/\/dev.explora.cl\/araucania\/wp-content\/uploads\/sites\/15\/2019\/02\/DIS3889-300x300.jpg\" alt=\"\" width=\"300\" height=\"300\" \/><\/p>\r\n<p>&nbsp;<\/p>\r\n<p>\u00a0<span style=\"font-size: 20px\">Daniela Salazar Rodr\u00edguez<\/span><\/p>\r\n<p><span style=\"font-size: 20px\"> Encargada Programa de Investigaci\u00f3n Cient\u00edfica Escolar\u00a0<\/span><\/p>\r\n<p><span style=\"font-size: 20px\">dsalazad@uc.cl\u00a0<\/span><\/p>\r\n<p><span style=\"font-size: 20px\">+56223547391<\/span><\/p>\r\n<p>&nbsp;<\/p>\r\n<p>&nbsp;<\/p>\r\n<p>&nbsp;<\/p>\r\n<p><img loading=\"lazy\" decoding=\"async\" class=\"size-medium wp-image-37680 alignleft\" src=\"https:\/\/dev.explora.cl\/araucania\/wp-content\/uploads\/sites\/15\/2019\/02\/DIS3911-300x300.jpg\" alt=\"\" width=\"300\" height=\"300\" \/>\u00a0J<span style=\"font-size: 20px\">aviera Elton Neut<\/span><\/p>\r\n<p><span style=\"font-size: 20px\">Encargada de Actividades<\/span><\/p>\r\n<p><span style=\"font-size: 20px\">javiera.elton@uc.cl\u00a0<\/span><\/p>\r\n<p><span style=\"font-size: 20px\">+56223547391<\/span><\/p>\r\n<p>&nbsp;<\/p>\r\n<p>&nbsp;<\/p>\r\n<p>&nbsp;<\/p>\r\n<p>&nbsp;<\/p>\r\n<p><img loading=\"lazy\" decoding=\"async\" class=\"size-medium wp-image-37681 alignleft\" src=\"https:\/\/dev.explora.cl\/araucania\/wp-content\/uploads\/sites\/15\/2019\/02\/DIS3914-300x300.jpg\" alt=\"\" width=\"300\" height=\"300\" \/>\u00a0<span style=\"font-size: 20px\">Alexis Catal\u00e1n Caniulef<\/span><\/p>\r\n<p><span style=\"font-size: 20px\">Encargado de Vinculaci\u00f3n Territorial\u00a0<\/span><\/p>\r\n<p><span style=\"font-size: 20px\">aacatala@uc.cl<\/span><\/p>\r\n<p><span style=\"font-size: 20px\">+56223547391<\/span><\/p>\r\n<p>&nbsp;<\/p>\r\n<p>&nbsp;<\/p>\r\n<p>&nbsp;<\/p>\r\n<p>&nbsp;<\/p>\r\n<p><img loading=\"lazy\" decoding=\"async\" class=\"size-medium wp-image-37682 alignleft\" src=\"https:\/\/dev.explora.cl\/araucania\/wp-content\/uploads\/sites\/15\/2019\/02\/DIS3897-300x300.jpg\" alt=\"\" width=\"300\" height=\"300\" \/>\u00a0<span style=\"font-size: 20px\">Christian Bourgeaud Salazar<\/span><\/p>\r\n<p><span style=\"font-size: 20px\">Encargado de Comunicaciones\u00a0<\/span><\/p>\r\n<p><span style=\"font-size: 20px\">christian.bourgeaud@uc.cl<\/span><\/p>\r\n<p><span style=\"font-size: 20px\">+56223547391<\/span><\/p>\r\n<p>&nbsp;<\/p>\r\n<p>&nbsp;<\/p>\r\n<p>&nbsp;<\/p>\r\n<p>&nbsp;<\/p>\r\n<p><img loading=\"lazy\" decoding=\"async\" class=\"size-medium wp-image-37683 alignleft\" src=\"https:\/\/dev.explora.cl\/araucania\/wp-content\/uploads\/sites\/15\/2019\/02\/DIS3899-300x300.jpg\" alt=\"\" width=\"300\" height=\"300\" \/><\/p>\r\n<p>&nbsp;<\/p>\r\n<p><span style=\"font-size: 20px\">Armin Cano Fuica, Encargado Audiovisual y Gr\u00e1fica<\/span><\/p>\r\n<p><span style=\"font-size: 20px\">ascano@uc.cl\u00a0<\/span><\/p>\r\n<p><span style=\"font-size: 20px\">+56223547391<\/span><\/p>\r\n<p>&nbsp;<\/p>\r\n<p>&nbsp;<\/p>\r\n<p>&nbsp;<\/p>\r\n<p>&nbsp;<\/p>\r\n<p><span style=\"font-size: 20px\"><img loading=\"lazy\" decoding=\"async\" class=\"size-medium wp-image-37701 alignleft\" src=\"https:\/\/dev.explora.cl\/araucania\/wp-content\/uploads\/sites\/15\/2019\/02\/felipe-500-1-300x300.jpg\" alt=\"\" width=\"300\" height=\"300\" \/><\/span><\/p>\r\n<p>&nbsp;<\/p>\r\n<p><span style=\"font-size: 20px\">Felipe Bustamente <\/span><\/p>\r\n<p><span style=\"font-size: 20px\">Community manager<\/span><\/p>\r\n<p><span style=\"font-size: 20px\"> felipe.bustamante@uc.cl\u00a0<\/span><\/p>\r\n<p><span style=\"font-size: 20px\">+56223547391<\/span><\/p>\r\n<p>&nbsp;<\/p>\r\n<p>&nbsp;<\/p>\r\n<p>&nbsp;<\/p>\r\n<p style=\"text-align: center\"><span style=\"font-size: 20px\"><strong>Equipo PAR Explora La Araucan\u00eda<\/strong><\/span><img loading=\"lazy\" decoding=\"async\" class=\"wp-image-37665 aligncenter\" src=\"https:\/\/dev.explora.cl\/araucania\/wp-content\/uploads\/sites\/15\/2019\/02\/DIS3931-1-300x199.jpg\" alt=\"\" width=\"704\" height=\"467\" \/><br \/><!-- \/wp:post-content --><\/p>\r\n<p><!-- wp:tadv\/classic-paragraph \/--><\/p>","protected":false},"excerpt":{"rendered":"<p>\u00a0Daniel Opazo Bunster Director daniel.opazo@uc.cl +56223547390 &nbsp; &nbsp; &nbsp; &nbsp; Alejandra Rojo Almarza Coordinadora Ejecutiva arojo1@uc.cl +56223547390 &nbsp; &nbsp; &nbsp; &nbsp; \u00a0Claudia Barria Medina Encargada Programa Indagaci\u00f3n Educaci\u00f3n Parvularia\u00a0 claudia.barria@uc.cl +56223547391 &nbsp; &nbsp; &nbsp; &nbsp; &nbsp; \u00a0Daniela Salazar Rodr\u00edguez Encargada Programa de Investigaci\u00f3n Cient\u00edfica Escolar\u00a0 dsalazad@uc.cl\u00a0 +56223547391 &nbsp; &nbsp; &nbsp; \u00a0Javiera Elton Neut Encargada de [&hellip;]<\/p>\n","protected":false},"author":2,"featured_media":37712,"comment_status":"closed","ping_status":"open","sticky":false,"template":"","format":"standard","meta":{"_acf_changed":false,"_exactmetrics_skip_tracking":false,"_exactmetrics_sitenote_active":false,"_exactmetrics_sitenote_note":"","_exactmetrics_sitenote_category":0,"footnotes":"","_links_to":"","_links_to_target":""},"categories":[1],"tags":[],"class_list":["post-37586","post","type-post","status-publish","format-standard","has-post-thumbnail","hentry","category-sin-categoria"],"acf":[],"yoast_head":"<!-- This site is optimized with the Yoast SEO plugin v26.7 - https:\/\/yoast.com\/wordpress\/plugins\/seo\/ -->\n<title>Equipo La Araucan\u00eda - Araucan\u00eda<\/title>\n<meta name=\"robots\" content=\"index, follow, max-snippet:-1, max-image-preview:large, max-video-preview:-1\" \/>\n<link rel=\"canonical\" href=\"https:\/\/dev.explora.cl\/araucania\/equipo-la-araucania\/\" class=\"yoast-seo-meta-tag\" \/>\n<meta property=\"og:locale\" content=\"es_ES\" class=\"yoast-seo-meta-tag\" \/>\n<meta property=\"og:type\" content=\"article\" class=\"yoast-seo-meta-tag\" \/>\n<meta property=\"og:title\" content=\"Equipo La Araucan\u00eda - Araucan\u00eda\" class=\"yoast-seo-meta-tag\" \/>\n<meta property=\"og:description\" content=\"\u00a0Daniel Opazo Bunster Director daniel.opazo@uc.cl +56223547390 &nbsp; &nbsp; &nbsp; &nbsp; Alejandra Rojo Almarza Coordinadora Ejecutiva arojo1@uc.cl +56223547390 &nbsp; &nbsp; &nbsp; &nbsp; \u00a0Claudia Barria Medina Encargada Programa Indagaci\u00f3n Educaci\u00f3n Parvularia\u00a0 claudia.barria@uc.cl +56223547391 &nbsp; &nbsp; &nbsp; &nbsp; &nbsp; \u00a0Daniela Salazar Rodr\u00edguez Encargada Programa de Investigaci\u00f3n Cient\u00edfica Escolar\u00a0 dsalazad@uc.cl\u00a0 +56223547391 &nbsp; &nbsp; &nbsp; \u00a0Javiera Elton Neut Encargada de [&hellip;]\" class=\"yoast-seo-meta-tag\" \/>\n<meta property=\"og:url\" content=\"https:\/\/dev.explora.cl\/araucania\/equipo-la-araucania\/\" class=\"yoast-seo-meta-tag\" \/>\n<meta property=\"og:site_name\" content=\"Araucan\u00eda\" class=\"yoast-seo-meta-tag\" \/>\n<meta property=\"article:published_time\" content=\"2019-02-04T02:36:10+00:00\" class=\"yoast-seo-meta-tag\" \/>\n<meta property=\"article:modified_time\" content=\"2019-06-11T21:09:33+00:00\" class=\"yoast-seo-meta-tag\" \/>\n<meta property=\"og:image\" content=\"https:\/\/dev.explora.cl\/araucania\/wp-content\/uploads\/sites\/15\/2019\/02\/felipe-500-1.jpg\" class=\"yoast-seo-meta-tag\" \/>\n\t<meta property=\"og:image:width\" content=\"500\" class=\"yoast-seo-meta-tag\" \/>\n\t<meta property=\"og:image:height\" content=\"500\" class=\"yoast-seo-meta-tag\" \/>\n\t<meta property=\"og:image:type\" content=\"image\/jpeg\" class=\"yoast-seo-meta-tag\" \/>\n<meta name=\"author\" content=\"webman\" class=\"yoast-seo-meta-tag\" \/>\n<meta name=\"twitter:card\" content=\"summary_large_image\" class=\"yoast-seo-meta-tag\" \/>\n<meta name=\"twitter:label1\" content=\"Escrito por\" class=\"yoast-seo-meta-tag\" \/>\n\t<meta name=\"twitter:data1\" content=\"webman\" class=\"yoast-seo-meta-tag\" \/>\n\t<meta name=\"twitter:label2\" content=\"Tiempo estimado de lectura\" class=\"yoast-seo-meta-tag\" \/>\n\t<meta name=\"twitter:data2\" content=\"1 minuto\" class=\"yoast-seo-meta-tag\" \/>\n<script type=\"application\/ld+json\" class=\"yoast-schema-graph\">{\"@context\":\"https:\/\/schema.org\",\"@graph\":[{\"@type\":\"Article\",\"@id\":\"https:\/\/dev.explora.cl\/araucania\/equipo-la-araucania\/#article\",\"isPartOf\":{\"@id\":\"https:\/\/dev.explora.cl\/araucania\/equipo-la-araucania\/\"},\"author\":{\"name\":\"webman\",\"@id\":\"https:\/\/dev.explora.cl\/araucania\/#\/schema\/person\/cb8349c13ea2d324080adf8480d7ba5d\"},\"headline\":\"Equipo La Araucan\u00eda\",\"datePublished\":\"2019-02-04T02:36:10+00:00\",\"dateModified\":\"2019-06-11T21:09:33+00:00\",\"mainEntityOfPage\":{\"@id\":\"https:\/\/dev.explora.cl\/araucania\/equipo-la-araucania\/\"},\"wordCount\":143,\"image\":{\"@id\":\"https:\/\/dev.explora.cl\/araucania\/equipo-la-araucania\/#primaryimage\"},\"thumbnailUrl\":\"https:\/\/dev.explora.cl\/araucania\/wp-content\/uploads\/sites\/15\/2019\/02\/felipe-500-1.jpg\",\"inLanguage\":\"es-CL\"},{\"@type\":\"WebPage\",\"@id\":\"https:\/\/dev.explora.cl\/araucania\/equipo-la-araucania\/\",\"url\":\"https:\/\/dev.explora.cl\/araucania\/equipo-la-araucania\/\",\"name\":\"Equipo La Araucan\u00eda - Araucan\u00eda\",\"isPartOf\":{\"@id\":\"https:\/\/dev.explora.cl\/araucania\/#website\"},\"primaryImageOfPage\":{\"@id\":\"https:\/\/dev.explora.cl\/araucania\/equipo-la-araucania\/#primaryimage\"},\"image\":{\"@id\":\"https:\/\/dev.explora.cl\/araucania\/equipo-la-araucania\/#primaryimage\"},\"thumbnailUrl\":\"https:\/\/dev.explora.cl\/araucania\/wp-content\/uploads\/sites\/15\/2019\/02\/felipe-500-1.jpg\",\"datePublished\":\"2019-02-04T02:36:10+00:00\",\"dateModified\":\"2019-06-11T21:09:33+00:00\",\"author\":{\"@id\":\"https:\/\/dev.explora.cl\/araucania\/#\/schema\/person\/cb8349c13ea2d324080adf8480d7ba5d\"},\"breadcrumb\":{\"@id\":\"https:\/\/dev.explora.cl\/araucania\/equipo-la-araucania\/#breadcrumb\"},\"inLanguage\":\"es-CL\",\"potentialAction\":[{\"@type\":\"ReadAction\",\"target\":[\"https:\/\/dev.explora.cl\/araucania\/equipo-la-araucania\/\"]}]},{\"@type\":\"ImageObject\",\"inLanguage\":\"es-CL\",\"@id\":\"https:\/\/dev.explora.cl\/araucania\/equipo-la-araucania\/#primaryimage\",\"url\":\"https:\/\/dev.explora.cl\/araucania\/wp-content\/uploads\/sites\/15\/2019\/02\/felipe-500-1.jpg\",\"contentUrl\":\"https:\/\/dev.explora.cl\/araucania\/wp-content\/uploads\/sites\/15\/2019\/02\/felipe-500-1.jpg\",\"width\":500,\"height\":500},{\"@type\":\"BreadcrumbList\",\"@id\":\"https:\/\/dev.explora.cl\/araucania\/equipo-la-araucania\/#breadcrumb\",\"itemListElement\":[{\"@type\":\"ListItem\",\"position\":1,\"name\":\"Portada\",\"item\":\"https:\/\/dev.explora.cl\/araucania\/\"},{\"@type\":\"ListItem\",\"position\":2,\"name\":\"Equipo La Araucan\u00eda\"}]},{\"@type\":\"WebSite\",\"@id\":\"https:\/\/dev.explora.cl\/araucania\/#website\",\"url\":\"https:\/\/dev.explora.cl\/araucania\/\",\"name\":\"Araucan\u00eda\",\"description\":\"Otro sitio m\u00e1s de dev.explora.cl\",\"potentialAction\":[{\"@type\":\"SearchAction\",\"target\":{\"@type\":\"EntryPoint\",\"urlTemplate\":\"https:\/\/dev.explora.cl\/araucania\/?s={search_term_string}\"},\"query-input\":{\"@type\":\"PropertyValueSpecification\",\"valueRequired\":true,\"valueName\":\"search_term_string\"}}],\"inLanguage\":\"es-CL\"},{\"@type\":\"Person\",\"@id\":\"https:\/\/dev.explora.cl\/araucania\/#\/schema\/person\/cb8349c13ea2d324080adf8480d7ba5d\",\"name\":\"webman\",\"image\":{\"@type\":\"ImageObject\",\"inLanguage\":\"es-CL\",\"@id\":\"https:\/\/dev.explora.cl\/araucania\/#\/schema\/person\/image\/\",\"url\":\"https:\/\/secure.gravatar.com\/avatar\/eeff3c82f2c02f7177d13663b7e6f890e9a6a0647ce9bb29cae02dcb094c7312?s=96&d=mm&r=g\",\"contentUrl\":\"https:\/\/secure.gravatar.com\/avatar\/eeff3c82f2c02f7177d13663b7e6f890e9a6a0647ce9bb29cae02dcb094c7312?s=96&d=mm&r=g\",\"caption\":\"webman\"},\"url\":\"https:\/\/dev.explora.cl\/araucania\/author\/webman\/\"}]}<\/script>\n<!-- \/ Yoast SEO plugin. -->","yoast_head_json":{"title":"Equipo La Araucan\u00eda - Araucan\u00eda","robots":{"index":"index","follow":"follow","max-snippet":"max-snippet:-1","max-image-preview":"max-image-preview:large","max-video-preview":"max-video-preview:-1"},"canonical":"https:\/\/dev.explora.cl\/araucania\/equipo-la-araucania\/","og_locale":"es_ES","og_type":"article","og_title":"Equipo La Araucan\u00eda - Araucan\u00eda","og_description":"\u00a0Daniel Opazo Bunster Director daniel.opazo@uc.cl +56223547390 &nbsp; &nbsp; &nbsp; &nbsp; Alejandra Rojo Almarza Coordinadora Ejecutiva arojo1@uc.cl +56223547390 &nbsp; &nbsp; &nbsp; &nbsp; \u00a0Claudia Barria Medina Encargada Programa Indagaci\u00f3n Educaci\u00f3n Parvularia\u00a0 claudia.barria@uc.cl +56223547391 &nbsp; &nbsp; &nbsp; &nbsp; &nbsp; \u00a0Daniela Salazar Rodr\u00edguez Encargada Programa de Investigaci\u00f3n Cient\u00edfica Escolar\u00a0 dsalazad@uc.cl\u00a0 +56223547391 &nbsp; &nbsp; &nbsp; \u00a0Javiera Elton Neut Encargada de [&hellip;]","og_url":"https:\/\/dev.explora.cl\/araucania\/equipo-la-araucania\/","og_site_name":"Araucan\u00eda","article_published_time":"2019-02-04T02:36:10+00:00","article_modified_time":"2019-06-11T21:09:33+00:00","og_image":[{"width":500,"height":500,"url":"https:\/\/dev.explora.cl\/araucania\/wp-content\/uploads\/sites\/15\/2019\/02\/felipe-500-1.jpg","type":"image\/jpeg"}],"author":"webman","twitter_card":"summary_large_image","twitter_misc":{"Escrito por":"webman","Tiempo estimado de lectura":"1 minuto"},"schema":{"@context":"https:\/\/schema.org","@graph":[{"@type":"Article","@id":"https:\/\/dev.explora.cl\/araucania\/equipo-la-araucania\/#article","isPartOf":{"@id":"https:\/\/dev.explora.cl\/araucania\/equipo-la-araucania\/"},"author":{"name":"webman","@id":"https:\/\/dev.explora.cl\/araucania\/#\/schema\/person\/cb8349c13ea2d324080adf8480d7ba5d"},"headline":"Equipo La Araucan\u00eda","datePublished":"2019-02-04T02:36:10+00:00","dateModified":"2019-06-11T21:09:33+00:00","mainEntityOfPage":{"@id":"https:\/\/dev.explora.cl\/araucania\/equipo-la-araucania\/"},"wordCount":143,"image":{"@id":"https:\/\/dev.explora.cl\/araucania\/equipo-la-araucania\/#primaryimage"},"thumbnailUrl":"https:\/\/dev.explora.cl\/araucania\/wp-content\/uploads\/sites\/15\/2019\/02\/felipe-500-1.jpg","inLanguage":"es-CL"},{"@type":"WebPage","@id":"https:\/\/dev.explora.cl\/araucania\/equipo-la-araucania\/","url":"https:\/\/dev.explora.cl\/araucania\/equipo-la-araucania\/","name":"Equipo La Araucan\u00eda - Araucan\u00eda","isPartOf":{"@id":"https:\/\/dev.explora.cl\/araucania\/#website"},"primaryImageOfPage":{"@id":"https:\/\/dev.explora.cl\/araucania\/equipo-la-araucania\/#primaryimage"},"image":{"@id":"https:\/\/dev.explora.cl\/araucania\/equipo-la-araucania\/#primaryimage"},"thumbnailUrl":"https:\/\/dev.explora.cl\/araucania\/wp-content\/uploads\/sites\/15\/2019\/02\/felipe-500-1.jpg","datePublished":"2019-02-04T02:36:10+00:00","dateModified":"2019-06-11T21:09:33+00:00","author":{"@id":"https:\/\/dev.explora.cl\/araucania\/#\/schema\/person\/cb8349c13ea2d324080adf8480d7ba5d"},"breadcrumb":{"@id":"https:\/\/dev.explora.cl\/araucania\/equipo-la-araucania\/#breadcrumb"},"inLanguage":"es-CL","potentialAction":[{"@type":"ReadAction","target":["https:\/\/dev.explora.cl\/araucania\/equipo-la-araucania\/"]}]},{"@type":"ImageObject","inLanguage":"es-CL","@id":"https:\/\/dev.explora.cl\/araucania\/equipo-la-araucania\/#primaryimage","url":"https:\/\/dev.explora.cl\/araucania\/wp-content\/uploads\/sites\/15\/2019\/02\/felipe-500-1.jpg","contentUrl":"https:\/\/dev.explora.cl\/araucania\/wp-content\/uploads\/sites\/15\/2019\/02\/felipe-500-1.jpg","width":500,"height":500},{"@type":"BreadcrumbList","@id":"https:\/\/dev.explora.cl\/araucania\/equipo-la-araucania\/#breadcrumb","itemListElement":[{"@type":"ListItem","position":1,"name":"Portada","item":"https:\/\/dev.explora.cl\/araucania\/"},{"@type":"ListItem","position":2,"name":"Equipo La Araucan\u00eda"}]},{"@type":"WebSite","@id":"https:\/\/dev.explora.cl\/araucania\/#website","url":"https:\/\/dev.explora.cl\/araucania\/","name":"Araucan\u00eda","description":"Otro sitio m\u00e1s de dev.explora.cl","potentialAction":[{"@type":"SearchAction","target":{"@type":"EntryPoint","urlTemplate":"https:\/\/dev.explora.cl\/araucania\/?s={search_term_string}"},"query-input":{"@type":"PropertyValueSpecification","valueRequired":true,"valueName":"search_term_string"}}],"inLanguage":"es-CL"},{"@type":"Person","@id":"https:\/\/dev.explora.cl\/araucania\/#\/schema\/person\/cb8349c13ea2d324080adf8480d7ba5d","name":"webman","image":{"@type":"ImageObject","inLanguage":"es-CL","@id":"https:\/\/dev.explora.cl\/araucania\/#\/schema\/person\/image\/","url":"https:\/\/secure.gravatar.com\/avatar\/eeff3c82f2c02f7177d13663b7e6f890e9a6a0647ce9bb29cae02dcb094c7312?s=96&d=mm&r=g","contentUrl":"https:\/\/secure.gravatar.com\/avatar\/eeff3c82f2c02f7177d13663b7e6f890e9a6a0647ce9bb29cae02dcb094c7312?s=96&d=mm&r=g","caption":"webman"},"url":"https:\/\/dev.explora.cl\/araucania\/author\/webman\/"}]}},"_links":{"self":[{"href":"https:\/\/dev.explora.cl\/araucania\/wp-json\/wp\/v2\/posts\/37586","targetHints":{"allow":["GET"]}}],"collection":[{"href":"https:\/\/dev.explora.cl\/araucania\/wp-json\/wp\/v2\/posts"}],"about":[{"href":"https:\/\/dev.explora.cl\/araucania\/wp-json\/wp\/v2\/types\/post"}],"author":[{"embeddable":true,"href":"https:\/\/dev.explora.cl\/araucania\/wp-json\/wp\/v2\/users\/2"}],"replies":[{"embeddable":true,"href":"https:\/\/dev.explora.cl\/araucania\/wp-json\/wp\/v2\/comments?post=37586"}],"version-history":[{"count":2,"href":"https:\/\/dev.explora.cl\/araucania\/wp-json\/wp\/v2\/posts\/37586\/revisions"}],"predecessor-version":[{"id":38774,"href":"https:\/\/dev.explora.cl\/araucania\/wp-json\/wp\/v2\/posts\/37586\/revisions\/38774"}],"wp:featuredmedia":[{"embeddable":true,"href":"https:\/\/dev.explora.cl\/araucania\/wp-json\/wp\/v2\/media\/37712"}],"wp:attachment":[{"href":"https:\/\/dev.explora.cl\/araucania\/wp-json\/wp\/v2\/media?parent=37586"}],"wp:term":[{"taxonomy":"category","embeddable":true,"href":"https:\/\/dev.explora.cl\/araucania\/wp-json\/wp\/v2\/categories?post=37586"},{"taxonomy":"post_tag","embeddable":true,"href":"https:\/\/dev.explora.cl\/araucania\/wp-json\/wp\/v2\/tags?post=37586"}],"curies":[{"name":"wp","href":"https:\/\/api.w.org\/{rel}","templated":true}]}}