{"id":37501,"date":"2019-01-17T15:59:49","date_gmt":"2019-01-17T19:59:49","guid":{"rendered":"https:\/\/dev.explora.cl\/araucania\/?p=37501"},"modified":"2019-05-20T19:12:59","modified_gmt":"2019-05-20T19:12:59","slug":"docentes-se-capacitan-junto-a-par-explora-la-araucania","status":"publish","type":"post","link":"https:\/\/dev.explora.cl\/araucania\/docentes-se-capacitan-junto-a-par-explora-la-araucania\/","title":{"rendered":"Docentes se capacitan junto a PAR Explora La Araucan\u00eda"},"content":{"rendered":"\n<p><img loading=\"lazy\" decoding=\"async\" class=\"aligncenter size-full wp-image-37503\" src=\"https:\/\/dev.explora.cl\/araucania\/wp-content\/uploads\/sites\/15\/2019\/01\/DSC_0182-1.jpg\" alt=\"\" width=\"500\" height=\"334\" \/><\/p>\n<p style=\"text-align: justify\"><span style=\"font-family: 'trebuchet ms', geneva, sans-serif\"><strong><em>Alrededor de 70 profesores provenientes de diferentes puntos de la regi\u00f3n llegaron hasta el Aula Magna de la Universidad de La Frontera para ser part\u00edcipes de interesantes talleres de verano, organizados por el PAR Explora de CONICYT La Araucan\u00eda y desarrollados por la Fundaci\u00f3n Chile.<\/em><\/strong><\/span><\/p>\n<hr \/>\n<p style=\"text-align: justify\"><span style=\"font-family: 'trebuchet ms', geneva, sans-serif\">\u201cLa M\u00e1quina de Hacer Preguntas\u201d y \u201cDesde el Pensamiento Cr\u00edtico a la Metacognici\u00f3n\u201d, fueron los temas abordados por Macarena Laso y Francisca Petrovich, de Fundaci\u00f3n Chile, durante las jornadas de capacitaci\u00f3n que vivieron docentes de distintos niveles y asignaturas.<\/span><\/p>\n<p style=\"text-align: justify\"><span style=\"font-family: 'trebuchet ms', geneva, sans-serif\">En una \u00e9poca en que la informaci\u00f3n est\u00e1 distribuida en m\u00faltiples plataformas, una pregunta gatilla procesos de b\u00fasqueda y de integraci\u00f3n de conocimientos que actualizan la informaci\u00f3n ya existente dot\u00e1ndola de nuevos sentidos; por ello, la pregunta es tan poderosa que puede modelar la forma en que describimos, imaginamos o incluso, transformamos el mundo.<\/span><\/p>\n<p style=\"text-align: justify\"><span style=\"font-family: 'trebuchet ms', geneva, sans-serif\">Fue as\u00ed como durante el primer d\u00eda, las relatoras compartieron con los asistentes y les propusieron, a trav\u00e9s de un ejercicio, unir su potencial interrogante con un repertorio de preguntas de acuerdo a un momento y una intenci\u00f3n pedag\u00f3gica.<\/span><\/p>\n<p style=\"text-align: justify\"><span style=\"font-family: 'trebuchet ms', geneva, sans-serif\">Para esto, los docentes crearon su propia <strong><em>M\u00e1quina de Hacer Preguntas<\/em><\/strong>, identificando las estrategias que les fuera m\u00e1s \u00fatil, con el objetivo de crear preguntas desafiantes y de ese modo poder transferir la metodolog\u00eda a sus estudiantes.<\/span><\/p>\n<p style=\"text-align: justify\"><span style=\"font-family: 'trebuchet ms', geneva, sans-serif\">Finalizada la jornada, los asistentes fueron capaces de reconocer los diferentes tipos de preguntas, profundizar sobre el sentido de las mismas, evaluar la calidad de la pregunta y ser capaces de crear preguntas desafiantes.<\/span><\/p>\n<p style=\"text-align: justify\"><span style=\"font-family: 'trebuchet ms', geneva, sans-serif\">Felices se mostraron las relatoras, quienes durante dos d\u00edas compartieron con profesores de diferentes comunas, niveles y asignaturas de La Araucan\u00eda. \u201cFueron dos jornadas muy intensas, pero estamos agradecidas del trabajo y de la reflexi\u00f3n realizada aqu\u00ed por todos quienes participaron de estas actividades\u201d, se\u00f1al\u00f3, Francisca Petrovich de la Fundaci\u00f3n Chile, adem\u00e1s destac\u00f3 que lo visto no fue m\u00e1s que tratar temas de habilidades que siempre han estado presente pero que ahora se necesitan m\u00e1s por las nuevas demandas de este siglo.<\/span><\/p>\n<p style=\"text-align: justify\"><span style=\"font-family: 'trebuchet ms', geneva, sans-serif\">Durante la segunda jornada, se desarroll\u00f3 el taller: <strong><em>Desde el Pensamiento Cr\u00edtico a la Metacognici\u00f3n<\/em><\/strong>, aqu\u00ed, un nuevo grupo de docentes fueron capaces de comprender que el pensamiento cr\u00edtico es fundamental en la formaci\u00f3n integral del estudiante, tanto para su desarrollo personal como en su aporte a la sociedad de la cual forma parte.<\/span><\/p>\n<p style=\"text-align: justify\"><span style=\"font-family: 'trebuchet ms', geneva, sans-serif\">Logrando entender que un buen pensador cr\u00edtico formula problemas y preguntas vitales con claridad y precisi\u00f3n, acumula y eval\u00faa informaci\u00f3n relevante y aplica conceptos para interpretar esa informaci\u00f3n efectivamente, llegando a conclusiones y soluciones con criterios y est\u00e1ndares relevantes, adem\u00e1s es capaz de pensar con una mente abierta al interior de los sistemas de pensamiento; reconoce y eval\u00faa los supuestos, implicancias y consecuencias pr\u00e1cticas y se logra comunicar efectivamente en la idea de encontrar soluciones a problemas.<\/span><\/p>\n<p style=\"text-align: justify\"><span style=\"font-family: 'trebuchet ms', geneva, sans-serif\">Las capacitaciones les permitieron hablar y comprender a los asistentes sobre qu\u00e9 es el pensamiento cr\u00edtico, c\u00f3mo hacer preguntas que produzcan un quiebre en la rutina, ayud\u00e1ndolos a buscar nuevas soluciones y alternativas a un problema. Como bien se\u00f1al\u00f3 Petrovich, \u201cse nos impulsa a buscar soluciones a problemas que est\u00e1n ocurriendo ahora y que van a seguir ocurriendo, por eso necesitamos que nuestros ni\u00f1os y estudiantes comiencen a imaginar el futuro que quieren vivir, y eso ocurre principalmente en la escuela, y las personas que los ayudar\u00e1n con esta reflexi\u00f3n son justamente quienes est\u00e1n m\u00e1s cerca de ellos, sus profesores\u201d.<\/span><\/p>\n<p><img loading=\"lazy\" decoding=\"async\" class=\"aligncenter size-full wp-image-37505\" src=\"https:\/\/dev.explora.cl\/araucania\/wp-content\/uploads\/sites\/15\/2019\/01\/3x3-1.jpg\" alt=\"\" width=\"1045\" height=\"280\" \/><\/p>\n<p style=\"text-align: justify\"><span style=\"font-family: 'trebuchet ms', geneva, sans-serif\"><strong>Periodista: Natalia Riquelme Espinoza.<\/strong><\/span><\/p>\n","protected":false},"excerpt":{"rendered":"","protected":false},"author":2,"featured_media":37503,"comment_status":"closed","ping_status":"open","sticky":false,"template":"","format":"standard","meta":{"_acf_changed":false,"_exactmetrics_skip_tracking":false,"_exactmetrics_sitenote_active":false,"_exactmetrics_sitenote_note":"","_exactmetrics_sitenote_category":0,"footnotes":"","_links_to":"","_links_to_target":""},"categories":[4],"tags":[198,185,169,196],"class_list":["post-37501","post","type-post","status-publish","format-standard","has-post-thumbnail","hentry","category-noticias","tag-docentes","tag-par-explora-la-araucania","tag-ufro","tag-verano"],"acf":[],"yoast_head":"<!-- This site is optimized with the Yoast SEO plugin v26.7 - https:\/\/yoast.com\/wordpress\/plugins\/seo\/ -->\n<title>Docentes se capacitan junto a PAR Explora La Araucan\u00eda - Araucan\u00eda<\/title>\n<meta name=\"robots\" content=\"index, follow, max-snippet:-1, max-image-preview:large, max-video-preview:-1\" \/>\n<link rel=\"canonical\" href=\"https:\/\/dev.explora.cl\/araucania\/docentes-se-capacitan-junto-a-par-explora-la-araucania\/\" class=\"yoast-seo-meta-tag\" \/>\n<meta property=\"og:locale\" content=\"es_ES\" class=\"yoast-seo-meta-tag\" \/>\n<meta property=\"og:type\" content=\"article\" class=\"yoast-seo-meta-tag\" \/>\n<meta property=\"og:title\" content=\"Docentes se capacitan junto a PAR Explora La Araucan\u00eda - Araucan\u00eda\" class=\"yoast-seo-meta-tag\" \/>\n<meta property=\"og:url\" content=\"https:\/\/dev.explora.cl\/araucania\/docentes-se-capacitan-junto-a-par-explora-la-araucania\/\" class=\"yoast-seo-meta-tag\" \/>\n<meta property=\"og:site_name\" content=\"Araucan\u00eda\" class=\"yoast-seo-meta-tag\" \/>\n<meta property=\"article:published_time\" content=\"2019-01-17T19:59:49+00:00\" class=\"yoast-seo-meta-tag\" \/>\n<meta property=\"article:modified_time\" content=\"2019-05-20T19:12:59+00:00\" class=\"yoast-seo-meta-tag\" \/>\n<meta property=\"og:image\" content=\"https:\/\/dev.explora.cl\/araucania\/wp-content\/uploads\/sites\/15\/2019\/01\/2-87.jpg\" class=\"yoast-seo-meta-tag\" \/>\n\t<meta property=\"og:image:width\" content=\"1200\" class=\"yoast-seo-meta-tag\" \/>\n\t<meta property=\"og:image:height\" content=\"801\" class=\"yoast-seo-meta-tag\" \/>\n\t<meta property=\"og:image:type\" content=\"image\/jpeg\" class=\"yoast-seo-meta-tag\" \/>\n<meta name=\"author\" content=\"webman\" class=\"yoast-seo-meta-tag\" \/>\n<meta name=\"twitter:card\" content=\"summary_large_image\" class=\"yoast-seo-meta-tag\" \/>\n<meta name=\"twitter:label1\" content=\"Escrito por\" class=\"yoast-seo-meta-tag\" \/>\n\t<meta name=\"twitter:data1\" content=\"webman\" class=\"yoast-seo-meta-tag\" \/>\n\t<meta name=\"twitter:label2\" content=\"Tiempo estimado de lectura\" class=\"yoast-seo-meta-tag\" \/>\n\t<meta name=\"twitter:data2\" content=\"3 minutos\" class=\"yoast-seo-meta-tag\" \/>\n<script type=\"application\/ld+json\" class=\"yoast-schema-graph\">{\"@context\":\"https:\/\/schema.org\",\"@graph\":[{\"@type\":\"Article\",\"@id\":\"https:\/\/dev.explora.cl\/araucania\/docentes-se-capacitan-junto-a-par-explora-la-araucania\/#article\",\"isPartOf\":{\"@id\":\"https:\/\/dev.explora.cl\/araucania\/docentes-se-capacitan-junto-a-par-explora-la-araucania\/\"},\"author\":{\"name\":\"webman\",\"@id\":\"https:\/\/dev.explora.cl\/araucania\/#\/schema\/person\/cb8349c13ea2d324080adf8480d7ba5d\"},\"headline\":\"Docentes se capacitan junto a PAR Explora La Araucan\u00eda\",\"datePublished\":\"2019-01-17T19:59:49+00:00\",\"dateModified\":\"2019-05-20T19:12:59+00:00\",\"mainEntityOfPage\":{\"@id\":\"https:\/\/dev.explora.cl\/araucania\/docentes-se-capacitan-junto-a-par-explora-la-araucania\/\"},\"wordCount\":627,\"image\":{\"@id\":\"https:\/\/dev.explora.cl\/araucania\/docentes-se-capacitan-junto-a-par-explora-la-araucania\/#primaryimage\"},\"thumbnailUrl\":\"https:\/\/dev.explora.cl\/araucania\/wp-content\/uploads\/sites\/15\/2019\/01\/2-87.jpg\",\"keywords\":[\"docentes\",\"PAR Explora La Araucan\u00eda+\",\"UFRO\",\"verano\"],\"articleSection\":[\"Noticias\"],\"inLanguage\":\"es-CL\"},{\"@type\":\"WebPage\",\"@id\":\"https:\/\/dev.explora.cl\/araucania\/docentes-se-capacitan-junto-a-par-explora-la-araucania\/\",\"url\":\"https:\/\/dev.explora.cl\/araucania\/docentes-se-capacitan-junto-a-par-explora-la-araucania\/\",\"name\":\"Docentes se capacitan junto a PAR Explora La Araucan\u00eda - Araucan\u00eda\",\"isPartOf\":{\"@id\":\"https:\/\/dev.explora.cl\/araucania\/#website\"},\"primaryImageOfPage\":{\"@id\":\"https:\/\/dev.explora.cl\/araucania\/docentes-se-capacitan-junto-a-par-explora-la-araucania\/#primaryimage\"},\"image\":{\"@id\":\"https:\/\/dev.explora.cl\/araucania\/docentes-se-capacitan-junto-a-par-explora-la-araucania\/#primaryimage\"},\"thumbnailUrl\":\"https:\/\/dev.explora.cl\/araucania\/wp-content\/uploads\/sites\/15\/2019\/01\/2-87.jpg\",\"datePublished\":\"2019-01-17T19:59:49+00:00\",\"dateModified\":\"2019-05-20T19:12:59+00:00\",\"author\":{\"@id\":\"https:\/\/dev.explora.cl\/araucania\/#\/schema\/person\/cb8349c13ea2d324080adf8480d7ba5d\"},\"breadcrumb\":{\"@id\":\"https:\/\/dev.explora.cl\/araucania\/docentes-se-capacitan-junto-a-par-explora-la-araucania\/#breadcrumb\"},\"inLanguage\":\"es-CL\",\"potentialAction\":[{\"@type\":\"ReadAction\",\"target\":[\"https:\/\/dev.explora.cl\/araucania\/docentes-se-capacitan-junto-a-par-explora-la-araucania\/\"]}]},{\"@type\":\"ImageObject\",\"inLanguage\":\"es-CL\",\"@id\":\"https:\/\/dev.explora.cl\/araucania\/docentes-se-capacitan-junto-a-par-explora-la-araucania\/#primaryimage\",\"url\":\"https:\/\/dev.explora.cl\/araucania\/wp-content\/uploads\/sites\/15\/2019\/01\/2-87.jpg\",\"contentUrl\":\"https:\/\/dev.explora.cl\/araucania\/wp-content\/uploads\/sites\/15\/2019\/01\/2-87.jpg\",\"width\":1200,\"height\":801},{\"@type\":\"BreadcrumbList\",\"@id\":\"https:\/\/dev.explora.cl\/araucania\/docentes-se-capacitan-junto-a-par-explora-la-araucania\/#breadcrumb\",\"itemListElement\":[{\"@type\":\"ListItem\",\"position\":1,\"name\":\"Portada\",\"item\":\"https:\/\/dev.explora.cl\/araucania\/\"},{\"@type\":\"ListItem\",\"position\":2,\"name\":\"Docentes se capacitan junto a PAR Explora La Araucan\u00eda\"}]},{\"@type\":\"WebSite\",\"@id\":\"https:\/\/dev.explora.cl\/araucania\/#website\",\"url\":\"https:\/\/dev.explora.cl\/araucania\/\",\"name\":\"Araucan\u00eda\",\"description\":\"Otro sitio m\u00e1s de dev.explora.cl\",\"potentialAction\":[{\"@type\":\"SearchAction\",\"target\":{\"@type\":\"EntryPoint\",\"urlTemplate\":\"https:\/\/dev.explora.cl\/araucania\/?s={search_term_string}\"},\"query-input\":{\"@type\":\"PropertyValueSpecification\",\"valueRequired\":true,\"valueName\":\"search_term_string\"}}],\"inLanguage\":\"es-CL\"},{\"@type\":\"Person\",\"@id\":\"https:\/\/dev.explora.cl\/araucania\/#\/schema\/person\/cb8349c13ea2d324080adf8480d7ba5d\",\"name\":\"webman\",\"image\":{\"@type\":\"ImageObject\",\"inLanguage\":\"es-CL\",\"@id\":\"https:\/\/dev.explora.cl\/araucania\/#\/schema\/person\/image\/\",\"url\":\"https:\/\/secure.gravatar.com\/avatar\/eeff3c82f2c02f7177d13663b7e6f890e9a6a0647ce9bb29cae02dcb094c7312?s=96&d=mm&r=g\",\"contentUrl\":\"https:\/\/secure.gravatar.com\/avatar\/eeff3c82f2c02f7177d13663b7e6f890e9a6a0647ce9bb29cae02dcb094c7312?s=96&d=mm&r=g\",\"caption\":\"webman\"},\"url\":\"https:\/\/dev.explora.cl\/araucania\/author\/webman\/\"}]}<\/script>\n<!-- \/ Yoast SEO plugin. -->","yoast_head_json":{"title":"Docentes se capacitan junto a PAR Explora La Araucan\u00eda - Araucan\u00eda","robots":{"index":"index","follow":"follow","max-snippet":"max-snippet:-1","max-image-preview":"max-image-preview:large","max-video-preview":"max-video-preview:-1"},"canonical":"https:\/\/dev.explora.cl\/araucania\/docentes-se-capacitan-junto-a-par-explora-la-araucania\/","og_locale":"es_ES","og_type":"article","og_title":"Docentes se capacitan junto a PAR Explora La Araucan\u00eda - Araucan\u00eda","og_url":"https:\/\/dev.explora.cl\/araucania\/docentes-se-capacitan-junto-a-par-explora-la-araucania\/","og_site_name":"Araucan\u00eda","article_published_time":"2019-01-17T19:59:49+00:00","article_modified_time":"2019-05-20T19:12:59+00:00","og_image":[{"width":1200,"height":801,"url":"https:\/\/dev.explora.cl\/araucania\/wp-content\/uploads\/sites\/15\/2019\/01\/2-87.jpg","type":"image\/jpeg"}],"author":"webman","twitter_card":"summary_large_image","twitter_misc":{"Escrito por":"webman","Tiempo estimado de lectura":"3 minutos"},"schema":{"@context":"https:\/\/schema.org","@graph":[{"@type":"Article","@id":"https:\/\/dev.explora.cl\/araucania\/docentes-se-capacitan-junto-a-par-explora-la-araucania\/#article","isPartOf":{"@id":"https:\/\/dev.explora.cl\/araucania\/docentes-se-capacitan-junto-a-par-explora-la-araucania\/"},"author":{"name":"webman","@id":"https:\/\/dev.explora.cl\/araucania\/#\/schema\/person\/cb8349c13ea2d324080adf8480d7ba5d"},"headline":"Docentes se capacitan junto a PAR Explora La Araucan\u00eda","datePublished":"2019-01-17T19:59:49+00:00","dateModified":"2019-05-20T19:12:59+00:00","mainEntityOfPage":{"@id":"https:\/\/dev.explora.cl\/araucania\/docentes-se-capacitan-junto-a-par-explora-la-araucania\/"},"wordCount":627,"image":{"@id":"https:\/\/dev.explora.cl\/araucania\/docentes-se-capacitan-junto-a-par-explora-la-araucania\/#primaryimage"},"thumbnailUrl":"https:\/\/dev.explora.cl\/araucania\/wp-content\/uploads\/sites\/15\/2019\/01\/2-87.jpg","keywords":["docentes","PAR Explora La Araucan\u00eda+","UFRO","verano"],"articleSection":["Noticias"],"inLanguage":"es-CL"},{"@type":"WebPage","@id":"https:\/\/dev.explora.cl\/araucania\/docentes-se-capacitan-junto-a-par-explora-la-araucania\/","url":"https:\/\/dev.explora.cl\/araucania\/docentes-se-capacitan-junto-a-par-explora-la-araucania\/","name":"Docentes se capacitan junto a PAR Explora La Araucan\u00eda - Araucan\u00eda","isPartOf":{"@id":"https:\/\/dev.explora.cl\/araucania\/#website"},"primaryImageOfPage":{"@id":"https:\/\/dev.explora.cl\/araucania\/docentes-se-capacitan-junto-a-par-explora-la-araucania\/#primaryimage"},"image":{"@id":"https:\/\/dev.explora.cl\/araucania\/docentes-se-capacitan-junto-a-par-explora-la-araucania\/#primaryimage"},"thumbnailUrl":"https:\/\/dev.explora.cl\/araucania\/wp-content\/uploads\/sites\/15\/2019\/01\/2-87.jpg","datePublished":"2019-01-17T19:59:49+00:00","dateModified":"2019-05-20T19:12:59+00:00","author":{"@id":"https:\/\/dev.explora.cl\/araucania\/#\/schema\/person\/cb8349c13ea2d324080adf8480d7ba5d"},"breadcrumb":{"@id":"https:\/\/dev.explora.cl\/araucania\/docentes-se-capacitan-junto-a-par-explora-la-araucania\/#breadcrumb"},"inLanguage":"es-CL","potentialAction":[{"@type":"ReadAction","target":["https:\/\/dev.explora.cl\/araucania\/docentes-se-capacitan-junto-a-par-explora-la-araucania\/"]}]},{"@type":"ImageObject","inLanguage":"es-CL","@id":"https:\/\/dev.explora.cl\/araucania\/docentes-se-capacitan-junto-a-par-explora-la-araucania\/#primaryimage","url":"https:\/\/dev.explora.cl\/araucania\/wp-content\/uploads\/sites\/15\/2019\/01\/2-87.jpg","contentUrl":"https:\/\/dev.explora.cl\/araucania\/wp-content\/uploads\/sites\/15\/2019\/01\/2-87.jpg","width":1200,"height":801},{"@type":"BreadcrumbList","@id":"https:\/\/dev.explora.cl\/araucania\/docentes-se-capacitan-junto-a-par-explora-la-araucania\/#breadcrumb","itemListElement":[{"@type":"ListItem","position":1,"name":"Portada","item":"https:\/\/dev.explora.cl\/araucania\/"},{"@type":"ListItem","position":2,"name":"Docentes se capacitan junto a PAR Explora La Araucan\u00eda"}]},{"@type":"WebSite","@id":"https:\/\/dev.explora.cl\/araucania\/#website","url":"https:\/\/dev.explora.cl\/araucania\/","name":"Araucan\u00eda","description":"Otro sitio m\u00e1s de dev.explora.cl","potentialAction":[{"@type":"SearchAction","target":{"@type":"EntryPoint","urlTemplate":"https:\/\/dev.explora.cl\/araucania\/?s={search_term_string}"},"query-input":{"@type":"PropertyValueSpecification","valueRequired":true,"valueName":"search_term_string"}}],"inLanguage":"es-CL"},{"@type":"Person","@id":"https:\/\/dev.explora.cl\/araucania\/#\/schema\/person\/cb8349c13ea2d324080adf8480d7ba5d","name":"webman","image":{"@type":"ImageObject","inLanguage":"es-CL","@id":"https:\/\/dev.explora.cl\/araucania\/#\/schema\/person\/image\/","url":"https:\/\/secure.gravatar.com\/avatar\/eeff3c82f2c02f7177d13663b7e6f890e9a6a0647ce9bb29cae02dcb094c7312?s=96&d=mm&r=g","contentUrl":"https:\/\/secure.gravatar.com\/avatar\/eeff3c82f2c02f7177d13663b7e6f890e9a6a0647ce9bb29cae02dcb094c7312?s=96&d=mm&r=g","caption":"webman"},"url":"https:\/\/dev.explora.cl\/araucania\/author\/webman\/"}]}},"_links":{"self":[{"href":"https:\/\/dev.explora.cl\/araucania\/wp-json\/wp\/v2\/posts\/37501","targetHints":{"allow":["GET"]}}],"collection":[{"href":"https:\/\/dev.explora.cl\/araucania\/wp-json\/wp\/v2\/posts"}],"about":[{"href":"https:\/\/dev.explora.cl\/araucania\/wp-json\/wp\/v2\/types\/post"}],"author":[{"embeddable":true,"href":"https:\/\/dev.explora.cl\/araucania\/wp-json\/wp\/v2\/users\/2"}],"replies":[{"embeddable":true,"href":"https:\/\/dev.explora.cl\/araucania\/wp-json\/wp\/v2\/comments?post=37501"}],"version-history":[{"count":1,"href":"https:\/\/dev.explora.cl\/araucania\/wp-json\/wp\/v2\/posts\/37501\/revisions"}],"predecessor-version":[{"id":37826,"href":"https:\/\/dev.explora.cl\/araucania\/wp-json\/wp\/v2\/posts\/37501\/revisions\/37826"}],"wp:featuredmedia":[{"embeddable":true,"href":"https:\/\/dev.explora.cl\/araucania\/wp-json\/wp\/v2\/media\/37503"}],"wp:attachment":[{"href":"https:\/\/dev.explora.cl\/araucania\/wp-json\/wp\/v2\/media?parent=37501"}],"wp:term":[{"taxonomy":"category","embeddable":true,"href":"https:\/\/dev.explora.cl\/araucania\/wp-json\/wp\/v2\/categories?post=37501"},{"taxonomy":"post_tag","embeddable":true,"href":"https:\/\/dev.explora.cl\/araucania\/wp-json\/wp\/v2\/tags?post=37501"}],"curies":[{"name":"wp","href":"https:\/\/api.w.org\/{rel}","templated":true}]}}