{"id":37363,"date":"2018-12-19T16:55:58","date_gmt":"2018-12-19T20:55:58","guid":{"rendered":"https:\/\/dev.explora.cl\/araucania\/?p=37363"},"modified":"2019-05-20T19:13:04","modified_gmt":"2019-05-20T19:13:04","slug":"estudiantes-analizan-el-proceso-migratorio-gracias-a-taller-realizado-en-el-museo-regional-de-la-araucania","status":"publish","type":"post","link":"https:\/\/dev.explora.cl\/araucania\/estudiantes-analizan-el-proceso-migratorio-gracias-a-taller-realizado-en-el-museo-regional-de-la-araucania\/","title":{"rendered":"Estudiantes analizan el proceso migratorio gracias a taller realizado en el Museo Regional de La Araucan\u00eda"},"content":{"rendered":"<p><img loading=\"lazy\" decoding=\"async\" class=\"wp-image-37365 aligncenter\" src=\"https:\/\/dev.explora.cl\/araucania\/wp-content\/uploads\/sites\/15\/2018\/12\/migrantes-2-2.jpg\" alt=\"\" width=\"500\" height=\"333\" \/><\/p>\n<p style=\"text-align: justify\"><strong><span style=\"font-family: georgia, palatino, serif\"><em>Cerca de medio centenar de estudiantes de octavo b\u00e1sico de Padre Las Casas y Temuco, participaron de un din\u00e1mico taller denominado \u201cSi t\u00fa supieras, narrativas migrantes de mujeres en la frontera\u201d, en el Museo Regional\u00a0 de La Araucan\u00eda.<\/em><\/span><\/strong><\/p>\n<hr \/>\n<p style=\"text-align: justify\"><span style=\"font-family: georgia, palatino, serif\">La actividad organizada en conjunto por el PAR Explora de CONICYT La Araucan\u00eda, ejecutado por la Universidad de La Frontera y el Museo Regional de La Araucan\u00eda, permiti\u00f3 que los estudiantes de educaci\u00f3n b\u00e1sica comprendieran las migraciones humanas como procesos socioculturales permanentes y de m\u00faltiples dimensiones, adem\u00e1s de ayudarlos a que puedan interpretar datos cuantitativos y cualitativos sobre migrantes.<\/span><\/p>\n<p style=\"text-align: justify\"><span style=\"font-family: georgia, palatino, serif\">Vinculado directamente con el desarrollo de habilidades del pensamiento hist\u00f3rico, cr\u00edtico y comprensi\u00f3n espacial, el taller se centr\u00f3 en los objetivos de aprendizaje de la asignatura de Historia y Geograf\u00eda para octavo b\u00e1sico, relacionados con las problem\u00e1ticas poblacionales y migratorias de la regi\u00f3n y del pa\u00eds.<\/span><\/p>\n<p style=\"text-align: justify\"><span style=\"font-family: georgia, palatino, serif\">Susana Chacana, coordinadora de educaci\u00f3n y extensi\u00f3n del Museo Regional de La Araucan\u00eda, destac\u00f3 el hecho de que gracias al apoyo del Proyecto\u00a0 se han podido desarrollar variados talleres los cuales han ayudado a profundizar tem\u00e1ticas sociales, culturales, econ\u00f3micas y pol\u00edticas como es el caso de la migraci\u00f3n hoy en d\u00eda. \u201cEstos talleres le permitieron a los j\u00f3venes visitar la exposici\u00f3n, profundizar en las relaciones m\u00faltiples de las migraciones y conocer algunos relatos en profundidad de las mujeres que participaron de la exposici\u00f3n, adem\u00e1s los ayud\u00f3 comprender de mejor manera la importancia que han tenido las mujeres a lo largo de la historia en temas migratorios; yo dir\u00eda que hoy en d\u00eda la mujer la lleva en este sentido, en tomar decisiones, en arrastrar a lo mejor a la familia a situaciones muchas veces complejas, y en este sentido, es que nosotros queremos aportar a la no discriminaci\u00f3n y a comprender de verdad estos fen\u00f3menos\u201d.<\/span><\/p>\n<p style=\"text-align: justify\"><span style=\"font-family: georgia, palatino, serif\">El taller comienza con una introducci\u00f3n al concepto migratorio, sus componentes, causas y consecuencias m\u00e1s recurrentes desde una mirada general hacia lo particular de este fen\u00f3meno. Posteriormente los estudiantes visitaron la exposici\u00f3n temporal \u201cSi t\u00fa supieras, narrativas migrantes de mujeres en la frontera\u201d, all\u00ed tuvieron tiempo para analizar los contenidos de la misma con la ayuda de una gu\u00eda did\u00e1ctica, con la cual observaron y analizaron cada etapa de la exposici\u00f3n. A trav\u00e9s del trabajo grupal, se recolectaron datos demogr\u00e1ficos entre los escolares, con los cuales se realizaron gr\u00e1ficos, an\u00e1lisis y una plenaria.\u00a0<\/span><\/p>\n<p style=\"text-align: justify\"><span style=\"font-family: georgia, palatino, serif\">Esta actividad se llev\u00f3 a cabo gracias al convenio de colaboraci\u00f3n existente desde el a\u00f1o 2016 entre el PAR Explora de CONICYT La Araucan\u00eda y el Museo Regional de La Araucan\u00eda. A trav\u00e9s de esta alianza, se han efectuado diversos talleres con el objetivo de favorecer el rescate y valoraci\u00f3n de los distintos legados hist\u00f3ricos de nuestra regi\u00f3n.<\/span><\/p>\n<p><img loading=\"lazy\" decoding=\"async\" class=\"aligncenter size-full wp-image-37366\" src=\"https:\/\/dev.explora.cl\/araucania\/wp-content\/uploads\/sites\/15\/2018\/12\/migrantes2-1.jpg\" alt=\"\" width=\"1045\" height=\"280\" \/><br \/>\n12\/19\/2018<\/p>\n<p style=\"text-align: justify\"><span style=\"font-family: georgia, palatino, serif\"><strong>Periodista: Natalia Riquelme Espinoza.<\/strong><\/span><\/p>\n","protected":false},"excerpt":{"rendered":"<p>Cerca de medio centenar de estudiantes de octavo b\u00e1sico de Padre Las Casas y Temuco, participaron de un din\u00e1mico taller denominado \u201cSi t\u00fa supieras, narrativas migrantes de mujeres en la frontera\u201d, en el Museo Regional\u00a0 de La Araucan\u00eda. La actividad organizada en conjunto por el PAR Explora de CONICYT La Araucan\u00eda, ejecutado por la Universidad [&hellip;]<\/p>\n","protected":false},"author":2,"featured_media":37368,"comment_status":"closed","ping_status":"open","sticky":false,"template":"","format":"standard","meta":{"_acf_changed":false,"_exactmetrics_skip_tracking":false,"_exactmetrics_sitenote_active":false,"_exactmetrics_sitenote_note":"","_exactmetrics_sitenote_category":0,"footnotes":"","_links_to":"","_links_to_target":""},"categories":[4],"tags":[177,188,189,190,185],"class_list":["post-37363","post","type-post","status-publish","format-standard","has-post-thumbnail","hentry","category-noticias","tag-la-araucania","tag-migraciones","tag-mujer","tag-museo-regional","tag-par-explora-la-araucania"],"acf":[],"yoast_head":"<!-- This site is optimized with the Yoast SEO plugin v26.7 - https:\/\/yoast.com\/wordpress\/plugins\/seo\/ -->\n<title>Estudiantes analizan el proceso migratorio gracias a taller realizado en el Museo Regional de La Araucan\u00eda - Araucan\u00eda<\/title>\n<meta name=\"robots\" content=\"index, follow, max-snippet:-1, max-image-preview:large, max-video-preview:-1\" \/>\n<link rel=\"canonical\" href=\"https:\/\/dev.explora.cl\/araucania\/estudiantes-analizan-el-proceso-migratorio-gracias-a-taller-realizado-en-el-museo-regional-de-la-araucania\/\" class=\"yoast-seo-meta-tag\" \/>\n<meta property=\"og:locale\" content=\"es_ES\" class=\"yoast-seo-meta-tag\" \/>\n<meta property=\"og:type\" content=\"article\" class=\"yoast-seo-meta-tag\" \/>\n<meta property=\"og:title\" content=\"Estudiantes analizan el proceso migratorio gracias a taller realizado en el Museo Regional de La Araucan\u00eda - Araucan\u00eda\" class=\"yoast-seo-meta-tag\" \/>\n<meta property=\"og:description\" content=\"Cerca de medio centenar de estudiantes de octavo b\u00e1sico de Padre Las Casas y Temuco, participaron de un din\u00e1mico taller denominado \u201cSi t\u00fa supieras, narrativas migrantes de mujeres en la frontera\u201d, en el Museo Regional\u00a0 de La Araucan\u00eda. La actividad organizada en conjunto por el PAR Explora de CONICYT La Araucan\u00eda, ejecutado por la Universidad [&hellip;]\" class=\"yoast-seo-meta-tag\" \/>\n<meta property=\"og:url\" content=\"https:\/\/dev.explora.cl\/araucania\/estudiantes-analizan-el-proceso-migratorio-gracias-a-taller-realizado-en-el-museo-regional-de-la-araucania\/\" class=\"yoast-seo-meta-tag\" \/>\n<meta property=\"og:site_name\" content=\"Araucan\u00eda\" class=\"yoast-seo-meta-tag\" \/>\n<meta property=\"article:published_time\" content=\"2018-12-19T20:55:58+00:00\" class=\"yoast-seo-meta-tag\" \/>\n<meta property=\"article:modified_time\" content=\"2019-05-20T19:13:04+00:00\" class=\"yoast-seo-meta-tag\" \/>\n<meta property=\"og:image\" content=\"https:\/\/dev.explora.cl\/araucania\/wp-content\/uploads\/sites\/15\/2018\/12\/migrantes-2-2.jpg\" class=\"yoast-seo-meta-tag\" \/>\n\t<meta property=\"og:image:width\" content=\"1200\" class=\"yoast-seo-meta-tag\" \/>\n\t<meta property=\"og:image:height\" content=\"801\" class=\"yoast-seo-meta-tag\" \/>\n\t<meta property=\"og:image:type\" content=\"image\/jpeg\" class=\"yoast-seo-meta-tag\" \/>\n<meta name=\"author\" content=\"webman\" class=\"yoast-seo-meta-tag\" \/>\n<meta name=\"twitter:card\" content=\"summary_large_image\" class=\"yoast-seo-meta-tag\" \/>\n<meta name=\"twitter:label1\" content=\"Escrito por\" class=\"yoast-seo-meta-tag\" \/>\n\t<meta name=\"twitter:data1\" content=\"webman\" class=\"yoast-seo-meta-tag\" \/>\n\t<meta name=\"twitter:label2\" content=\"Tiempo estimado de lectura\" class=\"yoast-seo-meta-tag\" \/>\n\t<meta name=\"twitter:data2\" content=\"3 minutos\" class=\"yoast-seo-meta-tag\" \/>\n<script type=\"application\/ld+json\" class=\"yoast-schema-graph\">{\"@context\":\"https:\/\/schema.org\",\"@graph\":[{\"@type\":\"Article\",\"@id\":\"https:\/\/dev.explora.cl\/araucania\/estudiantes-analizan-el-proceso-migratorio-gracias-a-taller-realizado-en-el-museo-regional-de-la-araucania\/#article\",\"isPartOf\":{\"@id\":\"https:\/\/dev.explora.cl\/araucania\/estudiantes-analizan-el-proceso-migratorio-gracias-a-taller-realizado-en-el-museo-regional-de-la-araucania\/\"},\"author\":{\"name\":\"webman\",\"@id\":\"https:\/\/dev.explora.cl\/araucania\/#\/schema\/person\/cb8349c13ea2d324080adf8480d7ba5d\"},\"headline\":\"Estudiantes analizan el proceso migratorio gracias a taller realizado en el Museo Regional de La Araucan\u00eda\",\"datePublished\":\"2018-12-19T20:55:58+00:00\",\"dateModified\":\"2019-05-20T19:13:04+00:00\",\"mainEntityOfPage\":{\"@id\":\"https:\/\/dev.explora.cl\/araucania\/estudiantes-analizan-el-proceso-migratorio-gracias-a-taller-realizado-en-el-museo-regional-de-la-araucania\/\"},\"wordCount\":522,\"image\":{\"@id\":\"https:\/\/dev.explora.cl\/araucania\/estudiantes-analizan-el-proceso-migratorio-gracias-a-taller-realizado-en-el-museo-regional-de-la-araucania\/#primaryimage\"},\"thumbnailUrl\":\"https:\/\/dev.explora.cl\/araucania\/wp-content\/uploads\/sites\/15\/2018\/12\/migrantes-2-2.jpg\",\"keywords\":[\"La Araucan\u00eda\",\"Migraciones\",\"mujer\",\"Museo Regional\",\"PAR Explora La Araucan\u00eda+\"],\"articleSection\":[\"Noticias\"],\"inLanguage\":\"es-CL\"},{\"@type\":\"WebPage\",\"@id\":\"https:\/\/dev.explora.cl\/araucania\/estudiantes-analizan-el-proceso-migratorio-gracias-a-taller-realizado-en-el-museo-regional-de-la-araucania\/\",\"url\":\"https:\/\/dev.explora.cl\/araucania\/estudiantes-analizan-el-proceso-migratorio-gracias-a-taller-realizado-en-el-museo-regional-de-la-araucania\/\",\"name\":\"Estudiantes analizan el proceso migratorio gracias a taller realizado en el Museo Regional de La Araucan\u00eda - Araucan\u00eda\",\"isPartOf\":{\"@id\":\"https:\/\/dev.explora.cl\/araucania\/#website\"},\"primaryImageOfPage\":{\"@id\":\"https:\/\/dev.explora.cl\/araucania\/estudiantes-analizan-el-proceso-migratorio-gracias-a-taller-realizado-en-el-museo-regional-de-la-araucania\/#primaryimage\"},\"image\":{\"@id\":\"https:\/\/dev.explora.cl\/araucania\/estudiantes-analizan-el-proceso-migratorio-gracias-a-taller-realizado-en-el-museo-regional-de-la-araucania\/#primaryimage\"},\"thumbnailUrl\":\"https:\/\/dev.explora.cl\/araucania\/wp-content\/uploads\/sites\/15\/2018\/12\/migrantes-2-2.jpg\",\"datePublished\":\"2018-12-19T20:55:58+00:00\",\"dateModified\":\"2019-05-20T19:13:04+00:00\",\"author\":{\"@id\":\"https:\/\/dev.explora.cl\/araucania\/#\/schema\/person\/cb8349c13ea2d324080adf8480d7ba5d\"},\"breadcrumb\":{\"@id\":\"https:\/\/dev.explora.cl\/araucania\/estudiantes-analizan-el-proceso-migratorio-gracias-a-taller-realizado-en-el-museo-regional-de-la-araucania\/#breadcrumb\"},\"inLanguage\":\"es-CL\",\"potentialAction\":[{\"@type\":\"ReadAction\",\"target\":[\"https:\/\/dev.explora.cl\/araucania\/estudiantes-analizan-el-proceso-migratorio-gracias-a-taller-realizado-en-el-museo-regional-de-la-araucania\/\"]}]},{\"@type\":\"ImageObject\",\"inLanguage\":\"es-CL\",\"@id\":\"https:\/\/dev.explora.cl\/araucania\/estudiantes-analizan-el-proceso-migratorio-gracias-a-taller-realizado-en-el-museo-regional-de-la-araucania\/#primaryimage\",\"url\":\"https:\/\/dev.explora.cl\/araucania\/wp-content\/uploads\/sites\/15\/2018\/12\/migrantes-2-2.jpg\",\"contentUrl\":\"https:\/\/dev.explora.cl\/araucania\/wp-content\/uploads\/sites\/15\/2018\/12\/migrantes-2-2.jpg\",\"width\":1200,\"height\":801},{\"@type\":\"BreadcrumbList\",\"@id\":\"https:\/\/dev.explora.cl\/araucania\/estudiantes-analizan-el-proceso-migratorio-gracias-a-taller-realizado-en-el-museo-regional-de-la-araucania\/#breadcrumb\",\"itemListElement\":[{\"@type\":\"ListItem\",\"position\":1,\"name\":\"Portada\",\"item\":\"https:\/\/dev.explora.cl\/araucania\/\"},{\"@type\":\"ListItem\",\"position\":2,\"name\":\"Estudiantes analizan el proceso migratorio gracias a taller realizado en el Museo Regional de La Araucan\u00eda\"}]},{\"@type\":\"WebSite\",\"@id\":\"https:\/\/dev.explora.cl\/araucania\/#website\",\"url\":\"https:\/\/dev.explora.cl\/araucania\/\",\"name\":\"Araucan\u00eda\",\"description\":\"Otro sitio m\u00e1s de dev.explora.cl\",\"potentialAction\":[{\"@type\":\"SearchAction\",\"target\":{\"@type\":\"EntryPoint\",\"urlTemplate\":\"https:\/\/dev.explora.cl\/araucania\/?s={search_term_string}\"},\"query-input\":{\"@type\":\"PropertyValueSpecification\",\"valueRequired\":true,\"valueName\":\"search_term_string\"}}],\"inLanguage\":\"es-CL\"},{\"@type\":\"Person\",\"@id\":\"https:\/\/dev.explora.cl\/araucania\/#\/schema\/person\/cb8349c13ea2d324080adf8480d7ba5d\",\"name\":\"webman\",\"image\":{\"@type\":\"ImageObject\",\"inLanguage\":\"es-CL\",\"@id\":\"https:\/\/dev.explora.cl\/araucania\/#\/schema\/person\/image\/\",\"url\":\"https:\/\/secure.gravatar.com\/avatar\/eeff3c82f2c02f7177d13663b7e6f890e9a6a0647ce9bb29cae02dcb094c7312?s=96&d=mm&r=g\",\"contentUrl\":\"https:\/\/secure.gravatar.com\/avatar\/eeff3c82f2c02f7177d13663b7e6f890e9a6a0647ce9bb29cae02dcb094c7312?s=96&d=mm&r=g\",\"caption\":\"webman\"},\"url\":\"https:\/\/dev.explora.cl\/araucania\/author\/webman\/\"}]}<\/script>\n<!-- \/ Yoast SEO plugin. -->","yoast_head_json":{"title":"Estudiantes analizan el proceso migratorio gracias a taller realizado en el Museo Regional de La Araucan\u00eda - Araucan\u00eda","robots":{"index":"index","follow":"follow","max-snippet":"max-snippet:-1","max-image-preview":"max-image-preview:large","max-video-preview":"max-video-preview:-1"},"canonical":"https:\/\/dev.explora.cl\/araucania\/estudiantes-analizan-el-proceso-migratorio-gracias-a-taller-realizado-en-el-museo-regional-de-la-araucania\/","og_locale":"es_ES","og_type":"article","og_title":"Estudiantes analizan el proceso migratorio gracias a taller realizado en el Museo Regional de La Araucan\u00eda - Araucan\u00eda","og_description":"Cerca de medio centenar de estudiantes de octavo b\u00e1sico de Padre Las Casas y Temuco, participaron de un din\u00e1mico taller denominado \u201cSi t\u00fa supieras, narrativas migrantes de mujeres en la frontera\u201d, en el Museo Regional\u00a0 de La Araucan\u00eda. La actividad organizada en conjunto por el PAR Explora de CONICYT La Araucan\u00eda, ejecutado por la Universidad [&hellip;]","og_url":"https:\/\/dev.explora.cl\/araucania\/estudiantes-analizan-el-proceso-migratorio-gracias-a-taller-realizado-en-el-museo-regional-de-la-araucania\/","og_site_name":"Araucan\u00eda","article_published_time":"2018-12-19T20:55:58+00:00","article_modified_time":"2019-05-20T19:13:04+00:00","og_image":[{"width":1200,"height":801,"url":"https:\/\/dev.explora.cl\/araucania\/wp-content\/uploads\/sites\/15\/2018\/12\/migrantes-2-2.jpg","type":"image\/jpeg"}],"author":"webman","twitter_card":"summary_large_image","twitter_misc":{"Escrito por":"webman","Tiempo estimado de lectura":"3 minutos"},"schema":{"@context":"https:\/\/schema.org","@graph":[{"@type":"Article","@id":"https:\/\/dev.explora.cl\/araucania\/estudiantes-analizan-el-proceso-migratorio-gracias-a-taller-realizado-en-el-museo-regional-de-la-araucania\/#article","isPartOf":{"@id":"https:\/\/dev.explora.cl\/araucania\/estudiantes-analizan-el-proceso-migratorio-gracias-a-taller-realizado-en-el-museo-regional-de-la-araucania\/"},"author":{"name":"webman","@id":"https:\/\/dev.explora.cl\/araucania\/#\/schema\/person\/cb8349c13ea2d324080adf8480d7ba5d"},"headline":"Estudiantes analizan el proceso migratorio gracias a taller realizado en el Museo Regional de La Araucan\u00eda","datePublished":"2018-12-19T20:55:58+00:00","dateModified":"2019-05-20T19:13:04+00:00","mainEntityOfPage":{"@id":"https:\/\/dev.explora.cl\/araucania\/estudiantes-analizan-el-proceso-migratorio-gracias-a-taller-realizado-en-el-museo-regional-de-la-araucania\/"},"wordCount":522,"image":{"@id":"https:\/\/dev.explora.cl\/araucania\/estudiantes-analizan-el-proceso-migratorio-gracias-a-taller-realizado-en-el-museo-regional-de-la-araucania\/#primaryimage"},"thumbnailUrl":"https:\/\/dev.explora.cl\/araucania\/wp-content\/uploads\/sites\/15\/2018\/12\/migrantes-2-2.jpg","keywords":["La Araucan\u00eda","Migraciones","mujer","Museo Regional","PAR Explora La Araucan\u00eda+"],"articleSection":["Noticias"],"inLanguage":"es-CL"},{"@type":"WebPage","@id":"https:\/\/dev.explora.cl\/araucania\/estudiantes-analizan-el-proceso-migratorio-gracias-a-taller-realizado-en-el-museo-regional-de-la-araucania\/","url":"https:\/\/dev.explora.cl\/araucania\/estudiantes-analizan-el-proceso-migratorio-gracias-a-taller-realizado-en-el-museo-regional-de-la-araucania\/","name":"Estudiantes analizan el proceso migratorio gracias a taller realizado en el Museo Regional de La Araucan\u00eda - Araucan\u00eda","isPartOf":{"@id":"https:\/\/dev.explora.cl\/araucania\/#website"},"primaryImageOfPage":{"@id":"https:\/\/dev.explora.cl\/araucania\/estudiantes-analizan-el-proceso-migratorio-gracias-a-taller-realizado-en-el-museo-regional-de-la-araucania\/#primaryimage"},"image":{"@id":"https:\/\/dev.explora.cl\/araucania\/estudiantes-analizan-el-proceso-migratorio-gracias-a-taller-realizado-en-el-museo-regional-de-la-araucania\/#primaryimage"},"thumbnailUrl":"https:\/\/dev.explora.cl\/araucania\/wp-content\/uploads\/sites\/15\/2018\/12\/migrantes-2-2.jpg","datePublished":"2018-12-19T20:55:58+00:00","dateModified":"2019-05-20T19:13:04+00:00","author":{"@id":"https:\/\/dev.explora.cl\/araucania\/#\/schema\/person\/cb8349c13ea2d324080adf8480d7ba5d"},"breadcrumb":{"@id":"https:\/\/dev.explora.cl\/araucania\/estudiantes-analizan-el-proceso-migratorio-gracias-a-taller-realizado-en-el-museo-regional-de-la-araucania\/#breadcrumb"},"inLanguage":"es-CL","potentialAction":[{"@type":"ReadAction","target":["https:\/\/dev.explora.cl\/araucania\/estudiantes-analizan-el-proceso-migratorio-gracias-a-taller-realizado-en-el-museo-regional-de-la-araucania\/"]}]},{"@type":"ImageObject","inLanguage":"es-CL","@id":"https:\/\/dev.explora.cl\/araucania\/estudiantes-analizan-el-proceso-migratorio-gracias-a-taller-realizado-en-el-museo-regional-de-la-araucania\/#primaryimage","url":"https:\/\/dev.explora.cl\/araucania\/wp-content\/uploads\/sites\/15\/2018\/12\/migrantes-2-2.jpg","contentUrl":"https:\/\/dev.explora.cl\/araucania\/wp-content\/uploads\/sites\/15\/2018\/12\/migrantes-2-2.jpg","width":1200,"height":801},{"@type":"BreadcrumbList","@id":"https:\/\/dev.explora.cl\/araucania\/estudiantes-analizan-el-proceso-migratorio-gracias-a-taller-realizado-en-el-museo-regional-de-la-araucania\/#breadcrumb","itemListElement":[{"@type":"ListItem","position":1,"name":"Portada","item":"https:\/\/dev.explora.cl\/araucania\/"},{"@type":"ListItem","position":2,"name":"Estudiantes analizan el proceso migratorio gracias a taller realizado en el Museo Regional de La Araucan\u00eda"}]},{"@type":"WebSite","@id":"https:\/\/dev.explora.cl\/araucania\/#website","url":"https:\/\/dev.explora.cl\/araucania\/","name":"Araucan\u00eda","description":"Otro sitio m\u00e1s de dev.explora.cl","potentialAction":[{"@type":"SearchAction","target":{"@type":"EntryPoint","urlTemplate":"https:\/\/dev.explora.cl\/araucania\/?s={search_term_string}"},"query-input":{"@type":"PropertyValueSpecification","valueRequired":true,"valueName":"search_term_string"}}],"inLanguage":"es-CL"},{"@type":"Person","@id":"https:\/\/dev.explora.cl\/araucania\/#\/schema\/person\/cb8349c13ea2d324080adf8480d7ba5d","name":"webman","image":{"@type":"ImageObject","inLanguage":"es-CL","@id":"https:\/\/dev.explora.cl\/araucania\/#\/schema\/person\/image\/","url":"https:\/\/secure.gravatar.com\/avatar\/eeff3c82f2c02f7177d13663b7e6f890e9a6a0647ce9bb29cae02dcb094c7312?s=96&d=mm&r=g","contentUrl":"https:\/\/secure.gravatar.com\/avatar\/eeff3c82f2c02f7177d13663b7e6f890e9a6a0647ce9bb29cae02dcb094c7312?s=96&d=mm&r=g","caption":"webman"},"url":"https:\/\/dev.explora.cl\/araucania\/author\/webman\/"}]}},"_links":{"self":[{"href":"https:\/\/dev.explora.cl\/araucania\/wp-json\/wp\/v2\/posts\/37363","targetHints":{"allow":["GET"]}}],"collection":[{"href":"https:\/\/dev.explora.cl\/araucania\/wp-json\/wp\/v2\/posts"}],"about":[{"href":"https:\/\/dev.explora.cl\/araucania\/wp-json\/wp\/v2\/types\/post"}],"author":[{"embeddable":true,"href":"https:\/\/dev.explora.cl\/araucania\/wp-json\/wp\/v2\/users\/2"}],"replies":[{"embeddable":true,"href":"https:\/\/dev.explora.cl\/araucania\/wp-json\/wp\/v2\/comments?post=37363"}],"version-history":[{"count":1,"href":"https:\/\/dev.explora.cl\/araucania\/wp-json\/wp\/v2\/posts\/37363\/revisions"}],"predecessor-version":[{"id":37835,"href":"https:\/\/dev.explora.cl\/araucania\/wp-json\/wp\/v2\/posts\/37363\/revisions\/37835"}],"wp:featuredmedia":[{"embeddable":true,"href":"https:\/\/dev.explora.cl\/araucania\/wp-json\/wp\/v2\/media\/37368"}],"wp:attachment":[{"href":"https:\/\/dev.explora.cl\/araucania\/wp-json\/wp\/v2\/media?parent=37363"}],"wp:term":[{"taxonomy":"category","embeddable":true,"href":"https:\/\/dev.explora.cl\/araucania\/wp-json\/wp\/v2\/categories?post=37363"},{"taxonomy":"post_tag","embeddable":true,"href":"https:\/\/dev.explora.cl\/araucania\/wp-json\/wp\/v2\/tags?post=37363"}],"curies":[{"name":"wp","href":"https:\/\/api.w.org\/{rel}","templated":true}]}}