{"id":37325,"date":"2018-12-17T13:18:28","date_gmt":"2018-12-17T17:18:28","guid":{"rendered":"https:\/\/dev.explora.cl\/araucania\/?p=37325"},"modified":"2019-05-20T19:13:05","modified_gmt":"2019-05-20T19:13:05","slug":"con-la-charla-la-quimica-en-la-vida-cotidiana-finalizo-1000-cientificos-1000-aulas","status":"publish","type":"post","link":"https:\/\/dev.explora.cl\/araucania\/con-la-charla-la-quimica-en-la-vida-cotidiana-finalizo-1000-cientificos-1000-aulas\/","title":{"rendered":"\u201c1000 Cient\u00edficos 1000 Aulas\u201d recorri\u00f3 30 comunas de la regi\u00f3n"},"content":{"rendered":"<p><img loading=\"lazy\" decoding=\"async\" class=\"aligncenter\" src=\"https:\/\/scontent-scl1-1.xx.fbcdn.net\/v\/t1.0-9\/47686534_2201968256687881_7859077526411280384_n.jpg?_nc_cat=109&amp;_nc_eui2=AeHYrgtS8LmbB-num6_g9_k62mMXZNdTYi8pVbyN-5C4Xn7bY8T8Xq4vp1cXpjE5ZbfD846jGi6EXeAy3yfvsCbkpwWovyz-oS86u1_-6Bf9SA&amp;_nc_ht=scontent-scl1-1.xx&amp;oh=df363c7cf0873ae938a418f9283bd877&amp;oe=5C9B69F6\" alt=\"La imagen puede contener: una o varias personas\" width=\"623\" height=\"415\" \/><\/p>\n<h3 style=\"text-align: center\"><span style=\"font-size: 16px\"><strong><span style=\"font-family: 'trebuchet ms', geneva, sans-serif\"><em>M\u00e1s de 6500 estudiantes fueron beneficiados con la iniciativa\u00a0\u201c1000 Cient\u00edficos 1000 Aulas\u201d la que llev\u00f3 160 charlas a distintos establecimientos educacionales de La Araucan\u00eda.<\/em><\/span><\/strong><\/span><\/h3>\n<p style=\"text-align: center\"><span style=\"font-size: 16px\">__________________________________________________________________________________________________<\/span><\/p>\n<h3 style=\"text-align: justify\"><span style=\"font-family: 'trebuchet ms', geneva, sans-serif;font-size: 16px\">Ni\u00f1os, ni\u00f1as y j\u00f3venes de 30 comunas de la regi\u00f3n fueron part\u00edcipes de esta interesante iniciativa coordinada por el PAR Explora de CONICYT La Araucan\u00eda ejecutada por la Universidad de La Frontera, que busca ser una instancia de encuentro entre la comunidad cient\u00edfica y la educativa.<\/span><\/h3>\n<h3 style=\"text-align: justify\"><span style=\"font-family: 'trebuchet ms', geneva, sans-serif;font-size: 16px\">Es as\u00ed, como durante todo el a\u00f1o y gracias al apoyo constante de nuestra instituci\u00f3n ejecutora y las instituciones asociadas como: INIA Carillanca, Universidad Mayor, sede Temuco, y Universidad Aut\u00f3noma de Chile, sede Temuco, cient\u00edficos y cient\u00edficas se trasladaron a distintos puntos de la regi\u00f3n para compartir sus conocimientos\u00a0y experiencias de vida\u00a0con miles de estudiantes, quienes se sorprendieron con los enormes beneficios que el conocimiento cient\u00edfico entrega a la sociedad, aprendiendo que el mundo de la ciencia est\u00e1 m\u00e1s all\u00e1 de los laboratorios y los espacios universitarios.<\/span><\/h3>\n<h3 style=\"text-align: justify\"><span style=\"font-family: 'trebuchet ms', geneva, sans-serif;font-size: 16px\">Este 2018 fueron beneficiados 110 establecimientos educacionales, los que tambi\u00e9n fueron visitados por investigadores de instituciones como: la Universidad Cat\u00f3lica de Temuco, Universidad de Concepci\u00f3n, Universidad de Chile, y\u00a0[pH] Gesti\u00f3n Transversal SpA,\u00a0entre otras, permitiendo que estudiantes de distintas comunas recibieran interesantes charlas, llevadas a las aulas por 87 cient\u00edficos y cient\u00edficas, quienes destacaron por\u00a0su compromiso en la entrega de conocimiento a las nuevas generaciones, abordando distintas tem\u00e1ticas tales como: infertilidad masculina, importancia del microbioma, hierbas medicinales, inclusi\u00f3n social, los peces de Chile, bacterias, historia de la pol\u00edtica mapuche, nanotecnolog\u00eda, c\u00e9lulas madres, medicina regenerativa, entre otros.<\/span><\/h3>\n<h3 style=\"text-align: justify\"><span style=\"font-family: 'trebuchet ms', geneva, sans-serif;font-size: 16px\">Felipe Gallardo, director del PAR Explora de CONICYT La Araucan\u00eda, se sum\u00f3 a esta importante iniciativa con la que ha conocido la motivaci\u00f3n de los estudiantes, quienes junto a sus docentes siempre se muestran ansiosos por adquirir nuevos conocimientos.<\/span><\/h3>\n<h3 style=\"text-align: justify\"><span style=\"font-family: 'trebuchet ms', geneva, sans-serif;font-size: 16px\">Para finalizar el ciclo 2018, el acad\u00e9mico visit\u00f3 el Complejo Educacional Cristo Rey de Teodoro Schmidt para impartir la charla: \u201cLa qu\u00edmica en la vida cotidiana\u201d,\u00a0oportunidad en la que comparti\u00f3 con m\u00e1s de 60 estudiantes de primero a tercero medio.<\/span><\/h3>\n<h3 style=\"text-align: justify\"><span style=\"font-family: 'trebuchet ms', geneva, sans-serif;font-size: 16px\">\u201cEstoy gratamente sorprendido con el recibimiento de los j\u00f3venes, quienes se mostraron muy interesados con el tema, lo que, sin duda incentiva a continuar trasmitiendo el conocimiento, llegando cada vez m\u00e1s a sectores alejados, logrando as\u00ed, despertar nuevas vocaciones e incentivar el inter\u00e9s de las nuevas generaciones por la ciencia\u201d, destac\u00f3 el acad\u00e9mico de la UFRO, a\u00a0su vez se\u00f1al\u00f3 que \u201cla instancia tambi\u00e9n es fundamental para mostrarles a los estudiantes que ellos son los protagonistas de su futuro, que solo deben esforzarse para cumplir sus prop\u00f3sitos y hacer sus sue\u00f1os realidad\u201d.<\/span><\/h3>\n<h3 style=\"text-align: justify\"><span style=\"font-family: 'trebuchet ms', geneva, sans-serif;font-size: 16px\">En tanto, el investigador de la UFRO, Dr. Manuel Chac\u00f3n, lleg\u00f3 hasta el Colegio Emprender de Temuco para compartir con estudiantes de ense\u00f1anza media la charla: \u201cGuardaespaldas de las plantas \u00bfc\u00f3mo son atra\u00eddos los insectos carn\u00edvoros a plantas atacadas por herb\u00edvoros?\u00a0 experiencia muy enriquecedora que destaca se\u00f1alando que \u201ces sumamente importante poder difundir el trabajo que se realiza en laboratorio a escolares de la regi\u00f3n, ya que la ciencia est\u00e1 en todo lo que ellos hacen, es fabuloso poder motivar su curiosidad e incentivarlos a que busquen respuestas a las preguntas que se hacen a diario\u201d.<\/span><\/h3>\n<h3 style=\"text-align: justify\"><span style=\"font-family: 'trebuchet ms', geneva, sans-serif;font-size: 16px\">Es as\u00ed, como a trav\u00e9s de interesantes charlas se busc\u00f3 beneficiar a miles de estudiantes de educaci\u00f3n b\u00e1sica y media de las comunas de: \u00a0Angol, Carahue, Cholchol, Collipulli, Cunco, Curacaut\u00edn, Curarrehue, Freire, Galvarino, Gorbea, Lautaro, Loncoche, Lonquimay, Melipueco, Nueva Imperial, Padre Las Casas, Traigu\u00e9n, Tolt\u00e9n, Perquenco, Pitrufqu\u00e9n, Puc\u00f3n, Renaico, Pur\u00e9n, Temuco, Villarrica, Vilc\u00fan, Victoria, Teododo Schmidt,\u00a0Puerto Saavedra, y Lumaco.<\/span><\/h3>\n<h3 style=\"text-align: justify\"><span style=\"font-family: 'trebuchet ms', geneva, sans-serif;font-size: 16px\"><br \/>\n<img decoding=\"async\" class=\"aligncenter\" src=\"https:\/\/scontent-scl1-1.xx.fbcdn.net\/v\/t1.0-9\/48408078_10215056574020937_1415281604812603392_n.jpg?_nc_cat=103&amp;_nc_eui2=AeF3gaPiDUOXnjdqD0Vjg6zzOtmJ7C3i6X4kRHgBYSjStfhrwtDEUCJZf2aFNKV9loul0glOOKpZQswvW1ePxyfdWQ2wmYs8aAr-RgoQPR-aFw&amp;_nc_ht=scontent-scl1-1.xx&amp;oh=ff2978fef9fdfca1b38d6adcb3af2297&amp;oe=5CA8D1DA\" alt=\"La imagen puede contener: 8 personas, personas sonriendo, personas de pie, personas sentadas e interior\" \/><\/span><\/h3>\n<h3><\/h3>\n<h3 style=\"text-align: justify\"><strong><span style=\"font-size: 16px\"><span style=\"font-family: 'trebuchet ms', geneva, sans-serif\">\u201c1000 Cient\u00edficos 10<\/span><span style=\"font-family: 'trebuchet ms', geneva, sans-serif\">00 Aulas\u201d<\/span><\/span><\/strong><\/h3>\n<h3 style=\"text-align: justify\"><span style=\"font-family: 'trebuchet ms', geneva, sans-serif;font-size: 16px\">La actividad que se realiz\u00f3 durante todo el a\u00f1o es impulsada por el Programa Explora CONICYT desde el a\u00f1o 2000, invitando a hombres y mujeres de las distintas \u00e1reas de las ciencias a dejar sus espacios habituales de trabajo para compartir sus conocimientos\u00a0y experiencias de vida\u00a0con cientos de ni\u00f1os, ni\u00f1as y j\u00f3venes, de diversos establecimientos educacionales de nuestra regi\u00f3n, transform\u00e1ndose as\u00ed en un encuentro fruct\u00edfero entre el mundo escolar y la comunidad cient\u00edfica.<\/span><\/h3>\n<h3 style=\"text-align: justify\"><span style=\"font-size: 16px;font-family: 'trebuchet ms', geneva, sans-serif\"><strong>Periodista: Viarly Salazar Fritz.\u00a0<\/strong><\/span><\/h3>\n","protected":false},"excerpt":{"rendered":"<p>M\u00e1s de 6500 estudiantes fueron beneficiados con la iniciativa\u00a0\u201c1000 Cient\u00edficos 1000 Aulas\u201d la que llev\u00f3 160 charlas a distintos establecimientos educacionales de La Araucan\u00eda. __________________________________________________________________________________________________ Ni\u00f1os, ni\u00f1as y j\u00f3venes de 30 comunas de la regi\u00f3n fueron part\u00edcipes de esta interesante iniciativa coordinada por el PAR Explora de CONICYT La Araucan\u00eda ejecutada por la Universidad de [&hellip;]<\/p>\n","protected":false},"author":2,"featured_media":0,"comment_status":"closed","ping_status":"open","sticky":false,"template":"","format":"standard","meta":{"_acf_changed":false,"_exactmetrics_skip_tracking":false,"_exactmetrics_sitenote_active":false,"_exactmetrics_sitenote_note":"","_exactmetrics_sitenote_category":0,"footnotes":"","_links_to":"","_links_to_target":""},"categories":[4],"tags":[],"class_list":["post-37325","post","type-post","status-publish","format-standard","hentry","category-noticias"],"acf":[],"yoast_head":"<!-- This site is optimized with the Yoast SEO plugin v26.7 - https:\/\/yoast.com\/wordpress\/plugins\/seo\/ -->\n<title>\u201c1000 Cient\u00edficos 1000 Aulas\u201d recorri\u00f3 30 comunas de la regi\u00f3n - Araucan\u00eda<\/title>\n<meta name=\"robots\" content=\"index, follow, max-snippet:-1, max-image-preview:large, max-video-preview:-1\" \/>\n<link rel=\"canonical\" href=\"https:\/\/dev.explora.cl\/araucania\/con-la-charla-la-quimica-en-la-vida-cotidiana-finalizo-1000-cientificos-1000-aulas\/\" class=\"yoast-seo-meta-tag\" \/>\n<meta property=\"og:locale\" content=\"es_ES\" class=\"yoast-seo-meta-tag\" \/>\n<meta property=\"og:type\" content=\"article\" class=\"yoast-seo-meta-tag\" \/>\n<meta property=\"og:title\" content=\"\u201c1000 Cient\u00edficos 1000 Aulas\u201d recorri\u00f3 30 comunas de la regi\u00f3n - Araucan\u00eda\" class=\"yoast-seo-meta-tag\" \/>\n<meta property=\"og:description\" content=\"M\u00e1s de 6500 estudiantes fueron beneficiados con la iniciativa\u00a0\u201c1000 Cient\u00edficos 1000 Aulas\u201d la que llev\u00f3 160 charlas a distintos establecimientos educacionales de La Araucan\u00eda. __________________________________________________________________________________________________ Ni\u00f1os, ni\u00f1as y j\u00f3venes de 30 comunas de la regi\u00f3n fueron part\u00edcipes de esta interesante iniciativa coordinada por el PAR Explora de CONICYT La Araucan\u00eda ejecutada por la Universidad de [&hellip;]\" class=\"yoast-seo-meta-tag\" \/>\n<meta property=\"og:url\" content=\"https:\/\/dev.explora.cl\/araucania\/con-la-charla-la-quimica-en-la-vida-cotidiana-finalizo-1000-cientificos-1000-aulas\/\" class=\"yoast-seo-meta-tag\" \/>\n<meta property=\"og:site_name\" content=\"Araucan\u00eda\" class=\"yoast-seo-meta-tag\" \/>\n<meta property=\"article:published_time\" content=\"2018-12-17T17:18:28+00:00\" class=\"yoast-seo-meta-tag\" \/>\n<meta property=\"article:modified_time\" content=\"2019-05-20T19:13:05+00:00\" class=\"yoast-seo-meta-tag\" \/>\n<meta property=\"og:image\" content=\"https:\/\/scontent-scl1-1.xx.fbcdn.net\/v\/t1.0-9\/47686534_2201968256687881_7859077526411280384_n.jpg?_nc_cat=109&amp;_nc_eui2=AeHYrgtS8LmbB-num6_g9_k62mMXZNdTYi8pVbyN-5C4Xn7bY8T8Xq4vp1cXpjE5ZbfD846jGi6EXeAy3yfvsCbkpwWovyz-oS86u1_-6Bf9SA&amp;_nc_ht=scontent-scl1-1.xx&amp;oh=df363c7cf0873ae938a418f9283bd877&amp;oe=5C9B69F6\" class=\"yoast-seo-meta-tag\" \/>\n<meta name=\"author\" content=\"webman\" class=\"yoast-seo-meta-tag\" \/>\n<meta name=\"twitter:card\" content=\"summary_large_image\" class=\"yoast-seo-meta-tag\" \/>\n<meta name=\"twitter:label1\" content=\"Escrito por\" class=\"yoast-seo-meta-tag\" \/>\n\t<meta name=\"twitter:data1\" content=\"webman\" class=\"yoast-seo-meta-tag\" \/>\n\t<meta name=\"twitter:label2\" content=\"Tiempo estimado de lectura\" class=\"yoast-seo-meta-tag\" \/>\n\t<meta name=\"twitter:data2\" content=\"4 minutos\" class=\"yoast-seo-meta-tag\" \/>\n<script type=\"application\/ld+json\" class=\"yoast-schema-graph\">{\"@context\":\"https:\/\/schema.org\",\"@graph\":[{\"@type\":\"Article\",\"@id\":\"https:\/\/dev.explora.cl\/araucania\/con-la-charla-la-quimica-en-la-vida-cotidiana-finalizo-1000-cientificos-1000-aulas\/#article\",\"isPartOf\":{\"@id\":\"https:\/\/dev.explora.cl\/araucania\/con-la-charla-la-quimica-en-la-vida-cotidiana-finalizo-1000-cientificos-1000-aulas\/\"},\"author\":{\"name\":\"webman\",\"@id\":\"https:\/\/dev.explora.cl\/araucania\/#\/schema\/person\/cb8349c13ea2d324080adf8480d7ba5d\"},\"headline\":\"\u201c1000 Cient\u00edficos 1000 Aulas\u201d recorri\u00f3 30 comunas de la regi\u00f3n\",\"datePublished\":\"2018-12-17T17:18:28+00:00\",\"dateModified\":\"2019-05-20T19:13:05+00:00\",\"mainEntityOfPage\":{\"@id\":\"https:\/\/dev.explora.cl\/araucania\/con-la-charla-la-quimica-en-la-vida-cotidiana-finalizo-1000-cientificos-1000-aulas\/\"},\"wordCount\":735,\"image\":{\"@id\":\"https:\/\/dev.explora.cl\/araucania\/con-la-charla-la-quimica-en-la-vida-cotidiana-finalizo-1000-cientificos-1000-aulas\/#primaryimage\"},\"thumbnailUrl\":\"https:\/\/scontent-scl1-1.xx.fbcdn.net\/v\/t1.0-9\/47686534_2201968256687881_7859077526411280384_n.jpg?_nc_cat=109&amp;_nc_eui2=AeHYrgtS8LmbB-num6_g9_k62mMXZNdTYi8pVbyN-5C4Xn7bY8T8Xq4vp1cXpjE5ZbfD846jGi6EXeAy3yfvsCbkpwWovyz-oS86u1_-6Bf9SA&amp;_nc_ht=scontent-scl1-1.xx&amp;oh=df363c7cf0873ae938a418f9283bd877&amp;oe=5C9B69F6\",\"articleSection\":[\"Noticias\"],\"inLanguage\":\"es-CL\"},{\"@type\":\"WebPage\",\"@id\":\"https:\/\/dev.explora.cl\/araucania\/con-la-charla-la-quimica-en-la-vida-cotidiana-finalizo-1000-cientificos-1000-aulas\/\",\"url\":\"https:\/\/dev.explora.cl\/araucania\/con-la-charla-la-quimica-en-la-vida-cotidiana-finalizo-1000-cientificos-1000-aulas\/\",\"name\":\"\u201c1000 Cient\u00edficos 1000 Aulas\u201d recorri\u00f3 30 comunas de la regi\u00f3n - Araucan\u00eda\",\"isPartOf\":{\"@id\":\"https:\/\/dev.explora.cl\/araucania\/#website\"},\"primaryImageOfPage\":{\"@id\":\"https:\/\/dev.explora.cl\/araucania\/con-la-charla-la-quimica-en-la-vida-cotidiana-finalizo-1000-cientificos-1000-aulas\/#primaryimage\"},\"image\":{\"@id\":\"https:\/\/dev.explora.cl\/araucania\/con-la-charla-la-quimica-en-la-vida-cotidiana-finalizo-1000-cientificos-1000-aulas\/#primaryimage\"},\"thumbnailUrl\":\"https:\/\/scontent-scl1-1.xx.fbcdn.net\/v\/t1.0-9\/47686534_2201968256687881_7859077526411280384_n.jpg?_nc_cat=109&amp;_nc_eui2=AeHYrgtS8LmbB-num6_g9_k62mMXZNdTYi8pVbyN-5C4Xn7bY8T8Xq4vp1cXpjE5ZbfD846jGi6EXeAy3yfvsCbkpwWovyz-oS86u1_-6Bf9SA&amp;_nc_ht=scontent-scl1-1.xx&amp;oh=df363c7cf0873ae938a418f9283bd877&amp;oe=5C9B69F6\",\"datePublished\":\"2018-12-17T17:18:28+00:00\",\"dateModified\":\"2019-05-20T19:13:05+00:00\",\"author\":{\"@id\":\"https:\/\/dev.explora.cl\/araucania\/#\/schema\/person\/cb8349c13ea2d324080adf8480d7ba5d\"},\"breadcrumb\":{\"@id\":\"https:\/\/dev.explora.cl\/araucania\/con-la-charla-la-quimica-en-la-vida-cotidiana-finalizo-1000-cientificos-1000-aulas\/#breadcrumb\"},\"inLanguage\":\"es-CL\",\"potentialAction\":[{\"@type\":\"ReadAction\",\"target\":[\"https:\/\/dev.explora.cl\/araucania\/con-la-charla-la-quimica-en-la-vida-cotidiana-finalizo-1000-cientificos-1000-aulas\/\"]}]},{\"@type\":\"ImageObject\",\"inLanguage\":\"es-CL\",\"@id\":\"https:\/\/dev.explora.cl\/araucania\/con-la-charla-la-quimica-en-la-vida-cotidiana-finalizo-1000-cientificos-1000-aulas\/#primaryimage\",\"url\":\"https:\/\/scontent-scl1-1.xx.fbcdn.net\/v\/t1.0-9\/47686534_2201968256687881_7859077526411280384_n.jpg?_nc_cat=109&amp;_nc_eui2=AeHYrgtS8LmbB-num6_g9_k62mMXZNdTYi8pVbyN-5C4Xn7bY8T8Xq4vp1cXpjE5ZbfD846jGi6EXeAy3yfvsCbkpwWovyz-oS86u1_-6Bf9SA&amp;_nc_ht=scontent-scl1-1.xx&amp;oh=df363c7cf0873ae938a418f9283bd877&amp;oe=5C9B69F6\",\"contentUrl\":\"https:\/\/scontent-scl1-1.xx.fbcdn.net\/v\/t1.0-9\/47686534_2201968256687881_7859077526411280384_n.jpg?_nc_cat=109&amp;_nc_eui2=AeHYrgtS8LmbB-num6_g9_k62mMXZNdTYi8pVbyN-5C4Xn7bY8T8Xq4vp1cXpjE5ZbfD846jGi6EXeAy3yfvsCbkpwWovyz-oS86u1_-6Bf9SA&amp;_nc_ht=scontent-scl1-1.xx&amp;oh=df363c7cf0873ae938a418f9283bd877&amp;oe=5C9B69F6\"},{\"@type\":\"BreadcrumbList\",\"@id\":\"https:\/\/dev.explora.cl\/araucania\/con-la-charla-la-quimica-en-la-vida-cotidiana-finalizo-1000-cientificos-1000-aulas\/#breadcrumb\",\"itemListElement\":[{\"@type\":\"ListItem\",\"position\":1,\"name\":\"Portada\",\"item\":\"https:\/\/dev.explora.cl\/araucania\/\"},{\"@type\":\"ListItem\",\"position\":2,\"name\":\"\u201c1000 Cient\u00edficos 1000 Aulas\u201d recorri\u00f3 30 comunas de la regi\u00f3n\"}]},{\"@type\":\"WebSite\",\"@id\":\"https:\/\/dev.explora.cl\/araucania\/#website\",\"url\":\"https:\/\/dev.explora.cl\/araucania\/\",\"name\":\"Araucan\u00eda\",\"description\":\"Otro sitio m\u00e1s de dev.explora.cl\",\"potentialAction\":[{\"@type\":\"SearchAction\",\"target\":{\"@type\":\"EntryPoint\",\"urlTemplate\":\"https:\/\/dev.explora.cl\/araucania\/?s={search_term_string}\"},\"query-input\":{\"@type\":\"PropertyValueSpecification\",\"valueRequired\":true,\"valueName\":\"search_term_string\"}}],\"inLanguage\":\"es-CL\"},{\"@type\":\"Person\",\"@id\":\"https:\/\/dev.explora.cl\/araucania\/#\/schema\/person\/cb8349c13ea2d324080adf8480d7ba5d\",\"name\":\"webman\",\"image\":{\"@type\":\"ImageObject\",\"inLanguage\":\"es-CL\",\"@id\":\"https:\/\/dev.explora.cl\/araucania\/#\/schema\/person\/image\/\",\"url\":\"https:\/\/secure.gravatar.com\/avatar\/eeff3c82f2c02f7177d13663b7e6f890e9a6a0647ce9bb29cae02dcb094c7312?s=96&d=mm&r=g\",\"contentUrl\":\"https:\/\/secure.gravatar.com\/avatar\/eeff3c82f2c02f7177d13663b7e6f890e9a6a0647ce9bb29cae02dcb094c7312?s=96&d=mm&r=g\",\"caption\":\"webman\"},\"url\":\"https:\/\/dev.explora.cl\/araucania\/author\/webman\/\"}]}<\/script>\n<!-- \/ Yoast SEO plugin. -->","yoast_head_json":{"title":"\u201c1000 Cient\u00edficos 1000 Aulas\u201d recorri\u00f3 30 comunas de la regi\u00f3n - Araucan\u00eda","robots":{"index":"index","follow":"follow","max-snippet":"max-snippet:-1","max-image-preview":"max-image-preview:large","max-video-preview":"max-video-preview:-1"},"canonical":"https:\/\/dev.explora.cl\/araucania\/con-la-charla-la-quimica-en-la-vida-cotidiana-finalizo-1000-cientificos-1000-aulas\/","og_locale":"es_ES","og_type":"article","og_title":"\u201c1000 Cient\u00edficos 1000 Aulas\u201d recorri\u00f3 30 comunas de la regi\u00f3n - Araucan\u00eda","og_description":"M\u00e1s de 6500 estudiantes fueron beneficiados con la iniciativa\u00a0\u201c1000 Cient\u00edficos 1000 Aulas\u201d la que llev\u00f3 160 charlas a distintos establecimientos educacionales de La Araucan\u00eda. __________________________________________________________________________________________________ Ni\u00f1os, ni\u00f1as y j\u00f3venes de 30 comunas de la regi\u00f3n fueron part\u00edcipes de esta interesante iniciativa coordinada por el PAR Explora de CONICYT La Araucan\u00eda ejecutada por la Universidad de [&hellip;]","og_url":"https:\/\/dev.explora.cl\/araucania\/con-la-charla-la-quimica-en-la-vida-cotidiana-finalizo-1000-cientificos-1000-aulas\/","og_site_name":"Araucan\u00eda","article_published_time":"2018-12-17T17:18:28+00:00","article_modified_time":"2019-05-20T19:13:05+00:00","og_image":[{"url":"https:\/\/scontent-scl1-1.xx.fbcdn.net\/v\/t1.0-9\/47686534_2201968256687881_7859077526411280384_n.jpg?_nc_cat=109&amp;_nc_eui2=AeHYrgtS8LmbB-num6_g9_k62mMXZNdTYi8pVbyN-5C4Xn7bY8T8Xq4vp1cXpjE5ZbfD846jGi6EXeAy3yfvsCbkpwWovyz-oS86u1_-6Bf9SA&amp;_nc_ht=scontent-scl1-1.xx&amp;oh=df363c7cf0873ae938a418f9283bd877&amp;oe=5C9B69F6","type":"","width":"","height":""}],"author":"webman","twitter_card":"summary_large_image","twitter_misc":{"Escrito por":"webman","Tiempo estimado de lectura":"4 minutos"},"schema":{"@context":"https:\/\/schema.org","@graph":[{"@type":"Article","@id":"https:\/\/dev.explora.cl\/araucania\/con-la-charla-la-quimica-en-la-vida-cotidiana-finalizo-1000-cientificos-1000-aulas\/#article","isPartOf":{"@id":"https:\/\/dev.explora.cl\/araucania\/con-la-charla-la-quimica-en-la-vida-cotidiana-finalizo-1000-cientificos-1000-aulas\/"},"author":{"name":"webman","@id":"https:\/\/dev.explora.cl\/araucania\/#\/schema\/person\/cb8349c13ea2d324080adf8480d7ba5d"},"headline":"\u201c1000 Cient\u00edficos 1000 Aulas\u201d recorri\u00f3 30 comunas de la regi\u00f3n","datePublished":"2018-12-17T17:18:28+00:00","dateModified":"2019-05-20T19:13:05+00:00","mainEntityOfPage":{"@id":"https:\/\/dev.explora.cl\/araucania\/con-la-charla-la-quimica-en-la-vida-cotidiana-finalizo-1000-cientificos-1000-aulas\/"},"wordCount":735,"image":{"@id":"https:\/\/dev.explora.cl\/araucania\/con-la-charla-la-quimica-en-la-vida-cotidiana-finalizo-1000-cientificos-1000-aulas\/#primaryimage"},"thumbnailUrl":"https:\/\/scontent-scl1-1.xx.fbcdn.net\/v\/t1.0-9\/47686534_2201968256687881_7859077526411280384_n.jpg?_nc_cat=109&amp;_nc_eui2=AeHYrgtS8LmbB-num6_g9_k62mMXZNdTYi8pVbyN-5C4Xn7bY8T8Xq4vp1cXpjE5ZbfD846jGi6EXeAy3yfvsCbkpwWovyz-oS86u1_-6Bf9SA&amp;_nc_ht=scontent-scl1-1.xx&amp;oh=df363c7cf0873ae938a418f9283bd877&amp;oe=5C9B69F6","articleSection":["Noticias"],"inLanguage":"es-CL"},{"@type":"WebPage","@id":"https:\/\/dev.explora.cl\/araucania\/con-la-charla-la-quimica-en-la-vida-cotidiana-finalizo-1000-cientificos-1000-aulas\/","url":"https:\/\/dev.explora.cl\/araucania\/con-la-charla-la-quimica-en-la-vida-cotidiana-finalizo-1000-cientificos-1000-aulas\/","name":"\u201c1000 Cient\u00edficos 1000 Aulas\u201d recorri\u00f3 30 comunas de la regi\u00f3n - Araucan\u00eda","isPartOf":{"@id":"https:\/\/dev.explora.cl\/araucania\/#website"},"primaryImageOfPage":{"@id":"https:\/\/dev.explora.cl\/araucania\/con-la-charla-la-quimica-en-la-vida-cotidiana-finalizo-1000-cientificos-1000-aulas\/#primaryimage"},"image":{"@id":"https:\/\/dev.explora.cl\/araucania\/con-la-charla-la-quimica-en-la-vida-cotidiana-finalizo-1000-cientificos-1000-aulas\/#primaryimage"},"thumbnailUrl":"https:\/\/scontent-scl1-1.xx.fbcdn.net\/v\/t1.0-9\/47686534_2201968256687881_7859077526411280384_n.jpg?_nc_cat=109&amp;_nc_eui2=AeHYrgtS8LmbB-num6_g9_k62mMXZNdTYi8pVbyN-5C4Xn7bY8T8Xq4vp1cXpjE5ZbfD846jGi6EXeAy3yfvsCbkpwWovyz-oS86u1_-6Bf9SA&amp;_nc_ht=scontent-scl1-1.xx&amp;oh=df363c7cf0873ae938a418f9283bd877&amp;oe=5C9B69F6","datePublished":"2018-12-17T17:18:28+00:00","dateModified":"2019-05-20T19:13:05+00:00","author":{"@id":"https:\/\/dev.explora.cl\/araucania\/#\/schema\/person\/cb8349c13ea2d324080adf8480d7ba5d"},"breadcrumb":{"@id":"https:\/\/dev.explora.cl\/araucania\/con-la-charla-la-quimica-en-la-vida-cotidiana-finalizo-1000-cientificos-1000-aulas\/#breadcrumb"},"inLanguage":"es-CL","potentialAction":[{"@type":"ReadAction","target":["https:\/\/dev.explora.cl\/araucania\/con-la-charla-la-quimica-en-la-vida-cotidiana-finalizo-1000-cientificos-1000-aulas\/"]}]},{"@type":"ImageObject","inLanguage":"es-CL","@id":"https:\/\/dev.explora.cl\/araucania\/con-la-charla-la-quimica-en-la-vida-cotidiana-finalizo-1000-cientificos-1000-aulas\/#primaryimage","url":"https:\/\/scontent-scl1-1.xx.fbcdn.net\/v\/t1.0-9\/47686534_2201968256687881_7859077526411280384_n.jpg?_nc_cat=109&amp;_nc_eui2=AeHYrgtS8LmbB-num6_g9_k62mMXZNdTYi8pVbyN-5C4Xn7bY8T8Xq4vp1cXpjE5ZbfD846jGi6EXeAy3yfvsCbkpwWovyz-oS86u1_-6Bf9SA&amp;_nc_ht=scontent-scl1-1.xx&amp;oh=df363c7cf0873ae938a418f9283bd877&amp;oe=5C9B69F6","contentUrl":"https:\/\/scontent-scl1-1.xx.fbcdn.net\/v\/t1.0-9\/47686534_2201968256687881_7859077526411280384_n.jpg?_nc_cat=109&amp;_nc_eui2=AeHYrgtS8LmbB-num6_g9_k62mMXZNdTYi8pVbyN-5C4Xn7bY8T8Xq4vp1cXpjE5ZbfD846jGi6EXeAy3yfvsCbkpwWovyz-oS86u1_-6Bf9SA&amp;_nc_ht=scontent-scl1-1.xx&amp;oh=df363c7cf0873ae938a418f9283bd877&amp;oe=5C9B69F6"},{"@type":"BreadcrumbList","@id":"https:\/\/dev.explora.cl\/araucania\/con-la-charla-la-quimica-en-la-vida-cotidiana-finalizo-1000-cientificos-1000-aulas\/#breadcrumb","itemListElement":[{"@type":"ListItem","position":1,"name":"Portada","item":"https:\/\/dev.explora.cl\/araucania\/"},{"@type":"ListItem","position":2,"name":"\u201c1000 Cient\u00edficos 1000 Aulas\u201d recorri\u00f3 30 comunas de la regi\u00f3n"}]},{"@type":"WebSite","@id":"https:\/\/dev.explora.cl\/araucania\/#website","url":"https:\/\/dev.explora.cl\/araucania\/","name":"Araucan\u00eda","description":"Otro sitio m\u00e1s de dev.explora.cl","potentialAction":[{"@type":"SearchAction","target":{"@type":"EntryPoint","urlTemplate":"https:\/\/dev.explora.cl\/araucania\/?s={search_term_string}"},"query-input":{"@type":"PropertyValueSpecification","valueRequired":true,"valueName":"search_term_string"}}],"inLanguage":"es-CL"},{"@type":"Person","@id":"https:\/\/dev.explora.cl\/araucania\/#\/schema\/person\/cb8349c13ea2d324080adf8480d7ba5d","name":"webman","image":{"@type":"ImageObject","inLanguage":"es-CL","@id":"https:\/\/dev.explora.cl\/araucania\/#\/schema\/person\/image\/","url":"https:\/\/secure.gravatar.com\/avatar\/eeff3c82f2c02f7177d13663b7e6f890e9a6a0647ce9bb29cae02dcb094c7312?s=96&d=mm&r=g","contentUrl":"https:\/\/secure.gravatar.com\/avatar\/eeff3c82f2c02f7177d13663b7e6f890e9a6a0647ce9bb29cae02dcb094c7312?s=96&d=mm&r=g","caption":"webman"},"url":"https:\/\/dev.explora.cl\/araucania\/author\/webman\/"}]}},"_links":{"self":[{"href":"https:\/\/dev.explora.cl\/araucania\/wp-json\/wp\/v2\/posts\/37325","targetHints":{"allow":["GET"]}}],"collection":[{"href":"https:\/\/dev.explora.cl\/araucania\/wp-json\/wp\/v2\/posts"}],"about":[{"href":"https:\/\/dev.explora.cl\/araucania\/wp-json\/wp\/v2\/types\/post"}],"author":[{"embeddable":true,"href":"https:\/\/dev.explora.cl\/araucania\/wp-json\/wp\/v2\/users\/2"}],"replies":[{"embeddable":true,"href":"https:\/\/dev.explora.cl\/araucania\/wp-json\/wp\/v2\/comments?post=37325"}],"version-history":[{"count":1,"href":"https:\/\/dev.explora.cl\/araucania\/wp-json\/wp\/v2\/posts\/37325\/revisions"}],"predecessor-version":[{"id":37837,"href":"https:\/\/dev.explora.cl\/araucania\/wp-json\/wp\/v2\/posts\/37325\/revisions\/37837"}],"wp:attachment":[{"href":"https:\/\/dev.explora.cl\/araucania\/wp-json\/wp\/v2\/media?parent=37325"}],"wp:term":[{"taxonomy":"category","embeddable":true,"href":"https:\/\/dev.explora.cl\/araucania\/wp-json\/wp\/v2\/categories?post=37325"},{"taxonomy":"post_tag","embeddable":true,"href":"https:\/\/dev.explora.cl\/araucania\/wp-json\/wp\/v2\/tags?post=37325"}],"curies":[{"name":"wp","href":"https:\/\/api.w.org\/{rel}","templated":true}]}}