{"id":37235,"date":"2018-12-06T14:57:13","date_gmt":"2018-12-06T18:57:13","guid":{"rendered":"https:\/\/dev.explora.cl\/araucania\/?p=37235"},"modified":"2019-05-20T19:13:06","modified_gmt":"2019-05-20T19:13:06","slug":"muestra-pedagogica-ciencia-en-accion-cierra-una-exitosa-temporada-2018","status":"publish","type":"post","link":"https:\/\/dev.explora.cl\/araucania\/muestra-pedagogica-ciencia-en-accion-cierra-una-exitosa-temporada-2018\/","title":{"rendered":"Muestra Pedag\u00f3gica Ciencia en Acci\u00f3n cierra una exitosa temporada 2018"},"content":{"rendered":"<div id='gallery-1' class='gallery galleryid-37235 gallery-columns-1 gallery-size-large'><figure class='gallery-item'>\n\t\t\t<div class='gallery-icon landscape'>\n\t\t\t\t<a href='https:\/\/dev.explora.cl\/araucania\/ciencia18-1-3\/'><img loading=\"lazy\" decoding=\"async\" width=\"1024\" height=\"683\" src=\"https:\/\/dev.explora.cl\/araucania\/wp-content\/uploads\/sites\/15\/2018\/12\/ciencia18-1-2-1024x683.jpg\" class=\"attachment-large size-large\" alt=\"\" srcset=\"https:\/\/dev.explora.cl\/araucania\/wp-content\/uploads\/sites\/15\/2018\/12\/ciencia18-1-2-1024x683.jpg 1024w, https:\/\/dev.explora.cl\/araucania\/wp-content\/uploads\/sites\/15\/2018\/12\/ciencia18-1-2-300x200.jpg 300w, https:\/\/dev.explora.cl\/araucania\/wp-content\/uploads\/sites\/15\/2018\/12\/ciencia18-1-2-768x512.jpg 768w\" sizes=\"auto, (max-width: 1024px) 100vw, 1024px\" \/><\/a>\n\t\t\t<\/div><\/figure>\n\t\t<\/div>\n\n<p style=\"text-align: justify\"><strong><em>Con entretenidas y novedosas demostraciones de f\u00edsica, qu\u00edmica y biolog\u00eda, la Muestra Pedag\u00f3gica \u201cCiencia en Acci\u00f3n\u201d sorprendi\u00f3 a m\u00e1s de 5000 escolares de La Araucan\u00eda durante este 2018.<\/em><\/strong><\/p>\n<p style=\"text-align: justify\">La iniciativa organizada por el PAR Explora de CONICYT La Araucan\u00eda ejecutado por la Universidad de La Frontera, es desarrollada por la carrera de Pedagog\u00eda en Ciencias de dicha casa de estudios y tiene como objetivo incentivar el inter\u00e9s cient\u00edfico de ni\u00f1os, ni\u00f1as y j\u00f3venes de nuestra regi\u00f3n.<\/p>\n<p style=\"text-align: justify\">Durante este a\u00f1o, estudiantes de diferentes establecimientos educacionales de las comunas de Victoria, Puerto Saavedra, Freire, Traigu\u00e9n, Cunco, Angol, Tolt\u00e9n, Pur\u00e9n, Loncoche, Villarrica, Renaico y Temuco; aprendieron distintos contenidos sobre f\u00edsica, qu\u00edmica y biolog\u00eda, gracias a experiencias did\u00e1cticas y atractivas, las que fueron exhibidas por un grupo de monitores pertenecientes a la carrera de Pedagog\u00eda en Ciencias\u00a0 de la UFRO, quienes fueron dirigidos en cada momento por la directora de la carrera menci\u00f3n Qu\u00edmica, Mg. Andrea Arias.<\/p>\n<p style=\"text-align: justify\">Felipe Gallardo, director del PAR Explora de CONICYT La Araucan\u00eda, se mostr\u00f3 satisfecho con la temporada 2018 de la Muestra Pedag\u00f3gica \u201cCiencia en Acci\u00f3n\u201d, \u201ccomo equipo estamos muy contentos con los resultados obtenidos durante este a\u00f1o con la iniciativa, ya que a\u00f1o a a\u00f1o nos permite llegar a\u00a0 nuevos establecimientos\u00a0 y a diferentes rincones de nuestra regi\u00f3n; para as\u00ed, hacer part\u00edcipes a ni\u00f1os, ni\u00f1as y j\u00f3venes de una experiencia interesante cuyo \u00fanico objetivo es el de estimular su curiosidad\u201d.<\/p>\n<p style=\"text-align: justify\">Este a\u00f1o la iniciativa permiti\u00f3 una retroalimentaci\u00f3n enriquecedora entre los escolares y los futuros profesionales de las ciencias, que durante este a\u00f1o alcanz\u00f3 un n\u00famero de 29 monitores, al respecto, Mg. Andrea Arias, directora de la carrera de Pedagog\u00eda en Ciencias menci\u00f3n Qu\u00edmica, se\u00f1al\u00f3 que \u201clogramos aumentar la participaci\u00f3n de m\u00e1s monitores, quienes comprometidos con la actividad participaron durante este 2018, potenciando sus habilidades pedag\u00f3gicas, a trav\u00e9s de demostraciones did\u00e1cticas que permitieron potenciar la indagaci\u00f3n y la curiosidad cient\u00edfica de escolares y profesores\u201d.<\/p>\n<p style=\"text-align: justify\">Es as\u00ed como la Muestra Pedag\u00f3gica \u201cCiencia en Acci\u00f3n\u201d cierra un a\u00f1o redondo, esperando volver este 2019 llenos de energ\u00edas y recargados con sorpresas que cautiven y encanten a los estudiantes de La Araucan\u00eda.<\/p>\n<p><img loading=\"lazy\" decoding=\"async\" class=\"aligncenter size-full wp-image-37239\" src=\"https:\/\/dev.explora.cl\/araucania\/wp-content\/uploads\/sites\/16\/2018\/12\/ciencia18.1.jpg\" alt=\"\" width=\"1045\" height=\"280\" \/><br \/>\n<strong>Periodista: Natalia Riquelme Espinoza.\u00a0<\/strong><\/p>\n","protected":false},"excerpt":{"rendered":"<p>Con entretenidas y novedosas demostraciones de f\u00edsica, qu\u00edmica y biolog\u00eda, la Muestra Pedag\u00f3gica \u201cCiencia en Acci\u00f3n\u201d sorprendi\u00f3 a m\u00e1s de 5000 escolares de La Araucan\u00eda durante este 2018. La iniciativa organizada por el PAR Explora de CONICYT La Araucan\u00eda ejecutado por la Universidad de La Frontera, es desarrollada por la carrera de Pedagog\u00eda en Ciencias [&hellip;]<\/p>\n","protected":false},"author":2,"featured_media":37245,"comment_status":"closed","ping_status":"open","sticky":false,"template":"","format":"standard","meta":{"_acf_changed":false,"_exactmetrics_skip_tracking":false,"_exactmetrics_sitenote_active":false,"_exactmetrics_sitenote_note":"","_exactmetrics_sitenote_category":0,"footnotes":"","_links_to":"","_links_to_target":""},"categories":[4],"tags":[176,177,178,179],"class_list":["post-37235","post","type-post","status-publish","format-standard","has-post-thumbnail","hentry","category-noticias","tag-ciencia-en-accion","tag-la-araucania","tag-muestra-pedagogica","tag-pedagogia-en-ciencias"],"acf":[],"yoast_head":"<!-- This site is optimized with the Yoast SEO plugin v26.7 - https:\/\/yoast.com\/wordpress\/plugins\/seo\/ -->\n<title>Muestra Pedag\u00f3gica Ciencia en Acci\u00f3n cierra una exitosa temporada 2018 - Araucan\u00eda<\/title>\n<meta name=\"robots\" content=\"index, follow, max-snippet:-1, max-image-preview:large, max-video-preview:-1\" \/>\n<link rel=\"canonical\" href=\"https:\/\/dev.explora.cl\/araucania\/muestra-pedagogica-ciencia-en-accion-cierra-una-exitosa-temporada-2018\/\" class=\"yoast-seo-meta-tag\" \/>\n<meta property=\"og:locale\" content=\"es_ES\" class=\"yoast-seo-meta-tag\" \/>\n<meta property=\"og:type\" content=\"article\" class=\"yoast-seo-meta-tag\" \/>\n<meta property=\"og:title\" content=\"Muestra Pedag\u00f3gica Ciencia en Acci\u00f3n cierra una exitosa temporada 2018 - Araucan\u00eda\" class=\"yoast-seo-meta-tag\" \/>\n<meta property=\"og:description\" content=\"Con entretenidas y novedosas demostraciones de f\u00edsica, qu\u00edmica y biolog\u00eda, la Muestra Pedag\u00f3gica \u201cCiencia en Acci\u00f3n\u201d sorprendi\u00f3 a m\u00e1s de 5000 escolares de La Araucan\u00eda durante este 2018. La iniciativa organizada por el PAR Explora de CONICYT La Araucan\u00eda ejecutado por la Universidad de La Frontera, es desarrollada por la carrera de Pedagog\u00eda en Ciencias [&hellip;]\" class=\"yoast-seo-meta-tag\" \/>\n<meta property=\"og:url\" content=\"https:\/\/dev.explora.cl\/araucania\/muestra-pedagogica-ciencia-en-accion-cierra-una-exitosa-temporada-2018\/\" class=\"yoast-seo-meta-tag\" \/>\n<meta property=\"og:site_name\" content=\"Araucan\u00eda\" class=\"yoast-seo-meta-tag\" \/>\n<meta property=\"article:published_time\" content=\"2018-12-06T18:57:13+00:00\" class=\"yoast-seo-meta-tag\" \/>\n<meta property=\"article:modified_time\" content=\"2019-05-20T19:13:06+00:00\" class=\"yoast-seo-meta-tag\" \/>\n<meta property=\"og:image\" content=\"https:\/\/dev.explora.cl\/araucania\/wp-content\/uploads\/sites\/15\/2018\/12\/ciencia18-5-1-2.jpg\" class=\"yoast-seo-meta-tag\" \/>\n\t<meta property=\"og:image:width\" content=\"2500\" class=\"yoast-seo-meta-tag\" \/>\n\t<meta property=\"og:image:height\" content=\"1583\" class=\"yoast-seo-meta-tag\" \/>\n\t<meta property=\"og:image:type\" content=\"image\/jpeg\" class=\"yoast-seo-meta-tag\" \/>\n<meta name=\"author\" content=\"webman\" class=\"yoast-seo-meta-tag\" \/>\n<meta name=\"twitter:card\" content=\"summary_large_image\" class=\"yoast-seo-meta-tag\" \/>\n<meta name=\"twitter:label1\" content=\"Escrito por\" class=\"yoast-seo-meta-tag\" \/>\n\t<meta name=\"twitter:data1\" content=\"webman\" class=\"yoast-seo-meta-tag\" \/>\n\t<meta name=\"twitter:label2\" content=\"Tiempo estimado de lectura\" class=\"yoast-seo-meta-tag\" \/>\n\t<meta name=\"twitter:data2\" content=\"2 minutos\" class=\"yoast-seo-meta-tag\" \/>\n<script type=\"application\/ld+json\" class=\"yoast-schema-graph\">{\"@context\":\"https:\/\/schema.org\",\"@graph\":[{\"@type\":\"Article\",\"@id\":\"https:\/\/dev.explora.cl\/araucania\/muestra-pedagogica-ciencia-en-accion-cierra-una-exitosa-temporada-2018\/#article\",\"isPartOf\":{\"@id\":\"https:\/\/dev.explora.cl\/araucania\/muestra-pedagogica-ciencia-en-accion-cierra-una-exitosa-temporada-2018\/\"},\"author\":{\"name\":\"webman\",\"@id\":\"https:\/\/dev.explora.cl\/araucania\/#\/schema\/person\/cb8349c13ea2d324080adf8480d7ba5d\"},\"headline\":\"Muestra Pedag\u00f3gica Ciencia en Acci\u00f3n cierra una exitosa temporada 2018\",\"datePublished\":\"2018-12-06T18:57:13+00:00\",\"dateModified\":\"2019-05-20T19:13:06+00:00\",\"mainEntityOfPage\":{\"@id\":\"https:\/\/dev.explora.cl\/araucania\/muestra-pedagogica-ciencia-en-accion-cierra-una-exitosa-temporada-2018\/\"},\"wordCount\":420,\"image\":{\"@id\":\"https:\/\/dev.explora.cl\/araucania\/muestra-pedagogica-ciencia-en-accion-cierra-una-exitosa-temporada-2018\/#primaryimage\"},\"thumbnailUrl\":\"https:\/\/dev.explora.cl\/araucania\/wp-content\/uploads\/sites\/15\/2018\/12\/ciencia18-5-1-2.jpg\",\"keywords\":[\"Ciencia en Acci\u00f3n\",\"La Araucan\u00eda\",\"Muestra Pedag\u00f3gica\",\"Pedagog\u00eda en Ciencias\"],\"articleSection\":[\"Noticias\"],\"inLanguage\":\"es-CL\"},{\"@type\":\"WebPage\",\"@id\":\"https:\/\/dev.explora.cl\/araucania\/muestra-pedagogica-ciencia-en-accion-cierra-una-exitosa-temporada-2018\/\",\"url\":\"https:\/\/dev.explora.cl\/araucania\/muestra-pedagogica-ciencia-en-accion-cierra-una-exitosa-temporada-2018\/\",\"name\":\"Muestra Pedag\u00f3gica Ciencia en Acci\u00f3n cierra una exitosa temporada 2018 - Araucan\u00eda\",\"isPartOf\":{\"@id\":\"https:\/\/dev.explora.cl\/araucania\/#website\"},\"primaryImageOfPage\":{\"@id\":\"https:\/\/dev.explora.cl\/araucania\/muestra-pedagogica-ciencia-en-accion-cierra-una-exitosa-temporada-2018\/#primaryimage\"},\"image\":{\"@id\":\"https:\/\/dev.explora.cl\/araucania\/muestra-pedagogica-ciencia-en-accion-cierra-una-exitosa-temporada-2018\/#primaryimage\"},\"thumbnailUrl\":\"https:\/\/dev.explora.cl\/araucania\/wp-content\/uploads\/sites\/15\/2018\/12\/ciencia18-5-1-2.jpg\",\"datePublished\":\"2018-12-06T18:57:13+00:00\",\"dateModified\":\"2019-05-20T19:13:06+00:00\",\"author\":{\"@id\":\"https:\/\/dev.explora.cl\/araucania\/#\/schema\/person\/cb8349c13ea2d324080adf8480d7ba5d\"},\"breadcrumb\":{\"@id\":\"https:\/\/dev.explora.cl\/araucania\/muestra-pedagogica-ciencia-en-accion-cierra-una-exitosa-temporada-2018\/#breadcrumb\"},\"inLanguage\":\"es-CL\",\"potentialAction\":[{\"@type\":\"ReadAction\",\"target\":[\"https:\/\/dev.explora.cl\/araucania\/muestra-pedagogica-ciencia-en-accion-cierra-una-exitosa-temporada-2018\/\"]}]},{\"@type\":\"ImageObject\",\"inLanguage\":\"es-CL\",\"@id\":\"https:\/\/dev.explora.cl\/araucania\/muestra-pedagogica-ciencia-en-accion-cierra-una-exitosa-temporada-2018\/#primaryimage\",\"url\":\"https:\/\/dev.explora.cl\/araucania\/wp-content\/uploads\/sites\/15\/2018\/12\/ciencia18-5-1-2.jpg\",\"contentUrl\":\"https:\/\/dev.explora.cl\/araucania\/wp-content\/uploads\/sites\/15\/2018\/12\/ciencia18-5-1-2.jpg\",\"width\":2500,\"height\":1583,\"caption\":\"Muestra Pedag\u00f3gica Ciencia en Acci\u00f3n\"},{\"@type\":\"BreadcrumbList\",\"@id\":\"https:\/\/dev.explora.cl\/araucania\/muestra-pedagogica-ciencia-en-accion-cierra-una-exitosa-temporada-2018\/#breadcrumb\",\"itemListElement\":[{\"@type\":\"ListItem\",\"position\":1,\"name\":\"Portada\",\"item\":\"https:\/\/dev.explora.cl\/araucania\/\"},{\"@type\":\"ListItem\",\"position\":2,\"name\":\"Muestra Pedag\u00f3gica Ciencia en Acci\u00f3n cierra una exitosa temporada 2018\"}]},{\"@type\":\"WebSite\",\"@id\":\"https:\/\/dev.explora.cl\/araucania\/#website\",\"url\":\"https:\/\/dev.explora.cl\/araucania\/\",\"name\":\"Araucan\u00eda\",\"description\":\"Otro sitio m\u00e1s de dev.explora.cl\",\"potentialAction\":[{\"@type\":\"SearchAction\",\"target\":{\"@type\":\"EntryPoint\",\"urlTemplate\":\"https:\/\/dev.explora.cl\/araucania\/?s={search_term_string}\"},\"query-input\":{\"@type\":\"PropertyValueSpecification\",\"valueRequired\":true,\"valueName\":\"search_term_string\"}}],\"inLanguage\":\"es-CL\"},{\"@type\":\"Person\",\"@id\":\"https:\/\/dev.explora.cl\/araucania\/#\/schema\/person\/cb8349c13ea2d324080adf8480d7ba5d\",\"name\":\"webman\",\"image\":{\"@type\":\"ImageObject\",\"inLanguage\":\"es-CL\",\"@id\":\"https:\/\/dev.explora.cl\/araucania\/#\/schema\/person\/image\/\",\"url\":\"https:\/\/secure.gravatar.com\/avatar\/eeff3c82f2c02f7177d13663b7e6f890e9a6a0647ce9bb29cae02dcb094c7312?s=96&d=mm&r=g\",\"contentUrl\":\"https:\/\/secure.gravatar.com\/avatar\/eeff3c82f2c02f7177d13663b7e6f890e9a6a0647ce9bb29cae02dcb094c7312?s=96&d=mm&r=g\",\"caption\":\"webman\"},\"url\":\"https:\/\/dev.explora.cl\/araucania\/author\/webman\/\"}]}<\/script>\n<!-- \/ Yoast SEO plugin. -->","yoast_head_json":{"title":"Muestra Pedag\u00f3gica Ciencia en Acci\u00f3n cierra una exitosa temporada 2018 - Araucan\u00eda","robots":{"index":"index","follow":"follow","max-snippet":"max-snippet:-1","max-image-preview":"max-image-preview:large","max-video-preview":"max-video-preview:-1"},"canonical":"https:\/\/dev.explora.cl\/araucania\/muestra-pedagogica-ciencia-en-accion-cierra-una-exitosa-temporada-2018\/","og_locale":"es_ES","og_type":"article","og_title":"Muestra Pedag\u00f3gica Ciencia en Acci\u00f3n cierra una exitosa temporada 2018 - Araucan\u00eda","og_description":"Con entretenidas y novedosas demostraciones de f\u00edsica, qu\u00edmica y biolog\u00eda, la Muestra Pedag\u00f3gica \u201cCiencia en Acci\u00f3n\u201d sorprendi\u00f3 a m\u00e1s de 5000 escolares de La Araucan\u00eda durante este 2018. La iniciativa organizada por el PAR Explora de CONICYT La Araucan\u00eda ejecutado por la Universidad de La Frontera, es desarrollada por la carrera de Pedagog\u00eda en Ciencias [&hellip;]","og_url":"https:\/\/dev.explora.cl\/araucania\/muestra-pedagogica-ciencia-en-accion-cierra-una-exitosa-temporada-2018\/","og_site_name":"Araucan\u00eda","article_published_time":"2018-12-06T18:57:13+00:00","article_modified_time":"2019-05-20T19:13:06+00:00","og_image":[{"width":2500,"height":1583,"url":"https:\/\/dev.explora.cl\/araucania\/wp-content\/uploads\/sites\/15\/2018\/12\/ciencia18-5-1-2.jpg","type":"image\/jpeg"}],"author":"webman","twitter_card":"summary_large_image","twitter_misc":{"Escrito por":"webman","Tiempo estimado de lectura":"2 minutos"},"schema":{"@context":"https:\/\/schema.org","@graph":[{"@type":"Article","@id":"https:\/\/dev.explora.cl\/araucania\/muestra-pedagogica-ciencia-en-accion-cierra-una-exitosa-temporada-2018\/#article","isPartOf":{"@id":"https:\/\/dev.explora.cl\/araucania\/muestra-pedagogica-ciencia-en-accion-cierra-una-exitosa-temporada-2018\/"},"author":{"name":"webman","@id":"https:\/\/dev.explora.cl\/araucania\/#\/schema\/person\/cb8349c13ea2d324080adf8480d7ba5d"},"headline":"Muestra Pedag\u00f3gica Ciencia en Acci\u00f3n cierra una exitosa temporada 2018","datePublished":"2018-12-06T18:57:13+00:00","dateModified":"2019-05-20T19:13:06+00:00","mainEntityOfPage":{"@id":"https:\/\/dev.explora.cl\/araucania\/muestra-pedagogica-ciencia-en-accion-cierra-una-exitosa-temporada-2018\/"},"wordCount":420,"image":{"@id":"https:\/\/dev.explora.cl\/araucania\/muestra-pedagogica-ciencia-en-accion-cierra-una-exitosa-temporada-2018\/#primaryimage"},"thumbnailUrl":"https:\/\/dev.explora.cl\/araucania\/wp-content\/uploads\/sites\/15\/2018\/12\/ciencia18-5-1-2.jpg","keywords":["Ciencia en Acci\u00f3n","La Araucan\u00eda","Muestra Pedag\u00f3gica","Pedagog\u00eda en Ciencias"],"articleSection":["Noticias"],"inLanguage":"es-CL"},{"@type":"WebPage","@id":"https:\/\/dev.explora.cl\/araucania\/muestra-pedagogica-ciencia-en-accion-cierra-una-exitosa-temporada-2018\/","url":"https:\/\/dev.explora.cl\/araucania\/muestra-pedagogica-ciencia-en-accion-cierra-una-exitosa-temporada-2018\/","name":"Muestra Pedag\u00f3gica Ciencia en Acci\u00f3n cierra una exitosa temporada 2018 - Araucan\u00eda","isPartOf":{"@id":"https:\/\/dev.explora.cl\/araucania\/#website"},"primaryImageOfPage":{"@id":"https:\/\/dev.explora.cl\/araucania\/muestra-pedagogica-ciencia-en-accion-cierra-una-exitosa-temporada-2018\/#primaryimage"},"image":{"@id":"https:\/\/dev.explora.cl\/araucania\/muestra-pedagogica-ciencia-en-accion-cierra-una-exitosa-temporada-2018\/#primaryimage"},"thumbnailUrl":"https:\/\/dev.explora.cl\/araucania\/wp-content\/uploads\/sites\/15\/2018\/12\/ciencia18-5-1-2.jpg","datePublished":"2018-12-06T18:57:13+00:00","dateModified":"2019-05-20T19:13:06+00:00","author":{"@id":"https:\/\/dev.explora.cl\/araucania\/#\/schema\/person\/cb8349c13ea2d324080adf8480d7ba5d"},"breadcrumb":{"@id":"https:\/\/dev.explora.cl\/araucania\/muestra-pedagogica-ciencia-en-accion-cierra-una-exitosa-temporada-2018\/#breadcrumb"},"inLanguage":"es-CL","potentialAction":[{"@type":"ReadAction","target":["https:\/\/dev.explora.cl\/araucania\/muestra-pedagogica-ciencia-en-accion-cierra-una-exitosa-temporada-2018\/"]}]},{"@type":"ImageObject","inLanguage":"es-CL","@id":"https:\/\/dev.explora.cl\/araucania\/muestra-pedagogica-ciencia-en-accion-cierra-una-exitosa-temporada-2018\/#primaryimage","url":"https:\/\/dev.explora.cl\/araucania\/wp-content\/uploads\/sites\/15\/2018\/12\/ciencia18-5-1-2.jpg","contentUrl":"https:\/\/dev.explora.cl\/araucania\/wp-content\/uploads\/sites\/15\/2018\/12\/ciencia18-5-1-2.jpg","width":2500,"height":1583,"caption":"Muestra Pedag\u00f3gica Ciencia en Acci\u00f3n"},{"@type":"BreadcrumbList","@id":"https:\/\/dev.explora.cl\/araucania\/muestra-pedagogica-ciencia-en-accion-cierra-una-exitosa-temporada-2018\/#breadcrumb","itemListElement":[{"@type":"ListItem","position":1,"name":"Portada","item":"https:\/\/dev.explora.cl\/araucania\/"},{"@type":"ListItem","position":2,"name":"Muestra Pedag\u00f3gica Ciencia en Acci\u00f3n cierra una exitosa temporada 2018"}]},{"@type":"WebSite","@id":"https:\/\/dev.explora.cl\/araucania\/#website","url":"https:\/\/dev.explora.cl\/araucania\/","name":"Araucan\u00eda","description":"Otro sitio m\u00e1s de dev.explora.cl","potentialAction":[{"@type":"SearchAction","target":{"@type":"EntryPoint","urlTemplate":"https:\/\/dev.explora.cl\/araucania\/?s={search_term_string}"},"query-input":{"@type":"PropertyValueSpecification","valueRequired":true,"valueName":"search_term_string"}}],"inLanguage":"es-CL"},{"@type":"Person","@id":"https:\/\/dev.explora.cl\/araucania\/#\/schema\/person\/cb8349c13ea2d324080adf8480d7ba5d","name":"webman","image":{"@type":"ImageObject","inLanguage":"es-CL","@id":"https:\/\/dev.explora.cl\/araucania\/#\/schema\/person\/image\/","url":"https:\/\/secure.gravatar.com\/avatar\/eeff3c82f2c02f7177d13663b7e6f890e9a6a0647ce9bb29cae02dcb094c7312?s=96&d=mm&r=g","contentUrl":"https:\/\/secure.gravatar.com\/avatar\/eeff3c82f2c02f7177d13663b7e6f890e9a6a0647ce9bb29cae02dcb094c7312?s=96&d=mm&r=g","caption":"webman"},"url":"https:\/\/dev.explora.cl\/araucania\/author\/webman\/"}]}},"_links":{"self":[{"href":"https:\/\/dev.explora.cl\/araucania\/wp-json\/wp\/v2\/posts\/37235","targetHints":{"allow":["GET"]}}],"collection":[{"href":"https:\/\/dev.explora.cl\/araucania\/wp-json\/wp\/v2\/posts"}],"about":[{"href":"https:\/\/dev.explora.cl\/araucania\/wp-json\/wp\/v2\/types\/post"}],"author":[{"embeddable":true,"href":"https:\/\/dev.explora.cl\/araucania\/wp-json\/wp\/v2\/users\/2"}],"replies":[{"embeddable":true,"href":"https:\/\/dev.explora.cl\/araucania\/wp-json\/wp\/v2\/comments?post=37235"}],"version-history":[{"count":1,"href":"https:\/\/dev.explora.cl\/araucania\/wp-json\/wp\/v2\/posts\/37235\/revisions"}],"predecessor-version":[{"id":37841,"href":"https:\/\/dev.explora.cl\/araucania\/wp-json\/wp\/v2\/posts\/37235\/revisions\/37841"}],"wp:featuredmedia":[{"embeddable":true,"href":"https:\/\/dev.explora.cl\/araucania\/wp-json\/wp\/v2\/media\/37245"}],"wp:attachment":[{"href":"https:\/\/dev.explora.cl\/araucania\/wp-json\/wp\/v2\/media?parent=37235"}],"wp:term":[{"taxonomy":"category","embeddable":true,"href":"https:\/\/dev.explora.cl\/araucania\/wp-json\/wp\/v2\/categories?post=37235"},{"taxonomy":"post_tag","embeddable":true,"href":"https:\/\/dev.explora.cl\/araucania\/wp-json\/wp\/v2\/tags?post=37235"}],"curies":[{"name":"wp","href":"https:\/\/api.w.org\/{rel}","templated":true}]}}