{"id":37220,"date":"2018-12-05T15:12:42","date_gmt":"2018-12-05T19:12:42","guid":{"rendered":"https:\/\/dev.explora.cl\/araucania\/?p=37220"},"modified":"2019-05-20T19:13:06","modified_gmt":"2019-05-20T19:13:06","slug":"estudiantes-de-renaico-obtienen-tercer-lugar-en-congreso-nacional-escolar","status":"publish","type":"post","link":"https:\/\/dev.explora.cl\/araucania\/estudiantes-de-renaico-obtienen-tercer-lugar-en-congreso-nacional-escolar\/","title":{"rendered":"Estudiantes de Renaico obtienen tercer lugar en Congreso Nacional Escolar"},"content":{"rendered":"<div class=\"_39k2\">\n<h5 id=\"js_ulx\" class=\"_4lmk _2vxa autofocus _5s6c\" style=\"text-align: center\"><span style=\"font-size: 16px\"><span class=\"_4yxp\" style=\"font-family: 'trebuchet ms', geneva, sans-serif\"><img loading=\"lazy\" decoding=\"async\" class=\"aligncenter wp-image-37221\" src=\"https:\/\/dev.explora.cl\/araucania\/wp-content\/uploads\/sites\/15\/2018\/12\/46837202_1944949425571114_2360127964156264448_n.jpg\" alt=\"\" width=\"654\" height=\"379\" srcset=\"https:\/\/dev.explora.cl\/araucania\/wp-content\/uploads\/sites\/15\/2018\/12\/46837202_1944949425571114_2360127964156264448_n.jpg 960w, https:\/\/dev.explora.cl\/araucania\/wp-content\/uploads\/sites\/15\/2018\/12\/46837202_1944949425571114_2360127964156264448_n-300x174.jpg 300w, https:\/\/dev.explora.cl\/araucania\/wp-content\/uploads\/sites\/15\/2018\/12\/46837202_1944949425571114_2360127964156264448_n-768x445.jpg 768w\" sizes=\"auto, (max-width: 654px) 100vw, 654px\" \/><\/span><\/span><\/h5>\n<h5><\/h5>\n<\/div>\n<div class=\"_39k5 _5s6c\">\n<p style=\"text-align: center\"><strong><em>Las escolares de la Escuela San Francisco de As\u00eds de Renaico, Ana\u00eds Mena y Darly Toloza en conjunto con su profesor Marcelo Sanhueza, obtuvieron el tercer lugar en la categor\u00eda ense\u00f1anza b\u00e1sica en el XIX Congreso Nacional Escolar de Ciencia y Tecnolog\u00eda Explora CONICYT 2018. Ocasi\u00f3n en la que participaron 70 equipos nacionales y extranjeros, integrados por estudiantes de quinto b\u00e1sico a tercero medio.<\/em><\/strong><\/p>\n<p>_____________________________________________________________________________________________________<\/p>\n<p style=\"text-align: justify\">Destacar que las estudiantes representaron a nuestra regi\u00f3n gracias a su participaci\u00f3n el <strong>XVI Congreso Regional Escolar de la Ciencia y la Tecnolog\u00eda<\/strong>, iniciativa organizada por el PAR Explora de CONICYT La Araucan\u00eda ejecutada por la Universidad de La Frontera, que re\u00fane anualmente a j\u00f3venes investigadores en un fruct\u00edfero encuentro cient\u00edfico.<\/p>\n<p style=\"text-align: justify\">El proyecto de Ciencias Sociales denominado: \u201cPercepciones, consumo y factores de riesgo por uso de drogas il\u00edcitas en los estudiantes de segundo ciclo b\u00e1sico de la comuna de Renaico&#8221;, destac\u00f3 entre los 70 proyectos de investigaci\u00f3n escolares seleccionados de todas las regiones del pa\u00eds. Merito que les permitir\u00e1 a las j\u00f3venes en conjunto con su profesor viajar durante el 2019 a Punta Arenas para ser part\u00edcipes de una interesante pasant\u00eda de investigaci\u00f3n.<\/p>\n<p style=\"text-align: justify\">El docente Marcelo Sanhueza agradeci\u00f3 la oportunidad de representar a la regi\u00f3n en este importante evento, destacando que \u201ctrabajamos durante todo el a\u00f1o en el desarrollo de esta investigaci\u00f3n, nos pareci\u00f3 un tema interesante a trav\u00e9s del cual podr\u00edamos conocer la realidad de los estudiantes de la comuna, y en base a esta informaci\u00f3n ser conscientes de los riesgos y mejorar nuestras estrategias como establecimiento educacional para informar y ayudar a nuestros estudiantes\u201d.<\/p>\n<p style=\"text-align: justify\">A su vez, puntualiz\u00f3 que \u201cnos sorprendi\u00f3 mucho revisar los diarios y darnos cuenta que los trabajos de Ciencias Sociales que participaron representaban solo un 15% de las investigaciones a nivel nacional, lo que nos muestra que a\u00fan queda mucho por trabajar, sobre todo en el tema de incentivar a m\u00e1s docentes a que se atrevan a desarrollar investigaciones en esta \u00e1rea, la que sin duda tiene mucho que aportar\u201d.<\/p>\n<p style=\"text-align: justify\">Por su parte, Anais Mena, muy contenta nos comenta que la experiencia fue incre\u00edble, destacando que \u201cfue una instancia muy linda y educativa, conocimos no solo trabajos muy interesantes, sino que tambi\u00e9n, a personas de distintas partes del pa\u00eds con una cultura incre\u00edble, todo un mundo nuevo para nosotras, quedamos felices con nuestra participaci\u00f3n y sobre todo con haber tra\u00eddo este reconocimiento a la regi\u00f3n\u201d.<\/p>\n<p>&nbsp;<br \/>\n&nbsp;<br \/>\n<strong>XIX Congreso Nacional Escolar de la Ciencia y la Tecnolog\u00eda Explora de CONICYT<\/strong><br \/>\n&nbsp;<\/p>\n<p style=\"text-align: justify\">El evento que se desarroll\u00f3 en la Universidad de Concepci\u00f3n desde el 26 al 28 de noviembre, transform\u00f3 a la Regi\u00f3n del Biob\u00edo en el centro de la valoraci\u00f3n y divulgaci\u00f3n cient\u00edfica, gracias a la participaci\u00f3n de 142 estudiantes, de 65 comunas -incluyendo Isla de Pascua-, dos equipos provenientes de Per\u00fa y un selecto comit\u00e9 evaluador integrado por 61 investigadores, quienes fueron los encargados de determinar a los proyectos ganadores, los que abordaron temas en torno a las Ciencias Sociales, Naturales, Tecnolog\u00eda e Ingenier\u00eda.<\/p>\n<div class=\"_h2x\"><span style=\"font-family: 'trebuchet ms', geneva, sans-serif;font-size: 16px\"><img decoding=\"async\" id=\"u_r5_2\" class=\"_h2z _297z _usd img\" src=\"https:\/\/scontent-scl1-1.xx.fbcdn.net\/v\/t1.0-9\/s2048x2048\/47467646_2198148447069862_4044141356237455360_o.jpg?_nc_cat=102&amp;_nc_eui2=AeHomf59ATqv3SMsiaUrOqxu0RerUOps6wdPqMx7lVe8z8PxkRxigV4tRjMtUAwtUDpoOfRz7r4vVph2cBFFxu4i9yvFemmc7KYiaur2MY10Jg&amp;_nc_ht=scontent-scl1-1.xx&amp;oh=83a613258ca5f94d612cfea04ae72726&amp;oe=5CA7AFF6\" alt=\"\" \/><\/span><\/div>\n<h4><\/h4>\n<h4><\/h4>\n<h4><\/h4>\n<h4><strong><span style=\"font-family: 'trebuchet ms', geneva, sans-serif;font-size: 16px\">Periodista: Viarly Salazar Fritz.\u00a0<\/span><\/strong><\/h4>\n<\/div>\n","protected":false},"excerpt":{"rendered":"<p>Las escolares de la Escuela San Francisco de As\u00eds de Renaico, Ana\u00eds Mena y Darly Toloza en conjunto con su profesor Marcelo Sanhueza, obtuvieron el tercer lugar en la categor\u00eda ense\u00f1anza b\u00e1sica en el XIX Congreso Nacional Escolar de Ciencia y Tecnolog\u00eda Explora CONICYT 2018. Ocasi\u00f3n en la que participaron 70 equipos nacionales y extranjeros, [&hellip;]<\/p>\n","protected":false},"author":2,"featured_media":37221,"comment_status":"closed","ping_status":"open","sticky":false,"template":"","format":"standard","meta":{"_acf_changed":false,"_exactmetrics_skip_tracking":false,"_exactmetrics_sitenote_active":false,"_exactmetrics_sitenote_note":"","_exactmetrics_sitenote_category":0,"footnotes":"","_links_to":"","_links_to_target":""},"categories":[4],"tags":[],"class_list":["post-37220","post","type-post","status-publish","format-standard","has-post-thumbnail","hentry","category-noticias"],"acf":[],"yoast_head":"<!-- This site is optimized with the Yoast SEO plugin v26.7 - https:\/\/yoast.com\/wordpress\/plugins\/seo\/ -->\n<title>Estudiantes de Renaico obtienen tercer lugar en Congreso Nacional Escolar - Araucan\u00eda<\/title>\n<meta name=\"robots\" content=\"index, follow, max-snippet:-1, max-image-preview:large, max-video-preview:-1\" \/>\n<link rel=\"canonical\" href=\"https:\/\/dev.explora.cl\/araucania\/estudiantes-de-renaico-obtienen-tercer-lugar-en-congreso-nacional-escolar\/\" class=\"yoast-seo-meta-tag\" \/>\n<meta property=\"og:locale\" content=\"es_ES\" class=\"yoast-seo-meta-tag\" \/>\n<meta property=\"og:type\" content=\"article\" class=\"yoast-seo-meta-tag\" \/>\n<meta property=\"og:title\" content=\"Estudiantes de Renaico obtienen tercer lugar en Congreso Nacional Escolar - Araucan\u00eda\" class=\"yoast-seo-meta-tag\" \/>\n<meta property=\"og:description\" content=\"Las escolares de la Escuela San Francisco de As\u00eds de Renaico, Ana\u00eds Mena y Darly Toloza en conjunto con su profesor Marcelo Sanhueza, obtuvieron el tercer lugar en la categor\u00eda ense\u00f1anza b\u00e1sica en el XIX Congreso Nacional Escolar de Ciencia y Tecnolog\u00eda Explora CONICYT 2018. Ocasi\u00f3n en la que participaron 70 equipos nacionales y extranjeros, [&hellip;]\" class=\"yoast-seo-meta-tag\" \/>\n<meta property=\"og:url\" content=\"https:\/\/dev.explora.cl\/araucania\/estudiantes-de-renaico-obtienen-tercer-lugar-en-congreso-nacional-escolar\/\" class=\"yoast-seo-meta-tag\" \/>\n<meta property=\"og:site_name\" content=\"Araucan\u00eda\" class=\"yoast-seo-meta-tag\" \/>\n<meta property=\"article:published_time\" content=\"2018-12-05T19:12:42+00:00\" class=\"yoast-seo-meta-tag\" \/>\n<meta property=\"article:modified_time\" content=\"2019-05-20T19:13:06+00:00\" class=\"yoast-seo-meta-tag\" \/>\n<meta property=\"og:image\" content=\"https:\/\/dev.explora.cl\/araucania\/wp-content\/uploads\/sites\/15\/2018\/12\/46837202_1944949425571114_2360127964156264448_n.jpg\" class=\"yoast-seo-meta-tag\" \/>\n\t<meta property=\"og:image:width\" content=\"960\" class=\"yoast-seo-meta-tag\" \/>\n\t<meta property=\"og:image:height\" content=\"556\" class=\"yoast-seo-meta-tag\" \/>\n\t<meta property=\"og:image:type\" content=\"image\/jpeg\" class=\"yoast-seo-meta-tag\" \/>\n<meta name=\"author\" content=\"webman\" class=\"yoast-seo-meta-tag\" \/>\n<meta name=\"twitter:card\" content=\"summary_large_image\" class=\"yoast-seo-meta-tag\" \/>\n<meta name=\"twitter:label1\" content=\"Escrito por\" class=\"yoast-seo-meta-tag\" \/>\n\t<meta name=\"twitter:data1\" content=\"webman\" class=\"yoast-seo-meta-tag\" \/>\n\t<meta name=\"twitter:label2\" content=\"Tiempo estimado de lectura\" class=\"yoast-seo-meta-tag\" \/>\n\t<meta name=\"twitter:data2\" content=\"3 minutos\" class=\"yoast-seo-meta-tag\" \/>\n<script type=\"application\/ld+json\" class=\"yoast-schema-graph\">{\"@context\":\"https:\/\/schema.org\",\"@graph\":[{\"@type\":\"Article\",\"@id\":\"https:\/\/dev.explora.cl\/araucania\/estudiantes-de-renaico-obtienen-tercer-lugar-en-congreso-nacional-escolar\/#article\",\"isPartOf\":{\"@id\":\"https:\/\/dev.explora.cl\/araucania\/estudiantes-de-renaico-obtienen-tercer-lugar-en-congreso-nacional-escolar\/\"},\"author\":{\"name\":\"webman\",\"@id\":\"https:\/\/dev.explora.cl\/araucania\/#\/schema\/person\/cb8349c13ea2d324080adf8480d7ba5d\"},\"headline\":\"Estudiantes de Renaico obtienen tercer lugar en Congreso Nacional Escolar\",\"datePublished\":\"2018-12-05T19:12:42+00:00\",\"dateModified\":\"2019-05-20T19:13:06+00:00\",\"mainEntityOfPage\":{\"@id\":\"https:\/\/dev.explora.cl\/araucania\/estudiantes-de-renaico-obtienen-tercer-lugar-en-congreso-nacional-escolar\/\"},\"wordCount\":548,\"image\":{\"@id\":\"https:\/\/dev.explora.cl\/araucania\/estudiantes-de-renaico-obtienen-tercer-lugar-en-congreso-nacional-escolar\/#primaryimage\"},\"thumbnailUrl\":\"https:\/\/dev.explora.cl\/araucania\/wp-content\/uploads\/sites\/15\/2018\/12\/46837202_1944949425571114_2360127964156264448_n.jpg\",\"articleSection\":[\"Noticias\"],\"inLanguage\":\"es-CL\"},{\"@type\":\"WebPage\",\"@id\":\"https:\/\/dev.explora.cl\/araucania\/estudiantes-de-renaico-obtienen-tercer-lugar-en-congreso-nacional-escolar\/\",\"url\":\"https:\/\/dev.explora.cl\/araucania\/estudiantes-de-renaico-obtienen-tercer-lugar-en-congreso-nacional-escolar\/\",\"name\":\"Estudiantes de Renaico obtienen tercer lugar en Congreso Nacional Escolar - Araucan\u00eda\",\"isPartOf\":{\"@id\":\"https:\/\/dev.explora.cl\/araucania\/#website\"},\"primaryImageOfPage\":{\"@id\":\"https:\/\/dev.explora.cl\/araucania\/estudiantes-de-renaico-obtienen-tercer-lugar-en-congreso-nacional-escolar\/#primaryimage\"},\"image\":{\"@id\":\"https:\/\/dev.explora.cl\/araucania\/estudiantes-de-renaico-obtienen-tercer-lugar-en-congreso-nacional-escolar\/#primaryimage\"},\"thumbnailUrl\":\"https:\/\/dev.explora.cl\/araucania\/wp-content\/uploads\/sites\/15\/2018\/12\/46837202_1944949425571114_2360127964156264448_n.jpg\",\"datePublished\":\"2018-12-05T19:12:42+00:00\",\"dateModified\":\"2019-05-20T19:13:06+00:00\",\"author\":{\"@id\":\"https:\/\/dev.explora.cl\/araucania\/#\/schema\/person\/cb8349c13ea2d324080adf8480d7ba5d\"},\"breadcrumb\":{\"@id\":\"https:\/\/dev.explora.cl\/araucania\/estudiantes-de-renaico-obtienen-tercer-lugar-en-congreso-nacional-escolar\/#breadcrumb\"},\"inLanguage\":\"es-CL\",\"potentialAction\":[{\"@type\":\"ReadAction\",\"target\":[\"https:\/\/dev.explora.cl\/araucania\/estudiantes-de-renaico-obtienen-tercer-lugar-en-congreso-nacional-escolar\/\"]}]},{\"@type\":\"ImageObject\",\"inLanguage\":\"es-CL\",\"@id\":\"https:\/\/dev.explora.cl\/araucania\/estudiantes-de-renaico-obtienen-tercer-lugar-en-congreso-nacional-escolar\/#primaryimage\",\"url\":\"https:\/\/dev.explora.cl\/araucania\/wp-content\/uploads\/sites\/15\/2018\/12\/46837202_1944949425571114_2360127964156264448_n.jpg\",\"contentUrl\":\"https:\/\/dev.explora.cl\/araucania\/wp-content\/uploads\/sites\/15\/2018\/12\/46837202_1944949425571114_2360127964156264448_n.jpg\",\"width\":960,\"height\":556},{\"@type\":\"BreadcrumbList\",\"@id\":\"https:\/\/dev.explora.cl\/araucania\/estudiantes-de-renaico-obtienen-tercer-lugar-en-congreso-nacional-escolar\/#breadcrumb\",\"itemListElement\":[{\"@type\":\"ListItem\",\"position\":1,\"name\":\"Portada\",\"item\":\"https:\/\/dev.explora.cl\/araucania\/\"},{\"@type\":\"ListItem\",\"position\":2,\"name\":\"Estudiantes de Renaico obtienen tercer lugar en Congreso Nacional Escolar\"}]},{\"@type\":\"WebSite\",\"@id\":\"https:\/\/dev.explora.cl\/araucania\/#website\",\"url\":\"https:\/\/dev.explora.cl\/araucania\/\",\"name\":\"Araucan\u00eda\",\"description\":\"Otro sitio m\u00e1s de dev.explora.cl\",\"potentialAction\":[{\"@type\":\"SearchAction\",\"target\":{\"@type\":\"EntryPoint\",\"urlTemplate\":\"https:\/\/dev.explora.cl\/araucania\/?s={search_term_string}\"},\"query-input\":{\"@type\":\"PropertyValueSpecification\",\"valueRequired\":true,\"valueName\":\"search_term_string\"}}],\"inLanguage\":\"es-CL\"},{\"@type\":\"Person\",\"@id\":\"https:\/\/dev.explora.cl\/araucania\/#\/schema\/person\/cb8349c13ea2d324080adf8480d7ba5d\",\"name\":\"webman\",\"image\":{\"@type\":\"ImageObject\",\"inLanguage\":\"es-CL\",\"@id\":\"https:\/\/dev.explora.cl\/araucania\/#\/schema\/person\/image\/\",\"url\":\"https:\/\/secure.gravatar.com\/avatar\/eeff3c82f2c02f7177d13663b7e6f890e9a6a0647ce9bb29cae02dcb094c7312?s=96&d=mm&r=g\",\"contentUrl\":\"https:\/\/secure.gravatar.com\/avatar\/eeff3c82f2c02f7177d13663b7e6f890e9a6a0647ce9bb29cae02dcb094c7312?s=96&d=mm&r=g\",\"caption\":\"webman\"},\"url\":\"https:\/\/dev.explora.cl\/araucania\/author\/webman\/\"}]}<\/script>\n<!-- \/ Yoast SEO plugin. -->","yoast_head_json":{"title":"Estudiantes de Renaico obtienen tercer lugar en Congreso Nacional Escolar - Araucan\u00eda","robots":{"index":"index","follow":"follow","max-snippet":"max-snippet:-1","max-image-preview":"max-image-preview:large","max-video-preview":"max-video-preview:-1"},"canonical":"https:\/\/dev.explora.cl\/araucania\/estudiantes-de-renaico-obtienen-tercer-lugar-en-congreso-nacional-escolar\/","og_locale":"es_ES","og_type":"article","og_title":"Estudiantes de Renaico obtienen tercer lugar en Congreso Nacional Escolar - Araucan\u00eda","og_description":"Las escolares de la Escuela San Francisco de As\u00eds de Renaico, Ana\u00eds Mena y Darly Toloza en conjunto con su profesor Marcelo Sanhueza, obtuvieron el tercer lugar en la categor\u00eda ense\u00f1anza b\u00e1sica en el XIX Congreso Nacional Escolar de Ciencia y Tecnolog\u00eda Explora CONICYT 2018. Ocasi\u00f3n en la que participaron 70 equipos nacionales y extranjeros, [&hellip;]","og_url":"https:\/\/dev.explora.cl\/araucania\/estudiantes-de-renaico-obtienen-tercer-lugar-en-congreso-nacional-escolar\/","og_site_name":"Araucan\u00eda","article_published_time":"2018-12-05T19:12:42+00:00","article_modified_time":"2019-05-20T19:13:06+00:00","og_image":[{"width":960,"height":556,"url":"https:\/\/dev.explora.cl\/araucania\/wp-content\/uploads\/sites\/15\/2018\/12\/46837202_1944949425571114_2360127964156264448_n.jpg","type":"image\/jpeg"}],"author":"webman","twitter_card":"summary_large_image","twitter_misc":{"Escrito por":"webman","Tiempo estimado de lectura":"3 minutos"},"schema":{"@context":"https:\/\/schema.org","@graph":[{"@type":"Article","@id":"https:\/\/dev.explora.cl\/araucania\/estudiantes-de-renaico-obtienen-tercer-lugar-en-congreso-nacional-escolar\/#article","isPartOf":{"@id":"https:\/\/dev.explora.cl\/araucania\/estudiantes-de-renaico-obtienen-tercer-lugar-en-congreso-nacional-escolar\/"},"author":{"name":"webman","@id":"https:\/\/dev.explora.cl\/araucania\/#\/schema\/person\/cb8349c13ea2d324080adf8480d7ba5d"},"headline":"Estudiantes de Renaico obtienen tercer lugar en Congreso Nacional Escolar","datePublished":"2018-12-05T19:12:42+00:00","dateModified":"2019-05-20T19:13:06+00:00","mainEntityOfPage":{"@id":"https:\/\/dev.explora.cl\/araucania\/estudiantes-de-renaico-obtienen-tercer-lugar-en-congreso-nacional-escolar\/"},"wordCount":548,"image":{"@id":"https:\/\/dev.explora.cl\/araucania\/estudiantes-de-renaico-obtienen-tercer-lugar-en-congreso-nacional-escolar\/#primaryimage"},"thumbnailUrl":"https:\/\/dev.explora.cl\/araucania\/wp-content\/uploads\/sites\/15\/2018\/12\/46837202_1944949425571114_2360127964156264448_n.jpg","articleSection":["Noticias"],"inLanguage":"es-CL"},{"@type":"WebPage","@id":"https:\/\/dev.explora.cl\/araucania\/estudiantes-de-renaico-obtienen-tercer-lugar-en-congreso-nacional-escolar\/","url":"https:\/\/dev.explora.cl\/araucania\/estudiantes-de-renaico-obtienen-tercer-lugar-en-congreso-nacional-escolar\/","name":"Estudiantes de Renaico obtienen tercer lugar en Congreso Nacional Escolar - Araucan\u00eda","isPartOf":{"@id":"https:\/\/dev.explora.cl\/araucania\/#website"},"primaryImageOfPage":{"@id":"https:\/\/dev.explora.cl\/araucania\/estudiantes-de-renaico-obtienen-tercer-lugar-en-congreso-nacional-escolar\/#primaryimage"},"image":{"@id":"https:\/\/dev.explora.cl\/araucania\/estudiantes-de-renaico-obtienen-tercer-lugar-en-congreso-nacional-escolar\/#primaryimage"},"thumbnailUrl":"https:\/\/dev.explora.cl\/araucania\/wp-content\/uploads\/sites\/15\/2018\/12\/46837202_1944949425571114_2360127964156264448_n.jpg","datePublished":"2018-12-05T19:12:42+00:00","dateModified":"2019-05-20T19:13:06+00:00","author":{"@id":"https:\/\/dev.explora.cl\/araucania\/#\/schema\/person\/cb8349c13ea2d324080adf8480d7ba5d"},"breadcrumb":{"@id":"https:\/\/dev.explora.cl\/araucania\/estudiantes-de-renaico-obtienen-tercer-lugar-en-congreso-nacional-escolar\/#breadcrumb"},"inLanguage":"es-CL","potentialAction":[{"@type":"ReadAction","target":["https:\/\/dev.explora.cl\/araucania\/estudiantes-de-renaico-obtienen-tercer-lugar-en-congreso-nacional-escolar\/"]}]},{"@type":"ImageObject","inLanguage":"es-CL","@id":"https:\/\/dev.explora.cl\/araucania\/estudiantes-de-renaico-obtienen-tercer-lugar-en-congreso-nacional-escolar\/#primaryimage","url":"https:\/\/dev.explora.cl\/araucania\/wp-content\/uploads\/sites\/15\/2018\/12\/46837202_1944949425571114_2360127964156264448_n.jpg","contentUrl":"https:\/\/dev.explora.cl\/araucania\/wp-content\/uploads\/sites\/15\/2018\/12\/46837202_1944949425571114_2360127964156264448_n.jpg","width":960,"height":556},{"@type":"BreadcrumbList","@id":"https:\/\/dev.explora.cl\/araucania\/estudiantes-de-renaico-obtienen-tercer-lugar-en-congreso-nacional-escolar\/#breadcrumb","itemListElement":[{"@type":"ListItem","position":1,"name":"Portada","item":"https:\/\/dev.explora.cl\/araucania\/"},{"@type":"ListItem","position":2,"name":"Estudiantes de Renaico obtienen tercer lugar en Congreso Nacional Escolar"}]},{"@type":"WebSite","@id":"https:\/\/dev.explora.cl\/araucania\/#website","url":"https:\/\/dev.explora.cl\/araucania\/","name":"Araucan\u00eda","description":"Otro sitio m\u00e1s de dev.explora.cl","potentialAction":[{"@type":"SearchAction","target":{"@type":"EntryPoint","urlTemplate":"https:\/\/dev.explora.cl\/araucania\/?s={search_term_string}"},"query-input":{"@type":"PropertyValueSpecification","valueRequired":true,"valueName":"search_term_string"}}],"inLanguage":"es-CL"},{"@type":"Person","@id":"https:\/\/dev.explora.cl\/araucania\/#\/schema\/person\/cb8349c13ea2d324080adf8480d7ba5d","name":"webman","image":{"@type":"ImageObject","inLanguage":"es-CL","@id":"https:\/\/dev.explora.cl\/araucania\/#\/schema\/person\/image\/","url":"https:\/\/secure.gravatar.com\/avatar\/eeff3c82f2c02f7177d13663b7e6f890e9a6a0647ce9bb29cae02dcb094c7312?s=96&d=mm&r=g","contentUrl":"https:\/\/secure.gravatar.com\/avatar\/eeff3c82f2c02f7177d13663b7e6f890e9a6a0647ce9bb29cae02dcb094c7312?s=96&d=mm&r=g","caption":"webman"},"url":"https:\/\/dev.explora.cl\/araucania\/author\/webman\/"}]}},"_links":{"self":[{"href":"https:\/\/dev.explora.cl\/araucania\/wp-json\/wp\/v2\/posts\/37220","targetHints":{"allow":["GET"]}}],"collection":[{"href":"https:\/\/dev.explora.cl\/araucania\/wp-json\/wp\/v2\/posts"}],"about":[{"href":"https:\/\/dev.explora.cl\/araucania\/wp-json\/wp\/v2\/types\/post"}],"author":[{"embeddable":true,"href":"https:\/\/dev.explora.cl\/araucania\/wp-json\/wp\/v2\/users\/2"}],"replies":[{"embeddable":true,"href":"https:\/\/dev.explora.cl\/araucania\/wp-json\/wp\/v2\/comments?post=37220"}],"version-history":[{"count":1,"href":"https:\/\/dev.explora.cl\/araucania\/wp-json\/wp\/v2\/posts\/37220\/revisions"}],"predecessor-version":[{"id":37842,"href":"https:\/\/dev.explora.cl\/araucania\/wp-json\/wp\/v2\/posts\/37220\/revisions\/37842"}],"wp:featuredmedia":[{"embeddable":true,"href":"https:\/\/dev.explora.cl\/araucania\/wp-json\/wp\/v2\/media\/37221"}],"wp:attachment":[{"href":"https:\/\/dev.explora.cl\/araucania\/wp-json\/wp\/v2\/media?parent=37220"}],"wp:term":[{"taxonomy":"category","embeddable":true,"href":"https:\/\/dev.explora.cl\/araucania\/wp-json\/wp\/v2\/categories?post=37220"},{"taxonomy":"post_tag","embeddable":true,"href":"https:\/\/dev.explora.cl\/araucania\/wp-json\/wp\/v2\/tags?post=37220"}],"curies":[{"name":"wp","href":"https:\/\/api.w.org\/{rel}","templated":true}]}}