{"id":37206,"date":"2018-12-05T14:33:39","date_gmt":"2018-12-05T18:33:39","guid":{"rendered":"https:\/\/dev.explora.cl\/araucania\/?p=37206"},"modified":"2019-05-20T19:13:06","modified_gmt":"2019-05-20T19:13:06","slug":"mas-de-120-estudiantes-aprenden-sobre-nanotecnologia","status":"publish","type":"post","link":"https:\/\/dev.explora.cl\/araucania\/mas-de-120-estudiantes-aprenden-sobre-nanotecnologia\/","title":{"rendered":"M\u00e1s de 120 estudiantes aprenden sobre nanotecnolog\u00eda"},"content":{"rendered":"<div class=\"_2cuy _3dgx _2vxa\" style=\"text-align: center\">\n<img loading=\"lazy\" decoding=\"async\" class=\"wp-image-37207 \" title=\"Charla nanotecnolog\u00eda \" src=\"https:\/\/dev.explora.cl\/araucania\/wp-content\/uploads\/sites\/15\/2018\/12\/47573228_10214978162300693_2671146311499120640_n.jpg\" alt=\"\" width=\"649\" height=\"433\" srcset=\"https:\/\/dev.explora.cl\/araucania\/wp-content\/uploads\/sites\/15\/2018\/12\/47573228_10214978162300693_2671146311499120640_n.jpg 960w, https:\/\/dev.explora.cl\/araucania\/wp-content\/uploads\/sites\/15\/2018\/12\/47573228_10214978162300693_2671146311499120640_n-300x200.jpg 300w, https:\/\/dev.explora.cl\/araucania\/wp-content\/uploads\/sites\/15\/2018\/12\/47573228_10214978162300693_2671146311499120640_n-768x512.jpg 768w\" sizes=\"auto, (max-width: 649px) 100vw, 649px\" \/><\/p>\n<h5><span style=\"font-size: 16px\"><strong><span style=\"font-family: 'trebuchet ms', geneva, sans-serif\"><em><span class=\"_4yxp\">Estudiantes del Instituto extraescolar Tecno Kids, Liceo de Hoteler\u00eda y Turismo, Liceo Tecnol\u00f3gico Montemar\u00eda, y Colegio Liahona de Puc\u00f3n, fueron part\u00edcipes de interesante charla que expuso las maravillas del mundo de la nanotecnolog\u00eda.<\/span><\/em><\/span><\/strong><\/span><\/h5>\n<h5>____________________________________________________________________________________________________<\/h5>\n<\/div>\n<h5 class=\"_2cuy _3dgx _2vxa\"><span style=\"font-family: 'trebuchet ms', geneva, sans-serif;font-size: 16px\">El termino nanotecnolog\u00eda ya se ha vuelto habitual en los cient\u00edficos y es que esta \u00e1rea de la ciencia podr\u00eda ayudar a resolver muchos de los problemas que afectan a la humanidad, como el tratamiento de m\u00faltiples enfermedades, como lo son el c\u00e1ncer, padecimientos neurodegenerativos, cardiovasculares, o ayudar a combatir problem\u00e1ticas como el hambre o la falta de agua potable en el mundo.<\/span><\/h5>\n<h5><\/h5>\n<h5 class=\"_2cuy _3dgx _2vxa\"><span style=\"font-family: 'trebuchet ms', geneva, sans-serif;font-size: 16px\">La iniciativa que cont\u00f3 con la colaboraci\u00f3n del PAR Explora de CONICYT La Araucan\u00eda ejecutado por la Universidad de La Frontera, busc\u00f3 educar a las nuevas generaciones para que conozcan los avances que existen en esta \u00e1rea, realizando para m\u00e1s de 120 estudiantes de educaci\u00f3n b\u00e1sica y media la charla denominada: &#8220;Nanotecnolog\u00eda, un viaje a lo peque\u00f1o&#8221;, exposici\u00f3n dirigida por el Dr. Marcos Flores, acad\u00e9mico del departamento de F\u00edsica de la Facultad de Ciencias F\u00edsicas y Matem\u00e1ticas de la Universidad de Chile, quien comparti\u00f3 con los j\u00f3venes avances en investigaci\u00f3n en diversos temas como el alzh\u00e9imer, procesos de desalinizaci\u00f3n de aguas, aislantes derivados del grafeno, formaci\u00f3n de cristales l\u00edquidos y utilidad de bater\u00edas de Litio.<\/span><\/h5>\n<h5><\/h5>\n<h5 class=\"_2cuy _3dgx _2vxa\"><span style=\"font-family: 'trebuchet ms', geneva, sans-serif;font-size: 16px\">Al respecto, el investigador del N\u00facleo Milenio de Nanotecnolog\u00eda -MultiMat-destac\u00f3 que \u201cfue una muy buena experiencia que me permiti\u00f3 poder contribuir un poquito con la frontera del conocimiento, lo que es un agrado, en especial porque me encontr\u00e9 con un grupo de j\u00f3venes que estaban participando de una feria de ciencias, por lo cual estaban muy interesados en la tem\u00e1tica, ten\u00edan muchas ganas de aprender sobre la ciencia en general\u201d.<\/span><\/h5>\n<h5><\/h5>\n<h5 class=\"_2cuy _3dgx _2vxa\"><span style=\"font-family: 'trebuchet ms', geneva, sans-serif;font-size: 16px\">El acad\u00e9mico que visit\u00f3 el Colegio Liahona como parte de las actividades del \u00e1rea de extensi\u00f3n del <span class=\"_4yxo\"><strong>5to Congreso Nacional de Nanotecnolog\u00eda<\/strong> <\/span>realizado en Puc\u00f3n, agradeci\u00f3 la oportunidad de compartir el conocimiento con los j\u00f3venes, destacando la importancia de que se promueva la divulgaci\u00f3n cient\u00edfica en los colegios.<\/span><\/h5>\n<h5 class=\"_h2x\"><span style=\"font-family: 'trebuchet ms', geneva, sans-serif;font-size: 16px\"><img decoding=\"async\" id=\"u_fetchstream_26_3\" class=\"_h2z _297z _usd img\" src=\"https:\/\/scontent-scl1-1.xx.fbcdn.net\/v\/t1.0-9\/q84\/s2048x2048\/47363885_2198831187001588_6441127050395779072_o.jpg?_nc_cat=107&amp;_nc_eui2=AeFq8Ocmngliy-ogc3LRRHiPCCTHyiZv46kROdxL1Z8pV-S3OMnRPqP495eLwk4ex6h_KFOqtSAmREe9kA6pF8lxOMLsCSatwA7o1a6w-AdaDQ&amp;_nc_ht=scontent-scl1-1.xx&amp;oh=8bfc609ab4927e0111980febda3609d8&amp;oe=5C69C085\" alt=\"\" \/><\/span><\/h5>\n<h5><\/h5>\n<h5 class=\"_2cuy _3dgx _2vxa\"><span style=\"font-size: 16px\"><strong><span class=\"_4yxo\" style=\"font-family: 'trebuchet ms', geneva, sans-serif\">I Feria Escolar de Ciencia y Tecnolog\u00eda<\/span><\/strong><\/span><\/h5>\n<h5><\/h5>\n<h5 class=\"_2cuy _3dgx _2vxa\"><span style=\"font-family: 'trebuchet ms', geneva, sans-serif;font-size: 16px\">La exposici\u00f3n dirigida por el Dr. Marcos Flores, que se llev\u00f3 a cabo en el Colegio Liahona de Puc\u00f3n, se realiz\u00f3 en el marco de la<span class=\"_4yxo\"> I<strong> Feria Escolar de Ciencia y Tecnolog\u00eda <\/strong><\/span>del establecimiento educacional, ocasi\u00f3n en la que participaron diversos colegios de la comuna quienes mostraron a la comunidad interesantes proyectos de investigaci\u00f3n, buscando promover la divulgaci\u00f3n de la ciencia y fomentar el esp\u00edritu cient\u00edfico desde temprana edad.<\/span><\/h5>\n<h5><\/h5>\n<h5 class=\"_2cuy _3dgx _2vxa\"><span style=\"font-family: 'trebuchet ms', geneva, sans-serif;font-size: 16px\">As\u00ed lo hicieron los estudiantes de pre-escolar Alonso Fuentes y Danna Rivera del Colegio Liahona, quienes trabajaron en los proyectos \u201cElectro planta\u201d y \u201cPureza de nuestras aguas\u201d, al respecto la peque\u00f1a Danna nos comenta que fue una experiencia muy entretenida, donde aprendieron mucho con sus compa\u00f1eros, destacando que \u201cen nuestro trabajo quer\u00edamos ver qu\u00e9 tipo de agua ten\u00eda m\u00e1s conectividad el\u00e9ctrica, por eso para hacer el experimento trabajamos con varios tipos de agua, de vertiente, pozo y lago\u201d.<\/span><\/h5>\n<h5><\/h5>\n<h5 class=\"_2cuy _3dgx _2vxa\"><span style=\"font-size: 16px\"><span style=\"font-family: 'trebuchet ms', geneva, sans-serif\">En este mismo contexto el PAR Explora de CONICYT La Araucan\u00eda desarroll\u00f3 hace algunos meses un atractivo taller para docentes de Puc\u00f3n, con el fin de incentivarlos a participar de la <span class=\"_4yxo\"><strong>I Feria Escolar de Ciencia y Tecnolog\u00eda<\/strong>.\u00a0<\/span><\/span><span style=\"font-family: 'trebuchet ms', geneva, sans-serif\">Oportunidad en la que los asistentes se interiorizaron sobre el m\u00e9todo cient\u00edfico y el trabajo de indagaci\u00f3n, proporcion\u00e1ndoles herramientas b\u00e1sicas para una correcta aplicaci\u00f3n a la hora de realizar experimentaci\u00f3n cient\u00edfica al interior de sus salas de clases.<\/span><\/span><\/h5>\n<div class=\"_h2x\"><span style=\"font-family: 'trebuchet ms', geneva, sans-serif;font-size: 16px\"><img decoding=\"async\" id=\"u_fetchstream_26_4\" class=\"_h2z _297z _usd img\" src=\"https:\/\/scontent-scl1-1.xx.fbcdn.net\/v\/t1.0-9\/s2048x2048\/47389836_2198831317001575_6575544713418375168_o.jpg?_nc_cat=101&amp;_nc_eui2=AeES2vrerK16kncwAPHn5x8yNY8EkxC-yNUM_pC3IKMSeKsUNBaZcULBYhV-XUiY6RN2JYNHqKqzuIEqSpYsXjMFPa3uUJllhJtvmy8P-AdPJA&amp;_nc_ht=scontent-scl1-1.xx&amp;oh=abc416843bef6b76071a98f05eaab64f&amp;oe=5CAE8A2B\" alt=\"\" \/><\/span><\/div>\n<h5><strong><span style=\"font-family: 'trebuchet ms', geneva, sans-serif;font-size: 16px\">Periodista: Viarly Salazar Fritz.\u00a0<\/span><\/strong><\/h5>\n","protected":false},"excerpt":{"rendered":"<p>Estudiantes del Instituto extraescolar Tecno Kids, Liceo de Hoteler\u00eda y Turismo, Liceo Tecnol\u00f3gico Montemar\u00eda, y Colegio Liahona de Puc\u00f3n, fueron part\u00edcipes de interesante charla que expuso las maravillas del mundo de la nanotecnolog\u00eda. ____________________________________________________________________________________________________ El termino nanotecnolog\u00eda ya se ha vuelto habitual en los cient\u00edficos y es que esta \u00e1rea de la ciencia podr\u00eda ayudar [&hellip;]<\/p>\n","protected":false},"author":2,"featured_media":0,"comment_status":"closed","ping_status":"open","sticky":false,"template":"","format":"standard","meta":{"_acf_changed":false,"_exactmetrics_skip_tracking":false,"_exactmetrics_sitenote_active":false,"_exactmetrics_sitenote_note":"","_exactmetrics_sitenote_category":0,"footnotes":"","_links_to":"","_links_to_target":""},"categories":[4],"tags":[175,59],"class_list":["post-37206","post","type-post","status-publish","format-standard","hentry","category-noticias","tag-araucania","tag-nanotecnologia"],"acf":[],"yoast_head":"<!-- This site is optimized with the Yoast SEO plugin v26.7 - https:\/\/yoast.com\/wordpress\/plugins\/seo\/ -->\n<title>M\u00e1s de 120 estudiantes aprenden sobre nanotecnolog\u00eda - Araucan\u00eda<\/title>\n<meta name=\"robots\" content=\"index, follow, max-snippet:-1, max-image-preview:large, max-video-preview:-1\" \/>\n<link rel=\"canonical\" href=\"https:\/\/dev.explora.cl\/araucania\/mas-de-120-estudiantes-aprenden-sobre-nanotecnologia\/\" class=\"yoast-seo-meta-tag\" \/>\n<meta property=\"og:locale\" content=\"es_ES\" class=\"yoast-seo-meta-tag\" \/>\n<meta property=\"og:type\" content=\"article\" class=\"yoast-seo-meta-tag\" \/>\n<meta property=\"og:title\" content=\"M\u00e1s de 120 estudiantes aprenden sobre nanotecnolog\u00eda - Araucan\u00eda\" class=\"yoast-seo-meta-tag\" \/>\n<meta property=\"og:description\" content=\"Estudiantes del Instituto extraescolar Tecno Kids, Liceo de Hoteler\u00eda y Turismo, Liceo Tecnol\u00f3gico Montemar\u00eda, y Colegio Liahona de Puc\u00f3n, fueron part\u00edcipes de interesante charla que expuso las maravillas del mundo de la nanotecnolog\u00eda. ____________________________________________________________________________________________________ El termino nanotecnolog\u00eda ya se ha vuelto habitual en los cient\u00edficos y es que esta \u00e1rea de la ciencia podr\u00eda ayudar [&hellip;]\" class=\"yoast-seo-meta-tag\" \/>\n<meta property=\"og:url\" content=\"https:\/\/dev.explora.cl\/araucania\/mas-de-120-estudiantes-aprenden-sobre-nanotecnologia\/\" class=\"yoast-seo-meta-tag\" \/>\n<meta property=\"og:site_name\" content=\"Araucan\u00eda\" class=\"yoast-seo-meta-tag\" \/>\n<meta property=\"article:published_time\" content=\"2018-12-05T18:33:39+00:00\" class=\"yoast-seo-meta-tag\" \/>\n<meta property=\"article:modified_time\" content=\"2019-05-20T19:13:06+00:00\" class=\"yoast-seo-meta-tag\" \/>\n<meta property=\"og:image\" content=\"https:\/\/dev.explora.cl\/araucania\/wp-content\/uploads\/sites\/15\/2018\/12\/47573228_10214978162300693_2671146311499120640_n.jpg\" class=\"yoast-seo-meta-tag\" \/>\n\t<meta property=\"og:image:width\" content=\"960\" class=\"yoast-seo-meta-tag\" \/>\n\t<meta property=\"og:image:height\" content=\"640\" class=\"yoast-seo-meta-tag\" \/>\n\t<meta property=\"og:image:type\" content=\"image\/jpeg\" class=\"yoast-seo-meta-tag\" \/>\n<meta name=\"author\" content=\"webman\" class=\"yoast-seo-meta-tag\" \/>\n<meta name=\"twitter:card\" content=\"summary_large_image\" class=\"yoast-seo-meta-tag\" \/>\n<meta name=\"twitter:label1\" content=\"Escrito por\" class=\"yoast-seo-meta-tag\" \/>\n\t<meta name=\"twitter:data1\" content=\"webman\" class=\"yoast-seo-meta-tag\" \/>\n\t<meta name=\"twitter:label2\" content=\"Tiempo estimado de lectura\" class=\"yoast-seo-meta-tag\" \/>\n\t<meta name=\"twitter:data2\" content=\"3 minutos\" class=\"yoast-seo-meta-tag\" \/>\n<script type=\"application\/ld+json\" class=\"yoast-schema-graph\">{\"@context\":\"https:\/\/schema.org\",\"@graph\":[{\"@type\":\"Article\",\"@id\":\"https:\/\/dev.explora.cl\/araucania\/mas-de-120-estudiantes-aprenden-sobre-nanotecnologia\/#article\",\"isPartOf\":{\"@id\":\"https:\/\/dev.explora.cl\/araucania\/mas-de-120-estudiantes-aprenden-sobre-nanotecnologia\/\"},\"author\":{\"name\":\"webman\",\"@id\":\"https:\/\/dev.explora.cl\/araucania\/#\/schema\/person\/cb8349c13ea2d324080adf8480d7ba5d\"},\"headline\":\"M\u00e1s de 120 estudiantes aprenden sobre nanotecnolog\u00eda\",\"datePublished\":\"2018-12-05T18:33:39+00:00\",\"dateModified\":\"2019-05-20T19:13:06+00:00\",\"mainEntityOfPage\":{\"@id\":\"https:\/\/dev.explora.cl\/araucania\/mas-de-120-estudiantes-aprenden-sobre-nanotecnologia\/\"},\"wordCount\":640,\"image\":{\"@id\":\"https:\/\/dev.explora.cl\/araucania\/mas-de-120-estudiantes-aprenden-sobre-nanotecnologia\/#primaryimage\"},\"thumbnailUrl\":\"https:\/\/dev.explora.cl\/araucania\/wp-content\/uploads\/sites\/15\/2018\/12\/47573228_10214978162300693_2671146311499120640_n.jpg\",\"keywords\":[\"araucan\u00eda\",\"nanotecnolog\u00eda\"],\"articleSection\":[\"Noticias\"],\"inLanguage\":\"es-CL\"},{\"@type\":\"WebPage\",\"@id\":\"https:\/\/dev.explora.cl\/araucania\/mas-de-120-estudiantes-aprenden-sobre-nanotecnologia\/\",\"url\":\"https:\/\/dev.explora.cl\/araucania\/mas-de-120-estudiantes-aprenden-sobre-nanotecnologia\/\",\"name\":\"M\u00e1s de 120 estudiantes aprenden sobre nanotecnolog\u00eda - Araucan\u00eda\",\"isPartOf\":{\"@id\":\"https:\/\/dev.explora.cl\/araucania\/#website\"},\"primaryImageOfPage\":{\"@id\":\"https:\/\/dev.explora.cl\/araucania\/mas-de-120-estudiantes-aprenden-sobre-nanotecnologia\/#primaryimage\"},\"image\":{\"@id\":\"https:\/\/dev.explora.cl\/araucania\/mas-de-120-estudiantes-aprenden-sobre-nanotecnologia\/#primaryimage\"},\"thumbnailUrl\":\"https:\/\/dev.explora.cl\/araucania\/wp-content\/uploads\/sites\/15\/2018\/12\/47573228_10214978162300693_2671146311499120640_n.jpg\",\"datePublished\":\"2018-12-05T18:33:39+00:00\",\"dateModified\":\"2019-05-20T19:13:06+00:00\",\"author\":{\"@id\":\"https:\/\/dev.explora.cl\/araucania\/#\/schema\/person\/cb8349c13ea2d324080adf8480d7ba5d\"},\"breadcrumb\":{\"@id\":\"https:\/\/dev.explora.cl\/araucania\/mas-de-120-estudiantes-aprenden-sobre-nanotecnologia\/#breadcrumb\"},\"inLanguage\":\"es-CL\",\"potentialAction\":[{\"@type\":\"ReadAction\",\"target\":[\"https:\/\/dev.explora.cl\/araucania\/mas-de-120-estudiantes-aprenden-sobre-nanotecnologia\/\"]}]},{\"@type\":\"ImageObject\",\"inLanguage\":\"es-CL\",\"@id\":\"https:\/\/dev.explora.cl\/araucania\/mas-de-120-estudiantes-aprenden-sobre-nanotecnologia\/#primaryimage\",\"url\":\"https:\/\/dev.explora.cl\/araucania\/wp-content\/uploads\/sites\/15\/2018\/12\/47573228_10214978162300693_2671146311499120640_n.jpg\",\"contentUrl\":\"https:\/\/dev.explora.cl\/araucania\/wp-content\/uploads\/sites\/15\/2018\/12\/47573228_10214978162300693_2671146311499120640_n.jpg\",\"width\":960,\"height\":640},{\"@type\":\"BreadcrumbList\",\"@id\":\"https:\/\/dev.explora.cl\/araucania\/mas-de-120-estudiantes-aprenden-sobre-nanotecnologia\/#breadcrumb\",\"itemListElement\":[{\"@type\":\"ListItem\",\"position\":1,\"name\":\"Portada\",\"item\":\"https:\/\/dev.explora.cl\/araucania\/\"},{\"@type\":\"ListItem\",\"position\":2,\"name\":\"M\u00e1s de 120 estudiantes aprenden sobre nanotecnolog\u00eda\"}]},{\"@type\":\"WebSite\",\"@id\":\"https:\/\/dev.explora.cl\/araucania\/#website\",\"url\":\"https:\/\/dev.explora.cl\/araucania\/\",\"name\":\"Araucan\u00eda\",\"description\":\"Otro sitio m\u00e1s de dev.explora.cl\",\"potentialAction\":[{\"@type\":\"SearchAction\",\"target\":{\"@type\":\"EntryPoint\",\"urlTemplate\":\"https:\/\/dev.explora.cl\/araucania\/?s={search_term_string}\"},\"query-input\":{\"@type\":\"PropertyValueSpecification\",\"valueRequired\":true,\"valueName\":\"search_term_string\"}}],\"inLanguage\":\"es-CL\"},{\"@type\":\"Person\",\"@id\":\"https:\/\/dev.explora.cl\/araucania\/#\/schema\/person\/cb8349c13ea2d324080adf8480d7ba5d\",\"name\":\"webman\",\"image\":{\"@type\":\"ImageObject\",\"inLanguage\":\"es-CL\",\"@id\":\"https:\/\/dev.explora.cl\/araucania\/#\/schema\/person\/image\/\",\"url\":\"https:\/\/secure.gravatar.com\/avatar\/eeff3c82f2c02f7177d13663b7e6f890e9a6a0647ce9bb29cae02dcb094c7312?s=96&d=mm&r=g\",\"contentUrl\":\"https:\/\/secure.gravatar.com\/avatar\/eeff3c82f2c02f7177d13663b7e6f890e9a6a0647ce9bb29cae02dcb094c7312?s=96&d=mm&r=g\",\"caption\":\"webman\"},\"url\":\"https:\/\/dev.explora.cl\/araucania\/author\/webman\/\"}]}<\/script>\n<!-- \/ Yoast SEO plugin. -->","yoast_head_json":{"title":"M\u00e1s de 120 estudiantes aprenden sobre nanotecnolog\u00eda - Araucan\u00eda","robots":{"index":"index","follow":"follow","max-snippet":"max-snippet:-1","max-image-preview":"max-image-preview:large","max-video-preview":"max-video-preview:-1"},"canonical":"https:\/\/dev.explora.cl\/araucania\/mas-de-120-estudiantes-aprenden-sobre-nanotecnologia\/","og_locale":"es_ES","og_type":"article","og_title":"M\u00e1s de 120 estudiantes aprenden sobre nanotecnolog\u00eda - Araucan\u00eda","og_description":"Estudiantes del Instituto extraescolar Tecno Kids, Liceo de Hoteler\u00eda y Turismo, Liceo Tecnol\u00f3gico Montemar\u00eda, y Colegio Liahona de Puc\u00f3n, fueron part\u00edcipes de interesante charla que expuso las maravillas del mundo de la nanotecnolog\u00eda. ____________________________________________________________________________________________________ El termino nanotecnolog\u00eda ya se ha vuelto habitual en los cient\u00edficos y es que esta \u00e1rea de la ciencia podr\u00eda ayudar [&hellip;]","og_url":"https:\/\/dev.explora.cl\/araucania\/mas-de-120-estudiantes-aprenden-sobre-nanotecnologia\/","og_site_name":"Araucan\u00eda","article_published_time":"2018-12-05T18:33:39+00:00","article_modified_time":"2019-05-20T19:13:06+00:00","og_image":[{"width":960,"height":640,"url":"https:\/\/dev.explora.cl\/araucania\/wp-content\/uploads\/sites\/15\/2018\/12\/47573228_10214978162300693_2671146311499120640_n.jpg","type":"image\/jpeg"}],"author":"webman","twitter_card":"summary_large_image","twitter_misc":{"Escrito por":"webman","Tiempo estimado de lectura":"3 minutos"},"schema":{"@context":"https:\/\/schema.org","@graph":[{"@type":"Article","@id":"https:\/\/dev.explora.cl\/araucania\/mas-de-120-estudiantes-aprenden-sobre-nanotecnologia\/#article","isPartOf":{"@id":"https:\/\/dev.explora.cl\/araucania\/mas-de-120-estudiantes-aprenden-sobre-nanotecnologia\/"},"author":{"name":"webman","@id":"https:\/\/dev.explora.cl\/araucania\/#\/schema\/person\/cb8349c13ea2d324080adf8480d7ba5d"},"headline":"M\u00e1s de 120 estudiantes aprenden sobre nanotecnolog\u00eda","datePublished":"2018-12-05T18:33:39+00:00","dateModified":"2019-05-20T19:13:06+00:00","mainEntityOfPage":{"@id":"https:\/\/dev.explora.cl\/araucania\/mas-de-120-estudiantes-aprenden-sobre-nanotecnologia\/"},"wordCount":640,"image":{"@id":"https:\/\/dev.explora.cl\/araucania\/mas-de-120-estudiantes-aprenden-sobre-nanotecnologia\/#primaryimage"},"thumbnailUrl":"https:\/\/dev.explora.cl\/araucania\/wp-content\/uploads\/sites\/15\/2018\/12\/47573228_10214978162300693_2671146311499120640_n.jpg","keywords":["araucan\u00eda","nanotecnolog\u00eda"],"articleSection":["Noticias"],"inLanguage":"es-CL"},{"@type":"WebPage","@id":"https:\/\/dev.explora.cl\/araucania\/mas-de-120-estudiantes-aprenden-sobre-nanotecnologia\/","url":"https:\/\/dev.explora.cl\/araucania\/mas-de-120-estudiantes-aprenden-sobre-nanotecnologia\/","name":"M\u00e1s de 120 estudiantes aprenden sobre nanotecnolog\u00eda - Araucan\u00eda","isPartOf":{"@id":"https:\/\/dev.explora.cl\/araucania\/#website"},"primaryImageOfPage":{"@id":"https:\/\/dev.explora.cl\/araucania\/mas-de-120-estudiantes-aprenden-sobre-nanotecnologia\/#primaryimage"},"image":{"@id":"https:\/\/dev.explora.cl\/araucania\/mas-de-120-estudiantes-aprenden-sobre-nanotecnologia\/#primaryimage"},"thumbnailUrl":"https:\/\/dev.explora.cl\/araucania\/wp-content\/uploads\/sites\/15\/2018\/12\/47573228_10214978162300693_2671146311499120640_n.jpg","datePublished":"2018-12-05T18:33:39+00:00","dateModified":"2019-05-20T19:13:06+00:00","author":{"@id":"https:\/\/dev.explora.cl\/araucania\/#\/schema\/person\/cb8349c13ea2d324080adf8480d7ba5d"},"breadcrumb":{"@id":"https:\/\/dev.explora.cl\/araucania\/mas-de-120-estudiantes-aprenden-sobre-nanotecnologia\/#breadcrumb"},"inLanguage":"es-CL","potentialAction":[{"@type":"ReadAction","target":["https:\/\/dev.explora.cl\/araucania\/mas-de-120-estudiantes-aprenden-sobre-nanotecnologia\/"]}]},{"@type":"ImageObject","inLanguage":"es-CL","@id":"https:\/\/dev.explora.cl\/araucania\/mas-de-120-estudiantes-aprenden-sobre-nanotecnologia\/#primaryimage","url":"https:\/\/dev.explora.cl\/araucania\/wp-content\/uploads\/sites\/15\/2018\/12\/47573228_10214978162300693_2671146311499120640_n.jpg","contentUrl":"https:\/\/dev.explora.cl\/araucania\/wp-content\/uploads\/sites\/15\/2018\/12\/47573228_10214978162300693_2671146311499120640_n.jpg","width":960,"height":640},{"@type":"BreadcrumbList","@id":"https:\/\/dev.explora.cl\/araucania\/mas-de-120-estudiantes-aprenden-sobre-nanotecnologia\/#breadcrumb","itemListElement":[{"@type":"ListItem","position":1,"name":"Portada","item":"https:\/\/dev.explora.cl\/araucania\/"},{"@type":"ListItem","position":2,"name":"M\u00e1s de 120 estudiantes aprenden sobre nanotecnolog\u00eda"}]},{"@type":"WebSite","@id":"https:\/\/dev.explora.cl\/araucania\/#website","url":"https:\/\/dev.explora.cl\/araucania\/","name":"Araucan\u00eda","description":"Otro sitio m\u00e1s de dev.explora.cl","potentialAction":[{"@type":"SearchAction","target":{"@type":"EntryPoint","urlTemplate":"https:\/\/dev.explora.cl\/araucania\/?s={search_term_string}"},"query-input":{"@type":"PropertyValueSpecification","valueRequired":true,"valueName":"search_term_string"}}],"inLanguage":"es-CL"},{"@type":"Person","@id":"https:\/\/dev.explora.cl\/araucania\/#\/schema\/person\/cb8349c13ea2d324080adf8480d7ba5d","name":"webman","image":{"@type":"ImageObject","inLanguage":"es-CL","@id":"https:\/\/dev.explora.cl\/araucania\/#\/schema\/person\/image\/","url":"https:\/\/secure.gravatar.com\/avatar\/eeff3c82f2c02f7177d13663b7e6f890e9a6a0647ce9bb29cae02dcb094c7312?s=96&d=mm&r=g","contentUrl":"https:\/\/secure.gravatar.com\/avatar\/eeff3c82f2c02f7177d13663b7e6f890e9a6a0647ce9bb29cae02dcb094c7312?s=96&d=mm&r=g","caption":"webman"},"url":"https:\/\/dev.explora.cl\/araucania\/author\/webman\/"}]}},"_links":{"self":[{"href":"https:\/\/dev.explora.cl\/araucania\/wp-json\/wp\/v2\/posts\/37206","targetHints":{"allow":["GET"]}}],"collection":[{"href":"https:\/\/dev.explora.cl\/araucania\/wp-json\/wp\/v2\/posts"}],"about":[{"href":"https:\/\/dev.explora.cl\/araucania\/wp-json\/wp\/v2\/types\/post"}],"author":[{"embeddable":true,"href":"https:\/\/dev.explora.cl\/araucania\/wp-json\/wp\/v2\/users\/2"}],"replies":[{"embeddable":true,"href":"https:\/\/dev.explora.cl\/araucania\/wp-json\/wp\/v2\/comments?post=37206"}],"version-history":[{"count":1,"href":"https:\/\/dev.explora.cl\/araucania\/wp-json\/wp\/v2\/posts\/37206\/revisions"}],"predecessor-version":[{"id":37843,"href":"https:\/\/dev.explora.cl\/araucania\/wp-json\/wp\/v2\/posts\/37206\/revisions\/37843"}],"wp:attachment":[{"href":"https:\/\/dev.explora.cl\/araucania\/wp-json\/wp\/v2\/media?parent=37206"}],"wp:term":[{"taxonomy":"category","embeddable":true,"href":"https:\/\/dev.explora.cl\/araucania\/wp-json\/wp\/v2\/categories?post=37206"},{"taxonomy":"post_tag","embeddable":true,"href":"https:\/\/dev.explora.cl\/araucania\/wp-json\/wp\/v2\/tags?post=37206"}],"curies":[{"name":"wp","href":"https:\/\/api.w.org\/{rel}","templated":true}]}}