{"id":37171,"date":"2018-10-17T13:00:39","date_gmt":"2018-10-17T17:00:39","guid":{"rendered":"https:\/\/dev.explora.cl\/blog\/2018\/10\/17\/charlas-magistrales-celebran-la-semana-nacional-de-la-ciencia-y-la-tecnologia\/"},"modified":"2019-05-20T19:13:07","modified_gmt":"2019-05-20T19:13:07","slug":"charlas-magistrales-celebran-la-semana-nacional-de-la-ciencia-y-la-tecnologia","status":"publish","type":"post","link":"https:\/\/dev.explora.cl\/araucania\/charlas-magistrales-celebran-la-semana-nacional-de-la-ciencia-y-la-tecnologia\/","title":{"rendered":"Charlas Magistrales celebran la Semana Nacional de la Ciencia y la Tecnolog\u00eda"},"content":{"rendered":"<p><img loading=\"lazy\" decoding=\"async\" class=\" size-full wp-image-37168\" src=\"https:\/\/dev.explora.cl\/wp-content\/uploads\/2018\/10\/charlas_XXIV_3.JPG\" alt=\"charlas XXIV 3\" style=\"margin-left: auto;margin-right: auto\" width=\"500\" height=\"333\" \/><\/p>\n<p style=\"text-align: justify\"><span style=\"font-family: 'trebuchet ms', geneva;font-size: 12pt\"><em>Con charlas cient\u00edficas en la Universidad Aut\u00f3noma de Chile sede Temuco y Escuela Art\u00edstica Armando Dufey Blanc, cerca de 300 estudiantes de la regi\u00f3n celebraron la XXIV Semana Nacional de la Ciencia y la Tecnolog\u00eda, a cargo del PAR Explora de CONICYT La Araucan\u00eda coordinado por la Universidad de La Frontera.<\/em><\/span><\/p>\n<hr \/>\n<p style=\"text-align: justify\"><span style=\"font-family: 'trebuchet ms', geneva;font-size: 12pt\">Hasta el Auditorio Juan Pablo Laporte de la UA en Temuco llegaron m\u00e1s de 100 estudiantes de distintas comunas de la regi\u00f3n para ser parte de la exposici\u00f3n dirigida por el Dr. Gino Corsini <strong>\u201cBacterias: \u00bfPor qu\u00e9 nos enferman y c\u00f3mo me protejo? <\/strong>Durante su presentaci\u00f3n, el expositor le transmiti\u00f3 a los estudiantes la autoprotecci\u00f3n y el cuidado que se debe tener para poder evitar enfermedades o infecciones causadas por bacterias. Esto con el objetivo de mostrarles los factores que generan este desequilibrio y qu\u00e9 podemos hacer para recuperarlo o para prevenir que se produzca.<\/span><\/p>\n<p style=\"text-align: justify\"><span style=\"font-family: 'trebuchet ms', geneva;font-size: 12pt\">Para el Dr. Gino Corsini, director del Instituto de Ciencias Biom\u00e9dicas Facultad de Ciencias de la Salud de la Universidad Aut\u00f3noma de Chile. Esta experiencia fue bastante gratificante, \u201cvi un grupo muy entusiasta de chicos, con hartas preguntas, muy atentos; sin lugar a dudas los chicos se lograron llevar elementos b\u00e1sicos de la charla y terminamos con un cap\u00edtulo musical asociado a la educaci\u00f3n y difusi\u00f3n de la ciencia a trav\u00e9s de la m\u00fasica, lo cual creo les encant\u00f3\u201d.&nbsp;&nbsp;<\/span><\/p>\n<p style=\"text-align: justify\"><span style=\"font-family: 'trebuchet ms', geneva;font-size: 12pt\">Al encuentro acudieron estudiantes provenientes de las comunas de Collipulli, Victoria, Chol Chol, Nueva Imperial y Temuco, quienes se mostraron atentos y participativos durante toda la charla.&nbsp;<\/span><\/p>\n<p><img loading=\"lazy\" decoding=\"async\" class=\" size-full wp-image-37169\" src=\"https:\/\/dev.explora.cl\/wp-content\/uploads\/2018\/10\/charlas_XXIV_1.jpg\" alt=\"charlas XXIV 1\" width=\"1045\" height=\"280\" \/><\/p>\n<p style=\"text-align: justify\"><span style=\"font-family: 'trebuchet ms', geneva;font-size: 12pt\">Por otra parte, la Dra. Lake Sagari, investigadora y profesor asociado adjunto del Departamento de Ingenier\u00eda de Transporte y Log\u00edstica de la Pontificia Universidad Cat\u00f3lica de Chile, se traslad\u00f3 hasta la Escuela Art\u00edstica Armando Dufey Blanc para compartir con estudiantes de educaci\u00f3n media la charla: <strong>\u201cRutas Bakanes para barrios seguros y una vida c\u00edvica robusta\u201d<\/strong>.<\/span><\/p>\n<p style=\"text-align: justify\"><span style=\"font-family: 'trebuchet ms', geneva;font-size: 12pt\">En la exposici\u00f3n se abordaron tem\u00e1ticas como el transporte -las calles como cuencas vitales de la vida urbana regional-, esto a trav\u00e9s de un material audiovisual en el cual se grafic\u00f3 de manera realista las diferentes realidades que viven los ni\u00f1os para ir al colegio, provocando un silencio absoluto al t\u00e9rmino de este.&nbsp; Tambi\u00e9n se destac\u00f3 la importancia desde una mirada de g\u00e9nero,&nbsp; de visiones feministas para hacer una ciudad m\u00e1s amable, y se compartieron algunas reflexiones sobre las nuevas masculinidades que est\u00e1n surgiendo.<\/span><\/p>\n<p style=\"text-align: justify\"><span style=\"font-family: 'trebuchet ms', geneva;font-size: 12pt\">\u201cMe encant\u00f3 la oportunidad de hablar con j\u00f3venes&nbsp; tan creativos como este grupo, estoy segura que podr\u00edan aportar mucho con sus ideas en futuros talleres, quien sabe\u201d, se\u00f1al\u00f3 la Dra. Lake Sagari, quien tambi\u00e9n destac\u00f3 lo integrador de su tema, debido a que mira la ciudad como una ecolog\u00eda viva donde la capacidad humana de cuestionar, proponer, criticar y cambiar las cosas es central para lograr ciudades m\u00e1s amables. \u201cEs importante que las calles acojan a las personas en su funci\u00f3n social, de movilidad, de acceso a los bienes de la ciudad, y por sobre todo le d\u00e9 prioridad a la caminata, la bicicleta, patines, todas aquellas formas activas de moverse por la ciudad\u201d, agreg\u00f3 Sagari.<\/span><\/p>\n<p style=\"text-align: justify\"><span style=\"font-family: 'trebuchet ms', geneva;font-size: 12pt\">Estas charlas magistrales fueron solo algunas de las actividades con las que La Araucan\u00eda pudo celebrar la XXIV Semana Nacional de la Ciencia y la Tecnolog\u00eda. <\/span><\/p>\n<p style=\"text-align: justify\"><span style=\"font-family: 'trebuchet ms', geneva;font-size: 12pt\"><img loading=\"lazy\" decoding=\"async\" class=\" size-full wp-image-37170\" src=\"https:\/\/dev.explora.cl\/wp-content\/uploads\/2018\/10\/charlas_XXIV_2.jpg\" alt=\"charlas XXIV 2\" width=\"1045\" height=\"280\" \/>&nbsp;<\/span><\/p>\n<p style=\"text-align: justify\"><span style=\"font-family: 'trebuchet ms', geneva;font-size: 12pt\"><strong>Periodista: Natalia Riquelme Espinoza.<\/strong><\/span><\/p>\n<p>&nbsp;<\/p>\n","protected":false},"excerpt":{"rendered":"<p>Con charlas cient\u00edficas en la Universidad Aut\u00f3noma de Chile sede Temuco y Escuela Art\u00edstica Armando Dufey Blanc, cerca de 300 estudiantes de la regi\u00f3n celebraron la XXIV Semana Nacional de la Ciencia y la Tecnolog\u00eda, a cargo del PAR Explora de CONICYT La Araucan\u00eda coordinado por la Universidad de La Frontera. Hasta el Auditorio Juan [&hellip;]<\/p>\n","protected":false},"author":2,"featured_media":37167,"comment_status":"closed","ping_status":"open","sticky":false,"template":"","format":"standard","meta":{"_acf_changed":false,"_exactmetrics_skip_tracking":false,"_exactmetrics_sitenote_active":false,"_exactmetrics_sitenote_note":"","_exactmetrics_sitenote_category":0,"footnotes":"","_links_to":"","_links_to_target":""},"categories":[4],"tags":[],"class_list":["post-37171","post","type-post","status-publish","format-standard","has-post-thumbnail","hentry","category-noticias"],"acf":[],"yoast_head":"<!-- This site is optimized with the Yoast SEO plugin v26.7 - https:\/\/yoast.com\/wordpress\/plugins\/seo\/ -->\n<title>Charlas Magistrales celebran la Semana Nacional de la Ciencia y la Tecnolog\u00eda - Araucan\u00eda<\/title>\n<meta name=\"robots\" content=\"index, follow, max-snippet:-1, max-image-preview:large, max-video-preview:-1\" \/>\n<link rel=\"canonical\" href=\"https:\/\/dev.explora.cl\/araucania\/charlas-magistrales-celebran-la-semana-nacional-de-la-ciencia-y-la-tecnologia\/\" class=\"yoast-seo-meta-tag\" \/>\n<meta property=\"og:locale\" content=\"es_ES\" class=\"yoast-seo-meta-tag\" \/>\n<meta property=\"og:type\" content=\"article\" class=\"yoast-seo-meta-tag\" \/>\n<meta property=\"og:title\" content=\"Charlas Magistrales celebran la Semana Nacional de la Ciencia y la Tecnolog\u00eda - Araucan\u00eda\" class=\"yoast-seo-meta-tag\" \/>\n<meta property=\"og:description\" content=\"Con charlas cient\u00edficas en la Universidad Aut\u00f3noma de Chile sede Temuco y Escuela Art\u00edstica Armando Dufey Blanc, cerca de 300 estudiantes de la regi\u00f3n celebraron la XXIV Semana Nacional de la Ciencia y la Tecnolog\u00eda, a cargo del PAR Explora de CONICYT La Araucan\u00eda coordinado por la Universidad de La Frontera. Hasta el Auditorio Juan [&hellip;]\" class=\"yoast-seo-meta-tag\" \/>\n<meta property=\"og:url\" content=\"https:\/\/dev.explora.cl\/araucania\/charlas-magistrales-celebran-la-semana-nacional-de-la-ciencia-y-la-tecnologia\/\" class=\"yoast-seo-meta-tag\" \/>\n<meta property=\"og:site_name\" content=\"Araucan\u00eda\" class=\"yoast-seo-meta-tag\" \/>\n<meta property=\"article:published_time\" content=\"2018-10-17T17:00:39+00:00\" class=\"yoast-seo-meta-tag\" \/>\n<meta property=\"article:modified_time\" content=\"2019-05-20T19:13:07+00:00\" class=\"yoast-seo-meta-tag\" \/>\n<meta name=\"author\" content=\"webman\" class=\"yoast-seo-meta-tag\" \/>\n<meta name=\"twitter:card\" content=\"summary_large_image\" class=\"yoast-seo-meta-tag\" \/>\n<meta name=\"twitter:label1\" content=\"Escrito por\" class=\"yoast-seo-meta-tag\" \/>\n\t<meta name=\"twitter:data1\" content=\"webman\" class=\"yoast-seo-meta-tag\" \/>\n\t<meta name=\"twitter:label2\" content=\"Tiempo estimado de lectura\" class=\"yoast-seo-meta-tag\" \/>\n\t<meta name=\"twitter:data2\" content=\"3 minutos\" class=\"yoast-seo-meta-tag\" \/>\n<script type=\"application\/ld+json\" class=\"yoast-schema-graph\">{\"@context\":\"https:\/\/schema.org\",\"@graph\":[{\"@type\":\"Article\",\"@id\":\"https:\/\/dev.explora.cl\/araucania\/charlas-magistrales-celebran-la-semana-nacional-de-la-ciencia-y-la-tecnologia\/#article\",\"isPartOf\":{\"@id\":\"https:\/\/dev.explora.cl\/araucania\/charlas-magistrales-celebran-la-semana-nacional-de-la-ciencia-y-la-tecnologia\/\"},\"author\":{\"name\":\"webman\",\"@id\":\"https:\/\/dev.explora.cl\/araucania\/#\/schema\/person\/cb8349c13ea2d324080adf8480d7ba5d\"},\"headline\":\"Charlas Magistrales celebran la Semana Nacional de la Ciencia y la Tecnolog\u00eda\",\"datePublished\":\"2018-10-17T17:00:39+00:00\",\"dateModified\":\"2019-05-20T19:13:07+00:00\",\"mainEntityOfPage\":{\"@id\":\"https:\/\/dev.explora.cl\/araucania\/charlas-magistrales-celebran-la-semana-nacional-de-la-ciencia-y-la-tecnologia\/\"},\"wordCount\":600,\"image\":{\"@id\":\"https:\/\/dev.explora.cl\/araucania\/charlas-magistrales-celebran-la-semana-nacional-de-la-ciencia-y-la-tecnologia\/#primaryimage\"},\"thumbnailUrl\":\"\",\"articleSection\":[\"Noticias\"],\"inLanguage\":\"es-CL\"},{\"@type\":\"WebPage\",\"@id\":\"https:\/\/dev.explora.cl\/araucania\/charlas-magistrales-celebran-la-semana-nacional-de-la-ciencia-y-la-tecnologia\/\",\"url\":\"https:\/\/dev.explora.cl\/araucania\/charlas-magistrales-celebran-la-semana-nacional-de-la-ciencia-y-la-tecnologia\/\",\"name\":\"Charlas Magistrales celebran la Semana Nacional de la Ciencia y la Tecnolog\u00eda - Araucan\u00eda\",\"isPartOf\":{\"@id\":\"https:\/\/dev.explora.cl\/araucania\/#website\"},\"primaryImageOfPage\":{\"@id\":\"https:\/\/dev.explora.cl\/araucania\/charlas-magistrales-celebran-la-semana-nacional-de-la-ciencia-y-la-tecnologia\/#primaryimage\"},\"image\":{\"@id\":\"https:\/\/dev.explora.cl\/araucania\/charlas-magistrales-celebran-la-semana-nacional-de-la-ciencia-y-la-tecnologia\/#primaryimage\"},\"thumbnailUrl\":\"\",\"datePublished\":\"2018-10-17T17:00:39+00:00\",\"dateModified\":\"2019-05-20T19:13:07+00:00\",\"author\":{\"@id\":\"https:\/\/dev.explora.cl\/araucania\/#\/schema\/person\/cb8349c13ea2d324080adf8480d7ba5d\"},\"breadcrumb\":{\"@id\":\"https:\/\/dev.explora.cl\/araucania\/charlas-magistrales-celebran-la-semana-nacional-de-la-ciencia-y-la-tecnologia\/#breadcrumb\"},\"inLanguage\":\"es-CL\",\"potentialAction\":[{\"@type\":\"ReadAction\",\"target\":[\"https:\/\/dev.explora.cl\/araucania\/charlas-magistrales-celebran-la-semana-nacional-de-la-ciencia-y-la-tecnologia\/\"]}]},{\"@type\":\"ImageObject\",\"inLanguage\":\"es-CL\",\"@id\":\"https:\/\/dev.explora.cl\/araucania\/charlas-magistrales-celebran-la-semana-nacional-de-la-ciencia-y-la-tecnologia\/#primaryimage\",\"url\":\"\",\"contentUrl\":\"\"},{\"@type\":\"BreadcrumbList\",\"@id\":\"https:\/\/dev.explora.cl\/araucania\/charlas-magistrales-celebran-la-semana-nacional-de-la-ciencia-y-la-tecnologia\/#breadcrumb\",\"itemListElement\":[{\"@type\":\"ListItem\",\"position\":1,\"name\":\"Portada\",\"item\":\"https:\/\/dev.explora.cl\/araucania\/\"},{\"@type\":\"ListItem\",\"position\":2,\"name\":\"Charlas Magistrales celebran la Semana Nacional de la Ciencia y la Tecnolog\u00eda\"}]},{\"@type\":\"WebSite\",\"@id\":\"https:\/\/dev.explora.cl\/araucania\/#website\",\"url\":\"https:\/\/dev.explora.cl\/araucania\/\",\"name\":\"Araucan\u00eda\",\"description\":\"Otro sitio m\u00e1s de dev.explora.cl\",\"potentialAction\":[{\"@type\":\"SearchAction\",\"target\":{\"@type\":\"EntryPoint\",\"urlTemplate\":\"https:\/\/dev.explora.cl\/araucania\/?s={search_term_string}\"},\"query-input\":{\"@type\":\"PropertyValueSpecification\",\"valueRequired\":true,\"valueName\":\"search_term_string\"}}],\"inLanguage\":\"es-CL\"},{\"@type\":\"Person\",\"@id\":\"https:\/\/dev.explora.cl\/araucania\/#\/schema\/person\/cb8349c13ea2d324080adf8480d7ba5d\",\"name\":\"webman\",\"image\":{\"@type\":\"ImageObject\",\"inLanguage\":\"es-CL\",\"@id\":\"https:\/\/dev.explora.cl\/araucania\/#\/schema\/person\/image\/\",\"url\":\"https:\/\/secure.gravatar.com\/avatar\/eeff3c82f2c02f7177d13663b7e6f890e9a6a0647ce9bb29cae02dcb094c7312?s=96&d=mm&r=g\",\"contentUrl\":\"https:\/\/secure.gravatar.com\/avatar\/eeff3c82f2c02f7177d13663b7e6f890e9a6a0647ce9bb29cae02dcb094c7312?s=96&d=mm&r=g\",\"caption\":\"webman\"},\"url\":\"https:\/\/dev.explora.cl\/araucania\/author\/webman\/\"}]}<\/script>\n<!-- \/ Yoast SEO plugin. -->","yoast_head_json":{"title":"Charlas Magistrales celebran la Semana Nacional de la Ciencia y la Tecnolog\u00eda - Araucan\u00eda","robots":{"index":"index","follow":"follow","max-snippet":"max-snippet:-1","max-image-preview":"max-image-preview:large","max-video-preview":"max-video-preview:-1"},"canonical":"https:\/\/dev.explora.cl\/araucania\/charlas-magistrales-celebran-la-semana-nacional-de-la-ciencia-y-la-tecnologia\/","og_locale":"es_ES","og_type":"article","og_title":"Charlas Magistrales celebran la Semana Nacional de la Ciencia y la Tecnolog\u00eda - Araucan\u00eda","og_description":"Con charlas cient\u00edficas en la Universidad Aut\u00f3noma de Chile sede Temuco y Escuela Art\u00edstica Armando Dufey Blanc, cerca de 300 estudiantes de la regi\u00f3n celebraron la XXIV Semana Nacional de la Ciencia y la Tecnolog\u00eda, a cargo del PAR Explora de CONICYT La Araucan\u00eda coordinado por la Universidad de La Frontera. Hasta el Auditorio Juan [&hellip;]","og_url":"https:\/\/dev.explora.cl\/araucania\/charlas-magistrales-celebran-la-semana-nacional-de-la-ciencia-y-la-tecnologia\/","og_site_name":"Araucan\u00eda","article_published_time":"2018-10-17T17:00:39+00:00","article_modified_time":"2019-05-20T19:13:07+00:00","author":"webman","twitter_card":"summary_large_image","twitter_misc":{"Escrito por":"webman","Tiempo estimado de lectura":"3 minutos"},"schema":{"@context":"https:\/\/schema.org","@graph":[{"@type":"Article","@id":"https:\/\/dev.explora.cl\/araucania\/charlas-magistrales-celebran-la-semana-nacional-de-la-ciencia-y-la-tecnologia\/#article","isPartOf":{"@id":"https:\/\/dev.explora.cl\/araucania\/charlas-magistrales-celebran-la-semana-nacional-de-la-ciencia-y-la-tecnologia\/"},"author":{"name":"webman","@id":"https:\/\/dev.explora.cl\/araucania\/#\/schema\/person\/cb8349c13ea2d324080adf8480d7ba5d"},"headline":"Charlas Magistrales celebran la Semana Nacional de la Ciencia y la Tecnolog\u00eda","datePublished":"2018-10-17T17:00:39+00:00","dateModified":"2019-05-20T19:13:07+00:00","mainEntityOfPage":{"@id":"https:\/\/dev.explora.cl\/araucania\/charlas-magistrales-celebran-la-semana-nacional-de-la-ciencia-y-la-tecnologia\/"},"wordCount":600,"image":{"@id":"https:\/\/dev.explora.cl\/araucania\/charlas-magistrales-celebran-la-semana-nacional-de-la-ciencia-y-la-tecnologia\/#primaryimage"},"thumbnailUrl":"","articleSection":["Noticias"],"inLanguage":"es-CL"},{"@type":"WebPage","@id":"https:\/\/dev.explora.cl\/araucania\/charlas-magistrales-celebran-la-semana-nacional-de-la-ciencia-y-la-tecnologia\/","url":"https:\/\/dev.explora.cl\/araucania\/charlas-magistrales-celebran-la-semana-nacional-de-la-ciencia-y-la-tecnologia\/","name":"Charlas Magistrales celebran la Semana Nacional de la Ciencia y la Tecnolog\u00eda - Araucan\u00eda","isPartOf":{"@id":"https:\/\/dev.explora.cl\/araucania\/#website"},"primaryImageOfPage":{"@id":"https:\/\/dev.explora.cl\/araucania\/charlas-magistrales-celebran-la-semana-nacional-de-la-ciencia-y-la-tecnologia\/#primaryimage"},"image":{"@id":"https:\/\/dev.explora.cl\/araucania\/charlas-magistrales-celebran-la-semana-nacional-de-la-ciencia-y-la-tecnologia\/#primaryimage"},"thumbnailUrl":"","datePublished":"2018-10-17T17:00:39+00:00","dateModified":"2019-05-20T19:13:07+00:00","author":{"@id":"https:\/\/dev.explora.cl\/araucania\/#\/schema\/person\/cb8349c13ea2d324080adf8480d7ba5d"},"breadcrumb":{"@id":"https:\/\/dev.explora.cl\/araucania\/charlas-magistrales-celebran-la-semana-nacional-de-la-ciencia-y-la-tecnologia\/#breadcrumb"},"inLanguage":"es-CL","potentialAction":[{"@type":"ReadAction","target":["https:\/\/dev.explora.cl\/araucania\/charlas-magistrales-celebran-la-semana-nacional-de-la-ciencia-y-la-tecnologia\/"]}]},{"@type":"ImageObject","inLanguage":"es-CL","@id":"https:\/\/dev.explora.cl\/araucania\/charlas-magistrales-celebran-la-semana-nacional-de-la-ciencia-y-la-tecnologia\/#primaryimage","url":"","contentUrl":""},{"@type":"BreadcrumbList","@id":"https:\/\/dev.explora.cl\/araucania\/charlas-magistrales-celebran-la-semana-nacional-de-la-ciencia-y-la-tecnologia\/#breadcrumb","itemListElement":[{"@type":"ListItem","position":1,"name":"Portada","item":"https:\/\/dev.explora.cl\/araucania\/"},{"@type":"ListItem","position":2,"name":"Charlas Magistrales celebran la Semana Nacional de la Ciencia y la Tecnolog\u00eda"}]},{"@type":"WebSite","@id":"https:\/\/dev.explora.cl\/araucania\/#website","url":"https:\/\/dev.explora.cl\/araucania\/","name":"Araucan\u00eda","description":"Otro sitio m\u00e1s de dev.explora.cl","potentialAction":[{"@type":"SearchAction","target":{"@type":"EntryPoint","urlTemplate":"https:\/\/dev.explora.cl\/araucania\/?s={search_term_string}"},"query-input":{"@type":"PropertyValueSpecification","valueRequired":true,"valueName":"search_term_string"}}],"inLanguage":"es-CL"},{"@type":"Person","@id":"https:\/\/dev.explora.cl\/araucania\/#\/schema\/person\/cb8349c13ea2d324080adf8480d7ba5d","name":"webman","image":{"@type":"ImageObject","inLanguage":"es-CL","@id":"https:\/\/dev.explora.cl\/araucania\/#\/schema\/person\/image\/","url":"https:\/\/secure.gravatar.com\/avatar\/eeff3c82f2c02f7177d13663b7e6f890e9a6a0647ce9bb29cae02dcb094c7312?s=96&d=mm&r=g","contentUrl":"https:\/\/secure.gravatar.com\/avatar\/eeff3c82f2c02f7177d13663b7e6f890e9a6a0647ce9bb29cae02dcb094c7312?s=96&d=mm&r=g","caption":"webman"},"url":"https:\/\/dev.explora.cl\/araucania\/author\/webman\/"}]}},"_links":{"self":[{"href":"https:\/\/dev.explora.cl\/araucania\/wp-json\/wp\/v2\/posts\/37171","targetHints":{"allow":["GET"]}}],"collection":[{"href":"https:\/\/dev.explora.cl\/araucania\/wp-json\/wp\/v2\/posts"}],"about":[{"href":"https:\/\/dev.explora.cl\/araucania\/wp-json\/wp\/v2\/types\/post"}],"author":[{"embeddable":true,"href":"https:\/\/dev.explora.cl\/araucania\/wp-json\/wp\/v2\/users\/2"}],"replies":[{"embeddable":true,"href":"https:\/\/dev.explora.cl\/araucania\/wp-json\/wp\/v2\/comments?post=37171"}],"version-history":[{"count":1,"href":"https:\/\/dev.explora.cl\/araucania\/wp-json\/wp\/v2\/posts\/37171\/revisions"}],"predecessor-version":[{"id":38592,"href":"https:\/\/dev.explora.cl\/araucania\/wp-json\/wp\/v2\/posts\/37171\/revisions\/38592"}],"wp:featuredmedia":[{"embeddable":true,"href":"https:\/\/dev.explora.cl\/araucania\/wp-json\/"}],"wp:attachment":[{"href":"https:\/\/dev.explora.cl\/araucania\/wp-json\/wp\/v2\/media?parent=37171"}],"wp:term":[{"taxonomy":"category","embeddable":true,"href":"https:\/\/dev.explora.cl\/araucania\/wp-json\/wp\/v2\/categories?post=37171"},{"taxonomy":"post_tag","embeddable":true,"href":"https:\/\/dev.explora.cl\/araucania\/wp-json\/wp\/v2\/tags?post=37171"}],"curies":[{"name":"wp","href":"https:\/\/api.w.org\/{rel}","templated":true}]}}