{"id":37128,"date":"2018-10-16T18:43:57","date_gmt":"2018-10-16T22:43:57","guid":{"rendered":"https:\/\/dev.explora.cl\/blog\/2018\/10\/16\/con-obra-de-titeres-infantil-se-celebro-en-la-araucania-el-dia-nacional-de-la-ciencia\/"},"modified":"2019-05-20T19:13:07","modified_gmt":"2019-05-20T19:13:07","slug":"con-obra-de-titeres-infantil-se-celebro-en-la-araucania-el-dia-nacional-de-la-ciencia","status":"publish","type":"post","link":"https:\/\/dev.explora.cl\/araucania\/con-obra-de-titeres-infantil-se-celebro-en-la-araucania-el-dia-nacional-de-la-ciencia\/","title":{"rendered":"Con obra de t\u00edteres infantil se celebr\u00f3 en La Araucan\u00eda el D\u00eda Nacional de la Ciencia"},"content":{"rendered":"<p style=\"text-align: center\"><span style=\"font-family: 'trebuchet ms', geneva;font-size: 12pt\"><em><img loading=\"lazy\" decoding=\"async\" src=\"https:\/\/scontent-scl1-1.xx.fbcdn.net\/v\/t1.0-9\/43326520_2165283227023051_7405249832849244160_n.jpg?_nc_cat=111&amp;oh=9c308eec43c6fa90cfedc8feeb0d9b5a&amp;oe=5C50FE49\" alt=\"La imagen puede contener: 1 persona\" width=\"625\" height=\"417\" style=\"margin-left: auto;margin-right: auto\" \/><\/em><\/span><\/p>\n<p>&nbsp;<\/p>\n<p style=\"text-align: center\"><span style=\"font-family: 'trebuchet ms', geneva;font-size: 12pt\"><strong><em>El \u201cD\u00eda Nacional de la Ciencia, la Tecnolog\u00eda, el Conocimiento y la Innovaci\u00f3n\u201d, iniciativa promovida por el Consorcio de Universidades del Estado de Chile (CUECH), a trav\u00e9s de su Red de Investigaci\u00f3n, busca promover la cultura cient\u00edfica en la ciudadan\u00eda.<\/em><\/strong><\/span><\/p>\n<hr \/>\n<p style=\"text-align: justify\"><span style=\"font-family: 'trebuchet ms', geneva;font-size: 12pt\">Para celebrar este d\u00eda el PAR Explora de CONICYT La Araucan\u00eda ejecutado por la Universidad de La Frontera en conjunto con el Museo Regional Araucan\u00eda, organizaron la entretenida obra de t\u00edteres: <strong>&#8220;\u00bfPor qu\u00e9 caen las hojas de los \u00e1rboles?&#8221;<\/strong>, din\u00e1mica presentaci\u00f3n art\u00edstica infantil que cautiv\u00f3 en especial a los m\u00e1s peque\u00f1os de la casa.<\/span><\/p>\n<p style=\"text-align: justify\"><span style=\"font-family: 'trebuchet ms', geneva;font-size: 12pt\">Laboratorios abiertos, obras de teatro, charlas, ferias cient\u00edficas, entre otras entretenidas actividades dieron vida a la celebraci\u00f3n a lo largo de todo el pa\u00eds del <strong>\u201cD\u00eda Nacional de la Ciencia, la Tecnolog\u00eda, el Conocimiento y la Innovaci\u00f3n\u201d.&nbsp;<\/strong>La promulgaci\u00f3n de este d\u00eda fue dado a conocer el pasado 5 de julio en el Diario Oficial, destacando que&nbsp; la iniciativa se celebrar\u00e1 el primer domingo de octubre de cada a\u00f1o en el marco de las actividades de la&nbsp;Semana Nacional de la Ciencia y la Tecnolog\u00eda, actividad realizada por CONICYT a trav\u00e9s de su Programa Explora en todo Chile desde hace 24 a\u00f1os.<\/span><\/p>\n<p style=\"text-align: justify\"><span style=\"font-family: 'trebuchet ms', geneva;font-size: 12pt\">Miles de personas participaron en las distintas propuestas desplegadas a lo largo de todo el pa\u00eds. Y en nuestra regi\u00f3n buscamos continuar encantando con el maravilloso mundo de la ciencia, educando a la comunidad de una manera interactiva, es por esto que&nbsp; invitamos a toda la familia a aprender sobre ciencia a trav\u00e9s de la obra de t\u00edteres:<strong> \u201c\u00bfPor qu\u00e9 caen las hojas de los \u00e1rboles?\u201d, <\/strong>propuesta<strong>&nbsp;<\/strong>realizada en conjunto por la compa\u00f1\u00eda de teatro Calatos de Temuco y el PAR Explora de CONICYT La Araucan\u00eda, que busc\u00f3 reforzar los conceptos de fotos\u00edntesis y clorofila en un juego dram\u00e1tico que respondi\u00f3 a la pregunta que surge del fen\u00f3meno natural: \u00bfPor qu\u00e9 caen las hojas de los \u00e1rboles?<\/span><\/p>\n<p style=\"text-align: justify\"><span style=\"font-family: 'trebuchet ms', geneva;font-size: 12pt\">Nelson Venegas, director de la Compa\u00f1\u00eda de teatro Calatos, destac\u00f3 que \u201cbuscamos poner en relieve el tema de la ciencia a trav\u00e9s de algo tan simple como es la ca\u00edda de las hojas de los \u00e1rboles en oto\u00f1o,&nbsp; es por esto que creamos una obra enfocada en ni\u00f1os peque\u00f1os a la cual le agregamos conceptos cient\u00edficos muy sencillos para as\u00ed poder aportar a la educaci\u00f3n de una manera m\u00e1s did\u00e1ctica\u201d. &nbsp;<\/span><\/p>\n<p style=\"text-align: justify\"><span style=\"font-family: 'trebuchet ms', geneva;font-size: 12pt\">De esta forma, en el transcurso de la obra, Pachino, Gladys y Tito dialogaron e interactuaron con los espectadores, quienes fueron part\u00edcipes del relato asimilando de forma amigable los conceptos y analog\u00edas expuestas, generando un aprendizaje m\u00e1s significativo.&nbsp;<\/span><\/p>\n<p style=\"text-align: justify\"><span style=\"font-family: 'trebuchet ms', geneva;font-size: 12pt\">Al respecto,&nbsp;<\/span><span style=\"font-family: 'trebuchet ms', geneva;font-size: 16px\">Marcia De La Fuente afirm\u00f3<\/span><span style=\"font-family: 'trebuchet ms', geneva;font-size: 16px\">&nbsp;que&nbsp;<\/span><span style=\"font-family: 'trebuchet ms', geneva;font-size: 16px\"><\/span><span style=\"font-family: 'trebuchet ms', geneva;font-size: 12pt\">\u201ccomo familia estamos siempre buscando actividades cient\u00edficas por lo que de inmediato nos interesamos en venir junto a nuestro hijo que tiene 4 a\u00f1os, ya que nos parece interesante que pueda aprender de manera l\u00fadica, los ni\u00f1os aprenden explorando y es nuestro deber generar y buscar espacios para desarrollar a\u00fan m\u00e1s sus propias habilidades y competencias en el futuro\u201d.&nbsp;<\/span><\/p>\n<p style=\"text-align: justify\"><span style=\"font-family: 'trebuchet ms', geneva;font-size: 12pt\">A su vez, en el marco de las celebraciones la Universidad de La Frontera abri\u00f3 sus puertas para mostrar a la comunidad en general el rol de la ciencia en el desarrollo de la sociedad y el pa\u00eds, realizando el &#8220;Tour de la Ciencia en la UFRO&#8221;, ocasi\u00f3n en la que los visitantes realizaron un recorrido guiado por distintos laboratorios y stands, que de manera l\u00fadica compartieron con los asistentes parte del quehacer cient\u00edfico que realiza esta casa de estudios regional.<\/span><\/p>\n<p style=\"text-align: center\"><span style=\"font-size: 14pt;color: #000000\"><em><span style=\"font-family: 'trebuchet ms', geneva\"><\/span><\/em><\/span><\/p>\n<p><img decoding=\"async\" src=\"https:\/\/scontent-scl1-1.xx.fbcdn.net\/v\/t1.0-9\/44259744_10214652753405674_6299631032161271808_n.jpg?_nc_cat=110&amp;oh=1aef8405891731503a122103c18eb1e9&amp;oe=5C4084CA\" alt=\"La imagen puede contener: 4 personas, personas sonriendo, interior\" \/><\/p>\n<p>&nbsp;<\/p>\n<p style=\"margin: 0px 0px 12px;color: #333333;font-family: gobclregular, sans-serif;font-size: 16px;font-style: normal;font-weight: 300;letter-spacing: normal;text-indent: 0px;background-color: #ffffff;text-align: center\"><strong><span style=\"color: #0000ff;font-size: 18pt\"><a href=\"https:\/\/www.facebook.com\/pg\/explora.araucania\/photos\/?tab=album&amp;album_id=2165281870356520\" style=\"color: #0000ff\"><span style=\"font-family: 'trebuchet ms', geneva\">\u00a1Haz click aqu\u00ed&nbsp;para ver la galer\u00eda&nbsp;de im\u00e1genes!<\/span><\/a><\/span><\/strong><\/p>\n<p style=\"margin: 0px 0px 12px;color: #333333;font-family: gobclregular, sans-serif;font-size: 16px;font-style: normal;font-weight: 300;letter-spacing: normal;text-indent: 0px;background-color: #ffffff;text-align: center\"><strong><span style=\"color: #ff0000;font-size: 18pt\"><a href=\"https:\/\/www.youtube.com\/watch?v=wj3L4z53QWE&amp;feature=youtu.be\" style=\"color: #ff0000\">\u00a1Haz click aqu\u00ed&nbsp;para ver un breve video de la actividad!<\/a><\/span><\/strong><\/p>\n<p>&nbsp;<\/p>\n<p><span style=\"color: #0000ff;font-size: 24pt\"><\/span><\/p>\n<p>&nbsp;<span style=\"font-family: 'trebuchet ms', geneva;font-size: 12pt\"><strong>Periodista: Viarly Salazar Fritz.<\/strong><\/span><\/p>\n","protected":false},"excerpt":{"rendered":"<p>&nbsp; El \u201cD\u00eda Nacional de la Ciencia, la Tecnolog\u00eda, el Conocimiento y la Innovaci\u00f3n\u201d, iniciativa promovida por el Consorcio de Universidades del Estado de Chile (CUECH), a trav\u00e9s de su Red de Investigaci\u00f3n, busca promover la cultura cient\u00edfica en la ciudadan\u00eda. Para celebrar este d\u00eda el PAR Explora de CONICYT La Araucan\u00eda ejecutado por la [&hellip;]<\/p>\n","protected":false},"author":2,"featured_media":37127,"comment_status":"closed","ping_status":"open","sticky":false,"template":"","format":"standard","meta":{"_acf_changed":false,"_exactmetrics_skip_tracking":false,"_exactmetrics_sitenote_active":false,"_exactmetrics_sitenote_note":"","_exactmetrics_sitenote_category":0,"footnotes":"","_links_to":"","_links_to_target":""},"categories":[4],"tags":[],"class_list":["post-37128","post","type-post","status-publish","format-standard","has-post-thumbnail","hentry","category-noticias"],"acf":[],"yoast_head":"<!-- This site is optimized with the Yoast SEO plugin v26.7 - https:\/\/yoast.com\/wordpress\/plugins\/seo\/ -->\n<title>Con obra de t\u00edteres infantil se celebr\u00f3 en La Araucan\u00eda el D\u00eda Nacional de la Ciencia - Araucan\u00eda<\/title>\n<meta name=\"robots\" content=\"index, follow, max-snippet:-1, max-image-preview:large, max-video-preview:-1\" \/>\n<link rel=\"canonical\" href=\"https:\/\/dev.explora.cl\/araucania\/con-obra-de-titeres-infantil-se-celebro-en-la-araucania-el-dia-nacional-de-la-ciencia\/\" class=\"yoast-seo-meta-tag\" \/>\n<meta property=\"og:locale\" content=\"es_ES\" class=\"yoast-seo-meta-tag\" \/>\n<meta property=\"og:type\" content=\"article\" class=\"yoast-seo-meta-tag\" \/>\n<meta property=\"og:title\" content=\"Con obra de t\u00edteres infantil se celebr\u00f3 en La Araucan\u00eda el D\u00eda Nacional de la Ciencia - Araucan\u00eda\" class=\"yoast-seo-meta-tag\" \/>\n<meta property=\"og:description\" content=\"&nbsp; El \u201cD\u00eda Nacional de la Ciencia, la Tecnolog\u00eda, el Conocimiento y la Innovaci\u00f3n\u201d, iniciativa promovida por el Consorcio de Universidades del Estado de Chile (CUECH), a trav\u00e9s de su Red de Investigaci\u00f3n, busca promover la cultura cient\u00edfica en la ciudadan\u00eda. Para celebrar este d\u00eda el PAR Explora de CONICYT La Araucan\u00eda ejecutado por la [&hellip;]\" class=\"yoast-seo-meta-tag\" \/>\n<meta property=\"og:url\" content=\"https:\/\/dev.explora.cl\/araucania\/con-obra-de-titeres-infantil-se-celebro-en-la-araucania-el-dia-nacional-de-la-ciencia\/\" class=\"yoast-seo-meta-tag\" \/>\n<meta property=\"og:site_name\" content=\"Araucan\u00eda\" class=\"yoast-seo-meta-tag\" \/>\n<meta property=\"article:published_time\" content=\"2018-10-16T22:43:57+00:00\" class=\"yoast-seo-meta-tag\" \/>\n<meta property=\"article:modified_time\" content=\"2019-05-20T19:13:07+00:00\" class=\"yoast-seo-meta-tag\" \/>\n<meta name=\"author\" content=\"webman\" class=\"yoast-seo-meta-tag\" \/>\n<meta name=\"twitter:card\" content=\"summary_large_image\" class=\"yoast-seo-meta-tag\" \/>\n<meta name=\"twitter:label1\" content=\"Escrito por\" class=\"yoast-seo-meta-tag\" \/>\n\t<meta name=\"twitter:data1\" content=\"webman\" class=\"yoast-seo-meta-tag\" \/>\n\t<meta name=\"twitter:label2\" content=\"Tiempo estimado de lectura\" class=\"yoast-seo-meta-tag\" \/>\n\t<meta name=\"twitter:data2\" content=\"3 minutos\" class=\"yoast-seo-meta-tag\" \/>\n<script type=\"application\/ld+json\" class=\"yoast-schema-graph\">{\"@context\":\"https:\/\/schema.org\",\"@graph\":[{\"@type\":\"Article\",\"@id\":\"https:\/\/dev.explora.cl\/araucania\/con-obra-de-titeres-infantil-se-celebro-en-la-araucania-el-dia-nacional-de-la-ciencia\/#article\",\"isPartOf\":{\"@id\":\"https:\/\/dev.explora.cl\/araucania\/con-obra-de-titeres-infantil-se-celebro-en-la-araucania-el-dia-nacional-de-la-ciencia\/\"},\"author\":{\"name\":\"webman\",\"@id\":\"https:\/\/dev.explora.cl\/araucania\/#\/schema\/person\/cb8349c13ea2d324080adf8480d7ba5d\"},\"headline\":\"Con obra de t\u00edteres infantil se celebr\u00f3 en La Araucan\u00eda el D\u00eda Nacional de la Ciencia\",\"datePublished\":\"2018-10-16T22:43:57+00:00\",\"dateModified\":\"2019-05-20T19:13:07+00:00\",\"mainEntityOfPage\":{\"@id\":\"https:\/\/dev.explora.cl\/araucania\/con-obra-de-titeres-infantil-se-celebro-en-la-araucania-el-dia-nacional-de-la-ciencia\/\"},\"wordCount\":690,\"image\":{\"@id\":\"https:\/\/dev.explora.cl\/araucania\/con-obra-de-titeres-infantil-se-celebro-en-la-araucania-el-dia-nacional-de-la-ciencia\/#primaryimage\"},\"thumbnailUrl\":\"\",\"articleSection\":[\"Noticias\"],\"inLanguage\":\"es-CL\"},{\"@type\":\"WebPage\",\"@id\":\"https:\/\/dev.explora.cl\/araucania\/con-obra-de-titeres-infantil-se-celebro-en-la-araucania-el-dia-nacional-de-la-ciencia\/\",\"url\":\"https:\/\/dev.explora.cl\/araucania\/con-obra-de-titeres-infantil-se-celebro-en-la-araucania-el-dia-nacional-de-la-ciencia\/\",\"name\":\"Con obra de t\u00edteres infantil se celebr\u00f3 en La Araucan\u00eda el D\u00eda Nacional de la Ciencia - Araucan\u00eda\",\"isPartOf\":{\"@id\":\"https:\/\/dev.explora.cl\/araucania\/#website\"},\"primaryImageOfPage\":{\"@id\":\"https:\/\/dev.explora.cl\/araucania\/con-obra-de-titeres-infantil-se-celebro-en-la-araucania-el-dia-nacional-de-la-ciencia\/#primaryimage\"},\"image\":{\"@id\":\"https:\/\/dev.explora.cl\/araucania\/con-obra-de-titeres-infantil-se-celebro-en-la-araucania-el-dia-nacional-de-la-ciencia\/#primaryimage\"},\"thumbnailUrl\":\"\",\"datePublished\":\"2018-10-16T22:43:57+00:00\",\"dateModified\":\"2019-05-20T19:13:07+00:00\",\"author\":{\"@id\":\"https:\/\/dev.explora.cl\/araucania\/#\/schema\/person\/cb8349c13ea2d324080adf8480d7ba5d\"},\"breadcrumb\":{\"@id\":\"https:\/\/dev.explora.cl\/araucania\/con-obra-de-titeres-infantil-se-celebro-en-la-araucania-el-dia-nacional-de-la-ciencia\/#breadcrumb\"},\"inLanguage\":\"es-CL\",\"potentialAction\":[{\"@type\":\"ReadAction\",\"target\":[\"https:\/\/dev.explora.cl\/araucania\/con-obra-de-titeres-infantil-se-celebro-en-la-araucania-el-dia-nacional-de-la-ciencia\/\"]}]},{\"@type\":\"ImageObject\",\"inLanguage\":\"es-CL\",\"@id\":\"https:\/\/dev.explora.cl\/araucania\/con-obra-de-titeres-infantil-se-celebro-en-la-araucania-el-dia-nacional-de-la-ciencia\/#primaryimage\",\"url\":\"\",\"contentUrl\":\"\"},{\"@type\":\"BreadcrumbList\",\"@id\":\"https:\/\/dev.explora.cl\/araucania\/con-obra-de-titeres-infantil-se-celebro-en-la-araucania-el-dia-nacional-de-la-ciencia\/#breadcrumb\",\"itemListElement\":[{\"@type\":\"ListItem\",\"position\":1,\"name\":\"Portada\",\"item\":\"https:\/\/dev.explora.cl\/araucania\/\"},{\"@type\":\"ListItem\",\"position\":2,\"name\":\"Con obra de t\u00edteres infantil se celebr\u00f3 en La Araucan\u00eda el D\u00eda Nacional de la Ciencia\"}]},{\"@type\":\"WebSite\",\"@id\":\"https:\/\/dev.explora.cl\/araucania\/#website\",\"url\":\"https:\/\/dev.explora.cl\/araucania\/\",\"name\":\"Araucan\u00eda\",\"description\":\"Otro sitio m\u00e1s de dev.explora.cl\",\"potentialAction\":[{\"@type\":\"SearchAction\",\"target\":{\"@type\":\"EntryPoint\",\"urlTemplate\":\"https:\/\/dev.explora.cl\/araucania\/?s={search_term_string}\"},\"query-input\":{\"@type\":\"PropertyValueSpecification\",\"valueRequired\":true,\"valueName\":\"search_term_string\"}}],\"inLanguage\":\"es-CL\"},{\"@type\":\"Person\",\"@id\":\"https:\/\/dev.explora.cl\/araucania\/#\/schema\/person\/cb8349c13ea2d324080adf8480d7ba5d\",\"name\":\"webman\",\"image\":{\"@type\":\"ImageObject\",\"inLanguage\":\"es-CL\",\"@id\":\"https:\/\/dev.explora.cl\/araucania\/#\/schema\/person\/image\/\",\"url\":\"https:\/\/secure.gravatar.com\/avatar\/eeff3c82f2c02f7177d13663b7e6f890e9a6a0647ce9bb29cae02dcb094c7312?s=96&d=mm&r=g\",\"contentUrl\":\"https:\/\/secure.gravatar.com\/avatar\/eeff3c82f2c02f7177d13663b7e6f890e9a6a0647ce9bb29cae02dcb094c7312?s=96&d=mm&r=g\",\"caption\":\"webman\"},\"url\":\"https:\/\/dev.explora.cl\/araucania\/author\/webman\/\"}]}<\/script>\n<!-- \/ Yoast SEO plugin. -->","yoast_head_json":{"title":"Con obra de t\u00edteres infantil se celebr\u00f3 en La Araucan\u00eda el D\u00eda Nacional de la Ciencia - Araucan\u00eda","robots":{"index":"index","follow":"follow","max-snippet":"max-snippet:-1","max-image-preview":"max-image-preview:large","max-video-preview":"max-video-preview:-1"},"canonical":"https:\/\/dev.explora.cl\/araucania\/con-obra-de-titeres-infantil-se-celebro-en-la-araucania-el-dia-nacional-de-la-ciencia\/","og_locale":"es_ES","og_type":"article","og_title":"Con obra de t\u00edteres infantil se celebr\u00f3 en La Araucan\u00eda el D\u00eda Nacional de la Ciencia - Araucan\u00eda","og_description":"&nbsp; El \u201cD\u00eda Nacional de la Ciencia, la Tecnolog\u00eda, el Conocimiento y la Innovaci\u00f3n\u201d, iniciativa promovida por el Consorcio de Universidades del Estado de Chile (CUECH), a trav\u00e9s de su Red de Investigaci\u00f3n, busca promover la cultura cient\u00edfica en la ciudadan\u00eda. Para celebrar este d\u00eda el PAR Explora de CONICYT La Araucan\u00eda ejecutado por la [&hellip;]","og_url":"https:\/\/dev.explora.cl\/araucania\/con-obra-de-titeres-infantil-se-celebro-en-la-araucania-el-dia-nacional-de-la-ciencia\/","og_site_name":"Araucan\u00eda","article_published_time":"2018-10-16T22:43:57+00:00","article_modified_time":"2019-05-20T19:13:07+00:00","author":"webman","twitter_card":"summary_large_image","twitter_misc":{"Escrito por":"webman","Tiempo estimado de lectura":"3 minutos"},"schema":{"@context":"https:\/\/schema.org","@graph":[{"@type":"Article","@id":"https:\/\/dev.explora.cl\/araucania\/con-obra-de-titeres-infantil-se-celebro-en-la-araucania-el-dia-nacional-de-la-ciencia\/#article","isPartOf":{"@id":"https:\/\/dev.explora.cl\/araucania\/con-obra-de-titeres-infantil-se-celebro-en-la-araucania-el-dia-nacional-de-la-ciencia\/"},"author":{"name":"webman","@id":"https:\/\/dev.explora.cl\/araucania\/#\/schema\/person\/cb8349c13ea2d324080adf8480d7ba5d"},"headline":"Con obra de t\u00edteres infantil se celebr\u00f3 en La Araucan\u00eda el D\u00eda Nacional de la Ciencia","datePublished":"2018-10-16T22:43:57+00:00","dateModified":"2019-05-20T19:13:07+00:00","mainEntityOfPage":{"@id":"https:\/\/dev.explora.cl\/araucania\/con-obra-de-titeres-infantil-se-celebro-en-la-araucania-el-dia-nacional-de-la-ciencia\/"},"wordCount":690,"image":{"@id":"https:\/\/dev.explora.cl\/araucania\/con-obra-de-titeres-infantil-se-celebro-en-la-araucania-el-dia-nacional-de-la-ciencia\/#primaryimage"},"thumbnailUrl":"","articleSection":["Noticias"],"inLanguage":"es-CL"},{"@type":"WebPage","@id":"https:\/\/dev.explora.cl\/araucania\/con-obra-de-titeres-infantil-se-celebro-en-la-araucania-el-dia-nacional-de-la-ciencia\/","url":"https:\/\/dev.explora.cl\/araucania\/con-obra-de-titeres-infantil-se-celebro-en-la-araucania-el-dia-nacional-de-la-ciencia\/","name":"Con obra de t\u00edteres infantil se celebr\u00f3 en La Araucan\u00eda el D\u00eda Nacional de la Ciencia - Araucan\u00eda","isPartOf":{"@id":"https:\/\/dev.explora.cl\/araucania\/#website"},"primaryImageOfPage":{"@id":"https:\/\/dev.explora.cl\/araucania\/con-obra-de-titeres-infantil-se-celebro-en-la-araucania-el-dia-nacional-de-la-ciencia\/#primaryimage"},"image":{"@id":"https:\/\/dev.explora.cl\/araucania\/con-obra-de-titeres-infantil-se-celebro-en-la-araucania-el-dia-nacional-de-la-ciencia\/#primaryimage"},"thumbnailUrl":"","datePublished":"2018-10-16T22:43:57+00:00","dateModified":"2019-05-20T19:13:07+00:00","author":{"@id":"https:\/\/dev.explora.cl\/araucania\/#\/schema\/person\/cb8349c13ea2d324080adf8480d7ba5d"},"breadcrumb":{"@id":"https:\/\/dev.explora.cl\/araucania\/con-obra-de-titeres-infantil-se-celebro-en-la-araucania-el-dia-nacional-de-la-ciencia\/#breadcrumb"},"inLanguage":"es-CL","potentialAction":[{"@type":"ReadAction","target":["https:\/\/dev.explora.cl\/araucania\/con-obra-de-titeres-infantil-se-celebro-en-la-araucania-el-dia-nacional-de-la-ciencia\/"]}]},{"@type":"ImageObject","inLanguage":"es-CL","@id":"https:\/\/dev.explora.cl\/araucania\/con-obra-de-titeres-infantil-se-celebro-en-la-araucania-el-dia-nacional-de-la-ciencia\/#primaryimage","url":"","contentUrl":""},{"@type":"BreadcrumbList","@id":"https:\/\/dev.explora.cl\/araucania\/con-obra-de-titeres-infantil-se-celebro-en-la-araucania-el-dia-nacional-de-la-ciencia\/#breadcrumb","itemListElement":[{"@type":"ListItem","position":1,"name":"Portada","item":"https:\/\/dev.explora.cl\/araucania\/"},{"@type":"ListItem","position":2,"name":"Con obra de t\u00edteres infantil se celebr\u00f3 en La Araucan\u00eda el D\u00eda Nacional de la Ciencia"}]},{"@type":"WebSite","@id":"https:\/\/dev.explora.cl\/araucania\/#website","url":"https:\/\/dev.explora.cl\/araucania\/","name":"Araucan\u00eda","description":"Otro sitio m\u00e1s de dev.explora.cl","potentialAction":[{"@type":"SearchAction","target":{"@type":"EntryPoint","urlTemplate":"https:\/\/dev.explora.cl\/araucania\/?s={search_term_string}"},"query-input":{"@type":"PropertyValueSpecification","valueRequired":true,"valueName":"search_term_string"}}],"inLanguage":"es-CL"},{"@type":"Person","@id":"https:\/\/dev.explora.cl\/araucania\/#\/schema\/person\/cb8349c13ea2d324080adf8480d7ba5d","name":"webman","image":{"@type":"ImageObject","inLanguage":"es-CL","@id":"https:\/\/dev.explora.cl\/araucania\/#\/schema\/person\/image\/","url":"https:\/\/secure.gravatar.com\/avatar\/eeff3c82f2c02f7177d13663b7e6f890e9a6a0647ce9bb29cae02dcb094c7312?s=96&d=mm&r=g","contentUrl":"https:\/\/secure.gravatar.com\/avatar\/eeff3c82f2c02f7177d13663b7e6f890e9a6a0647ce9bb29cae02dcb094c7312?s=96&d=mm&r=g","caption":"webman"},"url":"https:\/\/dev.explora.cl\/araucania\/author\/webman\/"}]}},"_links":{"self":[{"href":"https:\/\/dev.explora.cl\/araucania\/wp-json\/wp\/v2\/posts\/37128","targetHints":{"allow":["GET"]}}],"collection":[{"href":"https:\/\/dev.explora.cl\/araucania\/wp-json\/wp\/v2\/posts"}],"about":[{"href":"https:\/\/dev.explora.cl\/araucania\/wp-json\/wp\/v2\/types\/post"}],"author":[{"embeddable":true,"href":"https:\/\/dev.explora.cl\/araucania\/wp-json\/wp\/v2\/users\/2"}],"replies":[{"embeddable":true,"href":"https:\/\/dev.explora.cl\/araucania\/wp-json\/wp\/v2\/comments?post=37128"}],"version-history":[{"count":1,"href":"https:\/\/dev.explora.cl\/araucania\/wp-json\/wp\/v2\/posts\/37128\/revisions"}],"predecessor-version":[{"id":38593,"href":"https:\/\/dev.explora.cl\/araucania\/wp-json\/wp\/v2\/posts\/37128\/revisions\/38593"}],"wp:featuredmedia":[{"embeddable":true,"href":"https:\/\/dev.explora.cl\/araucania\/wp-json\/"}],"wp:attachment":[{"href":"https:\/\/dev.explora.cl\/araucania\/wp-json\/wp\/v2\/media?parent=37128"}],"wp:term":[{"taxonomy":"category","embeddable":true,"href":"https:\/\/dev.explora.cl\/araucania\/wp-json\/wp\/v2\/categories?post=37128"},{"taxonomy":"post_tag","embeddable":true,"href":"https:\/\/dev.explora.cl\/araucania\/wp-json\/wp\/v2\/tags?post=37128"}],"curies":[{"name":"wp","href":"https:\/\/api.w.org\/{rel}","templated":true}]}}