{"id":37013,"date":"2018-10-10T15:55:33","date_gmt":"2018-10-10T19:55:33","guid":{"rendered":"https:\/\/dev.explora.cl\/blog\/2018\/10\/10\/con-inclusiva-intervencion-urbana-se-dio-inicio-en-la-araucania-a-la-semana-nacional-de-la-ciencia-y-la-tecnologia\/"},"modified":"2019-05-20T19:13:08","modified_gmt":"2019-05-20T19:13:08","slug":"con-inclusiva-intervencion-urbana-se-dio-inicio-en-la-araucania-a-la-semana-nacional-de-la-ciencia-y-la-tecnologia","status":"publish","type":"post","link":"https:\/\/dev.explora.cl\/araucania\/con-inclusiva-intervencion-urbana-se-dio-inicio-en-la-araucania-a-la-semana-nacional-de-la-ciencia-y-la-tecnologia\/","title":{"rendered":"&quot;Ponte en mi lugar&quot;: inclusiva intervenci\u00f3n urbana con la que se dio inicio a la Semana Nacional de la Ciencia y la Tecnolog\u00eda"},"content":{"rendered":"<p><span style=\"font-size: 14pt\"><em><span style=\"font-family: 'trebuchet ms', geneva\"><img loading=\"lazy\" decoding=\"async\" src=\"https:\/\/scontent-scl1-1.xx.fbcdn.net\/v\/t1.0-9\/43591453_10214612943970463_5250594195055312896_n.jpg?_nc_cat=101&amp;oh=8d6f3c02e0067274ba45c3cf52a3f850&amp;oe=5C4BA658\" alt=\"La imagen puede contener: 4 personas, personas sonriendo, personas de pie\" width=\"588\" height=\"392\" style=\"margin-left: auto;margin-right: auto\" \/><\/span><\/em><\/span><\/p>\n<p style=\"text-align: center\"><span style=\"font-size: 14pt;color: #000000\"><em><span style=\"font-family: 'trebuchet ms', geneva\">La actividad busc\u00f3 que los participantes se pusieran en el lugar de una persona en situaci\u00f3n de discapacidad, experimentando actividades como subir una rampa en silla de ruedas o simular un paseo con obst\u00e1culos.&nbsp;&nbsp;<\/span><\/em><\/span><\/p>\n<hr \/>\n<p style=\"text-align: justify\"><span style=\"font-family: 'trebuchet ms', geneva;font-size: 12pt;color: #000000\">A trav\u00e9s de la intervenci\u00f3n urbana <strong>\u201cPonte en mi lugar<\/strong>\u201d, el PAR Explora de CONICYT La Araucan\u00eda ejecutado por la Universidad de La Frontera, en conjunto con el Instituto Telet\u00f3n Temuco, inauguraron la <strong>XXIV Semana Nacional de la Ciencia y la Tecnolog\u00eda.<\/strong><\/span><\/p>\n<p style=\"text-align: justify\"><span style=\"font-family: 'trebuchet ms', geneva;font-size: 12pt;color: #000000\">En la ocasi\u00f3n estudiantes de Temuco de la Escuela AMI y la Escuela Andr\u00e9s Bello, autoridades y p\u00fablico en general, fueron part\u00edcipes de esta reflexiva actividad de concientizaci\u00f3n y apropiaci\u00f3n social a trav\u00e9s de la cual usuarios de la Telet\u00f3n realizaron un circuito en sillas de ruedas por el Mall Vivo Outlet Temuco, utilizando obst\u00e1culos y una rampla, para posteriormente invitar a los asistentes a realizar este mismo circuito, a modo de reflejar las dificultadas que presentan las personas en situaci\u00f3n de discapacidad al transitar por lugares p\u00fablicos que muchas veces no est\u00e1n acondicionados para ellos.<\/span><\/p>\n<p style=\"text-align: justify\"><span style=\"font-family: 'trebuchet ms', geneva;font-size: 12pt;color: #000000\">\u201cEl no caminar es una dificultad y cuando tienes que utilizar una herramienta que no es de tu cuerpo como lo es una silla de ruedas la complejidad aumenta, al principio es dif\u00edcil, pero con el tiempo se van adquiriendo habilidades. La idea es que los estudiantes puedan vivir la experiencia de estar en el lugar de los ni\u00f1os y j\u00f3venes de Telet\u00f3n, y que se den cuenta de las habilidades que desarrollan\u201d. Se\u00f1al\u00f3 David Padilla, coordinador de deportes del Instituto Telet\u00f3n Temuco, quien dirigi\u00f3 la actividad destacando la importancia de la inclusi\u00f3n.&nbsp;<\/span><\/p>\n<p style=\"text-align: justify\"><span style=\"font-family: 'trebuchet ms', geneva;font-size: 12pt;color: #000000\">Mat\u00edas P\u00e1vez, estudiante de la Escuela AMI de Temuco, fue uno de los ni\u00f1os que se atrevi\u00f3 a realizar el desaf\u00edo <strong>\u201cPonte en mi lugar\u201d<\/strong>, con un poco de nervios se subi\u00f3 a la silla de ruedas y lentamente comenz\u00f3 a desplazarse, se\u00f1alando que nunca hab\u00eda tenido una experiencia como esta, en la oportunidad afirm\u00f3 que \u201ces un poco dif\u00edcil mover las ruedas para girar, subir a la rampla requer\u00eda mucha fuerza, el cuerpo se siente m\u00e1s pesado de lo normal, cre\u00ed que era m\u00e1s f\u00e1cil y en realidad no lo es\u201d.<\/span><\/p>\n<p style=\"text-align: justify\"><span style=\"font-family: 'trebuchet ms', geneva;font-size: 12pt;color: #000000\">Al respecto, Miguel Becker, alcalde de Temuco afirm\u00f3 que \u201cdesde hace varios a\u00f1os por ley los edificios y todo tipo de construcci\u00f3n deben tener incorporadas las facilidades para personas en situaci\u00f3n de discapacidad, estar adaptados para personas que por una u otra raz\u00f3n usen una silla de ruedas, como se observ\u00f3 en la intervenci\u00f3n, es por esto que nuestra tarea es hacer de Temuco una ciudad mucho m\u00e1s inclusiva\u201d. &nbsp;<\/span><\/p>\n<p style=\"text-align: justify\"><span style=\"font-family: 'trebuchet ms', geneva;font-size: 12pt;color: #000000\">En tanto, Felipe Gallardo, director del PAR Explora de CONICYT La Araucan\u00eda se\u00f1al\u00f3 que \u201choy cumplimos el objetivo propuesto con Telet\u00f3n que era tomar conciencia de las barreras a las que se enfrentan algunas personas en lugares o situaciones que muchas veces creemos cotidianas, destacando la importancia de la inclusi\u00f3n y trasmitiendo este mensaje a todas las personas, en especial a los ni\u00f1os y ni\u00f1as&#8221;.<\/span><\/p>\n<p style=\"text-align: justify\"><span style=\"font-family: 'trebuchet ms', geneva;font-size: 12pt;color: #000000\">La iniciativa que se realiz\u00f3 en <span style=\"font-family: 'trebuchet ms', geneva;font-size: 12pt;color: #000000\">Mall Vivo Outlet Temuco,<\/span>&nbsp;busc\u00f3 generar espacios conjuntos para plantear tem\u00e1ticas relacionadas a la discapacidad, acercando a los estudiantes y la ciudadan\u00eda en general a la realidad de miles de familias en el pa\u00eds. &nbsp;<\/span><\/p>\n<p><span style=\"color: #000000\"><\/span><\/p>\n<p><span style=\"color: #000000\"><img decoding=\"async\" src=\"https:\/\/scontent-scl1-1.xx.fbcdn.net\/v\/t1.0-9\/43787935_10214612941490401_618868963031384064_n.jpg?_nc_cat=109&amp;oh=b9d0faa36e84093e02aeb386f8b0e55e&amp;oe=5C4A9CA0\" alt=\"\" style=\"margin-left: auto;margin-right: auto\" \/><\/span><\/p>\n<p><span style=\"color: #000000\"><\/span><\/p>\n<p style=\"margin: 0cm 0cm 9pt;text-align: justify\"><span style=\"font-size: 12pt\"><strong><span style=\"font-family: 'Trebuchet MS', sans-serif;color: black\">La Semana Nacional de la Ciencia y la Tecnolog\u00eda<\/span><\/strong><\/span><\/p>\n<p style=\"margin: 0cm 0cm 9pt;text-align: justify\"><span style=\"font-family: 'Trebuchet MS', sans-serif;color: black;font-size: 12pt\">La Semana Nacional de la Ciencia y la Tecnolog\u00eda es una oportunidad para asombrarnos con el mundo que nos rodea y despertar nuestro esp\u00edritu investigador, buscando que toda la comunidad se maraville con los m\u00faltiples beneficios de la ciencia, sum\u00e1ndose as\u00ed, a esta gran fiesta nacional.<\/span><\/p>\n<p style=\"margin: 0cm 0cm 9pt;text-align: justify\"><span style=\"font-family: 'Trebuchet MS', sans-serif;color: black;font-size: 12pt\">Miles de personas participar\u00e1n en las distintas propuestas desplegadas a lo largo de todo Chile y en nuestra regi\u00f3n buscamos continuar encantando con el maravilloso mundo de la ciencia, educando a la comunidad de una manera interactiva, es por esto que en el marco de la<strong><span style=\"font-family: 'Trebuchet MS', sans-serif\">&nbsp;XXIV Semana Nacional de la Ciencia y la Tecnolog\u00eda<\/span><\/strong>, invitamos a toda la comunidad a participar este<strong><span style=\"font-family: 'Trebuchet MS', sans-serif\">&nbsp;viernes 12 de octubre<\/span><\/strong>&nbsp;de&nbsp;<strong><span style=\"font-family: 'Trebuchet MS', sans-serif\">10:00 a 13:00<\/span><\/strong>&nbsp;y de<strong><span style=\"font-family: 'Trebuchet MS', sans-serif\">&nbsp;15:00 a 17:00&nbsp;<\/span><\/strong>horas, en la actividad \u00bfPor qu\u00e9 migramos?, iniciativa que se realizar\u00e1 en el Museo Regional Araucan\u00eda, oportunidad en la que se desarrollar\u00e1 una experiencia de aprendizaje y reflexi\u00f3n en torno a las migraciones y sus diversos componentes sociales, econ\u00f3micos, culturales y pol\u00edticos.<\/span><\/p>\n<p style=\"text-align: justify\"><span style=\"color: #000000\"><strong><span style=\"font-family: 'trebuchet ms', geneva;font-size: 12pt\"><\/span><\/strong><\/span><\/p>\n<p style=\"text-align: justify\">\n<p style=\"margin: 0px 0px 12px;color: #333333;font-family: gobclregular, sans-serif;font-size: 16px;font-style: normal;font-weight: 300;letter-spacing: normal;text-indent: 0px;background-color: #ffffff;text-align: center\"><span style=\"font-family: 'trebuchet ms', geneva;font-size: 18pt\"><a href=\"https:\/\/www.facebook.com\/pg\/explora.araucania\/photos\/?tab=album&amp;album_id=2166229913595049\"><strong style=\"font-weight: bold\">\u00a1Haz click aqu\u00ed&nbsp;para ver la galer\u00eda&nbsp;de im\u00e1genes!<\/strong><\/a><\/span><\/p>\n<p>&nbsp;<\/p>\n<p style=\"margin: 0px 0px 12px;color: #333333;font-family: gobclregular, sans-serif;font-size: 16px;font-style: normal;font-weight: 300;letter-spacing: normal;text-indent: 0px;background-color: #ffffff;text-align: center\"><span style=\"color: #0000ff\"><strong><span style=\"font-family: 'trebuchet ms', geneva\"><a href=\"https:\/\/www.youtube.com\/watch?v=PCfEpZvu7Vw\" style=\"color: #0000ff\"><span style=\"font-size: 18pt\">\u00a1Haz click aqu\u00ed&nbsp;para ver un breve video de la actividad!<\/span><\/a><\/span><\/strong><\/span><\/p>\n<p>&nbsp;<\/p>\n<p style=\"text-align: justify\"><span style=\"font-family: 'trebuchet ms', geneva;font-size: 12pt;color: #000000\"><\/span><\/p>\n<p style=\"text-align: justify\"><span style=\"font-family: 'trebuchet ms', geneva;font-size: 12pt;color: #000000\"><strong>Periodista: Viarly Salazar Fritz.<\/strong><\/span><\/p>\n","protected":false},"excerpt":{"rendered":"<p>La actividad busc\u00f3 que los participantes se pusieran en el lugar de una persona en situaci\u00f3n de discapacidad, experimentando actividades como subir una rampa en silla de ruedas o simular un paseo con obst\u00e1culos.&nbsp;&nbsp; A trav\u00e9s de la intervenci\u00f3n urbana \u201cPonte en mi lugar\u201d, el PAR Explora de CONICYT La Araucan\u00eda ejecutado por la Universidad [&hellip;]<\/p>\n","protected":false},"author":2,"featured_media":37012,"comment_status":"closed","ping_status":"open","sticky":false,"template":"","format":"standard","meta":{"_acf_changed":false,"_exactmetrics_skip_tracking":false,"_exactmetrics_sitenote_active":false,"_exactmetrics_sitenote_note":"","_exactmetrics_sitenote_category":0,"footnotes":"","_links_to":"","_links_to_target":""},"categories":[4],"tags":[],"class_list":["post-37013","post","type-post","status-publish","format-standard","has-post-thumbnail","hentry","category-noticias"],"acf":[],"yoast_head":"<!-- This site is optimized with the Yoast SEO plugin v26.7 - https:\/\/yoast.com\/wordpress\/plugins\/seo\/ -->\n<title>&quot;Ponte en mi lugar&quot;: inclusiva intervenci\u00f3n urbana con la que se dio inicio a la Semana Nacional de la Ciencia y la Tecnolog\u00eda - Araucan\u00eda<\/title>\n<meta name=\"robots\" content=\"index, follow, max-snippet:-1, max-image-preview:large, max-video-preview:-1\" \/>\n<link rel=\"canonical\" href=\"https:\/\/dev.explora.cl\/araucania\/con-inclusiva-intervencion-urbana-se-dio-inicio-en-la-araucania-a-la-semana-nacional-de-la-ciencia-y-la-tecnologia\/\" class=\"yoast-seo-meta-tag\" \/>\n<meta property=\"og:locale\" content=\"es_ES\" class=\"yoast-seo-meta-tag\" \/>\n<meta property=\"og:type\" content=\"article\" class=\"yoast-seo-meta-tag\" \/>\n<meta property=\"og:title\" content=\"&quot;Ponte en mi lugar&quot;: inclusiva intervenci\u00f3n urbana con la que se dio inicio a la Semana Nacional de la Ciencia y la Tecnolog\u00eda - Araucan\u00eda\" class=\"yoast-seo-meta-tag\" \/>\n<meta property=\"og:description\" content=\"La actividad busc\u00f3 que los participantes se pusieran en el lugar de una persona en situaci\u00f3n de discapacidad, experimentando actividades como subir una rampa en silla de ruedas o simular un paseo con obst\u00e1culos.&nbsp;&nbsp; A trav\u00e9s de la intervenci\u00f3n urbana \u201cPonte en mi lugar\u201d, el PAR Explora de CONICYT La Araucan\u00eda ejecutado por la Universidad [&hellip;]\" class=\"yoast-seo-meta-tag\" \/>\n<meta property=\"og:url\" content=\"https:\/\/dev.explora.cl\/araucania\/con-inclusiva-intervencion-urbana-se-dio-inicio-en-la-araucania-a-la-semana-nacional-de-la-ciencia-y-la-tecnologia\/\" class=\"yoast-seo-meta-tag\" \/>\n<meta property=\"og:site_name\" content=\"Araucan\u00eda\" class=\"yoast-seo-meta-tag\" \/>\n<meta property=\"article:published_time\" content=\"2018-10-10T19:55:33+00:00\" class=\"yoast-seo-meta-tag\" \/>\n<meta property=\"article:modified_time\" content=\"2019-05-20T19:13:08+00:00\" class=\"yoast-seo-meta-tag\" \/>\n<meta name=\"author\" content=\"webman\" class=\"yoast-seo-meta-tag\" \/>\n<meta name=\"twitter:card\" content=\"summary_large_image\" class=\"yoast-seo-meta-tag\" \/>\n<meta name=\"twitter:label1\" content=\"Escrito por\" class=\"yoast-seo-meta-tag\" \/>\n\t<meta name=\"twitter:data1\" content=\"webman\" class=\"yoast-seo-meta-tag\" \/>\n\t<meta name=\"twitter:label2\" content=\"Tiempo estimado de lectura\" class=\"yoast-seo-meta-tag\" \/>\n\t<meta name=\"twitter:data2\" content=\"4 minutos\" class=\"yoast-seo-meta-tag\" \/>\n<script type=\"application\/ld+json\" class=\"yoast-schema-graph\">{\"@context\":\"https:\/\/schema.org\",\"@graph\":[{\"@type\":\"Article\",\"@id\":\"https:\/\/dev.explora.cl\/araucania\/con-inclusiva-intervencion-urbana-se-dio-inicio-en-la-araucania-a-la-semana-nacional-de-la-ciencia-y-la-tecnologia\/#article\",\"isPartOf\":{\"@id\":\"https:\/\/dev.explora.cl\/araucania\/con-inclusiva-intervencion-urbana-se-dio-inicio-en-la-araucania-a-la-semana-nacional-de-la-ciencia-y-la-tecnologia\/\"},\"author\":{\"name\":\"webman\",\"@id\":\"https:\/\/dev.explora.cl\/araucania\/#\/schema\/person\/cb8349c13ea2d324080adf8480d7ba5d\"},\"headline\":\"&quot;Ponte en mi lugar&quot;: inclusiva intervenci\u00f3n urbana con la que se dio inicio a la Semana Nacional de la Ciencia y la Tecnolog\u00eda\",\"datePublished\":\"2018-10-10T19:55:33+00:00\",\"dateModified\":\"2019-05-20T19:13:08+00:00\",\"mainEntityOfPage\":{\"@id\":\"https:\/\/dev.explora.cl\/araucania\/con-inclusiva-intervencion-urbana-se-dio-inicio-en-la-araucania-a-la-semana-nacional-de-la-ciencia-y-la-tecnologia\/\"},\"wordCount\":834,\"image\":{\"@id\":\"https:\/\/dev.explora.cl\/araucania\/con-inclusiva-intervencion-urbana-se-dio-inicio-en-la-araucania-a-la-semana-nacional-de-la-ciencia-y-la-tecnologia\/#primaryimage\"},\"thumbnailUrl\":\"\",\"articleSection\":[\"Noticias\"],\"inLanguage\":\"es-CL\"},{\"@type\":\"WebPage\",\"@id\":\"https:\/\/dev.explora.cl\/araucania\/con-inclusiva-intervencion-urbana-se-dio-inicio-en-la-araucania-a-la-semana-nacional-de-la-ciencia-y-la-tecnologia\/\",\"url\":\"https:\/\/dev.explora.cl\/araucania\/con-inclusiva-intervencion-urbana-se-dio-inicio-en-la-araucania-a-la-semana-nacional-de-la-ciencia-y-la-tecnologia\/\",\"name\":\"&quot;Ponte en mi lugar&quot;: inclusiva intervenci\u00f3n urbana con la que se dio inicio a la Semana Nacional de la Ciencia y la Tecnolog\u00eda - Araucan\u00eda\",\"isPartOf\":{\"@id\":\"https:\/\/dev.explora.cl\/araucania\/#website\"},\"primaryImageOfPage\":{\"@id\":\"https:\/\/dev.explora.cl\/araucania\/con-inclusiva-intervencion-urbana-se-dio-inicio-en-la-araucania-a-la-semana-nacional-de-la-ciencia-y-la-tecnologia\/#primaryimage\"},\"image\":{\"@id\":\"https:\/\/dev.explora.cl\/araucania\/con-inclusiva-intervencion-urbana-se-dio-inicio-en-la-araucania-a-la-semana-nacional-de-la-ciencia-y-la-tecnologia\/#primaryimage\"},\"thumbnailUrl\":\"\",\"datePublished\":\"2018-10-10T19:55:33+00:00\",\"dateModified\":\"2019-05-20T19:13:08+00:00\",\"author\":{\"@id\":\"https:\/\/dev.explora.cl\/araucania\/#\/schema\/person\/cb8349c13ea2d324080adf8480d7ba5d\"},\"breadcrumb\":{\"@id\":\"https:\/\/dev.explora.cl\/araucania\/con-inclusiva-intervencion-urbana-se-dio-inicio-en-la-araucania-a-la-semana-nacional-de-la-ciencia-y-la-tecnologia\/#breadcrumb\"},\"inLanguage\":\"es-CL\",\"potentialAction\":[{\"@type\":\"ReadAction\",\"target\":[\"https:\/\/dev.explora.cl\/araucania\/con-inclusiva-intervencion-urbana-se-dio-inicio-en-la-araucania-a-la-semana-nacional-de-la-ciencia-y-la-tecnologia\/\"]}]},{\"@type\":\"ImageObject\",\"inLanguage\":\"es-CL\",\"@id\":\"https:\/\/dev.explora.cl\/araucania\/con-inclusiva-intervencion-urbana-se-dio-inicio-en-la-araucania-a-la-semana-nacional-de-la-ciencia-y-la-tecnologia\/#primaryimage\",\"url\":\"\",\"contentUrl\":\"\"},{\"@type\":\"BreadcrumbList\",\"@id\":\"https:\/\/dev.explora.cl\/araucania\/con-inclusiva-intervencion-urbana-se-dio-inicio-en-la-araucania-a-la-semana-nacional-de-la-ciencia-y-la-tecnologia\/#breadcrumb\",\"itemListElement\":[{\"@type\":\"ListItem\",\"position\":1,\"name\":\"Portada\",\"item\":\"https:\/\/dev.explora.cl\/araucania\/\"},{\"@type\":\"ListItem\",\"position\":2,\"name\":\"&quot;Ponte en mi lugar&quot;: inclusiva intervenci\u00f3n urbana con la que se dio inicio a la Semana Nacional de la Ciencia y la Tecnolog\u00eda\"}]},{\"@type\":\"WebSite\",\"@id\":\"https:\/\/dev.explora.cl\/araucania\/#website\",\"url\":\"https:\/\/dev.explora.cl\/araucania\/\",\"name\":\"Araucan\u00eda\",\"description\":\"Otro sitio m\u00e1s de dev.explora.cl\",\"potentialAction\":[{\"@type\":\"SearchAction\",\"target\":{\"@type\":\"EntryPoint\",\"urlTemplate\":\"https:\/\/dev.explora.cl\/araucania\/?s={search_term_string}\"},\"query-input\":{\"@type\":\"PropertyValueSpecification\",\"valueRequired\":true,\"valueName\":\"search_term_string\"}}],\"inLanguage\":\"es-CL\"},{\"@type\":\"Person\",\"@id\":\"https:\/\/dev.explora.cl\/araucania\/#\/schema\/person\/cb8349c13ea2d324080adf8480d7ba5d\",\"name\":\"webman\",\"image\":{\"@type\":\"ImageObject\",\"inLanguage\":\"es-CL\",\"@id\":\"https:\/\/dev.explora.cl\/araucania\/#\/schema\/person\/image\/\",\"url\":\"https:\/\/secure.gravatar.com\/avatar\/eeff3c82f2c02f7177d13663b7e6f890e9a6a0647ce9bb29cae02dcb094c7312?s=96&d=mm&r=g\",\"contentUrl\":\"https:\/\/secure.gravatar.com\/avatar\/eeff3c82f2c02f7177d13663b7e6f890e9a6a0647ce9bb29cae02dcb094c7312?s=96&d=mm&r=g\",\"caption\":\"webman\"},\"url\":\"https:\/\/dev.explora.cl\/araucania\/author\/webman\/\"}]}<\/script>\n<!-- \/ Yoast SEO plugin. -->","yoast_head_json":{"title":"&quot;Ponte en mi lugar&quot;: inclusiva intervenci\u00f3n urbana con la que se dio inicio a la Semana Nacional de la Ciencia y la Tecnolog\u00eda - Araucan\u00eda","robots":{"index":"index","follow":"follow","max-snippet":"max-snippet:-1","max-image-preview":"max-image-preview:large","max-video-preview":"max-video-preview:-1"},"canonical":"https:\/\/dev.explora.cl\/araucania\/con-inclusiva-intervencion-urbana-se-dio-inicio-en-la-araucania-a-la-semana-nacional-de-la-ciencia-y-la-tecnologia\/","og_locale":"es_ES","og_type":"article","og_title":"&quot;Ponte en mi lugar&quot;: inclusiva intervenci\u00f3n urbana con la que se dio inicio a la Semana Nacional de la Ciencia y la Tecnolog\u00eda - Araucan\u00eda","og_description":"La actividad busc\u00f3 que los participantes se pusieran en el lugar de una persona en situaci\u00f3n de discapacidad, experimentando actividades como subir una rampa en silla de ruedas o simular un paseo con obst\u00e1culos.&nbsp;&nbsp; A trav\u00e9s de la intervenci\u00f3n urbana \u201cPonte en mi lugar\u201d, el PAR Explora de CONICYT La Araucan\u00eda ejecutado por la Universidad [&hellip;]","og_url":"https:\/\/dev.explora.cl\/araucania\/con-inclusiva-intervencion-urbana-se-dio-inicio-en-la-araucania-a-la-semana-nacional-de-la-ciencia-y-la-tecnologia\/","og_site_name":"Araucan\u00eda","article_published_time":"2018-10-10T19:55:33+00:00","article_modified_time":"2019-05-20T19:13:08+00:00","author":"webman","twitter_card":"summary_large_image","twitter_misc":{"Escrito por":"webman","Tiempo estimado de lectura":"4 minutos"},"schema":{"@context":"https:\/\/schema.org","@graph":[{"@type":"Article","@id":"https:\/\/dev.explora.cl\/araucania\/con-inclusiva-intervencion-urbana-se-dio-inicio-en-la-araucania-a-la-semana-nacional-de-la-ciencia-y-la-tecnologia\/#article","isPartOf":{"@id":"https:\/\/dev.explora.cl\/araucania\/con-inclusiva-intervencion-urbana-se-dio-inicio-en-la-araucania-a-la-semana-nacional-de-la-ciencia-y-la-tecnologia\/"},"author":{"name":"webman","@id":"https:\/\/dev.explora.cl\/araucania\/#\/schema\/person\/cb8349c13ea2d324080adf8480d7ba5d"},"headline":"&quot;Ponte en mi lugar&quot;: inclusiva intervenci\u00f3n urbana con la que se dio inicio a la Semana Nacional de la Ciencia y la Tecnolog\u00eda","datePublished":"2018-10-10T19:55:33+00:00","dateModified":"2019-05-20T19:13:08+00:00","mainEntityOfPage":{"@id":"https:\/\/dev.explora.cl\/araucania\/con-inclusiva-intervencion-urbana-se-dio-inicio-en-la-araucania-a-la-semana-nacional-de-la-ciencia-y-la-tecnologia\/"},"wordCount":834,"image":{"@id":"https:\/\/dev.explora.cl\/araucania\/con-inclusiva-intervencion-urbana-se-dio-inicio-en-la-araucania-a-la-semana-nacional-de-la-ciencia-y-la-tecnologia\/#primaryimage"},"thumbnailUrl":"","articleSection":["Noticias"],"inLanguage":"es-CL"},{"@type":"WebPage","@id":"https:\/\/dev.explora.cl\/araucania\/con-inclusiva-intervencion-urbana-se-dio-inicio-en-la-araucania-a-la-semana-nacional-de-la-ciencia-y-la-tecnologia\/","url":"https:\/\/dev.explora.cl\/araucania\/con-inclusiva-intervencion-urbana-se-dio-inicio-en-la-araucania-a-la-semana-nacional-de-la-ciencia-y-la-tecnologia\/","name":"&quot;Ponte en mi lugar&quot;: inclusiva intervenci\u00f3n urbana con la que se dio inicio a la Semana Nacional de la Ciencia y la Tecnolog\u00eda - Araucan\u00eda","isPartOf":{"@id":"https:\/\/dev.explora.cl\/araucania\/#website"},"primaryImageOfPage":{"@id":"https:\/\/dev.explora.cl\/araucania\/con-inclusiva-intervencion-urbana-se-dio-inicio-en-la-araucania-a-la-semana-nacional-de-la-ciencia-y-la-tecnologia\/#primaryimage"},"image":{"@id":"https:\/\/dev.explora.cl\/araucania\/con-inclusiva-intervencion-urbana-se-dio-inicio-en-la-araucania-a-la-semana-nacional-de-la-ciencia-y-la-tecnologia\/#primaryimage"},"thumbnailUrl":"","datePublished":"2018-10-10T19:55:33+00:00","dateModified":"2019-05-20T19:13:08+00:00","author":{"@id":"https:\/\/dev.explora.cl\/araucania\/#\/schema\/person\/cb8349c13ea2d324080adf8480d7ba5d"},"breadcrumb":{"@id":"https:\/\/dev.explora.cl\/araucania\/con-inclusiva-intervencion-urbana-se-dio-inicio-en-la-araucania-a-la-semana-nacional-de-la-ciencia-y-la-tecnologia\/#breadcrumb"},"inLanguage":"es-CL","potentialAction":[{"@type":"ReadAction","target":["https:\/\/dev.explora.cl\/araucania\/con-inclusiva-intervencion-urbana-se-dio-inicio-en-la-araucania-a-la-semana-nacional-de-la-ciencia-y-la-tecnologia\/"]}]},{"@type":"ImageObject","inLanguage":"es-CL","@id":"https:\/\/dev.explora.cl\/araucania\/con-inclusiva-intervencion-urbana-se-dio-inicio-en-la-araucania-a-la-semana-nacional-de-la-ciencia-y-la-tecnologia\/#primaryimage","url":"","contentUrl":""},{"@type":"BreadcrumbList","@id":"https:\/\/dev.explora.cl\/araucania\/con-inclusiva-intervencion-urbana-se-dio-inicio-en-la-araucania-a-la-semana-nacional-de-la-ciencia-y-la-tecnologia\/#breadcrumb","itemListElement":[{"@type":"ListItem","position":1,"name":"Portada","item":"https:\/\/dev.explora.cl\/araucania\/"},{"@type":"ListItem","position":2,"name":"&quot;Ponte en mi lugar&quot;: inclusiva intervenci\u00f3n urbana con la que se dio inicio a la Semana Nacional de la Ciencia y la Tecnolog\u00eda"}]},{"@type":"WebSite","@id":"https:\/\/dev.explora.cl\/araucania\/#website","url":"https:\/\/dev.explora.cl\/araucania\/","name":"Araucan\u00eda","description":"Otro sitio m\u00e1s de dev.explora.cl","potentialAction":[{"@type":"SearchAction","target":{"@type":"EntryPoint","urlTemplate":"https:\/\/dev.explora.cl\/araucania\/?s={search_term_string}"},"query-input":{"@type":"PropertyValueSpecification","valueRequired":true,"valueName":"search_term_string"}}],"inLanguage":"es-CL"},{"@type":"Person","@id":"https:\/\/dev.explora.cl\/araucania\/#\/schema\/person\/cb8349c13ea2d324080adf8480d7ba5d","name":"webman","image":{"@type":"ImageObject","inLanguage":"es-CL","@id":"https:\/\/dev.explora.cl\/araucania\/#\/schema\/person\/image\/","url":"https:\/\/secure.gravatar.com\/avatar\/eeff3c82f2c02f7177d13663b7e6f890e9a6a0647ce9bb29cae02dcb094c7312?s=96&d=mm&r=g","contentUrl":"https:\/\/secure.gravatar.com\/avatar\/eeff3c82f2c02f7177d13663b7e6f890e9a6a0647ce9bb29cae02dcb094c7312?s=96&d=mm&r=g","caption":"webman"},"url":"https:\/\/dev.explora.cl\/araucania\/author\/webman\/"}]}},"_links":{"self":[{"href":"https:\/\/dev.explora.cl\/araucania\/wp-json\/wp\/v2\/posts\/37013","targetHints":{"allow":["GET"]}}],"collection":[{"href":"https:\/\/dev.explora.cl\/araucania\/wp-json\/wp\/v2\/posts"}],"about":[{"href":"https:\/\/dev.explora.cl\/araucania\/wp-json\/wp\/v2\/types\/post"}],"author":[{"embeddable":true,"href":"https:\/\/dev.explora.cl\/araucania\/wp-json\/wp\/v2\/users\/2"}],"replies":[{"embeddable":true,"href":"https:\/\/dev.explora.cl\/araucania\/wp-json\/wp\/v2\/comments?post=37013"}],"version-history":[{"count":1,"href":"https:\/\/dev.explora.cl\/araucania\/wp-json\/wp\/v2\/posts\/37013\/revisions"}],"predecessor-version":[{"id":38594,"href":"https:\/\/dev.explora.cl\/araucania\/wp-json\/wp\/v2\/posts\/37013\/revisions\/38594"}],"wp:featuredmedia":[{"embeddable":true,"href":"https:\/\/dev.explora.cl\/araucania\/wp-json\/"}],"wp:attachment":[{"href":"https:\/\/dev.explora.cl\/araucania\/wp-json\/wp\/v2\/media?parent=37013"}],"wp:term":[{"taxonomy":"category","embeddable":true,"href":"https:\/\/dev.explora.cl\/araucania\/wp-json\/wp\/v2\/categories?post=37013"},{"taxonomy":"post_tag","embeddable":true,"href":"https:\/\/dev.explora.cl\/araucania\/wp-json\/wp\/v2\/tags?post=37013"}],"curies":[{"name":"wp","href":"https:\/\/api.w.org\/{rel}","templated":true}]}}