{"id":36881,"date":"2018-10-05T12:21:27","date_gmt":"2018-10-05T16:21:27","guid":{"rendered":"https:\/\/dev.explora.cl\/blog\/2018\/10\/05\/ufro-invita-a-la-comunidad-a-celebrar-el-dia-nacional-de-las-ciencias\/"},"modified":"2019-05-20T19:13:08","modified_gmt":"2019-05-20T19:13:08","slug":"ufro-invita-a-la-comunidad-a-celebrar-el-dia-nacional-de-las-ciencias","status":"publish","type":"post","link":"https:\/\/dev.explora.cl\/araucania\/ufro-invita-a-la-comunidad-a-celebrar-el-dia-nacional-de-las-ciencias\/","title":{"rendered":"UFRO invita a la comunidad a celebrar el D\u00eda Nacional de las Ciencias"},"content":{"rendered":"<p style=\"margin: 0px 0px 10px;padding: 0px;font-size: 17px;font-family: hllc;color: #333333;font-style: normal;font-weight: 500;letter-spacing: normal;text-indent: 0px;background-color: #ffffff\"><span style=\"font-family: 'trebuchet ms', geneva;font-size: 12pt\"><img loading=\"lazy\" decoding=\"async\" src=\"https:\/\/www.ufro.cl\/images\/UFRO_AL_DIA\/2018\/octubre\/03\/dia-nacional-ciencias.jpg\" alt=\"dia nacional ciencias\" width=\"458\" height=\"305\" style=\"margin-left: auto;margin-right: auto\" \/><\/span><\/p>\n<p>&nbsp;<\/p>\n<p style=\"margin: 0px 0px 10px;padding: 0px;font-size: 17px;font-family: hllc;color: #333333;font-style: normal;font-weight: 500;letter-spacing: normal;text-indent: 0px;background-color: #ffffff\"><span style=\"font-family: 'trebuchet ms', geneva;font-size: 12pt\">El pr\u00f3ximo domingo 7 de octubre se celebra el D\u00eda Nacional de las Ciencias, la Tecnolog\u00eda, el Conocimiento y la Innovaci\u00f3n, y el Consorcio de Universidades del Estado de Chile (CUECH), a trav\u00e9s de su Red de Investigaci\u00f3n, lo conmemorar\u00e1 de manera paralela en cada regi\u00f3n del pa\u00eds.<\/span><\/p>\n<p style=\"margin: 0px 0px 10px;padding: 0px;font-size: 17px;font-family: hllc;color: #333333;font-style: normal;font-weight: 500;letter-spacing: normal;text-align: justify;text-indent: 0px;background-color: #ffffff\"><span style=\"font-family: 'trebuchet ms', geneva;font-size: 12pt\">En la Regi\u00f3n de La Araucan\u00eda ser\u00e1 la Universidad de La Frontera -en su rol de universidad p\u00fablica y estatal- la anfitriona de este d\u00eda, para lo cual ha preparado un programa de actividades conmemorativas, con el objetivo de celebrar junto a la comunidad en general el rol de la ciencia en el desarrollo de la sociedad y el pa\u00eds.<\/span><\/p>\n<p style=\"margin: 0px 0px 10px;padding: 0px;font-size: 17px;font-family: hllc;color: #333333;font-style: normal;font-weight: 500;letter-spacing: normal;text-align: justify;text-indent: 0px;background-color: #ffffff\"><span style=\"font-family: 'trebuchet ms', geneva;font-size: 12pt\">La celebraci\u00f3n comenzar\u00e1 el domingo 7 con el &#8220;Tour de la Ciencia en la UFRO&#8221;, para cual se espera llegue la comunidad en general para participar de un recorrido guiado por distintos laboratorios y stands, que de manera l\u00fadica compartir\u00e1n con los asistentes parte del quehacer cient\u00edfico que realiza esta casa de estudios regional.<\/span><\/p>\n<p style=\"margin: 0px 0px 10px;padding: 0px;font-size: 17px;font-family: hllc;color: #333333;font-style: normal;font-weight: 500;letter-spacing: normal;text-align: justify;text-indent: 0px;background-color: #ffffff\"><span style=\"font-family: 'trebuchet ms', geneva;font-size: 12pt\">El punto de encuentro es a las 10:30 horas en el edificio de la MacroFacultad en el Campus Andr\u00e9s Bello (acceso por Uruguay N\u00b0 1545), para iniciar el recorrido que se extender\u00e1 hasta las 11:50 horas, para trasladarse hasta el Museo Regional Araucan\u00eda (ubicado en Av. Alemania 84), para lo cual se dispondr\u00e1 de movilizaci\u00f3n para los asistentes.<\/span><\/p>\n<p style=\"margin: 0px 0px 10px;padding: 0px;font-size: 17px;font-family: hllc;color: #333333;font-style: normal;font-weight: 500;letter-spacing: normal;text-align: justify;text-indent: 0px;background-color: #ffffff\"><span style=\"font-family: 'trebuchet ms', geneva;font-size: 12pt\">Ya en el Museo, podr\u00e1n disfrutar de la entretenida obra de t\u00edteres &#8220;\u00bfPor qu\u00e9 caen las hojas de los \u00e1rboles?&#8221;, que realizar\u00e1 la compa\u00f1\u00eda de teatro Calatos de Temuco y organizada por el PAR Explora de CONICYT La Araucan\u00eda ejecutado por la Universidad de La Frontera.<\/span><\/p>\n<p style=\"margin: 0px 0px 10px;padding: 0px;font-size: 17px;font-family: hllc;color: #333333;font-style: normal;font-weight: 500;letter-spacing: normal;text-align: justify;text-indent: 0px;background-color: #ffffff\"><span style=\"font-family: 'trebuchet ms', geneva;font-size: 12pt\">En el transcurso de la obra, Pachino, Gladys y Tito dialogar\u00e1n e interactuar\u00e1n con los presentes para ver de modo did\u00e1ctica y divertida la funci\u00f3n, buscando que los espectadores asimilen de forma amigable los conceptos y analog\u00edas expuestas en la obra.<\/span><\/p>\n<p style=\"margin: 0px 0px 10px;padding: 0px;font-size: 17px;font-family: hllc;color: #333333;font-style: normal;font-weight: 500;letter-spacing: normal;text-align: justify;text-indent: 0px;background-color: #ffffff\"><span style=\"font-family: 'trebuchet ms', geneva;font-size: 12pt\">La invitaci\u00f3n es a la comunidad, en especial a las familias, a sumarse a esta actividad conmemorativa del D\u00eda Nacional de las Ciencias, la Tecnolog\u00eda, el Conocimiento y la Innovaci\u00f3n.<\/span><\/p>\n<p><span style=\"font-family: 'trebuchet ms', geneva;font-size: 12pt\"><\/span><\/p>\n<p><span style=\"font-family: 'trebuchet ms', geneva;font-size: 12pt\"><img decoding=\"async\" src=\"https:\/\/www.ufro.cl\/images\/UFRO_AL_DIA\/escrito_por.png\" alt=\"escrito por\" \/>&nbsp;<span style=\"color: #333333;font-style: normal;font-weight: 500;letter-spacing: normal;text-align: right;text-indent: 0px;background-color: #ffffff;float: none\">Escrito por: Direcci\u00f3n de Comunicaciones de la Universidad de La Frontera.&nbsp;<\/span><\/span><\/p>\n","protected":false},"excerpt":{"rendered":"<p>&nbsp; El pr\u00f3ximo domingo 7 de octubre se celebra el D\u00eda Nacional de las Ciencias, la Tecnolog\u00eda, el Conocimiento y la Innovaci\u00f3n, y el Consorcio de Universidades del Estado de Chile (CUECH), a trav\u00e9s de su Red de Investigaci\u00f3n, lo conmemorar\u00e1 de manera paralela en cada regi\u00f3n del pa\u00eds. En la Regi\u00f3n de La Araucan\u00eda [&hellip;]<\/p>\n","protected":false},"author":2,"featured_media":36880,"comment_status":"closed","ping_status":"open","sticky":false,"template":"","format":"standard","meta":{"_acf_changed":false,"_exactmetrics_skip_tracking":false,"_exactmetrics_sitenote_active":false,"_exactmetrics_sitenote_note":"","_exactmetrics_sitenote_category":0,"footnotes":"","_links_to":"","_links_to_target":""},"categories":[4],"tags":[],"class_list":["post-36881","post","type-post","status-publish","format-standard","has-post-thumbnail","hentry","category-noticias"],"acf":[],"yoast_head":"<!-- This site is optimized with the Yoast SEO plugin v26.7 - https:\/\/yoast.com\/wordpress\/plugins\/seo\/ -->\n<title>UFRO invita a la comunidad a celebrar el D\u00eda Nacional de las Ciencias - Araucan\u00eda<\/title>\n<meta name=\"robots\" content=\"index, follow, max-snippet:-1, max-image-preview:large, max-video-preview:-1\" \/>\n<link rel=\"canonical\" href=\"https:\/\/dev.explora.cl\/araucania\/ufro-invita-a-la-comunidad-a-celebrar-el-dia-nacional-de-las-ciencias\/\" class=\"yoast-seo-meta-tag\" \/>\n<meta property=\"og:locale\" content=\"es_ES\" class=\"yoast-seo-meta-tag\" \/>\n<meta property=\"og:type\" content=\"article\" class=\"yoast-seo-meta-tag\" \/>\n<meta property=\"og:title\" content=\"UFRO invita a la comunidad a celebrar el D\u00eda Nacional de las Ciencias - Araucan\u00eda\" class=\"yoast-seo-meta-tag\" \/>\n<meta property=\"og:description\" content=\"&nbsp; El pr\u00f3ximo domingo 7 de octubre se celebra el D\u00eda Nacional de las Ciencias, la Tecnolog\u00eda, el Conocimiento y la Innovaci\u00f3n, y el Consorcio de Universidades del Estado de Chile (CUECH), a trav\u00e9s de su Red de Investigaci\u00f3n, lo conmemorar\u00e1 de manera paralela en cada regi\u00f3n del pa\u00eds. En la Regi\u00f3n de La Araucan\u00eda [&hellip;]\" class=\"yoast-seo-meta-tag\" \/>\n<meta property=\"og:url\" content=\"https:\/\/dev.explora.cl\/araucania\/ufro-invita-a-la-comunidad-a-celebrar-el-dia-nacional-de-las-ciencias\/\" class=\"yoast-seo-meta-tag\" \/>\n<meta property=\"og:site_name\" content=\"Araucan\u00eda\" class=\"yoast-seo-meta-tag\" \/>\n<meta property=\"article:published_time\" content=\"2018-10-05T16:21:27+00:00\" class=\"yoast-seo-meta-tag\" \/>\n<meta property=\"article:modified_time\" content=\"2019-05-20T19:13:08+00:00\" class=\"yoast-seo-meta-tag\" \/>\n<meta name=\"author\" content=\"webman\" class=\"yoast-seo-meta-tag\" \/>\n<meta name=\"twitter:card\" content=\"summary_large_image\" class=\"yoast-seo-meta-tag\" \/>\n<meta name=\"twitter:label1\" content=\"Escrito por\" class=\"yoast-seo-meta-tag\" \/>\n\t<meta name=\"twitter:data1\" content=\"webman\" class=\"yoast-seo-meta-tag\" \/>\n\t<meta name=\"twitter:label2\" content=\"Tiempo estimado de lectura\" class=\"yoast-seo-meta-tag\" \/>\n\t<meta name=\"twitter:data2\" content=\"2 minutos\" class=\"yoast-seo-meta-tag\" \/>\n<script type=\"application\/ld+json\" class=\"yoast-schema-graph\">{\"@context\":\"https:\/\/schema.org\",\"@graph\":[{\"@type\":\"Article\",\"@id\":\"https:\/\/dev.explora.cl\/araucania\/ufro-invita-a-la-comunidad-a-celebrar-el-dia-nacional-de-las-ciencias\/#article\",\"isPartOf\":{\"@id\":\"https:\/\/dev.explora.cl\/araucania\/ufro-invita-a-la-comunidad-a-celebrar-el-dia-nacional-de-las-ciencias\/\"},\"author\":{\"name\":\"webman\",\"@id\":\"https:\/\/dev.explora.cl\/araucania\/#\/schema\/person\/cb8349c13ea2d324080adf8480d7ba5d\"},\"headline\":\"UFRO invita a la comunidad a celebrar el D\u00eda Nacional de las Ciencias\",\"datePublished\":\"2018-10-05T16:21:27+00:00\",\"dateModified\":\"2019-05-20T19:13:08+00:00\",\"mainEntityOfPage\":{\"@id\":\"https:\/\/dev.explora.cl\/araucania\/ufro-invita-a-la-comunidad-a-celebrar-el-dia-nacional-de-las-ciencias\/\"},\"wordCount\":393,\"image\":{\"@id\":\"https:\/\/dev.explora.cl\/araucania\/ufro-invita-a-la-comunidad-a-celebrar-el-dia-nacional-de-las-ciencias\/#primaryimage\"},\"thumbnailUrl\":\"\",\"articleSection\":[\"Noticias\"],\"inLanguage\":\"es-CL\"},{\"@type\":\"WebPage\",\"@id\":\"https:\/\/dev.explora.cl\/araucania\/ufro-invita-a-la-comunidad-a-celebrar-el-dia-nacional-de-las-ciencias\/\",\"url\":\"https:\/\/dev.explora.cl\/araucania\/ufro-invita-a-la-comunidad-a-celebrar-el-dia-nacional-de-las-ciencias\/\",\"name\":\"UFRO invita a la comunidad a celebrar el D\u00eda Nacional de las Ciencias - Araucan\u00eda\",\"isPartOf\":{\"@id\":\"https:\/\/dev.explora.cl\/araucania\/#website\"},\"primaryImageOfPage\":{\"@id\":\"https:\/\/dev.explora.cl\/araucania\/ufro-invita-a-la-comunidad-a-celebrar-el-dia-nacional-de-las-ciencias\/#primaryimage\"},\"image\":{\"@id\":\"https:\/\/dev.explora.cl\/araucania\/ufro-invita-a-la-comunidad-a-celebrar-el-dia-nacional-de-las-ciencias\/#primaryimage\"},\"thumbnailUrl\":\"\",\"datePublished\":\"2018-10-05T16:21:27+00:00\",\"dateModified\":\"2019-05-20T19:13:08+00:00\",\"author\":{\"@id\":\"https:\/\/dev.explora.cl\/araucania\/#\/schema\/person\/cb8349c13ea2d324080adf8480d7ba5d\"},\"breadcrumb\":{\"@id\":\"https:\/\/dev.explora.cl\/araucania\/ufro-invita-a-la-comunidad-a-celebrar-el-dia-nacional-de-las-ciencias\/#breadcrumb\"},\"inLanguage\":\"es-CL\",\"potentialAction\":[{\"@type\":\"ReadAction\",\"target\":[\"https:\/\/dev.explora.cl\/araucania\/ufro-invita-a-la-comunidad-a-celebrar-el-dia-nacional-de-las-ciencias\/\"]}]},{\"@type\":\"ImageObject\",\"inLanguage\":\"es-CL\",\"@id\":\"https:\/\/dev.explora.cl\/araucania\/ufro-invita-a-la-comunidad-a-celebrar-el-dia-nacional-de-las-ciencias\/#primaryimage\",\"url\":\"\",\"contentUrl\":\"\"},{\"@type\":\"BreadcrumbList\",\"@id\":\"https:\/\/dev.explora.cl\/araucania\/ufro-invita-a-la-comunidad-a-celebrar-el-dia-nacional-de-las-ciencias\/#breadcrumb\",\"itemListElement\":[{\"@type\":\"ListItem\",\"position\":1,\"name\":\"Portada\",\"item\":\"https:\/\/dev.explora.cl\/araucania\/\"},{\"@type\":\"ListItem\",\"position\":2,\"name\":\"UFRO invita a la comunidad a celebrar el D\u00eda Nacional de las Ciencias\"}]},{\"@type\":\"WebSite\",\"@id\":\"https:\/\/dev.explora.cl\/araucania\/#website\",\"url\":\"https:\/\/dev.explora.cl\/araucania\/\",\"name\":\"Araucan\u00eda\",\"description\":\"Otro sitio m\u00e1s de dev.explora.cl\",\"potentialAction\":[{\"@type\":\"SearchAction\",\"target\":{\"@type\":\"EntryPoint\",\"urlTemplate\":\"https:\/\/dev.explora.cl\/araucania\/?s={search_term_string}\"},\"query-input\":{\"@type\":\"PropertyValueSpecification\",\"valueRequired\":true,\"valueName\":\"search_term_string\"}}],\"inLanguage\":\"es-CL\"},{\"@type\":\"Person\",\"@id\":\"https:\/\/dev.explora.cl\/araucania\/#\/schema\/person\/cb8349c13ea2d324080adf8480d7ba5d\",\"name\":\"webman\",\"image\":{\"@type\":\"ImageObject\",\"inLanguage\":\"es-CL\",\"@id\":\"https:\/\/dev.explora.cl\/araucania\/#\/schema\/person\/image\/\",\"url\":\"https:\/\/secure.gravatar.com\/avatar\/eeff3c82f2c02f7177d13663b7e6f890e9a6a0647ce9bb29cae02dcb094c7312?s=96&d=mm&r=g\",\"contentUrl\":\"https:\/\/secure.gravatar.com\/avatar\/eeff3c82f2c02f7177d13663b7e6f890e9a6a0647ce9bb29cae02dcb094c7312?s=96&d=mm&r=g\",\"caption\":\"webman\"},\"url\":\"https:\/\/dev.explora.cl\/araucania\/author\/webman\/\"}]}<\/script>\n<!-- \/ Yoast SEO plugin. -->","yoast_head_json":{"title":"UFRO invita a la comunidad a celebrar el D\u00eda Nacional de las Ciencias - Araucan\u00eda","robots":{"index":"index","follow":"follow","max-snippet":"max-snippet:-1","max-image-preview":"max-image-preview:large","max-video-preview":"max-video-preview:-1"},"canonical":"https:\/\/dev.explora.cl\/araucania\/ufro-invita-a-la-comunidad-a-celebrar-el-dia-nacional-de-las-ciencias\/","og_locale":"es_ES","og_type":"article","og_title":"UFRO invita a la comunidad a celebrar el D\u00eda Nacional de las Ciencias - Araucan\u00eda","og_description":"&nbsp; El pr\u00f3ximo domingo 7 de octubre se celebra el D\u00eda Nacional de las Ciencias, la Tecnolog\u00eda, el Conocimiento y la Innovaci\u00f3n, y el Consorcio de Universidades del Estado de Chile (CUECH), a trav\u00e9s de su Red de Investigaci\u00f3n, lo conmemorar\u00e1 de manera paralela en cada regi\u00f3n del pa\u00eds. En la Regi\u00f3n de La Araucan\u00eda [&hellip;]","og_url":"https:\/\/dev.explora.cl\/araucania\/ufro-invita-a-la-comunidad-a-celebrar-el-dia-nacional-de-las-ciencias\/","og_site_name":"Araucan\u00eda","article_published_time":"2018-10-05T16:21:27+00:00","article_modified_time":"2019-05-20T19:13:08+00:00","author":"webman","twitter_card":"summary_large_image","twitter_misc":{"Escrito por":"webman","Tiempo estimado de lectura":"2 minutos"},"schema":{"@context":"https:\/\/schema.org","@graph":[{"@type":"Article","@id":"https:\/\/dev.explora.cl\/araucania\/ufro-invita-a-la-comunidad-a-celebrar-el-dia-nacional-de-las-ciencias\/#article","isPartOf":{"@id":"https:\/\/dev.explora.cl\/araucania\/ufro-invita-a-la-comunidad-a-celebrar-el-dia-nacional-de-las-ciencias\/"},"author":{"name":"webman","@id":"https:\/\/dev.explora.cl\/araucania\/#\/schema\/person\/cb8349c13ea2d324080adf8480d7ba5d"},"headline":"UFRO invita a la comunidad a celebrar el D\u00eda Nacional de las Ciencias","datePublished":"2018-10-05T16:21:27+00:00","dateModified":"2019-05-20T19:13:08+00:00","mainEntityOfPage":{"@id":"https:\/\/dev.explora.cl\/araucania\/ufro-invita-a-la-comunidad-a-celebrar-el-dia-nacional-de-las-ciencias\/"},"wordCount":393,"image":{"@id":"https:\/\/dev.explora.cl\/araucania\/ufro-invita-a-la-comunidad-a-celebrar-el-dia-nacional-de-las-ciencias\/#primaryimage"},"thumbnailUrl":"","articleSection":["Noticias"],"inLanguage":"es-CL"},{"@type":"WebPage","@id":"https:\/\/dev.explora.cl\/araucania\/ufro-invita-a-la-comunidad-a-celebrar-el-dia-nacional-de-las-ciencias\/","url":"https:\/\/dev.explora.cl\/araucania\/ufro-invita-a-la-comunidad-a-celebrar-el-dia-nacional-de-las-ciencias\/","name":"UFRO invita a la comunidad a celebrar el D\u00eda Nacional de las Ciencias - Araucan\u00eda","isPartOf":{"@id":"https:\/\/dev.explora.cl\/araucania\/#website"},"primaryImageOfPage":{"@id":"https:\/\/dev.explora.cl\/araucania\/ufro-invita-a-la-comunidad-a-celebrar-el-dia-nacional-de-las-ciencias\/#primaryimage"},"image":{"@id":"https:\/\/dev.explora.cl\/araucania\/ufro-invita-a-la-comunidad-a-celebrar-el-dia-nacional-de-las-ciencias\/#primaryimage"},"thumbnailUrl":"","datePublished":"2018-10-05T16:21:27+00:00","dateModified":"2019-05-20T19:13:08+00:00","author":{"@id":"https:\/\/dev.explora.cl\/araucania\/#\/schema\/person\/cb8349c13ea2d324080adf8480d7ba5d"},"breadcrumb":{"@id":"https:\/\/dev.explora.cl\/araucania\/ufro-invita-a-la-comunidad-a-celebrar-el-dia-nacional-de-las-ciencias\/#breadcrumb"},"inLanguage":"es-CL","potentialAction":[{"@type":"ReadAction","target":["https:\/\/dev.explora.cl\/araucania\/ufro-invita-a-la-comunidad-a-celebrar-el-dia-nacional-de-las-ciencias\/"]}]},{"@type":"ImageObject","inLanguage":"es-CL","@id":"https:\/\/dev.explora.cl\/araucania\/ufro-invita-a-la-comunidad-a-celebrar-el-dia-nacional-de-las-ciencias\/#primaryimage","url":"","contentUrl":""},{"@type":"BreadcrumbList","@id":"https:\/\/dev.explora.cl\/araucania\/ufro-invita-a-la-comunidad-a-celebrar-el-dia-nacional-de-las-ciencias\/#breadcrumb","itemListElement":[{"@type":"ListItem","position":1,"name":"Portada","item":"https:\/\/dev.explora.cl\/araucania\/"},{"@type":"ListItem","position":2,"name":"UFRO invita a la comunidad a celebrar el D\u00eda Nacional de las Ciencias"}]},{"@type":"WebSite","@id":"https:\/\/dev.explora.cl\/araucania\/#website","url":"https:\/\/dev.explora.cl\/araucania\/","name":"Araucan\u00eda","description":"Otro sitio m\u00e1s de dev.explora.cl","potentialAction":[{"@type":"SearchAction","target":{"@type":"EntryPoint","urlTemplate":"https:\/\/dev.explora.cl\/araucania\/?s={search_term_string}"},"query-input":{"@type":"PropertyValueSpecification","valueRequired":true,"valueName":"search_term_string"}}],"inLanguage":"es-CL"},{"@type":"Person","@id":"https:\/\/dev.explora.cl\/araucania\/#\/schema\/person\/cb8349c13ea2d324080adf8480d7ba5d","name":"webman","image":{"@type":"ImageObject","inLanguage":"es-CL","@id":"https:\/\/dev.explora.cl\/araucania\/#\/schema\/person\/image\/","url":"https:\/\/secure.gravatar.com\/avatar\/eeff3c82f2c02f7177d13663b7e6f890e9a6a0647ce9bb29cae02dcb094c7312?s=96&d=mm&r=g","contentUrl":"https:\/\/secure.gravatar.com\/avatar\/eeff3c82f2c02f7177d13663b7e6f890e9a6a0647ce9bb29cae02dcb094c7312?s=96&d=mm&r=g","caption":"webman"},"url":"https:\/\/dev.explora.cl\/araucania\/author\/webman\/"}]}},"_links":{"self":[{"href":"https:\/\/dev.explora.cl\/araucania\/wp-json\/wp\/v2\/posts\/36881","targetHints":{"allow":["GET"]}}],"collection":[{"href":"https:\/\/dev.explora.cl\/araucania\/wp-json\/wp\/v2\/posts"}],"about":[{"href":"https:\/\/dev.explora.cl\/araucania\/wp-json\/wp\/v2\/types\/post"}],"author":[{"embeddable":true,"href":"https:\/\/dev.explora.cl\/araucania\/wp-json\/wp\/v2\/users\/2"}],"replies":[{"embeddable":true,"href":"https:\/\/dev.explora.cl\/araucania\/wp-json\/wp\/v2\/comments?post=36881"}],"version-history":[{"count":1,"href":"https:\/\/dev.explora.cl\/araucania\/wp-json\/wp\/v2\/posts\/36881\/revisions"}],"predecessor-version":[{"id":38595,"href":"https:\/\/dev.explora.cl\/araucania\/wp-json\/wp\/v2\/posts\/36881\/revisions\/38595"}],"wp:featuredmedia":[{"embeddable":true,"href":"https:\/\/dev.explora.cl\/araucania\/wp-json\/"}],"wp:attachment":[{"href":"https:\/\/dev.explora.cl\/araucania\/wp-json\/wp\/v2\/media?parent=36881"}],"wp:term":[{"taxonomy":"category","embeddable":true,"href":"https:\/\/dev.explora.cl\/araucania\/wp-json\/wp\/v2\/categories?post=36881"},{"taxonomy":"post_tag","embeddable":true,"href":"https:\/\/dev.explora.cl\/araucania\/wp-json\/wp\/v2\/tags?post=36881"}],"curies":[{"name":"wp","href":"https:\/\/api.w.org\/{rel}","templated":true}]}}