{"id":36853,"date":"2018-10-03T14:52:30","date_gmt":"2018-10-03T18:52:30","guid":{"rendered":"https:\/\/dev.explora.cl\/blog\/2018\/10\/03\/la-araucania-celebra-la-xxiv-semana-nacional-de-la-ciencia-y-la-tecnologia\/"},"modified":"2019-05-20T19:13:09","modified_gmt":"2019-05-20T19:13:09","slug":"la-araucania-celebra-la-xxiv-semana-nacional-de-la-ciencia-y-la-tecnologia","status":"publish","type":"post","link":"https:\/\/dev.explora.cl\/araucania\/la-araucania-celebra-la-xxiv-semana-nacional-de-la-ciencia-y-la-tecnologia\/","title":{"rendered":"La Araucan\u00eda celebra la XXIV Semana Nacional de la Ciencia y la Tecnolog\u00eda"},"content":{"rendered":"<p><span style=\"font-family: 'trebuchet ms', geneva;font-size: 18.6667px\"><img loading=\"lazy\" decoding=\"async\" src=\"https:\/\/scontent-scl1-1.xx.fbcdn.net\/v\/t1.0-9\/43062464_10214556086829070_5396704227936436224_n.jpg?_nc_cat=100&amp;oh=a3885b470806e7f3eca3714f67468f45&amp;oe=5C17DA13\" alt=\"No hay texto alternativo autom\u00c3\u00a1tico disponible.\" width=\"679\" height=\"280\" style=\"margin-left: auto;margin-right: auto\" \/>&nbsp;<\/span><\/p>\n<p style=\"text-align: center\"><span style=\"color: #000000;font-size: 12pt\"><span style=\"font-family: 'trebuchet ms', geneva\">M\u00e1s de 4000 personas ya se encantaron con la<strong>&nbsp;&#8220;III Fiesta de la Ciencia y la Tecnolog\u00eda&#8221;,<\/strong> queremos continuar con las celebraciones e<\/span><span style=\"font-family: 'trebuchet ms', geneva\">n el <\/span><span style=\"font-family: 'trebuchet ms', geneva\">marco de la <strong>XXIV Semana Nacional de la Ciencia y la Tecnolog\u00eda&nbsp; <\/strong><\/span><span style=\"font-family: 'trebuchet ms', geneva\">la que se ce<\/span><span style=\"font-family: 'trebuchet ms', geneva\">lebra en todo el pa\u00eds desde el 7 al 14 de octubre.<\/span><\/span><\/p>\n<p style=\"text-align: center\"><span style=\"font-size: 12pt;color: #000000\"><span style=\"font-family: 'trebuchet ms', geneva\">Charlas, talleres, obras de teatro, museo abierto, son algunas de las actividades que se desarrollar\u00e1n completamente gratis en nuestra regi\u00f3n,&nbsp;&nbsp;<\/span><span style=\"font-family: 'trebuchet ms', geneva\">iniciativas organizadas por&nbsp;&nbsp;<\/span><span style=\"font-family: 'trebuchet ms', geneva\">el PAR Explora de CONICYT La Araucan\u00eda ejecutado por la Universidad de La Frontera, que buscan&nbsp; acercar la&nbsp;<\/span><span style=\"font-family: 'trebuchet ms', geneva\">ciencia, tecnolog\u00eda e innovaci\u00f3n,&nbsp; para as\u00ed promover en la ciudadan\u00eda el inter\u00e9s por el conocimiento como veh\u00edculo para el desarrollo del pa\u00eds.<\/span><\/span><\/p>\n<p style=\"text-align: center\"><span style=\"font-family: 'trebuchet ms', geneva;font-size: 12pt;color: #000000\">A continuaci\u00f3n, te invitamos a conocer la cartelera de actividades y a ser parte de la celebraci\u00f3n del conocimiento.<\/span><\/p>\n<hr \/>\n<p>&nbsp;&nbsp;<\/p>\n<p style=\"text-align: center\"><span style=\"font-family: 'trebuchet ms', geneva;font-size: 14pt;color: #0000ff\"><strong>Domingo 7 de octubre<\/strong><\/span><\/p>\n<p style=\"text-align: center\"><span style=\"color: #000000\"><em><span style=\"font-family: 'trebuchet ms', geneva;font-size: 12pt\"><strong>D\u00eda Nacional de la Ciencia, la Tecnolog\u00eda y la Innovaci\u00f3n<\/strong><\/span><\/em><\/span><\/p>\n<p style=\"text-align: justify\"><span style=\"font-family: 'trebuchet ms', geneva;font-size: 12pt;color: #000000\"><strong>Obra de t\u00edteres: \u201c\u00bfPor qu\u00e9 caen las hojas de los \u00e1rboles?\u201d<\/strong><\/span><\/p>\n<p style=\"text-align: justify\"><span style=\"font-family: 'trebuchet ms', geneva;font-size: 12pt;color: #000000\">La obra de t\u00edteres realizada en conjunto por la compa\u00f1\u00eda de teatro Calatos de Temuco y el PAR Explora de CONICYT La Araucan\u00eda ejecutado por la Universidad de La Frontera, busca reforzar los conceptos de fotos\u00edntesis y clorofila en un juego dram\u00e1tico que responder\u00e1 la pregunta que surge del fen\u00f3meno natural: \u00bfPor qu\u00e9 caen las hojas de los \u00e1rboles?<\/span><\/p>\n<p style=\"text-align: justify\"><span style=\"font-family: 'trebuchet ms', geneva;font-size: 12pt;color: #000000\">En el transcurso de la obra Pachino, Gladiys y Tito dialogar\u00e1n e interactuar\u00e1n con los presentes a modo de volver m\u00e1s did\u00e1ctica y divertida la funci\u00f3n, buscando que los espectadores asimilen de forma amigable los conceptos y analog\u00edas expuestos en la obra.<\/span><\/p>\n<p style=\"text-align: justify\"><span style=\"font-family: 'trebuchet ms', geneva;font-size: 12pt;color: #000000\">La actividad se realizar\u00e1 el d\u00eda domingo 7 de octubre en el Museo Regional Araucan\u00eda, ubicado en Av. Alemania 84, Temuco.<\/span><\/p>\n<p style=\"text-align: justify\"><span style=\"font-family: 'trebuchet ms', geneva;font-size: 12pt;color: #000000\">La invitaci\u00f3n es a ser parte de esta entretenida actividad a partir desde las 12:00 hrs, para posteriormente realizar un recorrido guiado por el museo.<\/span><\/p>\n<p style=\"text-align: justify\"><span style=\"font-family: 'trebuchet ms', geneva;font-size: 12pt;color: #000000\"><strong>P\u00fablico objetivo: ni\u00f1os y ni\u00f1as de 5 a 7 a\u00f1os.<\/strong><\/span><\/p>\n<p><span style=\"color: #000000\"><\/span><\/p>\n<hr \/>\n<p><span style=\"color: #000000\"><img loading=\"lazy\" decoding=\"async\" src=\"https:\/\/scontent-scl1-1.xx.fbcdn.net\/v\/t1.0-9\/43130997_10214555719459886_7726425666177990656_n.jpg?_nc_cat=105&amp;oh=a3f85fac7a679344039846dad240887d&amp;oe=5C58AE80\" alt=\"No hay texto alternativo autom\u00c3\u00a1tico disponible.\" width=\"556\" height=\"350\" style=\"margin-left: auto;margin-right: auto\" \/><\/span><\/p>\n<hr \/>\n<p style=\"text-align: center\"><span style=\"font-family: 'trebuchet ms', geneva;font-size: 14pt;color: #0000ff\"><strong>Lunes 8 de octubre<\/strong><\/span><\/p>\n<p style=\"text-align: center\"><em><span style=\"font-family: 'trebuchet ms', geneva;font-size: 12pt\"><strong>Inauguraci\u00f3n XXIV Semana Nacional de la Ciencia y la Tecnolog\u00eda&nbsp;<\/strong><\/span><\/em><\/p>\n<p style=\"text-align: justify\"><span style=\"font-family: 'trebuchet ms', geneva;font-size: 12pt;color: #000000\">Actividad de sociabilizaci\u00f3n y apropiaci\u00f3n social, a trav\u00e9s de la cual se busca destacar por qu\u00e9 es importante la inclusi\u00f3n.<\/span><\/p>\n<p style=\"text-align: justify\"><span style=\"font-family: 'trebuchet ms', geneva;font-size: 12pt;color: #000000\">La iniciativa que se realizar\u00e1 en conjunto con el Instituto Telet\u00f3n Temuco, se llevar\u00e1 a cabo el lunes 08 de octubre a las 15.15 horas, en el Mall Vivo Outlet Temuco.<\/span><\/p>\n<p><span style=\"font-family: 'trebuchet ms', geneva;font-size: 12pt;color: #000000\"><strong>P\u00fablico objetivo: estudiantes, p\u00fablico general.<\/strong><\/span><\/p>\n<p><span style=\"font-family: 'trebuchet ms', geneva;font-size: 12pt\"><strong><img loading=\"lazy\" decoding=\"async\" src=\"https:\/\/scontent-scl1-1.xx.fbcdn.net\/v\/t1.0-9\/43021691_10214555718739868_6225411626464444416_n.jpg?_nc_cat=105&amp;oh=9cc56394ece65bf68cd9bdbcbb7a8fab&amp;oe=5C4EE608\" alt=\"No hay texto alternativo autom\u00c3\u00a1tico disponible.\" width=\"549\" height=\"345\" style=\"margin-left: auto;margin-right: auto\" \/><\/strong><\/span><\/p>\n<p><span style=\"font-family: 'trebuchet ms', geneva;font-size: 12pt\"><strong>&nbsp;<\/strong><\/span><span style=\"font-family: 'trebuchet ms', geneva;font-size: 12pt\"><strong>&nbsp;<\/strong><\/span><\/p>\n<hr \/>\n<p>&nbsp;<\/p>\n<p style=\"text-align: center\"><span style=\"font-family: 'trebuchet ms', geneva;font-size: 14pt;color: #0000ff\"><strong>Martes 9 de octubre&nbsp;<\/strong><\/span><\/p>\n<p style=\"text-align: center\"><span style=\"color: #000000\"><em><span style=\"font-family: 'trebuchet ms', geneva;font-size: 12pt\"><strong>Charla<\/strong><\/span><\/em><\/span><\/p>\n<p style=\"text-align: justify\"><span style=\"font-family: 'trebuchet ms', geneva;font-size: 12pt;color: #000000\"><strong>Bacterias: \u00bfPor qu\u00e9 me enferman?&nbsp; y\u2026 \u00bfc\u00f3mo me protejo?<\/strong><\/span><\/p>\n<p style=\"text-align: justify\"><span style=\"font-family: 'trebuchet ms', geneva;font-size: 12pt;color: #000000\">Los seres humanos son el h\u00e1bitat de una gran variedad de microorganismos que se denominan microbiota nativa, estos microorganismos no solo son ino\u00accuos para el hospedero, sino que lo protegen de bacterias, hongos y virus pat\u00f3genos que compiten por el mismo espacio y nutrientes disponibles, este microbiota est\u00e1 habitualmente en equilibrio con su portador (hospedero) y con el ambiente, generando un estado de salud. La alteraci\u00f3n de este equilibrio o disbiosis, produce un estado de enfermedad.<\/span><\/p>\n<p style=\"text-align: justify\"><span style=\"font-family: 'trebuchet ms', geneva;font-size: 12pt;color: #000000\"> El objetivo de esta presentaci\u00f3n es poder explicar los factores que generan este desequilibrio y que podemos hacer para recuperarlo o para prevenir que se produzca.<\/span><\/p>\n<p style=\"text-align: justify\"><span style=\"font-family: 'trebuchet ms', geneva;font-size: 12pt;color: #000000\">Dirigida por el Dr. Gino Corsini A. director Instituto de Ciencias Biom\u00e9dicas Facultad de Ciencias de la Salud, Universidad Aut\u00f3noma de Chile.<\/span><\/p>\n<p style=\"text-align: justify\"><span style=\"font-family: 'trebuchet ms', geneva;font-size: 12pt;color: #000000\"><strong>P\u00fablico Objetivo: estudiantes de 7\u00ba y 8\u00ba de educaci\u00f3n b\u00e1sica.<\/strong><\/span><\/p>\n<p><span style=\"color: #000000\"><\/span><\/p>\n<hr \/>\n<p style=\"text-align: center\"><span style=\"font-family: 'trebuchet ms', geneva;font-size: 14pt;color: #0000ff\"><strong>Jueves 11 de octubre<\/strong><\/span><\/p>\n<p style=\"text-align: center\"><span style=\"font-family: 'trebuchet ms', geneva;font-size: 12pt\"><\/span><span style=\"color: #000000\"><em><span style=\"font-family: 'trebuchet ms', geneva;font-size: 12pt\"><strong>Charla<\/strong><\/span><\/em><\/span><\/p>\n<p style=\"text-align: justify\"><span style=\"font-family: 'trebuchet ms', geneva;font-size: 12pt;color: #000000\"><strong>Rutas Bakanes, para barrios seguros y una vida c\u00edvica robusta.<\/strong><\/span><\/p>\n<p style=\"text-align: justify\"><span style=\"font-family: 'trebuchet ms', geneva;font-size: 12pt;color: #000000\">En la exposici\u00f3n se tratar\u00e1n tem\u00e1ticas como el transporte, las calles como cuencas vitales de la vida urbana regional, interacciones que debemos enfocar, participaci\u00f3n y una nueva gobernanza democr\u00e1tica, deber \u00e9tico y m\u00e9todo de participaci\u00f3n.<\/span><\/p>\n<p style=\"text-align: justify\"><span style=\"font-family: 'trebuchet ms', geneva;font-size: 12pt;color: #000000\">Tambi\u00e9n se destacar\u00e1 la importancia de una mirada de g\u00e9nero, de visiones feministas para hacer una ciudad m\u00e1s amable, y algunas reflexiones iniciales sobre las nuevas masculinidades que est\u00e1n surgiendo.<\/span><\/p>\n<p style=\"text-align: justify\"><span style=\"font-family: 'trebuchet ms', geneva;font-size: 12pt;color: #000000\">Dirigida por la Dra. Lake Sagaris, investigadora y profesor asociado adjunto Depto. de Ingenier\u00eda de Transporte y Log\u00edstica, Pontificia Universidad Cat\u00f3lica de Chile. Centro de Desarrollo Urbano Sustentable (CEDEUS).<\/span><\/p>\n<p style=\"text-align: justify\"><span style=\"font-family: 'trebuchet ms', geneva;font-size: 12pt;color: #000000\"><strong>P\u00fablico Objetivo: estudiantes de 1\u00ba y 4\u00ba de educaci\u00f3n media.<\/strong><\/span><\/p>\n<p><span style=\"font-family: 'trebuchet ms', geneva;font-size: 12pt;color: #000000\"><strong>&nbsp;<\/strong><\/span><\/p>\n<hr \/>\n<p>&nbsp;<\/p>\n<p style=\"text-align: center\"><span style=\"font-family: 'trebuchet ms', geneva;font-size: 14pt;color: #0000ff\"><strong>Viernes 12 de octubre<\/strong><\/span><\/p>\n<p style=\"text-align: center\"><span style=\"font-family: 'trebuchet ms', geneva;font-size: 12pt\"><strong>&nbsp;<\/strong><\/span><\/p>\n<p style=\"text-align: center\"><span style=\"color: #000000\"><em><span style=\"font-family: 'trebuchet ms', geneva;font-size: 12pt\"><strong>Museo Abierto <\/strong><\/span><\/em><\/span><\/p>\n<p><span style=\"font-family: 'trebuchet ms', geneva;font-size: 12pt;color: #000000\"><strong>&nbsp;<\/strong><\/span><\/p>\n<p style=\"text-align: justify\"><span style=\"font-family: 'trebuchet ms', geneva;font-size: 12pt;color: #000000\"><strong>\u00bfPor qu\u00e9 existen las migraciones?<\/strong><\/span><\/p>\n<p style=\"text-align: justify\"><span style=\"font-family: 'trebuchet ms', geneva;font-size: 12pt;color: #000000\">Bajo la investigaci\u00f3n realizada por el Museo Regional Araucan\u00eda sobre \u201cMujeres migrantes\u201d se plantea la realizaci\u00f3n de una actividad asociada a resaltar la importancia de la inmigraci\u00f3n y sus desaf\u00edos sociales para estudiantes de la Regi\u00f3n y p\u00fablico general.<\/span><\/p>\n<p style=\"text-align: justify\"><span style=\"font-family: 'trebuchet ms', geneva;font-size: 12pt;color: #000000\">Se desarrollar\u00e1 una experiencia de aprendizaje y reflexi\u00f3n en torno a las migraciones y sus diversos componentes sociales, econ\u00f3micos, culturales y pol\u00edticos. La actividad se crear\u00e1 en v\u00ednculo a las asociaciones de mujeres migrantes con las que el Museo Regional Araucan\u00eda ya est\u00e1 trabajando, participando de los testimonios y objetos que se incorporan a la exposici\u00f3n.&nbsp;&nbsp;<\/span><\/p>\n<p style=\"text-align: justify\"><span style=\"font-family: 'trebuchet ms', geneva;font-size: 12pt;color: #000000\">La actividad asociada a la exposici\u00f3n, se inaugurar\u00e1 el d\u00eda 12 de octubre a las 11:00 hrs. En dependencias del Museo Regional Araucan\u00eda, Av Alemania 084, Temuco.&nbsp; La inauguraci\u00f3n contar\u00e1 con una presentaci\u00f3n de tipo teatral adem\u00e1s de paneles con gr\u00e1ficas informativas y la presencia de las agrupaciones de migrantes invitados.<\/span><\/p>\n<p style=\"text-align: justify\"><span style=\"font-family: 'trebuchet ms', geneva;font-size: 12pt;color: #000000\"><strong>P\u00fablico objetivo: estudiantes, p\u00fablico general.<\/strong><\/span><\/p>\n<hr \/>\n<p style=\"text-align: center\"><span style=\"font-size: 14pt;color: #0000ff\"><em><span style=\"font-family: 'trebuchet ms', geneva\"><strong>Otros<\/strong><\/span><\/em><\/span><\/p>\n<ul>\n<li style=\"text-align: justify\"><span style=\"color: #000000\"><strong><span style=\"font-family: 'trebuchet ms', geneva;font-size: 12pt\">III Fiesta de la Ciencia y la Tecnolog\u00eda<\/span><\/strong><\/span><\/li>\n<li style=\"text-align: justify\"><span style=\"color: #000000\"><strong><span style=\"font-family: 'trebuchet ms', geneva;font-size: 12pt\">D\u00eda de la Ciencia en Mi Colegio: Lanzamiento y distribuci\u00f3n \u00e1lbum: \u201cUn viaje al universo de los por qu\u00e9\u201d.<\/span><\/strong><\/span><\/li>\n<li style=\"text-align: justify\"><span style=\"color: #000000\"><strong><span style=\"font-family: 'trebuchet ms', geneva;font-size: 12pt\">1000 Cient\u00edficos, 1000 Aulas:&nbsp;Charlas de cient\u00edficos\/as e investigadores\/as en establecimientos educativos.<\/span><\/strong><\/span><\/li>\n<\/ul>\n<p>&nbsp;<\/p>\n<p><span style=\"color: #000000\"><\/span><\/p>\n<p><span style=\"font-family: 'trebuchet ms', geneva;font-size: 12pt;color: #000000\"><strong>Periodista: Viarly Salazar Fritz. <\/strong><\/span><\/p>\n","protected":false},"excerpt":{"rendered":"<p>&nbsp; M\u00e1s de 4000 personas ya se encantaron con la&nbsp;&#8220;III Fiesta de la Ciencia y la Tecnolog\u00eda&#8221;, queremos continuar con las celebraciones en el marco de la XXIV Semana Nacional de la Ciencia y la Tecnolog\u00eda&nbsp; la que se celebra en todo el pa\u00eds desde el 7 al 14 de octubre. Charlas, talleres, obras de [&hellip;]<\/p>\n","protected":false},"author":2,"featured_media":36852,"comment_status":"closed","ping_status":"open","sticky":false,"template":"","format":"standard","meta":{"_acf_changed":false,"_exactmetrics_skip_tracking":false,"_exactmetrics_sitenote_active":false,"_exactmetrics_sitenote_note":"","_exactmetrics_sitenote_category":0,"footnotes":"","_links_to":"","_links_to_target":""},"categories":[4],"tags":[],"class_list":["post-36853","post","type-post","status-publish","format-standard","has-post-thumbnail","hentry","category-noticias"],"acf":[],"yoast_head":"<!-- This site is optimized with the Yoast SEO plugin v26.7 - https:\/\/yoast.com\/wordpress\/plugins\/seo\/ -->\n<title>La Araucan\u00eda celebra la XXIV Semana Nacional de la Ciencia y la Tecnolog\u00eda - Araucan\u00eda<\/title>\n<meta name=\"robots\" content=\"index, follow, max-snippet:-1, max-image-preview:large, max-video-preview:-1\" \/>\n<link rel=\"canonical\" href=\"https:\/\/dev.explora.cl\/araucania\/la-araucania-celebra-la-xxiv-semana-nacional-de-la-ciencia-y-la-tecnologia\/\" class=\"yoast-seo-meta-tag\" \/>\n<meta property=\"og:locale\" content=\"es_ES\" class=\"yoast-seo-meta-tag\" \/>\n<meta property=\"og:type\" content=\"article\" class=\"yoast-seo-meta-tag\" \/>\n<meta property=\"og:title\" content=\"La Araucan\u00eda celebra la XXIV Semana Nacional de la Ciencia y la Tecnolog\u00eda - Araucan\u00eda\" class=\"yoast-seo-meta-tag\" \/>\n<meta property=\"og:description\" content=\"&nbsp; M\u00e1s de 4000 personas ya se encantaron con la&nbsp;&#8220;III Fiesta de la Ciencia y la Tecnolog\u00eda&#8221;, queremos continuar con las celebraciones en el marco de la XXIV Semana Nacional de la Ciencia y la Tecnolog\u00eda&nbsp; la que se celebra en todo el pa\u00eds desde el 7 al 14 de octubre. Charlas, talleres, obras de [&hellip;]\" class=\"yoast-seo-meta-tag\" \/>\n<meta property=\"og:url\" content=\"https:\/\/dev.explora.cl\/araucania\/la-araucania-celebra-la-xxiv-semana-nacional-de-la-ciencia-y-la-tecnologia\/\" class=\"yoast-seo-meta-tag\" \/>\n<meta property=\"og:site_name\" content=\"Araucan\u00eda\" class=\"yoast-seo-meta-tag\" \/>\n<meta property=\"article:published_time\" content=\"2018-10-03T18:52:30+00:00\" class=\"yoast-seo-meta-tag\" \/>\n<meta property=\"article:modified_time\" content=\"2019-05-20T19:13:09+00:00\" class=\"yoast-seo-meta-tag\" \/>\n<meta name=\"author\" content=\"webman\" class=\"yoast-seo-meta-tag\" \/>\n<meta name=\"twitter:card\" content=\"summary_large_image\" class=\"yoast-seo-meta-tag\" \/>\n<meta name=\"twitter:label1\" content=\"Escrito por\" class=\"yoast-seo-meta-tag\" \/>\n\t<meta name=\"twitter:data1\" content=\"webman\" class=\"yoast-seo-meta-tag\" \/>\n\t<meta name=\"twitter:label2\" content=\"Tiempo estimado de lectura\" class=\"yoast-seo-meta-tag\" \/>\n\t<meta name=\"twitter:data2\" content=\"5 minutos\" class=\"yoast-seo-meta-tag\" \/>\n<script type=\"application\/ld+json\" class=\"yoast-schema-graph\">{\"@context\":\"https:\/\/schema.org\",\"@graph\":[{\"@type\":\"Article\",\"@id\":\"https:\/\/dev.explora.cl\/araucania\/la-araucania-celebra-la-xxiv-semana-nacional-de-la-ciencia-y-la-tecnologia\/#article\",\"isPartOf\":{\"@id\":\"https:\/\/dev.explora.cl\/araucania\/la-araucania-celebra-la-xxiv-semana-nacional-de-la-ciencia-y-la-tecnologia\/\"},\"author\":{\"name\":\"webman\",\"@id\":\"https:\/\/dev.explora.cl\/araucania\/#\/schema\/person\/cb8349c13ea2d324080adf8480d7ba5d\"},\"headline\":\"La Araucan\u00eda celebra la XXIV Semana Nacional de la Ciencia y la Tecnolog\u00eda\",\"datePublished\":\"2018-10-03T18:52:30+00:00\",\"dateModified\":\"2019-05-20T19:13:09+00:00\",\"mainEntityOfPage\":{\"@id\":\"https:\/\/dev.explora.cl\/araucania\/la-araucania-celebra-la-xxiv-semana-nacional-de-la-ciencia-y-la-tecnologia\/\"},\"wordCount\":982,\"image\":{\"@id\":\"https:\/\/dev.explora.cl\/araucania\/la-araucania-celebra-la-xxiv-semana-nacional-de-la-ciencia-y-la-tecnologia\/#primaryimage\"},\"thumbnailUrl\":\"\",\"articleSection\":[\"Noticias\"],\"inLanguage\":\"es-CL\"},{\"@type\":\"WebPage\",\"@id\":\"https:\/\/dev.explora.cl\/araucania\/la-araucania-celebra-la-xxiv-semana-nacional-de-la-ciencia-y-la-tecnologia\/\",\"url\":\"https:\/\/dev.explora.cl\/araucania\/la-araucania-celebra-la-xxiv-semana-nacional-de-la-ciencia-y-la-tecnologia\/\",\"name\":\"La Araucan\u00eda celebra la XXIV Semana Nacional de la Ciencia y la Tecnolog\u00eda - Araucan\u00eda\",\"isPartOf\":{\"@id\":\"https:\/\/dev.explora.cl\/araucania\/#website\"},\"primaryImageOfPage\":{\"@id\":\"https:\/\/dev.explora.cl\/araucania\/la-araucania-celebra-la-xxiv-semana-nacional-de-la-ciencia-y-la-tecnologia\/#primaryimage\"},\"image\":{\"@id\":\"https:\/\/dev.explora.cl\/araucania\/la-araucania-celebra-la-xxiv-semana-nacional-de-la-ciencia-y-la-tecnologia\/#primaryimage\"},\"thumbnailUrl\":\"\",\"datePublished\":\"2018-10-03T18:52:30+00:00\",\"dateModified\":\"2019-05-20T19:13:09+00:00\",\"author\":{\"@id\":\"https:\/\/dev.explora.cl\/araucania\/#\/schema\/person\/cb8349c13ea2d324080adf8480d7ba5d\"},\"breadcrumb\":{\"@id\":\"https:\/\/dev.explora.cl\/araucania\/la-araucania-celebra-la-xxiv-semana-nacional-de-la-ciencia-y-la-tecnologia\/#breadcrumb\"},\"inLanguage\":\"es-CL\",\"potentialAction\":[{\"@type\":\"ReadAction\",\"target\":[\"https:\/\/dev.explora.cl\/araucania\/la-araucania-celebra-la-xxiv-semana-nacional-de-la-ciencia-y-la-tecnologia\/\"]}]},{\"@type\":\"ImageObject\",\"inLanguage\":\"es-CL\",\"@id\":\"https:\/\/dev.explora.cl\/araucania\/la-araucania-celebra-la-xxiv-semana-nacional-de-la-ciencia-y-la-tecnologia\/#primaryimage\",\"url\":\"\",\"contentUrl\":\"\"},{\"@type\":\"BreadcrumbList\",\"@id\":\"https:\/\/dev.explora.cl\/araucania\/la-araucania-celebra-la-xxiv-semana-nacional-de-la-ciencia-y-la-tecnologia\/#breadcrumb\",\"itemListElement\":[{\"@type\":\"ListItem\",\"position\":1,\"name\":\"Portada\",\"item\":\"https:\/\/dev.explora.cl\/araucania\/\"},{\"@type\":\"ListItem\",\"position\":2,\"name\":\"La Araucan\u00eda celebra la XXIV Semana Nacional de la Ciencia y la Tecnolog\u00eda\"}]},{\"@type\":\"WebSite\",\"@id\":\"https:\/\/dev.explora.cl\/araucania\/#website\",\"url\":\"https:\/\/dev.explora.cl\/araucania\/\",\"name\":\"Araucan\u00eda\",\"description\":\"Otro sitio m\u00e1s de dev.explora.cl\",\"potentialAction\":[{\"@type\":\"SearchAction\",\"target\":{\"@type\":\"EntryPoint\",\"urlTemplate\":\"https:\/\/dev.explora.cl\/araucania\/?s={search_term_string}\"},\"query-input\":{\"@type\":\"PropertyValueSpecification\",\"valueRequired\":true,\"valueName\":\"search_term_string\"}}],\"inLanguage\":\"es-CL\"},{\"@type\":\"Person\",\"@id\":\"https:\/\/dev.explora.cl\/araucania\/#\/schema\/person\/cb8349c13ea2d324080adf8480d7ba5d\",\"name\":\"webman\",\"image\":{\"@type\":\"ImageObject\",\"inLanguage\":\"es-CL\",\"@id\":\"https:\/\/dev.explora.cl\/araucania\/#\/schema\/person\/image\/\",\"url\":\"https:\/\/secure.gravatar.com\/avatar\/eeff3c82f2c02f7177d13663b7e6f890e9a6a0647ce9bb29cae02dcb094c7312?s=96&d=mm&r=g\",\"contentUrl\":\"https:\/\/secure.gravatar.com\/avatar\/eeff3c82f2c02f7177d13663b7e6f890e9a6a0647ce9bb29cae02dcb094c7312?s=96&d=mm&r=g\",\"caption\":\"webman\"},\"url\":\"https:\/\/dev.explora.cl\/araucania\/author\/webman\/\"}]}<\/script>\n<!-- \/ Yoast SEO plugin. -->","yoast_head_json":{"title":"La Araucan\u00eda celebra la XXIV Semana Nacional de la Ciencia y la Tecnolog\u00eda - Araucan\u00eda","robots":{"index":"index","follow":"follow","max-snippet":"max-snippet:-1","max-image-preview":"max-image-preview:large","max-video-preview":"max-video-preview:-1"},"canonical":"https:\/\/dev.explora.cl\/araucania\/la-araucania-celebra-la-xxiv-semana-nacional-de-la-ciencia-y-la-tecnologia\/","og_locale":"es_ES","og_type":"article","og_title":"La Araucan\u00eda celebra la XXIV Semana Nacional de la Ciencia y la Tecnolog\u00eda - Araucan\u00eda","og_description":"&nbsp; M\u00e1s de 4000 personas ya se encantaron con la&nbsp;&#8220;III Fiesta de la Ciencia y la Tecnolog\u00eda&#8221;, queremos continuar con las celebraciones en el marco de la XXIV Semana Nacional de la Ciencia y la Tecnolog\u00eda&nbsp; la que se celebra en todo el pa\u00eds desde el 7 al 14 de octubre. Charlas, talleres, obras de [&hellip;]","og_url":"https:\/\/dev.explora.cl\/araucania\/la-araucania-celebra-la-xxiv-semana-nacional-de-la-ciencia-y-la-tecnologia\/","og_site_name":"Araucan\u00eda","article_published_time":"2018-10-03T18:52:30+00:00","article_modified_time":"2019-05-20T19:13:09+00:00","author":"webman","twitter_card":"summary_large_image","twitter_misc":{"Escrito por":"webman","Tiempo estimado de lectura":"5 minutos"},"schema":{"@context":"https:\/\/schema.org","@graph":[{"@type":"Article","@id":"https:\/\/dev.explora.cl\/araucania\/la-araucania-celebra-la-xxiv-semana-nacional-de-la-ciencia-y-la-tecnologia\/#article","isPartOf":{"@id":"https:\/\/dev.explora.cl\/araucania\/la-araucania-celebra-la-xxiv-semana-nacional-de-la-ciencia-y-la-tecnologia\/"},"author":{"name":"webman","@id":"https:\/\/dev.explora.cl\/araucania\/#\/schema\/person\/cb8349c13ea2d324080adf8480d7ba5d"},"headline":"La Araucan\u00eda celebra la XXIV Semana Nacional de la Ciencia y la Tecnolog\u00eda","datePublished":"2018-10-03T18:52:30+00:00","dateModified":"2019-05-20T19:13:09+00:00","mainEntityOfPage":{"@id":"https:\/\/dev.explora.cl\/araucania\/la-araucania-celebra-la-xxiv-semana-nacional-de-la-ciencia-y-la-tecnologia\/"},"wordCount":982,"image":{"@id":"https:\/\/dev.explora.cl\/araucania\/la-araucania-celebra-la-xxiv-semana-nacional-de-la-ciencia-y-la-tecnologia\/#primaryimage"},"thumbnailUrl":"","articleSection":["Noticias"],"inLanguage":"es-CL"},{"@type":"WebPage","@id":"https:\/\/dev.explora.cl\/araucania\/la-araucania-celebra-la-xxiv-semana-nacional-de-la-ciencia-y-la-tecnologia\/","url":"https:\/\/dev.explora.cl\/araucania\/la-araucania-celebra-la-xxiv-semana-nacional-de-la-ciencia-y-la-tecnologia\/","name":"La Araucan\u00eda celebra la XXIV Semana Nacional de la Ciencia y la Tecnolog\u00eda - Araucan\u00eda","isPartOf":{"@id":"https:\/\/dev.explora.cl\/araucania\/#website"},"primaryImageOfPage":{"@id":"https:\/\/dev.explora.cl\/araucania\/la-araucania-celebra-la-xxiv-semana-nacional-de-la-ciencia-y-la-tecnologia\/#primaryimage"},"image":{"@id":"https:\/\/dev.explora.cl\/araucania\/la-araucania-celebra-la-xxiv-semana-nacional-de-la-ciencia-y-la-tecnologia\/#primaryimage"},"thumbnailUrl":"","datePublished":"2018-10-03T18:52:30+00:00","dateModified":"2019-05-20T19:13:09+00:00","author":{"@id":"https:\/\/dev.explora.cl\/araucania\/#\/schema\/person\/cb8349c13ea2d324080adf8480d7ba5d"},"breadcrumb":{"@id":"https:\/\/dev.explora.cl\/araucania\/la-araucania-celebra-la-xxiv-semana-nacional-de-la-ciencia-y-la-tecnologia\/#breadcrumb"},"inLanguage":"es-CL","potentialAction":[{"@type":"ReadAction","target":["https:\/\/dev.explora.cl\/araucania\/la-araucania-celebra-la-xxiv-semana-nacional-de-la-ciencia-y-la-tecnologia\/"]}]},{"@type":"ImageObject","inLanguage":"es-CL","@id":"https:\/\/dev.explora.cl\/araucania\/la-araucania-celebra-la-xxiv-semana-nacional-de-la-ciencia-y-la-tecnologia\/#primaryimage","url":"","contentUrl":""},{"@type":"BreadcrumbList","@id":"https:\/\/dev.explora.cl\/araucania\/la-araucania-celebra-la-xxiv-semana-nacional-de-la-ciencia-y-la-tecnologia\/#breadcrumb","itemListElement":[{"@type":"ListItem","position":1,"name":"Portada","item":"https:\/\/dev.explora.cl\/araucania\/"},{"@type":"ListItem","position":2,"name":"La Araucan\u00eda celebra la XXIV Semana Nacional de la Ciencia y la Tecnolog\u00eda"}]},{"@type":"WebSite","@id":"https:\/\/dev.explora.cl\/araucania\/#website","url":"https:\/\/dev.explora.cl\/araucania\/","name":"Araucan\u00eda","description":"Otro sitio m\u00e1s de dev.explora.cl","potentialAction":[{"@type":"SearchAction","target":{"@type":"EntryPoint","urlTemplate":"https:\/\/dev.explora.cl\/araucania\/?s={search_term_string}"},"query-input":{"@type":"PropertyValueSpecification","valueRequired":true,"valueName":"search_term_string"}}],"inLanguage":"es-CL"},{"@type":"Person","@id":"https:\/\/dev.explora.cl\/araucania\/#\/schema\/person\/cb8349c13ea2d324080adf8480d7ba5d","name":"webman","image":{"@type":"ImageObject","inLanguage":"es-CL","@id":"https:\/\/dev.explora.cl\/araucania\/#\/schema\/person\/image\/","url":"https:\/\/secure.gravatar.com\/avatar\/eeff3c82f2c02f7177d13663b7e6f890e9a6a0647ce9bb29cae02dcb094c7312?s=96&d=mm&r=g","contentUrl":"https:\/\/secure.gravatar.com\/avatar\/eeff3c82f2c02f7177d13663b7e6f890e9a6a0647ce9bb29cae02dcb094c7312?s=96&d=mm&r=g","caption":"webman"},"url":"https:\/\/dev.explora.cl\/araucania\/author\/webman\/"}]}},"_links":{"self":[{"href":"https:\/\/dev.explora.cl\/araucania\/wp-json\/wp\/v2\/posts\/36853","targetHints":{"allow":["GET"]}}],"collection":[{"href":"https:\/\/dev.explora.cl\/araucania\/wp-json\/wp\/v2\/posts"}],"about":[{"href":"https:\/\/dev.explora.cl\/araucania\/wp-json\/wp\/v2\/types\/post"}],"author":[{"embeddable":true,"href":"https:\/\/dev.explora.cl\/araucania\/wp-json\/wp\/v2\/users\/2"}],"replies":[{"embeddable":true,"href":"https:\/\/dev.explora.cl\/araucania\/wp-json\/wp\/v2\/comments?post=36853"}],"version-history":[{"count":1,"href":"https:\/\/dev.explora.cl\/araucania\/wp-json\/wp\/v2\/posts\/36853\/revisions"}],"predecessor-version":[{"id":38597,"href":"https:\/\/dev.explora.cl\/araucania\/wp-json\/wp\/v2\/posts\/36853\/revisions\/38597"}],"wp:featuredmedia":[{"embeddable":true,"href":"https:\/\/dev.explora.cl\/araucania\/wp-json\/"}],"wp:attachment":[{"href":"https:\/\/dev.explora.cl\/araucania\/wp-json\/wp\/v2\/media?parent=36853"}],"wp:term":[{"taxonomy":"category","embeddable":true,"href":"https:\/\/dev.explora.cl\/araucania\/wp-json\/wp\/v2\/categories?post=36853"},{"taxonomy":"post_tag","embeddable":true,"href":"https:\/\/dev.explora.cl\/araucania\/wp-json\/wp\/v2\/tags?post=36853"}],"curies":[{"name":"wp","href":"https:\/\/api.w.org\/{rel}","templated":true}]}}