{"id":36843,"date":"2018-10-02T20:27:07","date_gmt":"2018-10-03T00:27:07","guid":{"rendered":"https:\/\/dev.explora.cl\/blog\/2018\/10\/02\/5to-cafe-cientifico-abordo-la-importancia-de-la-familia-en-los-habitos-alimenticios-en-ninos-y-adolescentes\/"},"modified":"2019-05-20T19:13:10","modified_gmt":"2019-05-20T19:13:10","slug":"5to-cafe-cientifico-abordo-la-importancia-de-la-familia-en-los-habitos-alimenticios-en-ninos-y-adolescentes","status":"publish","type":"post","link":"https:\/\/dev.explora.cl\/araucania\/5to-cafe-cientifico-abordo-la-importancia-de-la-familia-en-los-habitos-alimenticios-en-ninos-y-adolescentes\/","title":{"rendered":"5to Caf\u00e9 cient\u00edfico abord\u00f3 la importancia de la familia en los h\u00e1bitos alimenticios en ni\u00f1os y adolescentes"},"content":{"rendered":"<p><span style=\"font-size: 14pt\"><strong><span style=\"font-family: 'trebuchet ms', geneva\"><img loading=\"lazy\" decoding=\"async\" src=\"https:\/\/scontent-scl1-1.xx.fbcdn.net\/v\/t1.0-9\/43095993_10214551629877649_1178999949027704832_n.jpg?_nc_cat=103&amp;oh=71c0ce131a99ae3e0f34b3e8a12ebc88&amp;oe=5C4E879E\" alt=\"La imagen puede contener: una o varias personas, personas sentadas y c\u00c3\u00a1mara\" width=\"644\" height=\"429\" style=\"margin-left: auto;margin-right: auto\" \/><\/span><\/strong><\/span><\/p>\n<p>&nbsp;<\/p>\n<p style=\"text-align: center\"><span style=\"font-size: 14pt\"><strong><span style=\"font-family: 'trebuchet ms', geneva\">\u201cSobrepeso, obesidad y bienestar en ni\u00f1os y adolescentes\u201d, \u00bfC\u00f3mo alimentamos a nuestros hijos?: fue el tema que abord\u00f3 el 5to Caf\u00e9 Cient\u00edfico UFRO, oportunidad en la que m\u00e1s de 100 personas se trasladaron hasta el Aula Magna de la Universidad de La Frontera para conocer un poco m\u00e1s sobre este interesante tema.<\/span><\/strong><\/span><\/p>\n<hr \/>\n<p style=\"text-align: justify\"><span style=\"font-family: 'trebuchet ms', geneva;font-size: 12pt\">Chile es el pa\u00eds con mayor n\u00famero de ciudadanos con sobrepeso en Am\u00e9rica Latina, ocupando el sexto lugar en el mundo en obesidad, por lo que surge la pregunta \u00bfqu\u00e9 factores familiares inciden en estas alarmantes cifras?<\/span><\/p>\n<p style=\"text-align: justify\"><span style=\"font-family: 'trebuchet ms', geneva;font-size: 12pt\">Seg\u00fan expertos son muchos los factores que influyen en los altos \u00edndices de obesidad, entre los m\u00e1s importantes se encuentran la satisfacci\u00f3n de vida, la familia, las pr\u00e1cticas de alimentaci\u00f3n y la falta de actividad f\u00edsica, aspectos que fueron abordados en esta nueva versi\u00f3n del caf\u00e9 cient\u00edfico que fue dirigida por la Dra. Berta Schnettler y el Dr. Gast\u00f3n Ares.<\/span><\/p>\n<p style=\"text-align: justify\"><span style=\"font-family: 'trebuchet ms', geneva;font-size: 12pt\">Los investigadores plantean que existe un doble discurso, las familias quieren alimentarse saludablemente, pero en la pr\u00e1ctica eso no ocurre, sobre todo en los niveles socioecon\u00f3micos m\u00e1s bajos donde se tiende a comer mucha comida \u2018chatarra\u2019, -la que es considerada como m\u00e1s econ\u00f3mica- porque existe el prejuicio de que comer saludable es caro.<\/span><\/p>\n<p style=\"text-align: justify\"><span style=\"font-family: 'trebuchet ms', geneva;font-size: 12pt\">Asimismo, afirman que el rol de la madre es muy importante porque el \u00edndice de alimentaci\u00f3n saludable de los hijos tiene una alta correlaci\u00f3n con c\u00f3mo se alimentan las madres, en tanto, el padre tambi\u00e9n influye siendo el que peor calidad de dieta tiene. &nbsp;<\/span><\/p>\n<p style=\"text-align: justify\"><span style=\"font-family: 'trebuchet ms', geneva;font-size: 12pt\">\u201cLa madre es fundamental, en el caso de los hijos tiene un efecto biol\u00f3gico porque son ellas quienes los alimentan mientras est\u00e1n en el vientre, eso de cierta forma los programa para responder a determinado tipo de alimento, incluso hay estudios que muestran c\u00f3mo las preferencias de los hijos se relacionan directamente con lo que com\u00eda la madre en su embarazo\u201d. Destac\u00f3 el Dr. Ares, investigador de la Universidad de la Rep\u00fablica de Uruguay.<\/span><\/p>\n<p style=\"text-align: justify\"><span style=\"font-family: 'trebuchet ms', geneva;font-size: 12pt\">Al respecto, la Dra. Schnettler, acad\u00e9mica e investigadora de la Universidad de La Frontera, se\u00f1al\u00f3 que existen varios estudios donde predominan los h\u00e1bitos alimentarios no saludables, por lo que se busca generar estrategias de intervenci\u00f3n que vayan enfocadas no solamente a los ni\u00f1os como ya se est\u00e1 trabajando en los colegios. \u201cBuscamos intervenir en el grupo familiar completo, no sacamos nada con que el ni\u00f1o coma saludablemente porque se la da una alimentaci\u00f3n balanceada,&nbsp;<\/span><span style=\"font-family: 'trebuchet ms', geneva;font-size: 16px\">por ejemplo<\/span><span style=\"font-family: 'trebuchet ms', geneva;font-size: 16px\">&nbsp;&nbsp;<\/span><span style=\"font-family: 'trebuchet ms', geneva;font-size: 12pt\">por JUNAEB, si luego llega a su casa y nosotros los padres los estamos alimentamos mal\u201d.<\/span><\/p>\n<p style=\"text-align: justify\"><span style=\"font-family: 'trebuchet ms', geneva;font-size: 12pt\">Seg\u00fan datos del Ministerio de Salud solo el 5% de la poblaci\u00f3n chilena tiene una dieta saludable, el 87% requiere cambios y el 8% tiene una dieta poco saludable. Por su parte la Organizaci\u00f3n de las Naciones Unidas para la Alimentaci\u00f3n, FAO, se\u00f1al\u00f3 en 2016 que uno de los factores m\u00e1s importantes que ha promovido el aumento de peso es el consumo de productos ultra procesados con bajo valor nutricional y alto contenido de az\u00facar, grasa y sal.<\/span><\/p>\n<p style=\"text-align: justify\"><span style=\"font-family: 'trebuchet ms', geneva;font-size: 12pt\">Paulina Hofer odont\u00f3loga de profesi\u00f3n destac\u00f3 la iniciativa afirmando que es una tem\u00e1tica de contingencia de la cual todos debemos estar informados. \u201cMe dedico a la odontopediatr\u00eda por lo que como profesional no solo debo fijarme en las caries de los ni\u00f1os, sino que tambi\u00e9n en su alimentaci\u00f3n, por lo que es important\u00edsimo ser agentes de salud y educar a la comunidad en lo que respecta a la correcta dieta alimentaria\u201d.<\/span><\/p>\n<p style=\"text-align: justify\">&nbsp;<\/p>\n<p style=\"text-align: justify\"><span style=\"font-family: 'trebuchet ms', geneva;font-size: 12pt\"><strong>Iniciativa realizada en conjunto <\/strong><\/span><\/p>\n<p style=\"text-align: justify\"><span style=\"font-family: 'trebuchet ms', geneva;font-size: 12pt\">La iniciativa organizada por el PAR Explora de CONICYT La Araucan\u00eda ejecutado por la Universidad de La Frontera y el&nbsp;N\u00facleo Cient\u00edfico en Biorrecursos BIOREN-UFRO. Adem\u00e1s, es apoyada por la Direcci\u00f3n de Desarrollo Estudiantil de dicha casa de estudios, permitiendo acercar el mundo cient\u00edfico a la comunidad en general, abordando diversas problem\u00e1ticas sociales, y creando un espacio de interacci\u00f3n abierto e informal, logrando as\u00ed despertar el inter\u00e9s de la comunidad por el quehacer cient\u00edfico, y a su vez, la participaci\u00f3n de cient\u00edficos en actividades que ayudan a la difusi\u00f3n de las ciencias.<\/span><\/p>\n<p style=\"text-align: justify\"><span style=\"font-family: 'trebuchet ms', geneva;font-size: 12pt\">La invitaci\u00f3n es como siempre a ser part\u00edcipes de esta iniciativa gratuita y abierta a toda la comunidad de La Araucan\u00eda, en donde en conjunto con una interesante conversaci\u00f3n, disfrutar\u00e1n de un rico caf\u00e9.<\/span><\/p>\n<p><img decoding=\"async\" src=\"https:\/\/scontent-scl1-1.xx.fbcdn.net\/v\/t1.0-9\/43143259_10214551629197632_6761384963314024448_n.jpg?_nc_cat=106&amp;oh=812c784d5312b4db50968d3f43764b99&amp;oe=5C53F4D7\" alt=\"\" \/><\/p>\n<p style=\"text-align: justify\">&nbsp;<\/p>\n<p style=\"text-align: justify\"><span style=\"font-family: 'trebuchet ms', geneva;font-size: 12pt\"><strong>El Caf\u00e9 Cient\u00edfico y sus Plataformas<\/strong><\/span><\/p>\n<p style=\"text-align: justify\"><span style=\"font-family: 'trebuchet ms', geneva;font-size: 12pt\">Recuerda que, si no puedes ir directamente al evento, lo puedes seguir en vivo por se\u00f1al abierta TDV Canal 38.1, Telef\u00f3nica del Sur \u2013 Canal 48 se\u00f1al online, tambi\u00e9n v\u00eda Facebook en Ufromedios.<\/span><\/p>\n<p style=\"text-align: justify\">&nbsp;<\/p>\n<p style=\"text-align: justify\"><span style=\"font-family: 'trebuchet ms', geneva;font-size: 12pt\"><strong>Periodista: Viarly Salazar Fritz.&nbsp;<\/strong><\/span><\/p>\n","protected":false},"excerpt":{"rendered":"<p>&nbsp; \u201cSobrepeso, obesidad y bienestar en ni\u00f1os y adolescentes\u201d, \u00bfC\u00f3mo alimentamos a nuestros hijos?: fue el tema que abord\u00f3 el 5to Caf\u00e9 Cient\u00edfico UFRO, oportunidad en la que m\u00e1s de 100 personas se trasladaron hasta el Aula Magna de la Universidad de La Frontera para conocer un poco m\u00e1s sobre este interesante tema. Chile es [&hellip;]<\/p>\n","protected":false},"author":2,"featured_media":36842,"comment_status":"closed","ping_status":"open","sticky":false,"template":"","format":"standard","meta":{"_acf_changed":false,"_exactmetrics_skip_tracking":false,"_exactmetrics_sitenote_active":false,"_exactmetrics_sitenote_note":"","_exactmetrics_sitenote_category":0,"footnotes":"","_links_to":"","_links_to_target":""},"categories":[4],"tags":[],"class_list":["post-36843","post","type-post","status-publish","format-standard","has-post-thumbnail","hentry","category-noticias"],"acf":[],"yoast_head":"<!-- This site is optimized with the Yoast SEO plugin v26.7 - https:\/\/yoast.com\/wordpress\/plugins\/seo\/ -->\n<title>5to Caf\u00e9 cient\u00edfico abord\u00f3 la importancia de la familia en los h\u00e1bitos alimenticios en ni\u00f1os y adolescentes - Araucan\u00eda<\/title>\n<meta name=\"robots\" content=\"index, follow, max-snippet:-1, max-image-preview:large, max-video-preview:-1\" \/>\n<link rel=\"canonical\" href=\"https:\/\/dev.explora.cl\/araucania\/5to-cafe-cientifico-abordo-la-importancia-de-la-familia-en-los-habitos-alimenticios-en-ninos-y-adolescentes\/\" class=\"yoast-seo-meta-tag\" \/>\n<meta property=\"og:locale\" content=\"es_ES\" class=\"yoast-seo-meta-tag\" \/>\n<meta property=\"og:type\" content=\"article\" class=\"yoast-seo-meta-tag\" \/>\n<meta property=\"og:title\" content=\"5to Caf\u00e9 cient\u00edfico abord\u00f3 la importancia de la familia en los h\u00e1bitos alimenticios en ni\u00f1os y adolescentes - Araucan\u00eda\" class=\"yoast-seo-meta-tag\" \/>\n<meta property=\"og:description\" content=\"&nbsp; \u201cSobrepeso, obesidad y bienestar en ni\u00f1os y adolescentes\u201d, \u00bfC\u00f3mo alimentamos a nuestros hijos?: fue el tema que abord\u00f3 el 5to Caf\u00e9 Cient\u00edfico UFRO, oportunidad en la que m\u00e1s de 100 personas se trasladaron hasta el Aula Magna de la Universidad de La Frontera para conocer un poco m\u00e1s sobre este interesante tema. Chile es [&hellip;]\" class=\"yoast-seo-meta-tag\" \/>\n<meta property=\"og:url\" content=\"https:\/\/dev.explora.cl\/araucania\/5to-cafe-cientifico-abordo-la-importancia-de-la-familia-en-los-habitos-alimenticios-en-ninos-y-adolescentes\/\" class=\"yoast-seo-meta-tag\" \/>\n<meta property=\"og:site_name\" content=\"Araucan\u00eda\" class=\"yoast-seo-meta-tag\" \/>\n<meta property=\"article:published_time\" content=\"2018-10-03T00:27:07+00:00\" class=\"yoast-seo-meta-tag\" \/>\n<meta property=\"article:modified_time\" content=\"2019-05-20T19:13:10+00:00\" class=\"yoast-seo-meta-tag\" \/>\n<meta name=\"author\" content=\"webman\" class=\"yoast-seo-meta-tag\" \/>\n<meta name=\"twitter:card\" content=\"summary_large_image\" class=\"yoast-seo-meta-tag\" \/>\n<meta name=\"twitter:label1\" content=\"Escrito por\" class=\"yoast-seo-meta-tag\" \/>\n\t<meta name=\"twitter:data1\" content=\"webman\" class=\"yoast-seo-meta-tag\" \/>\n\t<meta name=\"twitter:label2\" content=\"Tiempo estimado de lectura\" class=\"yoast-seo-meta-tag\" \/>\n\t<meta name=\"twitter:data2\" content=\"4 minutos\" class=\"yoast-seo-meta-tag\" \/>\n<script type=\"application\/ld+json\" class=\"yoast-schema-graph\">{\"@context\":\"https:\/\/schema.org\",\"@graph\":[{\"@type\":\"Article\",\"@id\":\"https:\/\/dev.explora.cl\/araucania\/5to-cafe-cientifico-abordo-la-importancia-de-la-familia-en-los-habitos-alimenticios-en-ninos-y-adolescentes\/#article\",\"isPartOf\":{\"@id\":\"https:\/\/dev.explora.cl\/araucania\/5to-cafe-cientifico-abordo-la-importancia-de-la-familia-en-los-habitos-alimenticios-en-ninos-y-adolescentes\/\"},\"author\":{\"name\":\"webman\",\"@id\":\"https:\/\/dev.explora.cl\/araucania\/#\/schema\/person\/cb8349c13ea2d324080adf8480d7ba5d\"},\"headline\":\"5to Caf\u00e9 cient\u00edfico abord\u00f3 la importancia de la familia en los h\u00e1bitos alimenticios en ni\u00f1os y adolescentes\",\"datePublished\":\"2018-10-03T00:27:07+00:00\",\"dateModified\":\"2019-05-20T19:13:10+00:00\",\"mainEntityOfPage\":{\"@id\":\"https:\/\/dev.explora.cl\/araucania\/5to-cafe-cientifico-abordo-la-importancia-de-la-familia-en-los-habitos-alimenticios-en-ninos-y-adolescentes\/\"},\"wordCount\":833,\"image\":{\"@id\":\"https:\/\/dev.explora.cl\/araucania\/5to-cafe-cientifico-abordo-la-importancia-de-la-familia-en-los-habitos-alimenticios-en-ninos-y-adolescentes\/#primaryimage\"},\"thumbnailUrl\":\"\",\"articleSection\":[\"Noticias\"],\"inLanguage\":\"es-CL\"},{\"@type\":\"WebPage\",\"@id\":\"https:\/\/dev.explora.cl\/araucania\/5to-cafe-cientifico-abordo-la-importancia-de-la-familia-en-los-habitos-alimenticios-en-ninos-y-adolescentes\/\",\"url\":\"https:\/\/dev.explora.cl\/araucania\/5to-cafe-cientifico-abordo-la-importancia-de-la-familia-en-los-habitos-alimenticios-en-ninos-y-adolescentes\/\",\"name\":\"5to Caf\u00e9 cient\u00edfico abord\u00f3 la importancia de la familia en los h\u00e1bitos alimenticios en ni\u00f1os y adolescentes - Araucan\u00eda\",\"isPartOf\":{\"@id\":\"https:\/\/dev.explora.cl\/araucania\/#website\"},\"primaryImageOfPage\":{\"@id\":\"https:\/\/dev.explora.cl\/araucania\/5to-cafe-cientifico-abordo-la-importancia-de-la-familia-en-los-habitos-alimenticios-en-ninos-y-adolescentes\/#primaryimage\"},\"image\":{\"@id\":\"https:\/\/dev.explora.cl\/araucania\/5to-cafe-cientifico-abordo-la-importancia-de-la-familia-en-los-habitos-alimenticios-en-ninos-y-adolescentes\/#primaryimage\"},\"thumbnailUrl\":\"\",\"datePublished\":\"2018-10-03T00:27:07+00:00\",\"dateModified\":\"2019-05-20T19:13:10+00:00\",\"author\":{\"@id\":\"https:\/\/dev.explora.cl\/araucania\/#\/schema\/person\/cb8349c13ea2d324080adf8480d7ba5d\"},\"breadcrumb\":{\"@id\":\"https:\/\/dev.explora.cl\/araucania\/5to-cafe-cientifico-abordo-la-importancia-de-la-familia-en-los-habitos-alimenticios-en-ninos-y-adolescentes\/#breadcrumb\"},\"inLanguage\":\"es-CL\",\"potentialAction\":[{\"@type\":\"ReadAction\",\"target\":[\"https:\/\/dev.explora.cl\/araucania\/5to-cafe-cientifico-abordo-la-importancia-de-la-familia-en-los-habitos-alimenticios-en-ninos-y-adolescentes\/\"]}]},{\"@type\":\"ImageObject\",\"inLanguage\":\"es-CL\",\"@id\":\"https:\/\/dev.explora.cl\/araucania\/5to-cafe-cientifico-abordo-la-importancia-de-la-familia-en-los-habitos-alimenticios-en-ninos-y-adolescentes\/#primaryimage\",\"url\":\"\",\"contentUrl\":\"\"},{\"@type\":\"BreadcrumbList\",\"@id\":\"https:\/\/dev.explora.cl\/araucania\/5to-cafe-cientifico-abordo-la-importancia-de-la-familia-en-los-habitos-alimenticios-en-ninos-y-adolescentes\/#breadcrumb\",\"itemListElement\":[{\"@type\":\"ListItem\",\"position\":1,\"name\":\"Portada\",\"item\":\"https:\/\/dev.explora.cl\/araucania\/\"},{\"@type\":\"ListItem\",\"position\":2,\"name\":\"5to Caf\u00e9 cient\u00edfico abord\u00f3 la importancia de la familia en los h\u00e1bitos alimenticios en ni\u00f1os y adolescentes\"}]},{\"@type\":\"WebSite\",\"@id\":\"https:\/\/dev.explora.cl\/araucania\/#website\",\"url\":\"https:\/\/dev.explora.cl\/araucania\/\",\"name\":\"Araucan\u00eda\",\"description\":\"Otro sitio m\u00e1s de dev.explora.cl\",\"potentialAction\":[{\"@type\":\"SearchAction\",\"target\":{\"@type\":\"EntryPoint\",\"urlTemplate\":\"https:\/\/dev.explora.cl\/araucania\/?s={search_term_string}\"},\"query-input\":{\"@type\":\"PropertyValueSpecification\",\"valueRequired\":true,\"valueName\":\"search_term_string\"}}],\"inLanguage\":\"es-CL\"},{\"@type\":\"Person\",\"@id\":\"https:\/\/dev.explora.cl\/araucania\/#\/schema\/person\/cb8349c13ea2d324080adf8480d7ba5d\",\"name\":\"webman\",\"image\":{\"@type\":\"ImageObject\",\"inLanguage\":\"es-CL\",\"@id\":\"https:\/\/dev.explora.cl\/araucania\/#\/schema\/person\/image\/\",\"url\":\"https:\/\/secure.gravatar.com\/avatar\/eeff3c82f2c02f7177d13663b7e6f890e9a6a0647ce9bb29cae02dcb094c7312?s=96&d=mm&r=g\",\"contentUrl\":\"https:\/\/secure.gravatar.com\/avatar\/eeff3c82f2c02f7177d13663b7e6f890e9a6a0647ce9bb29cae02dcb094c7312?s=96&d=mm&r=g\",\"caption\":\"webman\"},\"url\":\"https:\/\/dev.explora.cl\/araucania\/author\/webman\/\"}]}<\/script>\n<!-- \/ Yoast SEO plugin. -->","yoast_head_json":{"title":"5to Caf\u00e9 cient\u00edfico abord\u00f3 la importancia de la familia en los h\u00e1bitos alimenticios en ni\u00f1os y adolescentes - Araucan\u00eda","robots":{"index":"index","follow":"follow","max-snippet":"max-snippet:-1","max-image-preview":"max-image-preview:large","max-video-preview":"max-video-preview:-1"},"canonical":"https:\/\/dev.explora.cl\/araucania\/5to-cafe-cientifico-abordo-la-importancia-de-la-familia-en-los-habitos-alimenticios-en-ninos-y-adolescentes\/","og_locale":"es_ES","og_type":"article","og_title":"5to Caf\u00e9 cient\u00edfico abord\u00f3 la importancia de la familia en los h\u00e1bitos alimenticios en ni\u00f1os y adolescentes - Araucan\u00eda","og_description":"&nbsp; \u201cSobrepeso, obesidad y bienestar en ni\u00f1os y adolescentes\u201d, \u00bfC\u00f3mo alimentamos a nuestros hijos?: fue el tema que abord\u00f3 el 5to Caf\u00e9 Cient\u00edfico UFRO, oportunidad en la que m\u00e1s de 100 personas se trasladaron hasta el Aula Magna de la Universidad de La Frontera para conocer un poco m\u00e1s sobre este interesante tema. Chile es [&hellip;]","og_url":"https:\/\/dev.explora.cl\/araucania\/5to-cafe-cientifico-abordo-la-importancia-de-la-familia-en-los-habitos-alimenticios-en-ninos-y-adolescentes\/","og_site_name":"Araucan\u00eda","article_published_time":"2018-10-03T00:27:07+00:00","article_modified_time":"2019-05-20T19:13:10+00:00","author":"webman","twitter_card":"summary_large_image","twitter_misc":{"Escrito por":"webman","Tiempo estimado de lectura":"4 minutos"},"schema":{"@context":"https:\/\/schema.org","@graph":[{"@type":"Article","@id":"https:\/\/dev.explora.cl\/araucania\/5to-cafe-cientifico-abordo-la-importancia-de-la-familia-en-los-habitos-alimenticios-en-ninos-y-adolescentes\/#article","isPartOf":{"@id":"https:\/\/dev.explora.cl\/araucania\/5to-cafe-cientifico-abordo-la-importancia-de-la-familia-en-los-habitos-alimenticios-en-ninos-y-adolescentes\/"},"author":{"name":"webman","@id":"https:\/\/dev.explora.cl\/araucania\/#\/schema\/person\/cb8349c13ea2d324080adf8480d7ba5d"},"headline":"5to Caf\u00e9 cient\u00edfico abord\u00f3 la importancia de la familia en los h\u00e1bitos alimenticios en ni\u00f1os y adolescentes","datePublished":"2018-10-03T00:27:07+00:00","dateModified":"2019-05-20T19:13:10+00:00","mainEntityOfPage":{"@id":"https:\/\/dev.explora.cl\/araucania\/5to-cafe-cientifico-abordo-la-importancia-de-la-familia-en-los-habitos-alimenticios-en-ninos-y-adolescentes\/"},"wordCount":833,"image":{"@id":"https:\/\/dev.explora.cl\/araucania\/5to-cafe-cientifico-abordo-la-importancia-de-la-familia-en-los-habitos-alimenticios-en-ninos-y-adolescentes\/#primaryimage"},"thumbnailUrl":"","articleSection":["Noticias"],"inLanguage":"es-CL"},{"@type":"WebPage","@id":"https:\/\/dev.explora.cl\/araucania\/5to-cafe-cientifico-abordo-la-importancia-de-la-familia-en-los-habitos-alimenticios-en-ninos-y-adolescentes\/","url":"https:\/\/dev.explora.cl\/araucania\/5to-cafe-cientifico-abordo-la-importancia-de-la-familia-en-los-habitos-alimenticios-en-ninos-y-adolescentes\/","name":"5to Caf\u00e9 cient\u00edfico abord\u00f3 la importancia de la familia en los h\u00e1bitos alimenticios en ni\u00f1os y adolescentes - Araucan\u00eda","isPartOf":{"@id":"https:\/\/dev.explora.cl\/araucania\/#website"},"primaryImageOfPage":{"@id":"https:\/\/dev.explora.cl\/araucania\/5to-cafe-cientifico-abordo-la-importancia-de-la-familia-en-los-habitos-alimenticios-en-ninos-y-adolescentes\/#primaryimage"},"image":{"@id":"https:\/\/dev.explora.cl\/araucania\/5to-cafe-cientifico-abordo-la-importancia-de-la-familia-en-los-habitos-alimenticios-en-ninos-y-adolescentes\/#primaryimage"},"thumbnailUrl":"","datePublished":"2018-10-03T00:27:07+00:00","dateModified":"2019-05-20T19:13:10+00:00","author":{"@id":"https:\/\/dev.explora.cl\/araucania\/#\/schema\/person\/cb8349c13ea2d324080adf8480d7ba5d"},"breadcrumb":{"@id":"https:\/\/dev.explora.cl\/araucania\/5to-cafe-cientifico-abordo-la-importancia-de-la-familia-en-los-habitos-alimenticios-en-ninos-y-adolescentes\/#breadcrumb"},"inLanguage":"es-CL","potentialAction":[{"@type":"ReadAction","target":["https:\/\/dev.explora.cl\/araucania\/5to-cafe-cientifico-abordo-la-importancia-de-la-familia-en-los-habitos-alimenticios-en-ninos-y-adolescentes\/"]}]},{"@type":"ImageObject","inLanguage":"es-CL","@id":"https:\/\/dev.explora.cl\/araucania\/5to-cafe-cientifico-abordo-la-importancia-de-la-familia-en-los-habitos-alimenticios-en-ninos-y-adolescentes\/#primaryimage","url":"","contentUrl":""},{"@type":"BreadcrumbList","@id":"https:\/\/dev.explora.cl\/araucania\/5to-cafe-cientifico-abordo-la-importancia-de-la-familia-en-los-habitos-alimenticios-en-ninos-y-adolescentes\/#breadcrumb","itemListElement":[{"@type":"ListItem","position":1,"name":"Portada","item":"https:\/\/dev.explora.cl\/araucania\/"},{"@type":"ListItem","position":2,"name":"5to Caf\u00e9 cient\u00edfico abord\u00f3 la importancia de la familia en los h\u00e1bitos alimenticios en ni\u00f1os y adolescentes"}]},{"@type":"WebSite","@id":"https:\/\/dev.explora.cl\/araucania\/#website","url":"https:\/\/dev.explora.cl\/araucania\/","name":"Araucan\u00eda","description":"Otro sitio m\u00e1s de dev.explora.cl","potentialAction":[{"@type":"SearchAction","target":{"@type":"EntryPoint","urlTemplate":"https:\/\/dev.explora.cl\/araucania\/?s={search_term_string}"},"query-input":{"@type":"PropertyValueSpecification","valueRequired":true,"valueName":"search_term_string"}}],"inLanguage":"es-CL"},{"@type":"Person","@id":"https:\/\/dev.explora.cl\/araucania\/#\/schema\/person\/cb8349c13ea2d324080adf8480d7ba5d","name":"webman","image":{"@type":"ImageObject","inLanguage":"es-CL","@id":"https:\/\/dev.explora.cl\/araucania\/#\/schema\/person\/image\/","url":"https:\/\/secure.gravatar.com\/avatar\/eeff3c82f2c02f7177d13663b7e6f890e9a6a0647ce9bb29cae02dcb094c7312?s=96&d=mm&r=g","contentUrl":"https:\/\/secure.gravatar.com\/avatar\/eeff3c82f2c02f7177d13663b7e6f890e9a6a0647ce9bb29cae02dcb094c7312?s=96&d=mm&r=g","caption":"webman"},"url":"https:\/\/dev.explora.cl\/araucania\/author\/webman\/"}]}},"_links":{"self":[{"href":"https:\/\/dev.explora.cl\/araucania\/wp-json\/wp\/v2\/posts\/36843","targetHints":{"allow":["GET"]}}],"collection":[{"href":"https:\/\/dev.explora.cl\/araucania\/wp-json\/wp\/v2\/posts"}],"about":[{"href":"https:\/\/dev.explora.cl\/araucania\/wp-json\/wp\/v2\/types\/post"}],"author":[{"embeddable":true,"href":"https:\/\/dev.explora.cl\/araucania\/wp-json\/wp\/v2\/users\/2"}],"replies":[{"embeddable":true,"href":"https:\/\/dev.explora.cl\/araucania\/wp-json\/wp\/v2\/comments?post=36843"}],"version-history":[{"count":1,"href":"https:\/\/dev.explora.cl\/araucania\/wp-json\/wp\/v2\/posts\/36843\/revisions"}],"predecessor-version":[{"id":38599,"href":"https:\/\/dev.explora.cl\/araucania\/wp-json\/wp\/v2\/posts\/36843\/revisions\/38599"}],"wp:featuredmedia":[{"embeddable":true,"href":"https:\/\/dev.explora.cl\/araucania\/wp-json\/"}],"wp:attachment":[{"href":"https:\/\/dev.explora.cl\/araucania\/wp-json\/wp\/v2\/media?parent=36843"}],"wp:term":[{"taxonomy":"category","embeddable":true,"href":"https:\/\/dev.explora.cl\/araucania\/wp-json\/wp\/v2\/categories?post=36843"},{"taxonomy":"post_tag","embeddable":true,"href":"https:\/\/dev.explora.cl\/araucania\/wp-json\/wp\/v2\/tags?post=36843"}],"curies":[{"name":"wp","href":"https:\/\/api.w.org\/{rel}","templated":true}]}}