{"id":36834,"date":"2018-10-02T15:26:13","date_gmt":"2018-10-02T19:26:13","guid":{"rendered":"https:\/\/dev.explora.cl\/blog\/2018\/10\/02\/mas-de-4000-personas-se-sorprendieron-con-la-iii-fiesta-de-la-ciencia-y-la-tecnologia-en-la-araucania\/"},"modified":"2019-05-20T19:13:10","modified_gmt":"2019-05-20T19:13:10","slug":"mas-de-4000-personas-se-sorprendieron-con-la-iii-fiesta-de-la-ciencia-y-la-tecnologia-en-la-araucania","status":"publish","type":"post","link":"https:\/\/dev.explora.cl\/araucania\/mas-de-4000-personas-se-sorprendieron-con-la-iii-fiesta-de-la-ciencia-y-la-tecnologia-en-la-araucania\/","title":{"rendered":"M\u00e1s de 4000 personas se sorprendieron con la III Fiesta de la Ciencia y la Tecnolog\u00eda en La Araucan\u00eda"},"content":{"rendered":"<p><span style=\"font-family: 'trebuchet ms', geneva;font-size: 14pt\"><strong style=\"font-family: 'trebuchet ms', geneva;font-size: 12pt;text-align: justify\"><img loading=\"lazy\" decoding=\"async\" src=\"https:\/\/scontent-scl1-1.xx.fbcdn.net\/v\/t1.0-9\/42999640_10214550633372737_8066925931760975872_n.jpg?_nc_cat=106&amp;oh=077903abb4cc6dca277b0672ca4c8b94&amp;oe=5C1AFB56\" alt=\"La imagen puede contener: una o varias personas y multitud\" width=\"627\" height=\"418\" style=\"margin-left: auto;margin-right: auto\" \/><\/strong><\/span><\/p>\n<p>&nbsp;<\/p>\n<p style=\"text-align: center\"><strong style=\"font-family: 'trebuchet ms', geneva;font-size: 12pt;text-align: justify\">\u00bfPuedo prevenir el c\u00e1ncer? \u00bfCu\u00e1nto conoces del mundo que te rodea? \u00bfTodas las bacterias nos producen enfermedades? \u00bfPor qu\u00e9 debo cuidarme al jugar con los animalitos? fueron solo algunas de las preguntas a las cuales dieron respuestas los m\u00e1s de 20 m\u00f3dulos interactivos que formaron parte de la \u201cIII Fiesta de la Ciencia y la Tecnolog\u00eda en La Araucan\u00eda\u201d, iniciativa organizada por el PAR Explora de CONICYT La Araucan\u00eda ejecutada por la Universidad de La Frontera.<\/strong><\/p>\n<hr \/>\n<p style=\"text-align: justify\"><span style=\"font-family: 'trebuchet ms', geneva;font-size: 12pt\">En el a\u00f1o de los \u00bfPor Qu\u00e9?: Tema 2018 del Programa Explora de CONICYT y en el marco de la XXIV Semana Nacional de la Ciencia y la Tecnolog\u00eda, se realiz\u00f3 esta entretenida actividad que sorprendi\u00f3 a m\u00e1s de 4000 personas quienes aprendieron conceptos relacionados a c\u00f3mo una bicicleta puede producir electricidad, interactuaron con robots, visualizaron estructuras de diversa naturaleza con el uso del microscopio \u00f3ptico y la lupa, aprendieron por qu\u00e9 se contamina el planeta a trav\u00e9s de simulaciones computacionales en forma de juego, conocieron sobre las leyes de la f\u00edsica y la estabilidad estructural, entre otras novedosas experiencias demostrativas, las que sorprendieron no s\u00f3lo a los m\u00e1s peque\u00f1os de la casa sino que tambi\u00e9n a toda la familia.<\/span><\/p>\n<p style=\"text-align: justify\"><span style=\"font-family: 'trebuchet ms', geneva;font-size: 12pt\">Carolina Venegas no quiso estar ausente en la actividad destacando que \u201cya hab\u00eda escuchado muy buenos comentarios sobre esta fiesta por lo que me motive a venir con mis hijos, lo hemos pasado muy bien, todos hemos aprendido de manera entretenida, mis hijos no han parado de hacer preguntas y ya quieren regresar\u201d.<\/span><\/p>\n<p style=\"text-align: justify\"><span style=\"font-family: 'trebuchet ms', geneva;font-size: 12pt\">\u201cLo que m\u00e1s me gust\u00f3 es un m\u00f3dulo sobre animalitos donde me ense\u00f1aron cu\u00e1les son las prevenciones que hay que tener para tener una mascota, era genial, todo era muy entretenido\u201d, destac\u00f3 Pedro D\u00edaz, uno de los cientos de ni\u00f1os y ni\u00f1as quienes fueron los principales protagonistas de este gran evento de car\u00e1cter regional<\/span><span style=\"font-family: 'trebuchet ms', geneva;font-size: 12pt\">.<\/span><\/p>\n<p style=\"text-align: justify\"><span style=\"font-family: 'trebuchet ms', geneva;font-size: 12pt\">A su vez, el peque\u00f1o Alen Espinoza afirm\u00f3 que \u201cla fiesta me pareci\u00f3 super buena porque vi cosas que no hab\u00eda visto nunca antes, era todo sorprendente, en especial la tecnolog\u00eda\u201d.<\/span><\/p>\n<p>&nbsp;<\/p>\n<p><img decoding=\"async\" src=\"https:\/\/scontent-scl1-1.xx.fbcdn.net\/v\/t1.0-9\/43064434_10214550553330736_5475182359995219968_n.jpg?_nc_cat=111&amp;oh=ec45b8cf5ba9b5f3dae6ea4d8fdf5b42&amp;oe=5C16A669\" alt=\"La imagen puede contener: una o varias personas, personas sentadas y personas de pie\" style=\"margin-left: auto;margin-right: auto\" \/><\/p>\n<p>&nbsp;<\/p>\n<p style=\"text-align: justify\"><span style=\"font-family: 'trebuchet ms', geneva;font-size: 12pt\"><strong>M\u00f3dulos interactivos<\/strong><\/span><\/p>\n<p style=\"text-align: justify\"><span style=\"font-family: 'trebuchet ms', geneva;font-size: 12pt\">La Universidad Aut\u00f3noma de Chile, Universidad Mayor, INIA Carillanca,&nbsp;Museo Regional Araucan\u00eda, Instituto Telet\u00f3n Temuco y la Universidad de La Frontera, a trav\u00e9s de&nbsp;diversos m\u00f3dulos interactivos vinculados a la ciencia, tecnolog\u00eda, educaci\u00f3n y cultura de nuestra regi\u00f3n, dieron vida a esta <strong>&#8220;III Fiesta de la Ciencia y la Tecnolog\u00eda&#8221;<\/strong>, trasmitiendo al p\u00fablico familiar sus trabajos e investigaciones, -quienes disfrutaron de este acercamiento a la ciencia-, el que despleg\u00f3 un mundo de actividades que encantaron no s\u00f3lo a escolares, sino que tambi\u00e9n a familias completas que llegaron hasta el estadio Germ\u00e1n Becker de Temuco para fascinarse con el quehacer cient\u00edfico.<\/span><\/p>\n<p style=\"text-align: justify\"><span style=\"font-family: 'trebuchet ms', geneva;font-size: 12pt\">Julio Guajardo del m\u00f3dulo de <em>\u2018Anatom\u00eda: una fiesta de formas y estructuras\u2019,<\/em> destac\u00f3 la masiva concurrencia afirmando que \u201cen esta ocasi\u00f3n estamos mostrando todos los huesos del esqueleto, adem\u00e1s de muestras en formalina del ri\u00f1\u00f3n, coraz\u00f3n, diferentes tipos y desarrollos del cerebro -cerdo, cordero, humano-, para as\u00ed poder hacer la comparaci\u00f3n anat\u00f3mica y que las personas puedan comprender de mejor manera\u201d. Afirm\u00f3 el acad\u00e9mico de la Universidad de La Frontera.<\/span><\/p>\n<p style=\"text-align: justify\"><span style=\"font-family: 'trebuchet ms', geneva;font-size: 12pt\">Por su parte, Susana Chacana, coordinadora de educaci\u00f3n y extensi\u00f3n del Museo Regional Araucan\u00eda destac\u00f3 la importancia de generar este tipo de instancias afirmando que \u201cnosotros en el museo desarrollamos investigaciones internas con los objetos de las colecciones, pero adem\u00e1s ejecutamos m\u00faltiples talleres para los ni\u00f1os donde se unen los conocimientos cient\u00edficos, que es lo que quisimos mostrar este d\u00eda, por lo que estamos muy contentos de ser parte de esta nueva versi\u00f3n de la fiesta\u201d.<\/span><\/p>\n<p style=\"text-align: justify\"><span style=\"font-family: 'trebuchet ms', geneva;font-size: 12pt\">A trav\u00e9s de 20 m\u00f3dulos cient\u00edficos y 3 experimentales se difundi\u00f3 a la comunidad en un lenguaje cercano y din\u00e1mico el conocimiento generado en los centros de investigaci\u00f3n y laboratorios de nuestra regi\u00f3n, permitiendo destacar el potencial innovador de La Araucan\u00eda.<\/span><\/p>\n<p style=\"text-align: justify\"><span style=\"font-family: 'trebuchet ms', geneva;font-size: 12pt\">As\u00ed lo demostraron los m\u00f3dulos experimentales de&nbsp;F\u00edsica: <em>\u2018la fuerza est\u00e1 contigo\u2019<\/em>, &nbsp;Qu\u00edmica: \u2018q<em>u\u00edmica entre nosotros\u2019<\/em>, &nbsp;y Biolog\u00eda: <em>\u2018explorando mi cuerpo\u2019,<\/em> los que sorprendieron a toda la familia gracias a experiencias exhibidas por un grupo de monitores -estudiantes de la carrera de pedagog\u00eda en ciencias de la Universidad de La Frontera-, bajo la gu\u00eda de la directora de la carrera de pedagog\u00eda en ciencias en su menci\u00f3n Qu\u00edmica,&nbsp;Mg. Andrea Arias, quien afirm\u00f3 que \u201ceste encuentro es muy significativo para mis estudiantes, una tremenda experiencia en la parte pedag\u00f3gica que les permite mostrar contenidos cient\u00edficos en forma muy did\u00e1ctica, por lo que siempre intentamos trasmitir el conocimiento de forma entretenida, este a\u00f1o incluimos al final del circuito experimental un rosco de preguntas en donde participaron ni\u00f1os, abuelitas, t\u00edos, pap\u00e1s, mam\u00e1s, lo que result\u00f3 muy atractivo para los visitantes\u201d. &nbsp;<\/span><\/p>\n<p style=\"text-align: justify\"><span style=\"font-family: 'trebuchet ms', geneva;font-size: 12pt\">A su vez, destac\u00f3 que \u201cvemos como el nieto alienta a la abuelita a que pregunte, al t\u00edo aprendiendo junto a todos sus sobrinos, lo que nos muestra que es una actividad que ya est\u00e1 instaurada en la regi\u00f3n y que sin duda ha aportado a que la familia en general quiera y est\u00e9 \u00e1vida de aprender ciencia en forma entretenida y cercana\u201d. Destac\u00f3 la tambi\u00e9n asesora cient\u00edfica del PAR Explora de CONICYT La Araucan\u00eda. &nbsp;<\/span><\/p>\n<\/p>\n<p style=\"text-align: justify\"><span style=\"font-family: 'trebuchet ms', geneva;font-size: 12pt\"><strong>Show de magia, obra de teatro, bingo cient\u00edfico y m\u00e1s<\/strong><\/span><\/p>\n<p style=\"text-align: justify\"><span style=\"font-family: 'trebuchet ms', geneva;font-size: 12pt\">La ambientaci\u00f3n esc\u00e9nica art\u00edstica y la entretenci\u00f3n estuvo dirig<br \/>\nida por Jackie Andaur, quien junto a su compa\u00f1\u00eda de teatro &#8220;Karamelos&#8221; interpretaron la obra:&nbsp; \u00bfY qu\u00e9 hay m\u00e1s all\u00e1?,&nbsp; intervenci\u00f3n art\u00edstica creada colectivamente con el Proyecto Asociativo Regional, que se present\u00f3 para inaugurar la <strong>\u201cIII Fiesta de la Ciencia y la Tecnolog\u00eda\u201d<\/strong> y que luego cont\u00f3 con una segunda funci\u00f3n para dar cierre a esta gran celebraci\u00f3n, cautivando la atenci\u00f3n de los asistentes quienes a trav\u00e9s de la l\u00fadica presentaci\u00f3n de Mariposa y el Sol, aprendieron la importancia del m\u00e9todo cient\u00edfico. &nbsp;<\/span><\/p>\n<p style=\"text-align: justify\"><span style=\"font-family: 'trebuchet ms', geneva;font-size: 12pt\">Adem\u00e1s se cont\u00f3 con la participaci\u00f3n especial del coro de ni\u00f1os del Teatro Municipal de Temuco, quienes dirigidos por la maestra Ivoshka Tello cautivaron a los presentes. <em>&#8216;<\/em><\/span><span style=\"font-family: 'trebuchet ms', geneva;font-size: 12pt\"><em>Es la ciencia que te invita a preguntarte por qu\u00e9&#8217;<\/em> es solo una peque\u00f1a parte de la canci\u00f3n que interpretaron los ni\u00f1os y ni\u00f1as la que fue creada especialmente para la ocasi\u00f3n y resulto todo un \u00e9xito, &#8220;estamos felices de ser part\u00edcipes de esta iniciativa y esperamos poder seguir trabajando en conjunto para difundir el conocimiento a la ciudadan\u00eda\u201d. Se\u00f1al\u00f3&nbsp; la maestra&nbsp;<span style=\"font-family: 'trebuchet ms', geneva;font-size: 12pt\">Ivoshka Tello.<\/span><\/span><\/p>\n<p style=\"text-align: justify\"><span style=\"font-family: 'trebuchet ms', geneva;font-size: 12pt\">Diversas fueron las actividades que acompa\u00f1aron esta&nbsp;<strong>\u201cIII Fiesta de la Ciencia y la Tecnolog\u00eda\u201d,<\/strong> adem\u00e1s de los m\u00f3dulos relacionados con el mundo de la ciencia, los asistentes fueron parte de los shows de magia, pintacaritas, globoflexia, just dance, m\u00fasica, animaci\u00f3n en vivo, preguntas del minuto, funciones de teatro, bingos cient\u00edficos, adem\u00e1s todos quienes asistieron pudieron registrar su visita gracias a una cabina de fotos exclusiva que capt\u00f3 los mejores momentos.<\/span><\/p>\n<p>&nbsp;<\/p>\n<p><img decoding=\"async\" src=\"https:\/\/scontent-scl1-1.xx.fbcdn.net\/v\/t1.0-9\/42919013_10214550572451214_2161250495652429824_n.jpg?_nc_cat=102&amp;oh=d1ad03d9bab8a9a3e68a4f909ca57ea7&amp;oe=5C59FA4D\" alt=\"La imagen puede contener: una o varias personas y multitud\" style=\"margin-left: auto;margin-right: auto\" \/><\/p>\n<\/p>\n<p>&nbsp;<\/p>\n<p style=\"text-align: justify\"><span style=\"font-family: 'trebuchet ms', geneva;font-size: 12pt\"><strong>M\u00e1s de 4000 personas visitaron la &#8220;III Fiesta de la Ciencia y la Tecnolog\u00eda&#8221;<\/strong><\/span><\/p>\n<p style=\"text-align: justify\"><span style=\"font-family: 'trebuchet ms', geneva;font-size: 12pt\">Felipe Gallardo, director del PAR Explora de CONICYT La Araucan\u00eda, expres\u00f3 su alegr\u00eda por el \u00e9xito de la convocatoria la que reuni\u00f3 a toda la familia en torno a la ciencia.<\/span><\/p>\n<p style=\"text-align: justify\"><span style=\"font-family: 'trebuchet ms', geneva;font-size: 12pt\">\u201cBuscamos no solo acercar el \u00e1rea cient\u00edfica a los estudiantes, sino que tambi\u00e9n mostrarle a toda la familia que la ciencia est\u00e1 a nuestro alrededor, que basta con que observemos unos instantes y podremos descubrir un sinf\u00edn de maravillas, al observar nos podemos dar cuenta que cualquier fen\u00f3meno est\u00e1 relacionado con el mundo cient\u00edfico. Y ah\u00ed est\u00e1 nuestro mayor desaf\u00edo, que es trasmitir este conocimiento de manera amigable para que tanto el ni\u00f1o de cinco a\u00f1os como el adulto mayor entiendan estos fen\u00f3menos\u201d. Destac\u00f3 el director del Proyecto Asociativo Regional. &nbsp;<\/span><\/p>\n<p style=\"text-align: justify\"><span style=\"font-family: 'trebuchet ms', geneva;font-size: 12pt\">A su vez afirm\u00f3 que \u201cestamos muy contentos con la tercera versi\u00f3n de esta fiesta ya que pese a las condiciones clim\u00e1ticas nos visitaron miles de personas y de todas las edades, quienes iban de un m\u00f3dulo a otro entusiasmadas con lo que estaban conociendo, lo que nos demuestra que existe el inter\u00e9s por aprender sobre ciencia, y que solo necesitamos estimularlos&#8221;.&nbsp;<\/span><\/p>\n<p style=\"text-align: justify\"><span style=\"font-family: 'trebuchet ms', geneva;font-size: 12pt\">De esta forma culmin\u00f3 la <strong>\u201cIII Fiesta de la Ciencia y la Tecnolog\u00eda\u201d,<\/strong> ocasi\u00f3n en la que la ciencia, m\u00fasica, juegos y algarab\u00eda se conjugaron para iniciar la celebraci\u00f3n de la Semana Nacional de la Ciencia y Tecnolog\u00eda en La Araucan\u00eda.<\/span><\/p>\n<\/p>\n<p><span style=\"font-family: 'trebuchet ms', geneva;font-size: 12pt\"><strong>&nbsp;<img decoding=\"async\" src=\"https:\/\/scontent-scl1-1.xx.fbcdn.net\/v\/t1.0-9\/42948463_10214550553210733_141932644609818624_n.jpg?_nc_cat=107&amp;oh=648c41ca4bf7c7c622991b089f307b97&amp;oe=5C1486BA\" alt=\"La imagen puede contener: 3 personas, personas sonriendo, personas de pie\" style=\"margin-left: auto;margin-right: auto\" \/><\/strong><\/span><\/p>\n<p><a href=\"https:\/\/www.facebook.com\/pg\/explora.araucania\/photos\/?tab=album&amp;album_id=2162171064000934\"><\/a><\/p>\n<p>&nbsp;<\/p>\n<p style=\"margin: 0px 0px 12px;color: #333333;font-family: gobclregular, sans-serif;font-size: 16px;font-style: normal;font-weight: 300;letter-spacing: normal;text-indent: 0px;background-color: #ffffff;text-align: center\"><a href=\"https:\/\/www.facebook.com\/pg\/explora.araucania\/photos\/?tab=album&amp;album_id=2162171064000934\"><strong><span style=\"font-size: 18pt;font-family: 'trebuchet ms', geneva;color: #ff0000\">\u00a1Haz click aqu\u00ed&nbsp;para ver la galer\u00eda&nbsp;de im\u00e1genes!<\/span><\/strong><\/a><\/p>\n<p>&nbsp;<\/p>\n<p style=\"margin: 0px 0px 12px;color: #333333;font-family: gobclregular, sans-serif;font-size: 16px;font-style: normal;font-weight: 300;letter-spacing: normal;text-indent: 0px;background-color: #ffffff;text-align: center\"><span style=\"font-size: 18pt\"><strong><span style=\"font-family: 'trebuchet ms', geneva\"><a href=\"https:\/\/www.youtube.com\/watch?v=NCIRX7ID6FQ&amp;feature=youtu.be\"><span style=\"color: #0000ff\">\u00a1Haz click aqu\u00ed&nbsp;para ver las impresiones de la actividad!<\/span><\/a><\/span><\/strong><\/span><\/p>\n<p style=\"margin: 0px 0px 12px;color: #333333;font-family: gobclregular, sans-serif;font-size: 16px;font-style: normal;font-weight: 300;letter-spacing: normal;text-indent: 0px;background-color: #ffffff;text-align: center\"><span style=\"font-size: 18pt\"><b style=\"font-weight: bold\"><span style=\"font-family: 'trebuchet ms', geneva;font-size: 18pt;color: #ff0000\"><a href=\"https:\/\/www.youtube.com\/watch?v=MZ1NzgOSDWg&amp;feature=youtu.be\" style=\"background-color: transparent;color: #ff0000;text-decoration: none\"><\/a><\/span><br \/><\/b><\/span><\/p>\n<p><strong><span style=\"font-family: 'trebuchet ms', geneva;font-size: 12pt\">Periodista: Viarly Salazar Fritz.&nbsp;<\/span><\/strong><\/p>\n","protected":false},"excerpt":{"rendered":"<p>&nbsp; \u00bfPuedo prevenir el c\u00e1ncer? \u00bfCu\u00e1nto conoces del mundo que te rodea? \u00bfTodas las bacterias nos producen enfermedades? \u00bfPor qu\u00e9 debo cuidarme al jugar con los animalitos? fueron solo algunas de las preguntas a las cuales dieron respuestas los m\u00e1s de 20 m\u00f3dulos interactivos que formaron parte de la \u201cIII Fiesta de la Ciencia y [&hellip;]<\/p>\n","protected":false},"author":2,"featured_media":36833,"comment_status":"closed","ping_status":"open","sticky":false,"template":"","format":"standard","meta":{"_acf_changed":false,"_exactmetrics_skip_tracking":false,"_exactmetrics_sitenote_active":false,"_exactmetrics_sitenote_note":"","_exactmetrics_sitenote_category":0,"footnotes":"","_links_to":"","_links_to_target":""},"categories":[4],"tags":[],"class_list":["post-36834","post","type-post","status-publish","format-standard","has-post-thumbnail","hentry","category-noticias"],"acf":[],"yoast_head":"<!-- This site is optimized with the Yoast SEO plugin v26.7 - https:\/\/yoast.com\/wordpress\/plugins\/seo\/ -->\n<title>M\u00e1s de 4000 personas se sorprendieron con la III Fiesta de la Ciencia y la Tecnolog\u00eda en La Araucan\u00eda - Araucan\u00eda<\/title>\n<meta name=\"robots\" content=\"index, follow, max-snippet:-1, max-image-preview:large, max-video-preview:-1\" \/>\n<link rel=\"canonical\" href=\"https:\/\/dev.explora.cl\/araucania\/mas-de-4000-personas-se-sorprendieron-con-la-iii-fiesta-de-la-ciencia-y-la-tecnologia-en-la-araucania\/\" class=\"yoast-seo-meta-tag\" \/>\n<meta property=\"og:locale\" content=\"es_ES\" class=\"yoast-seo-meta-tag\" \/>\n<meta property=\"og:type\" content=\"article\" class=\"yoast-seo-meta-tag\" \/>\n<meta property=\"og:title\" content=\"M\u00e1s de 4000 personas se sorprendieron con la III Fiesta de la Ciencia y la Tecnolog\u00eda en La Araucan\u00eda - Araucan\u00eda\" class=\"yoast-seo-meta-tag\" \/>\n<meta property=\"og:description\" content=\"&nbsp; \u00bfPuedo prevenir el c\u00e1ncer? \u00bfCu\u00e1nto conoces del mundo que te rodea? \u00bfTodas las bacterias nos producen enfermedades? \u00bfPor qu\u00e9 debo cuidarme al jugar con los animalitos? fueron solo algunas de las preguntas a las cuales dieron respuestas los m\u00e1s de 20 m\u00f3dulos interactivos que formaron parte de la \u201cIII Fiesta de la Ciencia y [&hellip;]\" class=\"yoast-seo-meta-tag\" \/>\n<meta property=\"og:url\" content=\"https:\/\/dev.explora.cl\/araucania\/mas-de-4000-personas-se-sorprendieron-con-la-iii-fiesta-de-la-ciencia-y-la-tecnologia-en-la-araucania\/\" class=\"yoast-seo-meta-tag\" \/>\n<meta property=\"og:site_name\" content=\"Araucan\u00eda\" class=\"yoast-seo-meta-tag\" \/>\n<meta property=\"article:published_time\" content=\"2018-10-02T19:26:13+00:00\" class=\"yoast-seo-meta-tag\" \/>\n<meta property=\"article:modified_time\" content=\"2019-05-20T19:13:10+00:00\" class=\"yoast-seo-meta-tag\" \/>\n<meta name=\"author\" content=\"webman\" class=\"yoast-seo-meta-tag\" \/>\n<meta name=\"twitter:card\" content=\"summary_large_image\" class=\"yoast-seo-meta-tag\" \/>\n<meta name=\"twitter:label1\" content=\"Escrito por\" class=\"yoast-seo-meta-tag\" \/>\n\t<meta name=\"twitter:data1\" content=\"webman\" class=\"yoast-seo-meta-tag\" \/>\n\t<meta name=\"twitter:label2\" content=\"Tiempo estimado de lectura\" class=\"yoast-seo-meta-tag\" \/>\n\t<meta name=\"twitter:data2\" content=\"8 minutos\" class=\"yoast-seo-meta-tag\" \/>\n<script type=\"application\/ld+json\" class=\"yoast-schema-graph\">{\"@context\":\"https:\/\/schema.org\",\"@graph\":[{\"@type\":\"Article\",\"@id\":\"https:\/\/dev.explora.cl\/araucania\/mas-de-4000-personas-se-sorprendieron-con-la-iii-fiesta-de-la-ciencia-y-la-tecnologia-en-la-araucania\/#article\",\"isPartOf\":{\"@id\":\"https:\/\/dev.explora.cl\/araucania\/mas-de-4000-personas-se-sorprendieron-con-la-iii-fiesta-de-la-ciencia-y-la-tecnologia-en-la-araucania\/\"},\"author\":{\"name\":\"webman\",\"@id\":\"https:\/\/dev.explora.cl\/araucania\/#\/schema\/person\/cb8349c13ea2d324080adf8480d7ba5d\"},\"headline\":\"M\u00e1s de 4000 personas se sorprendieron con la III Fiesta de la Ciencia y la Tecnolog\u00eda en La Araucan\u00eda\",\"datePublished\":\"2018-10-02T19:26:13+00:00\",\"dateModified\":\"2019-05-20T19:13:10+00:00\",\"mainEntityOfPage\":{\"@id\":\"https:\/\/dev.explora.cl\/araucania\/mas-de-4000-personas-se-sorprendieron-con-la-iii-fiesta-de-la-ciencia-y-la-tecnologia-en-la-araucania\/\"},\"wordCount\":1559,\"image\":{\"@id\":\"https:\/\/dev.explora.cl\/araucania\/mas-de-4000-personas-se-sorprendieron-con-la-iii-fiesta-de-la-ciencia-y-la-tecnologia-en-la-araucania\/#primaryimage\"},\"thumbnailUrl\":\"\",\"articleSection\":[\"Noticias\"],\"inLanguage\":\"es-CL\"},{\"@type\":\"WebPage\",\"@id\":\"https:\/\/dev.explora.cl\/araucania\/mas-de-4000-personas-se-sorprendieron-con-la-iii-fiesta-de-la-ciencia-y-la-tecnologia-en-la-araucania\/\",\"url\":\"https:\/\/dev.explora.cl\/araucania\/mas-de-4000-personas-se-sorprendieron-con-la-iii-fiesta-de-la-ciencia-y-la-tecnologia-en-la-araucania\/\",\"name\":\"M\u00e1s de 4000 personas se sorprendieron con la III Fiesta de la Ciencia y la Tecnolog\u00eda en La Araucan\u00eda - Araucan\u00eda\",\"isPartOf\":{\"@id\":\"https:\/\/dev.explora.cl\/araucania\/#website\"},\"primaryImageOfPage\":{\"@id\":\"https:\/\/dev.explora.cl\/araucania\/mas-de-4000-personas-se-sorprendieron-con-la-iii-fiesta-de-la-ciencia-y-la-tecnologia-en-la-araucania\/#primaryimage\"},\"image\":{\"@id\":\"https:\/\/dev.explora.cl\/araucania\/mas-de-4000-personas-se-sorprendieron-con-la-iii-fiesta-de-la-ciencia-y-la-tecnologia-en-la-araucania\/#primaryimage\"},\"thumbnailUrl\":\"\",\"datePublished\":\"2018-10-02T19:26:13+00:00\",\"dateModified\":\"2019-05-20T19:13:10+00:00\",\"author\":{\"@id\":\"https:\/\/dev.explora.cl\/araucania\/#\/schema\/person\/cb8349c13ea2d324080adf8480d7ba5d\"},\"breadcrumb\":{\"@id\":\"https:\/\/dev.explora.cl\/araucania\/mas-de-4000-personas-se-sorprendieron-con-la-iii-fiesta-de-la-ciencia-y-la-tecnologia-en-la-araucania\/#breadcrumb\"},\"inLanguage\":\"es-CL\",\"potentialAction\":[{\"@type\":\"ReadAction\",\"target\":[\"https:\/\/dev.explora.cl\/araucania\/mas-de-4000-personas-se-sorprendieron-con-la-iii-fiesta-de-la-ciencia-y-la-tecnologia-en-la-araucania\/\"]}]},{\"@type\":\"ImageObject\",\"inLanguage\":\"es-CL\",\"@id\":\"https:\/\/dev.explora.cl\/araucania\/mas-de-4000-personas-se-sorprendieron-con-la-iii-fiesta-de-la-ciencia-y-la-tecnologia-en-la-araucania\/#primaryimage\",\"url\":\"\",\"contentUrl\":\"\"},{\"@type\":\"BreadcrumbList\",\"@id\":\"https:\/\/dev.explora.cl\/araucania\/mas-de-4000-personas-se-sorprendieron-con-la-iii-fiesta-de-la-ciencia-y-la-tecnologia-en-la-araucania\/#breadcrumb\",\"itemListElement\":[{\"@type\":\"ListItem\",\"position\":1,\"name\":\"Portada\",\"item\":\"https:\/\/dev.explora.cl\/araucania\/\"},{\"@type\":\"ListItem\",\"position\":2,\"name\":\"M\u00e1s de 4000 personas se sorprendieron con la III Fiesta de la Ciencia y la Tecnolog\u00eda en La Araucan\u00eda\"}]},{\"@type\":\"WebSite\",\"@id\":\"https:\/\/dev.explora.cl\/araucania\/#website\",\"url\":\"https:\/\/dev.explora.cl\/araucania\/\",\"name\":\"Araucan\u00eda\",\"description\":\"Otro sitio m\u00e1s de dev.explora.cl\",\"potentialAction\":[{\"@type\":\"SearchAction\",\"target\":{\"@type\":\"EntryPoint\",\"urlTemplate\":\"https:\/\/dev.explora.cl\/araucania\/?s={search_term_string}\"},\"query-input\":{\"@type\":\"PropertyValueSpecification\",\"valueRequired\":true,\"valueName\":\"search_term_string\"}}],\"inLanguage\":\"es-CL\"},{\"@type\":\"Person\",\"@id\":\"https:\/\/dev.explora.cl\/araucania\/#\/schema\/person\/cb8349c13ea2d324080adf8480d7ba5d\",\"name\":\"webman\",\"image\":{\"@type\":\"ImageObject\",\"inLanguage\":\"es-CL\",\"@id\":\"https:\/\/dev.explora.cl\/araucania\/#\/schema\/person\/image\/\",\"url\":\"https:\/\/secure.gravatar.com\/avatar\/eeff3c82f2c02f7177d13663b7e6f890e9a6a0647ce9bb29cae02dcb094c7312?s=96&d=mm&r=g\",\"contentUrl\":\"https:\/\/secure.gravatar.com\/avatar\/eeff3c82f2c02f7177d13663b7e6f890e9a6a0647ce9bb29cae02dcb094c7312?s=96&d=mm&r=g\",\"caption\":\"webman\"},\"url\":\"https:\/\/dev.explora.cl\/araucania\/author\/webman\/\"}]}<\/script>\n<!-- \/ Yoast SEO plugin. -->","yoast_head_json":{"title":"M\u00e1s de 4000 personas se sorprendieron con la III Fiesta de la Ciencia y la Tecnolog\u00eda en La Araucan\u00eda - Araucan\u00eda","robots":{"index":"index","follow":"follow","max-snippet":"max-snippet:-1","max-image-preview":"max-image-preview:large","max-video-preview":"max-video-preview:-1"},"canonical":"https:\/\/dev.explora.cl\/araucania\/mas-de-4000-personas-se-sorprendieron-con-la-iii-fiesta-de-la-ciencia-y-la-tecnologia-en-la-araucania\/","og_locale":"es_ES","og_type":"article","og_title":"M\u00e1s de 4000 personas se sorprendieron con la III Fiesta de la Ciencia y la Tecnolog\u00eda en La Araucan\u00eda - Araucan\u00eda","og_description":"&nbsp; \u00bfPuedo prevenir el c\u00e1ncer? \u00bfCu\u00e1nto conoces del mundo que te rodea? \u00bfTodas las bacterias nos producen enfermedades? \u00bfPor qu\u00e9 debo cuidarme al jugar con los animalitos? fueron solo algunas de las preguntas a las cuales dieron respuestas los m\u00e1s de 20 m\u00f3dulos interactivos que formaron parte de la \u201cIII Fiesta de la Ciencia y [&hellip;]","og_url":"https:\/\/dev.explora.cl\/araucania\/mas-de-4000-personas-se-sorprendieron-con-la-iii-fiesta-de-la-ciencia-y-la-tecnologia-en-la-araucania\/","og_site_name":"Araucan\u00eda","article_published_time":"2018-10-02T19:26:13+00:00","article_modified_time":"2019-05-20T19:13:10+00:00","author":"webman","twitter_card":"summary_large_image","twitter_misc":{"Escrito por":"webman","Tiempo estimado de lectura":"8 minutos"},"schema":{"@context":"https:\/\/schema.org","@graph":[{"@type":"Article","@id":"https:\/\/dev.explora.cl\/araucania\/mas-de-4000-personas-se-sorprendieron-con-la-iii-fiesta-de-la-ciencia-y-la-tecnologia-en-la-araucania\/#article","isPartOf":{"@id":"https:\/\/dev.explora.cl\/araucania\/mas-de-4000-personas-se-sorprendieron-con-la-iii-fiesta-de-la-ciencia-y-la-tecnologia-en-la-araucania\/"},"author":{"name":"webman","@id":"https:\/\/dev.explora.cl\/araucania\/#\/schema\/person\/cb8349c13ea2d324080adf8480d7ba5d"},"headline":"M\u00e1s de 4000 personas se sorprendieron con la III Fiesta de la Ciencia y la Tecnolog\u00eda en La Araucan\u00eda","datePublished":"2018-10-02T19:26:13+00:00","dateModified":"2019-05-20T19:13:10+00:00","mainEntityOfPage":{"@id":"https:\/\/dev.explora.cl\/araucania\/mas-de-4000-personas-se-sorprendieron-con-la-iii-fiesta-de-la-ciencia-y-la-tecnologia-en-la-araucania\/"},"wordCount":1559,"image":{"@id":"https:\/\/dev.explora.cl\/araucania\/mas-de-4000-personas-se-sorprendieron-con-la-iii-fiesta-de-la-ciencia-y-la-tecnologia-en-la-araucania\/#primaryimage"},"thumbnailUrl":"","articleSection":["Noticias"],"inLanguage":"es-CL"},{"@type":"WebPage","@id":"https:\/\/dev.explora.cl\/araucania\/mas-de-4000-personas-se-sorprendieron-con-la-iii-fiesta-de-la-ciencia-y-la-tecnologia-en-la-araucania\/","url":"https:\/\/dev.explora.cl\/araucania\/mas-de-4000-personas-se-sorprendieron-con-la-iii-fiesta-de-la-ciencia-y-la-tecnologia-en-la-araucania\/","name":"M\u00e1s de 4000 personas se sorprendieron con la III Fiesta de la Ciencia y la Tecnolog\u00eda en La Araucan\u00eda - Araucan\u00eda","isPartOf":{"@id":"https:\/\/dev.explora.cl\/araucania\/#website"},"primaryImageOfPage":{"@id":"https:\/\/dev.explora.cl\/araucania\/mas-de-4000-personas-se-sorprendieron-con-la-iii-fiesta-de-la-ciencia-y-la-tecnologia-en-la-araucania\/#primaryimage"},"image":{"@id":"https:\/\/dev.explora.cl\/araucania\/mas-de-4000-personas-se-sorprendieron-con-la-iii-fiesta-de-la-ciencia-y-la-tecnologia-en-la-araucania\/#primaryimage"},"thumbnailUrl":"","datePublished":"2018-10-02T19:26:13+00:00","dateModified":"2019-05-20T19:13:10+00:00","author":{"@id":"https:\/\/dev.explora.cl\/araucania\/#\/schema\/person\/cb8349c13ea2d324080adf8480d7ba5d"},"breadcrumb":{"@id":"https:\/\/dev.explora.cl\/araucania\/mas-de-4000-personas-se-sorprendieron-con-la-iii-fiesta-de-la-ciencia-y-la-tecnologia-en-la-araucania\/#breadcrumb"},"inLanguage":"es-CL","potentialAction":[{"@type":"ReadAction","target":["https:\/\/dev.explora.cl\/araucania\/mas-de-4000-personas-se-sorprendieron-con-la-iii-fiesta-de-la-ciencia-y-la-tecnologia-en-la-araucania\/"]}]},{"@type":"ImageObject","inLanguage":"es-CL","@id":"https:\/\/dev.explora.cl\/araucania\/mas-de-4000-personas-se-sorprendieron-con-la-iii-fiesta-de-la-ciencia-y-la-tecnologia-en-la-araucania\/#primaryimage","url":"","contentUrl":""},{"@type":"BreadcrumbList","@id":"https:\/\/dev.explora.cl\/araucania\/mas-de-4000-personas-se-sorprendieron-con-la-iii-fiesta-de-la-ciencia-y-la-tecnologia-en-la-araucania\/#breadcrumb","itemListElement":[{"@type":"ListItem","position":1,"name":"Portada","item":"https:\/\/dev.explora.cl\/araucania\/"},{"@type":"ListItem","position":2,"name":"M\u00e1s de 4000 personas se sorprendieron con la III Fiesta de la Ciencia y la Tecnolog\u00eda en La Araucan\u00eda"}]},{"@type":"WebSite","@id":"https:\/\/dev.explora.cl\/araucania\/#website","url":"https:\/\/dev.explora.cl\/araucania\/","name":"Araucan\u00eda","description":"Otro sitio m\u00e1s de dev.explora.cl","potentialAction":[{"@type":"SearchAction","target":{"@type":"EntryPoint","urlTemplate":"https:\/\/dev.explora.cl\/araucania\/?s={search_term_string}"},"query-input":{"@type":"PropertyValueSpecification","valueRequired":true,"valueName":"search_term_string"}}],"inLanguage":"es-CL"},{"@type":"Person","@id":"https:\/\/dev.explora.cl\/araucania\/#\/schema\/person\/cb8349c13ea2d324080adf8480d7ba5d","name":"webman","image":{"@type":"ImageObject","inLanguage":"es-CL","@id":"https:\/\/dev.explora.cl\/araucania\/#\/schema\/person\/image\/","url":"https:\/\/secure.gravatar.com\/avatar\/eeff3c82f2c02f7177d13663b7e6f890e9a6a0647ce9bb29cae02dcb094c7312?s=96&d=mm&r=g","contentUrl":"https:\/\/secure.gravatar.com\/avatar\/eeff3c82f2c02f7177d13663b7e6f890e9a6a0647ce9bb29cae02dcb094c7312?s=96&d=mm&r=g","caption":"webman"},"url":"https:\/\/dev.explora.cl\/araucania\/author\/webman\/"}]}},"_links":{"self":[{"href":"https:\/\/dev.explora.cl\/araucania\/wp-json\/wp\/v2\/posts\/36834","targetHints":{"allow":["GET"]}}],"collection":[{"href":"https:\/\/dev.explora.cl\/araucania\/wp-json\/wp\/v2\/posts"}],"about":[{"href":"https:\/\/dev.explora.cl\/araucania\/wp-json\/wp\/v2\/types\/post"}],"author":[{"embeddable":true,"href":"https:\/\/dev.explora.cl\/araucania\/wp-json\/wp\/v2\/users\/2"}],"replies":[{"embeddable":true,"href":"https:\/\/dev.explora.cl\/araucania\/wp-json\/wp\/v2\/comments?post=36834"}],"version-history":[{"count":1,"href":"https:\/\/dev.explora.cl\/araucania\/wp-json\/wp\/v2\/posts\/36834\/revisions"}],"predecessor-version":[{"id":38600,"href":"https:\/\/dev.explora.cl\/araucania\/wp-json\/wp\/v2\/posts\/36834\/revisions\/38600"}],"wp:featuredmedia":[{"embeddable":true,"href":"https:\/\/dev.explora.cl\/araucania\/wp-json\/"}],"wp:attachment":[{"href":"https:\/\/dev.explora.cl\/araucania\/wp-json\/wp\/v2\/media?parent=36834"}],"wp:term":[{"taxonomy":"category","embeddable":true,"href":"https:\/\/dev.explora.cl\/araucania\/wp-json\/wp\/v2\/categories?post=36834"},{"taxonomy":"post_tag","embeddable":true,"href":"https:\/\/dev.explora.cl\/araucania\/wp-json\/wp\/v2\/tags?post=36834"}],"curies":[{"name":"wp","href":"https:\/\/api.w.org\/{rel}","templated":true}]}}