{"id":36314,"date":"2018-08-28T18:27:02","date_gmt":"2018-08-28T22:27:02","guid":{"rendered":"https:\/\/dev.explora.cl\/blog\/2018\/08\/28\/estudiantes-descubren-la-sociedad-chilena-del-siglo-xx-gracias-a-un-taller-de-fotografia\/"},"modified":"2019-05-20T19:13:17","modified_gmt":"2019-05-20T19:13:17","slug":"estudiantes-descubren-la-sociedad-chilena-del-siglo-xx-gracias-a-un-taller-de-fotografia","status":"publish","type":"post","link":"https:\/\/dev.explora.cl\/araucania\/estudiantes-descubren-la-sociedad-chilena-del-siglo-xx-gracias-a-un-taller-de-fotografia\/","title":{"rendered":"Estudiantes descubren la sociedad chilena del siglo XX gracias a un taller de fotograf\u00eda"},"content":{"rendered":"<p><img loading=\"lazy\" decoding=\"async\" class=\" size-full wp-image-36312\" src=\"https:\/\/dev.explora.cl\/wp-content\/uploads\/2018\/08\/FOTO_2.JPG\" alt=\"FOTO 2\" style=\"margin-left: auto;margin-right: auto\" width=\"500\" height=\"333\" \/><\/p>\n<p style=\"text-align: justify\"><span style=\"font-family: 'trebuchet ms', geneva;font-size: 12pt;color: #000000\"><em>La iniciativa organizada por el PAR Explora de CONICYT La Araucan\u00eda, ejecutado por la Universidad de La Frontera en conjunto con el Museo Regional Araucan\u00eda, tiene como objetivo que los estudiantes comparen a trav\u00e9s de ejemplos fotogr\u00e1ficos, aquellos aspectos que se han mantenido o cambiado en la sociedad chilena a lo largo de su historia.&nbsp;<\/em><\/span><\/p>\n<hr \/>\n<p style=\"text-align: justify\"><span style=\"font-family: 'trebuchet ms', geneva;font-size: 12pt;color: #000000\">Alineado con el curr\u00edculum escolar, estudiantes de 6to b\u00e1sico de diferentes establecimientos de la regi\u00f3n se han acercado hasta el Museo Regional Araucan\u00eda para identificar cu\u00e1les son los usos y objetivos cient\u00edficos de la fotograf\u00eda en las ciencias sociales, esto gracias al taller, <strong><em>\u201cLa fotograf\u00eda, una ventana a la comprensi\u00f3n social y cultural\u201d<\/em><\/strong>.<\/span><\/p>\n<p style=\"text-align: justify\"><span style=\"font-family: 'trebuchet ms', geneva;font-size: 12pt;color: #000000\">Susana Chacana, coordinadora de educaci\u00f3n y extensi\u00f3n del Museo, ha sido la encargada de recibir y guiar a los estudiantes mediante una introducci\u00f3n y una visita a la exposici\u00f3n temporal \u201cFotograf\u00edas de La Araucan\u00eda 1971-73\u201d de Armindo Cardoso, en donde luego de recorrer cada una de las fotograf\u00edas los estudiantes desarrollan una interesante gu\u00eda de aprendizaje.<\/span><\/p>\n<p style=\"text-align: justify\"><span style=\"font-family: 'trebuchet ms', geneva;font-size: 12pt;color: #000000\">Posteriormente conocen a Mauricio Ascencio, fot\u00f3grafo de la comuna de Vilc\u00fan, con quien analizan el entorno y adem\u00e1s producen una fotograf\u00eda como evidencia cient\u00edfica seg\u00fan los contenidos tratados. Siguiendo las instrucciones del profesional, los j\u00f3venes forman grupos y capturan una imagen que para ellos sea significativa, luego la discuten y presentan a los dem\u00e1s.<\/span><\/p>\n<p style=\"text-align: justify\"><span style=\"font-family: 'trebuchet ms', geneva;font-size: 12pt;color: #000000\">Nicole Herrera, periodista y monitora del taller de fotograf\u00eda del Complejo Educacional Dar\u00edo Salas de la comuna de Carahue, explica que dentro del establecimiento se desarrollan talleres de fotograf\u00eda para estudiantes de segundo ciclo b\u00e1sico, de ah\u00ed la importancia que tiene para ellos poder participar de instancias como estas. \u201cEl hecho de que los estudiantes logren identificar la importancia de la fotograf\u00eda como instrumento para comprender diversos sucesos de la vida cotidiana y en todos los \u00e1mbitos del aprendizaje, les ofrece la posibilidad de comprender mejor el mundo que los rodea, el pasado y el presente\u201d.<\/span><\/p>\n<p style=\"text-align: justify\"><span style=\"font-family: 'trebuchet ms', geneva;font-size: 12pt;color: #000000\">As\u00ed como estudiantes del Complejo Educacional Dar\u00edo Salas de Carahue participaron del taller, tambi\u00e9n lo hicieron ni\u00f1os y ni\u00f1as de la Escuela Cristiana Epu Newen de Temuco, Liceo Arturo Valenzuela del sector Los Laureles de la comuna de Cunco, &nbsp;Escuela Particular Los Trigales de Temuco y la Escuela Dar\u00edo Salas de Padre Las Casas.<\/span><\/p>\n<p style=\"text-align: justify\"><span style=\"font-family: 'trebuchet ms', geneva;font-size: 12pt;color: #000000\">Cabe destacar que la actividad se lleva a cabo gracias al convenio de colaboraci\u00f3n existente entre el PAR Explora de CONICYT La Araucan\u00eda&nbsp; y el Museo Regional de La Araucan\u00eda, &nbsp;cuyo objetivo es favorecer el rescate y valoraci\u00f3n de los distintos legados hist\u00f3ricos y culturales de nuestra regi\u00f3n.<\/span><\/p>\n<p><img loading=\"lazy\" decoding=\"async\" class=\" size-full wp-image-36313\" src=\"https:\/\/dev.explora.cl\/wp-content\/uploads\/2018\/08\/FOTO_3.jpg\" alt=\"FOTO 3\" width=\"1045\" height=\"280\" \/><\/p>\n<p style=\"text-align: center\"><a href=\"https:\/\/www.facebook.com\/explora.araucania\/videos\/284451565704251\/\"><strong>Conoce sus impresiones aqu\u00ed<\/strong><\/a><\/p>\n<p style=\"text-align: justify\"><span style=\"font-family: 'trebuchet ms', geneva;font-size: 12pt\"><strong>Periodista: Natalia Riquelme Espinoza. <\/strong><\/span><\/p>\n","protected":false},"excerpt":{"rendered":"<p>La iniciativa organizada por el PAR Explora de CONICYT La Araucan\u00eda, ejecutado por la Universidad de La Frontera en conjunto con el Museo Regional Araucan\u00eda, tiene como objetivo que los estudiantes comparen a trav\u00e9s de ejemplos fotogr\u00e1ficos, aquellos aspectos que se han mantenido o cambiado en la sociedad chilena a lo largo de su historia.&nbsp; [&hellip;]<\/p>\n","protected":false},"author":2,"featured_media":36311,"comment_status":"closed","ping_status":"open","sticky":false,"template":"","format":"standard","meta":{"_acf_changed":false,"_exactmetrics_skip_tracking":false,"_exactmetrics_sitenote_active":false,"_exactmetrics_sitenote_note":"","_exactmetrics_sitenote_category":0,"footnotes":"","_links_to":"","_links_to_target":""},"categories":[4],"tags":[],"class_list":["post-36314","post","type-post","status-publish","format-standard","has-post-thumbnail","hentry","category-noticias"],"acf":[],"yoast_head":"<!-- This site is optimized with the Yoast SEO plugin v26.7 - https:\/\/yoast.com\/wordpress\/plugins\/seo\/ -->\n<title>Estudiantes descubren la sociedad chilena del siglo XX gracias a un taller de fotograf\u00eda - Araucan\u00eda<\/title>\n<meta name=\"robots\" content=\"index, follow, max-snippet:-1, max-image-preview:large, max-video-preview:-1\" \/>\n<link rel=\"canonical\" href=\"https:\/\/dev.explora.cl\/araucania\/estudiantes-descubren-la-sociedad-chilena-del-siglo-xx-gracias-a-un-taller-de-fotografia\/\" class=\"yoast-seo-meta-tag\" \/>\n<meta property=\"og:locale\" content=\"es_ES\" class=\"yoast-seo-meta-tag\" \/>\n<meta property=\"og:type\" content=\"article\" class=\"yoast-seo-meta-tag\" \/>\n<meta property=\"og:title\" content=\"Estudiantes descubren la sociedad chilena del siglo XX gracias a un taller de fotograf\u00eda - Araucan\u00eda\" class=\"yoast-seo-meta-tag\" \/>\n<meta property=\"og:description\" content=\"La iniciativa organizada por el PAR Explora de CONICYT La Araucan\u00eda, ejecutado por la Universidad de La Frontera en conjunto con el Museo Regional Araucan\u00eda, tiene como objetivo que los estudiantes comparen a trav\u00e9s de ejemplos fotogr\u00e1ficos, aquellos aspectos que se han mantenido o cambiado en la sociedad chilena a lo largo de su historia.&nbsp; [&hellip;]\" class=\"yoast-seo-meta-tag\" \/>\n<meta property=\"og:url\" content=\"https:\/\/dev.explora.cl\/araucania\/estudiantes-descubren-la-sociedad-chilena-del-siglo-xx-gracias-a-un-taller-de-fotografia\/\" class=\"yoast-seo-meta-tag\" \/>\n<meta property=\"og:site_name\" content=\"Araucan\u00eda\" class=\"yoast-seo-meta-tag\" \/>\n<meta property=\"article:published_time\" content=\"2018-08-28T22:27:02+00:00\" class=\"yoast-seo-meta-tag\" \/>\n<meta property=\"article:modified_time\" content=\"2019-05-20T19:13:17+00:00\" class=\"yoast-seo-meta-tag\" \/>\n<meta name=\"author\" content=\"webman\" class=\"yoast-seo-meta-tag\" \/>\n<meta name=\"twitter:card\" content=\"summary_large_image\" class=\"yoast-seo-meta-tag\" \/>\n<meta name=\"twitter:label1\" content=\"Escrito por\" class=\"yoast-seo-meta-tag\" \/>\n\t<meta name=\"twitter:data1\" content=\"webman\" class=\"yoast-seo-meta-tag\" \/>\n\t<meta name=\"twitter:label2\" content=\"Tiempo estimado de lectura\" class=\"yoast-seo-meta-tag\" \/>\n\t<meta name=\"twitter:data2\" content=\"2 minutos\" class=\"yoast-seo-meta-tag\" \/>\n<script type=\"application\/ld+json\" class=\"yoast-schema-graph\">{\"@context\":\"https:\/\/schema.org\",\"@graph\":[{\"@type\":\"Article\",\"@id\":\"https:\/\/dev.explora.cl\/araucania\/estudiantes-descubren-la-sociedad-chilena-del-siglo-xx-gracias-a-un-taller-de-fotografia\/#article\",\"isPartOf\":{\"@id\":\"https:\/\/dev.explora.cl\/araucania\/estudiantes-descubren-la-sociedad-chilena-del-siglo-xx-gracias-a-un-taller-de-fotografia\/\"},\"author\":{\"name\":\"webman\",\"@id\":\"https:\/\/dev.explora.cl\/araucania\/#\/schema\/person\/cb8349c13ea2d324080adf8480d7ba5d\"},\"headline\":\"Estudiantes descubren la sociedad chilena del siglo XX gracias a un taller de fotograf\u00eda\",\"datePublished\":\"2018-08-28T22:27:02+00:00\",\"dateModified\":\"2019-05-20T19:13:17+00:00\",\"mainEntityOfPage\":{\"@id\":\"https:\/\/dev.explora.cl\/araucania\/estudiantes-descubren-la-sociedad-chilena-del-siglo-xx-gracias-a-un-taller-de-fotografia\/\"},\"wordCount\":488,\"image\":{\"@id\":\"https:\/\/dev.explora.cl\/araucania\/estudiantes-descubren-la-sociedad-chilena-del-siglo-xx-gracias-a-un-taller-de-fotografia\/#primaryimage\"},\"thumbnailUrl\":\"\",\"articleSection\":[\"Noticias\"],\"inLanguage\":\"es-CL\"},{\"@type\":\"WebPage\",\"@id\":\"https:\/\/dev.explora.cl\/araucania\/estudiantes-descubren-la-sociedad-chilena-del-siglo-xx-gracias-a-un-taller-de-fotografia\/\",\"url\":\"https:\/\/dev.explora.cl\/araucania\/estudiantes-descubren-la-sociedad-chilena-del-siglo-xx-gracias-a-un-taller-de-fotografia\/\",\"name\":\"Estudiantes descubren la sociedad chilena del siglo XX gracias a un taller de fotograf\u00eda - Araucan\u00eda\",\"isPartOf\":{\"@id\":\"https:\/\/dev.explora.cl\/araucania\/#website\"},\"primaryImageOfPage\":{\"@id\":\"https:\/\/dev.explora.cl\/araucania\/estudiantes-descubren-la-sociedad-chilena-del-siglo-xx-gracias-a-un-taller-de-fotografia\/#primaryimage\"},\"image\":{\"@id\":\"https:\/\/dev.explora.cl\/araucania\/estudiantes-descubren-la-sociedad-chilena-del-siglo-xx-gracias-a-un-taller-de-fotografia\/#primaryimage\"},\"thumbnailUrl\":\"\",\"datePublished\":\"2018-08-28T22:27:02+00:00\",\"dateModified\":\"2019-05-20T19:13:17+00:00\",\"author\":{\"@id\":\"https:\/\/dev.explora.cl\/araucania\/#\/schema\/person\/cb8349c13ea2d324080adf8480d7ba5d\"},\"breadcrumb\":{\"@id\":\"https:\/\/dev.explora.cl\/araucania\/estudiantes-descubren-la-sociedad-chilena-del-siglo-xx-gracias-a-un-taller-de-fotografia\/#breadcrumb\"},\"inLanguage\":\"es-CL\",\"potentialAction\":[{\"@type\":\"ReadAction\",\"target\":[\"https:\/\/dev.explora.cl\/araucania\/estudiantes-descubren-la-sociedad-chilena-del-siglo-xx-gracias-a-un-taller-de-fotografia\/\"]}]},{\"@type\":\"ImageObject\",\"inLanguage\":\"es-CL\",\"@id\":\"https:\/\/dev.explora.cl\/araucania\/estudiantes-descubren-la-sociedad-chilena-del-siglo-xx-gracias-a-un-taller-de-fotografia\/#primaryimage\",\"url\":\"\",\"contentUrl\":\"\"},{\"@type\":\"BreadcrumbList\",\"@id\":\"https:\/\/dev.explora.cl\/araucania\/estudiantes-descubren-la-sociedad-chilena-del-siglo-xx-gracias-a-un-taller-de-fotografia\/#breadcrumb\",\"itemListElement\":[{\"@type\":\"ListItem\",\"position\":1,\"name\":\"Portada\",\"item\":\"https:\/\/dev.explora.cl\/araucania\/\"},{\"@type\":\"ListItem\",\"position\":2,\"name\":\"Estudiantes descubren la sociedad chilena del siglo XX gracias a un taller de fotograf\u00eda\"}]},{\"@type\":\"WebSite\",\"@id\":\"https:\/\/dev.explora.cl\/araucania\/#website\",\"url\":\"https:\/\/dev.explora.cl\/araucania\/\",\"name\":\"Araucan\u00eda\",\"description\":\"Otro sitio m\u00e1s de dev.explora.cl\",\"potentialAction\":[{\"@type\":\"SearchAction\",\"target\":{\"@type\":\"EntryPoint\",\"urlTemplate\":\"https:\/\/dev.explora.cl\/araucania\/?s={search_term_string}\"},\"query-input\":{\"@type\":\"PropertyValueSpecification\",\"valueRequired\":true,\"valueName\":\"search_term_string\"}}],\"inLanguage\":\"es-CL\"},{\"@type\":\"Person\",\"@id\":\"https:\/\/dev.explora.cl\/araucania\/#\/schema\/person\/cb8349c13ea2d324080adf8480d7ba5d\",\"name\":\"webman\",\"image\":{\"@type\":\"ImageObject\",\"inLanguage\":\"es-CL\",\"@id\":\"https:\/\/dev.explora.cl\/araucania\/#\/schema\/person\/image\/\",\"url\":\"https:\/\/secure.gravatar.com\/avatar\/eeff3c82f2c02f7177d13663b7e6f890e9a6a0647ce9bb29cae02dcb094c7312?s=96&d=mm&r=g\",\"contentUrl\":\"https:\/\/secure.gravatar.com\/avatar\/eeff3c82f2c02f7177d13663b7e6f890e9a6a0647ce9bb29cae02dcb094c7312?s=96&d=mm&r=g\",\"caption\":\"webman\"},\"url\":\"https:\/\/dev.explora.cl\/araucania\/author\/webman\/\"}]}<\/script>\n<!-- \/ Yoast SEO plugin. -->","yoast_head_json":{"title":"Estudiantes descubren la sociedad chilena del siglo XX gracias a un taller de fotograf\u00eda - Araucan\u00eda","robots":{"index":"index","follow":"follow","max-snippet":"max-snippet:-1","max-image-preview":"max-image-preview:large","max-video-preview":"max-video-preview:-1"},"canonical":"https:\/\/dev.explora.cl\/araucania\/estudiantes-descubren-la-sociedad-chilena-del-siglo-xx-gracias-a-un-taller-de-fotografia\/","og_locale":"es_ES","og_type":"article","og_title":"Estudiantes descubren la sociedad chilena del siglo XX gracias a un taller de fotograf\u00eda - Araucan\u00eda","og_description":"La iniciativa organizada por el PAR Explora de CONICYT La Araucan\u00eda, ejecutado por la Universidad de La Frontera en conjunto con el Museo Regional Araucan\u00eda, tiene como objetivo que los estudiantes comparen a trav\u00e9s de ejemplos fotogr\u00e1ficos, aquellos aspectos que se han mantenido o cambiado en la sociedad chilena a lo largo de su historia.&nbsp; [&hellip;]","og_url":"https:\/\/dev.explora.cl\/araucania\/estudiantes-descubren-la-sociedad-chilena-del-siglo-xx-gracias-a-un-taller-de-fotografia\/","og_site_name":"Araucan\u00eda","article_published_time":"2018-08-28T22:27:02+00:00","article_modified_time":"2019-05-20T19:13:17+00:00","author":"webman","twitter_card":"summary_large_image","twitter_misc":{"Escrito por":"webman","Tiempo estimado de lectura":"2 minutos"},"schema":{"@context":"https:\/\/schema.org","@graph":[{"@type":"Article","@id":"https:\/\/dev.explora.cl\/araucania\/estudiantes-descubren-la-sociedad-chilena-del-siglo-xx-gracias-a-un-taller-de-fotografia\/#article","isPartOf":{"@id":"https:\/\/dev.explora.cl\/araucania\/estudiantes-descubren-la-sociedad-chilena-del-siglo-xx-gracias-a-un-taller-de-fotografia\/"},"author":{"name":"webman","@id":"https:\/\/dev.explora.cl\/araucania\/#\/schema\/person\/cb8349c13ea2d324080adf8480d7ba5d"},"headline":"Estudiantes descubren la sociedad chilena del siglo XX gracias a un taller de fotograf\u00eda","datePublished":"2018-08-28T22:27:02+00:00","dateModified":"2019-05-20T19:13:17+00:00","mainEntityOfPage":{"@id":"https:\/\/dev.explora.cl\/araucania\/estudiantes-descubren-la-sociedad-chilena-del-siglo-xx-gracias-a-un-taller-de-fotografia\/"},"wordCount":488,"image":{"@id":"https:\/\/dev.explora.cl\/araucania\/estudiantes-descubren-la-sociedad-chilena-del-siglo-xx-gracias-a-un-taller-de-fotografia\/#primaryimage"},"thumbnailUrl":"","articleSection":["Noticias"],"inLanguage":"es-CL"},{"@type":"WebPage","@id":"https:\/\/dev.explora.cl\/araucania\/estudiantes-descubren-la-sociedad-chilena-del-siglo-xx-gracias-a-un-taller-de-fotografia\/","url":"https:\/\/dev.explora.cl\/araucania\/estudiantes-descubren-la-sociedad-chilena-del-siglo-xx-gracias-a-un-taller-de-fotografia\/","name":"Estudiantes descubren la sociedad chilena del siglo XX gracias a un taller de fotograf\u00eda - Araucan\u00eda","isPartOf":{"@id":"https:\/\/dev.explora.cl\/araucania\/#website"},"primaryImageOfPage":{"@id":"https:\/\/dev.explora.cl\/araucania\/estudiantes-descubren-la-sociedad-chilena-del-siglo-xx-gracias-a-un-taller-de-fotografia\/#primaryimage"},"image":{"@id":"https:\/\/dev.explora.cl\/araucania\/estudiantes-descubren-la-sociedad-chilena-del-siglo-xx-gracias-a-un-taller-de-fotografia\/#primaryimage"},"thumbnailUrl":"","datePublished":"2018-08-28T22:27:02+00:00","dateModified":"2019-05-20T19:13:17+00:00","author":{"@id":"https:\/\/dev.explora.cl\/araucania\/#\/schema\/person\/cb8349c13ea2d324080adf8480d7ba5d"},"breadcrumb":{"@id":"https:\/\/dev.explora.cl\/araucania\/estudiantes-descubren-la-sociedad-chilena-del-siglo-xx-gracias-a-un-taller-de-fotografia\/#breadcrumb"},"inLanguage":"es-CL","potentialAction":[{"@type":"ReadAction","target":["https:\/\/dev.explora.cl\/araucania\/estudiantes-descubren-la-sociedad-chilena-del-siglo-xx-gracias-a-un-taller-de-fotografia\/"]}]},{"@type":"ImageObject","inLanguage":"es-CL","@id":"https:\/\/dev.explora.cl\/araucania\/estudiantes-descubren-la-sociedad-chilena-del-siglo-xx-gracias-a-un-taller-de-fotografia\/#primaryimage","url":"","contentUrl":""},{"@type":"BreadcrumbList","@id":"https:\/\/dev.explora.cl\/araucania\/estudiantes-descubren-la-sociedad-chilena-del-siglo-xx-gracias-a-un-taller-de-fotografia\/#breadcrumb","itemListElement":[{"@type":"ListItem","position":1,"name":"Portada","item":"https:\/\/dev.explora.cl\/araucania\/"},{"@type":"ListItem","position":2,"name":"Estudiantes descubren la sociedad chilena del siglo XX gracias a un taller de fotograf\u00eda"}]},{"@type":"WebSite","@id":"https:\/\/dev.explora.cl\/araucania\/#website","url":"https:\/\/dev.explora.cl\/araucania\/","name":"Araucan\u00eda","description":"Otro sitio m\u00e1s de dev.explora.cl","potentialAction":[{"@type":"SearchAction","target":{"@type":"EntryPoint","urlTemplate":"https:\/\/dev.explora.cl\/araucania\/?s={search_term_string}"},"query-input":{"@type":"PropertyValueSpecification","valueRequired":true,"valueName":"search_term_string"}}],"inLanguage":"es-CL"},{"@type":"Person","@id":"https:\/\/dev.explora.cl\/araucania\/#\/schema\/person\/cb8349c13ea2d324080adf8480d7ba5d","name":"webman","image":{"@type":"ImageObject","inLanguage":"es-CL","@id":"https:\/\/dev.explora.cl\/araucania\/#\/schema\/person\/image\/","url":"https:\/\/secure.gravatar.com\/avatar\/eeff3c82f2c02f7177d13663b7e6f890e9a6a0647ce9bb29cae02dcb094c7312?s=96&d=mm&r=g","contentUrl":"https:\/\/secure.gravatar.com\/avatar\/eeff3c82f2c02f7177d13663b7e6f890e9a6a0647ce9bb29cae02dcb094c7312?s=96&d=mm&r=g","caption":"webman"},"url":"https:\/\/dev.explora.cl\/araucania\/author\/webman\/"}]}},"_links":{"self":[{"href":"https:\/\/dev.explora.cl\/araucania\/wp-json\/wp\/v2\/posts\/36314","targetHints":{"allow":["GET"]}}],"collection":[{"href":"https:\/\/dev.explora.cl\/araucania\/wp-json\/wp\/v2\/posts"}],"about":[{"href":"https:\/\/dev.explora.cl\/araucania\/wp-json\/wp\/v2\/types\/post"}],"author":[{"embeddable":true,"href":"https:\/\/dev.explora.cl\/araucania\/wp-json\/wp\/v2\/users\/2"}],"replies":[{"embeddable":true,"href":"https:\/\/dev.explora.cl\/araucania\/wp-json\/wp\/v2\/comments?post=36314"}],"version-history":[{"count":1,"href":"https:\/\/dev.explora.cl\/araucania\/wp-json\/wp\/v2\/posts\/36314\/revisions"}],"predecessor-version":[{"id":38616,"href":"https:\/\/dev.explora.cl\/araucania\/wp-json\/wp\/v2\/posts\/36314\/revisions\/38616"}],"wp:featuredmedia":[{"embeddable":true,"href":"https:\/\/dev.explora.cl\/araucania\/wp-json\/"}],"wp:attachment":[{"href":"https:\/\/dev.explora.cl\/araucania\/wp-json\/wp\/v2\/media?parent=36314"}],"wp:term":[{"taxonomy":"category","embeddable":true,"href":"https:\/\/dev.explora.cl\/araucania\/wp-json\/wp\/v2\/categories?post=36314"},{"taxonomy":"post_tag","embeddable":true,"href":"https:\/\/dev.explora.cl\/araucania\/wp-json\/wp\/v2\/tags?post=36314"}],"curies":[{"name":"wp","href":"https:\/\/api.w.org\/{rel}","templated":true}]}}