{"id":2659,"date":"2018-05-24T00:00:00","date_gmt":"2018-05-24T04:00:00","guid":{"rendered":"https:\/\/dev.explora.cl\/araucania\/blog\/2018\/05\/24\/educadores-de-parvulos-y-docentes-se-capacitan-en-investigacion-escolar\/"},"modified":"2019-05-20T18:50:20","modified_gmt":"2019-05-20T18:50:20","slug":"educadores-de-parvulos-y-docentes-se-capacitan-en-investigacion-escolar","status":"publish","type":"post","link":"https:\/\/dev.explora.cl\/araucania\/educadores-de-parvulos-y-docentes-se-capacitan-en-investigacion-escolar\/","title":{"rendered":"Educadoras de P\u00e1rvulos y docentes se capacitan en Investigaci\u00f3n Escolar"},"content":{"rendered":"<p><img loading=\"lazy\" decoding=\"async\" class=\" size-full wp-image-31604\" src=\"http:\/\/ec2-54-245-22-188.us-west-2.compute.amazonaws.com\/wp-content\/uploads\/2018\/05\/zzz_2.jpg\" alt=\"zzz 2\" style=\"margin-left: auto;margin-right: auto\" width=\"500\" height=\"333\" \/><\/p>\n<p style=\"text-align: justify\"><span style=\"font-size: 12pt;font-family: 'trebuchet ms', geneva\"><em>Cerca de 25 profesoras de primer ciclo b\u00e1sico y educadoras de p\u00e1rvulos de La Araucan\u00eda se acercaron hasta el Aula Magna de&nbsp; la UFRO para conocer y aprender un poco m\u00e1s sobre el m\u00e9todo cient\u00edfico.<\/em><\/span><\/p>\n<hr \/>\n<p style=\"text-align: justify\"><span style=\"font-size: 12pt;font-family: 'trebuchet ms', geneva\">Con el objetivo de potenciar la curiosidad desde peque\u00f1os (as), PAR Explora de CONICYT La Araucan\u00eda ejecutado por la Universidad de La Frontera, desarroll\u00f3 un interesante taller sobre Investigaci\u00f3n Escolar, esto con miras a la III Feria de Ciencia y Tecnolog\u00eda \u201cPeque\u00f1os Cient\u00edficos\u201d la cual se desarrollar\u00e1 en el mes de septiembre.<\/span><\/p>\n<p style=\"text-align: justify\"><span style=\"font-size: 12pt;font-family: 'trebuchet ms', geneva\">La actividad estuvo a cargo de los asesores cient\u00edficos del Proyecto, Dr. Juan Carlos Ram\u00edrez y la Mg. Andrea Arias -ambos acad\u00e9micos de la UFRO-, quienes interiorizaron a las asistentes sobre el m\u00e9todo cient\u00edfico y el trabajo de indagaci\u00f3n, con el fin de proporcionarles herramientas necesarias para una correcta aplicaci\u00f3n a la hora de realizar experimentaci\u00f3n cient\u00edfica al interior de sus salas de clases.<\/span><\/p>\n<p style=\"text-align: justify\"><span style=\"font-size: 12pt;font-family: 'trebuchet ms', geneva\">Felipe Gallardo, director del PAR Explora de CONICYT La Araucan\u00eda, destac\u00f3 la entrega que cada uno de los asesores cient\u00edficos tiene a la hora de realizar los talleres, debido a que se observa en ellos una gran dedicaci\u00f3n a la hora de exponer. Adem\u00e1s se mostr\u00f3 satisfecho con la participaci\u00f3n y entusiasmo de las asistentes, \u201cmuchas de ellas encuentran atractiva la oportunidad de que la universidad las invite para este tipo de actividades,&nbsp; pues son instancias como estas las que les permiten reforzar el trabajo que llevan realizando con sus estudiantes\u201d. &nbsp;<\/span><\/p>\n<p style=\"text-align: justify\"><span style=\"font-size: 12pt;font-family: 'trebuchet ms', geneva\">Al encuentro asistieron profesoras y educadoras de p\u00e1rvulos de comunas como Nueva Imperial, Ercilla, Temuco, Carahue, Los Sauces, Padre Las Casas, Curacaut\u00edn, Angol, Lautaro, Villarrica, Victoria, Pitrufqu\u00e9n, Loncoche, Tolt\u00e9n.<\/span><\/p>\n<p style=\"text-align: justify\"><span style=\"font-size: 12pt;font-family: 'trebuchet ms', geneva\">Adem\u00e1s se cont\u00f3 con&nbsp; la colaboraci\u00f3n de Fundaci\u00f3n Integra, con quienes se lleva trabajando hace un tiempo en el fortalecimiento de las aptitudes cient\u00edficas de sus educadoras.<\/span><\/p>\n<p style=\"text-align: justify\"><span style=\"font-size: 12pt;font-family: 'trebuchet ms', geneva\"><strong>III Feria de la Ciencia y la Tecnolog\u00eda \u201cPeque\u00f1os Cient\u00edficos\u201d <\/strong><\/span><\/p>\n<p style=\"text-align: justify\"><span style=\"font-size: 12pt;font-family: 'trebuchet ms', geneva\">La III Feria de la Ciencia y la Tecnolog\u00eda \u201cPeque\u00f1os Cient\u00edficos\u201d, es un encuentro donde se presentan proyectos escolares de investigaci\u00f3n cient\u00edfica, tecnol\u00f3gica y ciencias sociales y humanas, realizados por ni\u00f1os y ni\u00f1as pertenecientes a cualquier instituci\u00f3n educativa de La Araucan\u00eda.<\/span><\/p>\n<p style=\"text-align: justify\"><span style=\"font-size: 12pt;font-family: 'trebuchet ms', geneva\">Esta feria est\u00e1 dirigida a los p\u00e1rvulos que cursen Nivel Medio Mayor, Nivel Transici\u00f3n I y II, y a los (as) ni\u00f1os (as) que cursen Primer Ciclo B\u00e1sico.<\/span><\/p>\n<p style=\"text-align: justify\"><span style=\"font-size: 12pt;font-family: 'trebuchet ms', geneva\"><span style=\"color: #000000\">Si quieres saber m\u00e1s sobre la III Feria de la Ciencia y la Tecnolog\u00eda \u201cPeque\u00f1os Cient\u00edficos\u201d,<\/span><strong> <a href=\"https:\/\/bit.ly\/2KNl7l1\">PINCHA AQU\u00cd<\/a> &nbsp;<\/strong><strong><a href=\"https:\/\/bit.ly\/2KNl7l1\"><br \/><\/a><\/strong><\/span><\/p>\n<p><img loading=\"lazy\" decoding=\"async\" class=\" size-full wp-image-31605\" src=\"http:\/\/ec2-54-245-22-188.us-west-2.compute.amazonaws.com\/wp-content\/uploads\/2018\/05\/zzz_3.jpg\" alt=\"zzz 3\" width=\"1045\" height=\"280\" \/><\/p>\n<p style=\"text-align: center\"><a href=\"https:\/\/youtu.be\/IOs7sEWqzTQ\"><span style=\"font-size: 18pt\"><span style=\"font-family: 'trebuchet ms', geneva\"><strong style=\"font-weight: bold\"><span style=\"color: #3366ff\">Conoce&nbsp;<\/span>&nbsp;<span style=\"color: #993366\">sus<\/span>&nbsp;<span style=\"color: #99cc00\">impresiones&nbsp;<\/span>&nbsp;<span style=\"color: #ff0000\">aqu\u00ed<\/span><\/strong><\/span><\/span><\/a><\/p>\n<p style=\"text-align: justify\"><span style=\"font-size: 12pt;font-family: 'trebuchet ms', geneva\"><strong>Periodista: Natalia Riquelme Espinoza. <\/strong><\/span><\/p>\n","protected":false},"excerpt":{"rendered":"<p>Cerca de 25 profesoras de primer ciclo b\u00e1sico y educadoras de p\u00e1rvulos de La Araucan\u00eda se acercaron hasta el Aula Magna de&nbsp; la UFRO para conocer y aprender un poco m\u00e1s sobre el m\u00e9todo cient\u00edfico. Con el objetivo de potenciar la curiosidad desde peque\u00f1os (as), PAR Explora de CONICYT La Araucan\u00eda ejecutado por la Universidad [&hellip;]<\/p>\n","protected":false},"author":2,"featured_media":35169,"comment_status":"open","ping_status":"open","sticky":false,"template":"","format":"standard","meta":{"_acf_changed":false,"_exactmetrics_skip_tracking":false,"_exactmetrics_sitenote_active":false,"_exactmetrics_sitenote_note":"","_exactmetrics_sitenote_category":0,"footnotes":"","_links_to":"","_links_to_target":""},"categories":[4],"tags":[],"class_list":["post-2659","post","type-post","status-publish","format-standard","has-post-thumbnail","hentry","category-noticias"],"acf":[],"yoast_head":"<!-- This site is optimized with the Yoast SEO plugin v26.7 - https:\/\/yoast.com\/wordpress\/plugins\/seo\/ -->\n<title>Educadoras de P\u00e1rvulos y docentes se capacitan en Investigaci\u00f3n Escolar - Araucan\u00eda<\/title>\n<meta name=\"robots\" content=\"index, follow, max-snippet:-1, max-image-preview:large, max-video-preview:-1\" \/>\n<link rel=\"canonical\" href=\"https:\/\/dev.explora.cl\/araucania\/educadores-de-parvulos-y-docentes-se-capacitan-en-investigacion-escolar\/\" class=\"yoast-seo-meta-tag\" \/>\n<meta property=\"og:locale\" content=\"es_ES\" class=\"yoast-seo-meta-tag\" \/>\n<meta property=\"og:type\" content=\"article\" class=\"yoast-seo-meta-tag\" \/>\n<meta property=\"og:title\" content=\"Educadoras de P\u00e1rvulos y docentes se capacitan en Investigaci\u00f3n Escolar - Araucan\u00eda\" class=\"yoast-seo-meta-tag\" \/>\n<meta property=\"og:description\" content=\"Cerca de 25 profesoras de primer ciclo b\u00e1sico y educadoras de p\u00e1rvulos de La Araucan\u00eda se acercaron hasta el Aula Magna de&nbsp; la UFRO para conocer y aprender un poco m\u00e1s sobre el m\u00e9todo cient\u00edfico. Con el objetivo de potenciar la curiosidad desde peque\u00f1os (as), PAR Explora de CONICYT La Araucan\u00eda ejecutado por la Universidad [&hellip;]\" class=\"yoast-seo-meta-tag\" \/>\n<meta property=\"og:url\" content=\"https:\/\/dev.explora.cl\/araucania\/educadores-de-parvulos-y-docentes-se-capacitan-en-investigacion-escolar\/\" class=\"yoast-seo-meta-tag\" \/>\n<meta property=\"og:site_name\" content=\"Araucan\u00eda\" class=\"yoast-seo-meta-tag\" \/>\n<meta property=\"article:published_time\" content=\"2018-05-24T04:00:00+00:00\" class=\"yoast-seo-meta-tag\" \/>\n<meta property=\"article:modified_time\" content=\"2019-05-20T18:50:20+00:00\" class=\"yoast-seo-meta-tag\" \/>\n<meta property=\"og:image\" content=\"https:\/\/dev.explora.cl\/araucania\/wp-content\/uploads\/sites\/15\/2018\/06\/zzz_1-2.jpg\" class=\"yoast-seo-meta-tag\" \/>\n\t<meta property=\"og:image:width\" content=\"1200\" class=\"yoast-seo-meta-tag\" \/>\n\t<meta property=\"og:image:height\" content=\"800\" class=\"yoast-seo-meta-tag\" \/>\n\t<meta property=\"og:image:type\" content=\"image\/jpeg\" class=\"yoast-seo-meta-tag\" \/>\n<meta name=\"author\" content=\"webman\" class=\"yoast-seo-meta-tag\" \/>\n<meta name=\"twitter:card\" content=\"summary_large_image\" class=\"yoast-seo-meta-tag\" \/>\n<meta name=\"twitter:label1\" content=\"Escrito por\" class=\"yoast-seo-meta-tag\" \/>\n\t<meta name=\"twitter:data1\" content=\"webman\" class=\"yoast-seo-meta-tag\" \/>\n\t<meta name=\"twitter:label2\" content=\"Tiempo estimado de lectura\" class=\"yoast-seo-meta-tag\" \/>\n\t<meta name=\"twitter:data2\" content=\"2 minutos\" class=\"yoast-seo-meta-tag\" \/>\n<script type=\"application\/ld+json\" class=\"yoast-schema-graph\">{\"@context\":\"https:\/\/schema.org\",\"@graph\":[{\"@type\":\"Article\",\"@id\":\"https:\/\/dev.explora.cl\/araucania\/educadores-de-parvulos-y-docentes-se-capacitan-en-investigacion-escolar\/#article\",\"isPartOf\":{\"@id\":\"https:\/\/dev.explora.cl\/araucania\/educadores-de-parvulos-y-docentes-se-capacitan-en-investigacion-escolar\/\"},\"author\":{\"name\":\"webman\",\"@id\":\"https:\/\/dev.explora.cl\/araucania\/#\/schema\/person\/cb8349c13ea2d324080adf8480d7ba5d\"},\"headline\":\"Educadoras de P\u00e1rvulos y docentes se capacitan en Investigaci\u00f3n Escolar\",\"datePublished\":\"2018-05-24T04:00:00+00:00\",\"dateModified\":\"2019-05-20T18:50:20+00:00\",\"mainEntityOfPage\":{\"@id\":\"https:\/\/dev.explora.cl\/araucania\/educadores-de-parvulos-y-docentes-se-capacitan-en-investigacion-escolar\/\"},\"wordCount\":479,\"commentCount\":0,\"image\":{\"@id\":\"https:\/\/dev.explora.cl\/araucania\/educadores-de-parvulos-y-docentes-se-capacitan-en-investigacion-escolar\/#primaryimage\"},\"thumbnailUrl\":\"https:\/\/dev.explora.cl\/araucania\/wp-content\/uploads\/sites\/15\/2018\/06\/zzz_1-2.jpg\",\"articleSection\":[\"Noticias\"],\"inLanguage\":\"es-CL\",\"potentialAction\":[{\"@type\":\"CommentAction\",\"name\":\"Comment\",\"target\":[\"https:\/\/dev.explora.cl\/araucania\/educadores-de-parvulos-y-docentes-se-capacitan-en-investigacion-escolar\/#respond\"]}]},{\"@type\":\"WebPage\",\"@id\":\"https:\/\/dev.explora.cl\/araucania\/educadores-de-parvulos-y-docentes-se-capacitan-en-investigacion-escolar\/\",\"url\":\"https:\/\/dev.explora.cl\/araucania\/educadores-de-parvulos-y-docentes-se-capacitan-en-investigacion-escolar\/\",\"name\":\"Educadoras de P\u00e1rvulos y docentes se capacitan en Investigaci\u00f3n Escolar - Araucan\u00eda\",\"isPartOf\":{\"@id\":\"https:\/\/dev.explora.cl\/araucania\/#website\"},\"primaryImageOfPage\":{\"@id\":\"https:\/\/dev.explora.cl\/araucania\/educadores-de-parvulos-y-docentes-se-capacitan-en-investigacion-escolar\/#primaryimage\"},\"image\":{\"@id\":\"https:\/\/dev.explora.cl\/araucania\/educadores-de-parvulos-y-docentes-se-capacitan-en-investigacion-escolar\/#primaryimage\"},\"thumbnailUrl\":\"https:\/\/dev.explora.cl\/araucania\/wp-content\/uploads\/sites\/15\/2018\/06\/zzz_1-2.jpg\",\"datePublished\":\"2018-05-24T04:00:00+00:00\",\"dateModified\":\"2019-05-20T18:50:20+00:00\",\"author\":{\"@id\":\"https:\/\/dev.explora.cl\/araucania\/#\/schema\/person\/cb8349c13ea2d324080adf8480d7ba5d\"},\"breadcrumb\":{\"@id\":\"https:\/\/dev.explora.cl\/araucania\/educadores-de-parvulos-y-docentes-se-capacitan-en-investigacion-escolar\/#breadcrumb\"},\"inLanguage\":\"es-CL\",\"potentialAction\":[{\"@type\":\"ReadAction\",\"target\":[\"https:\/\/dev.explora.cl\/araucania\/educadores-de-parvulos-y-docentes-se-capacitan-en-investigacion-escolar\/\"]}]},{\"@type\":\"ImageObject\",\"inLanguage\":\"es-CL\",\"@id\":\"https:\/\/dev.explora.cl\/araucania\/educadores-de-parvulos-y-docentes-se-capacitan-en-investigacion-escolar\/#primaryimage\",\"url\":\"https:\/\/dev.explora.cl\/araucania\/wp-content\/uploads\/sites\/15\/2018\/06\/zzz_1-2.jpg\",\"contentUrl\":\"https:\/\/dev.explora.cl\/araucania\/wp-content\/uploads\/sites\/15\/2018\/06\/zzz_1-2.jpg\",\"width\":1200,\"height\":800},{\"@type\":\"BreadcrumbList\",\"@id\":\"https:\/\/dev.explora.cl\/araucania\/educadores-de-parvulos-y-docentes-se-capacitan-en-investigacion-escolar\/#breadcrumb\",\"itemListElement\":[{\"@type\":\"ListItem\",\"position\":1,\"name\":\"Portada\",\"item\":\"https:\/\/dev.explora.cl\/araucania\/\"},{\"@type\":\"ListItem\",\"position\":2,\"name\":\"Educadoras de P\u00e1rvulos y docentes se capacitan en Investigaci\u00f3n Escolar\"}]},{\"@type\":\"WebSite\",\"@id\":\"https:\/\/dev.explora.cl\/araucania\/#website\",\"url\":\"https:\/\/dev.explora.cl\/araucania\/\",\"name\":\"Araucan\u00eda\",\"description\":\"Otro sitio m\u00e1s de dev.explora.cl\",\"potentialAction\":[{\"@type\":\"SearchAction\",\"target\":{\"@type\":\"EntryPoint\",\"urlTemplate\":\"https:\/\/dev.explora.cl\/araucania\/?s={search_term_string}\"},\"query-input\":{\"@type\":\"PropertyValueSpecification\",\"valueRequired\":true,\"valueName\":\"search_term_string\"}}],\"inLanguage\":\"es-CL\"},{\"@type\":\"Person\",\"@id\":\"https:\/\/dev.explora.cl\/araucania\/#\/schema\/person\/cb8349c13ea2d324080adf8480d7ba5d\",\"name\":\"webman\",\"image\":{\"@type\":\"ImageObject\",\"inLanguage\":\"es-CL\",\"@id\":\"https:\/\/dev.explora.cl\/araucania\/#\/schema\/person\/image\/\",\"url\":\"https:\/\/secure.gravatar.com\/avatar\/eeff3c82f2c02f7177d13663b7e6f890e9a6a0647ce9bb29cae02dcb094c7312?s=96&d=mm&r=g\",\"contentUrl\":\"https:\/\/secure.gravatar.com\/avatar\/eeff3c82f2c02f7177d13663b7e6f890e9a6a0647ce9bb29cae02dcb094c7312?s=96&d=mm&r=g\",\"caption\":\"webman\"},\"url\":\"https:\/\/dev.explora.cl\/araucania\/author\/webman\/\"}]}<\/script>\n<!-- \/ Yoast SEO plugin. -->","yoast_head_json":{"title":"Educadoras de P\u00e1rvulos y docentes se capacitan en Investigaci\u00f3n Escolar - Araucan\u00eda","robots":{"index":"index","follow":"follow","max-snippet":"max-snippet:-1","max-image-preview":"max-image-preview:large","max-video-preview":"max-video-preview:-1"},"canonical":"https:\/\/dev.explora.cl\/araucania\/educadores-de-parvulos-y-docentes-se-capacitan-en-investigacion-escolar\/","og_locale":"es_ES","og_type":"article","og_title":"Educadoras de P\u00e1rvulos y docentes se capacitan en Investigaci\u00f3n Escolar - Araucan\u00eda","og_description":"Cerca de 25 profesoras de primer ciclo b\u00e1sico y educadoras de p\u00e1rvulos de La Araucan\u00eda se acercaron hasta el Aula Magna de&nbsp; la UFRO para conocer y aprender un poco m\u00e1s sobre el m\u00e9todo cient\u00edfico. Con el objetivo de potenciar la curiosidad desde peque\u00f1os (as), PAR Explora de CONICYT La Araucan\u00eda ejecutado por la Universidad [&hellip;]","og_url":"https:\/\/dev.explora.cl\/araucania\/educadores-de-parvulos-y-docentes-se-capacitan-en-investigacion-escolar\/","og_site_name":"Araucan\u00eda","article_published_time":"2018-05-24T04:00:00+00:00","article_modified_time":"2019-05-20T18:50:20+00:00","og_image":[{"width":1200,"height":800,"url":"https:\/\/dev.explora.cl\/araucania\/wp-content\/uploads\/sites\/15\/2018\/06\/zzz_1-2.jpg","type":"image\/jpeg"}],"author":"webman","twitter_card":"summary_large_image","twitter_misc":{"Escrito por":"webman","Tiempo estimado de lectura":"2 minutos"},"schema":{"@context":"https:\/\/schema.org","@graph":[{"@type":"Article","@id":"https:\/\/dev.explora.cl\/araucania\/educadores-de-parvulos-y-docentes-se-capacitan-en-investigacion-escolar\/#article","isPartOf":{"@id":"https:\/\/dev.explora.cl\/araucania\/educadores-de-parvulos-y-docentes-se-capacitan-en-investigacion-escolar\/"},"author":{"name":"webman","@id":"https:\/\/dev.explora.cl\/araucania\/#\/schema\/person\/cb8349c13ea2d324080adf8480d7ba5d"},"headline":"Educadoras de P\u00e1rvulos y docentes se capacitan en Investigaci\u00f3n Escolar","datePublished":"2018-05-24T04:00:00+00:00","dateModified":"2019-05-20T18:50:20+00:00","mainEntityOfPage":{"@id":"https:\/\/dev.explora.cl\/araucania\/educadores-de-parvulos-y-docentes-se-capacitan-en-investigacion-escolar\/"},"wordCount":479,"commentCount":0,"image":{"@id":"https:\/\/dev.explora.cl\/araucania\/educadores-de-parvulos-y-docentes-se-capacitan-en-investigacion-escolar\/#primaryimage"},"thumbnailUrl":"https:\/\/dev.explora.cl\/araucania\/wp-content\/uploads\/sites\/15\/2018\/06\/zzz_1-2.jpg","articleSection":["Noticias"],"inLanguage":"es-CL","potentialAction":[{"@type":"CommentAction","name":"Comment","target":["https:\/\/dev.explora.cl\/araucania\/educadores-de-parvulos-y-docentes-se-capacitan-en-investigacion-escolar\/#respond"]}]},{"@type":"WebPage","@id":"https:\/\/dev.explora.cl\/araucania\/educadores-de-parvulos-y-docentes-se-capacitan-en-investigacion-escolar\/","url":"https:\/\/dev.explora.cl\/araucania\/educadores-de-parvulos-y-docentes-se-capacitan-en-investigacion-escolar\/","name":"Educadoras de P\u00e1rvulos y docentes se capacitan en Investigaci\u00f3n Escolar - Araucan\u00eda","isPartOf":{"@id":"https:\/\/dev.explora.cl\/araucania\/#website"},"primaryImageOfPage":{"@id":"https:\/\/dev.explora.cl\/araucania\/educadores-de-parvulos-y-docentes-se-capacitan-en-investigacion-escolar\/#primaryimage"},"image":{"@id":"https:\/\/dev.explora.cl\/araucania\/educadores-de-parvulos-y-docentes-se-capacitan-en-investigacion-escolar\/#primaryimage"},"thumbnailUrl":"https:\/\/dev.explora.cl\/araucania\/wp-content\/uploads\/sites\/15\/2018\/06\/zzz_1-2.jpg","datePublished":"2018-05-24T04:00:00+00:00","dateModified":"2019-05-20T18:50:20+00:00","author":{"@id":"https:\/\/dev.explora.cl\/araucania\/#\/schema\/person\/cb8349c13ea2d324080adf8480d7ba5d"},"breadcrumb":{"@id":"https:\/\/dev.explora.cl\/araucania\/educadores-de-parvulos-y-docentes-se-capacitan-en-investigacion-escolar\/#breadcrumb"},"inLanguage":"es-CL","potentialAction":[{"@type":"ReadAction","target":["https:\/\/dev.explora.cl\/araucania\/educadores-de-parvulos-y-docentes-se-capacitan-en-investigacion-escolar\/"]}]},{"@type":"ImageObject","inLanguage":"es-CL","@id":"https:\/\/dev.explora.cl\/araucania\/educadores-de-parvulos-y-docentes-se-capacitan-en-investigacion-escolar\/#primaryimage","url":"https:\/\/dev.explora.cl\/araucania\/wp-content\/uploads\/sites\/15\/2018\/06\/zzz_1-2.jpg","contentUrl":"https:\/\/dev.explora.cl\/araucania\/wp-content\/uploads\/sites\/15\/2018\/06\/zzz_1-2.jpg","width":1200,"height":800},{"@type":"BreadcrumbList","@id":"https:\/\/dev.explora.cl\/araucania\/educadores-de-parvulos-y-docentes-se-capacitan-en-investigacion-escolar\/#breadcrumb","itemListElement":[{"@type":"ListItem","position":1,"name":"Portada","item":"https:\/\/dev.explora.cl\/araucania\/"},{"@type":"ListItem","position":2,"name":"Educadoras de P\u00e1rvulos y docentes se capacitan en Investigaci\u00f3n Escolar"}]},{"@type":"WebSite","@id":"https:\/\/dev.explora.cl\/araucania\/#website","url":"https:\/\/dev.explora.cl\/araucania\/","name":"Araucan\u00eda","description":"Otro sitio m\u00e1s de dev.explora.cl","potentialAction":[{"@type":"SearchAction","target":{"@type":"EntryPoint","urlTemplate":"https:\/\/dev.explora.cl\/araucania\/?s={search_term_string}"},"query-input":{"@type":"PropertyValueSpecification","valueRequired":true,"valueName":"search_term_string"}}],"inLanguage":"es-CL"},{"@type":"Person","@id":"https:\/\/dev.explora.cl\/araucania\/#\/schema\/person\/cb8349c13ea2d324080adf8480d7ba5d","name":"webman","image":{"@type":"ImageObject","inLanguage":"es-CL","@id":"https:\/\/dev.explora.cl\/araucania\/#\/schema\/person\/image\/","url":"https:\/\/secure.gravatar.com\/avatar\/eeff3c82f2c02f7177d13663b7e6f890e9a6a0647ce9bb29cae02dcb094c7312?s=96&d=mm&r=g","contentUrl":"https:\/\/secure.gravatar.com\/avatar\/eeff3c82f2c02f7177d13663b7e6f890e9a6a0647ce9bb29cae02dcb094c7312?s=96&d=mm&r=g","caption":"webman"},"url":"https:\/\/dev.explora.cl\/araucania\/author\/webman\/"}]}},"_links":{"self":[{"href":"https:\/\/dev.explora.cl\/araucania\/wp-json\/wp\/v2\/posts\/2659","targetHints":{"allow":["GET"]}}],"collection":[{"href":"https:\/\/dev.explora.cl\/araucania\/wp-json\/wp\/v2\/posts"}],"about":[{"href":"https:\/\/dev.explora.cl\/araucania\/wp-json\/wp\/v2\/types\/post"}],"author":[{"embeddable":true,"href":"https:\/\/dev.explora.cl\/araucania\/wp-json\/wp\/v2\/users\/2"}],"replies":[{"embeddable":true,"href":"https:\/\/dev.explora.cl\/araucania\/wp-json\/wp\/v2\/comments?post=2659"}],"version-history":[{"count":1,"href":"https:\/\/dev.explora.cl\/araucania\/wp-json\/wp\/v2\/posts\/2659\/revisions"}],"predecessor-version":[{"id":37848,"href":"https:\/\/dev.explora.cl\/araucania\/wp-json\/wp\/v2\/posts\/2659\/revisions\/37848"}],"wp:featuredmedia":[{"embeddable":true,"href":"https:\/\/dev.explora.cl\/araucania\/wp-json\/wp\/v2\/media\/35169"}],"wp:attachment":[{"href":"https:\/\/dev.explora.cl\/araucania\/wp-json\/wp\/v2\/media?parent=2659"}],"wp:term":[{"taxonomy":"category","embeddable":true,"href":"https:\/\/dev.explora.cl\/araucania\/wp-json\/wp\/v2\/categories?post=2659"},{"taxonomy":"post_tag","embeddable":true,"href":"https:\/\/dev.explora.cl\/araucania\/wp-json\/wp\/v2\/tags?post=2659"}],"curies":[{"name":"wp","href":"https:\/\/api.w.org\/{rel}","templated":true}]}}