{"id":240,"date":"2014-07-29T00:00:00","date_gmt":"2014-07-29T04:00:00","guid":{"rendered":"https:\/\/dev.explora.cl\/araucania\/blog\/2014\/07\/29\/proyecto-explora-y-fundacion-melton-exhiben-documental-una-verdad-incomoda\/"},"modified":"2019-05-20T19:04:37","modified_gmt":"2019-05-20T19:04:37","slug":"proyecto-explora-y-fundacion-melton-exhiben-documental-una-verdad-incomoda","status":"publish","type":"post","link":"https:\/\/dev.explora.cl\/araucania\/proyecto-explora-y-fundacion-melton-exhiben-documental-una-verdad-incomoda\/","title":{"rendered":"Proyecto EXPLORA y Fundaci\u00f3n Melton exhiben documental \u201cUna Verdad Inc\u00f3moda\u201d"},"content":{"rendered":"<p><img loading=\"lazy\" decoding=\"async\" class=\" size-full wp-image-4212\" src=\"http:\/\/ec2-34-218-253-251.us-west-2.compute.amazonaws.com\/wp-content\/uploads\/2014\/07\/a00fc2411062cccde9c7962ab961e135.jpg\" alt=\"\" width=\"3008\" height=\"2000\" \/><\/p>\n<p>Fundaci\u00f3n Melton, a trav\u00e9s de su Proyecto &#8220;ClimatePUSH &#8211; People Uniting for Sustainable Habits&#8221;, y el Proyecto Asociativo Regional EXPLORA CONICYT La Araucan\u00eda, bajo el patrocinio de la Agrupaci\u00f3n Linterna M\u00e1gica y la Corporaci\u00f3n Agua de Temu 2030, exhibi\u00f3 en la aula magna de la Universidad de La Frontera el reconocido documental &#8220;Una verdad inc\u00f3moda&#8221; de Al Gore.<\/p>\n<p>Estudiantes universitarios y escolares del Colegio Santa Cruz fueron parte de esta exhibici\u00f3n que muestra c\u00f3mo, a trav\u00e9s del tiempo, el mundo se ha enfrentado a diversos problemas medioambientales, ocasionados principalmente por el propio ser humano, como es el caso del calentamiento global.<\/p>\n<p>De este modo, a trav\u00e9s del documental los asistentes pudieron conocer los aspectos pol\u00edticos y econ\u00f3micos involucrados en el tema del calentamiento global, adem\u00e1s del gran da\u00f1o que est\u00e1n causando los efectos de los gases invernadero en nuestro planeta.<\/p>\n<p>Finalizado el documental, el Dr. Fernando Borie, acad\u00e9mico e investigador del Departamento de Ciencias Qu\u00edmicas y Recursos Naturales de la Ufro, efectu\u00f3 un an\u00e1lisis cient\u00edfico del documental, haciendo hincapi\u00e9 en la responsabilidad que debemos asumir para frenar esta problem\u00e1tica que enfrenta el mundo, con acciones tan simples como es el cuidado del medioambiente.<\/p>\n<p><strong>Impresiones<\/strong><\/p>\n<p><img loading=\"lazy\" decoding=\"async\" class=\" alignleft size-full wp-image-4213\" src=\"http:\/\/ec2-34-218-253-251.us-west-2.compute.amazonaws.com\/wp-content\/uploads\/2014\/07\/Documental-2014-1.jpg\" border=\"0\" alt=\"\" align=\"left\" width=\"90\" height=\"90\" \/>\u201cEstuvo s\u00faper bueno, porque nos sirve para aprender y tomar conciencia de un tema tan relevante como el cambio clim\u00e1tico. Adem\u00e1s, nosotros como colegio tenemos un taller de ecolog\u00eda y gracias a lo que expuso el profesor nos damos cuenta de que vamos por un buen camino&#8221;.<\/p>\n<p>Francisco Gu\u00ed\u00f1ez, estudiante del Colegio Santa Cruz.<\/p>\n<p>\u00a0<\/p>\n<p><img loading=\"lazy\" decoding=\"async\" class=\" alignleft size-full wp-image-4214\" src=\"http:\/\/ec2-34-218-253-251.us-west-2.compute.amazonaws.com\/wp-content\/uploads\/2014\/07\/Documental-2014-2.jpg\" border=\"0\" alt=\"\" align=\"left\" width=\"90\" height=\"90\" \/>\u201cEs una buena idea poder exhibir este tipo de documentales, porque aunque no sean actividades masivas ayudan a que las personas poco a poco se puedan interesar por estas tem\u00e1ticas\u201d.<\/p>\n<p>Belen Tirse, estudiante Colegio Santa Cruz.<\/p>\n<p>Periodista: Carmen Hern\u00e1ndez Cifuentes.<\/p>\n","protected":false},"excerpt":{"rendered":"<p>Fundaci\u00f3n Melton, a trav\u00e9s de su Proyecto &#8220;ClimatePUSH &#8211; People Uniting for Sustainable Habits&#8221;, y el Proyecto Asociativo Regional EXPLORA CONICYT La Araucan\u00eda, bajo el patrocinio de la Agrupaci\u00f3n Linterna M\u00e1gica y la Corporaci\u00f3n Agua de Temu 2030, exhibi\u00f3 en la aula magna de la Universidad de La Frontera el reconocido documental &#8220;Una verdad inc\u00f3moda&#8221; [&hellip;]<\/p>\n","protected":false},"author":2,"featured_media":241,"comment_status":"open","ping_status":"open","sticky":false,"template":"","format":"standard","meta":{"_acf_changed":false,"_exactmetrics_skip_tracking":false,"_exactmetrics_sitenote_active":false,"_exactmetrics_sitenote_note":"","_exactmetrics_sitenote_category":0,"footnotes":"","_links_to":"","_links_to_target":""},"categories":[4],"tags":[],"class_list":["post-240","post","type-post","status-publish","format-standard","has-post-thumbnail","hentry","category-noticias"],"acf":[],"yoast_head":"<!-- This site is optimized with the Yoast SEO plugin v26.7 - https:\/\/yoast.com\/wordpress\/plugins\/seo\/ -->\n<title>Proyecto EXPLORA y Fundaci\u00f3n Melton exhiben documental \u201cUna Verdad Inc\u00f3moda\u201d - Araucan\u00eda<\/title>\n<meta name=\"robots\" content=\"index, follow, max-snippet:-1, max-image-preview:large, max-video-preview:-1\" \/>\n<link rel=\"canonical\" href=\"https:\/\/dev.explora.cl\/araucania\/proyecto-explora-y-fundacion-melton-exhiben-documental-una-verdad-incomoda\/\" class=\"yoast-seo-meta-tag\" \/>\n<meta property=\"og:locale\" content=\"es_ES\" class=\"yoast-seo-meta-tag\" \/>\n<meta property=\"og:type\" content=\"article\" class=\"yoast-seo-meta-tag\" \/>\n<meta property=\"og:title\" content=\"Proyecto EXPLORA y Fundaci\u00f3n Melton exhiben documental \u201cUna Verdad Inc\u00f3moda\u201d - Araucan\u00eda\" class=\"yoast-seo-meta-tag\" \/>\n<meta property=\"og:description\" content=\"Fundaci\u00f3n Melton, a trav\u00e9s de su Proyecto &#8220;ClimatePUSH &#8211; People Uniting for Sustainable Habits&#8221;, y el Proyecto Asociativo Regional EXPLORA CONICYT La Araucan\u00eda, bajo el patrocinio de la Agrupaci\u00f3n Linterna M\u00e1gica y la Corporaci\u00f3n Agua de Temu 2030, exhibi\u00f3 en la aula magna de la Universidad de La Frontera el reconocido documental &#8220;Una verdad inc\u00f3moda&#8221; [&hellip;]\" class=\"yoast-seo-meta-tag\" \/>\n<meta property=\"og:url\" content=\"https:\/\/dev.explora.cl\/araucania\/proyecto-explora-y-fundacion-melton-exhiben-documental-una-verdad-incomoda\/\" class=\"yoast-seo-meta-tag\" \/>\n<meta property=\"og:site_name\" content=\"Araucan\u00eda\" class=\"yoast-seo-meta-tag\" \/>\n<meta property=\"article:published_time\" content=\"2014-07-29T04:00:00+00:00\" class=\"yoast-seo-meta-tag\" \/>\n<meta property=\"article:modified_time\" content=\"2019-05-20T19:04:37+00:00\" class=\"yoast-seo-meta-tag\" \/>\n<meta property=\"og:image\" content=\"https:\/\/dev.explora.cl\/araucania\/wp-content\/uploads\/sites\/15\/2018\/06\/a00fc2411062cccde9c7962ab961e135-1024x681.jpg\" class=\"yoast-seo-meta-tag\" \/>\n\t<meta property=\"og:image:width\" content=\"1024\" class=\"yoast-seo-meta-tag\" \/>\n\t<meta property=\"og:image:height\" content=\"681\" class=\"yoast-seo-meta-tag\" \/>\n\t<meta property=\"og:image:type\" content=\"image\/jpeg\" class=\"yoast-seo-meta-tag\" \/>\n<meta name=\"author\" content=\"webman\" class=\"yoast-seo-meta-tag\" \/>\n<meta name=\"twitter:card\" content=\"summary_large_image\" class=\"yoast-seo-meta-tag\" \/>\n<meta name=\"twitter:label1\" content=\"Escrito por\" class=\"yoast-seo-meta-tag\" \/>\n\t<meta name=\"twitter:data1\" content=\"webman\" class=\"yoast-seo-meta-tag\" \/>\n\t<meta name=\"twitter:label2\" content=\"Tiempo estimado de lectura\" class=\"yoast-seo-meta-tag\" \/>\n\t<meta name=\"twitter:data2\" content=\"2 minutos\" class=\"yoast-seo-meta-tag\" \/>\n<script type=\"application\/ld+json\" class=\"yoast-schema-graph\">{\"@context\":\"https:\/\/schema.org\",\"@graph\":[{\"@type\":\"Article\",\"@id\":\"https:\/\/dev.explora.cl\/araucania\/proyecto-explora-y-fundacion-melton-exhiben-documental-una-verdad-incomoda\/#article\",\"isPartOf\":{\"@id\":\"https:\/\/dev.explora.cl\/araucania\/proyecto-explora-y-fundacion-melton-exhiben-documental-una-verdad-incomoda\/\"},\"author\":{\"name\":\"webman\",\"@id\":\"https:\/\/dev.explora.cl\/araucania\/#\/schema\/person\/cb8349c13ea2d324080adf8480d7ba5d\"},\"headline\":\"Proyecto EXPLORA y Fundaci\u00f3n Melton exhiben documental \u201cUna Verdad Inc\u00f3moda\u201d\",\"datePublished\":\"2014-07-29T04:00:00+00:00\",\"dateModified\":\"2019-05-20T19:04:37+00:00\",\"mainEntityOfPage\":{\"@id\":\"https:\/\/dev.explora.cl\/araucania\/proyecto-explora-y-fundacion-melton-exhiben-documental-una-verdad-incomoda\/\"},\"wordCount\":327,\"commentCount\":0,\"image\":{\"@id\":\"https:\/\/dev.explora.cl\/araucania\/proyecto-explora-y-fundacion-melton-exhiben-documental-una-verdad-incomoda\/#primaryimage\"},\"thumbnailUrl\":\"https:\/\/dev.explora.cl\/araucania\/wp-content\/uploads\/sites\/15\/2018\/06\/a00fc2411062cccde9c7962ab961e135.jpg\",\"articleSection\":[\"Noticias\"],\"inLanguage\":\"es-CL\",\"potentialAction\":[{\"@type\":\"CommentAction\",\"name\":\"Comment\",\"target\":[\"https:\/\/dev.explora.cl\/araucania\/proyecto-explora-y-fundacion-melton-exhiben-documental-una-verdad-incomoda\/#respond\"]}]},{\"@type\":\"WebPage\",\"@id\":\"https:\/\/dev.explora.cl\/araucania\/proyecto-explora-y-fundacion-melton-exhiben-documental-una-verdad-incomoda\/\",\"url\":\"https:\/\/dev.explora.cl\/araucania\/proyecto-explora-y-fundacion-melton-exhiben-documental-una-verdad-incomoda\/\",\"name\":\"Proyecto EXPLORA y Fundaci\u00f3n Melton exhiben documental \u201cUna Verdad Inc\u00f3moda\u201d - Araucan\u00eda\",\"isPartOf\":{\"@id\":\"https:\/\/dev.explora.cl\/araucania\/#website\"},\"primaryImageOfPage\":{\"@id\":\"https:\/\/dev.explora.cl\/araucania\/proyecto-explora-y-fundacion-melton-exhiben-documental-una-verdad-incomoda\/#primaryimage\"},\"image\":{\"@id\":\"https:\/\/dev.explora.cl\/araucania\/proyecto-explora-y-fundacion-melton-exhiben-documental-una-verdad-incomoda\/#primaryimage\"},\"thumbnailUrl\":\"https:\/\/dev.explora.cl\/araucania\/wp-content\/uploads\/sites\/15\/2018\/06\/a00fc2411062cccde9c7962ab961e135.jpg\",\"datePublished\":\"2014-07-29T04:00:00+00:00\",\"dateModified\":\"2019-05-20T19:04:37+00:00\",\"author\":{\"@id\":\"https:\/\/dev.explora.cl\/araucania\/#\/schema\/person\/cb8349c13ea2d324080adf8480d7ba5d\"},\"breadcrumb\":{\"@id\":\"https:\/\/dev.explora.cl\/araucania\/proyecto-explora-y-fundacion-melton-exhiben-documental-una-verdad-incomoda\/#breadcrumb\"},\"inLanguage\":\"es-CL\",\"potentialAction\":[{\"@type\":\"ReadAction\",\"target\":[\"https:\/\/dev.explora.cl\/araucania\/proyecto-explora-y-fundacion-melton-exhiben-documental-una-verdad-incomoda\/\"]}]},{\"@type\":\"ImageObject\",\"inLanguage\":\"es-CL\",\"@id\":\"https:\/\/dev.explora.cl\/araucania\/proyecto-explora-y-fundacion-melton-exhiben-documental-una-verdad-incomoda\/#primaryimage\",\"url\":\"https:\/\/dev.explora.cl\/araucania\/wp-content\/uploads\/sites\/15\/2018\/06\/a00fc2411062cccde9c7962ab961e135.jpg\",\"contentUrl\":\"https:\/\/dev.explora.cl\/araucania\/wp-content\/uploads\/sites\/15\/2018\/06\/a00fc2411062cccde9c7962ab961e135.jpg\",\"width\":3008,\"height\":2000},{\"@type\":\"BreadcrumbList\",\"@id\":\"https:\/\/dev.explora.cl\/araucania\/proyecto-explora-y-fundacion-melton-exhiben-documental-una-verdad-incomoda\/#breadcrumb\",\"itemListElement\":[{\"@type\":\"ListItem\",\"position\":1,\"name\":\"Portada\",\"item\":\"https:\/\/dev.explora.cl\/araucania\/\"},{\"@type\":\"ListItem\",\"position\":2,\"name\":\"Proyecto EXPLORA y Fundaci\u00f3n Melton exhiben documental \u201cUna Verdad Inc\u00f3moda\u201d\"}]},{\"@type\":\"WebSite\",\"@id\":\"https:\/\/dev.explora.cl\/araucania\/#website\",\"url\":\"https:\/\/dev.explora.cl\/araucania\/\",\"name\":\"Araucan\u00eda\",\"description\":\"Otro sitio m\u00e1s de dev.explora.cl\",\"potentialAction\":[{\"@type\":\"SearchAction\",\"target\":{\"@type\":\"EntryPoint\",\"urlTemplate\":\"https:\/\/dev.explora.cl\/araucania\/?s={search_term_string}\"},\"query-input\":{\"@type\":\"PropertyValueSpecification\",\"valueRequired\":true,\"valueName\":\"search_term_string\"}}],\"inLanguage\":\"es-CL\"},{\"@type\":\"Person\",\"@id\":\"https:\/\/dev.explora.cl\/araucania\/#\/schema\/person\/cb8349c13ea2d324080adf8480d7ba5d\",\"name\":\"webman\",\"image\":{\"@type\":\"ImageObject\",\"inLanguage\":\"es-CL\",\"@id\":\"https:\/\/dev.explora.cl\/araucania\/#\/schema\/person\/image\/\",\"url\":\"https:\/\/secure.gravatar.com\/avatar\/eeff3c82f2c02f7177d13663b7e6f890e9a6a0647ce9bb29cae02dcb094c7312?s=96&d=mm&r=g\",\"contentUrl\":\"https:\/\/secure.gravatar.com\/avatar\/eeff3c82f2c02f7177d13663b7e6f890e9a6a0647ce9bb29cae02dcb094c7312?s=96&d=mm&r=g\",\"caption\":\"webman\"},\"url\":\"https:\/\/dev.explora.cl\/araucania\/author\/webman\/\"}]}<\/script>\n<!-- \/ Yoast SEO plugin. -->","yoast_head_json":{"title":"Proyecto EXPLORA y Fundaci\u00f3n Melton exhiben documental \u201cUna Verdad Inc\u00f3moda\u201d - Araucan\u00eda","robots":{"index":"index","follow":"follow","max-snippet":"max-snippet:-1","max-image-preview":"max-image-preview:large","max-video-preview":"max-video-preview:-1"},"canonical":"https:\/\/dev.explora.cl\/araucania\/proyecto-explora-y-fundacion-melton-exhiben-documental-una-verdad-incomoda\/","og_locale":"es_ES","og_type":"article","og_title":"Proyecto EXPLORA y Fundaci\u00f3n Melton exhiben documental \u201cUna Verdad Inc\u00f3moda\u201d - Araucan\u00eda","og_description":"Fundaci\u00f3n Melton, a trav\u00e9s de su Proyecto &#8220;ClimatePUSH &#8211; People Uniting for Sustainable Habits&#8221;, y el Proyecto Asociativo Regional EXPLORA CONICYT La Araucan\u00eda, bajo el patrocinio de la Agrupaci\u00f3n Linterna M\u00e1gica y la Corporaci\u00f3n Agua de Temu 2030, exhibi\u00f3 en la aula magna de la Universidad de La Frontera el reconocido documental &#8220;Una verdad inc\u00f3moda&#8221; [&hellip;]","og_url":"https:\/\/dev.explora.cl\/araucania\/proyecto-explora-y-fundacion-melton-exhiben-documental-una-verdad-incomoda\/","og_site_name":"Araucan\u00eda","article_published_time":"2014-07-29T04:00:00+00:00","article_modified_time":"2019-05-20T19:04:37+00:00","og_image":[{"width":1024,"height":681,"url":"https:\/\/dev.explora.cl\/araucania\/wp-content\/uploads\/sites\/15\/2018\/06\/a00fc2411062cccde9c7962ab961e135-1024x681.jpg","type":"image\/jpeg"}],"author":"webman","twitter_card":"summary_large_image","twitter_misc":{"Escrito por":"webman","Tiempo estimado de lectura":"2 minutos"},"schema":{"@context":"https:\/\/schema.org","@graph":[{"@type":"Article","@id":"https:\/\/dev.explora.cl\/araucania\/proyecto-explora-y-fundacion-melton-exhiben-documental-una-verdad-incomoda\/#article","isPartOf":{"@id":"https:\/\/dev.explora.cl\/araucania\/proyecto-explora-y-fundacion-melton-exhiben-documental-una-verdad-incomoda\/"},"author":{"name":"webman","@id":"https:\/\/dev.explora.cl\/araucania\/#\/schema\/person\/cb8349c13ea2d324080adf8480d7ba5d"},"headline":"Proyecto EXPLORA y Fundaci\u00f3n Melton exhiben documental \u201cUna Verdad Inc\u00f3moda\u201d","datePublished":"2014-07-29T04:00:00+00:00","dateModified":"2019-05-20T19:04:37+00:00","mainEntityOfPage":{"@id":"https:\/\/dev.explora.cl\/araucania\/proyecto-explora-y-fundacion-melton-exhiben-documental-una-verdad-incomoda\/"},"wordCount":327,"commentCount":0,"image":{"@id":"https:\/\/dev.explora.cl\/araucania\/proyecto-explora-y-fundacion-melton-exhiben-documental-una-verdad-incomoda\/#primaryimage"},"thumbnailUrl":"https:\/\/dev.explora.cl\/araucania\/wp-content\/uploads\/sites\/15\/2018\/06\/a00fc2411062cccde9c7962ab961e135.jpg","articleSection":["Noticias"],"inLanguage":"es-CL","potentialAction":[{"@type":"CommentAction","name":"Comment","target":["https:\/\/dev.explora.cl\/araucania\/proyecto-explora-y-fundacion-melton-exhiben-documental-una-verdad-incomoda\/#respond"]}]},{"@type":"WebPage","@id":"https:\/\/dev.explora.cl\/araucania\/proyecto-explora-y-fundacion-melton-exhiben-documental-una-verdad-incomoda\/","url":"https:\/\/dev.explora.cl\/araucania\/proyecto-explora-y-fundacion-melton-exhiben-documental-una-verdad-incomoda\/","name":"Proyecto EXPLORA y Fundaci\u00f3n Melton exhiben documental \u201cUna Verdad Inc\u00f3moda\u201d - Araucan\u00eda","isPartOf":{"@id":"https:\/\/dev.explora.cl\/araucania\/#website"},"primaryImageOfPage":{"@id":"https:\/\/dev.explora.cl\/araucania\/proyecto-explora-y-fundacion-melton-exhiben-documental-una-verdad-incomoda\/#primaryimage"},"image":{"@id":"https:\/\/dev.explora.cl\/araucania\/proyecto-explora-y-fundacion-melton-exhiben-documental-una-verdad-incomoda\/#primaryimage"},"thumbnailUrl":"https:\/\/dev.explora.cl\/araucania\/wp-content\/uploads\/sites\/15\/2018\/06\/a00fc2411062cccde9c7962ab961e135.jpg","datePublished":"2014-07-29T04:00:00+00:00","dateModified":"2019-05-20T19:04:37+00:00","author":{"@id":"https:\/\/dev.explora.cl\/araucania\/#\/schema\/person\/cb8349c13ea2d324080adf8480d7ba5d"},"breadcrumb":{"@id":"https:\/\/dev.explora.cl\/araucania\/proyecto-explora-y-fundacion-melton-exhiben-documental-una-verdad-incomoda\/#breadcrumb"},"inLanguage":"es-CL","potentialAction":[{"@type":"ReadAction","target":["https:\/\/dev.explora.cl\/araucania\/proyecto-explora-y-fundacion-melton-exhiben-documental-una-verdad-incomoda\/"]}]},{"@type":"ImageObject","inLanguage":"es-CL","@id":"https:\/\/dev.explora.cl\/araucania\/proyecto-explora-y-fundacion-melton-exhiben-documental-una-verdad-incomoda\/#primaryimage","url":"https:\/\/dev.explora.cl\/araucania\/wp-content\/uploads\/sites\/15\/2018\/06\/a00fc2411062cccde9c7962ab961e135.jpg","contentUrl":"https:\/\/dev.explora.cl\/araucania\/wp-content\/uploads\/sites\/15\/2018\/06\/a00fc2411062cccde9c7962ab961e135.jpg","width":3008,"height":2000},{"@type":"BreadcrumbList","@id":"https:\/\/dev.explora.cl\/araucania\/proyecto-explora-y-fundacion-melton-exhiben-documental-una-verdad-incomoda\/#breadcrumb","itemListElement":[{"@type":"ListItem","position":1,"name":"Portada","item":"https:\/\/dev.explora.cl\/araucania\/"},{"@type":"ListItem","position":2,"name":"Proyecto EXPLORA y Fundaci\u00f3n Melton exhiben documental \u201cUna Verdad Inc\u00f3moda\u201d"}]},{"@type":"WebSite","@id":"https:\/\/dev.explora.cl\/araucania\/#website","url":"https:\/\/dev.explora.cl\/araucania\/","name":"Araucan\u00eda","description":"Otro sitio m\u00e1s de dev.explora.cl","potentialAction":[{"@type":"SearchAction","target":{"@type":"EntryPoint","urlTemplate":"https:\/\/dev.explora.cl\/araucania\/?s={search_term_string}"},"query-input":{"@type":"PropertyValueSpecification","valueRequired":true,"valueName":"search_term_string"}}],"inLanguage":"es-CL"},{"@type":"Person","@id":"https:\/\/dev.explora.cl\/araucania\/#\/schema\/person\/cb8349c13ea2d324080adf8480d7ba5d","name":"webman","image":{"@type":"ImageObject","inLanguage":"es-CL","@id":"https:\/\/dev.explora.cl\/araucania\/#\/schema\/person\/image\/","url":"https:\/\/secure.gravatar.com\/avatar\/eeff3c82f2c02f7177d13663b7e6f890e9a6a0647ce9bb29cae02dcb094c7312?s=96&d=mm&r=g","contentUrl":"https:\/\/secure.gravatar.com\/avatar\/eeff3c82f2c02f7177d13663b7e6f890e9a6a0647ce9bb29cae02dcb094c7312?s=96&d=mm&r=g","caption":"webman"},"url":"https:\/\/dev.explora.cl\/araucania\/author\/webman\/"}]}},"_links":{"self":[{"href":"https:\/\/dev.explora.cl\/araucania\/wp-json\/wp\/v2\/posts\/240","targetHints":{"allow":["GET"]}}],"collection":[{"href":"https:\/\/dev.explora.cl\/araucania\/wp-json\/wp\/v2\/posts"}],"about":[{"href":"https:\/\/dev.explora.cl\/araucania\/wp-json\/wp\/v2\/types\/post"}],"author":[{"embeddable":true,"href":"https:\/\/dev.explora.cl\/araucania\/wp-json\/wp\/v2\/users\/2"}],"replies":[{"embeddable":true,"href":"https:\/\/dev.explora.cl\/araucania\/wp-json\/wp\/v2\/comments?post=240"}],"version-history":[{"count":1,"href":"https:\/\/dev.explora.cl\/araucania\/wp-json\/wp\/v2\/posts\/240\/revisions"}],"predecessor-version":[{"id":38496,"href":"https:\/\/dev.explora.cl\/araucania\/wp-json\/wp\/v2\/posts\/240\/revisions\/38496"}],"wp:featuredmedia":[{"embeddable":true,"href":"https:\/\/dev.explora.cl\/araucania\/wp-json\/wp\/v2\/media\/241"}],"wp:attachment":[{"href":"https:\/\/dev.explora.cl\/araucania\/wp-json\/wp\/v2\/media?parent=240"}],"wp:term":[{"taxonomy":"category","embeddable":true,"href":"https:\/\/dev.explora.cl\/araucania\/wp-json\/wp\/v2\/categories?post=240"},{"taxonomy":"post_tag","embeddable":true,"href":"https:\/\/dev.explora.cl\/araucania\/wp-json\/wp\/v2\/tags?post=240"}],"curies":[{"name":"wp","href":"https:\/\/api.w.org\/{rel}","templated":true}]}}