{"id":229,"date":"2014-07-22T00:00:00","date_gmt":"2014-07-22T04:00:00","guid":{"rendered":"https:\/\/dev.explora.cl\/araucania\/blog\/2014\/07\/22\/los-trastornos-de-la-comunicacion-sera-el-tema-central-de-la-v-jornada-de-fonoaudiologia-en-la-araucania\/"},"modified":"2019-05-20T19:04:42","modified_gmt":"2019-05-20T19:04:42","slug":"los-trastornos-de-la-comunicacion-sera-el-tema-central-de-la-v-jornada-de-fonoaudiologia-en-la-araucania","status":"publish","type":"post","link":"https:\/\/dev.explora.cl\/araucania\/los-trastornos-de-la-comunicacion-sera-el-tema-central-de-la-v-jornada-de-fonoaudiologia-en-la-araucania\/","title":{"rendered":"\u201cLos trastornos de la comunicaci\u00f3n\u201d ser\u00e1 el tema central de la V Jornada de Fonoaudiolog\u00eda"},"content":{"rendered":"<p><img loading=\"lazy\" decoding=\"async\" class=\" size-full wp-image-4117\" src=\"http:\/\/ec2-34-218-253-251.us-west-2.compute.amazonaws.com\/wp-content\/uploads\/2014\/07\/789ef00656cb53b6a14b4570152d457c.jpg\" alt=\"\" width=\"3008\" height=\"2000\" \/><\/p>\n<p style=\"text-align: center\"><em>Destacados especialistas en trastornos de la comunicaci\u00f3n participar\u00e1n en esta jornada, cuya inscripci\u00f3n mantendr\u00e1 precios especiales hasta el 31 de julio.<\/em><\/p>\n<p>Por quinto a\u00f1o, la Sociedad Cient\u00edfica de Estudiantes de Fonoaudiolog\u00eda de la Universidad de la Frontera (UFRO), con el apoyo del Proyecto Asociativo Regional EXPLORA CONICYT Araucan\u00eda, llevar\u00e1 a cabo la V Jornada de Fonoaudiolog\u00eda en La Araucan\u00eda, cuyo tema central en esta ocasi\u00f3n ser\u00e1 el \u201cAbordaje en trastornos de la comunicaci\u00f3n: Audici\u00f3n, Voz y Tartamudez\u201d.<\/p>\n<p>Los d\u00edas 29 y 30 de agosto, en el Auditorio de la Facultad de Medicina de la UFRO, se desarrollar\u00e1 esta jornada que tiene como objetivo fortalecer el conocimiento en distintas \u00e1reas de la fonoaudiolog\u00eda y promover un enriquecedor di\u00e1logo entre profesionales y estudiantes en torno a estas tem\u00e1ticas.<\/p>\n<p>En la ocasi\u00f3n, y al igual que en los a\u00f1os anteriores, expondr\u00e1n sus conocimientos connotados especialistas en el \u00e1rea, como la otorrinolaring\u00f3loga Loreto Nicklas, las fonoaudi\u00f3logas Nora Gardilcic, Sof\u00eda Bravo y Yolanda Aybar, entre muchos otros. Adem\u00e1s, destacados profesionales en la tartamudez y voz impartir\u00e1n talleres en dichos \u00e1mbitos.<\/p>\n<p><strong>\u00bfC\u00f3mo inscribirse?<\/strong><\/p>\n<p>Los valores de inscripci\u00f3n mantendr\u00e1n un valor preferencial hasta el 31 de julio (estudiantes UFRO: 12.000; estudiantes de otras universidades: $15.000; profesionales: $30.000). Posterior a esa fecha, los precios aumentar\u00e1n.<\/p>\n<p>Para inscribirse, las personas deben realizar el dep\u00f3sito o transferencia electr\u00f3nica en la Cuenta Cte. N\u00b0 5797179-7 del Banco Santander, a nombre de &#8220;Universidad de La Frontera&#8221; (Rut: 87.912.900-1).<\/p>\n<p>Posteriormente debe llenar el Formulario de Inscripci\u00f3n, que se encuentra en la p\u00e1gina www.socefufro.tk. Adem\u00e1s, debe escanear el comprobante de dep\u00f3sito o enviar la copia de transferencia electr\u00f3nica al correo inscripciones.socef@gmail.com, posterior a lo cual recibir\u00e1 un mail con la confirmaci\u00f3n de su inscripci\u00f3n.<\/p>\n<p><span style=\"line-height: 1.3em\">En caso de consultas, comun\u00edquese al correo electr\u00f3nico inscripciones.socef@gmail.com.<\/span><\/p>\n","protected":false},"excerpt":{"rendered":"<p>Destacados especialistas en trastornos de la comunicaci\u00f3n participar\u00e1n en esta jornada, cuya inscripci\u00f3n mantendr\u00e1 precios especiales hasta el 31 de julio. Por quinto a\u00f1o, la Sociedad Cient\u00edfica de Estudiantes de Fonoaudiolog\u00eda de la Universidad de la Frontera (UFRO), con el apoyo del Proyecto Asociativo Regional EXPLORA CONICYT Araucan\u00eda, llevar\u00e1 a cabo la V Jornada de [&hellip;]<\/p>\n","protected":false},"author":2,"featured_media":230,"comment_status":"open","ping_status":"open","sticky":false,"template":"","format":"standard","meta":{"_acf_changed":false,"_exactmetrics_skip_tracking":false,"_exactmetrics_sitenote_active":false,"_exactmetrics_sitenote_note":"","_exactmetrics_sitenote_category":0,"footnotes":"","_links_to":"","_links_to_target":""},"categories":[4],"tags":[],"class_list":["post-229","post","type-post","status-publish","format-standard","has-post-thumbnail","hentry","category-noticias"],"acf":[],"yoast_head":"<!-- This site is optimized with the Yoast SEO plugin v26.7 - https:\/\/yoast.com\/wordpress\/plugins\/seo\/ -->\n<title>\u201cLos trastornos de la comunicaci\u00f3n\u201d ser\u00e1 el tema central de la V Jornada de Fonoaudiolog\u00eda - Araucan\u00eda<\/title>\n<meta name=\"robots\" content=\"index, follow, max-snippet:-1, max-image-preview:large, max-video-preview:-1\" \/>\n<link rel=\"canonical\" href=\"https:\/\/dev.explora.cl\/araucania\/los-trastornos-de-la-comunicacion-sera-el-tema-central-de-la-v-jornada-de-fonoaudiologia-en-la-araucania\/\" class=\"yoast-seo-meta-tag\" \/>\n<meta property=\"og:locale\" content=\"es_ES\" class=\"yoast-seo-meta-tag\" \/>\n<meta property=\"og:type\" content=\"article\" class=\"yoast-seo-meta-tag\" \/>\n<meta property=\"og:title\" content=\"\u201cLos trastornos de la comunicaci\u00f3n\u201d ser\u00e1 el tema central de la V Jornada de Fonoaudiolog\u00eda - Araucan\u00eda\" class=\"yoast-seo-meta-tag\" \/>\n<meta property=\"og:description\" content=\"Destacados especialistas en trastornos de la comunicaci\u00f3n participar\u00e1n en esta jornada, cuya inscripci\u00f3n mantendr\u00e1 precios especiales hasta el 31 de julio. Por quinto a\u00f1o, la Sociedad Cient\u00edfica de Estudiantes de Fonoaudiolog\u00eda de la Universidad de la Frontera (UFRO), con el apoyo del Proyecto Asociativo Regional EXPLORA CONICYT Araucan\u00eda, llevar\u00e1 a cabo la V Jornada de [&hellip;]\" class=\"yoast-seo-meta-tag\" \/>\n<meta property=\"og:url\" content=\"https:\/\/dev.explora.cl\/araucania\/los-trastornos-de-la-comunicacion-sera-el-tema-central-de-la-v-jornada-de-fonoaudiologia-en-la-araucania\/\" class=\"yoast-seo-meta-tag\" \/>\n<meta property=\"og:site_name\" content=\"Araucan\u00eda\" class=\"yoast-seo-meta-tag\" \/>\n<meta property=\"article:published_time\" content=\"2014-07-22T04:00:00+00:00\" class=\"yoast-seo-meta-tag\" \/>\n<meta property=\"article:modified_time\" content=\"2019-05-20T19:04:42+00:00\" class=\"yoast-seo-meta-tag\" \/>\n<meta property=\"og:image\" content=\"https:\/\/dev.explora.cl\/araucania\/wp-content\/uploads\/sites\/15\/2018\/06\/789ef00656cb53b6a14b4570152d457c-1024x681.jpg\" class=\"yoast-seo-meta-tag\" \/>\n\t<meta property=\"og:image:width\" content=\"1024\" class=\"yoast-seo-meta-tag\" \/>\n\t<meta property=\"og:image:height\" content=\"681\" class=\"yoast-seo-meta-tag\" \/>\n\t<meta property=\"og:image:type\" content=\"image\/jpeg\" class=\"yoast-seo-meta-tag\" \/>\n<meta name=\"author\" content=\"webman\" class=\"yoast-seo-meta-tag\" \/>\n<meta name=\"twitter:card\" content=\"summary_large_image\" class=\"yoast-seo-meta-tag\" \/>\n<meta name=\"twitter:label1\" content=\"Escrito por\" class=\"yoast-seo-meta-tag\" \/>\n\t<meta name=\"twitter:data1\" content=\"webman\" class=\"yoast-seo-meta-tag\" \/>\n\t<meta name=\"twitter:label2\" content=\"Tiempo estimado de lectura\" class=\"yoast-seo-meta-tag\" \/>\n\t<meta name=\"twitter:data2\" content=\"2 minutos\" class=\"yoast-seo-meta-tag\" \/>\n<script type=\"application\/ld+json\" class=\"yoast-schema-graph\">{\"@context\":\"https:\/\/schema.org\",\"@graph\":[{\"@type\":\"Article\",\"@id\":\"https:\/\/dev.explora.cl\/araucania\/los-trastornos-de-la-comunicacion-sera-el-tema-central-de-la-v-jornada-de-fonoaudiologia-en-la-araucania\/#article\",\"isPartOf\":{\"@id\":\"https:\/\/dev.explora.cl\/araucania\/los-trastornos-de-la-comunicacion-sera-el-tema-central-de-la-v-jornada-de-fonoaudiologia-en-la-araucania\/\"},\"author\":{\"name\":\"webman\",\"@id\":\"https:\/\/dev.explora.cl\/araucania\/#\/schema\/person\/cb8349c13ea2d324080adf8480d7ba5d\"},\"headline\":\"\u201cLos trastornos de la comunicaci\u00f3n\u201d ser\u00e1 el tema central de la V Jornada de Fonoaudiolog\u00eda\",\"datePublished\":\"2014-07-22T04:00:00+00:00\",\"dateModified\":\"2019-05-20T19:04:42+00:00\",\"mainEntityOfPage\":{\"@id\":\"https:\/\/dev.explora.cl\/araucania\/los-trastornos-de-la-comunicacion-sera-el-tema-central-de-la-v-jornada-de-fonoaudiologia-en-la-araucania\/\"},\"wordCount\":346,\"commentCount\":0,\"image\":{\"@id\":\"https:\/\/dev.explora.cl\/araucania\/los-trastornos-de-la-comunicacion-sera-el-tema-central-de-la-v-jornada-de-fonoaudiologia-en-la-araucania\/#primaryimage\"},\"thumbnailUrl\":\"https:\/\/dev.explora.cl\/araucania\/wp-content\/uploads\/sites\/15\/2018\/06\/789ef00656cb53b6a14b4570152d457c.jpg\",\"articleSection\":[\"Noticias\"],\"inLanguage\":\"es-CL\",\"potentialAction\":[{\"@type\":\"CommentAction\",\"name\":\"Comment\",\"target\":[\"https:\/\/dev.explora.cl\/araucania\/los-trastornos-de-la-comunicacion-sera-el-tema-central-de-la-v-jornada-de-fonoaudiologia-en-la-araucania\/#respond\"]}]},{\"@type\":\"WebPage\",\"@id\":\"https:\/\/dev.explora.cl\/araucania\/los-trastornos-de-la-comunicacion-sera-el-tema-central-de-la-v-jornada-de-fonoaudiologia-en-la-araucania\/\",\"url\":\"https:\/\/dev.explora.cl\/araucania\/los-trastornos-de-la-comunicacion-sera-el-tema-central-de-la-v-jornada-de-fonoaudiologia-en-la-araucania\/\",\"name\":\"\u201cLos trastornos de la comunicaci\u00f3n\u201d ser\u00e1 el tema central de la V Jornada de Fonoaudiolog\u00eda - Araucan\u00eda\",\"isPartOf\":{\"@id\":\"https:\/\/dev.explora.cl\/araucania\/#website\"},\"primaryImageOfPage\":{\"@id\":\"https:\/\/dev.explora.cl\/araucania\/los-trastornos-de-la-comunicacion-sera-el-tema-central-de-la-v-jornada-de-fonoaudiologia-en-la-araucania\/#primaryimage\"},\"image\":{\"@id\":\"https:\/\/dev.explora.cl\/araucania\/los-trastornos-de-la-comunicacion-sera-el-tema-central-de-la-v-jornada-de-fonoaudiologia-en-la-araucania\/#primaryimage\"},\"thumbnailUrl\":\"https:\/\/dev.explora.cl\/araucania\/wp-content\/uploads\/sites\/15\/2018\/06\/789ef00656cb53b6a14b4570152d457c.jpg\",\"datePublished\":\"2014-07-22T04:00:00+00:00\",\"dateModified\":\"2019-05-20T19:04:42+00:00\",\"author\":{\"@id\":\"https:\/\/dev.explora.cl\/araucania\/#\/schema\/person\/cb8349c13ea2d324080adf8480d7ba5d\"},\"breadcrumb\":{\"@id\":\"https:\/\/dev.explora.cl\/araucania\/los-trastornos-de-la-comunicacion-sera-el-tema-central-de-la-v-jornada-de-fonoaudiologia-en-la-araucania\/#breadcrumb\"},\"inLanguage\":\"es-CL\",\"potentialAction\":[{\"@type\":\"ReadAction\",\"target\":[\"https:\/\/dev.explora.cl\/araucania\/los-trastornos-de-la-comunicacion-sera-el-tema-central-de-la-v-jornada-de-fonoaudiologia-en-la-araucania\/\"]}]},{\"@type\":\"ImageObject\",\"inLanguage\":\"es-CL\",\"@id\":\"https:\/\/dev.explora.cl\/araucania\/los-trastornos-de-la-comunicacion-sera-el-tema-central-de-la-v-jornada-de-fonoaudiologia-en-la-araucania\/#primaryimage\",\"url\":\"https:\/\/dev.explora.cl\/araucania\/wp-content\/uploads\/sites\/15\/2018\/06\/789ef00656cb53b6a14b4570152d457c.jpg\",\"contentUrl\":\"https:\/\/dev.explora.cl\/araucania\/wp-content\/uploads\/sites\/15\/2018\/06\/789ef00656cb53b6a14b4570152d457c.jpg\",\"width\":3008,\"height\":2000},{\"@type\":\"BreadcrumbList\",\"@id\":\"https:\/\/dev.explora.cl\/araucania\/los-trastornos-de-la-comunicacion-sera-el-tema-central-de-la-v-jornada-de-fonoaudiologia-en-la-araucania\/#breadcrumb\",\"itemListElement\":[{\"@type\":\"ListItem\",\"position\":1,\"name\":\"Portada\",\"item\":\"https:\/\/dev.explora.cl\/araucania\/\"},{\"@type\":\"ListItem\",\"position\":2,\"name\":\"\u201cLos trastornos de la comunicaci\u00f3n\u201d ser\u00e1 el tema central de la V Jornada de Fonoaudiolog\u00eda\"}]},{\"@type\":\"WebSite\",\"@id\":\"https:\/\/dev.explora.cl\/araucania\/#website\",\"url\":\"https:\/\/dev.explora.cl\/araucania\/\",\"name\":\"Araucan\u00eda\",\"description\":\"Otro sitio m\u00e1s de dev.explora.cl\",\"potentialAction\":[{\"@type\":\"SearchAction\",\"target\":{\"@type\":\"EntryPoint\",\"urlTemplate\":\"https:\/\/dev.explora.cl\/araucania\/?s={search_term_string}\"},\"query-input\":{\"@type\":\"PropertyValueSpecification\",\"valueRequired\":true,\"valueName\":\"search_term_string\"}}],\"inLanguage\":\"es-CL\"},{\"@type\":\"Person\",\"@id\":\"https:\/\/dev.explora.cl\/araucania\/#\/schema\/person\/cb8349c13ea2d324080adf8480d7ba5d\",\"name\":\"webman\",\"image\":{\"@type\":\"ImageObject\",\"inLanguage\":\"es-CL\",\"@id\":\"https:\/\/dev.explora.cl\/araucania\/#\/schema\/person\/image\/\",\"url\":\"https:\/\/secure.gravatar.com\/avatar\/eeff3c82f2c02f7177d13663b7e6f890e9a6a0647ce9bb29cae02dcb094c7312?s=96&d=mm&r=g\",\"contentUrl\":\"https:\/\/secure.gravatar.com\/avatar\/eeff3c82f2c02f7177d13663b7e6f890e9a6a0647ce9bb29cae02dcb094c7312?s=96&d=mm&r=g\",\"caption\":\"webman\"},\"url\":\"https:\/\/dev.explora.cl\/araucania\/author\/webman\/\"}]}<\/script>\n<!-- \/ Yoast SEO plugin. -->","yoast_head_json":{"title":"\u201cLos trastornos de la comunicaci\u00f3n\u201d ser\u00e1 el tema central de la V Jornada de Fonoaudiolog\u00eda - Araucan\u00eda","robots":{"index":"index","follow":"follow","max-snippet":"max-snippet:-1","max-image-preview":"max-image-preview:large","max-video-preview":"max-video-preview:-1"},"canonical":"https:\/\/dev.explora.cl\/araucania\/los-trastornos-de-la-comunicacion-sera-el-tema-central-de-la-v-jornada-de-fonoaudiologia-en-la-araucania\/","og_locale":"es_ES","og_type":"article","og_title":"\u201cLos trastornos de la comunicaci\u00f3n\u201d ser\u00e1 el tema central de la V Jornada de Fonoaudiolog\u00eda - Araucan\u00eda","og_description":"Destacados especialistas en trastornos de la comunicaci\u00f3n participar\u00e1n en esta jornada, cuya inscripci\u00f3n mantendr\u00e1 precios especiales hasta el 31 de julio. Por quinto a\u00f1o, la Sociedad Cient\u00edfica de Estudiantes de Fonoaudiolog\u00eda de la Universidad de la Frontera (UFRO), con el apoyo del Proyecto Asociativo Regional EXPLORA CONICYT Araucan\u00eda, llevar\u00e1 a cabo la V Jornada de [&hellip;]","og_url":"https:\/\/dev.explora.cl\/araucania\/los-trastornos-de-la-comunicacion-sera-el-tema-central-de-la-v-jornada-de-fonoaudiologia-en-la-araucania\/","og_site_name":"Araucan\u00eda","article_published_time":"2014-07-22T04:00:00+00:00","article_modified_time":"2019-05-20T19:04:42+00:00","og_image":[{"width":1024,"height":681,"url":"https:\/\/dev.explora.cl\/araucania\/wp-content\/uploads\/sites\/15\/2018\/06\/789ef00656cb53b6a14b4570152d457c-1024x681.jpg","type":"image\/jpeg"}],"author":"webman","twitter_card":"summary_large_image","twitter_misc":{"Escrito por":"webman","Tiempo estimado de lectura":"2 minutos"},"schema":{"@context":"https:\/\/schema.org","@graph":[{"@type":"Article","@id":"https:\/\/dev.explora.cl\/araucania\/los-trastornos-de-la-comunicacion-sera-el-tema-central-de-la-v-jornada-de-fonoaudiologia-en-la-araucania\/#article","isPartOf":{"@id":"https:\/\/dev.explora.cl\/araucania\/los-trastornos-de-la-comunicacion-sera-el-tema-central-de-la-v-jornada-de-fonoaudiologia-en-la-araucania\/"},"author":{"name":"webman","@id":"https:\/\/dev.explora.cl\/araucania\/#\/schema\/person\/cb8349c13ea2d324080adf8480d7ba5d"},"headline":"\u201cLos trastornos de la comunicaci\u00f3n\u201d ser\u00e1 el tema central de la V Jornada de Fonoaudiolog\u00eda","datePublished":"2014-07-22T04:00:00+00:00","dateModified":"2019-05-20T19:04:42+00:00","mainEntityOfPage":{"@id":"https:\/\/dev.explora.cl\/araucania\/los-trastornos-de-la-comunicacion-sera-el-tema-central-de-la-v-jornada-de-fonoaudiologia-en-la-araucania\/"},"wordCount":346,"commentCount":0,"image":{"@id":"https:\/\/dev.explora.cl\/araucania\/los-trastornos-de-la-comunicacion-sera-el-tema-central-de-la-v-jornada-de-fonoaudiologia-en-la-araucania\/#primaryimage"},"thumbnailUrl":"https:\/\/dev.explora.cl\/araucania\/wp-content\/uploads\/sites\/15\/2018\/06\/789ef00656cb53b6a14b4570152d457c.jpg","articleSection":["Noticias"],"inLanguage":"es-CL","potentialAction":[{"@type":"CommentAction","name":"Comment","target":["https:\/\/dev.explora.cl\/araucania\/los-trastornos-de-la-comunicacion-sera-el-tema-central-de-la-v-jornada-de-fonoaudiologia-en-la-araucania\/#respond"]}]},{"@type":"WebPage","@id":"https:\/\/dev.explora.cl\/araucania\/los-trastornos-de-la-comunicacion-sera-el-tema-central-de-la-v-jornada-de-fonoaudiologia-en-la-araucania\/","url":"https:\/\/dev.explora.cl\/araucania\/los-trastornos-de-la-comunicacion-sera-el-tema-central-de-la-v-jornada-de-fonoaudiologia-en-la-araucania\/","name":"\u201cLos trastornos de la comunicaci\u00f3n\u201d ser\u00e1 el tema central de la V Jornada de Fonoaudiolog\u00eda - Araucan\u00eda","isPartOf":{"@id":"https:\/\/dev.explora.cl\/araucania\/#website"},"primaryImageOfPage":{"@id":"https:\/\/dev.explora.cl\/araucania\/los-trastornos-de-la-comunicacion-sera-el-tema-central-de-la-v-jornada-de-fonoaudiologia-en-la-araucania\/#primaryimage"},"image":{"@id":"https:\/\/dev.explora.cl\/araucania\/los-trastornos-de-la-comunicacion-sera-el-tema-central-de-la-v-jornada-de-fonoaudiologia-en-la-araucania\/#primaryimage"},"thumbnailUrl":"https:\/\/dev.explora.cl\/araucania\/wp-content\/uploads\/sites\/15\/2018\/06\/789ef00656cb53b6a14b4570152d457c.jpg","datePublished":"2014-07-22T04:00:00+00:00","dateModified":"2019-05-20T19:04:42+00:00","author":{"@id":"https:\/\/dev.explora.cl\/araucania\/#\/schema\/person\/cb8349c13ea2d324080adf8480d7ba5d"},"breadcrumb":{"@id":"https:\/\/dev.explora.cl\/araucania\/los-trastornos-de-la-comunicacion-sera-el-tema-central-de-la-v-jornada-de-fonoaudiologia-en-la-araucania\/#breadcrumb"},"inLanguage":"es-CL","potentialAction":[{"@type":"ReadAction","target":["https:\/\/dev.explora.cl\/araucania\/los-trastornos-de-la-comunicacion-sera-el-tema-central-de-la-v-jornada-de-fonoaudiologia-en-la-araucania\/"]}]},{"@type":"ImageObject","inLanguage":"es-CL","@id":"https:\/\/dev.explora.cl\/araucania\/los-trastornos-de-la-comunicacion-sera-el-tema-central-de-la-v-jornada-de-fonoaudiologia-en-la-araucania\/#primaryimage","url":"https:\/\/dev.explora.cl\/araucania\/wp-content\/uploads\/sites\/15\/2018\/06\/789ef00656cb53b6a14b4570152d457c.jpg","contentUrl":"https:\/\/dev.explora.cl\/araucania\/wp-content\/uploads\/sites\/15\/2018\/06\/789ef00656cb53b6a14b4570152d457c.jpg","width":3008,"height":2000},{"@type":"BreadcrumbList","@id":"https:\/\/dev.explora.cl\/araucania\/los-trastornos-de-la-comunicacion-sera-el-tema-central-de-la-v-jornada-de-fonoaudiologia-en-la-araucania\/#breadcrumb","itemListElement":[{"@type":"ListItem","position":1,"name":"Portada","item":"https:\/\/dev.explora.cl\/araucania\/"},{"@type":"ListItem","position":2,"name":"\u201cLos trastornos de la comunicaci\u00f3n\u201d ser\u00e1 el tema central de la V Jornada de Fonoaudiolog\u00eda"}]},{"@type":"WebSite","@id":"https:\/\/dev.explora.cl\/araucania\/#website","url":"https:\/\/dev.explora.cl\/araucania\/","name":"Araucan\u00eda","description":"Otro sitio m\u00e1s de dev.explora.cl","potentialAction":[{"@type":"SearchAction","target":{"@type":"EntryPoint","urlTemplate":"https:\/\/dev.explora.cl\/araucania\/?s={search_term_string}"},"query-input":{"@type":"PropertyValueSpecification","valueRequired":true,"valueName":"search_term_string"}}],"inLanguage":"es-CL"},{"@type":"Person","@id":"https:\/\/dev.explora.cl\/araucania\/#\/schema\/person\/cb8349c13ea2d324080adf8480d7ba5d","name":"webman","image":{"@type":"ImageObject","inLanguage":"es-CL","@id":"https:\/\/dev.explora.cl\/araucania\/#\/schema\/person\/image\/","url":"https:\/\/secure.gravatar.com\/avatar\/eeff3c82f2c02f7177d13663b7e6f890e9a6a0647ce9bb29cae02dcb094c7312?s=96&d=mm&r=g","contentUrl":"https:\/\/secure.gravatar.com\/avatar\/eeff3c82f2c02f7177d13663b7e6f890e9a6a0647ce9bb29cae02dcb094c7312?s=96&d=mm&r=g","caption":"webman"},"url":"https:\/\/dev.explora.cl\/araucania\/author\/webman\/"}]}},"_links":{"self":[{"href":"https:\/\/dev.explora.cl\/araucania\/wp-json\/wp\/v2\/posts\/229","targetHints":{"allow":["GET"]}}],"collection":[{"href":"https:\/\/dev.explora.cl\/araucania\/wp-json\/wp\/v2\/posts"}],"about":[{"href":"https:\/\/dev.explora.cl\/araucania\/wp-json\/wp\/v2\/types\/post"}],"author":[{"embeddable":true,"href":"https:\/\/dev.explora.cl\/araucania\/wp-json\/wp\/v2\/users\/2"}],"replies":[{"embeddable":true,"href":"https:\/\/dev.explora.cl\/araucania\/wp-json\/wp\/v2\/comments?post=229"}],"version-history":[{"count":1,"href":"https:\/\/dev.explora.cl\/araucania\/wp-json\/wp\/v2\/posts\/229\/revisions"}],"predecessor-version":[{"id":38507,"href":"https:\/\/dev.explora.cl\/araucania\/wp-json\/wp\/v2\/posts\/229\/revisions\/38507"}],"wp:featuredmedia":[{"embeddable":true,"href":"https:\/\/dev.explora.cl\/araucania\/wp-json\/wp\/v2\/media\/230"}],"wp:attachment":[{"href":"https:\/\/dev.explora.cl\/araucania\/wp-json\/wp\/v2\/media?parent=229"}],"wp:term":[{"taxonomy":"category","embeddable":true,"href":"https:\/\/dev.explora.cl\/araucania\/wp-json\/wp\/v2\/categories?post=229"},{"taxonomy":"post_tag","embeddable":true,"href":"https:\/\/dev.explora.cl\/araucania\/wp-json\/wp\/v2\/tags?post=229"}],"curies":[{"name":"wp","href":"https:\/\/api.w.org\/{rel}","templated":true}]}}