{"id":223,"date":"2014-07-21T00:00:00","date_gmt":"2014-07-21T04:00:00","guid":{"rendered":"https:\/\/dev.explora.cl\/araucania\/blog\/2014\/07\/21\/estudiantes-de-puerto-saavedra-y-carahue-comprendieron-su-rol-en-el-cuidado-del-medioambiente\/"},"modified":"2019-05-20T19:04:43","modified_gmt":"2019-05-20T19:04:43","slug":"estudiantes-de-puerto-saavedra-y-carahue-comprendieron-su-rol-en-el-cuidado-del-medioambiente","status":"publish","type":"post","link":"https:\/\/dev.explora.cl\/araucania\/estudiantes-de-puerto-saavedra-y-carahue-comprendieron-su-rol-en-el-cuidado-del-medioambiente\/","title":{"rendered":"Estudiantes de Puerto Saavedra y Carahue comprendieron su rol en el cuidado del medioambiente"},"content":{"rendered":"<p><img loading=\"lazy\" decoding=\"async\" class=\" size-full wp-image-4088\" src=\"http:\/\/ec2-34-218-253-251.us-west-2.compute.amazonaws.com\/wp-content\/uploads\/2014\/07\/e38f1893a3d4af6eb485f76f71bffeb9.jpg\" alt=\"\" width=\"4320\" height=\"3240\" \/><\/p>\n<p style=\"text-align: center\"><em>En una innovadora jornada, ni\u00f1os, ni\u00f1as y j\u00f3venes de la zona costera descubrieron que con ingenio y voluntad pueden ser protagonistas en la promoci\u00f3n de un desarrollo sustentable.<\/em><\/p>\n<p style=\"text-align: justify\">Con el fin de crear conciencia sobre la importancia del cuidado del medioambiente e incentivar el surgimiento de iniciativas que promuevan el uso de energ\u00edas no convencionales, la agrupaci\u00f3n estudiantil BIOINSU, con el apoyo del Proyecto Asociativo Regional EXPLORA CONICYT Araucan\u00eda, llevaron a cabo dos jornadas educativas dirigidas a estudiantes de educaci\u00f3n b\u00e1sica y media.<\/p>\n<p style=\"text-align: justify\">J\u00f3venes de tercero y cuarto medio del Liceo Reino de Suecia de Puerto Saavedra y escolares de sexto a octavo b\u00e1sico de la Escuela Tranapuente de Carahue participaron en esta enriquecedora actividad, donde estudiantes de distintas carreras de la Facultad de Ingenier\u00eda y Ciencias de la Universidad de La Frontera, pertenecientes a BIOINSU, compartieron sus conocimientos a trav\u00e9s de did\u00e1cticas y entretenidas charlas.<\/p>\n<p style=\"text-align: justify\">C\u00f3mo hacer un buen uso de los recursos a trav\u00e9s de sencillas medidas y qu\u00e9 energ\u00edas renovables no convencionales se pueden utilizar para contribuir con el cuidado del medioambiente fueron los principales ejes tem\u00e1ticos que se abordaron en la serie de exposiciones que se presentaron el Auditorio Alberto Levy de la Ufro.<\/p>\n<p style=\"text-align: justify\">Una vez finalizada la parte te\u00f3rica, los estudiantes de la zona costera realizaron un recorrido por el Laboratorio de Biog\u00e1s (BIOREN) y conocieron c\u00f3mo funciona un biodigestor, lo que favoreci\u00f3 su aprendizaje y los motiv\u00f3 a ser protagonistas de un futuro sustentable, donde el desarrollo econ\u00f3mico y social vaya de la mano con el respeto del medioambiente.<\/p>\n<p style=\"text-align: justify\"><strong>Impresiones de los estudiantes<\/strong><\/p>\n<p style=\"text-align: justify\"><img loading=\"lazy\" decoding=\"async\" class=\" alignleft size-full wp-image-4089\" src=\"http:\/\/ec2-34-218-253-251.us-west-2.compute.amazonaws.com\/wp-content\/uploads\/2014\/07\/Bioinsu-4.jpg\" border=\"0\" alt=\"\" align=\"left\" width=\"90\" height=\"90\" \/>&#8220;Encontr\u00e9 que la jornada fue s\u00faper interesante, sobre todo porque aprendimos c\u00f3mo podemos reciclar, cuidar el medio ambiente e, incluso, crear gas. Siento que Chile est\u00e1 muy contaminado y que es bueno aprender cosas como \u00e9stas, que espero transmitir a la gente que conozco&#8221;.<\/p>\n<p style=\"text-align: justify\">Oriana Panchillo, Liceo Reina de Suecia.<\/p>\n<p style=\"text-align: justify\">\u00a0<\/p>\n<p style=\"text-align: justify\"><img loading=\"lazy\" decoding=\"async\" class=\" alignleft size-full wp-image-4090\" src=\"http:\/\/ec2-34-218-253-251.us-west-2.compute.amazonaws.com\/wp-content\/uploads\/2014\/07\/Bioinsu-1.jpg\" border=\"0\" alt=\"\" align=\"left\" width=\"90\" height=\"90\" \/>\u201cFue s\u00faper interesante la actividad, porque yo no sab\u00eda que a partir de desechos org\u00e1nicos se pod\u00eda producir energ\u00eda. Adem\u00e1s, siento que tom\u00e9 conciencia sobre lo importante que es cuidar la energ\u00eda y creo que tratar\u00e9 de producir biog\u00e1s en mi casa tal como nos ense\u00f1aron\u201d.<\/p>\n<p style=\"text-align: justify\">Danitza Coloma, Escuela Tranapuente.<\/p>\n<p style=\"text-align: justify\">\u00a0<\/p>\n<p style=\"text-align: justify\"><img loading=\"lazy\" decoding=\"async\" class=\" alignleft size-full wp-image-4091\" src=\"http:\/\/ec2-34-218-253-251.us-west-2.compute.amazonaws.com\/wp-content\/uploads\/2014\/07\/Bioinsu-3.jpg\" border=\"0\" alt=\"\" align=\"left\" width=\"90\" height=\"90\" \/>&#8220;Me pareci\u00f3 buena esta actividad, porque he aprendido varias cosas con las charlas, en especial sobre la importancia de tomar conciencia respecto a la contaminaci\u00f3n. Me parece que ser\u00eda bueno que se realicen otras jornadas como \u00e9stas, para poder detener el da\u00f1o al medioambiente\u201d.<\/p>\n<p style=\"text-align: justify\">Leandro Rabull\u00e1n, Liceo Reina de Suecia.<\/p>\n<p style=\"text-align: justify\">\u00a0<\/p>\n<p style=\"text-align: justify\"><img loading=\"lazy\" decoding=\"async\" class=\" alignleft size-full wp-image-4092\" src=\"http:\/\/ec2-34-218-253-251.us-west-2.compute.amazonaws.com\/wp-content\/uploads\/2014\/07\/Bioinsu-2.jpg\" border=\"0\" alt=\"\" align=\"left\" width=\"90\" height=\"90\" \/>\u201cMe gust\u00f3 mucho la jornada, porque aprend\u00ed hartas cosas que no sab\u00eda, como por ejemplo que existen diferentes formas de producir energ\u00eda. Me sorprendi\u00f3 saber que con cosas que uno desecha es posible hacer biog\u00e1s. Fue muy provechosa y motivadora la experiencia\u201d.<\/p>\n<p style=\"text-align: justify\">Sara Seguel, Escuela Tranapuente.<\/p>\n<p style=\"text-align: center\"><a href=\"https:\/\/www.facebook.com\/media\/set\/?set=a.1508384382712942.1073741969.1388936647991050&amp;type=1\" target=\"_blank\" rel=\"noopener noreferrer\"><span>\u00a1Haz click aqu\u00ed para ver la galer\u00eda de im\u00e1genes!<\/span><\/a><\/p>\n<p style=\"text-align: justify\">Periodistas: Javier Gajardo, Catalina Hern\u00e1ndez y Carolina Nahuelpi.<\/p>\n","protected":false},"excerpt":{"rendered":"<p>En una innovadora jornada, ni\u00f1os, ni\u00f1as y j\u00f3venes de la zona costera descubrieron que con ingenio y voluntad pueden ser protagonistas en la promoci\u00f3n de un desarrollo sustentable. Con el fin de crear conciencia sobre la importancia del cuidado del medioambiente e incentivar el surgimiento de iniciativas que promuevan el uso de energ\u00edas no convencionales, [&hellip;]<\/p>\n","protected":false},"author":2,"featured_media":224,"comment_status":"open","ping_status":"open","sticky":false,"template":"","format":"standard","meta":{"_acf_changed":false,"_exactmetrics_skip_tracking":false,"_exactmetrics_sitenote_active":false,"_exactmetrics_sitenote_note":"","_exactmetrics_sitenote_category":0,"footnotes":"","_links_to":"","_links_to_target":""},"categories":[4],"tags":[],"class_list":["post-223","post","type-post","status-publish","format-standard","has-post-thumbnail","hentry","category-noticias"],"acf":[],"yoast_head":"<!-- This site is optimized with the Yoast SEO plugin v26.7 - https:\/\/yoast.com\/wordpress\/plugins\/seo\/ -->\n<title>Estudiantes de Puerto Saavedra y Carahue comprendieron su rol en el cuidado del medioambiente - Araucan\u00eda<\/title>\n<meta name=\"robots\" content=\"index, follow, max-snippet:-1, max-image-preview:large, max-video-preview:-1\" \/>\n<link rel=\"canonical\" href=\"https:\/\/dev.explora.cl\/araucania\/estudiantes-de-puerto-saavedra-y-carahue-comprendieron-su-rol-en-el-cuidado-del-medioambiente\/\" class=\"yoast-seo-meta-tag\" \/>\n<meta property=\"og:locale\" content=\"es_ES\" class=\"yoast-seo-meta-tag\" \/>\n<meta property=\"og:type\" content=\"article\" class=\"yoast-seo-meta-tag\" \/>\n<meta property=\"og:title\" content=\"Estudiantes de Puerto Saavedra y Carahue comprendieron su rol en el cuidado del medioambiente - Araucan\u00eda\" class=\"yoast-seo-meta-tag\" \/>\n<meta property=\"og:description\" content=\"En una innovadora jornada, ni\u00f1os, ni\u00f1as y j\u00f3venes de la zona costera descubrieron que con ingenio y voluntad pueden ser protagonistas en la promoci\u00f3n de un desarrollo sustentable. Con el fin de crear conciencia sobre la importancia del cuidado del medioambiente e incentivar el surgimiento de iniciativas que promuevan el uso de energ\u00edas no convencionales, [&hellip;]\" class=\"yoast-seo-meta-tag\" \/>\n<meta property=\"og:url\" content=\"https:\/\/dev.explora.cl\/araucania\/estudiantes-de-puerto-saavedra-y-carahue-comprendieron-su-rol-en-el-cuidado-del-medioambiente\/\" class=\"yoast-seo-meta-tag\" \/>\n<meta property=\"og:site_name\" content=\"Araucan\u00eda\" class=\"yoast-seo-meta-tag\" \/>\n<meta property=\"article:published_time\" content=\"2014-07-21T04:00:00+00:00\" class=\"yoast-seo-meta-tag\" \/>\n<meta property=\"article:modified_time\" content=\"2019-05-20T19:04:43+00:00\" class=\"yoast-seo-meta-tag\" \/>\n<meta property=\"og:image\" content=\"https:\/\/dev.explora.cl\/araucania\/wp-content\/uploads\/sites\/15\/2018\/06\/e38f1893a3d4af6eb485f76f71bffeb9-1024x768.jpg\" class=\"yoast-seo-meta-tag\" \/>\n\t<meta property=\"og:image:width\" content=\"1024\" class=\"yoast-seo-meta-tag\" \/>\n\t<meta property=\"og:image:height\" content=\"768\" class=\"yoast-seo-meta-tag\" \/>\n\t<meta property=\"og:image:type\" content=\"image\/jpeg\" class=\"yoast-seo-meta-tag\" \/>\n<meta name=\"author\" content=\"webman\" class=\"yoast-seo-meta-tag\" \/>\n<meta name=\"twitter:card\" content=\"summary_large_image\" class=\"yoast-seo-meta-tag\" \/>\n<meta name=\"twitter:label1\" content=\"Escrito por\" class=\"yoast-seo-meta-tag\" \/>\n\t<meta name=\"twitter:data1\" content=\"webman\" class=\"yoast-seo-meta-tag\" \/>\n\t<meta name=\"twitter:label2\" content=\"Tiempo estimado de lectura\" class=\"yoast-seo-meta-tag\" \/>\n\t<meta name=\"twitter:data2\" content=\"3 minutos\" class=\"yoast-seo-meta-tag\" \/>\n<script type=\"application\/ld+json\" class=\"yoast-schema-graph\">{\"@context\":\"https:\/\/schema.org\",\"@graph\":[{\"@type\":\"Article\",\"@id\":\"https:\/\/dev.explora.cl\/araucania\/estudiantes-de-puerto-saavedra-y-carahue-comprendieron-su-rol-en-el-cuidado-del-medioambiente\/#article\",\"isPartOf\":{\"@id\":\"https:\/\/dev.explora.cl\/araucania\/estudiantes-de-puerto-saavedra-y-carahue-comprendieron-su-rol-en-el-cuidado-del-medioambiente\/\"},\"author\":{\"name\":\"webman\",\"@id\":\"https:\/\/dev.explora.cl\/araucania\/#\/schema\/person\/cb8349c13ea2d324080adf8480d7ba5d\"},\"headline\":\"Estudiantes de Puerto Saavedra y Carahue comprendieron su rol en el cuidado del medioambiente\",\"datePublished\":\"2014-07-21T04:00:00+00:00\",\"dateModified\":\"2019-05-20T19:04:43+00:00\",\"mainEntityOfPage\":{\"@id\":\"https:\/\/dev.explora.cl\/araucania\/estudiantes-de-puerto-saavedra-y-carahue-comprendieron-su-rol-en-el-cuidado-del-medioambiente\/\"},\"wordCount\":529,\"commentCount\":0,\"image\":{\"@id\":\"https:\/\/dev.explora.cl\/araucania\/estudiantes-de-puerto-saavedra-y-carahue-comprendieron-su-rol-en-el-cuidado-del-medioambiente\/#primaryimage\"},\"thumbnailUrl\":\"https:\/\/dev.explora.cl\/araucania\/wp-content\/uploads\/sites\/15\/2018\/06\/e38f1893a3d4af6eb485f76f71bffeb9.jpg\",\"articleSection\":[\"Noticias\"],\"inLanguage\":\"es-CL\",\"potentialAction\":[{\"@type\":\"CommentAction\",\"name\":\"Comment\",\"target\":[\"https:\/\/dev.explora.cl\/araucania\/estudiantes-de-puerto-saavedra-y-carahue-comprendieron-su-rol-en-el-cuidado-del-medioambiente\/#respond\"]}]},{\"@type\":\"WebPage\",\"@id\":\"https:\/\/dev.explora.cl\/araucania\/estudiantes-de-puerto-saavedra-y-carahue-comprendieron-su-rol-en-el-cuidado-del-medioambiente\/\",\"url\":\"https:\/\/dev.explora.cl\/araucania\/estudiantes-de-puerto-saavedra-y-carahue-comprendieron-su-rol-en-el-cuidado-del-medioambiente\/\",\"name\":\"Estudiantes de Puerto Saavedra y Carahue comprendieron su rol en el cuidado del medioambiente - Araucan\u00eda\",\"isPartOf\":{\"@id\":\"https:\/\/dev.explora.cl\/araucania\/#website\"},\"primaryImageOfPage\":{\"@id\":\"https:\/\/dev.explora.cl\/araucania\/estudiantes-de-puerto-saavedra-y-carahue-comprendieron-su-rol-en-el-cuidado-del-medioambiente\/#primaryimage\"},\"image\":{\"@id\":\"https:\/\/dev.explora.cl\/araucania\/estudiantes-de-puerto-saavedra-y-carahue-comprendieron-su-rol-en-el-cuidado-del-medioambiente\/#primaryimage\"},\"thumbnailUrl\":\"https:\/\/dev.explora.cl\/araucania\/wp-content\/uploads\/sites\/15\/2018\/06\/e38f1893a3d4af6eb485f76f71bffeb9.jpg\",\"datePublished\":\"2014-07-21T04:00:00+00:00\",\"dateModified\":\"2019-05-20T19:04:43+00:00\",\"author\":{\"@id\":\"https:\/\/dev.explora.cl\/araucania\/#\/schema\/person\/cb8349c13ea2d324080adf8480d7ba5d\"},\"breadcrumb\":{\"@id\":\"https:\/\/dev.explora.cl\/araucania\/estudiantes-de-puerto-saavedra-y-carahue-comprendieron-su-rol-en-el-cuidado-del-medioambiente\/#breadcrumb\"},\"inLanguage\":\"es-CL\",\"potentialAction\":[{\"@type\":\"ReadAction\",\"target\":[\"https:\/\/dev.explora.cl\/araucania\/estudiantes-de-puerto-saavedra-y-carahue-comprendieron-su-rol-en-el-cuidado-del-medioambiente\/\"]}]},{\"@type\":\"ImageObject\",\"inLanguage\":\"es-CL\",\"@id\":\"https:\/\/dev.explora.cl\/araucania\/estudiantes-de-puerto-saavedra-y-carahue-comprendieron-su-rol-en-el-cuidado-del-medioambiente\/#primaryimage\",\"url\":\"https:\/\/dev.explora.cl\/araucania\/wp-content\/uploads\/sites\/15\/2018\/06\/e38f1893a3d4af6eb485f76f71bffeb9.jpg\",\"contentUrl\":\"https:\/\/dev.explora.cl\/araucania\/wp-content\/uploads\/sites\/15\/2018\/06\/e38f1893a3d4af6eb485f76f71bffeb9.jpg\",\"width\":4320,\"height\":3240},{\"@type\":\"BreadcrumbList\",\"@id\":\"https:\/\/dev.explora.cl\/araucania\/estudiantes-de-puerto-saavedra-y-carahue-comprendieron-su-rol-en-el-cuidado-del-medioambiente\/#breadcrumb\",\"itemListElement\":[{\"@type\":\"ListItem\",\"position\":1,\"name\":\"Portada\",\"item\":\"https:\/\/dev.explora.cl\/araucania\/\"},{\"@type\":\"ListItem\",\"position\":2,\"name\":\"Estudiantes de Puerto Saavedra y Carahue comprendieron su rol en el cuidado del medioambiente\"}]},{\"@type\":\"WebSite\",\"@id\":\"https:\/\/dev.explora.cl\/araucania\/#website\",\"url\":\"https:\/\/dev.explora.cl\/araucania\/\",\"name\":\"Araucan\u00eda\",\"description\":\"Otro sitio m\u00e1s de dev.explora.cl\",\"potentialAction\":[{\"@type\":\"SearchAction\",\"target\":{\"@type\":\"EntryPoint\",\"urlTemplate\":\"https:\/\/dev.explora.cl\/araucania\/?s={search_term_string}\"},\"query-input\":{\"@type\":\"PropertyValueSpecification\",\"valueRequired\":true,\"valueName\":\"search_term_string\"}}],\"inLanguage\":\"es-CL\"},{\"@type\":\"Person\",\"@id\":\"https:\/\/dev.explora.cl\/araucania\/#\/schema\/person\/cb8349c13ea2d324080adf8480d7ba5d\",\"name\":\"webman\",\"image\":{\"@type\":\"ImageObject\",\"inLanguage\":\"es-CL\",\"@id\":\"https:\/\/dev.explora.cl\/araucania\/#\/schema\/person\/image\/\",\"url\":\"https:\/\/secure.gravatar.com\/avatar\/eeff3c82f2c02f7177d13663b7e6f890e9a6a0647ce9bb29cae02dcb094c7312?s=96&d=mm&r=g\",\"contentUrl\":\"https:\/\/secure.gravatar.com\/avatar\/eeff3c82f2c02f7177d13663b7e6f890e9a6a0647ce9bb29cae02dcb094c7312?s=96&d=mm&r=g\",\"caption\":\"webman\"},\"url\":\"https:\/\/dev.explora.cl\/araucania\/author\/webman\/\"}]}<\/script>\n<!-- \/ Yoast SEO plugin. -->","yoast_head_json":{"title":"Estudiantes de Puerto Saavedra y Carahue comprendieron su rol en el cuidado del medioambiente - Araucan\u00eda","robots":{"index":"index","follow":"follow","max-snippet":"max-snippet:-1","max-image-preview":"max-image-preview:large","max-video-preview":"max-video-preview:-1"},"canonical":"https:\/\/dev.explora.cl\/araucania\/estudiantes-de-puerto-saavedra-y-carahue-comprendieron-su-rol-en-el-cuidado-del-medioambiente\/","og_locale":"es_ES","og_type":"article","og_title":"Estudiantes de Puerto Saavedra y Carahue comprendieron su rol en el cuidado del medioambiente - Araucan\u00eda","og_description":"En una innovadora jornada, ni\u00f1os, ni\u00f1as y j\u00f3venes de la zona costera descubrieron que con ingenio y voluntad pueden ser protagonistas en la promoci\u00f3n de un desarrollo sustentable. Con el fin de crear conciencia sobre la importancia del cuidado del medioambiente e incentivar el surgimiento de iniciativas que promuevan el uso de energ\u00edas no convencionales, [&hellip;]","og_url":"https:\/\/dev.explora.cl\/araucania\/estudiantes-de-puerto-saavedra-y-carahue-comprendieron-su-rol-en-el-cuidado-del-medioambiente\/","og_site_name":"Araucan\u00eda","article_published_time":"2014-07-21T04:00:00+00:00","article_modified_time":"2019-05-20T19:04:43+00:00","og_image":[{"width":1024,"height":768,"url":"https:\/\/dev.explora.cl\/araucania\/wp-content\/uploads\/sites\/15\/2018\/06\/e38f1893a3d4af6eb485f76f71bffeb9-1024x768.jpg","type":"image\/jpeg"}],"author":"webman","twitter_card":"summary_large_image","twitter_misc":{"Escrito por":"webman","Tiempo estimado de lectura":"3 minutos"},"schema":{"@context":"https:\/\/schema.org","@graph":[{"@type":"Article","@id":"https:\/\/dev.explora.cl\/araucania\/estudiantes-de-puerto-saavedra-y-carahue-comprendieron-su-rol-en-el-cuidado-del-medioambiente\/#article","isPartOf":{"@id":"https:\/\/dev.explora.cl\/araucania\/estudiantes-de-puerto-saavedra-y-carahue-comprendieron-su-rol-en-el-cuidado-del-medioambiente\/"},"author":{"name":"webman","@id":"https:\/\/dev.explora.cl\/araucania\/#\/schema\/person\/cb8349c13ea2d324080adf8480d7ba5d"},"headline":"Estudiantes de Puerto Saavedra y Carahue comprendieron su rol en el cuidado del medioambiente","datePublished":"2014-07-21T04:00:00+00:00","dateModified":"2019-05-20T19:04:43+00:00","mainEntityOfPage":{"@id":"https:\/\/dev.explora.cl\/araucania\/estudiantes-de-puerto-saavedra-y-carahue-comprendieron-su-rol-en-el-cuidado-del-medioambiente\/"},"wordCount":529,"commentCount":0,"image":{"@id":"https:\/\/dev.explora.cl\/araucania\/estudiantes-de-puerto-saavedra-y-carahue-comprendieron-su-rol-en-el-cuidado-del-medioambiente\/#primaryimage"},"thumbnailUrl":"https:\/\/dev.explora.cl\/araucania\/wp-content\/uploads\/sites\/15\/2018\/06\/e38f1893a3d4af6eb485f76f71bffeb9.jpg","articleSection":["Noticias"],"inLanguage":"es-CL","potentialAction":[{"@type":"CommentAction","name":"Comment","target":["https:\/\/dev.explora.cl\/araucania\/estudiantes-de-puerto-saavedra-y-carahue-comprendieron-su-rol-en-el-cuidado-del-medioambiente\/#respond"]}]},{"@type":"WebPage","@id":"https:\/\/dev.explora.cl\/araucania\/estudiantes-de-puerto-saavedra-y-carahue-comprendieron-su-rol-en-el-cuidado-del-medioambiente\/","url":"https:\/\/dev.explora.cl\/araucania\/estudiantes-de-puerto-saavedra-y-carahue-comprendieron-su-rol-en-el-cuidado-del-medioambiente\/","name":"Estudiantes de Puerto Saavedra y Carahue comprendieron su rol en el cuidado del medioambiente - Araucan\u00eda","isPartOf":{"@id":"https:\/\/dev.explora.cl\/araucania\/#website"},"primaryImageOfPage":{"@id":"https:\/\/dev.explora.cl\/araucania\/estudiantes-de-puerto-saavedra-y-carahue-comprendieron-su-rol-en-el-cuidado-del-medioambiente\/#primaryimage"},"image":{"@id":"https:\/\/dev.explora.cl\/araucania\/estudiantes-de-puerto-saavedra-y-carahue-comprendieron-su-rol-en-el-cuidado-del-medioambiente\/#primaryimage"},"thumbnailUrl":"https:\/\/dev.explora.cl\/araucania\/wp-content\/uploads\/sites\/15\/2018\/06\/e38f1893a3d4af6eb485f76f71bffeb9.jpg","datePublished":"2014-07-21T04:00:00+00:00","dateModified":"2019-05-20T19:04:43+00:00","author":{"@id":"https:\/\/dev.explora.cl\/araucania\/#\/schema\/person\/cb8349c13ea2d324080adf8480d7ba5d"},"breadcrumb":{"@id":"https:\/\/dev.explora.cl\/araucania\/estudiantes-de-puerto-saavedra-y-carahue-comprendieron-su-rol-en-el-cuidado-del-medioambiente\/#breadcrumb"},"inLanguage":"es-CL","potentialAction":[{"@type":"ReadAction","target":["https:\/\/dev.explora.cl\/araucania\/estudiantes-de-puerto-saavedra-y-carahue-comprendieron-su-rol-en-el-cuidado-del-medioambiente\/"]}]},{"@type":"ImageObject","inLanguage":"es-CL","@id":"https:\/\/dev.explora.cl\/araucania\/estudiantes-de-puerto-saavedra-y-carahue-comprendieron-su-rol-en-el-cuidado-del-medioambiente\/#primaryimage","url":"https:\/\/dev.explora.cl\/araucania\/wp-content\/uploads\/sites\/15\/2018\/06\/e38f1893a3d4af6eb485f76f71bffeb9.jpg","contentUrl":"https:\/\/dev.explora.cl\/araucania\/wp-content\/uploads\/sites\/15\/2018\/06\/e38f1893a3d4af6eb485f76f71bffeb9.jpg","width":4320,"height":3240},{"@type":"BreadcrumbList","@id":"https:\/\/dev.explora.cl\/araucania\/estudiantes-de-puerto-saavedra-y-carahue-comprendieron-su-rol-en-el-cuidado-del-medioambiente\/#breadcrumb","itemListElement":[{"@type":"ListItem","position":1,"name":"Portada","item":"https:\/\/dev.explora.cl\/araucania\/"},{"@type":"ListItem","position":2,"name":"Estudiantes de Puerto Saavedra y Carahue comprendieron su rol en el cuidado del medioambiente"}]},{"@type":"WebSite","@id":"https:\/\/dev.explora.cl\/araucania\/#website","url":"https:\/\/dev.explora.cl\/araucania\/","name":"Araucan\u00eda","description":"Otro sitio m\u00e1s de dev.explora.cl","potentialAction":[{"@type":"SearchAction","target":{"@type":"EntryPoint","urlTemplate":"https:\/\/dev.explora.cl\/araucania\/?s={search_term_string}"},"query-input":{"@type":"PropertyValueSpecification","valueRequired":true,"valueName":"search_term_string"}}],"inLanguage":"es-CL"},{"@type":"Person","@id":"https:\/\/dev.explora.cl\/araucania\/#\/schema\/person\/cb8349c13ea2d324080adf8480d7ba5d","name":"webman","image":{"@type":"ImageObject","inLanguage":"es-CL","@id":"https:\/\/dev.explora.cl\/araucania\/#\/schema\/person\/image\/","url":"https:\/\/secure.gravatar.com\/avatar\/eeff3c82f2c02f7177d13663b7e6f890e9a6a0647ce9bb29cae02dcb094c7312?s=96&d=mm&r=g","contentUrl":"https:\/\/secure.gravatar.com\/avatar\/eeff3c82f2c02f7177d13663b7e6f890e9a6a0647ce9bb29cae02dcb094c7312?s=96&d=mm&r=g","caption":"webman"},"url":"https:\/\/dev.explora.cl\/araucania\/author\/webman\/"}]}},"_links":{"self":[{"href":"https:\/\/dev.explora.cl\/araucania\/wp-json\/wp\/v2\/posts\/223","targetHints":{"allow":["GET"]}}],"collection":[{"href":"https:\/\/dev.explora.cl\/araucania\/wp-json\/wp\/v2\/posts"}],"about":[{"href":"https:\/\/dev.explora.cl\/araucania\/wp-json\/wp\/v2\/types\/post"}],"author":[{"embeddable":true,"href":"https:\/\/dev.explora.cl\/araucania\/wp-json\/wp\/v2\/users\/2"}],"replies":[{"embeddable":true,"href":"https:\/\/dev.explora.cl\/araucania\/wp-json\/wp\/v2\/comments?post=223"}],"version-history":[{"count":1,"href":"https:\/\/dev.explora.cl\/araucania\/wp-json\/wp\/v2\/posts\/223\/revisions"}],"predecessor-version":[{"id":38509,"href":"https:\/\/dev.explora.cl\/araucania\/wp-json\/wp\/v2\/posts\/223\/revisions\/38509"}],"wp:featuredmedia":[{"embeddable":true,"href":"https:\/\/dev.explora.cl\/araucania\/wp-json\/wp\/v2\/media\/224"}],"wp:attachment":[{"href":"https:\/\/dev.explora.cl\/araucania\/wp-json\/wp\/v2\/media?parent=223"}],"wp:term":[{"taxonomy":"category","embeddable":true,"href":"https:\/\/dev.explora.cl\/araucania\/wp-json\/wp\/v2\/categories?post=223"},{"taxonomy":"post_tag","embeddable":true,"href":"https:\/\/dev.explora.cl\/araucania\/wp-json\/wp\/v2\/tags?post=223"}],"curies":[{"name":"wp","href":"https:\/\/api.w.org\/{rel}","templated":true}]}}