{"id":207,"date":"2014-07-11T00:00:00","date_gmt":"2014-07-11T04:00:00","guid":{"rendered":"https:\/\/dev.explora.cl\/araucania\/blog\/2014\/07\/11\/explora-conicyt-araucania-la-uc-temuco-y-conaf-celebran-el-dia-mundial-del-arbol\/"},"modified":"2019-05-20T19:11:32","modified_gmt":"2019-05-20T19:11:32","slug":"explora-conicyt-araucania-la-uc-temuco-y-conaf-celebran-el-dia-mundial-del-arbol","status":"publish","type":"post","link":"https:\/\/dev.explora.cl\/araucania\/explora-conicyt-araucania-la-uc-temuco-y-conaf-celebran-el-dia-mundial-del-arbol\/","title":{"rendered":"Proyecto EXPLORA CONICYT Araucan\u00eda, la UC Temuco y CONAF celebran el D\u00eda Mundial del \u00c1rbol"},"content":{"rendered":"<p><img loading=\"lazy\" decoding=\"async\" class=\" size-full wp-image-3933\" src=\"http:\/\/ec2-34-218-253-251.us-west-2.compute.amazonaws.com\/wp-content\/uploads\/2014\/07\/5b5c10f7fe06d31e77fe35c202238a79.jpg\" alt=\"\" width=\"3008\" height=\"2000\" \/><\/p>\n<p>Con el fin de conmemorar el D\u00eda Mundial del \u00c1rbol y crear conciencia en la comunidad respecto a la importancia de su cuidado, la Universidad Cat\u00f3lica de Temuco, con la colaboraci\u00f3n de CONAF y el Proyecto Asociativo Regional EXPLORA CONICYT Araucan\u00eda, llevaron a cabo una atractiva exposici\u00f3n en la Plaza An\u00edbal Pinto, en la que participaron cientos de personas que transitaban por el centro de Temuco.<\/p>\n<p>En la ocasi\u00f3n, parte del equipo del Proyecto EXPLORA CONICYT Araucan\u00eda, ejecutado por la Universidad de La Frontera (Ufro), inform\u00f3 sobre el quehacer y proyecciones de la iniciativa regional en uno de los stands, ocasi\u00f3n en la que adem\u00e1s se hizo entrega de atractivo material did\u00e1ctico a los asistentes.<\/p>\n<p>Adem\u00e1s, CONAF obsequi\u00f3 cientos de \u00e1rboles nativos a la comunidad, con el compromiso de plantarlos; asimismo, se dio a conocer sobre esta conmemoraci\u00f3n y se entreg\u00f3 informaci\u00f3n acerca de plantas y \u00e1rboles.<\/p>\n<p>En tanto, la Universidad Cat\u00f3lica de Temuco exhibi\u00f3 su Atlas Itinerante, mostrando did\u00e1cticamente la ubicaci\u00f3n de las comunas de la regi\u00f3n a trav\u00e9s de un puzzle gigante.<\/p>\n<p>Cabe se\u00f1alar que la celebraci\u00f3n del D\u00eda Mundial del \u00c1rbol se lleva a cabo desde 1840, con el objetivo de crear conciencia ante la importancia que tienen los recursos forestales y promover el compromiso por el cuidado de los \u00e1rboles en la ciudadan\u00eda.<\/p>\n<p>Periodista: Mar\u00eda Cecilia Mu\u00f1oz Concha.<\/p>\n","protected":false},"excerpt":{"rendered":"<p>Con el fin de conmemorar el D\u00eda Mundial del \u00c1rbol y crear conciencia en la comunidad respecto a la importancia de su cuidado, la Universidad Cat\u00f3lica de Temuco, con la colaboraci\u00f3n de CONAF y el Proyecto Asociativo Regional EXPLORA CONICYT Araucan\u00eda, llevaron a cabo una atractiva exposici\u00f3n en la Plaza An\u00edbal Pinto, en la que [&hellip;]<\/p>\n","protected":false},"author":2,"featured_media":208,"comment_status":"open","ping_status":"open","sticky":false,"template":"","format":"standard","meta":{"_acf_changed":false,"_exactmetrics_skip_tracking":false,"_exactmetrics_sitenote_active":false,"_exactmetrics_sitenote_note":"","_exactmetrics_sitenote_category":0,"footnotes":"","_links_to":"","_links_to_target":""},"categories":[4],"tags":[],"class_list":["post-207","post","type-post","status-publish","format-standard","has-post-thumbnail","hentry","category-noticias"],"acf":[],"yoast_head":"<!-- This site is optimized with the Yoast SEO plugin v26.7 - https:\/\/yoast.com\/wordpress\/plugins\/seo\/ -->\n<title>Proyecto EXPLORA CONICYT Araucan\u00eda, la UC Temuco y CONAF celebran el D\u00eda Mundial del \u00c1rbol - Araucan\u00eda<\/title>\n<meta name=\"robots\" content=\"index, follow, max-snippet:-1, max-image-preview:large, max-video-preview:-1\" \/>\n<link rel=\"canonical\" href=\"https:\/\/dev.explora.cl\/araucania\/explora-conicyt-araucania-la-uc-temuco-y-conaf-celebran-el-dia-mundial-del-arbol\/\" class=\"yoast-seo-meta-tag\" \/>\n<meta property=\"og:locale\" content=\"es_ES\" class=\"yoast-seo-meta-tag\" \/>\n<meta property=\"og:type\" content=\"article\" class=\"yoast-seo-meta-tag\" \/>\n<meta property=\"og:title\" content=\"Proyecto EXPLORA CONICYT Araucan\u00eda, la UC Temuco y CONAF celebran el D\u00eda Mundial del \u00c1rbol - Araucan\u00eda\" class=\"yoast-seo-meta-tag\" \/>\n<meta property=\"og:description\" content=\"Con el fin de conmemorar el D\u00eda Mundial del \u00c1rbol y crear conciencia en la comunidad respecto a la importancia de su cuidado, la Universidad Cat\u00f3lica de Temuco, con la colaboraci\u00f3n de CONAF y el Proyecto Asociativo Regional EXPLORA CONICYT Araucan\u00eda, llevaron a cabo una atractiva exposici\u00f3n en la Plaza An\u00edbal Pinto, en la que [&hellip;]\" class=\"yoast-seo-meta-tag\" \/>\n<meta property=\"og:url\" content=\"https:\/\/dev.explora.cl\/araucania\/explora-conicyt-araucania-la-uc-temuco-y-conaf-celebran-el-dia-mundial-del-arbol\/\" class=\"yoast-seo-meta-tag\" \/>\n<meta property=\"og:site_name\" content=\"Araucan\u00eda\" class=\"yoast-seo-meta-tag\" \/>\n<meta property=\"article:published_time\" content=\"2014-07-11T04:00:00+00:00\" class=\"yoast-seo-meta-tag\" \/>\n<meta property=\"article:modified_time\" content=\"2019-05-20T19:11:32+00:00\" class=\"yoast-seo-meta-tag\" \/>\n<meta property=\"og:image\" content=\"https:\/\/dev.explora.cl\/araucania\/wp-content\/uploads\/sites\/15\/2018\/06\/5b5c10f7fe06d31e77fe35c202238a79-1024x681.jpg\" class=\"yoast-seo-meta-tag\" \/>\n\t<meta property=\"og:image:width\" content=\"1024\" class=\"yoast-seo-meta-tag\" \/>\n\t<meta property=\"og:image:height\" content=\"681\" class=\"yoast-seo-meta-tag\" \/>\n\t<meta property=\"og:image:type\" content=\"image\/jpeg\" class=\"yoast-seo-meta-tag\" \/>\n<meta name=\"author\" content=\"webman\" class=\"yoast-seo-meta-tag\" \/>\n<meta name=\"twitter:card\" content=\"summary_large_image\" class=\"yoast-seo-meta-tag\" \/>\n<meta name=\"twitter:label1\" content=\"Escrito por\" class=\"yoast-seo-meta-tag\" \/>\n\t<meta name=\"twitter:data1\" content=\"webman\" class=\"yoast-seo-meta-tag\" \/>\n\t<meta name=\"twitter:label2\" content=\"Tiempo estimado de lectura\" class=\"yoast-seo-meta-tag\" \/>\n\t<meta name=\"twitter:data2\" content=\"1 minuto\" class=\"yoast-seo-meta-tag\" \/>\n<script type=\"application\/ld+json\" class=\"yoast-schema-graph\">{\"@context\":\"https:\/\/schema.org\",\"@graph\":[{\"@type\":\"Article\",\"@id\":\"https:\/\/dev.explora.cl\/araucania\/explora-conicyt-araucania-la-uc-temuco-y-conaf-celebran-el-dia-mundial-del-arbol\/#article\",\"isPartOf\":{\"@id\":\"https:\/\/dev.explora.cl\/araucania\/explora-conicyt-araucania-la-uc-temuco-y-conaf-celebran-el-dia-mundial-del-arbol\/\"},\"author\":{\"name\":\"webman\",\"@id\":\"https:\/\/dev.explora.cl\/araucania\/#\/schema\/person\/cb8349c13ea2d324080adf8480d7ba5d\"},\"headline\":\"Proyecto EXPLORA CONICYT Araucan\u00eda, la UC Temuco y CONAF celebran el D\u00eda Mundial del \u00c1rbol\",\"datePublished\":\"2014-07-11T04:00:00+00:00\",\"dateModified\":\"2019-05-20T19:11:32+00:00\",\"mainEntityOfPage\":{\"@id\":\"https:\/\/dev.explora.cl\/araucania\/explora-conicyt-araucania-la-uc-temuco-y-conaf-celebran-el-dia-mundial-del-arbol\/\"},\"wordCount\":263,\"commentCount\":0,\"image\":{\"@id\":\"https:\/\/dev.explora.cl\/araucania\/explora-conicyt-araucania-la-uc-temuco-y-conaf-celebran-el-dia-mundial-del-arbol\/#primaryimage\"},\"thumbnailUrl\":\"https:\/\/dev.explora.cl\/araucania\/wp-content\/uploads\/sites\/15\/2018\/06\/5b5c10f7fe06d31e77fe35c202238a79.jpg\",\"articleSection\":[\"Noticias\"],\"inLanguage\":\"es-CL\",\"potentialAction\":[{\"@type\":\"CommentAction\",\"name\":\"Comment\",\"target\":[\"https:\/\/dev.explora.cl\/araucania\/explora-conicyt-araucania-la-uc-temuco-y-conaf-celebran-el-dia-mundial-del-arbol\/#respond\"]}]},{\"@type\":\"WebPage\",\"@id\":\"https:\/\/dev.explora.cl\/araucania\/explora-conicyt-araucania-la-uc-temuco-y-conaf-celebran-el-dia-mundial-del-arbol\/\",\"url\":\"https:\/\/dev.explora.cl\/araucania\/explora-conicyt-araucania-la-uc-temuco-y-conaf-celebran-el-dia-mundial-del-arbol\/\",\"name\":\"Proyecto EXPLORA CONICYT Araucan\u00eda, la UC Temuco y CONAF celebran el D\u00eda Mundial del \u00c1rbol - Araucan\u00eda\",\"isPartOf\":{\"@id\":\"https:\/\/dev.explora.cl\/araucania\/#website\"},\"primaryImageOfPage\":{\"@id\":\"https:\/\/dev.explora.cl\/araucania\/explora-conicyt-araucania-la-uc-temuco-y-conaf-celebran-el-dia-mundial-del-arbol\/#primaryimage\"},\"image\":{\"@id\":\"https:\/\/dev.explora.cl\/araucania\/explora-conicyt-araucania-la-uc-temuco-y-conaf-celebran-el-dia-mundial-del-arbol\/#primaryimage\"},\"thumbnailUrl\":\"https:\/\/dev.explora.cl\/araucania\/wp-content\/uploads\/sites\/15\/2018\/06\/5b5c10f7fe06d31e77fe35c202238a79.jpg\",\"datePublished\":\"2014-07-11T04:00:00+00:00\",\"dateModified\":\"2019-05-20T19:11:32+00:00\",\"author\":{\"@id\":\"https:\/\/dev.explora.cl\/araucania\/#\/schema\/person\/cb8349c13ea2d324080adf8480d7ba5d\"},\"breadcrumb\":{\"@id\":\"https:\/\/dev.explora.cl\/araucania\/explora-conicyt-araucania-la-uc-temuco-y-conaf-celebran-el-dia-mundial-del-arbol\/#breadcrumb\"},\"inLanguage\":\"es-CL\",\"potentialAction\":[{\"@type\":\"ReadAction\",\"target\":[\"https:\/\/dev.explora.cl\/araucania\/explora-conicyt-araucania-la-uc-temuco-y-conaf-celebran-el-dia-mundial-del-arbol\/\"]}]},{\"@type\":\"ImageObject\",\"inLanguage\":\"es-CL\",\"@id\":\"https:\/\/dev.explora.cl\/araucania\/explora-conicyt-araucania-la-uc-temuco-y-conaf-celebran-el-dia-mundial-del-arbol\/#primaryimage\",\"url\":\"https:\/\/dev.explora.cl\/araucania\/wp-content\/uploads\/sites\/15\/2018\/06\/5b5c10f7fe06d31e77fe35c202238a79.jpg\",\"contentUrl\":\"https:\/\/dev.explora.cl\/araucania\/wp-content\/uploads\/sites\/15\/2018\/06\/5b5c10f7fe06d31e77fe35c202238a79.jpg\",\"width\":3008,\"height\":2000},{\"@type\":\"BreadcrumbList\",\"@id\":\"https:\/\/dev.explora.cl\/araucania\/explora-conicyt-araucania-la-uc-temuco-y-conaf-celebran-el-dia-mundial-del-arbol\/#breadcrumb\",\"itemListElement\":[{\"@type\":\"ListItem\",\"position\":1,\"name\":\"Portada\",\"item\":\"https:\/\/dev.explora.cl\/araucania\/\"},{\"@type\":\"ListItem\",\"position\":2,\"name\":\"Proyecto EXPLORA CONICYT Araucan\u00eda, la UC Temuco y CONAF celebran el D\u00eda Mundial del \u00c1rbol\"}]},{\"@type\":\"WebSite\",\"@id\":\"https:\/\/dev.explora.cl\/araucania\/#website\",\"url\":\"https:\/\/dev.explora.cl\/araucania\/\",\"name\":\"Araucan\u00eda\",\"description\":\"Otro sitio m\u00e1s de dev.explora.cl\",\"potentialAction\":[{\"@type\":\"SearchAction\",\"target\":{\"@type\":\"EntryPoint\",\"urlTemplate\":\"https:\/\/dev.explora.cl\/araucania\/?s={search_term_string}\"},\"query-input\":{\"@type\":\"PropertyValueSpecification\",\"valueRequired\":true,\"valueName\":\"search_term_string\"}}],\"inLanguage\":\"es-CL\"},{\"@type\":\"Person\",\"@id\":\"https:\/\/dev.explora.cl\/araucania\/#\/schema\/person\/cb8349c13ea2d324080adf8480d7ba5d\",\"name\":\"webman\",\"image\":{\"@type\":\"ImageObject\",\"inLanguage\":\"es-CL\",\"@id\":\"https:\/\/dev.explora.cl\/araucania\/#\/schema\/person\/image\/\",\"url\":\"https:\/\/secure.gravatar.com\/avatar\/eeff3c82f2c02f7177d13663b7e6f890e9a6a0647ce9bb29cae02dcb094c7312?s=96&d=mm&r=g\",\"contentUrl\":\"https:\/\/secure.gravatar.com\/avatar\/eeff3c82f2c02f7177d13663b7e6f890e9a6a0647ce9bb29cae02dcb094c7312?s=96&d=mm&r=g\",\"caption\":\"webman\"},\"url\":\"https:\/\/dev.explora.cl\/araucania\/author\/webman\/\"}]}<\/script>\n<!-- \/ Yoast SEO plugin. -->","yoast_head_json":{"title":"Proyecto EXPLORA CONICYT Araucan\u00eda, la UC Temuco y CONAF celebran el D\u00eda Mundial del \u00c1rbol - Araucan\u00eda","robots":{"index":"index","follow":"follow","max-snippet":"max-snippet:-1","max-image-preview":"max-image-preview:large","max-video-preview":"max-video-preview:-1"},"canonical":"https:\/\/dev.explora.cl\/araucania\/explora-conicyt-araucania-la-uc-temuco-y-conaf-celebran-el-dia-mundial-del-arbol\/","og_locale":"es_ES","og_type":"article","og_title":"Proyecto EXPLORA CONICYT Araucan\u00eda, la UC Temuco y CONAF celebran el D\u00eda Mundial del \u00c1rbol - Araucan\u00eda","og_description":"Con el fin de conmemorar el D\u00eda Mundial del \u00c1rbol y crear conciencia en la comunidad respecto a la importancia de su cuidado, la Universidad Cat\u00f3lica de Temuco, con la colaboraci\u00f3n de CONAF y el Proyecto Asociativo Regional EXPLORA CONICYT Araucan\u00eda, llevaron a cabo una atractiva exposici\u00f3n en la Plaza An\u00edbal Pinto, en la que [&hellip;]","og_url":"https:\/\/dev.explora.cl\/araucania\/explora-conicyt-araucania-la-uc-temuco-y-conaf-celebran-el-dia-mundial-del-arbol\/","og_site_name":"Araucan\u00eda","article_published_time":"2014-07-11T04:00:00+00:00","article_modified_time":"2019-05-20T19:11:32+00:00","og_image":[{"width":1024,"height":681,"url":"https:\/\/dev.explora.cl\/araucania\/wp-content\/uploads\/sites\/15\/2018\/06\/5b5c10f7fe06d31e77fe35c202238a79-1024x681.jpg","type":"image\/jpeg"}],"author":"webman","twitter_card":"summary_large_image","twitter_misc":{"Escrito por":"webman","Tiempo estimado de lectura":"1 minuto"},"schema":{"@context":"https:\/\/schema.org","@graph":[{"@type":"Article","@id":"https:\/\/dev.explora.cl\/araucania\/explora-conicyt-araucania-la-uc-temuco-y-conaf-celebran-el-dia-mundial-del-arbol\/#article","isPartOf":{"@id":"https:\/\/dev.explora.cl\/araucania\/explora-conicyt-araucania-la-uc-temuco-y-conaf-celebran-el-dia-mundial-del-arbol\/"},"author":{"name":"webman","@id":"https:\/\/dev.explora.cl\/araucania\/#\/schema\/person\/cb8349c13ea2d324080adf8480d7ba5d"},"headline":"Proyecto EXPLORA CONICYT Araucan\u00eda, la UC Temuco y CONAF celebran el D\u00eda Mundial del \u00c1rbol","datePublished":"2014-07-11T04:00:00+00:00","dateModified":"2019-05-20T19:11:32+00:00","mainEntityOfPage":{"@id":"https:\/\/dev.explora.cl\/araucania\/explora-conicyt-araucania-la-uc-temuco-y-conaf-celebran-el-dia-mundial-del-arbol\/"},"wordCount":263,"commentCount":0,"image":{"@id":"https:\/\/dev.explora.cl\/araucania\/explora-conicyt-araucania-la-uc-temuco-y-conaf-celebran-el-dia-mundial-del-arbol\/#primaryimage"},"thumbnailUrl":"https:\/\/dev.explora.cl\/araucania\/wp-content\/uploads\/sites\/15\/2018\/06\/5b5c10f7fe06d31e77fe35c202238a79.jpg","articleSection":["Noticias"],"inLanguage":"es-CL","potentialAction":[{"@type":"CommentAction","name":"Comment","target":["https:\/\/dev.explora.cl\/araucania\/explora-conicyt-araucania-la-uc-temuco-y-conaf-celebran-el-dia-mundial-del-arbol\/#respond"]}]},{"@type":"WebPage","@id":"https:\/\/dev.explora.cl\/araucania\/explora-conicyt-araucania-la-uc-temuco-y-conaf-celebran-el-dia-mundial-del-arbol\/","url":"https:\/\/dev.explora.cl\/araucania\/explora-conicyt-araucania-la-uc-temuco-y-conaf-celebran-el-dia-mundial-del-arbol\/","name":"Proyecto EXPLORA CONICYT Araucan\u00eda, la UC Temuco y CONAF celebran el D\u00eda Mundial del \u00c1rbol - Araucan\u00eda","isPartOf":{"@id":"https:\/\/dev.explora.cl\/araucania\/#website"},"primaryImageOfPage":{"@id":"https:\/\/dev.explora.cl\/araucania\/explora-conicyt-araucania-la-uc-temuco-y-conaf-celebran-el-dia-mundial-del-arbol\/#primaryimage"},"image":{"@id":"https:\/\/dev.explora.cl\/araucania\/explora-conicyt-araucania-la-uc-temuco-y-conaf-celebran-el-dia-mundial-del-arbol\/#primaryimage"},"thumbnailUrl":"https:\/\/dev.explora.cl\/araucania\/wp-content\/uploads\/sites\/15\/2018\/06\/5b5c10f7fe06d31e77fe35c202238a79.jpg","datePublished":"2014-07-11T04:00:00+00:00","dateModified":"2019-05-20T19:11:32+00:00","author":{"@id":"https:\/\/dev.explora.cl\/araucania\/#\/schema\/person\/cb8349c13ea2d324080adf8480d7ba5d"},"breadcrumb":{"@id":"https:\/\/dev.explora.cl\/araucania\/explora-conicyt-araucania-la-uc-temuco-y-conaf-celebran-el-dia-mundial-del-arbol\/#breadcrumb"},"inLanguage":"es-CL","potentialAction":[{"@type":"ReadAction","target":["https:\/\/dev.explora.cl\/araucania\/explora-conicyt-araucania-la-uc-temuco-y-conaf-celebran-el-dia-mundial-del-arbol\/"]}]},{"@type":"ImageObject","inLanguage":"es-CL","@id":"https:\/\/dev.explora.cl\/araucania\/explora-conicyt-araucania-la-uc-temuco-y-conaf-celebran-el-dia-mundial-del-arbol\/#primaryimage","url":"https:\/\/dev.explora.cl\/araucania\/wp-content\/uploads\/sites\/15\/2018\/06\/5b5c10f7fe06d31e77fe35c202238a79.jpg","contentUrl":"https:\/\/dev.explora.cl\/araucania\/wp-content\/uploads\/sites\/15\/2018\/06\/5b5c10f7fe06d31e77fe35c202238a79.jpg","width":3008,"height":2000},{"@type":"BreadcrumbList","@id":"https:\/\/dev.explora.cl\/araucania\/explora-conicyt-araucania-la-uc-temuco-y-conaf-celebran-el-dia-mundial-del-arbol\/#breadcrumb","itemListElement":[{"@type":"ListItem","position":1,"name":"Portada","item":"https:\/\/dev.explora.cl\/araucania\/"},{"@type":"ListItem","position":2,"name":"Proyecto EXPLORA CONICYT Araucan\u00eda, la UC Temuco y CONAF celebran el D\u00eda Mundial del \u00c1rbol"}]},{"@type":"WebSite","@id":"https:\/\/dev.explora.cl\/araucania\/#website","url":"https:\/\/dev.explora.cl\/araucania\/","name":"Araucan\u00eda","description":"Otro sitio m\u00e1s de dev.explora.cl","potentialAction":[{"@type":"SearchAction","target":{"@type":"EntryPoint","urlTemplate":"https:\/\/dev.explora.cl\/araucania\/?s={search_term_string}"},"query-input":{"@type":"PropertyValueSpecification","valueRequired":true,"valueName":"search_term_string"}}],"inLanguage":"es-CL"},{"@type":"Person","@id":"https:\/\/dev.explora.cl\/araucania\/#\/schema\/person\/cb8349c13ea2d324080adf8480d7ba5d","name":"webman","image":{"@type":"ImageObject","inLanguage":"es-CL","@id":"https:\/\/dev.explora.cl\/araucania\/#\/schema\/person\/image\/","url":"https:\/\/secure.gravatar.com\/avatar\/eeff3c82f2c02f7177d13663b7e6f890e9a6a0647ce9bb29cae02dcb094c7312?s=96&d=mm&r=g","contentUrl":"https:\/\/secure.gravatar.com\/avatar\/eeff3c82f2c02f7177d13663b7e6f890e9a6a0647ce9bb29cae02dcb094c7312?s=96&d=mm&r=g","caption":"webman"},"url":"https:\/\/dev.explora.cl\/araucania\/author\/webman\/"}]}},"_links":{"self":[{"href":"https:\/\/dev.explora.cl\/araucania\/wp-json\/wp\/v2\/posts\/207","targetHints":{"allow":["GET"]}}],"collection":[{"href":"https:\/\/dev.explora.cl\/araucania\/wp-json\/wp\/v2\/posts"}],"about":[{"href":"https:\/\/dev.explora.cl\/araucania\/wp-json\/wp\/v2\/types\/post"}],"author":[{"embeddable":true,"href":"https:\/\/dev.explora.cl\/araucania\/wp-json\/wp\/v2\/users\/2"}],"replies":[{"embeddable":true,"href":"https:\/\/dev.explora.cl\/araucania\/wp-json\/wp\/v2\/comments?post=207"}],"version-history":[{"count":1,"href":"https:\/\/dev.explora.cl\/araucania\/wp-json\/wp\/v2\/posts\/207\/revisions"}],"predecessor-version":[{"id":38515,"href":"https:\/\/dev.explora.cl\/araucania\/wp-json\/wp\/v2\/posts\/207\/revisions\/38515"}],"wp:featuredmedia":[{"embeddable":true,"href":"https:\/\/dev.explora.cl\/araucania\/wp-json\/wp\/v2\/media\/208"}],"wp:attachment":[{"href":"https:\/\/dev.explora.cl\/araucania\/wp-json\/wp\/v2\/media?parent=207"}],"wp:term":[{"taxonomy":"category","embeddable":true,"href":"https:\/\/dev.explora.cl\/araucania\/wp-json\/wp\/v2\/categories?post=207"},{"taxonomy":"post_tag","embeddable":true,"href":"https:\/\/dev.explora.cl\/araucania\/wp-json\/wp\/v2\/tags?post=207"}],"curies":[{"name":"wp","href":"https:\/\/api.w.org\/{rel}","templated":true}]}}