{"id":199,"date":"2014-07-10T00:00:00","date_gmt":"2014-07-10T04:00:00","guid":{"rendered":"https:\/\/dev.explora.cl\/araucania\/blog\/2014\/07\/10\/jovenes-del-liceo-tecnologico-de-la-araucania-aprenden-sobre-pavimentos-con-charla-de-estudiantes-de-la-ufro\/"},"modified":"2019-05-20T19:11:32","modified_gmt":"2019-05-20T19:11:32","slug":"jovenes-del-liceo-tecnologico-de-la-araucania-aprenden-sobre-pavimentos-con-charla-de-estudiantes-de-la-ufro","status":"publish","type":"post","link":"https:\/\/dev.explora.cl\/araucania\/jovenes-del-liceo-tecnologico-de-la-araucania-aprenden-sobre-pavimentos-con-charla-de-estudiantes-de-la-ufro\/","title":{"rendered":"J\u00f3venes del Liceo Tecnol\u00f3gico de La Araucan\u00eda aprenden sobre pavimentos con charla de estudiantes de la UFRO"},"content":{"rendered":"<p><img loading=\"lazy\" decoding=\"async\" class=\" size-full wp-image-3909\" src=\"http:\/\/ec2-34-218-253-251.us-west-2.compute.amazonaws.com\/wp-content\/uploads\/2014\/07\/69e3c2c305f5aaa5651d53fb892f631f.jpg\" alt=\"\" width=\"4320\" height=\"3240\" \/><\/p>\n<p>&#8220;Lo que esconden los pavimentos&#8221; fue el t\u00edtulo de la charla que expuso Carol Ar\u00e9valo y Luis Mardones, dos estudiantes de la Universidad de La Frontera, con el apoyo del acad\u00e9mico Dr. Gonzalo Vald\u00e9s, quienes cerca de una hora conversaron y recalcaron la importancia de una buena construcci\u00f3n de suelo a los cerca de cuarenta estudiantes del Liceo Tecnol\u00f3gico de La Araucan\u00eda.<\/p>\n<p>La charla, organizada por el Proyecto EXPLORA CONICYT Regi\u00f3n de La Araucan\u00eda, ejecutado por la Universidad de La Frontera, permiti\u00f3 potenciar el conocimiento en tem\u00e1ticas de construcci\u00f3n e incentivar al estudio de esta materia en los j\u00f3venes liceanos, quienes aprendieron los tipos de pavimentos que existen, los ensayos implicados para ser evaluados y qu\u00e9 beneficios tienen para los usuarios de nuestra regi\u00f3n. Adem\u00e1s, se mostr\u00f3 distintos tipos de pavimentos en estructura, formas, peso, etc., exhibici\u00f3n que capt\u00f3 la atenci\u00f3n de los j\u00f3venes.<\/p>\n<p>Los profesores del liceo y sus alumnos dialogaron extendidamente sobre los problemas que tienen las calles de nuestra regi\u00f3n y cu\u00e1les pueden ser las mejores formas de solucionarlos. La jornada finaliz\u00f3 con la entrega de distintos puntos de vista en un debate que produjo m\u00e1s cercan\u00eda que una charla normal.<\/p>\n<p><img loading=\"lazy\" decoding=\"async\" class=\" alignleft size-full wp-image-3910\" src=\"http:\/\/ec2-34-218-253-251.us-west-2.compute.amazonaws.com\/wp-content\/uploads\/2014\/07\/Charla-construccin-2014-1.jpg\" border=\"0\" alt=\"\" align=\"left\" width=\"90\" height=\"90\" \/>&#8220;Me pareci\u00f3 interesante y novedosa, ya que siento que logra provocar cierto inter\u00e9s en los alumnos por estudiar esta carrera; gracias a charlas as\u00ed uno se motiva a estudiar ingenier\u00eda. Me llam\u00f3 mucho la atenci\u00f3n los estudiantes de la UFRO, lo bien preparados que estaban y todo el conocimiento que nos aportaron&#8221;.<\/p>\n<p>Hugo Jara, alumno de tercer a\u00f1o medio.<\/p>\n<p>\u00a0<\/p>\n<p><img loading=\"lazy\" decoding=\"async\" class=\" alignleft size-full wp-image-3911\" src=\"http:\/\/ec2-34-218-253-251.us-west-2.compute.amazonaws.com\/wp-content\/uploads\/2014\/07\/Charla-construccin-2014-2.jpg\" border=\"0\" alt=\"\" align=\"left\" width=\"90\" height=\"90\" \/><span style=\"line-height: 1.3em\">&#8220;Encontr\u00e9 la charla buena, porque nos puede ayudar en el futuro para los nuevos aprendizajes no s\u00f3lo a m\u00ed, sino que al resto de mis compa\u00f1eros. Lo que m\u00e1s me llam\u00f3 la atenci\u00f3n fue la flexibilidad del asfalto. Siento que aprend\u00ed bastantes cosas que no sab\u00eda y me motiva m\u00e1s a estudiar Ingenier\u00eda en Construcci\u00f3n Civil en la universidad&#8221;.<\/span><\/p>\n<p>Alan Lipian, alumna de tercer a\u00f1o medio.<\/p>\n<p style=\"text-align: center\"><a href=\"https:\/\/www.facebook.com\/media\/set\/?set=a.1501471070070940.1073741966.1388936647991050&amp;type=1\" target=\"_blank\" rel=\"noopener noreferrer\">Haz click aqu\u00ed para ver la galer\u00eda de im\u00e1genes<\/a><\/p>\n<p style=\"text-align: justify\">Periodista: Javier Gajardo y Catalina Hern\u00e1ndez.<\/p>\n<p>\u00a0<\/p>\n","protected":false},"excerpt":{"rendered":"<p>&#8220;Lo que esconden los pavimentos&#8221; fue el t\u00edtulo de la charla que expuso Carol Ar\u00e9valo y Luis Mardones, dos estudiantes de la Universidad de La Frontera, con el apoyo del acad\u00e9mico Dr. Gonzalo Vald\u00e9s, quienes cerca de una hora conversaron y recalcaron la importancia de una buena construcci\u00f3n de suelo a los cerca de cuarenta [&hellip;]<\/p>\n","protected":false},"author":2,"featured_media":200,"comment_status":"open","ping_status":"open","sticky":false,"template":"","format":"standard","meta":{"_acf_changed":false,"_exactmetrics_skip_tracking":false,"_exactmetrics_sitenote_active":false,"_exactmetrics_sitenote_note":"","_exactmetrics_sitenote_category":0,"footnotes":"","_links_to":"","_links_to_target":""},"categories":[4],"tags":[],"class_list":["post-199","post","type-post","status-publish","format-standard","has-post-thumbnail","hentry","category-noticias"],"acf":[],"yoast_head":"<!-- This site is optimized with the Yoast SEO plugin v26.7 - https:\/\/yoast.com\/wordpress\/plugins\/seo\/ -->\n<title>J\u00f3venes del Liceo Tecnol\u00f3gico de La Araucan\u00eda aprenden sobre pavimentos con charla de estudiantes de la UFRO - Araucan\u00eda<\/title>\n<meta name=\"robots\" content=\"index, follow, max-snippet:-1, max-image-preview:large, max-video-preview:-1\" \/>\n<link rel=\"canonical\" href=\"https:\/\/dev.explora.cl\/araucania\/jovenes-del-liceo-tecnologico-de-la-araucania-aprenden-sobre-pavimentos-con-charla-de-estudiantes-de-la-ufro\/\" class=\"yoast-seo-meta-tag\" \/>\n<meta property=\"og:locale\" content=\"es_ES\" class=\"yoast-seo-meta-tag\" \/>\n<meta property=\"og:type\" content=\"article\" class=\"yoast-seo-meta-tag\" \/>\n<meta property=\"og:title\" content=\"J\u00f3venes del Liceo Tecnol\u00f3gico de La Araucan\u00eda aprenden sobre pavimentos con charla de estudiantes de la UFRO - Araucan\u00eda\" class=\"yoast-seo-meta-tag\" \/>\n<meta property=\"og:description\" content=\"&#8220;Lo que esconden los pavimentos&#8221; fue el t\u00edtulo de la charla que expuso Carol Ar\u00e9valo y Luis Mardones, dos estudiantes de la Universidad de La Frontera, con el apoyo del acad\u00e9mico Dr. Gonzalo Vald\u00e9s, quienes cerca de una hora conversaron y recalcaron la importancia de una buena construcci\u00f3n de suelo a los cerca de cuarenta [&hellip;]\" class=\"yoast-seo-meta-tag\" \/>\n<meta property=\"og:url\" content=\"https:\/\/dev.explora.cl\/araucania\/jovenes-del-liceo-tecnologico-de-la-araucania-aprenden-sobre-pavimentos-con-charla-de-estudiantes-de-la-ufro\/\" class=\"yoast-seo-meta-tag\" \/>\n<meta property=\"og:site_name\" content=\"Araucan\u00eda\" class=\"yoast-seo-meta-tag\" \/>\n<meta property=\"article:published_time\" content=\"2014-07-10T04:00:00+00:00\" class=\"yoast-seo-meta-tag\" \/>\n<meta property=\"article:modified_time\" content=\"2019-05-20T19:11:32+00:00\" class=\"yoast-seo-meta-tag\" \/>\n<meta property=\"og:image\" content=\"https:\/\/dev.explora.cl\/araucania\/wp-content\/uploads\/sites\/15\/2018\/06\/69e3c2c305f5aaa5651d53fb892f631f-1024x768.jpg\" class=\"yoast-seo-meta-tag\" \/>\n\t<meta property=\"og:image:width\" content=\"1024\" class=\"yoast-seo-meta-tag\" \/>\n\t<meta property=\"og:image:height\" content=\"768\" class=\"yoast-seo-meta-tag\" \/>\n\t<meta property=\"og:image:type\" content=\"image\/jpeg\" class=\"yoast-seo-meta-tag\" \/>\n<meta name=\"author\" content=\"webman\" class=\"yoast-seo-meta-tag\" \/>\n<meta name=\"twitter:card\" content=\"summary_large_image\" class=\"yoast-seo-meta-tag\" \/>\n<meta name=\"twitter:label1\" content=\"Escrito por\" class=\"yoast-seo-meta-tag\" \/>\n\t<meta name=\"twitter:data1\" content=\"webman\" class=\"yoast-seo-meta-tag\" \/>\n\t<meta name=\"twitter:label2\" content=\"Tiempo estimado de lectura\" class=\"yoast-seo-meta-tag\" \/>\n\t<meta name=\"twitter:data2\" content=\"2 minutos\" class=\"yoast-seo-meta-tag\" \/>\n<script type=\"application\/ld+json\" class=\"yoast-schema-graph\">{\"@context\":\"https:\/\/schema.org\",\"@graph\":[{\"@type\":\"Article\",\"@id\":\"https:\/\/dev.explora.cl\/araucania\/jovenes-del-liceo-tecnologico-de-la-araucania-aprenden-sobre-pavimentos-con-charla-de-estudiantes-de-la-ufro\/#article\",\"isPartOf\":{\"@id\":\"https:\/\/dev.explora.cl\/araucania\/jovenes-del-liceo-tecnologico-de-la-araucania-aprenden-sobre-pavimentos-con-charla-de-estudiantes-de-la-ufro\/\"},\"author\":{\"name\":\"webman\",\"@id\":\"https:\/\/dev.explora.cl\/araucania\/#\/schema\/person\/cb8349c13ea2d324080adf8480d7ba5d\"},\"headline\":\"J\u00f3venes del Liceo Tecnol\u00f3gico de La Araucan\u00eda aprenden sobre pavimentos con charla de estudiantes de la UFRO\",\"datePublished\":\"2014-07-10T04:00:00+00:00\",\"dateModified\":\"2019-05-20T19:11:32+00:00\",\"mainEntityOfPage\":{\"@id\":\"https:\/\/dev.explora.cl\/araucania\/jovenes-del-liceo-tecnologico-de-la-araucania-aprenden-sobre-pavimentos-con-charla-de-estudiantes-de-la-ufro\/\"},\"wordCount\":391,\"commentCount\":0,\"image\":{\"@id\":\"https:\/\/dev.explora.cl\/araucania\/jovenes-del-liceo-tecnologico-de-la-araucania-aprenden-sobre-pavimentos-con-charla-de-estudiantes-de-la-ufro\/#primaryimage\"},\"thumbnailUrl\":\"https:\/\/dev.explora.cl\/araucania\/wp-content\/uploads\/sites\/15\/2018\/06\/69e3c2c305f5aaa5651d53fb892f631f.jpg\",\"articleSection\":[\"Noticias\"],\"inLanguage\":\"es-CL\",\"potentialAction\":[{\"@type\":\"CommentAction\",\"name\":\"Comment\",\"target\":[\"https:\/\/dev.explora.cl\/araucania\/jovenes-del-liceo-tecnologico-de-la-araucania-aprenden-sobre-pavimentos-con-charla-de-estudiantes-de-la-ufro\/#respond\"]}]},{\"@type\":\"WebPage\",\"@id\":\"https:\/\/dev.explora.cl\/araucania\/jovenes-del-liceo-tecnologico-de-la-araucania-aprenden-sobre-pavimentos-con-charla-de-estudiantes-de-la-ufro\/\",\"url\":\"https:\/\/dev.explora.cl\/araucania\/jovenes-del-liceo-tecnologico-de-la-araucania-aprenden-sobre-pavimentos-con-charla-de-estudiantes-de-la-ufro\/\",\"name\":\"J\u00f3venes del Liceo Tecnol\u00f3gico de La Araucan\u00eda aprenden sobre pavimentos con charla de estudiantes de la UFRO - Araucan\u00eda\",\"isPartOf\":{\"@id\":\"https:\/\/dev.explora.cl\/araucania\/#website\"},\"primaryImageOfPage\":{\"@id\":\"https:\/\/dev.explora.cl\/araucania\/jovenes-del-liceo-tecnologico-de-la-araucania-aprenden-sobre-pavimentos-con-charla-de-estudiantes-de-la-ufro\/#primaryimage\"},\"image\":{\"@id\":\"https:\/\/dev.explora.cl\/araucania\/jovenes-del-liceo-tecnologico-de-la-araucania-aprenden-sobre-pavimentos-con-charla-de-estudiantes-de-la-ufro\/#primaryimage\"},\"thumbnailUrl\":\"https:\/\/dev.explora.cl\/araucania\/wp-content\/uploads\/sites\/15\/2018\/06\/69e3c2c305f5aaa5651d53fb892f631f.jpg\",\"datePublished\":\"2014-07-10T04:00:00+00:00\",\"dateModified\":\"2019-05-20T19:11:32+00:00\",\"author\":{\"@id\":\"https:\/\/dev.explora.cl\/araucania\/#\/schema\/person\/cb8349c13ea2d324080adf8480d7ba5d\"},\"breadcrumb\":{\"@id\":\"https:\/\/dev.explora.cl\/araucania\/jovenes-del-liceo-tecnologico-de-la-araucania-aprenden-sobre-pavimentos-con-charla-de-estudiantes-de-la-ufro\/#breadcrumb\"},\"inLanguage\":\"es-CL\",\"potentialAction\":[{\"@type\":\"ReadAction\",\"target\":[\"https:\/\/dev.explora.cl\/araucania\/jovenes-del-liceo-tecnologico-de-la-araucania-aprenden-sobre-pavimentos-con-charla-de-estudiantes-de-la-ufro\/\"]}]},{\"@type\":\"ImageObject\",\"inLanguage\":\"es-CL\",\"@id\":\"https:\/\/dev.explora.cl\/araucania\/jovenes-del-liceo-tecnologico-de-la-araucania-aprenden-sobre-pavimentos-con-charla-de-estudiantes-de-la-ufro\/#primaryimage\",\"url\":\"https:\/\/dev.explora.cl\/araucania\/wp-content\/uploads\/sites\/15\/2018\/06\/69e3c2c305f5aaa5651d53fb892f631f.jpg\",\"contentUrl\":\"https:\/\/dev.explora.cl\/araucania\/wp-content\/uploads\/sites\/15\/2018\/06\/69e3c2c305f5aaa5651d53fb892f631f.jpg\",\"width\":4320,\"height\":3240},{\"@type\":\"BreadcrumbList\",\"@id\":\"https:\/\/dev.explora.cl\/araucania\/jovenes-del-liceo-tecnologico-de-la-araucania-aprenden-sobre-pavimentos-con-charla-de-estudiantes-de-la-ufro\/#breadcrumb\",\"itemListElement\":[{\"@type\":\"ListItem\",\"position\":1,\"name\":\"Portada\",\"item\":\"https:\/\/dev.explora.cl\/araucania\/\"},{\"@type\":\"ListItem\",\"position\":2,\"name\":\"J\u00f3venes del Liceo Tecnol\u00f3gico de La Araucan\u00eda aprenden sobre pavimentos con charla de estudiantes de la UFRO\"}]},{\"@type\":\"WebSite\",\"@id\":\"https:\/\/dev.explora.cl\/araucania\/#website\",\"url\":\"https:\/\/dev.explora.cl\/araucania\/\",\"name\":\"Araucan\u00eda\",\"description\":\"Otro sitio m\u00e1s de dev.explora.cl\",\"potentialAction\":[{\"@type\":\"SearchAction\",\"target\":{\"@type\":\"EntryPoint\",\"urlTemplate\":\"https:\/\/dev.explora.cl\/araucania\/?s={search_term_string}\"},\"query-input\":{\"@type\":\"PropertyValueSpecification\",\"valueRequired\":true,\"valueName\":\"search_term_string\"}}],\"inLanguage\":\"es-CL\"},{\"@type\":\"Person\",\"@id\":\"https:\/\/dev.explora.cl\/araucania\/#\/schema\/person\/cb8349c13ea2d324080adf8480d7ba5d\",\"name\":\"webman\",\"image\":{\"@type\":\"ImageObject\",\"inLanguage\":\"es-CL\",\"@id\":\"https:\/\/dev.explora.cl\/araucania\/#\/schema\/person\/image\/\",\"url\":\"https:\/\/secure.gravatar.com\/avatar\/eeff3c82f2c02f7177d13663b7e6f890e9a6a0647ce9bb29cae02dcb094c7312?s=96&d=mm&r=g\",\"contentUrl\":\"https:\/\/secure.gravatar.com\/avatar\/eeff3c82f2c02f7177d13663b7e6f890e9a6a0647ce9bb29cae02dcb094c7312?s=96&d=mm&r=g\",\"caption\":\"webman\"},\"url\":\"https:\/\/dev.explora.cl\/araucania\/author\/webman\/\"}]}<\/script>\n<!-- \/ Yoast SEO plugin. -->","yoast_head_json":{"title":"J\u00f3venes del Liceo Tecnol\u00f3gico de La Araucan\u00eda aprenden sobre pavimentos con charla de estudiantes de la UFRO - Araucan\u00eda","robots":{"index":"index","follow":"follow","max-snippet":"max-snippet:-1","max-image-preview":"max-image-preview:large","max-video-preview":"max-video-preview:-1"},"canonical":"https:\/\/dev.explora.cl\/araucania\/jovenes-del-liceo-tecnologico-de-la-araucania-aprenden-sobre-pavimentos-con-charla-de-estudiantes-de-la-ufro\/","og_locale":"es_ES","og_type":"article","og_title":"J\u00f3venes del Liceo Tecnol\u00f3gico de La Araucan\u00eda aprenden sobre pavimentos con charla de estudiantes de la UFRO - Araucan\u00eda","og_description":"&#8220;Lo que esconden los pavimentos&#8221; fue el t\u00edtulo de la charla que expuso Carol Ar\u00e9valo y Luis Mardones, dos estudiantes de la Universidad de La Frontera, con el apoyo del acad\u00e9mico Dr. Gonzalo Vald\u00e9s, quienes cerca de una hora conversaron y recalcaron la importancia de una buena construcci\u00f3n de suelo a los cerca de cuarenta [&hellip;]","og_url":"https:\/\/dev.explora.cl\/araucania\/jovenes-del-liceo-tecnologico-de-la-araucania-aprenden-sobre-pavimentos-con-charla-de-estudiantes-de-la-ufro\/","og_site_name":"Araucan\u00eda","article_published_time":"2014-07-10T04:00:00+00:00","article_modified_time":"2019-05-20T19:11:32+00:00","og_image":[{"width":1024,"height":768,"url":"https:\/\/dev.explora.cl\/araucania\/wp-content\/uploads\/sites\/15\/2018\/06\/69e3c2c305f5aaa5651d53fb892f631f-1024x768.jpg","type":"image\/jpeg"}],"author":"webman","twitter_card":"summary_large_image","twitter_misc":{"Escrito por":"webman","Tiempo estimado de lectura":"2 minutos"},"schema":{"@context":"https:\/\/schema.org","@graph":[{"@type":"Article","@id":"https:\/\/dev.explora.cl\/araucania\/jovenes-del-liceo-tecnologico-de-la-araucania-aprenden-sobre-pavimentos-con-charla-de-estudiantes-de-la-ufro\/#article","isPartOf":{"@id":"https:\/\/dev.explora.cl\/araucania\/jovenes-del-liceo-tecnologico-de-la-araucania-aprenden-sobre-pavimentos-con-charla-de-estudiantes-de-la-ufro\/"},"author":{"name":"webman","@id":"https:\/\/dev.explora.cl\/araucania\/#\/schema\/person\/cb8349c13ea2d324080adf8480d7ba5d"},"headline":"J\u00f3venes del Liceo Tecnol\u00f3gico de La Araucan\u00eda aprenden sobre pavimentos con charla de estudiantes de la UFRO","datePublished":"2014-07-10T04:00:00+00:00","dateModified":"2019-05-20T19:11:32+00:00","mainEntityOfPage":{"@id":"https:\/\/dev.explora.cl\/araucania\/jovenes-del-liceo-tecnologico-de-la-araucania-aprenden-sobre-pavimentos-con-charla-de-estudiantes-de-la-ufro\/"},"wordCount":391,"commentCount":0,"image":{"@id":"https:\/\/dev.explora.cl\/araucania\/jovenes-del-liceo-tecnologico-de-la-araucania-aprenden-sobre-pavimentos-con-charla-de-estudiantes-de-la-ufro\/#primaryimage"},"thumbnailUrl":"https:\/\/dev.explora.cl\/araucania\/wp-content\/uploads\/sites\/15\/2018\/06\/69e3c2c305f5aaa5651d53fb892f631f.jpg","articleSection":["Noticias"],"inLanguage":"es-CL","potentialAction":[{"@type":"CommentAction","name":"Comment","target":["https:\/\/dev.explora.cl\/araucania\/jovenes-del-liceo-tecnologico-de-la-araucania-aprenden-sobre-pavimentos-con-charla-de-estudiantes-de-la-ufro\/#respond"]}]},{"@type":"WebPage","@id":"https:\/\/dev.explora.cl\/araucania\/jovenes-del-liceo-tecnologico-de-la-araucania-aprenden-sobre-pavimentos-con-charla-de-estudiantes-de-la-ufro\/","url":"https:\/\/dev.explora.cl\/araucania\/jovenes-del-liceo-tecnologico-de-la-araucania-aprenden-sobre-pavimentos-con-charla-de-estudiantes-de-la-ufro\/","name":"J\u00f3venes del Liceo Tecnol\u00f3gico de La Araucan\u00eda aprenden sobre pavimentos con charla de estudiantes de la UFRO - Araucan\u00eda","isPartOf":{"@id":"https:\/\/dev.explora.cl\/araucania\/#website"},"primaryImageOfPage":{"@id":"https:\/\/dev.explora.cl\/araucania\/jovenes-del-liceo-tecnologico-de-la-araucania-aprenden-sobre-pavimentos-con-charla-de-estudiantes-de-la-ufro\/#primaryimage"},"image":{"@id":"https:\/\/dev.explora.cl\/araucania\/jovenes-del-liceo-tecnologico-de-la-araucania-aprenden-sobre-pavimentos-con-charla-de-estudiantes-de-la-ufro\/#primaryimage"},"thumbnailUrl":"https:\/\/dev.explora.cl\/araucania\/wp-content\/uploads\/sites\/15\/2018\/06\/69e3c2c305f5aaa5651d53fb892f631f.jpg","datePublished":"2014-07-10T04:00:00+00:00","dateModified":"2019-05-20T19:11:32+00:00","author":{"@id":"https:\/\/dev.explora.cl\/araucania\/#\/schema\/person\/cb8349c13ea2d324080adf8480d7ba5d"},"breadcrumb":{"@id":"https:\/\/dev.explora.cl\/araucania\/jovenes-del-liceo-tecnologico-de-la-araucania-aprenden-sobre-pavimentos-con-charla-de-estudiantes-de-la-ufro\/#breadcrumb"},"inLanguage":"es-CL","potentialAction":[{"@type":"ReadAction","target":["https:\/\/dev.explora.cl\/araucania\/jovenes-del-liceo-tecnologico-de-la-araucania-aprenden-sobre-pavimentos-con-charla-de-estudiantes-de-la-ufro\/"]}]},{"@type":"ImageObject","inLanguage":"es-CL","@id":"https:\/\/dev.explora.cl\/araucania\/jovenes-del-liceo-tecnologico-de-la-araucania-aprenden-sobre-pavimentos-con-charla-de-estudiantes-de-la-ufro\/#primaryimage","url":"https:\/\/dev.explora.cl\/araucania\/wp-content\/uploads\/sites\/15\/2018\/06\/69e3c2c305f5aaa5651d53fb892f631f.jpg","contentUrl":"https:\/\/dev.explora.cl\/araucania\/wp-content\/uploads\/sites\/15\/2018\/06\/69e3c2c305f5aaa5651d53fb892f631f.jpg","width":4320,"height":3240},{"@type":"BreadcrumbList","@id":"https:\/\/dev.explora.cl\/araucania\/jovenes-del-liceo-tecnologico-de-la-araucania-aprenden-sobre-pavimentos-con-charla-de-estudiantes-de-la-ufro\/#breadcrumb","itemListElement":[{"@type":"ListItem","position":1,"name":"Portada","item":"https:\/\/dev.explora.cl\/araucania\/"},{"@type":"ListItem","position":2,"name":"J\u00f3venes del Liceo Tecnol\u00f3gico de La Araucan\u00eda aprenden sobre pavimentos con charla de estudiantes de la UFRO"}]},{"@type":"WebSite","@id":"https:\/\/dev.explora.cl\/araucania\/#website","url":"https:\/\/dev.explora.cl\/araucania\/","name":"Araucan\u00eda","description":"Otro sitio m\u00e1s de dev.explora.cl","potentialAction":[{"@type":"SearchAction","target":{"@type":"EntryPoint","urlTemplate":"https:\/\/dev.explora.cl\/araucania\/?s={search_term_string}"},"query-input":{"@type":"PropertyValueSpecification","valueRequired":true,"valueName":"search_term_string"}}],"inLanguage":"es-CL"},{"@type":"Person","@id":"https:\/\/dev.explora.cl\/araucania\/#\/schema\/person\/cb8349c13ea2d324080adf8480d7ba5d","name":"webman","image":{"@type":"ImageObject","inLanguage":"es-CL","@id":"https:\/\/dev.explora.cl\/araucania\/#\/schema\/person\/image\/","url":"https:\/\/secure.gravatar.com\/avatar\/eeff3c82f2c02f7177d13663b7e6f890e9a6a0647ce9bb29cae02dcb094c7312?s=96&d=mm&r=g","contentUrl":"https:\/\/secure.gravatar.com\/avatar\/eeff3c82f2c02f7177d13663b7e6f890e9a6a0647ce9bb29cae02dcb094c7312?s=96&d=mm&r=g","caption":"webman"},"url":"https:\/\/dev.explora.cl\/araucania\/author\/webman\/"}]}},"_links":{"self":[{"href":"https:\/\/dev.explora.cl\/araucania\/wp-json\/wp\/v2\/posts\/199","targetHints":{"allow":["GET"]}}],"collection":[{"href":"https:\/\/dev.explora.cl\/araucania\/wp-json\/wp\/v2\/posts"}],"about":[{"href":"https:\/\/dev.explora.cl\/araucania\/wp-json\/wp\/v2\/types\/post"}],"author":[{"embeddable":true,"href":"https:\/\/dev.explora.cl\/araucania\/wp-json\/wp\/v2\/users\/2"}],"replies":[{"embeddable":true,"href":"https:\/\/dev.explora.cl\/araucania\/wp-json\/wp\/v2\/comments?post=199"}],"version-history":[{"count":1,"href":"https:\/\/dev.explora.cl\/araucania\/wp-json\/wp\/v2\/posts\/199\/revisions"}],"predecessor-version":[{"id":38517,"href":"https:\/\/dev.explora.cl\/araucania\/wp-json\/wp\/v2\/posts\/199\/revisions\/38517"}],"wp:featuredmedia":[{"embeddable":true,"href":"https:\/\/dev.explora.cl\/araucania\/wp-json\/wp\/v2\/media\/200"}],"wp:attachment":[{"href":"https:\/\/dev.explora.cl\/araucania\/wp-json\/wp\/v2\/media?parent=199"}],"wp:term":[{"taxonomy":"category","embeddable":true,"href":"https:\/\/dev.explora.cl\/araucania\/wp-json\/wp\/v2\/categories?post=199"},{"taxonomy":"post_tag","embeddable":true,"href":"https:\/\/dev.explora.cl\/araucania\/wp-json\/wp\/v2\/tags?post=199"}],"curies":[{"name":"wp","href":"https:\/\/api.w.org\/{rel}","templated":true}]}}